{"id":24656,"date":"2022-02-23T07:33:08","date_gmt":"2022-02-23T14:33:08","guid":{"rendered":"https:\/\/fuentesfidedignas.com.mx\/?p=24656"},"modified":"2022-02-23T07:33:09","modified_gmt":"2022-02-23T14:33:09","slug":"amlo-reprocha-a-blinken-desinformacion-sobre-periodistas-y-acusa-intervencionismo-de-eu","status":"publish","type":"post","link":"https:\/\/fuentesfidedignas.com.mx\/index.php\/2022\/02\/23\/amlo-reprocha-a-blinken-desinformacion-sobre-periodistas-y-acusa-intervencionismo-de-eu\/","title":{"rendered":"AMLO reprocha a Blinken desinformaci\u00f3n sobre periodistas y acusa intervencionismo de EU"},"content":{"rendered":"\n<p><strong><em>L\u00f3pez Obrador pidi\u00f3 que Estados Unidos informe por qu\u00e9 financia a la organizaci\u00f3n fundada por Claudio X. Gonz\u00e1lez con fines golpistas.<\/em><\/strong><\/p>\n\n\n\n<p>Ciudad de M\u00e9xico.- El presidente Andr\u00e9s Manuel L\u00f3pez Obrador reproch\u00f3 este mi\u00e9rcoles al secretario de Estado de Estados Unidos, Antony Blinken, de estar desinformado sobre los motivos que han derivado en el asesinato de periodistas en M\u00e9xico en recientes fechas y acus\u00f3 que este es un acto injerencista de parte de la administraci\u00f3n del presidente Joe Biden.<\/p>\n\n\n\n<p>Ayer, en su cuenta de Twitter, el funcionario estadounidense expuso su preocupaci\u00f3n por la escalada de asesinatos de informadores en M\u00e9xico y llam\u00f3 al gobierno a reforzar las medidas de seguridad y responsabilidad entorno a los periodistas.<\/p>\n\n\n\n<p>\u201cEst\u00e1 malinformado porque de lo contrario estar\u00eda actuando de mala fe. Lo que \u00e9l est\u00e1 sosteniendo no es cierto, desde luego es muy lamentable que haya asesinatos de periodistas, lo sabemos, nada m\u00e1s que en todos los casos se est\u00e1 actuando, no hay impunidad, no son cr\u00edmenes de Estado.<\/p>\n\n\n\n<p>\u201cSi el jefe del Departamento de Estado de Estados Unidos interviene pues yo pienso que no sabe, no est\u00e1 bien informado de esta situaci\u00f3n porque no hay cr\u00edmenes de Estado y es muy lamentable que los periodistas pierdan la vida por distintos casos y que adem\u00e1s estamos atendiendo\u201d, se\u00f1al\u00f3 el mandatario federal en conferencia de prensa desde Palacio Nacional.<\/p>\n\n\n\n<p>El jefe del Ejecutivo federal se\u00f1al\u00f3 que los gobiernos de Estados Unidos han tenido la mala constumbre, hist\u00f3ricamente, de se\u00f1alar los problemas que ocurren en el extranjero y no atender los dom\u00e9sticos. De igual forma, acus\u00f3 que el comentario de Blinken hace patente la conexi\u00f3n que existe entre los grupos conservadores en M\u00e9xico con las administraciones estadounidenses.<\/p>\n\n\n\n<p>\u201cEn Estados Unidos los gobiernos tienen esa mala constumbre de que son candil de la calle y oscuridad de la casa. No de ahora, el intervencionismo del embajador de Estados Unidos en un asunto que nos duele profundamente.<\/p>\n\n\n\n<p>\u201cEsto demuestra de que existe mucha vinculaci\u00f3n entre los grupos conservadores de M\u00e9xico con el gobierno de Estados Unidos\u201d, a\u00f1adi\u00f3.<\/p>\n\n\n\n<p>En ese sentido, L\u00f3pez Obrador volvi\u00f3 a insistir que el gobierno estadounidense informe por qu\u00e9 est\u00e1 financiando a Mexicanos Unidos Contra la Corrupci\u00f3n e Impunidad (MCCI) y que el gobierno mexicano acusa de actitudes golpistas por atacar el proyecto pol\u00edtico que \u00e9l impulsa.<\/p>\n\n\n\n<p>\u201cPedirle de favor que se informen y no act\u00faen de forma injerencista porque M\u00e9xico no es una colonia de Estados Unidos ni un protectorado\u201d, sostuvo.<\/p>\n","protected":false},"excerpt":{"rendered":"<p>L\u00f3pez Obrador pidi\u00f3 que Estados Unidos informe por qu\u00e9 financia a la organizaci\u00f3n fundada por Claudio X. Gonz\u00e1lez con fines golpistas. Ciudad de M\u00e9xico.- El presidente Andr\u00e9s Manuel L\u00f3pez Obrador reproch\u00f3 este mi\u00e9rcoles al secretario de Estado de Estados Unidos, Antony Blinken, de estar desinformado sobre los motivos que han derivado en el asesinato de [&hellip;]<\/p>\n","protected":false},"author":5,"featured_media":24657,"comment_status":"open","ping_status":"open","sticky":false,"template":"","format":"standard","meta":{"tdm_status":"","tdm_grid_status":"","footnotes":""},"categories":[39],"tags":[247,297,678],"class_list":{"0":"post-24656","1":"post","2":"type-post","3":"status-publish","4":"format-standard","5":"has-post-thumbnail","7":"category-noticias-nacionales","8":"tag-amlo","9":"tag-andres-manuel-lopez-obrador","10":"tag-periodistas"},"yoast_head":"<!-- This site is optimized with the Yoast SEO plugin v27.5 - https:\/\/yoast.com\/product\/yoast-seo-wordpress\/ -->\n<title>AMLO reprocha a Blinken desinformaci\u00f3n sobre periodistas y acusa intervencionismo de EU - Fuentes Fidedignas<\/title>\n<meta name=\"robots\" content=\"index, follow, max-snippet:-1, max-image-preview:large, max-video-preview:-1\" \/>\n<link rel=\"canonical\" href=\"https:\/\/fuentesfidedignas.com.mx\/index.php\/2022\/02\/23\/amlo-reprocha-a-blinken-desinformacion-sobre-periodistas-y-acusa-intervencionismo-de-eu\/\" \/>\n<meta property=\"og:locale\" content=\"es_MX\" \/>\n<meta property=\"og:type\" content=\"article\" \/>\n<meta property=\"og:title\" content=\"AMLO reprocha a Blinken desinformaci\u00f3n sobre periodistas y acusa intervencionismo de EU - Fuentes Fidedignas\" \/>\n<meta property=\"og:description\" content=\"L\u00f3pez Obrador pidi\u00f3 que Estados Unidos informe por qu\u00e9 financia a la organizaci\u00f3n fundada por Claudio X. Gonz\u00e1lez con fines golpistas. Ciudad de M\u00e9xico.- El presidente Andr\u00e9s Manuel L\u00f3pez Obrador reproch\u00f3 este mi\u00e9rcoles al secretario de Estado de Estados Unidos, Antony Blinken, de estar desinformado sobre los motivos que han derivado en el asesinato de [&hellip;]\" \/>\n<meta property=\"og:url\" content=\"https:\/\/fuentesfidedignas.com.mx\/index.php\/2022\/02\/23\/amlo-reprocha-a-blinken-desinformacion-sobre-periodistas-y-acusa-intervencionismo-de-eu\/\" \/>\n<meta property=\"og:site_name\" content=\"Fuentes Fidedignas\" \/>\n<meta property=\"article:publisher\" content=\"https:\/\/www.facebook.com\/Fuentes-Fidedignas-368234489921644\" \/>\n<meta property=\"article:published_time\" content=\"2022-02-23T14:33:08+00:00\" \/>\n<meta property=\"article:modified_time\" content=\"2022-02-23T14:33:09+00:00\" \/>\n<meta property=\"og:image\" content=\"https:\/\/fuentesfidedignas.com.mx\/wp-content\/uploads\/2022\/02\/AMLO_PRENSA.jpeg\" \/>\n\t<meta property=\"og:image:width\" content=\"640\" \/>\n\t<meta property=\"og:image:height\" content=\"360\" \/>\n\t<meta property=\"og:image:type\" content=\"image\/jpeg\" \/>\n<meta name=\"author\" content=\"Forbes\" \/>\n<meta name=\"twitter:card\" content=\"summary_large_image\" \/>\n<meta name=\"twitter:creator\" content=\"@fidedignas\" \/>\n<meta name=\"twitter:site\" content=\"@fidedignas\" \/>\n<meta name=\"twitter:label1\" content=\"Escrito por\" \/>\n\t<meta name=\"twitter:data1\" content=\"Forbes\" \/>\n\t<meta name=\"twitter:label2\" content=\"Tiempo de lectura\" \/>\n\t<meta name=\"twitter:data2\" content=\"2 minutos\" \/>\n<script type=\"application\/ld+json\" class=\"yoast-schema-graph\">{\"@context\":\"https:\\\/\\\/schema.org\",\"@graph\":[{\"@type\":\"Article\",\"@id\":\"https:\\\/\\\/fuentesfidedignas.com.mx\\\/index.php\\\/2022\\\/02\\\/23\\\/amlo-reprocha-a-blinken-desinformacion-sobre-periodistas-y-acusa-intervencionismo-de-eu\\\/#article\",\"isPartOf\":{\"@id\":\"https:\\\/\\\/fuentesfidedignas.com.mx\\\/index.php\\\/2022\\\/02\\\/23\\\/amlo-reprocha-a-blinken-desinformacion-sobre-periodistas-y-acusa-intervencionismo-de-eu\\\/\"},\"author\":{\"name\":\"Forbes\",\"@id\":\"https:\\\/\\\/fuentesfidedignas.com.mx\\\/#\\\/schema\\\/person\\\/5623d53fe2e579d825b1679734abcc44\"},\"headline\":\"AMLO reprocha a Blinken desinformaci\u00f3n sobre periodistas y acusa intervencionismo de EU\",\"datePublished\":\"2022-02-23T14:33:08+00:00\",\"dateModified\":\"2022-02-23T14:33:09+00:00\",\"mainEntityOfPage\":{\"@id\":\"https:\\\/\\\/fuentesfidedignas.com.mx\\\/index.php\\\/2022\\\/02\\\/23\\\/amlo-reprocha-a-blinken-desinformacion-sobre-periodistas-y-acusa-intervencionismo-de-eu\\\/\"},\"wordCount\":452,\"commentCount\":0,\"publisher\":{\"@id\":\"https:\\\/\\\/fuentesfidedignas.com.mx\\\/#organization\"},\"image\":{\"@id\":\"https:\\\/\\\/fuentesfidedignas.com.mx\\\/index.php\\\/2022\\\/02\\\/23\\\/amlo-reprocha-a-blinken-desinformacion-sobre-periodistas-y-acusa-intervencionismo-de-eu\\\/#primaryimage\"},\"thumbnailUrl\":\"https:\\\/\\\/fuentesfidedignas.com.mx\\\/wp-content\\\/uploads\\\/2022\\\/02\\\/AMLO_PRENSA.jpeg\",\"keywords\":[\"AMLO\",\"Andr\u00e9s Manuel L\u00f3pez Obrador\",\"Periodistas\"],\"articleSection\":[\"NOTICIAS NACIONALES\"],\"inLanguage\":\"es\",\"potentialAction\":[{\"@type\":\"CommentAction\",\"name\":\"Comment\",\"target\":[\"https:\\\/\\\/fuentesfidedignas.com.mx\\\/index.php\\\/2022\\\/02\\\/23\\\/amlo-reprocha-a-blinken-desinformacion-sobre-periodistas-y-acusa-intervencionismo-de-eu\\\/#respond\"]}]},{\"@type\":\"WebPage\",\"@id\":\"https:\\\/\\\/fuentesfidedignas.com.mx\\\/index.php\\\/2022\\\/02\\\/23\\\/amlo-reprocha-a-blinken-desinformacion-sobre-periodistas-y-acusa-intervencionismo-de-eu\\\/\",\"url\":\"https:\\\/\\\/fuentesfidedignas.com.mx\\\/index.php\\\/2022\\\/02\\\/23\\\/amlo-reprocha-a-blinken-desinformacion-sobre-periodistas-y-acusa-intervencionismo-de-eu\\\/\",\"name\":\"AMLO reprocha a Blinken desinformaci\u00f3n sobre periodistas y acusa intervencionismo de EU - Fuentes Fidedignas\",\"isPartOf\":{\"@id\":\"https:\\\/\\\/fuentesfidedignas.com.mx\\\/#website\"},\"primaryImageOfPage\":{\"@id\":\"https:\\\/\\\/fuentesfidedignas.com.mx\\\/index.php\\\/2022\\\/02\\\/23\\\/amlo-reprocha-a-blinken-desinformacion-sobre-periodistas-y-acusa-intervencionismo-de-eu\\\/#primaryimage\"},\"image\":{\"@id\":\"https:\\\/\\\/fuentesfidedignas.com.mx\\\/index.php\\\/2022\\\/02\\\/23\\\/amlo-reprocha-a-blinken-desinformacion-sobre-periodistas-y-acusa-intervencionismo-de-eu\\\/#primaryimage\"},\"thumbnailUrl\":\"https:\\\/\\\/fuentesfidedignas.com.mx\\\/wp-content\\\/uploads\\\/2022\\\/02\\\/AMLO_PRENSA.jpeg\",\"datePublished\":\"2022-02-23T14:33:08+00:00\",\"dateModified\":\"2022-02-23T14:33:09+00:00\",\"breadcrumb\":{\"@id\":\"https:\\\/\\\/fuentesfidedignas.com.mx\\\/index.php\\\/2022\\\/02\\\/23\\\/amlo-reprocha-a-blinken-desinformacion-sobre-periodistas-y-acusa-intervencionismo-de-eu\\\/#breadcrumb\"},\"inLanguage\":\"es\",\"potentialAction\":[{\"@type\":\"ReadAction\",\"target\":[\"https:\\\/\\\/fuentesfidedignas.com.mx\\\/index.php\\\/2022\\\/02\\\/23\\\/amlo-reprocha-a-blinken-desinformacion-sobre-periodistas-y-acusa-intervencionismo-de-eu\\\/\"]}]},{\"@type\":\"ImageObject\",\"inLanguage\":\"es\",\"@id\":\"https:\\\/\\\/fuentesfidedignas.com.mx\\\/index.php\\\/2022\\\/02\\\/23\\\/amlo-reprocha-a-blinken-desinformacion-sobre-periodistas-y-acusa-intervencionismo-de-eu\\\/#primaryimage\",\"url\":\"https:\\\/\\\/fuentesfidedignas.com.mx\\\/wp-content\\\/uploads\\\/2022\\\/02\\\/AMLO_PRENSA.jpeg\",\"contentUrl\":\"https:\\\/\\\/fuentesfidedignas.com.mx\\\/wp-content\\\/uploads\\\/2022\\\/02\\\/AMLO_PRENSA.jpeg\",\"width\":640,\"height\":360},{\"@type\":\"BreadcrumbList\",\"@id\":\"https:\\\/\\\/fuentesfidedignas.com.mx\\\/index.php\\\/2022\\\/02\\\/23\\\/amlo-reprocha-a-blinken-desinformacion-sobre-periodistas-y-acusa-intervencionismo-de-eu\\\/#breadcrumb\",\"itemListElement\":[{\"@type\":\"ListItem\",\"position\":1,\"name\":\"Inicio\",\"item\":\"https:\\\/\\\/fuentesfidedignas.com.mx\\\/\"},{\"@type\":\"ListItem\",\"position\":2,\"name\":\"AMLO reprocha a Blinken desinformaci\u00f3n sobre periodistas y acusa intervencionismo de EU\"}]},{\"@type\":\"WebSite\",\"@id\":\"https:\\\/\\\/fuentesfidedignas.com.mx\\\/#website\",\"url\":\"https:\\\/\\\/fuentesfidedignas.com.mx\\\/\",\"name\":\"Fuentes Fidedignas\",\"description\":\"Otro sitio realizado con WordPress\",\"publisher\":{\"@id\":\"https:\\\/\\\/fuentesfidedignas.com.mx\\\/#organization\"},\"potentialAction\":[{\"@type\":\"SearchAction\",\"target\":{\"@type\":\"EntryPoint\",\"urlTemplate\":\"https:\\\/\\\/fuentesfidedignas.com.mx\\\/?s={search_term_string}\"},\"query-input\":{\"@type\":\"PropertyValueSpecification\",\"valueRequired\":true,\"valueName\":\"search_term_string\"}}],\"inLanguage\":\"es\"},{\"@type\":\"Organization\",\"@id\":\"https:\\\/\\\/fuentesfidedignas.com.mx\\\/#organization\",\"name\":\"Fuentes Fidedignas\",\"url\":\"https:\\\/\\\/fuentesfidedignas.com.mx\\\/\",\"logo\":{\"@type\":\"ImageObject\",\"inLanguage\":\"es\",\"@id\":\"https:\\\/\\\/fuentesfidedignas.com.mx\\\/#\\\/schema\\\/logo\\\/image\\\/\",\"url\":\"https:\\\/\\\/fuentesfidedignas.com.mx\\\/wp-content\\\/uploads\\\/2021\\\/04\\\/logo-retina.png\",\"contentUrl\":\"https:\\\/\\\/fuentesfidedignas.com.mx\\\/wp-content\\\/uploads\\\/2021\\\/04\\\/logo-retina.png\",\"width\":280,\"height\":51,\"caption\":\"Fuentes Fidedignas\"},\"image\":{\"@id\":\"https:\\\/\\\/fuentesfidedignas.com.mx\\\/#\\\/schema\\\/logo\\\/image\\\/\"},\"sameAs\":[\"https:\\\/\\\/www.facebook.com\\\/Fuentes-Fidedignas-368234489921644\",\"https:\\\/\\\/x.com\\\/fidedignas\"]},{\"@type\":\"Person\",\"@id\":\"https:\\\/\\\/fuentesfidedignas.com.mx\\\/#\\\/schema\\\/person\\\/5623d53fe2e579d825b1679734abcc44\",\"name\":\"Forbes\",\"image\":{\"@type\":\"ImageObject\",\"inLanguage\":\"es\",\"@id\":\"https:\\\/\\\/secure.gravatar.com\\\/avatar\\\/87ce3dd4e41e60c22a79c758614f01a6bc2469255fc936ec7b15efb9bb5cb66f?s=96&d=mm&r=g\",\"url\":\"https:\\\/\\\/secure.gravatar.com\\\/avatar\\\/87ce3dd4e41e60c22a79c758614f01a6bc2469255fc936ec7b15efb9bb5cb66f?s=96&d=mm&r=g\",\"contentUrl\":\"https:\\\/\\\/secure.gravatar.com\\\/avatar\\\/87ce3dd4e41e60c22a79c758614f01a6bc2469255fc936ec7b15efb9bb5cb66f?s=96&d=mm&r=g\",\"caption\":\"Forbes\"},\"url\":\"https:\\\/\\\/fuentesfidedignas.com.mx\\\/index.php\\\/author\\\/forbes\\\/\"}]}<\/script>\n<!-- \/ Yoast SEO plugin. -->","yoast_head_json":{"title":"AMLO reprocha a Blinken desinformaci\u00f3n sobre periodistas y acusa intervencionismo de EU - Fuentes Fidedignas","robots":{"index":"index","follow":"follow","max-snippet":"max-snippet:-1","max-image-preview":"max-image-preview:large","max-video-preview":"max-video-preview:-1"},"canonical":"https:\/\/fuentesfidedignas.com.mx\/index.php\/2022\/02\/23\/amlo-reprocha-a-blinken-desinformacion-sobre-periodistas-y-acusa-intervencionismo-de-eu\/","og_locale":"es_MX","og_type":"article","og_title":"AMLO reprocha a Blinken desinformaci\u00f3n sobre periodistas y acusa intervencionismo de EU - Fuentes Fidedignas","og_description":"L\u00f3pez Obrador pidi\u00f3 que Estados Unidos informe por qu\u00e9 financia a la organizaci\u00f3n fundada por Claudio X. Gonz\u00e1lez con fines golpistas. Ciudad de M\u00e9xico.- El presidente Andr\u00e9s Manuel L\u00f3pez Obrador reproch\u00f3 este mi\u00e9rcoles al secretario de Estado de Estados Unidos, Antony Blinken, de estar desinformado sobre los motivos que han derivado en el asesinato de [&hellip;]","og_url":"https:\/\/fuentesfidedignas.com.mx\/index.php\/2022\/02\/23\/amlo-reprocha-a-blinken-desinformacion-sobre-periodistas-y-acusa-intervencionismo-de-eu\/","og_site_name":"Fuentes Fidedignas","article_publisher":"https:\/\/www.facebook.com\/Fuentes-Fidedignas-368234489921644","article_published_time":"2022-02-23T14:33:08+00:00","article_modified_time":"2022-02-23T14:33:09+00:00","og_image":[{"width":640,"height":360,"url":"https:\/\/fuentesfidedignas.com.mx\/wp-content\/uploads\/2022\/02\/AMLO_PRENSA.jpeg","type":"image\/jpeg"}],"author":"Forbes","twitter_card":"summary_large_image","twitter_creator":"@fidedignas","twitter_site":"@fidedignas","twitter_misc":{"Escrito por":"Forbes","Tiempo de lectura":"2 minutos"},"schema":{"@context":"https:\/\/schema.org","@graph":[{"@type":"Article","@id":"https:\/\/fuentesfidedignas.com.mx\/index.php\/2022\/02\/23\/amlo-reprocha-a-blinken-desinformacion-sobre-periodistas-y-acusa-intervencionismo-de-eu\/#article","isPartOf":{"@id":"https:\/\/fuentesfidedignas.com.mx\/index.php\/2022\/02\/23\/amlo-reprocha-a-blinken-desinformacion-sobre-periodistas-y-acusa-intervencionismo-de-eu\/"},"author":{"name":"Forbes","@id":"https:\/\/fuentesfidedignas.com.mx\/#\/schema\/person\/5623d53fe2e579d825b1679734abcc44"},"headline":"AMLO reprocha a Blinken desinformaci\u00f3n sobre periodistas y acusa intervencionismo de EU","datePublished":"2022-02-23T14:33:08+00:00","dateModified":"2022-02-23T14:33:09+00:00","mainEntityOfPage":{"@id":"https:\/\/fuentesfidedignas.com.mx\/index.php\/2022\/02\/23\/amlo-reprocha-a-blinken-desinformacion-sobre-periodistas-y-acusa-intervencionismo-de-eu\/"},"wordCount":452,"commentCount":0,"publisher":{"@id":"https:\/\/fuentesfidedignas.com.mx\/#organization"},"image":{"@id":"https:\/\/fuentesfidedignas.com.mx\/index.php\/2022\/02\/23\/amlo-reprocha-a-blinken-desinformacion-sobre-periodistas-y-acusa-intervencionismo-de-eu\/#primaryimage"},"thumbnailUrl":"https:\/\/fuentesfidedignas.com.mx\/wp-content\/uploads\/2022\/02\/AMLO_PRENSA.jpeg","keywords":["AMLO","Andr\u00e9s Manuel L\u00f3pez Obrador","Periodistas"],"articleSection":["NOTICIAS NACIONALES"],"inLanguage":"es","potentialAction":[{"@type":"CommentAction","name":"Comment","target":["https:\/\/fuentesfidedignas.com.mx\/index.php\/2022\/02\/23\/amlo-reprocha-a-blinken-desinformacion-sobre-periodistas-y-acusa-intervencionismo-de-eu\/#respond"]}]},{"@type":"WebPage","@id":"https:\/\/fuentesfidedignas.com.mx\/index.php\/2022\/02\/23\/amlo-reprocha-a-blinken-desinformacion-sobre-periodistas-y-acusa-intervencionismo-de-eu\/","url":"https:\/\/fuentesfidedignas.com.mx\/index.php\/2022\/02\/23\/amlo-reprocha-a-blinken-desinformacion-sobre-periodistas-y-acusa-intervencionismo-de-eu\/","name":"AMLO reprocha a Blinken desinformaci\u00f3n sobre periodistas y acusa intervencionismo de EU - Fuentes Fidedignas","isPartOf":{"@id":"https:\/\/fuentesfidedignas.com.mx\/#website"},"primaryImageOfPage":{"@id":"https:\/\/fuentesfidedignas.com.mx\/index.php\/2022\/02\/23\/amlo-reprocha-a-blinken-desinformacion-sobre-periodistas-y-acusa-intervencionismo-de-eu\/#primaryimage"},"image":{"@id":"https:\/\/fuentesfidedignas.com.mx\/index.php\/2022\/02\/23\/amlo-reprocha-a-blinken-desinformacion-sobre-periodistas-y-acusa-intervencionismo-de-eu\/#primaryimage"},"thumbnailUrl":"https:\/\/fuentesfidedignas.com.mx\/wp-content\/uploads\/2022\/02\/AMLO_PRENSA.jpeg","datePublished":"2022-02-23T14:33:08+00:00","dateModified":"2022-02-23T14:33:09+00:00","breadcrumb":{"@id":"https:\/\/fuentesfidedignas.com.mx\/index.php\/2022\/02\/23\/amlo-reprocha-a-blinken-desinformacion-sobre-periodistas-y-acusa-intervencionismo-de-eu\/#breadcrumb"},"inLanguage":"es","potentialAction":[{"@type":"ReadAction","target":["https:\/\/fuentesfidedignas.com.mx\/index.php\/2022\/02\/23\/amlo-reprocha-a-blinken-desinformacion-sobre-periodistas-y-acusa-intervencionismo-de-eu\/"]}]},{"@type":"ImageObject","inLanguage":"es","@id":"https:\/\/fuentesfidedignas.com.mx\/index.php\/2022\/02\/23\/amlo-reprocha-a-blinken-desinformacion-sobre-periodistas-y-acusa-intervencionismo-de-eu\/#primaryimage","url":"https:\/\/fuentesfidedignas.com.mx\/wp-content\/uploads\/2022\/02\/AMLO_PRENSA.jpeg","contentUrl":"https:\/\/fuentesfidedignas.com.mx\/wp-content\/uploads\/2022\/02\/AMLO_PRENSA.jpeg","width":640,"height":360},{"@type":"BreadcrumbList","@id":"https:\/\/fuentesfidedignas.com.mx\/index.php\/2022\/02\/23\/amlo-reprocha-a-blinken-desinformacion-sobre-periodistas-y-acusa-intervencionismo-de-eu\/#breadcrumb","itemListElement":[{"@type":"ListItem","position":1,"name":"Inicio","item":"https:\/\/fuentesfidedignas.com.mx\/"},{"@type":"ListItem","position":2,"name":"AMLO reprocha a Blinken desinformaci\u00f3n sobre periodistas y acusa intervencionismo de EU"}]},{"@type":"WebSite","@id":"https:\/\/fuentesfidedignas.com.mx\/#website","url":"https:\/\/fuentesfidedignas.com.mx\/","name":"Fuentes Fidedignas","description":"Otro sitio realizado con WordPress","publisher":{"@id":"https:\/\/fuentesfidedignas.com.mx\/#organization"},"potentialAction":[{"@type":"SearchAction","target":{"@type":"EntryPoint","urlTemplate":"https:\/\/fuentesfidedignas.com.mx\/?s={search_term_string}"},"query-input":{"@type":"PropertyValueSpecification","valueRequired":true,"valueName":"search_term_string"}}],"inLanguage":"es"},{"@type":"Organization","@id":"https:\/\/fuentesfidedignas.com.mx\/#organization","name":"Fuentes Fidedignas","url":"https:\/\/fuentesfidedignas.com.mx\/","logo":{"@type":"ImageObject","inLanguage":"es","@id":"https:\/\/fuentesfidedignas.com.mx\/#\/schema\/logo\/image\/","url":"https:\/\/fuentesfidedignas.com.mx\/wp-content\/uploads\/2021\/04\/logo-retina.png","contentUrl":"https:\/\/fuentesfidedignas.com.mx\/wp-content\/uploads\/2021\/04\/logo-retina.png","width":280,"height":51,"caption":"Fuentes Fidedignas"},"image":{"@id":"https:\/\/fuentesfidedignas.com.mx\/#\/schema\/logo\/image\/"},"sameAs":["https:\/\/www.facebook.com\/Fuentes-Fidedignas-368234489921644","https:\/\/x.com\/fidedignas"]},{"@type":"Person","@id":"https:\/\/fuentesfidedignas.com.mx\/#\/schema\/person\/5623d53fe2e579d825b1679734abcc44","name":"Forbes","image":{"@type":"ImageObject","inLanguage":"es","@id":"https:\/\/secure.gravatar.com\/avatar\/87ce3dd4e41e60c22a79c758614f01a6bc2469255fc936ec7b15efb9bb5cb66f?s=96&d=mm&r=g","url":"https:\/\/secure.gravatar.com\/avatar\/87ce3dd4e41e60c22a79c758614f01a6bc2469255fc936ec7b15efb9bb5cb66f?s=96&d=mm&r=g","contentUrl":"https:\/\/secure.gravatar.com\/avatar\/87ce3dd4e41e60c22a79c758614f01a6bc2469255fc936ec7b15efb9bb5cb66f?s=96&d=mm&r=g","caption":"Forbes"},"url":"https:\/\/fuentesfidedignas.com.mx\/index.php\/author\/forbes\/"}]}},"_links":{"self":[{"href":"https:\/\/fuentesfidedignas.com.mx\/index.php\/wp-json\/wp\/v2\/posts\/24656","targetHints":{"allow":["GET"]}}],"collection":[{"href":"https:\/\/fuentesfidedignas.com.mx\/index.php\/wp-json\/wp\/v2\/posts"}],"about":[{"href":"https:\/\/fuentesfidedignas.com.mx\/index.php\/wp-json\/wp\/v2\/types\/post"}],"author":[{"embeddable":true,"href":"https:\/\/fuentesfidedignas.com.mx\/index.php\/wp-json\/wp\/v2\/users\/5"}],"replies":[{"embeddable":true,"href":"https:\/\/fuentesfidedignas.com.mx\/index.php\/wp-json\/wp\/v2\/comments?post=24656"}],"version-history":[{"count":1,"href":"https:\/\/fuentesfidedignas.com.mx\/index.php\/wp-json\/wp\/v2\/posts\/24656\/revisions"}],"predecessor-version":[{"id":24658,"href":"https:\/\/fuentesfidedignas.com.mx\/index.php\/wp-json\/wp\/v2\/posts\/24656\/revisions\/24658"}],"wp:featuredmedia":[{"embeddable":true,"href":"https:\/\/fuentesfidedignas.com.mx\/index.php\/wp-json\/wp\/v2\/media\/24657"}],"wp:attachment":[{"href":"https:\/\/fuentesfidedignas.com.mx\/index.php\/wp-json\/wp\/v2\/media?parent=24656"}],"wp:term":[{"taxonomy":"category","embeddable":true,"href":"https:\/\/fuentesfidedignas.com.mx\/index.php\/wp-json\/wp\/v2\/categories?post=24656"},{"taxonomy":"post_tag","embeddable":true,"href":"https:\/\/fuentesfidedignas.com.mx\/index.php\/wp-json\/wp\/v2\/tags?post=24656"}],"curies":[{"name":"wp","href":"https:\/\/api.w.org\/{rel}","templated":true}]}}