{"id":24639,"date":"2022-02-22T21:36:07","date_gmt":"2022-02-23T04:36:07","guid":{"rendered":"https:\/\/fuentesfidedignas.com.mx\/?p=24639"},"modified":"2022-02-22T21:36:52","modified_gmt":"2022-02-23T04:36:52","slug":"rescatan-a-victimas-de-secuestro-virtual-en-el-centro-de-culiacan","status":"publish","type":"post","link":"https:\/\/fuentesfidedignas.com.mx\/index.php\/2022\/02\/22\/rescatan-a-victimas-de-secuestro-virtual-en-el-centro-de-culiacan\/","title":{"rendered":"Rescatan a v\u00edctimas de secuestro virtual en el centro de Culiac\u00e1n"},"content":{"rendered":"\n<p><strong><em>La tarde de este martes se llev\u00f3 a cabo un intenso operativo ante la denuncia de Secuestro virtual por parte de extorsionadores: FGE<\/em><\/strong><\/p>\n\n\n\n<p>Culiac\u00e1n, Sin.- La Fiscal\u00eda General del Estado, a trav\u00e9s de la Unidad Especializada Antisecuestros (UEA), en coordinaci\u00f3n con autoridades estatales y municipales, liberaron a tres personas del sexo masculino que eran mantenidas cautivas mediante una extorsi\u00f3n telef\u00f3nica.<\/p>\n\n\n\n<p>Con apoyo de la Asociaci\u00f3n de Hoteles de Culiac\u00e1n se logr\u00f3 ubicar el lugar exacto donde los afectados eran mantenidos mediante enga\u00f1os, dentro de un cuarto de este tipo de negocios, ubicado en pleno centro de la ciudad.<\/p>\n\n\n\n<p>Las v\u00edctimas, quienes estaban hospedadas en otro hotel, ya que son trabajadores for\u00e1neos, estaban a punto de salir a realizar sus tareas propias cuando recibe uno de ellos una llamada telef\u00f3nica.<\/p>\n\n\n\n<p>Los tres trabajadores fueron obligados a ingresar a otro lugar de hospedaje, ya que fueron manipulados psicol\u00f3gicamente con causarles da\u00f1os a ellos y sus familias, si no acataban las peticiones de los delincuentes.<\/p>\n\n\n\n<p>Los responsables, quienes se identificaban como integrantes del crimen organizado, exig\u00edan a sus v\u00edctimas fuertes cantidades de dinero.<\/p>\n\n\n\n<p>Los obligaron a ocultarse dentro de un cuarto de hotel y apagar sus tel\u00e9fonos celulares, no sin antes ordenarle a uno de ellos que fuera a una instituci\u00f3n crediticia y depositara todo el dinero que trajera en su poder y que encendiera su tel\u00e9fono personal, 30 minutos despu\u00e9s.<\/p>\n\n\n\n<p>Una vez en poder psicol\u00f3gicamente de los delincuentes, estos \u00faltimos hicieron contacto con ejecutivos donde laboraban las v\u00edctimas e intentaron tambi\u00e9n despojarlos de dinero, argumentando que manten\u00edan privados de la libertad a sus empleados.<\/p>\n\n\n\n<p>Fue ah\u00ed cuando funcionarios de la empresa alertaron de los hechos a la Unidad Especializada Antisecuestros, a trav\u00e9s del n\u00famero telef\u00f3nico 800-221-5803, inici\u00e1ndose de inmediato una operaci\u00f3n de b\u00fasqueda de los tres trabajadores, quienes 20 minutos despu\u00e9s fueron rescatados sanos y salvos.<\/p>\n","protected":false},"excerpt":{"rendered":"<p>La tarde de este martes se llev\u00f3 a cabo un intenso operativo ante la denuncia de Secuestro virtual por parte de extorsionadores: FGE Culiac\u00e1n, Sin.- La Fiscal\u00eda General del Estado, a trav\u00e9s de la Unidad Especializada Antisecuestros (UEA), en coordinaci\u00f3n con autoridades estatales y municipales, liberaron a tres personas del sexo masculino que eran mantenidas [&hellip;]<\/p>\n","protected":false},"author":4,"featured_media":24641,"comment_status":"open","ping_status":"open","sticky":false,"template":"","format":"standard","meta":{"tdm_status":"","tdm_grid_status":"","footnotes":""},"categories":[37],"tags":[120,158,261],"class_list":{"0":"post-24639","1":"post","2":"type-post","3":"status-publish","4":"format-standard","5":"has-post-thumbnail","7":"category-nota-principal","8":"tag-culiacan","9":"tag-fiscalia-general-del-estado","10":"tag-seguridad"},"yoast_head":"<!-- This site is optimized with the Yoast SEO plugin v27.5 - https:\/\/yoast.com\/product\/yoast-seo-wordpress\/ -->\n<title>Rescatan a v\u00edctimas de secuestro virtual en el centro de Culiac\u00e1n - Fuentes Fidedignas<\/title>\n<meta name=\"robots\" content=\"index, follow, max-snippet:-1, max-image-preview:large, max-video-preview:-1\" \/>\n<link rel=\"canonical\" href=\"https:\/\/fuentesfidedignas.com.mx\/index.php\/2022\/02\/22\/rescatan-a-victimas-de-secuestro-virtual-en-el-centro-de-culiacan\/\" \/>\n<meta property=\"og:locale\" content=\"es_MX\" \/>\n<meta property=\"og:type\" content=\"article\" \/>\n<meta property=\"og:title\" content=\"Rescatan a v\u00edctimas de secuestro virtual en el centro de Culiac\u00e1n - Fuentes Fidedignas\" \/>\n<meta property=\"og:description\" content=\"La tarde de este martes se llev\u00f3 a cabo un intenso operativo ante la denuncia de Secuestro virtual por parte de extorsionadores: FGE Culiac\u00e1n, Sin.- La Fiscal\u00eda General del Estado, a trav\u00e9s de la Unidad Especializada Antisecuestros (UEA), en coordinaci\u00f3n con autoridades estatales y municipales, liberaron a tres personas del sexo masculino que eran mantenidas [&hellip;]\" \/>\n<meta property=\"og:url\" content=\"https:\/\/fuentesfidedignas.com.mx\/index.php\/2022\/02\/22\/rescatan-a-victimas-de-secuestro-virtual-en-el-centro-de-culiacan\/\" \/>\n<meta property=\"og:site_name\" content=\"Fuentes Fidedignas\" \/>\n<meta property=\"article:publisher\" content=\"https:\/\/www.facebook.com\/Fuentes-Fidedignas-368234489921644\" \/>\n<meta property=\"article:published_time\" content=\"2022-02-23T04:36:07+00:00\" \/>\n<meta property=\"article:modified_time\" content=\"2022-02-23T04:36:52+00:00\" \/>\n<meta property=\"og:image\" content=\"https:\/\/fuentesfidedignas.com.mx\/wp-content\/uploads\/2022\/02\/images-23.jpeg\" \/>\n\t<meta property=\"og:image:width\" content=\"677\" \/>\n\t<meta property=\"og:image:height\" content=\"453\" \/>\n\t<meta property=\"og:image:type\" content=\"image\/jpeg\" \/>\n<meta name=\"author\" content=\"Redacci\u00f3n\" \/>\n<meta name=\"twitter:card\" content=\"summary_large_image\" \/>\n<meta name=\"twitter:creator\" content=\"@fidedignas\" \/>\n<meta name=\"twitter:site\" content=\"@fidedignas\" \/>\n<meta name=\"twitter:label1\" content=\"Escrito por\" \/>\n\t<meta name=\"twitter:data1\" content=\"Redacci\u00f3n\" \/>\n\t<meta name=\"twitter:label2\" content=\"Tiempo de lectura\" \/>\n\t<meta name=\"twitter:data2\" content=\"2 minutos\" \/>\n<script type=\"application\/ld+json\" class=\"yoast-schema-graph\">{\"@context\":\"https:\\\/\\\/schema.org\",\"@graph\":[{\"@type\":\"Article\",\"@id\":\"https:\\\/\\\/fuentesfidedignas.com.mx\\\/index.php\\\/2022\\\/02\\\/22\\\/rescatan-a-victimas-de-secuestro-virtual-en-el-centro-de-culiacan\\\/#article\",\"isPartOf\":{\"@id\":\"https:\\\/\\\/fuentesfidedignas.com.mx\\\/index.php\\\/2022\\\/02\\\/22\\\/rescatan-a-victimas-de-secuestro-virtual-en-el-centro-de-culiacan\\\/\"},\"author\":{\"name\":\"Redacci\u00f3n\",\"@id\":\"https:\\\/\\\/fuentesfidedignas.com.mx\\\/#\\\/schema\\\/person\\\/331be9283d37198e2acd5750279085b0\"},\"headline\":\"Rescatan a v\u00edctimas de secuestro virtual en el centro de Culiac\u00e1n\",\"datePublished\":\"2022-02-23T04:36:07+00:00\",\"dateModified\":\"2022-02-23T04:36:52+00:00\",\"mainEntityOfPage\":{\"@id\":\"https:\\\/\\\/fuentesfidedignas.com.mx\\\/index.php\\\/2022\\\/02\\\/22\\\/rescatan-a-victimas-de-secuestro-virtual-en-el-centro-de-culiacan\\\/\"},\"wordCount\":348,\"commentCount\":0,\"publisher\":{\"@id\":\"https:\\\/\\\/fuentesfidedignas.com.mx\\\/#organization\"},\"image\":{\"@id\":\"https:\\\/\\\/fuentesfidedignas.com.mx\\\/index.php\\\/2022\\\/02\\\/22\\\/rescatan-a-victimas-de-secuestro-virtual-en-el-centro-de-culiacan\\\/#primaryimage\"},\"thumbnailUrl\":\"https:\\\/\\\/fuentesfidedignas.com.mx\\\/wp-content\\\/uploads\\\/2022\\\/02\\\/images-23.jpeg\",\"keywords\":[\"Culiac\u00e1n\",\"Fiscal\u00eda General del Estado\",\"Seguridad\"],\"articleSection\":[\"NOTA PRINCIPAL\"],\"inLanguage\":\"es\",\"potentialAction\":[{\"@type\":\"CommentAction\",\"name\":\"Comment\",\"target\":[\"https:\\\/\\\/fuentesfidedignas.com.mx\\\/index.php\\\/2022\\\/02\\\/22\\\/rescatan-a-victimas-de-secuestro-virtual-en-el-centro-de-culiacan\\\/#respond\"]}]},{\"@type\":\"WebPage\",\"@id\":\"https:\\\/\\\/fuentesfidedignas.com.mx\\\/index.php\\\/2022\\\/02\\\/22\\\/rescatan-a-victimas-de-secuestro-virtual-en-el-centro-de-culiacan\\\/\",\"url\":\"https:\\\/\\\/fuentesfidedignas.com.mx\\\/index.php\\\/2022\\\/02\\\/22\\\/rescatan-a-victimas-de-secuestro-virtual-en-el-centro-de-culiacan\\\/\",\"name\":\"Rescatan a v\u00edctimas de secuestro virtual en el centro de Culiac\u00e1n - Fuentes Fidedignas\",\"isPartOf\":{\"@id\":\"https:\\\/\\\/fuentesfidedignas.com.mx\\\/#website\"},\"primaryImageOfPage\":{\"@id\":\"https:\\\/\\\/fuentesfidedignas.com.mx\\\/index.php\\\/2022\\\/02\\\/22\\\/rescatan-a-victimas-de-secuestro-virtual-en-el-centro-de-culiacan\\\/#primaryimage\"},\"image\":{\"@id\":\"https:\\\/\\\/fuentesfidedignas.com.mx\\\/index.php\\\/2022\\\/02\\\/22\\\/rescatan-a-victimas-de-secuestro-virtual-en-el-centro-de-culiacan\\\/#primaryimage\"},\"thumbnailUrl\":\"https:\\\/\\\/fuentesfidedignas.com.mx\\\/wp-content\\\/uploads\\\/2022\\\/02\\\/images-23.jpeg\",\"datePublished\":\"2022-02-23T04:36:07+00:00\",\"dateModified\":\"2022-02-23T04:36:52+00:00\",\"breadcrumb\":{\"@id\":\"https:\\\/\\\/fuentesfidedignas.com.mx\\\/index.php\\\/2022\\\/02\\\/22\\\/rescatan-a-victimas-de-secuestro-virtual-en-el-centro-de-culiacan\\\/#breadcrumb\"},\"inLanguage\":\"es\",\"potentialAction\":[{\"@type\":\"ReadAction\",\"target\":[\"https:\\\/\\\/fuentesfidedignas.com.mx\\\/index.php\\\/2022\\\/02\\\/22\\\/rescatan-a-victimas-de-secuestro-virtual-en-el-centro-de-culiacan\\\/\"]}]},{\"@type\":\"ImageObject\",\"inLanguage\":\"es\",\"@id\":\"https:\\\/\\\/fuentesfidedignas.com.mx\\\/index.php\\\/2022\\\/02\\\/22\\\/rescatan-a-victimas-de-secuestro-virtual-en-el-centro-de-culiacan\\\/#primaryimage\",\"url\":\"https:\\\/\\\/fuentesfidedignas.com.mx\\\/wp-content\\\/uploads\\\/2022\\\/02\\\/images-23.jpeg\",\"contentUrl\":\"https:\\\/\\\/fuentesfidedignas.com.mx\\\/wp-content\\\/uploads\\\/2022\\\/02\\\/images-23.jpeg\",\"width\":677,\"height\":453},{\"@type\":\"BreadcrumbList\",\"@id\":\"https:\\\/\\\/fuentesfidedignas.com.mx\\\/index.php\\\/2022\\\/02\\\/22\\\/rescatan-a-victimas-de-secuestro-virtual-en-el-centro-de-culiacan\\\/#breadcrumb\",\"itemListElement\":[{\"@type\":\"ListItem\",\"position\":1,\"name\":\"Inicio\",\"item\":\"https:\\\/\\\/fuentesfidedignas.com.mx\\\/\"},{\"@type\":\"ListItem\",\"position\":2,\"name\":\"Rescatan a v\u00edctimas de secuestro virtual en el centro de Culiac\u00e1n\"}]},{\"@type\":\"WebSite\",\"@id\":\"https:\\\/\\\/fuentesfidedignas.com.mx\\\/#website\",\"url\":\"https:\\\/\\\/fuentesfidedignas.com.mx\\\/\",\"name\":\"Fuentes Fidedignas\",\"description\":\"Otro sitio realizado con WordPress\",\"publisher\":{\"@id\":\"https:\\\/\\\/fuentesfidedignas.com.mx\\\/#organization\"},\"potentialAction\":[{\"@type\":\"SearchAction\",\"target\":{\"@type\":\"EntryPoint\",\"urlTemplate\":\"https:\\\/\\\/fuentesfidedignas.com.mx\\\/?s={search_term_string}\"},\"query-input\":{\"@type\":\"PropertyValueSpecification\",\"valueRequired\":true,\"valueName\":\"search_term_string\"}}],\"inLanguage\":\"es\"},{\"@type\":\"Organization\",\"@id\":\"https:\\\/\\\/fuentesfidedignas.com.mx\\\/#organization\",\"name\":\"Fuentes Fidedignas\",\"url\":\"https:\\\/\\\/fuentesfidedignas.com.mx\\\/\",\"logo\":{\"@type\":\"ImageObject\",\"inLanguage\":\"es\",\"@id\":\"https:\\\/\\\/fuentesfidedignas.com.mx\\\/#\\\/schema\\\/logo\\\/image\\\/\",\"url\":\"https:\\\/\\\/fuentesfidedignas.com.mx\\\/wp-content\\\/uploads\\\/2021\\\/04\\\/logo-retina.png\",\"contentUrl\":\"https:\\\/\\\/fuentesfidedignas.com.mx\\\/wp-content\\\/uploads\\\/2021\\\/04\\\/logo-retina.png\",\"width\":280,\"height\":51,\"caption\":\"Fuentes Fidedignas\"},\"image\":{\"@id\":\"https:\\\/\\\/fuentesfidedignas.com.mx\\\/#\\\/schema\\\/logo\\\/image\\\/\"},\"sameAs\":[\"https:\\\/\\\/www.facebook.com\\\/Fuentes-Fidedignas-368234489921644\",\"https:\\\/\\\/x.com\\\/fidedignas\"]},{\"@type\":\"Person\",\"@id\":\"https:\\\/\\\/fuentesfidedignas.com.mx\\\/#\\\/schema\\\/person\\\/331be9283d37198e2acd5750279085b0\",\"name\":\"Redacci\u00f3n\",\"image\":{\"@type\":\"ImageObject\",\"inLanguage\":\"es\",\"@id\":\"https:\\\/\\\/secure.gravatar.com\\\/avatar\\\/f6d8782c11d12b2d4ad3fbb6931aeab5309937a4d6cd2fc9cfaa28a6396a5aec?s=96&d=mm&r=g\",\"url\":\"https:\\\/\\\/secure.gravatar.com\\\/avatar\\\/f6d8782c11d12b2d4ad3fbb6931aeab5309937a4d6cd2fc9cfaa28a6396a5aec?s=96&d=mm&r=g\",\"contentUrl\":\"https:\\\/\\\/secure.gravatar.com\\\/avatar\\\/f6d8782c11d12b2d4ad3fbb6931aeab5309937a4d6cd2fc9cfaa28a6396a5aec?s=96&d=mm&r=g\",\"caption\":\"Redacci\u00f3n\"},\"url\":\"https:\\\/\\\/fuentesfidedignas.com.mx\\\/index.php\\\/author\\\/redaccion\\\/\"}]}<\/script>\n<!-- \/ Yoast SEO plugin. -->","yoast_head_json":{"title":"Rescatan a v\u00edctimas de secuestro virtual en el centro de Culiac\u00e1n - Fuentes Fidedignas","robots":{"index":"index","follow":"follow","max-snippet":"max-snippet:-1","max-image-preview":"max-image-preview:large","max-video-preview":"max-video-preview:-1"},"canonical":"https:\/\/fuentesfidedignas.com.mx\/index.php\/2022\/02\/22\/rescatan-a-victimas-de-secuestro-virtual-en-el-centro-de-culiacan\/","og_locale":"es_MX","og_type":"article","og_title":"Rescatan a v\u00edctimas de secuestro virtual en el centro de Culiac\u00e1n - Fuentes Fidedignas","og_description":"La tarde de este martes se llev\u00f3 a cabo un intenso operativo ante la denuncia de Secuestro virtual por parte de extorsionadores: FGE Culiac\u00e1n, Sin.- La Fiscal\u00eda General del Estado, a trav\u00e9s de la Unidad Especializada Antisecuestros (UEA), en coordinaci\u00f3n con autoridades estatales y municipales, liberaron a tres personas del sexo masculino que eran mantenidas [&hellip;]","og_url":"https:\/\/fuentesfidedignas.com.mx\/index.php\/2022\/02\/22\/rescatan-a-victimas-de-secuestro-virtual-en-el-centro-de-culiacan\/","og_site_name":"Fuentes Fidedignas","article_publisher":"https:\/\/www.facebook.com\/Fuentes-Fidedignas-368234489921644","article_published_time":"2022-02-23T04:36:07+00:00","article_modified_time":"2022-02-23T04:36:52+00:00","og_image":[{"width":677,"height":453,"url":"https:\/\/fuentesfidedignas.com.mx\/wp-content\/uploads\/2022\/02\/images-23.jpeg","type":"image\/jpeg"}],"author":"Redacci\u00f3n","twitter_card":"summary_large_image","twitter_creator":"@fidedignas","twitter_site":"@fidedignas","twitter_misc":{"Escrito por":"Redacci\u00f3n","Tiempo de lectura":"2 minutos"},"schema":{"@context":"https:\/\/schema.org","@graph":[{"@type":"Article","@id":"https:\/\/fuentesfidedignas.com.mx\/index.php\/2022\/02\/22\/rescatan-a-victimas-de-secuestro-virtual-en-el-centro-de-culiacan\/#article","isPartOf":{"@id":"https:\/\/fuentesfidedignas.com.mx\/index.php\/2022\/02\/22\/rescatan-a-victimas-de-secuestro-virtual-en-el-centro-de-culiacan\/"},"author":{"name":"Redacci\u00f3n","@id":"https:\/\/fuentesfidedignas.com.mx\/#\/schema\/person\/331be9283d37198e2acd5750279085b0"},"headline":"Rescatan a v\u00edctimas de secuestro virtual en el centro de Culiac\u00e1n","datePublished":"2022-02-23T04:36:07+00:00","dateModified":"2022-02-23T04:36:52+00:00","mainEntityOfPage":{"@id":"https:\/\/fuentesfidedignas.com.mx\/index.php\/2022\/02\/22\/rescatan-a-victimas-de-secuestro-virtual-en-el-centro-de-culiacan\/"},"wordCount":348,"commentCount":0,"publisher":{"@id":"https:\/\/fuentesfidedignas.com.mx\/#organization"},"image":{"@id":"https:\/\/fuentesfidedignas.com.mx\/index.php\/2022\/02\/22\/rescatan-a-victimas-de-secuestro-virtual-en-el-centro-de-culiacan\/#primaryimage"},"thumbnailUrl":"https:\/\/fuentesfidedignas.com.mx\/wp-content\/uploads\/2022\/02\/images-23.jpeg","keywords":["Culiac\u00e1n","Fiscal\u00eda General del Estado","Seguridad"],"articleSection":["NOTA PRINCIPAL"],"inLanguage":"es","potentialAction":[{"@type":"CommentAction","name":"Comment","target":["https:\/\/fuentesfidedignas.com.mx\/index.php\/2022\/02\/22\/rescatan-a-victimas-de-secuestro-virtual-en-el-centro-de-culiacan\/#respond"]}]},{"@type":"WebPage","@id":"https:\/\/fuentesfidedignas.com.mx\/index.php\/2022\/02\/22\/rescatan-a-victimas-de-secuestro-virtual-en-el-centro-de-culiacan\/","url":"https:\/\/fuentesfidedignas.com.mx\/index.php\/2022\/02\/22\/rescatan-a-victimas-de-secuestro-virtual-en-el-centro-de-culiacan\/","name":"Rescatan a v\u00edctimas de secuestro virtual en el centro de Culiac\u00e1n - Fuentes Fidedignas","isPartOf":{"@id":"https:\/\/fuentesfidedignas.com.mx\/#website"},"primaryImageOfPage":{"@id":"https:\/\/fuentesfidedignas.com.mx\/index.php\/2022\/02\/22\/rescatan-a-victimas-de-secuestro-virtual-en-el-centro-de-culiacan\/#primaryimage"},"image":{"@id":"https:\/\/fuentesfidedignas.com.mx\/index.php\/2022\/02\/22\/rescatan-a-victimas-de-secuestro-virtual-en-el-centro-de-culiacan\/#primaryimage"},"thumbnailUrl":"https:\/\/fuentesfidedignas.com.mx\/wp-content\/uploads\/2022\/02\/images-23.jpeg","datePublished":"2022-02-23T04:36:07+00:00","dateModified":"2022-02-23T04:36:52+00:00","breadcrumb":{"@id":"https:\/\/fuentesfidedignas.com.mx\/index.php\/2022\/02\/22\/rescatan-a-victimas-de-secuestro-virtual-en-el-centro-de-culiacan\/#breadcrumb"},"inLanguage":"es","potentialAction":[{"@type":"ReadAction","target":["https:\/\/fuentesfidedignas.com.mx\/index.php\/2022\/02\/22\/rescatan-a-victimas-de-secuestro-virtual-en-el-centro-de-culiacan\/"]}]},{"@type":"ImageObject","inLanguage":"es","@id":"https:\/\/fuentesfidedignas.com.mx\/index.php\/2022\/02\/22\/rescatan-a-victimas-de-secuestro-virtual-en-el-centro-de-culiacan\/#primaryimage","url":"https:\/\/fuentesfidedignas.com.mx\/wp-content\/uploads\/2022\/02\/images-23.jpeg","contentUrl":"https:\/\/fuentesfidedignas.com.mx\/wp-content\/uploads\/2022\/02\/images-23.jpeg","width":677,"height":453},{"@type":"BreadcrumbList","@id":"https:\/\/fuentesfidedignas.com.mx\/index.php\/2022\/02\/22\/rescatan-a-victimas-de-secuestro-virtual-en-el-centro-de-culiacan\/#breadcrumb","itemListElement":[{"@type":"ListItem","position":1,"name":"Inicio","item":"https:\/\/fuentesfidedignas.com.mx\/"},{"@type":"ListItem","position":2,"name":"Rescatan a v\u00edctimas de secuestro virtual en el centro de Culiac\u00e1n"}]},{"@type":"WebSite","@id":"https:\/\/fuentesfidedignas.com.mx\/#website","url":"https:\/\/fuentesfidedignas.com.mx\/","name":"Fuentes Fidedignas","description":"Otro sitio realizado con WordPress","publisher":{"@id":"https:\/\/fuentesfidedignas.com.mx\/#organization"},"potentialAction":[{"@type":"SearchAction","target":{"@type":"EntryPoint","urlTemplate":"https:\/\/fuentesfidedignas.com.mx\/?s={search_term_string}"},"query-input":{"@type":"PropertyValueSpecification","valueRequired":true,"valueName":"search_term_string"}}],"inLanguage":"es"},{"@type":"Organization","@id":"https:\/\/fuentesfidedignas.com.mx\/#organization","name":"Fuentes Fidedignas","url":"https:\/\/fuentesfidedignas.com.mx\/","logo":{"@type":"ImageObject","inLanguage":"es","@id":"https:\/\/fuentesfidedignas.com.mx\/#\/schema\/logo\/image\/","url":"https:\/\/fuentesfidedignas.com.mx\/wp-content\/uploads\/2021\/04\/logo-retina.png","contentUrl":"https:\/\/fuentesfidedignas.com.mx\/wp-content\/uploads\/2021\/04\/logo-retina.png","width":280,"height":51,"caption":"Fuentes Fidedignas"},"image":{"@id":"https:\/\/fuentesfidedignas.com.mx\/#\/schema\/logo\/image\/"},"sameAs":["https:\/\/www.facebook.com\/Fuentes-Fidedignas-368234489921644","https:\/\/x.com\/fidedignas"]},{"@type":"Person","@id":"https:\/\/fuentesfidedignas.com.mx\/#\/schema\/person\/331be9283d37198e2acd5750279085b0","name":"Redacci\u00f3n","image":{"@type":"ImageObject","inLanguage":"es","@id":"https:\/\/secure.gravatar.com\/avatar\/f6d8782c11d12b2d4ad3fbb6931aeab5309937a4d6cd2fc9cfaa28a6396a5aec?s=96&d=mm&r=g","url":"https:\/\/secure.gravatar.com\/avatar\/f6d8782c11d12b2d4ad3fbb6931aeab5309937a4d6cd2fc9cfaa28a6396a5aec?s=96&d=mm&r=g","contentUrl":"https:\/\/secure.gravatar.com\/avatar\/f6d8782c11d12b2d4ad3fbb6931aeab5309937a4d6cd2fc9cfaa28a6396a5aec?s=96&d=mm&r=g","caption":"Redacci\u00f3n"},"url":"https:\/\/fuentesfidedignas.com.mx\/index.php\/author\/redaccion\/"}]}},"_links":{"self":[{"href":"https:\/\/fuentesfidedignas.com.mx\/index.php\/wp-json\/wp\/v2\/posts\/24639","targetHints":{"allow":["GET"]}}],"collection":[{"href":"https:\/\/fuentesfidedignas.com.mx\/index.php\/wp-json\/wp\/v2\/posts"}],"about":[{"href":"https:\/\/fuentesfidedignas.com.mx\/index.php\/wp-json\/wp\/v2\/types\/post"}],"author":[{"embeddable":true,"href":"https:\/\/fuentesfidedignas.com.mx\/index.php\/wp-json\/wp\/v2\/users\/4"}],"replies":[{"embeddable":true,"href":"https:\/\/fuentesfidedignas.com.mx\/index.php\/wp-json\/wp\/v2\/comments?post=24639"}],"version-history":[{"count":1,"href":"https:\/\/fuentesfidedignas.com.mx\/index.php\/wp-json\/wp\/v2\/posts\/24639\/revisions"}],"predecessor-version":[{"id":24640,"href":"https:\/\/fuentesfidedignas.com.mx\/index.php\/wp-json\/wp\/v2\/posts\/24639\/revisions\/24640"}],"wp:featuredmedia":[{"embeddable":true,"href":"https:\/\/fuentesfidedignas.com.mx\/index.php\/wp-json\/wp\/v2\/media\/24641"}],"wp:attachment":[{"href":"https:\/\/fuentesfidedignas.com.mx\/index.php\/wp-json\/wp\/v2\/media?parent=24639"}],"wp:term":[{"taxonomy":"category","embeddable":true,"href":"https:\/\/fuentesfidedignas.com.mx\/index.php\/wp-json\/wp\/v2\/categories?post=24639"},{"taxonomy":"post_tag","embeddable":true,"href":"https:\/\/fuentesfidedignas.com.mx\/index.php\/wp-json\/wp\/v2\/tags?post=24639"}],"curies":[{"name":"wp","href":"https:\/\/api.w.org\/{rel}","templated":true}]}}