{"id":24561,"date":"2022-02-22T08:54:50","date_gmt":"2022-02-22T15:54:50","guid":{"rendered":"https:\/\/fuentesfidedignas.com.mx\/?p=24561"},"modified":"2022-02-22T08:54:51","modified_gmt":"2022-02-22T15:54:51","slug":"volvere-en-48-meses-a-competir-por-la-gubernatura-de-quintana-roo-roberto-palazuelos","status":"publish","type":"post","link":"https:\/\/fuentesfidedignas.com.mx\/index.php\/2022\/02\/22\/volvere-en-48-meses-a-competir-por-la-gubernatura-de-quintana-roo-roberto-palazuelos\/","title":{"rendered":"Volver\u00e9 en 48 meses a competir por la gubernatura de Quintana Roo: Roberto Palazuelos"},"content":{"rendered":"\n<p><strong><em>Palazuelos afirm\u00f3 que la pol\u00edtica en M\u00e9xico es muy sucia y est\u00e1 muy mal en muchos aspectos.<\/em><\/strong><\/p>\n\n\n\n<p>Ciudad de M\u00e9xico.- Roberto Palazuelos Badeaux, empresario y actor, afirm\u00f3 que volver\u00e1 a competir para ser candidato a gobernador de Quintana Roo en 2027, ya que el estado est\u00e1 quebrado y la violencia y pobreza crece todos los d\u00edas.<\/p>\n\n\n\n<p>\u201cYo pude haber impugnado a quien pusieran y pude haber llevado a juicio y dem\u00e1s, pero la verdad estoy acostumbrado a no estar donde no me quieran, entonces me baj\u00e9 como un caballero\u201d, dice a Forbes M\u00e9xico.<\/p>\n\n\n\n<p>Al llamado \u201cDiamante Negro\u201d le preocupa que siga creciendo la inseguridad, que enga\u00f1en al pueblo, que no haya una democracia verdadera y que todo sea planchado: \u201cTodas esas cosas duelen y me preocupa tambi\u00e9n c\u00f3mo se est\u00e1 descuidando la ecolog\u00eda, c\u00f3mo se est\u00e1 endeudando el estado\u201d.<\/p>\n\n\n\n<p>\u201cEl estado de Quintana Roo est\u00e1 pr\u00e1cticamente quebrado, el sur de la entidad est\u00e1 golpeado y hay mucha pobreza, es muy diferente al norte; necesitan m\u00e1s visi\u00f3n empresarial\u201d, manifiest\u00f3 el licenciado en derecho por la Universidad Tec Milenio, campus Canc\u00fan.<\/p>\n\n\n\n<p>\u201cHay muchas cosas que me duelen, pero bueno, no me tocaba\u201d, expres\u00f3 el empresario, quien es due\u00f1o de compa\u00f1\u00edas como Grupo Caribe\u00f1o, Uni\u00f3n Zamatica, Tours Pakal Balam, Roberto Cuarto y Quinto Tulum, Na Glass, Operadora 2 Papadzules, No todo lo que brilla es oro, Experiencias Diamante y Ahau Eco Garden.<\/p>\n\n\n\n<p>\u2014\u00bfTe sientes decepcionado despu\u00e9s de que los n\u00fameros te pon\u00edan en competencia para ser gobernador de Quintana Roo?<\/p>\n\n\n\n<p>\u2014Me siento triste, pero as\u00ed es la vida y la pol\u00edtica.<\/p>\n\n\n\n<p>\u2014\u00bfHubo \u2018mano negra\u2019 de alg\u00fan pol\u00edtico para que no fueras candidato de Movimiento Ciudadano al gobierno de Quintana Roo?<\/p>\n\n\n\n<p>\u2014No creo. En la primera bajada con la Alianza s\u00ed hubo \u201cmano negra\u201d y hubo dinero de por medio, pero en esta no. El senador de Movimiento, Dante Delgado, est\u00e1 presionado por grupos internos \u2014y que con mis desafortunadas declaraciones\u2014 siente que puede manchar su marca y proyecto para 2024.<\/p>\n\n\n\n<p>\u2014\u00bfSe ha acabado el sue\u00f1o pol\u00edtico de Roberto Palazuelos?<\/p>\n\n\n\n<p>\u2014No, para nada, con esto comienza. Acu\u00e9rdate que este es un mandato de cinco a\u00f1os nada m\u00e1s y en cuatro a\u00f1os hay que empezar a moverse otra vez. O sea en 48 meses estaremos preparando elecciones otra vez y estaremos viendo candidatos y ah\u00ed la voy a buscar yo.<\/p>\n\n\n\n<p>\u2014 \u00bfTu pelea con Lydia Cacho influy\u00f3 en tu ca\u00edda como candidato de Movimiento Ciudadano?<\/p>\n\n\n\n<p>\u2014No, esas tonter\u00edas no tienen nada que ver. Adem\u00e1s, lo de Lydia Cacho se apag\u00f3 en el momento que yo dije: \u201cA ver, que presente sus pruebas\u201d. \u00bfPero qu\u00e9 va a presentar? La guerra sucia son mentiras, tonter\u00edas y a m\u00ed no me afectan. Tal vez al partido Movimiento Ciudadano le afect\u00f3 en su imagen. El partido ten\u00eda Quintana Roo en sus manos y se fueron del 22 por ciento de la intenci\u00f3n del voto, que tra\u00eda yo, hasta el 7 por ciento con Jos\u00e9 Luis Pech. Mara Lezama tiene un 28 por ciento de intenci\u00f3n de votos, seg\u00fan las encuestas.<\/p>\n\n\n\n<p>\u2014 \u00bfEsos datos te pon\u00edan en la carrera de Mara Lezama y Morena en Quintana Roo?<\/p>\n\n\n\n<p>\u2014Me retiro de la contienda sabiendo que yo siempre fui un caballero, nunca le falt\u00e9 el respeto a ninguno de los competidores, nunca hice guerra sucia, siempre compet\u00ed limpio, y limpio casi me la llevo, pero precisamente por ese peligro que representaba para toda la estructura pol\u00edtica del pa\u00eds y del estado, pues operaron para bajarme.<\/p>\n\n\n\n<p>\u2014\u00bfEl gobernador de Quintana Roo influy\u00f3 en la decisi\u00f3n de Movimiento Ciudadano de bajarte?<\/p>\n\n\n\n<p>\u2014 Uno nunca sabe. Yo prefiero quedarme con las pl\u00e1ticas que he tenido con \u00e9l, que son de aprecio y respeto. En las contiendas pol\u00edticas siempre hay muchos chismes y hay muchas cosas que se dicen, entonces prefiero ya no inferir ni imaginarme cosas y retirarme como un caballero.<\/p>\n\n\n\n<p>\u2014 \u00bfLa pol\u00edtica es monopolio de unas cu\u00e1ntas personas?<\/p>\n\n\n\n<p>\u2014La pol\u00edtica en M\u00e9xico es muy sucia y est\u00e1 muy mal en muchos aspectos. Y tambi\u00e9n el actual sistema electoral, las reglas electorales son demasiado estrictas, son demasiado rid\u00edculas en muchos aspectos. Creo que s\u00ed requiere una revisi\u00f3n a fondo, pero una revisi\u00f3n objetiva, no que la quieran hacer a modo de alg\u00fan partido pol\u00edtico para beneficiarse porque ese es el problema: que las reformas que le han hecho, las hacen a modo.<\/p>\n\n\n\n<p>\u2014\u00bfRoberto Palazuelos seguir\u00e1 con sus actividades empresariales?<\/p>\n\n\n\n<p>\u2014Claro. Adem\u00e1s tengo una carrera como actor muy exitosa, como abogado y como empresario. Ahorita vengo saliendo de uno de mis hoteles, tengo un alto nivel de ocupaci\u00f3n en todos mis hoteles. Yo tengo una vida muy bonita, regreso a mi vida.<\/p>\n\n\n\n<p>\u2014\u00bfTrabajas con la iniciativa privada para reducir la mala imagen generada por la inseguridad?<\/p>\n\n\n\n<p>\u2014Siempre lo he hecho y siempre lo seguir\u00e9 haciendo, siempre trabajar\u00e9 por Quintana Roo promovi\u00e9ndolo, cuid\u00e1ndolo y participando en los temas de seguridad.<\/p>\n\n\n\n<p>\u2014\u00bfRoberto Palazuelos tiene alguna serie, pel\u00edcula o una novela para grabar?<\/p>\n\n\n\n<p>\u2014 Apenas estoy terminando el viernes 18 de febrero, lo que toca son unas peque\u00f1as vacaciones y vamos a ver qu\u00e9 nos depara el destino.<\/p>\n","protected":false},"excerpt":{"rendered":"<p>Palazuelos afirm\u00f3 que la pol\u00edtica en M\u00e9xico es muy sucia y est\u00e1 muy mal en muchos aspectos. Ciudad de M\u00e9xico.- Roberto Palazuelos Badeaux, empresario y actor, afirm\u00f3 que volver\u00e1 a competir para ser candidato a gobernador de Quintana Roo en 2027, ya que el estado est\u00e1 quebrado y la violencia y pobreza crece todos los [&hellip;]<\/p>\n","protected":false},"author":5,"featured_media":24562,"comment_status":"open","ping_status":"open","sticky":false,"template":"","format":"standard","meta":{"tdm_status":"","tdm_grid_status":"","footnotes":""},"categories":[39],"tags":[43,2386],"class_list":{"0":"post-24561","1":"post","2":"type-post","3":"status-publish","4":"format-standard","5":"has-post-thumbnail","7":"category-noticias-nacionales","8":"tag-politica","9":"tag-roberto-palazuelos"},"yoast_head":"<!-- This site is optimized with the Yoast SEO plugin v27.5 - https:\/\/yoast.com\/product\/yoast-seo-wordpress\/ -->\n<title>Volver\u00e9 en 48 meses a competir por la gubernatura de Quintana Roo: Roberto Palazuelos - Fuentes Fidedignas<\/title>\n<meta name=\"robots\" content=\"index, follow, max-snippet:-1, max-image-preview:large, max-video-preview:-1\" \/>\n<link rel=\"canonical\" href=\"https:\/\/fuentesfidedignas.com.mx\/index.php\/2022\/02\/22\/volvere-en-48-meses-a-competir-por-la-gubernatura-de-quintana-roo-roberto-palazuelos\/\" \/>\n<meta property=\"og:locale\" content=\"es_MX\" \/>\n<meta property=\"og:type\" content=\"article\" \/>\n<meta property=\"og:title\" content=\"Volver\u00e9 en 48 meses a competir por la gubernatura de Quintana Roo: Roberto Palazuelos - Fuentes Fidedignas\" \/>\n<meta property=\"og:description\" content=\"Palazuelos afirm\u00f3 que la pol\u00edtica en M\u00e9xico es muy sucia y est\u00e1 muy mal en muchos aspectos. Ciudad de M\u00e9xico.- Roberto Palazuelos Badeaux, empresario y actor, afirm\u00f3 que volver\u00e1 a competir para ser candidato a gobernador de Quintana Roo en 2027, ya que el estado est\u00e1 quebrado y la violencia y pobreza crece todos los [&hellip;]\" \/>\n<meta property=\"og:url\" content=\"https:\/\/fuentesfidedignas.com.mx\/index.php\/2022\/02\/22\/volvere-en-48-meses-a-competir-por-la-gubernatura-de-quintana-roo-roberto-palazuelos\/\" \/>\n<meta property=\"og:site_name\" content=\"Fuentes Fidedignas\" \/>\n<meta property=\"article:publisher\" content=\"https:\/\/www.facebook.com\/Fuentes-Fidedignas-368234489921644\" \/>\n<meta property=\"article:published_time\" content=\"2022-02-22T15:54:50+00:00\" \/>\n<meta property=\"article:modified_time\" content=\"2022-02-22T15:54:51+00:00\" \/>\n<meta property=\"og:image\" content=\"https:\/\/fuentesfidedignas.com.mx\/wp-content\/uploads\/2022\/02\/roberto-palazuelos-1-640x360-1.jpg\" \/>\n\t<meta property=\"og:image:width\" content=\"640\" \/>\n\t<meta property=\"og:image:height\" content=\"360\" \/>\n\t<meta property=\"og:image:type\" content=\"image\/jpeg\" \/>\n<meta name=\"author\" content=\"Forbes\" \/>\n<meta name=\"twitter:card\" content=\"summary_large_image\" \/>\n<meta name=\"twitter:creator\" content=\"@fidedignas\" \/>\n<meta name=\"twitter:site\" content=\"@fidedignas\" \/>\n<meta name=\"twitter:label1\" content=\"Escrito por\" \/>\n\t<meta name=\"twitter:data1\" content=\"Forbes\" \/>\n\t<meta name=\"twitter:label2\" content=\"Tiempo de lectura\" \/>\n\t<meta name=\"twitter:data2\" content=\"4 minutos\" \/>\n<script type=\"application\/ld+json\" class=\"yoast-schema-graph\">{\"@context\":\"https:\\\/\\\/schema.org\",\"@graph\":[{\"@type\":\"Article\",\"@id\":\"https:\\\/\\\/fuentesfidedignas.com.mx\\\/index.php\\\/2022\\\/02\\\/22\\\/volvere-en-48-meses-a-competir-por-la-gubernatura-de-quintana-roo-roberto-palazuelos\\\/#article\",\"isPartOf\":{\"@id\":\"https:\\\/\\\/fuentesfidedignas.com.mx\\\/index.php\\\/2022\\\/02\\\/22\\\/volvere-en-48-meses-a-competir-por-la-gubernatura-de-quintana-roo-roberto-palazuelos\\\/\"},\"author\":{\"name\":\"Forbes\",\"@id\":\"https:\\\/\\\/fuentesfidedignas.com.mx\\\/#\\\/schema\\\/person\\\/5623d53fe2e579d825b1679734abcc44\"},\"headline\":\"Volver\u00e9 en 48 meses a competir por la gubernatura de Quintana Roo: Roberto Palazuelos\",\"datePublished\":\"2022-02-22T15:54:50+00:00\",\"dateModified\":\"2022-02-22T15:54:51+00:00\",\"mainEntityOfPage\":{\"@id\":\"https:\\\/\\\/fuentesfidedignas.com.mx\\\/index.php\\\/2022\\\/02\\\/22\\\/volvere-en-48-meses-a-competir-por-la-gubernatura-de-quintana-roo-roberto-palazuelos\\\/\"},\"wordCount\":903,\"commentCount\":0,\"publisher\":{\"@id\":\"https:\\\/\\\/fuentesfidedignas.com.mx\\\/#organization\"},\"image\":{\"@id\":\"https:\\\/\\\/fuentesfidedignas.com.mx\\\/index.php\\\/2022\\\/02\\\/22\\\/volvere-en-48-meses-a-competir-por-la-gubernatura-de-quintana-roo-roberto-palazuelos\\\/#primaryimage\"},\"thumbnailUrl\":\"https:\\\/\\\/fuentesfidedignas.com.mx\\\/wp-content\\\/uploads\\\/2022\\\/02\\\/roberto-palazuelos-1-640x360-1.jpg\",\"keywords\":[\"pol\u00edtica\",\"Roberto Palazuelos\"],\"articleSection\":[\"NOTICIAS NACIONALES\"],\"inLanguage\":\"es\",\"potentialAction\":[{\"@type\":\"CommentAction\",\"name\":\"Comment\",\"target\":[\"https:\\\/\\\/fuentesfidedignas.com.mx\\\/index.php\\\/2022\\\/02\\\/22\\\/volvere-en-48-meses-a-competir-por-la-gubernatura-de-quintana-roo-roberto-palazuelos\\\/#respond\"]}]},{\"@type\":\"WebPage\",\"@id\":\"https:\\\/\\\/fuentesfidedignas.com.mx\\\/index.php\\\/2022\\\/02\\\/22\\\/volvere-en-48-meses-a-competir-por-la-gubernatura-de-quintana-roo-roberto-palazuelos\\\/\",\"url\":\"https:\\\/\\\/fuentesfidedignas.com.mx\\\/index.php\\\/2022\\\/02\\\/22\\\/volvere-en-48-meses-a-competir-por-la-gubernatura-de-quintana-roo-roberto-palazuelos\\\/\",\"name\":\"Volver\u00e9 en 48 meses a competir por la gubernatura de Quintana Roo: Roberto Palazuelos - Fuentes Fidedignas\",\"isPartOf\":{\"@id\":\"https:\\\/\\\/fuentesfidedignas.com.mx\\\/#website\"},\"primaryImageOfPage\":{\"@id\":\"https:\\\/\\\/fuentesfidedignas.com.mx\\\/index.php\\\/2022\\\/02\\\/22\\\/volvere-en-48-meses-a-competir-por-la-gubernatura-de-quintana-roo-roberto-palazuelos\\\/#primaryimage\"},\"image\":{\"@id\":\"https:\\\/\\\/fuentesfidedignas.com.mx\\\/index.php\\\/2022\\\/02\\\/22\\\/volvere-en-48-meses-a-competir-por-la-gubernatura-de-quintana-roo-roberto-palazuelos\\\/#primaryimage\"},\"thumbnailUrl\":\"https:\\\/\\\/fuentesfidedignas.com.mx\\\/wp-content\\\/uploads\\\/2022\\\/02\\\/roberto-palazuelos-1-640x360-1.jpg\",\"datePublished\":\"2022-02-22T15:54:50+00:00\",\"dateModified\":\"2022-02-22T15:54:51+00:00\",\"breadcrumb\":{\"@id\":\"https:\\\/\\\/fuentesfidedignas.com.mx\\\/index.php\\\/2022\\\/02\\\/22\\\/volvere-en-48-meses-a-competir-por-la-gubernatura-de-quintana-roo-roberto-palazuelos\\\/#breadcrumb\"},\"inLanguage\":\"es\",\"potentialAction\":[{\"@type\":\"ReadAction\",\"target\":[\"https:\\\/\\\/fuentesfidedignas.com.mx\\\/index.php\\\/2022\\\/02\\\/22\\\/volvere-en-48-meses-a-competir-por-la-gubernatura-de-quintana-roo-roberto-palazuelos\\\/\"]}]},{\"@type\":\"ImageObject\",\"inLanguage\":\"es\",\"@id\":\"https:\\\/\\\/fuentesfidedignas.com.mx\\\/index.php\\\/2022\\\/02\\\/22\\\/volvere-en-48-meses-a-competir-por-la-gubernatura-de-quintana-roo-roberto-palazuelos\\\/#primaryimage\",\"url\":\"https:\\\/\\\/fuentesfidedignas.com.mx\\\/wp-content\\\/uploads\\\/2022\\\/02\\\/roberto-palazuelos-1-640x360-1.jpg\",\"contentUrl\":\"https:\\\/\\\/fuentesfidedignas.com.mx\\\/wp-content\\\/uploads\\\/2022\\\/02\\\/roberto-palazuelos-1-640x360-1.jpg\",\"width\":640,\"height\":360},{\"@type\":\"BreadcrumbList\",\"@id\":\"https:\\\/\\\/fuentesfidedignas.com.mx\\\/index.php\\\/2022\\\/02\\\/22\\\/volvere-en-48-meses-a-competir-por-la-gubernatura-de-quintana-roo-roberto-palazuelos\\\/#breadcrumb\",\"itemListElement\":[{\"@type\":\"ListItem\",\"position\":1,\"name\":\"Inicio\",\"item\":\"https:\\\/\\\/fuentesfidedignas.com.mx\\\/\"},{\"@type\":\"ListItem\",\"position\":2,\"name\":\"Volver\u00e9 en 48 meses a competir por la gubernatura de Quintana Roo: Roberto Palazuelos\"}]},{\"@type\":\"WebSite\",\"@id\":\"https:\\\/\\\/fuentesfidedignas.com.mx\\\/#website\",\"url\":\"https:\\\/\\\/fuentesfidedignas.com.mx\\\/\",\"name\":\"Fuentes Fidedignas\",\"description\":\"Otro sitio realizado con WordPress\",\"publisher\":{\"@id\":\"https:\\\/\\\/fuentesfidedignas.com.mx\\\/#organization\"},\"potentialAction\":[{\"@type\":\"SearchAction\",\"target\":{\"@type\":\"EntryPoint\",\"urlTemplate\":\"https:\\\/\\\/fuentesfidedignas.com.mx\\\/?s={search_term_string}\"},\"query-input\":{\"@type\":\"PropertyValueSpecification\",\"valueRequired\":true,\"valueName\":\"search_term_string\"}}],\"inLanguage\":\"es\"},{\"@type\":\"Organization\",\"@id\":\"https:\\\/\\\/fuentesfidedignas.com.mx\\\/#organization\",\"name\":\"Fuentes Fidedignas\",\"url\":\"https:\\\/\\\/fuentesfidedignas.com.mx\\\/\",\"logo\":{\"@type\":\"ImageObject\",\"inLanguage\":\"es\",\"@id\":\"https:\\\/\\\/fuentesfidedignas.com.mx\\\/#\\\/schema\\\/logo\\\/image\\\/\",\"url\":\"https:\\\/\\\/fuentesfidedignas.com.mx\\\/wp-content\\\/uploads\\\/2021\\\/04\\\/logo-retina.png\",\"contentUrl\":\"https:\\\/\\\/fuentesfidedignas.com.mx\\\/wp-content\\\/uploads\\\/2021\\\/04\\\/logo-retina.png\",\"width\":280,\"height\":51,\"caption\":\"Fuentes Fidedignas\"},\"image\":{\"@id\":\"https:\\\/\\\/fuentesfidedignas.com.mx\\\/#\\\/schema\\\/logo\\\/image\\\/\"},\"sameAs\":[\"https:\\\/\\\/www.facebook.com\\\/Fuentes-Fidedignas-368234489921644\",\"https:\\\/\\\/x.com\\\/fidedignas\"]},{\"@type\":\"Person\",\"@id\":\"https:\\\/\\\/fuentesfidedignas.com.mx\\\/#\\\/schema\\\/person\\\/5623d53fe2e579d825b1679734abcc44\",\"name\":\"Forbes\",\"image\":{\"@type\":\"ImageObject\",\"inLanguage\":\"es\",\"@id\":\"https:\\\/\\\/secure.gravatar.com\\\/avatar\\\/87ce3dd4e41e60c22a79c758614f01a6bc2469255fc936ec7b15efb9bb5cb66f?s=96&d=mm&r=g\",\"url\":\"https:\\\/\\\/secure.gravatar.com\\\/avatar\\\/87ce3dd4e41e60c22a79c758614f01a6bc2469255fc936ec7b15efb9bb5cb66f?s=96&d=mm&r=g\",\"contentUrl\":\"https:\\\/\\\/secure.gravatar.com\\\/avatar\\\/87ce3dd4e41e60c22a79c758614f01a6bc2469255fc936ec7b15efb9bb5cb66f?s=96&d=mm&r=g\",\"caption\":\"Forbes\"},\"url\":\"https:\\\/\\\/fuentesfidedignas.com.mx\\\/index.php\\\/author\\\/forbes\\\/\"}]}<\/script>\n<!-- \/ Yoast SEO plugin. -->","yoast_head_json":{"title":"Volver\u00e9 en 48 meses a competir por la gubernatura de Quintana Roo: Roberto Palazuelos - Fuentes Fidedignas","robots":{"index":"index","follow":"follow","max-snippet":"max-snippet:-1","max-image-preview":"max-image-preview:large","max-video-preview":"max-video-preview:-1"},"canonical":"https:\/\/fuentesfidedignas.com.mx\/index.php\/2022\/02\/22\/volvere-en-48-meses-a-competir-por-la-gubernatura-de-quintana-roo-roberto-palazuelos\/","og_locale":"es_MX","og_type":"article","og_title":"Volver\u00e9 en 48 meses a competir por la gubernatura de Quintana Roo: Roberto Palazuelos - Fuentes Fidedignas","og_description":"Palazuelos afirm\u00f3 que la pol\u00edtica en M\u00e9xico es muy sucia y est\u00e1 muy mal en muchos aspectos. Ciudad de M\u00e9xico.- Roberto Palazuelos Badeaux, empresario y actor, afirm\u00f3 que volver\u00e1 a competir para ser candidato a gobernador de Quintana Roo en 2027, ya que el estado est\u00e1 quebrado y la violencia y pobreza crece todos los [&hellip;]","og_url":"https:\/\/fuentesfidedignas.com.mx\/index.php\/2022\/02\/22\/volvere-en-48-meses-a-competir-por-la-gubernatura-de-quintana-roo-roberto-palazuelos\/","og_site_name":"Fuentes Fidedignas","article_publisher":"https:\/\/www.facebook.com\/Fuentes-Fidedignas-368234489921644","article_published_time":"2022-02-22T15:54:50+00:00","article_modified_time":"2022-02-22T15:54:51+00:00","og_image":[{"width":640,"height":360,"url":"https:\/\/fuentesfidedignas.com.mx\/wp-content\/uploads\/2022\/02\/roberto-palazuelos-1-640x360-1.jpg","type":"image\/jpeg"}],"author":"Forbes","twitter_card":"summary_large_image","twitter_creator":"@fidedignas","twitter_site":"@fidedignas","twitter_misc":{"Escrito por":"Forbes","Tiempo de lectura":"4 minutos"},"schema":{"@context":"https:\/\/schema.org","@graph":[{"@type":"Article","@id":"https:\/\/fuentesfidedignas.com.mx\/index.php\/2022\/02\/22\/volvere-en-48-meses-a-competir-por-la-gubernatura-de-quintana-roo-roberto-palazuelos\/#article","isPartOf":{"@id":"https:\/\/fuentesfidedignas.com.mx\/index.php\/2022\/02\/22\/volvere-en-48-meses-a-competir-por-la-gubernatura-de-quintana-roo-roberto-palazuelos\/"},"author":{"name":"Forbes","@id":"https:\/\/fuentesfidedignas.com.mx\/#\/schema\/person\/5623d53fe2e579d825b1679734abcc44"},"headline":"Volver\u00e9 en 48 meses a competir por la gubernatura de Quintana Roo: Roberto Palazuelos","datePublished":"2022-02-22T15:54:50+00:00","dateModified":"2022-02-22T15:54:51+00:00","mainEntityOfPage":{"@id":"https:\/\/fuentesfidedignas.com.mx\/index.php\/2022\/02\/22\/volvere-en-48-meses-a-competir-por-la-gubernatura-de-quintana-roo-roberto-palazuelos\/"},"wordCount":903,"commentCount":0,"publisher":{"@id":"https:\/\/fuentesfidedignas.com.mx\/#organization"},"image":{"@id":"https:\/\/fuentesfidedignas.com.mx\/index.php\/2022\/02\/22\/volvere-en-48-meses-a-competir-por-la-gubernatura-de-quintana-roo-roberto-palazuelos\/#primaryimage"},"thumbnailUrl":"https:\/\/fuentesfidedignas.com.mx\/wp-content\/uploads\/2022\/02\/roberto-palazuelos-1-640x360-1.jpg","keywords":["pol\u00edtica","Roberto Palazuelos"],"articleSection":["NOTICIAS NACIONALES"],"inLanguage":"es","potentialAction":[{"@type":"CommentAction","name":"Comment","target":["https:\/\/fuentesfidedignas.com.mx\/index.php\/2022\/02\/22\/volvere-en-48-meses-a-competir-por-la-gubernatura-de-quintana-roo-roberto-palazuelos\/#respond"]}]},{"@type":"WebPage","@id":"https:\/\/fuentesfidedignas.com.mx\/index.php\/2022\/02\/22\/volvere-en-48-meses-a-competir-por-la-gubernatura-de-quintana-roo-roberto-palazuelos\/","url":"https:\/\/fuentesfidedignas.com.mx\/index.php\/2022\/02\/22\/volvere-en-48-meses-a-competir-por-la-gubernatura-de-quintana-roo-roberto-palazuelos\/","name":"Volver\u00e9 en 48 meses a competir por la gubernatura de Quintana Roo: Roberto Palazuelos - Fuentes Fidedignas","isPartOf":{"@id":"https:\/\/fuentesfidedignas.com.mx\/#website"},"primaryImageOfPage":{"@id":"https:\/\/fuentesfidedignas.com.mx\/index.php\/2022\/02\/22\/volvere-en-48-meses-a-competir-por-la-gubernatura-de-quintana-roo-roberto-palazuelos\/#primaryimage"},"image":{"@id":"https:\/\/fuentesfidedignas.com.mx\/index.php\/2022\/02\/22\/volvere-en-48-meses-a-competir-por-la-gubernatura-de-quintana-roo-roberto-palazuelos\/#primaryimage"},"thumbnailUrl":"https:\/\/fuentesfidedignas.com.mx\/wp-content\/uploads\/2022\/02\/roberto-palazuelos-1-640x360-1.jpg","datePublished":"2022-02-22T15:54:50+00:00","dateModified":"2022-02-22T15:54:51+00:00","breadcrumb":{"@id":"https:\/\/fuentesfidedignas.com.mx\/index.php\/2022\/02\/22\/volvere-en-48-meses-a-competir-por-la-gubernatura-de-quintana-roo-roberto-palazuelos\/#breadcrumb"},"inLanguage":"es","potentialAction":[{"@type":"ReadAction","target":["https:\/\/fuentesfidedignas.com.mx\/index.php\/2022\/02\/22\/volvere-en-48-meses-a-competir-por-la-gubernatura-de-quintana-roo-roberto-palazuelos\/"]}]},{"@type":"ImageObject","inLanguage":"es","@id":"https:\/\/fuentesfidedignas.com.mx\/index.php\/2022\/02\/22\/volvere-en-48-meses-a-competir-por-la-gubernatura-de-quintana-roo-roberto-palazuelos\/#primaryimage","url":"https:\/\/fuentesfidedignas.com.mx\/wp-content\/uploads\/2022\/02\/roberto-palazuelos-1-640x360-1.jpg","contentUrl":"https:\/\/fuentesfidedignas.com.mx\/wp-content\/uploads\/2022\/02\/roberto-palazuelos-1-640x360-1.jpg","width":640,"height":360},{"@type":"BreadcrumbList","@id":"https:\/\/fuentesfidedignas.com.mx\/index.php\/2022\/02\/22\/volvere-en-48-meses-a-competir-por-la-gubernatura-de-quintana-roo-roberto-palazuelos\/#breadcrumb","itemListElement":[{"@type":"ListItem","position":1,"name":"Inicio","item":"https:\/\/fuentesfidedignas.com.mx\/"},{"@type":"ListItem","position":2,"name":"Volver\u00e9 en 48 meses a competir por la gubernatura de Quintana Roo: Roberto Palazuelos"}]},{"@type":"WebSite","@id":"https:\/\/fuentesfidedignas.com.mx\/#website","url":"https:\/\/fuentesfidedignas.com.mx\/","name":"Fuentes Fidedignas","description":"Otro sitio realizado con WordPress","publisher":{"@id":"https:\/\/fuentesfidedignas.com.mx\/#organization"},"potentialAction":[{"@type":"SearchAction","target":{"@type":"EntryPoint","urlTemplate":"https:\/\/fuentesfidedignas.com.mx\/?s={search_term_string}"},"query-input":{"@type":"PropertyValueSpecification","valueRequired":true,"valueName":"search_term_string"}}],"inLanguage":"es"},{"@type":"Organization","@id":"https:\/\/fuentesfidedignas.com.mx\/#organization","name":"Fuentes Fidedignas","url":"https:\/\/fuentesfidedignas.com.mx\/","logo":{"@type":"ImageObject","inLanguage":"es","@id":"https:\/\/fuentesfidedignas.com.mx\/#\/schema\/logo\/image\/","url":"https:\/\/fuentesfidedignas.com.mx\/wp-content\/uploads\/2021\/04\/logo-retina.png","contentUrl":"https:\/\/fuentesfidedignas.com.mx\/wp-content\/uploads\/2021\/04\/logo-retina.png","width":280,"height":51,"caption":"Fuentes Fidedignas"},"image":{"@id":"https:\/\/fuentesfidedignas.com.mx\/#\/schema\/logo\/image\/"},"sameAs":["https:\/\/www.facebook.com\/Fuentes-Fidedignas-368234489921644","https:\/\/x.com\/fidedignas"]},{"@type":"Person","@id":"https:\/\/fuentesfidedignas.com.mx\/#\/schema\/person\/5623d53fe2e579d825b1679734abcc44","name":"Forbes","image":{"@type":"ImageObject","inLanguage":"es","@id":"https:\/\/secure.gravatar.com\/avatar\/87ce3dd4e41e60c22a79c758614f01a6bc2469255fc936ec7b15efb9bb5cb66f?s=96&d=mm&r=g","url":"https:\/\/secure.gravatar.com\/avatar\/87ce3dd4e41e60c22a79c758614f01a6bc2469255fc936ec7b15efb9bb5cb66f?s=96&d=mm&r=g","contentUrl":"https:\/\/secure.gravatar.com\/avatar\/87ce3dd4e41e60c22a79c758614f01a6bc2469255fc936ec7b15efb9bb5cb66f?s=96&d=mm&r=g","caption":"Forbes"},"url":"https:\/\/fuentesfidedignas.com.mx\/index.php\/author\/forbes\/"}]}},"_links":{"self":[{"href":"https:\/\/fuentesfidedignas.com.mx\/index.php\/wp-json\/wp\/v2\/posts\/24561","targetHints":{"allow":["GET"]}}],"collection":[{"href":"https:\/\/fuentesfidedignas.com.mx\/index.php\/wp-json\/wp\/v2\/posts"}],"about":[{"href":"https:\/\/fuentesfidedignas.com.mx\/index.php\/wp-json\/wp\/v2\/types\/post"}],"author":[{"embeddable":true,"href":"https:\/\/fuentesfidedignas.com.mx\/index.php\/wp-json\/wp\/v2\/users\/5"}],"replies":[{"embeddable":true,"href":"https:\/\/fuentesfidedignas.com.mx\/index.php\/wp-json\/wp\/v2\/comments?post=24561"}],"version-history":[{"count":1,"href":"https:\/\/fuentesfidedignas.com.mx\/index.php\/wp-json\/wp\/v2\/posts\/24561\/revisions"}],"predecessor-version":[{"id":24563,"href":"https:\/\/fuentesfidedignas.com.mx\/index.php\/wp-json\/wp\/v2\/posts\/24561\/revisions\/24563"}],"wp:featuredmedia":[{"embeddable":true,"href":"https:\/\/fuentesfidedignas.com.mx\/index.php\/wp-json\/wp\/v2\/media\/24562"}],"wp:attachment":[{"href":"https:\/\/fuentesfidedignas.com.mx\/index.php\/wp-json\/wp\/v2\/media?parent=24561"}],"wp:term":[{"taxonomy":"category","embeddable":true,"href":"https:\/\/fuentesfidedignas.com.mx\/index.php\/wp-json\/wp\/v2\/categories?post=24561"},{"taxonomy":"post_tag","embeddable":true,"href":"https:\/\/fuentesfidedignas.com.mx\/index.php\/wp-json\/wp\/v2\/tags?post=24561"}],"curies":[{"name":"wp","href":"https:\/\/api.w.org\/{rel}","templated":true}]}}