{"id":24521,"date":"2022-02-21T15:17:36","date_gmt":"2022-02-21T22:17:36","guid":{"rendered":"https:\/\/fuentesfidedignas.com.mx\/?p=24521"},"modified":"2022-02-21T15:17:57","modified_gmt":"2022-02-21T22:17:57","slug":"pide-alcalde-atender-veda-de-propaganda-y-difusion-por-revocacion-de-mandato","status":"publish","type":"post","link":"https:\/\/fuentesfidedignas.com.mx\/index.php\/2022\/02\/21\/pide-alcalde-atender-veda-de-propaganda-y-difusion-por-revocacion-de-mandato\/","title":{"rendered":"Pide alcalde atender veda de propaganda y difusi\u00f3n por Revocaci\u00f3n de Mandato"},"content":{"rendered":"\n<p><strong><em>As\u00ed lo dijo durante la reuni\u00f3n, tambi\u00e9n se design\u00f3 y tom\u00f3 protesta a la nueva titular de la Unidad de Asuntos Internacionales y Enlace Municipal con la Secretar\u00eda de Relaciones Exteriores SRE<\/em><\/strong><\/p>\n\n\n\n<p>Ahome, Sin. El Alcalde Ahomense pidi\u00f3 a los servidores municipales atender los mandatos de la veda de propaganda y difusi\u00f3n del Instituto Nacional Electoral INE, por el proceso de la consulta de Revocaci\u00f3n de Mandato Federal.<\/p>\n\n\n\n<p>Tambi\u00e9n pidi\u00f3 a los funcionarios cumplir con la presentaci\u00f3n de Declaraci\u00f3n Patrimonial, ya que no solapar\u00e1 que se omitan estos mandatos y se ponga en riesgo y evidencia al Gobierno Municipal.<\/p>\n\n\n\n<p>Durante la sesi\u00f3n se aprob\u00f3 el dictamen de las comisiones unidas de Gobernaci\u00f3n y Derechos Humanos y Grupos Vulnerables, relativo a la creaci\u00f3n del Instituto para el Desarrollo y la Inclusi\u00f3n de las Personas con Discapacidad del Municipio de Ahome, como organismo p\u00fablico descentralizado de la Administraci\u00f3n P\u00fablica Municipal, con personalidad jur\u00eddica y patrimonio propio; as\u00ed como su Reglamento Interior.<\/p>\n\n\n\n<p>El Cabildo Ahomense design\u00f3 nueva titular de la Unidad de Asuntos Internacionales y Enlace Municipal con la Secretar\u00eda de Relacione Exteriores SRE, y tom\u00f3 la protesta de Ley a la nueva funcionaria, quien de inmediato acudir\u00e1 a capacitaci\u00f3n a la Delegaci\u00f3n Sinaloa de la SRE para asumir el cargo. Dijo que espera asumir el cargo a inicio de mes de marzo, por lo que pidi\u00f3 paciencia a la ciudadan\u00eda.<\/p>\n\n\n\n<p>La nueva funcionaria aprovech\u00f3 para pedir a los ciudadanos no dejarse enga\u00f1ar por falsos promotores, ya que los pagos de tr\u00e1mites de documento se hacen en instituciones bancarias con recibos oficiales de la SRE.<\/p>\n\n\n\n<p>Se aprob\u00f3 condonar recargos y multas hasta el 50% en pagos de impuestos municipales cuando se compruebe que la falta de pago se motiv\u00f3 por penuria econ\u00f3mica de los contribuyentes.<\/p>\n\n\n\n<p>Tambi\u00e9n se autoriz\u00f3 para que la Direcci\u00f3n de Ingresos, pueda aplicar el 50% de descuentos en multas de Tr\u00e1nsito, a todo infractor que realice el pago dentro de los primeros treinta d\u00edas naturales siguientes a la fecha de la infracci\u00f3n, lo anterior para incluirlo en el sistema de cobros y que sea aplicado en las cajas municipales. No se incluyen en este descuento, a aquellas infracciones que tengan como origen estacionarse en lugar exclusivo para personas con discapacidad y aquellas que sean originadas por alcohol.<\/p>\n\n\n\n<p>Se acord\u00f3 la creaci\u00f3n de una comisi\u00f3n de regidores para definir montos de descuentos y la designaci\u00f3n de funcionarios que podr\u00e1n firmar dichos beneficios en caso de multas de tr\u00e1nsito.<\/p>\n\n\n\n<p>Se autoriz\u00f3 celebrar convenio de colaboraci\u00f3n entre la Procuradur\u00eda Federal del Consumidor PROFECO y el Municipio de Ahome, con vigencia a partir de la fecha de su firma y hasta el 31 de octubre de 2024.<\/p>\n\n\n\n<p>La propuesta del regidor presidente de la comisi\u00f3n de Seguridad P\u00fablica y Tr\u00e1nsito, consistente en Proyecto de Reglamento de Justicia C\u00edvica para el Municipio de Ahome, se turn\u00f3 para su an\u00e1lisis y dictamen a las comisiones unidas de Gobernaci\u00f3n y Seguridad P\u00fablica y Tr\u00e1nsito.<\/p>\n","protected":false},"excerpt":{"rendered":"<p>As\u00ed lo dijo durante la reuni\u00f3n, tambi\u00e9n se design\u00f3 y tom\u00f3 protesta a la nueva titular de la Unidad de Asuntos Internacionales y Enlace Municipal con la Secretar\u00eda de Relaciones Exteriores SRE Ahome, Sin. El Alcalde Ahomense pidi\u00f3 a los servidores municipales atender los mandatos de la veda de propaganda y difusi\u00f3n del Instituto Nacional [&hellip;]<\/p>\n","protected":false},"author":11,"featured_media":24523,"comment_status":"open","ping_status":"open","sticky":false,"template":"","format":"standard","meta":{"tdm_status":"","tdm_grid_status":"","footnotes":""},"categories":[38],"tags":[1715,1654],"class_list":{"0":"post-24521","1":"post","2":"type-post","3":"status-publish","4":"format-standard","5":"has-post-thumbnail","7":"category-noticias-locales","8":"tag-ayuntamiento-de-ahome","9":"tag-gerardo-vargas-landeros"},"yoast_head":"<!-- This site is optimized with the Yoast SEO plugin v27.5 - https:\/\/yoast.com\/product\/yoast-seo-wordpress\/ -->\n<title>Pide alcalde atender veda de propaganda y difusi\u00f3n por Revocaci\u00f3n de Mandato - Fuentes Fidedignas<\/title>\n<meta name=\"robots\" content=\"index, follow, max-snippet:-1, max-image-preview:large, max-video-preview:-1\" \/>\n<link rel=\"canonical\" href=\"https:\/\/fuentesfidedignas.com.mx\/index.php\/2022\/02\/21\/pide-alcalde-atender-veda-de-propaganda-y-difusion-por-revocacion-de-mandato\/\" \/>\n<meta property=\"og:locale\" content=\"es_MX\" \/>\n<meta property=\"og:type\" content=\"article\" \/>\n<meta property=\"og:title\" content=\"Pide alcalde atender veda de propaganda y difusi\u00f3n por Revocaci\u00f3n de Mandato - Fuentes Fidedignas\" \/>\n<meta property=\"og:description\" content=\"As\u00ed lo dijo durante la reuni\u00f3n, tambi\u00e9n se design\u00f3 y tom\u00f3 protesta a la nueva titular de la Unidad de Asuntos Internacionales y Enlace Municipal con la Secretar\u00eda de Relaciones Exteriores SRE Ahome, Sin. El Alcalde Ahomense pidi\u00f3 a los servidores municipales atender los mandatos de la veda de propaganda y difusi\u00f3n del Instituto Nacional [&hellip;]\" \/>\n<meta property=\"og:url\" content=\"https:\/\/fuentesfidedignas.com.mx\/index.php\/2022\/02\/21\/pide-alcalde-atender-veda-de-propaganda-y-difusion-por-revocacion-de-mandato\/\" \/>\n<meta property=\"og:site_name\" content=\"Fuentes Fidedignas\" \/>\n<meta property=\"article:publisher\" content=\"https:\/\/www.facebook.com\/Fuentes-Fidedignas-368234489921644\" \/>\n<meta property=\"article:published_time\" content=\"2022-02-21T22:17:36+00:00\" \/>\n<meta property=\"article:modified_time\" content=\"2022-02-21T22:17:57+00:00\" \/>\n<meta property=\"og:image\" content=\"https:\/\/fuentesfidedignas.com.mx\/wp-content\/uploads\/2022\/02\/IMG-20220221-WA0042.jpg\" \/>\n\t<meta property=\"og:image:width\" content=\"1139\" \/>\n\t<meta property=\"og:image:height\" content=\"818\" \/>\n\t<meta property=\"og:image:type\" content=\"image\/jpeg\" \/>\n<meta name=\"author\" content=\"Marissa Palafox\" \/>\n<meta name=\"twitter:card\" content=\"summary_large_image\" \/>\n<meta name=\"twitter:creator\" content=\"@fidedignas\" \/>\n<meta name=\"twitter:site\" content=\"@fidedignas\" \/>\n<meta name=\"twitter:label1\" content=\"Escrito por\" \/>\n\t<meta name=\"twitter:data1\" content=\"Marissa Palafox\" \/>\n\t<meta name=\"twitter:label2\" content=\"Tiempo de lectura\" \/>\n\t<meta name=\"twitter:data2\" content=\"3 minutos\" \/>\n<script type=\"application\/ld+json\" class=\"yoast-schema-graph\">{\"@context\":\"https:\\\/\\\/schema.org\",\"@graph\":[{\"@type\":\"Article\",\"@id\":\"https:\\\/\\\/fuentesfidedignas.com.mx\\\/index.php\\\/2022\\\/02\\\/21\\\/pide-alcalde-atender-veda-de-propaganda-y-difusion-por-revocacion-de-mandato\\\/#article\",\"isPartOf\":{\"@id\":\"https:\\\/\\\/fuentesfidedignas.com.mx\\\/index.php\\\/2022\\\/02\\\/21\\\/pide-alcalde-atender-veda-de-propaganda-y-difusion-por-revocacion-de-mandato\\\/\"},\"author\":{\"name\":\"Marissa Palafox\",\"@id\":\"https:\\\/\\\/fuentesfidedignas.com.mx\\\/#\\\/schema\\\/person\\\/2c10028b4a30078c05a056a215342ab9\"},\"headline\":\"Pide alcalde atender veda de propaganda y difusi\u00f3n por Revocaci\u00f3n de Mandato\",\"datePublished\":\"2022-02-21T22:17:36+00:00\",\"dateModified\":\"2022-02-21T22:17:57+00:00\",\"mainEntityOfPage\":{\"@id\":\"https:\\\/\\\/fuentesfidedignas.com.mx\\\/index.php\\\/2022\\\/02\\\/21\\\/pide-alcalde-atender-veda-de-propaganda-y-difusion-por-revocacion-de-mandato\\\/\"},\"wordCount\":540,\"commentCount\":0,\"publisher\":{\"@id\":\"https:\\\/\\\/fuentesfidedignas.com.mx\\\/#organization\"},\"image\":{\"@id\":\"https:\\\/\\\/fuentesfidedignas.com.mx\\\/index.php\\\/2022\\\/02\\\/21\\\/pide-alcalde-atender-veda-de-propaganda-y-difusion-por-revocacion-de-mandato\\\/#primaryimage\"},\"thumbnailUrl\":\"https:\\\/\\\/fuentesfidedignas.com.mx\\\/wp-content\\\/uploads\\\/2022\\\/02\\\/IMG-20220221-WA0042.jpg\",\"keywords\":[\"Ayuntamiento de Ahome\",\"Gerardo Vargas Landeros\"],\"articleSection\":[\"NOTICIAS LOCALES\"],\"inLanguage\":\"es\",\"potentialAction\":[{\"@type\":\"CommentAction\",\"name\":\"Comment\",\"target\":[\"https:\\\/\\\/fuentesfidedignas.com.mx\\\/index.php\\\/2022\\\/02\\\/21\\\/pide-alcalde-atender-veda-de-propaganda-y-difusion-por-revocacion-de-mandato\\\/#respond\"]}]},{\"@type\":\"WebPage\",\"@id\":\"https:\\\/\\\/fuentesfidedignas.com.mx\\\/index.php\\\/2022\\\/02\\\/21\\\/pide-alcalde-atender-veda-de-propaganda-y-difusion-por-revocacion-de-mandato\\\/\",\"url\":\"https:\\\/\\\/fuentesfidedignas.com.mx\\\/index.php\\\/2022\\\/02\\\/21\\\/pide-alcalde-atender-veda-de-propaganda-y-difusion-por-revocacion-de-mandato\\\/\",\"name\":\"Pide alcalde atender veda de propaganda y difusi\u00f3n por Revocaci\u00f3n de Mandato - Fuentes Fidedignas\",\"isPartOf\":{\"@id\":\"https:\\\/\\\/fuentesfidedignas.com.mx\\\/#website\"},\"primaryImageOfPage\":{\"@id\":\"https:\\\/\\\/fuentesfidedignas.com.mx\\\/index.php\\\/2022\\\/02\\\/21\\\/pide-alcalde-atender-veda-de-propaganda-y-difusion-por-revocacion-de-mandato\\\/#primaryimage\"},\"image\":{\"@id\":\"https:\\\/\\\/fuentesfidedignas.com.mx\\\/index.php\\\/2022\\\/02\\\/21\\\/pide-alcalde-atender-veda-de-propaganda-y-difusion-por-revocacion-de-mandato\\\/#primaryimage\"},\"thumbnailUrl\":\"https:\\\/\\\/fuentesfidedignas.com.mx\\\/wp-content\\\/uploads\\\/2022\\\/02\\\/IMG-20220221-WA0042.jpg\",\"datePublished\":\"2022-02-21T22:17:36+00:00\",\"dateModified\":\"2022-02-21T22:17:57+00:00\",\"breadcrumb\":{\"@id\":\"https:\\\/\\\/fuentesfidedignas.com.mx\\\/index.php\\\/2022\\\/02\\\/21\\\/pide-alcalde-atender-veda-de-propaganda-y-difusion-por-revocacion-de-mandato\\\/#breadcrumb\"},\"inLanguage\":\"es\",\"potentialAction\":[{\"@type\":\"ReadAction\",\"target\":[\"https:\\\/\\\/fuentesfidedignas.com.mx\\\/index.php\\\/2022\\\/02\\\/21\\\/pide-alcalde-atender-veda-de-propaganda-y-difusion-por-revocacion-de-mandato\\\/\"]}]},{\"@type\":\"ImageObject\",\"inLanguage\":\"es\",\"@id\":\"https:\\\/\\\/fuentesfidedignas.com.mx\\\/index.php\\\/2022\\\/02\\\/21\\\/pide-alcalde-atender-veda-de-propaganda-y-difusion-por-revocacion-de-mandato\\\/#primaryimage\",\"url\":\"https:\\\/\\\/fuentesfidedignas.com.mx\\\/wp-content\\\/uploads\\\/2022\\\/02\\\/IMG-20220221-WA0042.jpg\",\"contentUrl\":\"https:\\\/\\\/fuentesfidedignas.com.mx\\\/wp-content\\\/uploads\\\/2022\\\/02\\\/IMG-20220221-WA0042.jpg\",\"width\":1139,\"height\":818},{\"@type\":\"BreadcrumbList\",\"@id\":\"https:\\\/\\\/fuentesfidedignas.com.mx\\\/index.php\\\/2022\\\/02\\\/21\\\/pide-alcalde-atender-veda-de-propaganda-y-difusion-por-revocacion-de-mandato\\\/#breadcrumb\",\"itemListElement\":[{\"@type\":\"ListItem\",\"position\":1,\"name\":\"Inicio\",\"item\":\"https:\\\/\\\/fuentesfidedignas.com.mx\\\/\"},{\"@type\":\"ListItem\",\"position\":2,\"name\":\"Pide alcalde atender veda de propaganda y difusi\u00f3n por Revocaci\u00f3n de Mandato\"}]},{\"@type\":\"WebSite\",\"@id\":\"https:\\\/\\\/fuentesfidedignas.com.mx\\\/#website\",\"url\":\"https:\\\/\\\/fuentesfidedignas.com.mx\\\/\",\"name\":\"Fuentes Fidedignas\",\"description\":\"Otro sitio realizado con WordPress\",\"publisher\":{\"@id\":\"https:\\\/\\\/fuentesfidedignas.com.mx\\\/#organization\"},\"potentialAction\":[{\"@type\":\"SearchAction\",\"target\":{\"@type\":\"EntryPoint\",\"urlTemplate\":\"https:\\\/\\\/fuentesfidedignas.com.mx\\\/?s={search_term_string}\"},\"query-input\":{\"@type\":\"PropertyValueSpecification\",\"valueRequired\":true,\"valueName\":\"search_term_string\"}}],\"inLanguage\":\"es\"},{\"@type\":\"Organization\",\"@id\":\"https:\\\/\\\/fuentesfidedignas.com.mx\\\/#organization\",\"name\":\"Fuentes Fidedignas\",\"url\":\"https:\\\/\\\/fuentesfidedignas.com.mx\\\/\",\"logo\":{\"@type\":\"ImageObject\",\"inLanguage\":\"es\",\"@id\":\"https:\\\/\\\/fuentesfidedignas.com.mx\\\/#\\\/schema\\\/logo\\\/image\\\/\",\"url\":\"https:\\\/\\\/fuentesfidedignas.com.mx\\\/wp-content\\\/uploads\\\/2021\\\/04\\\/logo-retina.png\",\"contentUrl\":\"https:\\\/\\\/fuentesfidedignas.com.mx\\\/wp-content\\\/uploads\\\/2021\\\/04\\\/logo-retina.png\",\"width\":280,\"height\":51,\"caption\":\"Fuentes Fidedignas\"},\"image\":{\"@id\":\"https:\\\/\\\/fuentesfidedignas.com.mx\\\/#\\\/schema\\\/logo\\\/image\\\/\"},\"sameAs\":[\"https:\\\/\\\/www.facebook.com\\\/Fuentes-Fidedignas-368234489921644\",\"https:\\\/\\\/x.com\\\/fidedignas\"]},{\"@type\":\"Person\",\"@id\":\"https:\\\/\\\/fuentesfidedignas.com.mx\\\/#\\\/schema\\\/person\\\/2c10028b4a30078c05a056a215342ab9\",\"name\":\"Marissa Palafox\",\"image\":{\"@type\":\"ImageObject\",\"inLanguage\":\"es\",\"@id\":\"https:\\\/\\\/secure.gravatar.com\\\/avatar\\\/20a43bdb2f2db10f20b22d4e98b96eb027faf98f7f76d29854dc5fab46d1cf71?s=96&d=mm&r=g\",\"url\":\"https:\\\/\\\/secure.gravatar.com\\\/avatar\\\/20a43bdb2f2db10f20b22d4e98b96eb027faf98f7f76d29854dc5fab46d1cf71?s=96&d=mm&r=g\",\"contentUrl\":\"https:\\\/\\\/secure.gravatar.com\\\/avatar\\\/20a43bdb2f2db10f20b22d4e98b96eb027faf98f7f76d29854dc5fab46d1cf71?s=96&d=mm&r=g\",\"caption\":\"Marissa Palafox\"},\"url\":\"https:\\\/\\\/fuentesfidedignas.com.mx\\\/index.php\\\/author\\\/marissa\\\/\"}]}<\/script>\n<!-- \/ Yoast SEO plugin. -->","yoast_head_json":{"title":"Pide alcalde atender veda de propaganda y difusi\u00f3n por Revocaci\u00f3n de Mandato - Fuentes Fidedignas","robots":{"index":"index","follow":"follow","max-snippet":"max-snippet:-1","max-image-preview":"max-image-preview:large","max-video-preview":"max-video-preview:-1"},"canonical":"https:\/\/fuentesfidedignas.com.mx\/index.php\/2022\/02\/21\/pide-alcalde-atender-veda-de-propaganda-y-difusion-por-revocacion-de-mandato\/","og_locale":"es_MX","og_type":"article","og_title":"Pide alcalde atender veda de propaganda y difusi\u00f3n por Revocaci\u00f3n de Mandato - Fuentes Fidedignas","og_description":"As\u00ed lo dijo durante la reuni\u00f3n, tambi\u00e9n se design\u00f3 y tom\u00f3 protesta a la nueva titular de la Unidad de Asuntos Internacionales y Enlace Municipal con la Secretar\u00eda de Relaciones Exteriores SRE Ahome, Sin. El Alcalde Ahomense pidi\u00f3 a los servidores municipales atender los mandatos de la veda de propaganda y difusi\u00f3n del Instituto Nacional [&hellip;]","og_url":"https:\/\/fuentesfidedignas.com.mx\/index.php\/2022\/02\/21\/pide-alcalde-atender-veda-de-propaganda-y-difusion-por-revocacion-de-mandato\/","og_site_name":"Fuentes Fidedignas","article_publisher":"https:\/\/www.facebook.com\/Fuentes-Fidedignas-368234489921644","article_published_time":"2022-02-21T22:17:36+00:00","article_modified_time":"2022-02-21T22:17:57+00:00","og_image":[{"width":1139,"height":818,"url":"https:\/\/fuentesfidedignas.com.mx\/wp-content\/uploads\/2022\/02\/IMG-20220221-WA0042.jpg","type":"image\/jpeg"}],"author":"Marissa Palafox","twitter_card":"summary_large_image","twitter_creator":"@fidedignas","twitter_site":"@fidedignas","twitter_misc":{"Escrito por":"Marissa Palafox","Tiempo de lectura":"3 minutos"},"schema":{"@context":"https:\/\/schema.org","@graph":[{"@type":"Article","@id":"https:\/\/fuentesfidedignas.com.mx\/index.php\/2022\/02\/21\/pide-alcalde-atender-veda-de-propaganda-y-difusion-por-revocacion-de-mandato\/#article","isPartOf":{"@id":"https:\/\/fuentesfidedignas.com.mx\/index.php\/2022\/02\/21\/pide-alcalde-atender-veda-de-propaganda-y-difusion-por-revocacion-de-mandato\/"},"author":{"name":"Marissa Palafox","@id":"https:\/\/fuentesfidedignas.com.mx\/#\/schema\/person\/2c10028b4a30078c05a056a215342ab9"},"headline":"Pide alcalde atender veda de propaganda y difusi\u00f3n por Revocaci\u00f3n de Mandato","datePublished":"2022-02-21T22:17:36+00:00","dateModified":"2022-02-21T22:17:57+00:00","mainEntityOfPage":{"@id":"https:\/\/fuentesfidedignas.com.mx\/index.php\/2022\/02\/21\/pide-alcalde-atender-veda-de-propaganda-y-difusion-por-revocacion-de-mandato\/"},"wordCount":540,"commentCount":0,"publisher":{"@id":"https:\/\/fuentesfidedignas.com.mx\/#organization"},"image":{"@id":"https:\/\/fuentesfidedignas.com.mx\/index.php\/2022\/02\/21\/pide-alcalde-atender-veda-de-propaganda-y-difusion-por-revocacion-de-mandato\/#primaryimage"},"thumbnailUrl":"https:\/\/fuentesfidedignas.com.mx\/wp-content\/uploads\/2022\/02\/IMG-20220221-WA0042.jpg","keywords":["Ayuntamiento de Ahome","Gerardo Vargas Landeros"],"articleSection":["NOTICIAS LOCALES"],"inLanguage":"es","potentialAction":[{"@type":"CommentAction","name":"Comment","target":["https:\/\/fuentesfidedignas.com.mx\/index.php\/2022\/02\/21\/pide-alcalde-atender-veda-de-propaganda-y-difusion-por-revocacion-de-mandato\/#respond"]}]},{"@type":"WebPage","@id":"https:\/\/fuentesfidedignas.com.mx\/index.php\/2022\/02\/21\/pide-alcalde-atender-veda-de-propaganda-y-difusion-por-revocacion-de-mandato\/","url":"https:\/\/fuentesfidedignas.com.mx\/index.php\/2022\/02\/21\/pide-alcalde-atender-veda-de-propaganda-y-difusion-por-revocacion-de-mandato\/","name":"Pide alcalde atender veda de propaganda y difusi\u00f3n por Revocaci\u00f3n de Mandato - Fuentes Fidedignas","isPartOf":{"@id":"https:\/\/fuentesfidedignas.com.mx\/#website"},"primaryImageOfPage":{"@id":"https:\/\/fuentesfidedignas.com.mx\/index.php\/2022\/02\/21\/pide-alcalde-atender-veda-de-propaganda-y-difusion-por-revocacion-de-mandato\/#primaryimage"},"image":{"@id":"https:\/\/fuentesfidedignas.com.mx\/index.php\/2022\/02\/21\/pide-alcalde-atender-veda-de-propaganda-y-difusion-por-revocacion-de-mandato\/#primaryimage"},"thumbnailUrl":"https:\/\/fuentesfidedignas.com.mx\/wp-content\/uploads\/2022\/02\/IMG-20220221-WA0042.jpg","datePublished":"2022-02-21T22:17:36+00:00","dateModified":"2022-02-21T22:17:57+00:00","breadcrumb":{"@id":"https:\/\/fuentesfidedignas.com.mx\/index.php\/2022\/02\/21\/pide-alcalde-atender-veda-de-propaganda-y-difusion-por-revocacion-de-mandato\/#breadcrumb"},"inLanguage":"es","potentialAction":[{"@type":"ReadAction","target":["https:\/\/fuentesfidedignas.com.mx\/index.php\/2022\/02\/21\/pide-alcalde-atender-veda-de-propaganda-y-difusion-por-revocacion-de-mandato\/"]}]},{"@type":"ImageObject","inLanguage":"es","@id":"https:\/\/fuentesfidedignas.com.mx\/index.php\/2022\/02\/21\/pide-alcalde-atender-veda-de-propaganda-y-difusion-por-revocacion-de-mandato\/#primaryimage","url":"https:\/\/fuentesfidedignas.com.mx\/wp-content\/uploads\/2022\/02\/IMG-20220221-WA0042.jpg","contentUrl":"https:\/\/fuentesfidedignas.com.mx\/wp-content\/uploads\/2022\/02\/IMG-20220221-WA0042.jpg","width":1139,"height":818},{"@type":"BreadcrumbList","@id":"https:\/\/fuentesfidedignas.com.mx\/index.php\/2022\/02\/21\/pide-alcalde-atender-veda-de-propaganda-y-difusion-por-revocacion-de-mandato\/#breadcrumb","itemListElement":[{"@type":"ListItem","position":1,"name":"Inicio","item":"https:\/\/fuentesfidedignas.com.mx\/"},{"@type":"ListItem","position":2,"name":"Pide alcalde atender veda de propaganda y difusi\u00f3n por Revocaci\u00f3n de Mandato"}]},{"@type":"WebSite","@id":"https:\/\/fuentesfidedignas.com.mx\/#website","url":"https:\/\/fuentesfidedignas.com.mx\/","name":"Fuentes Fidedignas","description":"Otro sitio realizado con WordPress","publisher":{"@id":"https:\/\/fuentesfidedignas.com.mx\/#organization"},"potentialAction":[{"@type":"SearchAction","target":{"@type":"EntryPoint","urlTemplate":"https:\/\/fuentesfidedignas.com.mx\/?s={search_term_string}"},"query-input":{"@type":"PropertyValueSpecification","valueRequired":true,"valueName":"search_term_string"}}],"inLanguage":"es"},{"@type":"Organization","@id":"https:\/\/fuentesfidedignas.com.mx\/#organization","name":"Fuentes Fidedignas","url":"https:\/\/fuentesfidedignas.com.mx\/","logo":{"@type":"ImageObject","inLanguage":"es","@id":"https:\/\/fuentesfidedignas.com.mx\/#\/schema\/logo\/image\/","url":"https:\/\/fuentesfidedignas.com.mx\/wp-content\/uploads\/2021\/04\/logo-retina.png","contentUrl":"https:\/\/fuentesfidedignas.com.mx\/wp-content\/uploads\/2021\/04\/logo-retina.png","width":280,"height":51,"caption":"Fuentes Fidedignas"},"image":{"@id":"https:\/\/fuentesfidedignas.com.mx\/#\/schema\/logo\/image\/"},"sameAs":["https:\/\/www.facebook.com\/Fuentes-Fidedignas-368234489921644","https:\/\/x.com\/fidedignas"]},{"@type":"Person","@id":"https:\/\/fuentesfidedignas.com.mx\/#\/schema\/person\/2c10028b4a30078c05a056a215342ab9","name":"Marissa Palafox","image":{"@type":"ImageObject","inLanguage":"es","@id":"https:\/\/secure.gravatar.com\/avatar\/20a43bdb2f2db10f20b22d4e98b96eb027faf98f7f76d29854dc5fab46d1cf71?s=96&d=mm&r=g","url":"https:\/\/secure.gravatar.com\/avatar\/20a43bdb2f2db10f20b22d4e98b96eb027faf98f7f76d29854dc5fab46d1cf71?s=96&d=mm&r=g","contentUrl":"https:\/\/secure.gravatar.com\/avatar\/20a43bdb2f2db10f20b22d4e98b96eb027faf98f7f76d29854dc5fab46d1cf71?s=96&d=mm&r=g","caption":"Marissa Palafox"},"url":"https:\/\/fuentesfidedignas.com.mx\/index.php\/author\/marissa\/"}]}},"_links":{"self":[{"href":"https:\/\/fuentesfidedignas.com.mx\/index.php\/wp-json\/wp\/v2\/posts\/24521","targetHints":{"allow":["GET"]}}],"collection":[{"href":"https:\/\/fuentesfidedignas.com.mx\/index.php\/wp-json\/wp\/v2\/posts"}],"about":[{"href":"https:\/\/fuentesfidedignas.com.mx\/index.php\/wp-json\/wp\/v2\/types\/post"}],"author":[{"embeddable":true,"href":"https:\/\/fuentesfidedignas.com.mx\/index.php\/wp-json\/wp\/v2\/users\/11"}],"replies":[{"embeddable":true,"href":"https:\/\/fuentesfidedignas.com.mx\/index.php\/wp-json\/wp\/v2\/comments?post=24521"}],"version-history":[{"count":1,"href":"https:\/\/fuentesfidedignas.com.mx\/index.php\/wp-json\/wp\/v2\/posts\/24521\/revisions"}],"predecessor-version":[{"id":24522,"href":"https:\/\/fuentesfidedignas.com.mx\/index.php\/wp-json\/wp\/v2\/posts\/24521\/revisions\/24522"}],"wp:featuredmedia":[{"embeddable":true,"href":"https:\/\/fuentesfidedignas.com.mx\/index.php\/wp-json\/wp\/v2\/media\/24523"}],"wp:attachment":[{"href":"https:\/\/fuentesfidedignas.com.mx\/index.php\/wp-json\/wp\/v2\/media?parent=24521"}],"wp:term":[{"taxonomy":"category","embeddable":true,"href":"https:\/\/fuentesfidedignas.com.mx\/index.php\/wp-json\/wp\/v2\/categories?post=24521"},{"taxonomy":"post_tag","embeddable":true,"href":"https:\/\/fuentesfidedignas.com.mx\/index.php\/wp-json\/wp\/v2\/tags?post=24521"}],"curies":[{"name":"wp","href":"https:\/\/api.w.org\/{rel}","templated":true}]}}