{"id":24515,"date":"2022-02-21T13:59:09","date_gmt":"2022-02-21T20:59:09","guid":{"rendered":"https:\/\/fuentesfidedignas.com.mx\/?p=24515"},"modified":"2022-02-21T13:59:37","modified_gmt":"2022-02-21T20:59:37","slug":"menor-se-dispara-con-un-arma-que-llevo-a-la-escuela-en-iztapalapa","status":"publish","type":"post","link":"https:\/\/fuentesfidedignas.com.mx\/index.php\/2022\/02\/21\/menor-se-dispara-con-un-arma-que-llevo-a-la-escuela-en-iztapalapa\/","title":{"rendered":"Menor se dispara con un arma que llev\u00f3 a la escuela en Iztapalapa"},"content":{"rendered":"\n<p><strong><em><br>De acuerdo con los primeros reportes policiacos, el hecho ocurri\u00f3 alrededor de las a 8:00 horas <\/em><\/strong><\/p>\n\n\n\n<p>Estado de M\u00e9xico. Un estudiante de 12 a\u00f1os de la Escuela Secundaria Diurna N\u00b0 79 \u201cRep\u00fablica de Chile&#8221; result\u00f3 herido en una mano, luego de que presuntamente introdujo un arma de fuego corta en su mochila y al manipularla, se le dispar\u00f3 accidentalmente, la ma\u00f1ana de este lunes en la alcald\u00eda Iztapalapa.<\/p>\n\n\n\n<p>De acuerdo con los primeros reportes policiacos, el hecho ocurri\u00f3 alrededor de las a 8:00 horas, en un laboratorio del plantel p\u00fablico ubicado en la Calzada La Viga y Campesinos, Colonia Mexicaltzingo, Alcald\u00eda Iztapalapa.<\/p>\n\n\n\n<p>Autoridades del plantel explicaron que, seg\u00fan los alumnos, el menor sac\u00f3 el arma que llevaba desde su casa, presuntamente propiedad de su padre. Al manipularla, \u00e9sta se dispar\u00f3 y la bala le hiri\u00f3 los dedos anular y me\u00f1ique de la mano izquierda.<\/p>\n\n\n\n<p>Las autoridades de la escuela llamaron a la polic\u00eda y los servicios de emergencia y acudieron param\u00e9dicos de la unidad MX259D1 del Escuadr\u00f3n de Rescate y Urgencias M\u00e9dicas (ERUM) de la Secretar\u00eda de Seguridad Ciudadana (SSC), quienes diagnosticaron \u201cLesi\u00f3n de arma de fuego entrada y salida dedo anular mano izquierda\u201d.<\/p>\n\n\n\n<p>Las autoridades policiacas llevaron el arma a disposici\u00f3n de la agencia de IZP-4 para deslindar responsabilidad, mientras que el menor fue trasladado al Hospital Pedi\u00e1trico de Iztapalapa con custodia policiaca.<\/p>\n\n\n\n<p>Adem\u00e1s, su padre, presunto due\u00f1o del arma, tambi\u00e9n qued\u00f3 bajo custodia policiaca para despu\u00e9s ser presentado ante las autoridades ministeriales correspondientes, seg\u00fan inform\u00f3 la SSC.<\/p>\n","protected":false},"excerpt":{"rendered":"<p>De acuerdo con los primeros reportes policiacos, el hecho ocurri\u00f3 alrededor de las a 8:00 horas Estado de M\u00e9xico. Un estudiante de 12 a\u00f1os de la Escuela Secundaria Diurna N\u00b0 79 \u201cRep\u00fablica de Chile&#8221; result\u00f3 herido en una mano, luego de que presuntamente introdujo un arma de fuego corta en su mochila y al manipularla, [&hellip;]<\/p>\n","protected":false},"author":50,"featured_media":24517,"comment_status":"open","ping_status":"open","sticky":false,"template":"","format":"standard","meta":{"tdm_status":"","tdm_grid_status":"","footnotes":""},"categories":[39],"tags":[],"class_list":{"0":"post-24515","1":"post","2":"type-post","3":"status-publish","4":"format-standard","5":"has-post-thumbnail","7":"category-noticias-nacionales"},"yoast_head":"<!-- This site is optimized with the Yoast SEO plugin v27.4 - https:\/\/yoast.com\/product\/yoast-seo-wordpress\/ -->\n<title>Menor se dispara con un arma que llev\u00f3 a la escuela en Iztapalapa - Fuentes Fidedignas<\/title>\n<meta name=\"robots\" content=\"index, follow, max-snippet:-1, max-image-preview:large, max-video-preview:-1\" \/>\n<link rel=\"canonical\" href=\"https:\/\/fuentesfidedignas.com.mx\/index.php\/2022\/02\/21\/menor-se-dispara-con-un-arma-que-llevo-a-la-escuela-en-iztapalapa\/\" \/>\n<meta property=\"og:locale\" content=\"es_MX\" \/>\n<meta property=\"og:type\" content=\"article\" \/>\n<meta property=\"og:title\" content=\"Menor se dispara con un arma que llev\u00f3 a la escuela en Iztapalapa - Fuentes Fidedignas\" \/>\n<meta property=\"og:description\" content=\"De acuerdo con los primeros reportes policiacos, el hecho ocurri\u00f3 alrededor de las a 8:00 horas Estado de M\u00e9xico. Un estudiante de 12 a\u00f1os de la Escuela Secundaria Diurna N\u00b0 79 \u201cRep\u00fablica de Chile&#8221; result\u00f3 herido en una mano, luego de que presuntamente introdujo un arma de fuego corta en su mochila y al manipularla, [&hellip;]\" \/>\n<meta property=\"og:url\" content=\"https:\/\/fuentesfidedignas.com.mx\/index.php\/2022\/02\/21\/menor-se-dispara-con-un-arma-que-llevo-a-la-escuela-en-iztapalapa\/\" \/>\n<meta property=\"og:site_name\" content=\"Fuentes Fidedignas\" \/>\n<meta property=\"article:publisher\" content=\"https:\/\/www.facebook.com\/Fuentes-Fidedignas-368234489921644\" \/>\n<meta property=\"article:published_time\" content=\"2022-02-21T20:59:09+00:00\" \/>\n<meta property=\"article:modified_time\" content=\"2022-02-21T20:59:37+00:00\" \/>\n<meta property=\"og:image\" content=\"https:\/\/fuentesfidedignas.com.mx\/wp-content\/uploads\/2022\/02\/f608x342-150610_180333_31.jpg\" \/>\n\t<meta property=\"og:image:width\" content=\"608\" \/>\n\t<meta property=\"og:image:height\" content=\"342\" \/>\n\t<meta property=\"og:image:type\" content=\"image\/jpeg\" \/>\n<meta name=\"author\" content=\"Proceso\" \/>\n<meta name=\"twitter:card\" content=\"summary_large_image\" \/>\n<meta name=\"twitter:creator\" content=\"@fidedignas\" \/>\n<meta name=\"twitter:site\" content=\"@fidedignas\" \/>\n<meta name=\"twitter:label1\" content=\"Escrito por\" \/>\n\t<meta name=\"twitter:data1\" content=\"Proceso\" \/>\n\t<meta name=\"twitter:label2\" content=\"Tiempo de lectura\" \/>\n\t<meta name=\"twitter:data2\" content=\"2 minutos\" \/>\n<script type=\"application\/ld+json\" class=\"yoast-schema-graph\">{\"@context\":\"https:\\\/\\\/schema.org\",\"@graph\":[{\"@type\":\"Article\",\"@id\":\"https:\\\/\\\/fuentesfidedignas.com.mx\\\/index.php\\\/2022\\\/02\\\/21\\\/menor-se-dispara-con-un-arma-que-llevo-a-la-escuela-en-iztapalapa\\\/#article\",\"isPartOf\":{\"@id\":\"https:\\\/\\\/fuentesfidedignas.com.mx\\\/index.php\\\/2022\\\/02\\\/21\\\/menor-se-dispara-con-un-arma-que-llevo-a-la-escuela-en-iztapalapa\\\/\"},\"author\":{\"name\":\"Proceso\",\"@id\":\"https:\\\/\\\/fuentesfidedignas.com.mx\\\/#\\\/schema\\\/person\\\/eb72247ff123b3ce5e4cadc7f50ae372\"},\"headline\":\"Menor se dispara con un arma que llev\u00f3 a la escuela en Iztapalapa\",\"datePublished\":\"2022-02-21T20:59:09+00:00\",\"dateModified\":\"2022-02-21T20:59:37+00:00\",\"mainEntityOfPage\":{\"@id\":\"https:\\\/\\\/fuentesfidedignas.com.mx\\\/index.php\\\/2022\\\/02\\\/21\\\/menor-se-dispara-con-un-arma-que-llevo-a-la-escuela-en-iztapalapa\\\/\"},\"wordCount\":281,\"commentCount\":0,\"publisher\":{\"@id\":\"https:\\\/\\\/fuentesfidedignas.com.mx\\\/#organization\"},\"image\":{\"@id\":\"https:\\\/\\\/fuentesfidedignas.com.mx\\\/index.php\\\/2022\\\/02\\\/21\\\/menor-se-dispara-con-un-arma-que-llevo-a-la-escuela-en-iztapalapa\\\/#primaryimage\"},\"thumbnailUrl\":\"https:\\\/\\\/fuentesfidedignas.com.mx\\\/wp-content\\\/uploads\\\/2022\\\/02\\\/f608x342-150610_180333_31.jpg\",\"articleSection\":[\"NOTICIAS NACIONALES\"],\"inLanguage\":\"es\",\"potentialAction\":[{\"@type\":\"CommentAction\",\"name\":\"Comment\",\"target\":[\"https:\\\/\\\/fuentesfidedignas.com.mx\\\/index.php\\\/2022\\\/02\\\/21\\\/menor-se-dispara-con-un-arma-que-llevo-a-la-escuela-en-iztapalapa\\\/#respond\"]}]},{\"@type\":\"WebPage\",\"@id\":\"https:\\\/\\\/fuentesfidedignas.com.mx\\\/index.php\\\/2022\\\/02\\\/21\\\/menor-se-dispara-con-un-arma-que-llevo-a-la-escuela-en-iztapalapa\\\/\",\"url\":\"https:\\\/\\\/fuentesfidedignas.com.mx\\\/index.php\\\/2022\\\/02\\\/21\\\/menor-se-dispara-con-un-arma-que-llevo-a-la-escuela-en-iztapalapa\\\/\",\"name\":\"Menor se dispara con un arma que llev\u00f3 a la escuela en Iztapalapa - Fuentes Fidedignas\",\"isPartOf\":{\"@id\":\"https:\\\/\\\/fuentesfidedignas.com.mx\\\/#website\"},\"primaryImageOfPage\":{\"@id\":\"https:\\\/\\\/fuentesfidedignas.com.mx\\\/index.php\\\/2022\\\/02\\\/21\\\/menor-se-dispara-con-un-arma-que-llevo-a-la-escuela-en-iztapalapa\\\/#primaryimage\"},\"image\":{\"@id\":\"https:\\\/\\\/fuentesfidedignas.com.mx\\\/index.php\\\/2022\\\/02\\\/21\\\/menor-se-dispara-con-un-arma-que-llevo-a-la-escuela-en-iztapalapa\\\/#primaryimage\"},\"thumbnailUrl\":\"https:\\\/\\\/fuentesfidedignas.com.mx\\\/wp-content\\\/uploads\\\/2022\\\/02\\\/f608x342-150610_180333_31.jpg\",\"datePublished\":\"2022-02-21T20:59:09+00:00\",\"dateModified\":\"2022-02-21T20:59:37+00:00\",\"breadcrumb\":{\"@id\":\"https:\\\/\\\/fuentesfidedignas.com.mx\\\/index.php\\\/2022\\\/02\\\/21\\\/menor-se-dispara-con-un-arma-que-llevo-a-la-escuela-en-iztapalapa\\\/#breadcrumb\"},\"inLanguage\":\"es\",\"potentialAction\":[{\"@type\":\"ReadAction\",\"target\":[\"https:\\\/\\\/fuentesfidedignas.com.mx\\\/index.php\\\/2022\\\/02\\\/21\\\/menor-se-dispara-con-un-arma-que-llevo-a-la-escuela-en-iztapalapa\\\/\"]}]},{\"@type\":\"ImageObject\",\"inLanguage\":\"es\",\"@id\":\"https:\\\/\\\/fuentesfidedignas.com.mx\\\/index.php\\\/2022\\\/02\\\/21\\\/menor-se-dispara-con-un-arma-que-llevo-a-la-escuela-en-iztapalapa\\\/#primaryimage\",\"url\":\"https:\\\/\\\/fuentesfidedignas.com.mx\\\/wp-content\\\/uploads\\\/2022\\\/02\\\/f608x342-150610_180333_31.jpg\",\"contentUrl\":\"https:\\\/\\\/fuentesfidedignas.com.mx\\\/wp-content\\\/uploads\\\/2022\\\/02\\\/f608x342-150610_180333_31.jpg\",\"width\":608,\"height\":342},{\"@type\":\"BreadcrumbList\",\"@id\":\"https:\\\/\\\/fuentesfidedignas.com.mx\\\/index.php\\\/2022\\\/02\\\/21\\\/menor-se-dispara-con-un-arma-que-llevo-a-la-escuela-en-iztapalapa\\\/#breadcrumb\",\"itemListElement\":[{\"@type\":\"ListItem\",\"position\":1,\"name\":\"Inicio\",\"item\":\"https:\\\/\\\/fuentesfidedignas.com.mx\\\/\"},{\"@type\":\"ListItem\",\"position\":2,\"name\":\"Menor se dispara con un arma que llev\u00f3 a la escuela en Iztapalapa\"}]},{\"@type\":\"WebSite\",\"@id\":\"https:\\\/\\\/fuentesfidedignas.com.mx\\\/#website\",\"url\":\"https:\\\/\\\/fuentesfidedignas.com.mx\\\/\",\"name\":\"Fuentes Fidedignas\",\"description\":\"Otro sitio realizado con WordPress\",\"publisher\":{\"@id\":\"https:\\\/\\\/fuentesfidedignas.com.mx\\\/#organization\"},\"potentialAction\":[{\"@type\":\"SearchAction\",\"target\":{\"@type\":\"EntryPoint\",\"urlTemplate\":\"https:\\\/\\\/fuentesfidedignas.com.mx\\\/?s={search_term_string}\"},\"query-input\":{\"@type\":\"PropertyValueSpecification\",\"valueRequired\":true,\"valueName\":\"search_term_string\"}}],\"inLanguage\":\"es\"},{\"@type\":\"Organization\",\"@id\":\"https:\\\/\\\/fuentesfidedignas.com.mx\\\/#organization\",\"name\":\"Fuentes Fidedignas\",\"url\":\"https:\\\/\\\/fuentesfidedignas.com.mx\\\/\",\"logo\":{\"@type\":\"ImageObject\",\"inLanguage\":\"es\",\"@id\":\"https:\\\/\\\/fuentesfidedignas.com.mx\\\/#\\\/schema\\\/logo\\\/image\\\/\",\"url\":\"https:\\\/\\\/fuentesfidedignas.com.mx\\\/wp-content\\\/uploads\\\/2021\\\/04\\\/logo-retina.png\",\"contentUrl\":\"https:\\\/\\\/fuentesfidedignas.com.mx\\\/wp-content\\\/uploads\\\/2021\\\/04\\\/logo-retina.png\",\"width\":280,\"height\":51,\"caption\":\"Fuentes Fidedignas\"},\"image\":{\"@id\":\"https:\\\/\\\/fuentesfidedignas.com.mx\\\/#\\\/schema\\\/logo\\\/image\\\/\"},\"sameAs\":[\"https:\\\/\\\/www.facebook.com\\\/Fuentes-Fidedignas-368234489921644\",\"https:\\\/\\\/x.com\\\/fidedignas\"]},{\"@type\":\"Person\",\"@id\":\"https:\\\/\\\/fuentesfidedignas.com.mx\\\/#\\\/schema\\\/person\\\/eb72247ff123b3ce5e4cadc7f50ae372\",\"name\":\"Proceso\",\"image\":{\"@type\":\"ImageObject\",\"inLanguage\":\"es\",\"@id\":\"https:\\\/\\\/secure.gravatar.com\\\/avatar\\\/0bb01ecb091d50a46122cbe5cc32ffea15a000f83628f1e40458e669d38ff2cd?s=96&d=mm&r=g\",\"url\":\"https:\\\/\\\/secure.gravatar.com\\\/avatar\\\/0bb01ecb091d50a46122cbe5cc32ffea15a000f83628f1e40458e669d38ff2cd?s=96&d=mm&r=g\",\"contentUrl\":\"https:\\\/\\\/secure.gravatar.com\\\/avatar\\\/0bb01ecb091d50a46122cbe5cc32ffea15a000f83628f1e40458e669d38ff2cd?s=96&d=mm&r=g\",\"caption\":\"Proceso\"},\"url\":\"https:\\\/\\\/fuentesfidedignas.com.mx\\\/index.php\\\/author\\\/proceso\\\/\"}]}<\/script>\n<!-- \/ Yoast SEO plugin. -->","yoast_head_json":{"title":"Menor se dispara con un arma que llev\u00f3 a la escuela en Iztapalapa - Fuentes Fidedignas","robots":{"index":"index","follow":"follow","max-snippet":"max-snippet:-1","max-image-preview":"max-image-preview:large","max-video-preview":"max-video-preview:-1"},"canonical":"https:\/\/fuentesfidedignas.com.mx\/index.php\/2022\/02\/21\/menor-se-dispara-con-un-arma-que-llevo-a-la-escuela-en-iztapalapa\/","og_locale":"es_MX","og_type":"article","og_title":"Menor se dispara con un arma que llev\u00f3 a la escuela en Iztapalapa - Fuentes Fidedignas","og_description":"De acuerdo con los primeros reportes policiacos, el hecho ocurri\u00f3 alrededor de las a 8:00 horas Estado de M\u00e9xico. Un estudiante de 12 a\u00f1os de la Escuela Secundaria Diurna N\u00b0 79 \u201cRep\u00fablica de Chile&#8221; result\u00f3 herido en una mano, luego de que presuntamente introdujo un arma de fuego corta en su mochila y al manipularla, [&hellip;]","og_url":"https:\/\/fuentesfidedignas.com.mx\/index.php\/2022\/02\/21\/menor-se-dispara-con-un-arma-que-llevo-a-la-escuela-en-iztapalapa\/","og_site_name":"Fuentes Fidedignas","article_publisher":"https:\/\/www.facebook.com\/Fuentes-Fidedignas-368234489921644","article_published_time":"2022-02-21T20:59:09+00:00","article_modified_time":"2022-02-21T20:59:37+00:00","og_image":[{"width":608,"height":342,"url":"https:\/\/fuentesfidedignas.com.mx\/wp-content\/uploads\/2022\/02\/f608x342-150610_180333_31.jpg","type":"image\/jpeg"}],"author":"Proceso","twitter_card":"summary_large_image","twitter_creator":"@fidedignas","twitter_site":"@fidedignas","twitter_misc":{"Escrito por":"Proceso","Tiempo de lectura":"2 minutos"},"schema":{"@context":"https:\/\/schema.org","@graph":[{"@type":"Article","@id":"https:\/\/fuentesfidedignas.com.mx\/index.php\/2022\/02\/21\/menor-se-dispara-con-un-arma-que-llevo-a-la-escuela-en-iztapalapa\/#article","isPartOf":{"@id":"https:\/\/fuentesfidedignas.com.mx\/index.php\/2022\/02\/21\/menor-se-dispara-con-un-arma-que-llevo-a-la-escuela-en-iztapalapa\/"},"author":{"name":"Proceso","@id":"https:\/\/fuentesfidedignas.com.mx\/#\/schema\/person\/eb72247ff123b3ce5e4cadc7f50ae372"},"headline":"Menor se dispara con un arma que llev\u00f3 a la escuela en Iztapalapa","datePublished":"2022-02-21T20:59:09+00:00","dateModified":"2022-02-21T20:59:37+00:00","mainEntityOfPage":{"@id":"https:\/\/fuentesfidedignas.com.mx\/index.php\/2022\/02\/21\/menor-se-dispara-con-un-arma-que-llevo-a-la-escuela-en-iztapalapa\/"},"wordCount":281,"commentCount":0,"publisher":{"@id":"https:\/\/fuentesfidedignas.com.mx\/#organization"},"image":{"@id":"https:\/\/fuentesfidedignas.com.mx\/index.php\/2022\/02\/21\/menor-se-dispara-con-un-arma-que-llevo-a-la-escuela-en-iztapalapa\/#primaryimage"},"thumbnailUrl":"https:\/\/fuentesfidedignas.com.mx\/wp-content\/uploads\/2022\/02\/f608x342-150610_180333_31.jpg","articleSection":["NOTICIAS NACIONALES"],"inLanguage":"es","potentialAction":[{"@type":"CommentAction","name":"Comment","target":["https:\/\/fuentesfidedignas.com.mx\/index.php\/2022\/02\/21\/menor-se-dispara-con-un-arma-que-llevo-a-la-escuela-en-iztapalapa\/#respond"]}]},{"@type":"WebPage","@id":"https:\/\/fuentesfidedignas.com.mx\/index.php\/2022\/02\/21\/menor-se-dispara-con-un-arma-que-llevo-a-la-escuela-en-iztapalapa\/","url":"https:\/\/fuentesfidedignas.com.mx\/index.php\/2022\/02\/21\/menor-se-dispara-con-un-arma-que-llevo-a-la-escuela-en-iztapalapa\/","name":"Menor se dispara con un arma que llev\u00f3 a la escuela en Iztapalapa - Fuentes Fidedignas","isPartOf":{"@id":"https:\/\/fuentesfidedignas.com.mx\/#website"},"primaryImageOfPage":{"@id":"https:\/\/fuentesfidedignas.com.mx\/index.php\/2022\/02\/21\/menor-se-dispara-con-un-arma-que-llevo-a-la-escuela-en-iztapalapa\/#primaryimage"},"image":{"@id":"https:\/\/fuentesfidedignas.com.mx\/index.php\/2022\/02\/21\/menor-se-dispara-con-un-arma-que-llevo-a-la-escuela-en-iztapalapa\/#primaryimage"},"thumbnailUrl":"https:\/\/fuentesfidedignas.com.mx\/wp-content\/uploads\/2022\/02\/f608x342-150610_180333_31.jpg","datePublished":"2022-02-21T20:59:09+00:00","dateModified":"2022-02-21T20:59:37+00:00","breadcrumb":{"@id":"https:\/\/fuentesfidedignas.com.mx\/index.php\/2022\/02\/21\/menor-se-dispara-con-un-arma-que-llevo-a-la-escuela-en-iztapalapa\/#breadcrumb"},"inLanguage":"es","potentialAction":[{"@type":"ReadAction","target":["https:\/\/fuentesfidedignas.com.mx\/index.php\/2022\/02\/21\/menor-se-dispara-con-un-arma-que-llevo-a-la-escuela-en-iztapalapa\/"]}]},{"@type":"ImageObject","inLanguage":"es","@id":"https:\/\/fuentesfidedignas.com.mx\/index.php\/2022\/02\/21\/menor-se-dispara-con-un-arma-que-llevo-a-la-escuela-en-iztapalapa\/#primaryimage","url":"https:\/\/fuentesfidedignas.com.mx\/wp-content\/uploads\/2022\/02\/f608x342-150610_180333_31.jpg","contentUrl":"https:\/\/fuentesfidedignas.com.mx\/wp-content\/uploads\/2022\/02\/f608x342-150610_180333_31.jpg","width":608,"height":342},{"@type":"BreadcrumbList","@id":"https:\/\/fuentesfidedignas.com.mx\/index.php\/2022\/02\/21\/menor-se-dispara-con-un-arma-que-llevo-a-la-escuela-en-iztapalapa\/#breadcrumb","itemListElement":[{"@type":"ListItem","position":1,"name":"Inicio","item":"https:\/\/fuentesfidedignas.com.mx\/"},{"@type":"ListItem","position":2,"name":"Menor se dispara con un arma que llev\u00f3 a la escuela en Iztapalapa"}]},{"@type":"WebSite","@id":"https:\/\/fuentesfidedignas.com.mx\/#website","url":"https:\/\/fuentesfidedignas.com.mx\/","name":"Fuentes Fidedignas","description":"Otro sitio realizado con WordPress","publisher":{"@id":"https:\/\/fuentesfidedignas.com.mx\/#organization"},"potentialAction":[{"@type":"SearchAction","target":{"@type":"EntryPoint","urlTemplate":"https:\/\/fuentesfidedignas.com.mx\/?s={search_term_string}"},"query-input":{"@type":"PropertyValueSpecification","valueRequired":true,"valueName":"search_term_string"}}],"inLanguage":"es"},{"@type":"Organization","@id":"https:\/\/fuentesfidedignas.com.mx\/#organization","name":"Fuentes Fidedignas","url":"https:\/\/fuentesfidedignas.com.mx\/","logo":{"@type":"ImageObject","inLanguage":"es","@id":"https:\/\/fuentesfidedignas.com.mx\/#\/schema\/logo\/image\/","url":"https:\/\/fuentesfidedignas.com.mx\/wp-content\/uploads\/2021\/04\/logo-retina.png","contentUrl":"https:\/\/fuentesfidedignas.com.mx\/wp-content\/uploads\/2021\/04\/logo-retina.png","width":280,"height":51,"caption":"Fuentes Fidedignas"},"image":{"@id":"https:\/\/fuentesfidedignas.com.mx\/#\/schema\/logo\/image\/"},"sameAs":["https:\/\/www.facebook.com\/Fuentes-Fidedignas-368234489921644","https:\/\/x.com\/fidedignas"]},{"@type":"Person","@id":"https:\/\/fuentesfidedignas.com.mx\/#\/schema\/person\/eb72247ff123b3ce5e4cadc7f50ae372","name":"Proceso","image":{"@type":"ImageObject","inLanguage":"es","@id":"https:\/\/secure.gravatar.com\/avatar\/0bb01ecb091d50a46122cbe5cc32ffea15a000f83628f1e40458e669d38ff2cd?s=96&d=mm&r=g","url":"https:\/\/secure.gravatar.com\/avatar\/0bb01ecb091d50a46122cbe5cc32ffea15a000f83628f1e40458e669d38ff2cd?s=96&d=mm&r=g","contentUrl":"https:\/\/secure.gravatar.com\/avatar\/0bb01ecb091d50a46122cbe5cc32ffea15a000f83628f1e40458e669d38ff2cd?s=96&d=mm&r=g","caption":"Proceso"},"url":"https:\/\/fuentesfidedignas.com.mx\/index.php\/author\/proceso\/"}]}},"_links":{"self":[{"href":"https:\/\/fuentesfidedignas.com.mx\/index.php\/wp-json\/wp\/v2\/posts\/24515","targetHints":{"allow":["GET"]}}],"collection":[{"href":"https:\/\/fuentesfidedignas.com.mx\/index.php\/wp-json\/wp\/v2\/posts"}],"about":[{"href":"https:\/\/fuentesfidedignas.com.mx\/index.php\/wp-json\/wp\/v2\/types\/post"}],"author":[{"embeddable":true,"href":"https:\/\/fuentesfidedignas.com.mx\/index.php\/wp-json\/wp\/v2\/users\/50"}],"replies":[{"embeddable":true,"href":"https:\/\/fuentesfidedignas.com.mx\/index.php\/wp-json\/wp\/v2\/comments?post=24515"}],"version-history":[{"count":1,"href":"https:\/\/fuentesfidedignas.com.mx\/index.php\/wp-json\/wp\/v2\/posts\/24515\/revisions"}],"predecessor-version":[{"id":24516,"href":"https:\/\/fuentesfidedignas.com.mx\/index.php\/wp-json\/wp\/v2\/posts\/24515\/revisions\/24516"}],"wp:featuredmedia":[{"embeddable":true,"href":"https:\/\/fuentesfidedignas.com.mx\/index.php\/wp-json\/wp\/v2\/media\/24517"}],"wp:attachment":[{"href":"https:\/\/fuentesfidedignas.com.mx\/index.php\/wp-json\/wp\/v2\/media?parent=24515"}],"wp:term":[{"taxonomy":"category","embeddable":true,"href":"https:\/\/fuentesfidedignas.com.mx\/index.php\/wp-json\/wp\/v2\/categories?post=24515"},{"taxonomy":"post_tag","embeddable":true,"href":"https:\/\/fuentesfidedignas.com.mx\/index.php\/wp-json\/wp\/v2\/tags?post=24515"}],"curies":[{"name":"wp","href":"https:\/\/api.w.org\/{rel}","templated":true}]}}