{"id":24450,"date":"2022-02-20T17:27:55","date_gmt":"2022-02-21T00:27:55","guid":{"rendered":"https:\/\/fuentesfidedignas.com.mx\/?p=24450"},"modified":"2022-02-20T17:27:55","modified_gmt":"2022-02-21T00:27:55","slug":"bajan-contagios-y-muertes-por-covid-en-las-ultimas-24-horas","status":"publish","type":"post","link":"https:\/\/fuentesfidedignas.com.mx\/index.php\/2022\/02\/20\/bajan-contagios-y-muertes-por-covid-en-las-ultimas-24-horas\/","title":{"rendered":"Bajan contagios y muertes por Covid en las \u00faltimas 24 horas"},"content":{"rendered":"\n<p><strong><em>Bajan contagios por Covid de ayer para hoy hasta en 71%, y muertes en un 65%. En CDMX concluyen con pruebas en centros comerciales.<\/em><\/strong><\/p>\n\n\n\n<p>Ciudad de M\u00e9xico.- La Secretar\u00eda de Salud (SSa) report\u00f3 que las \u00faltimas 24 horas se registraron 5 mil 714 nuevos contagios por Covid-19 y 163 defunciones; ello significa que de ayer para hoy los casos disminuyeron 71% y las muertes 65%.<\/p>\n\n\n\n<p>En el informe diario, la dependencia se\u00f1al\u00f3 que en total van 5 millones 413 mil 425 casos confirmados y 315 mil 688 muertes, y que s\u00f3lo en las \u00faltimas cinco semanas, la mayor parte de los casos est\u00e1n presentes en los grupos de 18 a 29 a\u00f1os, seguido del grupo de 30 a 39 a\u00f1os y 40 a 49 a\u00f1os.<\/p>\n\n\n\n<p>Tambi\u00e9n informa que las 10 primeras entidades que acumulan m\u00e1s casos son: Ciudad de M\u00e9xico, Estado de M\u00e9xico, Nuevo Le\u00f3n, Guanajuato, Jalisco, Tabasco, San Luis Potos\u00ed, Veracruz, Puebla y Sonora, que en conjunto conforman el 64% de todos los casos acumulados registrados en el pa\u00eds.<\/p>\n\n\n\n<p>Seg\u00fan informaci\u00f3n de la Secretar\u00eda de Salud se han aplicado 177 millones 918 mil 897 vacunas a 85 millones 041 mil 305 personas, de las cuales 93% ya tienen su esquema completo, y el resto son nuevos esquemas. Ello significa que 90% de la poblaci\u00f3n mayor de 18 ya tiene al menos una dosis.<\/p>\n\n\n\n<p>Los estados que tienen menos personas vacunadas son Chiapas, Guerrero y Oaxaca, donde menos de 80% de la poblaci\u00f3n mayor de edad est\u00e1 inmunizada contra Covid-19.<\/p>\n\n\n\n<p><strong>Suspenden pruebas Covid en centros comerciales<\/strong><br>En comunicado, la secretaria de la Ciudad de M\u00e9xico inform\u00f3 que debido a la disminuci\u00f3n de contagios, a partir de este domingo concluye el trabajo de test de ant\u00edgenos sin costo en los m\u00f3dulos ubicados en 10 plazas comerciales: Parque Atenas, Parque Tezontle, Parque V\u00eda Vallejo, Zentralia Churubusco, Galer\u00edas Perisur, Centro Comercial Santa Fe, Forum Buenavista, as\u00ed como en los Chedraui Universidad, Arag\u00f3n y Tenayuca.<\/p>\n\n\n\n<p>Por ello se\u00f1al\u00f3 la dependencia que la poblaci\u00f3n que requiera de pruebas de detecci\u00f3n gratuitas podr\u00e1 acudir a 117 centros de salud en donde se aplican as\u00b4como en los 12 macroquioscos que contin\u00faan en operaci\u00f3n.<\/p>\n\n\n\n<figure class=\"wp-block-embed is-type-rich is-provider-twitter wp-block-embed-twitter\"><div class=\"wp-block-embed__wrapper\">\n<blockquote class=\"twitter-tweet\" data-width=\"550\" data-dnt=\"true\"><p lang=\"es\" dir=\"ltr\">A partir del lunes operar\u00e1n en total 12 macroquioscos con \ud83e\uddeapruebas gratuitas de detecci\u00f3n de <a href=\"https:\/\/twitter.com\/hashtag\/COVID19?src=hash&amp;ref_src=twsrc%5Etfw\">#COVID19<\/a>, adem\u00e1s del servicio que se brinda en 117 Centros de Salud.<br><br>Las pruebas gratuitas en centros comerciales concluyen su servicio  este 20 de febrero.<br>\u27a1\ufe0f<a href=\"https:\/\/t.co\/3eYoSW1PDD\">https:\/\/t.co\/3eYoSW1PDD<\/a> <a href=\"https:\/\/t.co\/6S35nO5nsw\">pic.twitter.com\/6S35nO5nsw<\/a><\/p>&mdash; Secretar\u00eda de Salud de la Ciudad de M\u00e9xico (@SSaludCdMx) <a href=\"https:\/\/twitter.com\/SSaludCdMx\/status\/1495481565639581704?ref_src=twsrc%5Etfw\">February 20, 2022<\/a><\/blockquote><script async src=\"https:\/\/platform.twitter.com\/widgets.js\" charset=\"utf-8\"><\/script>\n<\/div><\/figure>\n","protected":false},"excerpt":{"rendered":"<p>Bajan contagios por Covid de ayer para hoy hasta en 71%, y muertes en un 65%. En CDMX concluyen con pruebas en centros comerciales. Ciudad de M\u00e9xico.- La Secretar\u00eda de Salud (SSa) report\u00f3 que las \u00faltimas 24 horas se registraron 5 mil 714 nuevos contagios por Covid-19 y 163 defunciones; ello significa que de ayer [&hellip;]<\/p>\n","protected":false},"author":5,"featured_media":18702,"comment_status":"open","ping_status":"open","sticky":false,"template":"","format":"standard","meta":{"tdm_status":"","tdm_grid_status":"","footnotes":""},"categories":[39],"tags":[],"class_list":{"0":"post-24450","1":"post","2":"type-post","3":"status-publish","4":"format-standard","5":"has-post-thumbnail","7":"category-noticias-nacionales"},"yoast_head":"<!-- This site is optimized with the Yoast SEO plugin v27.5 - https:\/\/yoast.com\/product\/yoast-seo-wordpress\/ -->\n<title>Bajan contagios y muertes por Covid en las \u00faltimas 24 horas - Fuentes Fidedignas<\/title>\n<meta name=\"robots\" content=\"index, follow, max-snippet:-1, max-image-preview:large, max-video-preview:-1\" \/>\n<link rel=\"canonical\" href=\"https:\/\/fuentesfidedignas.com.mx\/index.php\/2022\/02\/20\/bajan-contagios-y-muertes-por-covid-en-las-ultimas-24-horas\/\" \/>\n<meta property=\"og:locale\" content=\"es_MX\" \/>\n<meta property=\"og:type\" content=\"article\" \/>\n<meta property=\"og:title\" content=\"Bajan contagios y muertes por Covid en las \u00faltimas 24 horas - Fuentes Fidedignas\" \/>\n<meta property=\"og:description\" content=\"Bajan contagios por Covid de ayer para hoy hasta en 71%, y muertes en un 65%. En CDMX concluyen con pruebas en centros comerciales. Ciudad de M\u00e9xico.- La Secretar\u00eda de Salud (SSa) report\u00f3 que las \u00faltimas 24 horas se registraron 5 mil 714 nuevos contagios por Covid-19 y 163 defunciones; ello significa que de ayer [&hellip;]\" \/>\n<meta property=\"og:url\" content=\"https:\/\/fuentesfidedignas.com.mx\/index.php\/2022\/02\/20\/bajan-contagios-y-muertes-por-covid-en-las-ultimas-24-horas\/\" \/>\n<meta property=\"og:site_name\" content=\"Fuentes Fidedignas\" \/>\n<meta property=\"article:publisher\" content=\"https:\/\/www.facebook.com\/Fuentes-Fidedignas-368234489921644\" \/>\n<meta property=\"article:published_time\" content=\"2022-02-21T00:27:55+00:00\" \/>\n<meta property=\"og:image\" content=\"https:\/\/fuentesfidedignas.com.mx\/wp-content\/uploads\/2021\/11\/ciudad-de-mexico-covid-19-coronavirus-cdmx.jpg\" \/>\n\t<meta property=\"og:image:width\" content=\"1920\" \/>\n\t<meta property=\"og:image:height\" content=\"1280\" \/>\n\t<meta property=\"og:image:type\" content=\"image\/jpeg\" \/>\n<meta name=\"author\" content=\"Forbes\" \/>\n<meta name=\"twitter:card\" content=\"summary_large_image\" \/>\n<meta name=\"twitter:creator\" content=\"@fidedignas\" \/>\n<meta name=\"twitter:site\" content=\"@fidedignas\" \/>\n<meta name=\"twitter:label1\" content=\"Escrito por\" \/>\n\t<meta name=\"twitter:data1\" content=\"Forbes\" \/>\n\t<meta name=\"twitter:label2\" content=\"Tiempo de lectura\" \/>\n\t<meta name=\"twitter:data2\" content=\"2 minutos\" \/>\n<script type=\"application\/ld+json\" class=\"yoast-schema-graph\">{\"@context\":\"https:\\\/\\\/schema.org\",\"@graph\":[{\"@type\":\"Article\",\"@id\":\"https:\\\/\\\/fuentesfidedignas.com.mx\\\/index.php\\\/2022\\\/02\\\/20\\\/bajan-contagios-y-muertes-por-covid-en-las-ultimas-24-horas\\\/#article\",\"isPartOf\":{\"@id\":\"https:\\\/\\\/fuentesfidedignas.com.mx\\\/index.php\\\/2022\\\/02\\\/20\\\/bajan-contagios-y-muertes-por-covid-en-las-ultimas-24-horas\\\/\"},\"author\":{\"name\":\"Forbes\",\"@id\":\"https:\\\/\\\/fuentesfidedignas.com.mx\\\/#\\\/schema\\\/person\\\/5623d53fe2e579d825b1679734abcc44\"},\"headline\":\"Bajan contagios y muertes por Covid en las \u00faltimas 24 horas\",\"datePublished\":\"2022-02-21T00:27:55+00:00\",\"mainEntityOfPage\":{\"@id\":\"https:\\\/\\\/fuentesfidedignas.com.mx\\\/index.php\\\/2022\\\/02\\\/20\\\/bajan-contagios-y-muertes-por-covid-en-las-ultimas-24-horas\\\/\"},\"wordCount\":395,\"commentCount\":0,\"publisher\":{\"@id\":\"https:\\\/\\\/fuentesfidedignas.com.mx\\\/#organization\"},\"image\":{\"@id\":\"https:\\\/\\\/fuentesfidedignas.com.mx\\\/index.php\\\/2022\\\/02\\\/20\\\/bajan-contagios-y-muertes-por-covid-en-las-ultimas-24-horas\\\/#primaryimage\"},\"thumbnailUrl\":\"https:\\\/\\\/fuentesfidedignas.com.mx\\\/wp-content\\\/uploads\\\/2021\\\/11\\\/ciudad-de-mexico-covid-19-coronavirus-cdmx.jpg\",\"articleSection\":[\"NOTICIAS NACIONALES\"],\"inLanguage\":\"es\",\"potentialAction\":[{\"@type\":\"CommentAction\",\"name\":\"Comment\",\"target\":[\"https:\\\/\\\/fuentesfidedignas.com.mx\\\/index.php\\\/2022\\\/02\\\/20\\\/bajan-contagios-y-muertes-por-covid-en-las-ultimas-24-horas\\\/#respond\"]}]},{\"@type\":\"WebPage\",\"@id\":\"https:\\\/\\\/fuentesfidedignas.com.mx\\\/index.php\\\/2022\\\/02\\\/20\\\/bajan-contagios-y-muertes-por-covid-en-las-ultimas-24-horas\\\/\",\"url\":\"https:\\\/\\\/fuentesfidedignas.com.mx\\\/index.php\\\/2022\\\/02\\\/20\\\/bajan-contagios-y-muertes-por-covid-en-las-ultimas-24-horas\\\/\",\"name\":\"Bajan contagios y muertes por Covid en las \u00faltimas 24 horas - Fuentes Fidedignas\",\"isPartOf\":{\"@id\":\"https:\\\/\\\/fuentesfidedignas.com.mx\\\/#website\"},\"primaryImageOfPage\":{\"@id\":\"https:\\\/\\\/fuentesfidedignas.com.mx\\\/index.php\\\/2022\\\/02\\\/20\\\/bajan-contagios-y-muertes-por-covid-en-las-ultimas-24-horas\\\/#primaryimage\"},\"image\":{\"@id\":\"https:\\\/\\\/fuentesfidedignas.com.mx\\\/index.php\\\/2022\\\/02\\\/20\\\/bajan-contagios-y-muertes-por-covid-en-las-ultimas-24-horas\\\/#primaryimage\"},\"thumbnailUrl\":\"https:\\\/\\\/fuentesfidedignas.com.mx\\\/wp-content\\\/uploads\\\/2021\\\/11\\\/ciudad-de-mexico-covid-19-coronavirus-cdmx.jpg\",\"datePublished\":\"2022-02-21T00:27:55+00:00\",\"breadcrumb\":{\"@id\":\"https:\\\/\\\/fuentesfidedignas.com.mx\\\/index.php\\\/2022\\\/02\\\/20\\\/bajan-contagios-y-muertes-por-covid-en-las-ultimas-24-horas\\\/#breadcrumb\"},\"inLanguage\":\"es\",\"potentialAction\":[{\"@type\":\"ReadAction\",\"target\":[\"https:\\\/\\\/fuentesfidedignas.com.mx\\\/index.php\\\/2022\\\/02\\\/20\\\/bajan-contagios-y-muertes-por-covid-en-las-ultimas-24-horas\\\/\"]}]},{\"@type\":\"ImageObject\",\"inLanguage\":\"es\",\"@id\":\"https:\\\/\\\/fuentesfidedignas.com.mx\\\/index.php\\\/2022\\\/02\\\/20\\\/bajan-contagios-y-muertes-por-covid-en-las-ultimas-24-horas\\\/#primaryimage\",\"url\":\"https:\\\/\\\/fuentesfidedignas.com.mx\\\/wp-content\\\/uploads\\\/2021\\\/11\\\/ciudad-de-mexico-covid-19-coronavirus-cdmx.jpg\",\"contentUrl\":\"https:\\\/\\\/fuentesfidedignas.com.mx\\\/wp-content\\\/uploads\\\/2021\\\/11\\\/ciudad-de-mexico-covid-19-coronavirus-cdmx.jpg\",\"width\":1920,\"height\":1280},{\"@type\":\"BreadcrumbList\",\"@id\":\"https:\\\/\\\/fuentesfidedignas.com.mx\\\/index.php\\\/2022\\\/02\\\/20\\\/bajan-contagios-y-muertes-por-covid-en-las-ultimas-24-horas\\\/#breadcrumb\",\"itemListElement\":[{\"@type\":\"ListItem\",\"position\":1,\"name\":\"Inicio\",\"item\":\"https:\\\/\\\/fuentesfidedignas.com.mx\\\/\"},{\"@type\":\"ListItem\",\"position\":2,\"name\":\"Bajan contagios y muertes por Covid en las \u00faltimas 24 horas\"}]},{\"@type\":\"WebSite\",\"@id\":\"https:\\\/\\\/fuentesfidedignas.com.mx\\\/#website\",\"url\":\"https:\\\/\\\/fuentesfidedignas.com.mx\\\/\",\"name\":\"Fuentes Fidedignas\",\"description\":\"Otro sitio realizado con WordPress\",\"publisher\":{\"@id\":\"https:\\\/\\\/fuentesfidedignas.com.mx\\\/#organization\"},\"potentialAction\":[{\"@type\":\"SearchAction\",\"target\":{\"@type\":\"EntryPoint\",\"urlTemplate\":\"https:\\\/\\\/fuentesfidedignas.com.mx\\\/?s={search_term_string}\"},\"query-input\":{\"@type\":\"PropertyValueSpecification\",\"valueRequired\":true,\"valueName\":\"search_term_string\"}}],\"inLanguage\":\"es\"},{\"@type\":\"Organization\",\"@id\":\"https:\\\/\\\/fuentesfidedignas.com.mx\\\/#organization\",\"name\":\"Fuentes Fidedignas\",\"url\":\"https:\\\/\\\/fuentesfidedignas.com.mx\\\/\",\"logo\":{\"@type\":\"ImageObject\",\"inLanguage\":\"es\",\"@id\":\"https:\\\/\\\/fuentesfidedignas.com.mx\\\/#\\\/schema\\\/logo\\\/image\\\/\",\"url\":\"https:\\\/\\\/fuentesfidedignas.com.mx\\\/wp-content\\\/uploads\\\/2021\\\/04\\\/logo-retina.png\",\"contentUrl\":\"https:\\\/\\\/fuentesfidedignas.com.mx\\\/wp-content\\\/uploads\\\/2021\\\/04\\\/logo-retina.png\",\"width\":280,\"height\":51,\"caption\":\"Fuentes Fidedignas\"},\"image\":{\"@id\":\"https:\\\/\\\/fuentesfidedignas.com.mx\\\/#\\\/schema\\\/logo\\\/image\\\/\"},\"sameAs\":[\"https:\\\/\\\/www.facebook.com\\\/Fuentes-Fidedignas-368234489921644\",\"https:\\\/\\\/x.com\\\/fidedignas\"]},{\"@type\":\"Person\",\"@id\":\"https:\\\/\\\/fuentesfidedignas.com.mx\\\/#\\\/schema\\\/person\\\/5623d53fe2e579d825b1679734abcc44\",\"name\":\"Forbes\",\"image\":{\"@type\":\"ImageObject\",\"inLanguage\":\"es\",\"@id\":\"https:\\\/\\\/secure.gravatar.com\\\/avatar\\\/87ce3dd4e41e60c22a79c758614f01a6bc2469255fc936ec7b15efb9bb5cb66f?s=96&d=mm&r=g\",\"url\":\"https:\\\/\\\/secure.gravatar.com\\\/avatar\\\/87ce3dd4e41e60c22a79c758614f01a6bc2469255fc936ec7b15efb9bb5cb66f?s=96&d=mm&r=g\",\"contentUrl\":\"https:\\\/\\\/secure.gravatar.com\\\/avatar\\\/87ce3dd4e41e60c22a79c758614f01a6bc2469255fc936ec7b15efb9bb5cb66f?s=96&d=mm&r=g\",\"caption\":\"Forbes\"},\"url\":\"https:\\\/\\\/fuentesfidedignas.com.mx\\\/index.php\\\/author\\\/forbes\\\/\"}]}<\/script>\n<!-- \/ Yoast SEO plugin. -->","yoast_head_json":{"title":"Bajan contagios y muertes por Covid en las \u00faltimas 24 horas - Fuentes Fidedignas","robots":{"index":"index","follow":"follow","max-snippet":"max-snippet:-1","max-image-preview":"max-image-preview:large","max-video-preview":"max-video-preview:-1"},"canonical":"https:\/\/fuentesfidedignas.com.mx\/index.php\/2022\/02\/20\/bajan-contagios-y-muertes-por-covid-en-las-ultimas-24-horas\/","og_locale":"es_MX","og_type":"article","og_title":"Bajan contagios y muertes por Covid en las \u00faltimas 24 horas - Fuentes Fidedignas","og_description":"Bajan contagios por Covid de ayer para hoy hasta en 71%, y muertes en un 65%. En CDMX concluyen con pruebas en centros comerciales. Ciudad de M\u00e9xico.- La Secretar\u00eda de Salud (SSa) report\u00f3 que las \u00faltimas 24 horas se registraron 5 mil 714 nuevos contagios por Covid-19 y 163 defunciones; ello significa que de ayer [&hellip;]","og_url":"https:\/\/fuentesfidedignas.com.mx\/index.php\/2022\/02\/20\/bajan-contagios-y-muertes-por-covid-en-las-ultimas-24-horas\/","og_site_name":"Fuentes Fidedignas","article_publisher":"https:\/\/www.facebook.com\/Fuentes-Fidedignas-368234489921644","article_published_time":"2022-02-21T00:27:55+00:00","og_image":[{"width":1920,"height":1280,"url":"https:\/\/fuentesfidedignas.com.mx\/wp-content\/uploads\/2021\/11\/ciudad-de-mexico-covid-19-coronavirus-cdmx.jpg","type":"image\/jpeg"}],"author":"Forbes","twitter_card":"summary_large_image","twitter_creator":"@fidedignas","twitter_site":"@fidedignas","twitter_misc":{"Escrito por":"Forbes","Tiempo de lectura":"2 minutos"},"schema":{"@context":"https:\/\/schema.org","@graph":[{"@type":"Article","@id":"https:\/\/fuentesfidedignas.com.mx\/index.php\/2022\/02\/20\/bajan-contagios-y-muertes-por-covid-en-las-ultimas-24-horas\/#article","isPartOf":{"@id":"https:\/\/fuentesfidedignas.com.mx\/index.php\/2022\/02\/20\/bajan-contagios-y-muertes-por-covid-en-las-ultimas-24-horas\/"},"author":{"name":"Forbes","@id":"https:\/\/fuentesfidedignas.com.mx\/#\/schema\/person\/5623d53fe2e579d825b1679734abcc44"},"headline":"Bajan contagios y muertes por Covid en las \u00faltimas 24 horas","datePublished":"2022-02-21T00:27:55+00:00","mainEntityOfPage":{"@id":"https:\/\/fuentesfidedignas.com.mx\/index.php\/2022\/02\/20\/bajan-contagios-y-muertes-por-covid-en-las-ultimas-24-horas\/"},"wordCount":395,"commentCount":0,"publisher":{"@id":"https:\/\/fuentesfidedignas.com.mx\/#organization"},"image":{"@id":"https:\/\/fuentesfidedignas.com.mx\/index.php\/2022\/02\/20\/bajan-contagios-y-muertes-por-covid-en-las-ultimas-24-horas\/#primaryimage"},"thumbnailUrl":"https:\/\/fuentesfidedignas.com.mx\/wp-content\/uploads\/2021\/11\/ciudad-de-mexico-covid-19-coronavirus-cdmx.jpg","articleSection":["NOTICIAS NACIONALES"],"inLanguage":"es","potentialAction":[{"@type":"CommentAction","name":"Comment","target":["https:\/\/fuentesfidedignas.com.mx\/index.php\/2022\/02\/20\/bajan-contagios-y-muertes-por-covid-en-las-ultimas-24-horas\/#respond"]}]},{"@type":"WebPage","@id":"https:\/\/fuentesfidedignas.com.mx\/index.php\/2022\/02\/20\/bajan-contagios-y-muertes-por-covid-en-las-ultimas-24-horas\/","url":"https:\/\/fuentesfidedignas.com.mx\/index.php\/2022\/02\/20\/bajan-contagios-y-muertes-por-covid-en-las-ultimas-24-horas\/","name":"Bajan contagios y muertes por Covid en las \u00faltimas 24 horas - Fuentes Fidedignas","isPartOf":{"@id":"https:\/\/fuentesfidedignas.com.mx\/#website"},"primaryImageOfPage":{"@id":"https:\/\/fuentesfidedignas.com.mx\/index.php\/2022\/02\/20\/bajan-contagios-y-muertes-por-covid-en-las-ultimas-24-horas\/#primaryimage"},"image":{"@id":"https:\/\/fuentesfidedignas.com.mx\/index.php\/2022\/02\/20\/bajan-contagios-y-muertes-por-covid-en-las-ultimas-24-horas\/#primaryimage"},"thumbnailUrl":"https:\/\/fuentesfidedignas.com.mx\/wp-content\/uploads\/2021\/11\/ciudad-de-mexico-covid-19-coronavirus-cdmx.jpg","datePublished":"2022-02-21T00:27:55+00:00","breadcrumb":{"@id":"https:\/\/fuentesfidedignas.com.mx\/index.php\/2022\/02\/20\/bajan-contagios-y-muertes-por-covid-en-las-ultimas-24-horas\/#breadcrumb"},"inLanguage":"es","potentialAction":[{"@type":"ReadAction","target":["https:\/\/fuentesfidedignas.com.mx\/index.php\/2022\/02\/20\/bajan-contagios-y-muertes-por-covid-en-las-ultimas-24-horas\/"]}]},{"@type":"ImageObject","inLanguage":"es","@id":"https:\/\/fuentesfidedignas.com.mx\/index.php\/2022\/02\/20\/bajan-contagios-y-muertes-por-covid-en-las-ultimas-24-horas\/#primaryimage","url":"https:\/\/fuentesfidedignas.com.mx\/wp-content\/uploads\/2021\/11\/ciudad-de-mexico-covid-19-coronavirus-cdmx.jpg","contentUrl":"https:\/\/fuentesfidedignas.com.mx\/wp-content\/uploads\/2021\/11\/ciudad-de-mexico-covid-19-coronavirus-cdmx.jpg","width":1920,"height":1280},{"@type":"BreadcrumbList","@id":"https:\/\/fuentesfidedignas.com.mx\/index.php\/2022\/02\/20\/bajan-contagios-y-muertes-por-covid-en-las-ultimas-24-horas\/#breadcrumb","itemListElement":[{"@type":"ListItem","position":1,"name":"Inicio","item":"https:\/\/fuentesfidedignas.com.mx\/"},{"@type":"ListItem","position":2,"name":"Bajan contagios y muertes por Covid en las \u00faltimas 24 horas"}]},{"@type":"WebSite","@id":"https:\/\/fuentesfidedignas.com.mx\/#website","url":"https:\/\/fuentesfidedignas.com.mx\/","name":"Fuentes Fidedignas","description":"Otro sitio realizado con WordPress","publisher":{"@id":"https:\/\/fuentesfidedignas.com.mx\/#organization"},"potentialAction":[{"@type":"SearchAction","target":{"@type":"EntryPoint","urlTemplate":"https:\/\/fuentesfidedignas.com.mx\/?s={search_term_string}"},"query-input":{"@type":"PropertyValueSpecification","valueRequired":true,"valueName":"search_term_string"}}],"inLanguage":"es"},{"@type":"Organization","@id":"https:\/\/fuentesfidedignas.com.mx\/#organization","name":"Fuentes Fidedignas","url":"https:\/\/fuentesfidedignas.com.mx\/","logo":{"@type":"ImageObject","inLanguage":"es","@id":"https:\/\/fuentesfidedignas.com.mx\/#\/schema\/logo\/image\/","url":"https:\/\/fuentesfidedignas.com.mx\/wp-content\/uploads\/2021\/04\/logo-retina.png","contentUrl":"https:\/\/fuentesfidedignas.com.mx\/wp-content\/uploads\/2021\/04\/logo-retina.png","width":280,"height":51,"caption":"Fuentes Fidedignas"},"image":{"@id":"https:\/\/fuentesfidedignas.com.mx\/#\/schema\/logo\/image\/"},"sameAs":["https:\/\/www.facebook.com\/Fuentes-Fidedignas-368234489921644","https:\/\/x.com\/fidedignas"]},{"@type":"Person","@id":"https:\/\/fuentesfidedignas.com.mx\/#\/schema\/person\/5623d53fe2e579d825b1679734abcc44","name":"Forbes","image":{"@type":"ImageObject","inLanguage":"es","@id":"https:\/\/secure.gravatar.com\/avatar\/87ce3dd4e41e60c22a79c758614f01a6bc2469255fc936ec7b15efb9bb5cb66f?s=96&d=mm&r=g","url":"https:\/\/secure.gravatar.com\/avatar\/87ce3dd4e41e60c22a79c758614f01a6bc2469255fc936ec7b15efb9bb5cb66f?s=96&d=mm&r=g","contentUrl":"https:\/\/secure.gravatar.com\/avatar\/87ce3dd4e41e60c22a79c758614f01a6bc2469255fc936ec7b15efb9bb5cb66f?s=96&d=mm&r=g","caption":"Forbes"},"url":"https:\/\/fuentesfidedignas.com.mx\/index.php\/author\/forbes\/"}]}},"_links":{"self":[{"href":"https:\/\/fuentesfidedignas.com.mx\/index.php\/wp-json\/wp\/v2\/posts\/24450","targetHints":{"allow":["GET"]}}],"collection":[{"href":"https:\/\/fuentesfidedignas.com.mx\/index.php\/wp-json\/wp\/v2\/posts"}],"about":[{"href":"https:\/\/fuentesfidedignas.com.mx\/index.php\/wp-json\/wp\/v2\/types\/post"}],"author":[{"embeddable":true,"href":"https:\/\/fuentesfidedignas.com.mx\/index.php\/wp-json\/wp\/v2\/users\/5"}],"replies":[{"embeddable":true,"href":"https:\/\/fuentesfidedignas.com.mx\/index.php\/wp-json\/wp\/v2\/comments?post=24450"}],"version-history":[{"count":1,"href":"https:\/\/fuentesfidedignas.com.mx\/index.php\/wp-json\/wp\/v2\/posts\/24450\/revisions"}],"predecessor-version":[{"id":24451,"href":"https:\/\/fuentesfidedignas.com.mx\/index.php\/wp-json\/wp\/v2\/posts\/24450\/revisions\/24451"}],"wp:featuredmedia":[{"embeddable":true,"href":"https:\/\/fuentesfidedignas.com.mx\/index.php\/wp-json\/wp\/v2\/media\/18702"}],"wp:attachment":[{"href":"https:\/\/fuentesfidedignas.com.mx\/index.php\/wp-json\/wp\/v2\/media?parent=24450"}],"wp:term":[{"taxonomy":"category","embeddable":true,"href":"https:\/\/fuentesfidedignas.com.mx\/index.php\/wp-json\/wp\/v2\/categories?post=24450"},{"taxonomy":"post_tag","embeddable":true,"href":"https:\/\/fuentesfidedignas.com.mx\/index.php\/wp-json\/wp\/v2\/tags?post=24450"}],"curies":[{"name":"wp","href":"https:\/\/api.w.org\/{rel}","templated":true}]}}