{"id":24428,"date":"2022-02-19T13:21:00","date_gmt":"2022-02-19T20:21:00","guid":{"rendered":"https:\/\/fuentesfidedignas.com.mx\/?p=24428"},"modified":"2022-02-19T23:24:29","modified_gmt":"2022-02-20T06:24:29","slug":"jose-luis-pech-sera-el-candidato-de-mc-a-la-gubernatura-de-quintana-roo","status":"publish","type":"post","link":"https:\/\/fuentesfidedignas.com.mx\/index.php\/2022\/02\/19\/jose-luis-pech-sera-el-candidato-de-mc-a-la-gubernatura-de-quintana-roo\/","title":{"rendered":"Jos\u00e9 Luis Pech ser\u00e1 el candidato de MC a la gubernatura de Quintana Roo"},"content":{"rendered":"\n<p><br>M<strong><em>ovimiento Ciudadano formaliza candidatura del senador Pech V\u00e1rguez todav\u00eda no ha renunciado a Morena y enfrenta acusaciones de traici\u00f3n por parte de sus correligionarios<\/em><\/strong><\/p>\n\n\n\n<p>Quintana Roo.- <\/p>\n\n\n\n<p>El partido Movimiento Ciudadano (MC) formaliz\u00f3 la candidatura del senador Jos\u00e9 Luis Pech V\u00e1rguez a la gubernatura de Quintana Roo, apenas unas horas despu\u00e9s de que el actor y el empresario Roberto Palazuelos renunciara a la precandidatura para ocupar ese mismo cargo.<\/p>\n\n\n\n<p>Pech lleg\u00f3 al Senado de la Rep\u00fablica por Morena, pero el pasado 17 de febrero anunci\u00f3 que no iba a apoyar a la candidata de su partido a la gubernatura de Quintana Roo, Mara Lezama Espinosa.<\/p>\n\n\n\n<p>Movimiento Ciudadano acusa a tres de sus diputados de aceptar sobornos de Morena<br>La elecci\u00f3n de Jos\u00e9 Luis Pech fue respaldada por el l\u00edder nacional de MC, Movimiento Ciudadano, y m\u00e1s de 250 delegados de ese partido pol\u00edtico en una decisi\u00f3n que se tom\u00f3 por unanimidad en la Asamblea Nacional Electoral que se realiz\u00f3 este s\u00e1bado en un hotel de la colonia N\u00e1poles.<\/p>\n\n\n\n<p>Agradezco a #MovimientoCiudadano el reconocimiento de mi trayectoria pol\u00edtica a favor de los quintanarroenses y su invitaci\u00f3n para ser considerado como candidato ciudadano a la gubernatura de #QuintanaRoo\u201d, escribi\u00f3 el legislador en un tuit.<\/p>\n\n\n\n<p>Pech V\u00e1rguez todav\u00eda no ha renunciado a Morena y enfrenta acusaciones de traici\u00f3n por parte de sus correligionarios.<\/p>\n\n\n\n<p>La renuncia de Roberto Palazuelos a la precandidatura del partido naranja para el gobierno de Quintana Roo se dio tras una semana de esc\u00e1ndalos que involucraron a Palazuelos con un ex l\u00edder del C\u00e1rtel del Golfo mediante un video divulgado en redes y de que el propio actor confesara su participaci\u00f3n en una balacera que le cost\u00f3 la vida a dos personas.<\/p>\n\n\n\n<p>Adem\u00e1s, empresarios hoteleros de Tulum hicieron p\u00fablicas esta semana demandas por despojo en contra de Palazuelos y a una semana de que organizaciones defensoras de la libertad de expresi\u00f3n advirtieran sobre las declaraciones del actor en el sentido de demandar por difamaci\u00f3n y da\u00f1o moral a los periodistas que lo critiquen.<\/p>\n\n\n\n<p>Debido a todos los esc\u00e1ndalos rodearon la precandidatura de Palazuelos, desde el jueves pasado diversas voces de MC hab\u00edan anunciado la intenci\u00f3n de retirarle la candidatura en una sesi\u00f3n de la Asamblea Nacional Electoral que se iba a llevar a cabo este s\u00e1bado.<\/p>\n\n\n\n<p>En esa misma asamblea, la ex panista y ex Jefa de Oficina de la Presidencia con el expresidente Felipe Calder\u00f3n, Patricia Flores fue elegida como candidata de MC a la Gubernatura de Durango.<\/p>\n","protected":false},"excerpt":{"rendered":"<p>Movimiento Ciudadano formaliza candidatura del senador Pech V\u00e1rguez todav\u00eda no ha renunciado a Morena y enfrenta acusaciones de traici\u00f3n por parte de sus correligionarios Quintana Roo.- El partido Movimiento Ciudadano (MC) formaliz\u00f3 la candidatura del senador Jos\u00e9 Luis Pech V\u00e1rguez a la gubernatura de Quintana Roo, apenas unas horas despu\u00e9s de que el actor y [&hellip;]<\/p>\n","protected":false},"author":50,"featured_media":24429,"comment_status":"open","ping_status":"open","sticky":false,"template":"","format":"standard","meta":{"tdm_status":"","tdm_grid_status":"","footnotes":""},"categories":[39],"tags":[],"class_list":{"0":"post-24428","1":"post","2":"type-post","3":"status-publish","4":"format-standard","5":"has-post-thumbnail","7":"category-noticias-nacionales"},"yoast_head":"<!-- This site is optimized with the Yoast SEO plugin v27.4 - https:\/\/yoast.com\/product\/yoast-seo-wordpress\/ -->\n<title>Jos\u00e9 Luis Pech ser\u00e1 el candidato de MC a la gubernatura de Quintana Roo - Fuentes Fidedignas<\/title>\n<meta name=\"robots\" content=\"index, follow, max-snippet:-1, max-image-preview:large, max-video-preview:-1\" \/>\n<link rel=\"canonical\" href=\"https:\/\/fuentesfidedignas.com.mx\/index.php\/2022\/02\/19\/jose-luis-pech-sera-el-candidato-de-mc-a-la-gubernatura-de-quintana-roo\/\" \/>\n<meta property=\"og:locale\" content=\"es_MX\" \/>\n<meta property=\"og:type\" content=\"article\" \/>\n<meta property=\"og:title\" content=\"Jos\u00e9 Luis Pech ser\u00e1 el candidato de MC a la gubernatura de Quintana Roo - Fuentes Fidedignas\" \/>\n<meta property=\"og:description\" content=\"Movimiento Ciudadano formaliza candidatura del senador Pech V\u00e1rguez todav\u00eda no ha renunciado a Morena y enfrenta acusaciones de traici\u00f3n por parte de sus correligionarios Quintana Roo.- El partido Movimiento Ciudadano (MC) formaliz\u00f3 la candidatura del senador Jos\u00e9 Luis Pech V\u00e1rguez a la gubernatura de Quintana Roo, apenas unas horas despu\u00e9s de que el actor y [&hellip;]\" \/>\n<meta property=\"og:url\" content=\"https:\/\/fuentesfidedignas.com.mx\/index.php\/2022\/02\/19\/jose-luis-pech-sera-el-candidato-de-mc-a-la-gubernatura-de-quintana-roo\/\" \/>\n<meta property=\"og:site_name\" content=\"Fuentes Fidedignas\" \/>\n<meta property=\"article:publisher\" content=\"https:\/\/www.facebook.com\/Fuentes-Fidedignas-368234489921644\" \/>\n<meta property=\"article:published_time\" content=\"2022-02-19T20:21:00+00:00\" \/>\n<meta property=\"article:modified_time\" content=\"2022-02-20T06:24:29+00:00\" \/>\n<meta property=\"og:image\" content=\"https:\/\/fuentesfidedignas.com.mx\/wp-content\/uploads\/2022\/02\/5201453.jpg\" \/>\n\t<meta property=\"og:image:width\" content=\"960\" \/>\n\t<meta property=\"og:image:height\" content=\"640\" \/>\n\t<meta property=\"og:image:type\" content=\"image\/jpeg\" \/>\n<meta name=\"author\" content=\"Proceso\" \/>\n<meta name=\"twitter:card\" content=\"summary_large_image\" \/>\n<meta name=\"twitter:creator\" content=\"@fidedignas\" \/>\n<meta name=\"twitter:site\" content=\"@fidedignas\" \/>\n<meta name=\"twitter:label1\" content=\"Escrito por\" \/>\n\t<meta name=\"twitter:data1\" content=\"Proceso\" \/>\n\t<meta name=\"twitter:label2\" content=\"Tiempo de lectura\" \/>\n\t<meta name=\"twitter:data2\" content=\"2 minutos\" \/>\n<script type=\"application\/ld+json\" class=\"yoast-schema-graph\">{\"@context\":\"https:\\\/\\\/schema.org\",\"@graph\":[{\"@type\":\"Article\",\"@id\":\"https:\\\/\\\/fuentesfidedignas.com.mx\\\/index.php\\\/2022\\\/02\\\/19\\\/jose-luis-pech-sera-el-candidato-de-mc-a-la-gubernatura-de-quintana-roo\\\/#article\",\"isPartOf\":{\"@id\":\"https:\\\/\\\/fuentesfidedignas.com.mx\\\/index.php\\\/2022\\\/02\\\/19\\\/jose-luis-pech-sera-el-candidato-de-mc-a-la-gubernatura-de-quintana-roo\\\/\"},\"author\":{\"name\":\"Proceso\",\"@id\":\"https:\\\/\\\/fuentesfidedignas.com.mx\\\/#\\\/schema\\\/person\\\/eb72247ff123b3ce5e4cadc7f50ae372\"},\"headline\":\"Jos\u00e9 Luis Pech ser\u00e1 el candidato de MC a la gubernatura de Quintana Roo\",\"datePublished\":\"2022-02-19T20:21:00+00:00\",\"dateModified\":\"2022-02-20T06:24:29+00:00\",\"mainEntityOfPage\":{\"@id\":\"https:\\\/\\\/fuentesfidedignas.com.mx\\\/index.php\\\/2022\\\/02\\\/19\\\/jose-luis-pech-sera-el-candidato-de-mc-a-la-gubernatura-de-quintana-roo\\\/\"},\"wordCount\":454,\"commentCount\":0,\"publisher\":{\"@id\":\"https:\\\/\\\/fuentesfidedignas.com.mx\\\/#organization\"},\"image\":{\"@id\":\"https:\\\/\\\/fuentesfidedignas.com.mx\\\/index.php\\\/2022\\\/02\\\/19\\\/jose-luis-pech-sera-el-candidato-de-mc-a-la-gubernatura-de-quintana-roo\\\/#primaryimage\"},\"thumbnailUrl\":\"https:\\\/\\\/fuentesfidedignas.com.mx\\\/wp-content\\\/uploads\\\/2022\\\/02\\\/5201453.jpg\",\"articleSection\":[\"NOTICIAS NACIONALES\"],\"inLanguage\":\"es\",\"potentialAction\":[{\"@type\":\"CommentAction\",\"name\":\"Comment\",\"target\":[\"https:\\\/\\\/fuentesfidedignas.com.mx\\\/index.php\\\/2022\\\/02\\\/19\\\/jose-luis-pech-sera-el-candidato-de-mc-a-la-gubernatura-de-quintana-roo\\\/#respond\"]}]},{\"@type\":\"WebPage\",\"@id\":\"https:\\\/\\\/fuentesfidedignas.com.mx\\\/index.php\\\/2022\\\/02\\\/19\\\/jose-luis-pech-sera-el-candidato-de-mc-a-la-gubernatura-de-quintana-roo\\\/\",\"url\":\"https:\\\/\\\/fuentesfidedignas.com.mx\\\/index.php\\\/2022\\\/02\\\/19\\\/jose-luis-pech-sera-el-candidato-de-mc-a-la-gubernatura-de-quintana-roo\\\/\",\"name\":\"Jos\u00e9 Luis Pech ser\u00e1 el candidato de MC a la gubernatura de Quintana Roo - Fuentes Fidedignas\",\"isPartOf\":{\"@id\":\"https:\\\/\\\/fuentesfidedignas.com.mx\\\/#website\"},\"primaryImageOfPage\":{\"@id\":\"https:\\\/\\\/fuentesfidedignas.com.mx\\\/index.php\\\/2022\\\/02\\\/19\\\/jose-luis-pech-sera-el-candidato-de-mc-a-la-gubernatura-de-quintana-roo\\\/#primaryimage\"},\"image\":{\"@id\":\"https:\\\/\\\/fuentesfidedignas.com.mx\\\/index.php\\\/2022\\\/02\\\/19\\\/jose-luis-pech-sera-el-candidato-de-mc-a-la-gubernatura-de-quintana-roo\\\/#primaryimage\"},\"thumbnailUrl\":\"https:\\\/\\\/fuentesfidedignas.com.mx\\\/wp-content\\\/uploads\\\/2022\\\/02\\\/5201453.jpg\",\"datePublished\":\"2022-02-19T20:21:00+00:00\",\"dateModified\":\"2022-02-20T06:24:29+00:00\",\"breadcrumb\":{\"@id\":\"https:\\\/\\\/fuentesfidedignas.com.mx\\\/index.php\\\/2022\\\/02\\\/19\\\/jose-luis-pech-sera-el-candidato-de-mc-a-la-gubernatura-de-quintana-roo\\\/#breadcrumb\"},\"inLanguage\":\"es\",\"potentialAction\":[{\"@type\":\"ReadAction\",\"target\":[\"https:\\\/\\\/fuentesfidedignas.com.mx\\\/index.php\\\/2022\\\/02\\\/19\\\/jose-luis-pech-sera-el-candidato-de-mc-a-la-gubernatura-de-quintana-roo\\\/\"]}]},{\"@type\":\"ImageObject\",\"inLanguage\":\"es\",\"@id\":\"https:\\\/\\\/fuentesfidedignas.com.mx\\\/index.php\\\/2022\\\/02\\\/19\\\/jose-luis-pech-sera-el-candidato-de-mc-a-la-gubernatura-de-quintana-roo\\\/#primaryimage\",\"url\":\"https:\\\/\\\/fuentesfidedignas.com.mx\\\/wp-content\\\/uploads\\\/2022\\\/02\\\/5201453.jpg\",\"contentUrl\":\"https:\\\/\\\/fuentesfidedignas.com.mx\\\/wp-content\\\/uploads\\\/2022\\\/02\\\/5201453.jpg\",\"width\":960,\"height\":640},{\"@type\":\"BreadcrumbList\",\"@id\":\"https:\\\/\\\/fuentesfidedignas.com.mx\\\/index.php\\\/2022\\\/02\\\/19\\\/jose-luis-pech-sera-el-candidato-de-mc-a-la-gubernatura-de-quintana-roo\\\/#breadcrumb\",\"itemListElement\":[{\"@type\":\"ListItem\",\"position\":1,\"name\":\"Inicio\",\"item\":\"https:\\\/\\\/fuentesfidedignas.com.mx\\\/\"},{\"@type\":\"ListItem\",\"position\":2,\"name\":\"Jos\u00e9 Luis Pech ser\u00e1 el candidato de MC a la gubernatura de Quintana Roo\"}]},{\"@type\":\"WebSite\",\"@id\":\"https:\\\/\\\/fuentesfidedignas.com.mx\\\/#website\",\"url\":\"https:\\\/\\\/fuentesfidedignas.com.mx\\\/\",\"name\":\"Fuentes Fidedignas\",\"description\":\"Otro sitio realizado con WordPress\",\"publisher\":{\"@id\":\"https:\\\/\\\/fuentesfidedignas.com.mx\\\/#organization\"},\"potentialAction\":[{\"@type\":\"SearchAction\",\"target\":{\"@type\":\"EntryPoint\",\"urlTemplate\":\"https:\\\/\\\/fuentesfidedignas.com.mx\\\/?s={search_term_string}\"},\"query-input\":{\"@type\":\"PropertyValueSpecification\",\"valueRequired\":true,\"valueName\":\"search_term_string\"}}],\"inLanguage\":\"es\"},{\"@type\":\"Organization\",\"@id\":\"https:\\\/\\\/fuentesfidedignas.com.mx\\\/#organization\",\"name\":\"Fuentes Fidedignas\",\"url\":\"https:\\\/\\\/fuentesfidedignas.com.mx\\\/\",\"logo\":{\"@type\":\"ImageObject\",\"inLanguage\":\"es\",\"@id\":\"https:\\\/\\\/fuentesfidedignas.com.mx\\\/#\\\/schema\\\/logo\\\/image\\\/\",\"url\":\"https:\\\/\\\/fuentesfidedignas.com.mx\\\/wp-content\\\/uploads\\\/2021\\\/04\\\/logo-retina.png\",\"contentUrl\":\"https:\\\/\\\/fuentesfidedignas.com.mx\\\/wp-content\\\/uploads\\\/2021\\\/04\\\/logo-retina.png\",\"width\":280,\"height\":51,\"caption\":\"Fuentes Fidedignas\"},\"image\":{\"@id\":\"https:\\\/\\\/fuentesfidedignas.com.mx\\\/#\\\/schema\\\/logo\\\/image\\\/\"},\"sameAs\":[\"https:\\\/\\\/www.facebook.com\\\/Fuentes-Fidedignas-368234489921644\",\"https:\\\/\\\/x.com\\\/fidedignas\"]},{\"@type\":\"Person\",\"@id\":\"https:\\\/\\\/fuentesfidedignas.com.mx\\\/#\\\/schema\\\/person\\\/eb72247ff123b3ce5e4cadc7f50ae372\",\"name\":\"Proceso\",\"image\":{\"@type\":\"ImageObject\",\"inLanguage\":\"es\",\"@id\":\"https:\\\/\\\/secure.gravatar.com\\\/avatar\\\/0bb01ecb091d50a46122cbe5cc32ffea15a000f83628f1e40458e669d38ff2cd?s=96&d=mm&r=g\",\"url\":\"https:\\\/\\\/secure.gravatar.com\\\/avatar\\\/0bb01ecb091d50a46122cbe5cc32ffea15a000f83628f1e40458e669d38ff2cd?s=96&d=mm&r=g\",\"contentUrl\":\"https:\\\/\\\/secure.gravatar.com\\\/avatar\\\/0bb01ecb091d50a46122cbe5cc32ffea15a000f83628f1e40458e669d38ff2cd?s=96&d=mm&r=g\",\"caption\":\"Proceso\"},\"url\":\"https:\\\/\\\/fuentesfidedignas.com.mx\\\/index.php\\\/author\\\/proceso\\\/\"}]}<\/script>\n<!-- \/ Yoast SEO plugin. -->","yoast_head_json":{"title":"Jos\u00e9 Luis Pech ser\u00e1 el candidato de MC a la gubernatura de Quintana Roo - Fuentes Fidedignas","robots":{"index":"index","follow":"follow","max-snippet":"max-snippet:-1","max-image-preview":"max-image-preview:large","max-video-preview":"max-video-preview:-1"},"canonical":"https:\/\/fuentesfidedignas.com.mx\/index.php\/2022\/02\/19\/jose-luis-pech-sera-el-candidato-de-mc-a-la-gubernatura-de-quintana-roo\/","og_locale":"es_MX","og_type":"article","og_title":"Jos\u00e9 Luis Pech ser\u00e1 el candidato de MC a la gubernatura de Quintana Roo - Fuentes Fidedignas","og_description":"Movimiento Ciudadano formaliza candidatura del senador Pech V\u00e1rguez todav\u00eda no ha renunciado a Morena y enfrenta acusaciones de traici\u00f3n por parte de sus correligionarios Quintana Roo.- El partido Movimiento Ciudadano (MC) formaliz\u00f3 la candidatura del senador Jos\u00e9 Luis Pech V\u00e1rguez a la gubernatura de Quintana Roo, apenas unas horas despu\u00e9s de que el actor y [&hellip;]","og_url":"https:\/\/fuentesfidedignas.com.mx\/index.php\/2022\/02\/19\/jose-luis-pech-sera-el-candidato-de-mc-a-la-gubernatura-de-quintana-roo\/","og_site_name":"Fuentes Fidedignas","article_publisher":"https:\/\/www.facebook.com\/Fuentes-Fidedignas-368234489921644","article_published_time":"2022-02-19T20:21:00+00:00","article_modified_time":"2022-02-20T06:24:29+00:00","og_image":[{"width":960,"height":640,"url":"https:\/\/fuentesfidedignas.com.mx\/wp-content\/uploads\/2022\/02\/5201453.jpg","type":"image\/jpeg"}],"author":"Proceso","twitter_card":"summary_large_image","twitter_creator":"@fidedignas","twitter_site":"@fidedignas","twitter_misc":{"Escrito por":"Proceso","Tiempo de lectura":"2 minutos"},"schema":{"@context":"https:\/\/schema.org","@graph":[{"@type":"Article","@id":"https:\/\/fuentesfidedignas.com.mx\/index.php\/2022\/02\/19\/jose-luis-pech-sera-el-candidato-de-mc-a-la-gubernatura-de-quintana-roo\/#article","isPartOf":{"@id":"https:\/\/fuentesfidedignas.com.mx\/index.php\/2022\/02\/19\/jose-luis-pech-sera-el-candidato-de-mc-a-la-gubernatura-de-quintana-roo\/"},"author":{"name":"Proceso","@id":"https:\/\/fuentesfidedignas.com.mx\/#\/schema\/person\/eb72247ff123b3ce5e4cadc7f50ae372"},"headline":"Jos\u00e9 Luis Pech ser\u00e1 el candidato de MC a la gubernatura de Quintana Roo","datePublished":"2022-02-19T20:21:00+00:00","dateModified":"2022-02-20T06:24:29+00:00","mainEntityOfPage":{"@id":"https:\/\/fuentesfidedignas.com.mx\/index.php\/2022\/02\/19\/jose-luis-pech-sera-el-candidato-de-mc-a-la-gubernatura-de-quintana-roo\/"},"wordCount":454,"commentCount":0,"publisher":{"@id":"https:\/\/fuentesfidedignas.com.mx\/#organization"},"image":{"@id":"https:\/\/fuentesfidedignas.com.mx\/index.php\/2022\/02\/19\/jose-luis-pech-sera-el-candidato-de-mc-a-la-gubernatura-de-quintana-roo\/#primaryimage"},"thumbnailUrl":"https:\/\/fuentesfidedignas.com.mx\/wp-content\/uploads\/2022\/02\/5201453.jpg","articleSection":["NOTICIAS NACIONALES"],"inLanguage":"es","potentialAction":[{"@type":"CommentAction","name":"Comment","target":["https:\/\/fuentesfidedignas.com.mx\/index.php\/2022\/02\/19\/jose-luis-pech-sera-el-candidato-de-mc-a-la-gubernatura-de-quintana-roo\/#respond"]}]},{"@type":"WebPage","@id":"https:\/\/fuentesfidedignas.com.mx\/index.php\/2022\/02\/19\/jose-luis-pech-sera-el-candidato-de-mc-a-la-gubernatura-de-quintana-roo\/","url":"https:\/\/fuentesfidedignas.com.mx\/index.php\/2022\/02\/19\/jose-luis-pech-sera-el-candidato-de-mc-a-la-gubernatura-de-quintana-roo\/","name":"Jos\u00e9 Luis Pech ser\u00e1 el candidato de MC a la gubernatura de Quintana Roo - Fuentes Fidedignas","isPartOf":{"@id":"https:\/\/fuentesfidedignas.com.mx\/#website"},"primaryImageOfPage":{"@id":"https:\/\/fuentesfidedignas.com.mx\/index.php\/2022\/02\/19\/jose-luis-pech-sera-el-candidato-de-mc-a-la-gubernatura-de-quintana-roo\/#primaryimage"},"image":{"@id":"https:\/\/fuentesfidedignas.com.mx\/index.php\/2022\/02\/19\/jose-luis-pech-sera-el-candidato-de-mc-a-la-gubernatura-de-quintana-roo\/#primaryimage"},"thumbnailUrl":"https:\/\/fuentesfidedignas.com.mx\/wp-content\/uploads\/2022\/02\/5201453.jpg","datePublished":"2022-02-19T20:21:00+00:00","dateModified":"2022-02-20T06:24:29+00:00","breadcrumb":{"@id":"https:\/\/fuentesfidedignas.com.mx\/index.php\/2022\/02\/19\/jose-luis-pech-sera-el-candidato-de-mc-a-la-gubernatura-de-quintana-roo\/#breadcrumb"},"inLanguage":"es","potentialAction":[{"@type":"ReadAction","target":["https:\/\/fuentesfidedignas.com.mx\/index.php\/2022\/02\/19\/jose-luis-pech-sera-el-candidato-de-mc-a-la-gubernatura-de-quintana-roo\/"]}]},{"@type":"ImageObject","inLanguage":"es","@id":"https:\/\/fuentesfidedignas.com.mx\/index.php\/2022\/02\/19\/jose-luis-pech-sera-el-candidato-de-mc-a-la-gubernatura-de-quintana-roo\/#primaryimage","url":"https:\/\/fuentesfidedignas.com.mx\/wp-content\/uploads\/2022\/02\/5201453.jpg","contentUrl":"https:\/\/fuentesfidedignas.com.mx\/wp-content\/uploads\/2022\/02\/5201453.jpg","width":960,"height":640},{"@type":"BreadcrumbList","@id":"https:\/\/fuentesfidedignas.com.mx\/index.php\/2022\/02\/19\/jose-luis-pech-sera-el-candidato-de-mc-a-la-gubernatura-de-quintana-roo\/#breadcrumb","itemListElement":[{"@type":"ListItem","position":1,"name":"Inicio","item":"https:\/\/fuentesfidedignas.com.mx\/"},{"@type":"ListItem","position":2,"name":"Jos\u00e9 Luis Pech ser\u00e1 el candidato de MC a la gubernatura de Quintana Roo"}]},{"@type":"WebSite","@id":"https:\/\/fuentesfidedignas.com.mx\/#website","url":"https:\/\/fuentesfidedignas.com.mx\/","name":"Fuentes Fidedignas","description":"Otro sitio realizado con WordPress","publisher":{"@id":"https:\/\/fuentesfidedignas.com.mx\/#organization"},"potentialAction":[{"@type":"SearchAction","target":{"@type":"EntryPoint","urlTemplate":"https:\/\/fuentesfidedignas.com.mx\/?s={search_term_string}"},"query-input":{"@type":"PropertyValueSpecification","valueRequired":true,"valueName":"search_term_string"}}],"inLanguage":"es"},{"@type":"Organization","@id":"https:\/\/fuentesfidedignas.com.mx\/#organization","name":"Fuentes Fidedignas","url":"https:\/\/fuentesfidedignas.com.mx\/","logo":{"@type":"ImageObject","inLanguage":"es","@id":"https:\/\/fuentesfidedignas.com.mx\/#\/schema\/logo\/image\/","url":"https:\/\/fuentesfidedignas.com.mx\/wp-content\/uploads\/2021\/04\/logo-retina.png","contentUrl":"https:\/\/fuentesfidedignas.com.mx\/wp-content\/uploads\/2021\/04\/logo-retina.png","width":280,"height":51,"caption":"Fuentes Fidedignas"},"image":{"@id":"https:\/\/fuentesfidedignas.com.mx\/#\/schema\/logo\/image\/"},"sameAs":["https:\/\/www.facebook.com\/Fuentes-Fidedignas-368234489921644","https:\/\/x.com\/fidedignas"]},{"@type":"Person","@id":"https:\/\/fuentesfidedignas.com.mx\/#\/schema\/person\/eb72247ff123b3ce5e4cadc7f50ae372","name":"Proceso","image":{"@type":"ImageObject","inLanguage":"es","@id":"https:\/\/secure.gravatar.com\/avatar\/0bb01ecb091d50a46122cbe5cc32ffea15a000f83628f1e40458e669d38ff2cd?s=96&d=mm&r=g","url":"https:\/\/secure.gravatar.com\/avatar\/0bb01ecb091d50a46122cbe5cc32ffea15a000f83628f1e40458e669d38ff2cd?s=96&d=mm&r=g","contentUrl":"https:\/\/secure.gravatar.com\/avatar\/0bb01ecb091d50a46122cbe5cc32ffea15a000f83628f1e40458e669d38ff2cd?s=96&d=mm&r=g","caption":"Proceso"},"url":"https:\/\/fuentesfidedignas.com.mx\/index.php\/author\/proceso\/"}]}},"_links":{"self":[{"href":"https:\/\/fuentesfidedignas.com.mx\/index.php\/wp-json\/wp\/v2\/posts\/24428","targetHints":{"allow":["GET"]}}],"collection":[{"href":"https:\/\/fuentesfidedignas.com.mx\/index.php\/wp-json\/wp\/v2\/posts"}],"about":[{"href":"https:\/\/fuentesfidedignas.com.mx\/index.php\/wp-json\/wp\/v2\/types\/post"}],"author":[{"embeddable":true,"href":"https:\/\/fuentesfidedignas.com.mx\/index.php\/wp-json\/wp\/v2\/users\/50"}],"replies":[{"embeddable":true,"href":"https:\/\/fuentesfidedignas.com.mx\/index.php\/wp-json\/wp\/v2\/comments?post=24428"}],"version-history":[{"count":1,"href":"https:\/\/fuentesfidedignas.com.mx\/index.php\/wp-json\/wp\/v2\/posts\/24428\/revisions"}],"predecessor-version":[{"id":24430,"href":"https:\/\/fuentesfidedignas.com.mx\/index.php\/wp-json\/wp\/v2\/posts\/24428\/revisions\/24430"}],"wp:featuredmedia":[{"embeddable":true,"href":"https:\/\/fuentesfidedignas.com.mx\/index.php\/wp-json\/wp\/v2\/media\/24429"}],"wp:attachment":[{"href":"https:\/\/fuentesfidedignas.com.mx\/index.php\/wp-json\/wp\/v2\/media?parent=24428"}],"wp:term":[{"taxonomy":"category","embeddable":true,"href":"https:\/\/fuentesfidedignas.com.mx\/index.php\/wp-json\/wp\/v2\/categories?post=24428"},{"taxonomy":"post_tag","embeddable":true,"href":"https:\/\/fuentesfidedignas.com.mx\/index.php\/wp-json\/wp\/v2\/tags?post=24428"}],"curies":[{"name":"wp","href":"https:\/\/api.w.org\/{rel}","templated":true}]}}