{"id":24320,"date":"2022-02-18T09:02:40","date_gmt":"2022-02-18T16:02:40","guid":{"rendered":"https:\/\/fuentesfidedignas.com.mx\/?p=24320"},"modified":"2022-02-18T12:22:01","modified_gmt":"2022-02-18T19:22:01","slug":"amlo-anticipa-que-proxima-semana-podria-reanudarse-exportacion-de-aguacate-a-eu","status":"publish","type":"post","link":"https:\/\/fuentesfidedignas.com.mx\/index.php\/2022\/02\/18\/amlo-anticipa-que-proxima-semana-podria-reanudarse-exportacion-de-aguacate-a-eu\/","title":{"rendered":"AMLO anticipa que pr\u00f3xima semana podr\u00eda reanudarse exportaci\u00f3n de aguacate a EU"},"content":{"rendered":"\n<p><strong><em>L\u00f3pez Obrador anticip\u00f3 que la pr\u00f3xima semana podr\u00eda resolverse diferendo con EU relativo a seguridad entorno a exportaci\u00f3n de aguacate.<\/em><\/strong><\/p>\n\n\n\n<p>Ciudad de M\u00e9xico.- El presidente Andr\u00e9s Manuel L\u00f3pez Obrador anticip\u00f3 este viernes que la pr\u00f3xima semana quedar\u00e1 resuelta la controversia con las autoridades de Estados Unidos para la normalizaci\u00f3n del aguacate proveniente desde Michoac\u00e1n, y que durante el fin de semana fue pausada indefinidamente por cuestiones de seguridad.<\/p>\n\n\n\n<p>En conferencia de prensa desde Ciudad Ju\u00e1rez, Chihuahua, el secretario de Gobernaci\u00f3n, Ad\u00e1n Augusto L\u00f3pez Hern\u00e1ndez, adelant\u00f3 que el gobierno federal as\u00ed como de Michoac\u00e1n, han presentado una propuesta a los reguladores estadounidenses para reforzar los compromisos de seguridad.<\/p>\n\n\n\n<p>\u201cSe estuvo revisando en los \u00faltimos d\u00edas, hay una propuesta para que se pueda regularizar la exportaci\u00f3n de aguacate, nosotros esperamos que sea positiva y a partir de la pr\u00f3xima semana se pueda exportar, es b\u00e1sicamente revisar la regulaci\u00f3n. Se van a reforzar esos mecanismos de seguridad\u201d, dijo L\u00f3pez Hern\u00e1ndez.<\/p>\n\n\n\n<p>El s\u00e1bado pasado, Estados Unidos suspendi\u00f3 hasta nuevo aviso las exportaciones de aguacate producidas en Michoac\u00e1n hacia ese pa\u00eds debido a amenazas a un inspector adscrito al Departamento de Agricultura de los Estados Unidos (USDA, por sus siglas en ingl\u00e9s).<\/p>\n\n\n\n<p>La autoridad sanitaria estadounidense hizo del conocimiento al Servicio Nacional de Sanidad, Inocuidad y Calidad Agroalimentaria (Senasica) que tom\u00f3 la determinaci\u00f3n luego de que uno de sus oficiales, quien realizaba la labor de inspecci\u00f3n en Uruapan, Michoac\u00e1n, recibi\u00f3 una llamada de amenaza a su tel\u00e9fono celular oficial.<\/p>\n\n\n\n<p>Sin embargo, fuentes con conocimiento del hecho informaron a Forbes M\u00e9xico que un empleado del Departamento de Agricultura de Estados Unidos fue secuestrado en dicho municipio michoacano.<\/p>\n\n\n\n<p>APHIS-USDA report\u00f3 que, actualmente, se lleva a cabo una investigaci\u00f3n para evaluar la amenaza y determinar las medidas de mitigaci\u00f3n necesarias para garantizar la integridad f\u00edsica de la totalidad de su personal que labora en Michoac\u00e1n.<\/p>\n","protected":false},"excerpt":{"rendered":"<p>L\u00f3pez Obrador anticip\u00f3 que la pr\u00f3xima semana podr\u00eda resolverse diferendo con EU relativo a seguridad entorno a exportaci\u00f3n de aguacate. Ciudad de M\u00e9xico.- El presidente Andr\u00e9s Manuel L\u00f3pez Obrador anticip\u00f3 este viernes que la pr\u00f3xima semana quedar\u00e1 resuelta la controversia con las autoridades de Estados Unidos para la normalizaci\u00f3n del aguacate proveniente desde Michoac\u00e1n, y [&hellip;]<\/p>\n","protected":false},"author":5,"featured_media":23990,"comment_status":"open","ping_status":"open","sticky":false,"template":"","format":"standard","meta":{"tdm_status":"","tdm_grid_status":"","footnotes":""},"categories":[1],"tags":[2364,315,2385],"class_list":{"0":"post-24320","1":"post","2":"type-post","3":"status-publish","4":"format-standard","5":"has-post-thumbnail","7":"category-sin-categoria","8":"tag-aguacate","9":"tag-estados-unidos","10":"tag-exportaciones"},"yoast_head":"<!-- This site is optimized with the Yoast SEO plugin v27.5 - https:\/\/yoast.com\/product\/yoast-seo-wordpress\/ -->\n<title>AMLO anticipa que pr\u00f3xima semana podr\u00eda reanudarse exportaci\u00f3n de aguacate a EU - Fuentes Fidedignas<\/title>\n<meta name=\"robots\" content=\"index, follow, max-snippet:-1, max-image-preview:large, max-video-preview:-1\" \/>\n<link rel=\"canonical\" href=\"https:\/\/fuentesfidedignas.com.mx\/index.php\/2022\/02\/18\/amlo-anticipa-que-proxima-semana-podria-reanudarse-exportacion-de-aguacate-a-eu\/\" \/>\n<meta property=\"og:locale\" content=\"es_MX\" \/>\n<meta property=\"og:type\" content=\"article\" \/>\n<meta property=\"og:title\" content=\"AMLO anticipa que pr\u00f3xima semana podr\u00eda reanudarse exportaci\u00f3n de aguacate a EU - Fuentes Fidedignas\" \/>\n<meta property=\"og:description\" content=\"L\u00f3pez Obrador anticip\u00f3 que la pr\u00f3xima semana podr\u00eda resolverse diferendo con EU relativo a seguridad entorno a exportaci\u00f3n de aguacate. Ciudad de M\u00e9xico.- El presidente Andr\u00e9s Manuel L\u00f3pez Obrador anticip\u00f3 este viernes que la pr\u00f3xima semana quedar\u00e1 resuelta la controversia con las autoridades de Estados Unidos para la normalizaci\u00f3n del aguacate proveniente desde Michoac\u00e1n, y [&hellip;]\" \/>\n<meta property=\"og:url\" content=\"https:\/\/fuentesfidedignas.com.mx\/index.php\/2022\/02\/18\/amlo-anticipa-que-proxima-semana-podria-reanudarse-exportacion-de-aguacate-a-eu\/\" \/>\n<meta property=\"og:site_name\" content=\"Fuentes Fidedignas\" \/>\n<meta property=\"article:publisher\" content=\"https:\/\/www.facebook.com\/Fuentes-Fidedignas-368234489921644\" \/>\n<meta property=\"article:published_time\" content=\"2022-02-18T16:02:40+00:00\" \/>\n<meta property=\"article:modified_time\" content=\"2022-02-18T19:22:01+00:00\" \/>\n<meta property=\"og:image\" content=\"https:\/\/fuentesfidedignas.com.mx\/wp-content\/uploads\/2022\/02\/AGUACATE.jpg\" \/>\n\t<meta property=\"og:image:width\" content=\"800\" \/>\n\t<meta property=\"og:image:height\" content=\"600\" \/>\n\t<meta property=\"og:image:type\" content=\"image\/jpeg\" \/>\n<meta name=\"author\" content=\"Forbes\" \/>\n<meta name=\"twitter:card\" content=\"summary_large_image\" \/>\n<meta name=\"twitter:creator\" content=\"@fidedignas\" \/>\n<meta name=\"twitter:site\" content=\"@fidedignas\" \/>\n<meta name=\"twitter:label1\" content=\"Escrito por\" \/>\n\t<meta name=\"twitter:data1\" content=\"Forbes\" \/>\n\t<meta name=\"twitter:label2\" content=\"Tiempo de lectura\" \/>\n\t<meta name=\"twitter:data2\" content=\"2 minutos\" \/>\n<script type=\"application\/ld+json\" class=\"yoast-schema-graph\">{\"@context\":\"https:\\\/\\\/schema.org\",\"@graph\":[{\"@type\":\"Article\",\"@id\":\"https:\\\/\\\/fuentesfidedignas.com.mx\\\/index.php\\\/2022\\\/02\\\/18\\\/amlo-anticipa-que-proxima-semana-podria-reanudarse-exportacion-de-aguacate-a-eu\\\/#article\",\"isPartOf\":{\"@id\":\"https:\\\/\\\/fuentesfidedignas.com.mx\\\/index.php\\\/2022\\\/02\\\/18\\\/amlo-anticipa-que-proxima-semana-podria-reanudarse-exportacion-de-aguacate-a-eu\\\/\"},\"author\":{\"name\":\"Forbes\",\"@id\":\"https:\\\/\\\/fuentesfidedignas.com.mx\\\/#\\\/schema\\\/person\\\/5623d53fe2e579d825b1679734abcc44\"},\"headline\":\"AMLO anticipa que pr\u00f3xima semana podr\u00eda reanudarse exportaci\u00f3n de aguacate a EU\",\"datePublished\":\"2022-02-18T16:02:40+00:00\",\"dateModified\":\"2022-02-18T19:22:01+00:00\",\"mainEntityOfPage\":{\"@id\":\"https:\\\/\\\/fuentesfidedignas.com.mx\\\/index.php\\\/2022\\\/02\\\/18\\\/amlo-anticipa-que-proxima-semana-podria-reanudarse-exportacion-de-aguacate-a-eu\\\/\"},\"wordCount\":359,\"commentCount\":0,\"publisher\":{\"@id\":\"https:\\\/\\\/fuentesfidedignas.com.mx\\\/#organization\"},\"image\":{\"@id\":\"https:\\\/\\\/fuentesfidedignas.com.mx\\\/index.php\\\/2022\\\/02\\\/18\\\/amlo-anticipa-que-proxima-semana-podria-reanudarse-exportacion-de-aguacate-a-eu\\\/#primaryimage\"},\"thumbnailUrl\":\"https:\\\/\\\/fuentesfidedignas.com.mx\\\/wp-content\\\/uploads\\\/2022\\\/02\\\/AGUACATE.jpg\",\"keywords\":[\"Aguacate\",\"Estados Unidos\",\"Exportaciones\"],\"inLanguage\":\"es\",\"potentialAction\":[{\"@type\":\"CommentAction\",\"name\":\"Comment\",\"target\":[\"https:\\\/\\\/fuentesfidedignas.com.mx\\\/index.php\\\/2022\\\/02\\\/18\\\/amlo-anticipa-que-proxima-semana-podria-reanudarse-exportacion-de-aguacate-a-eu\\\/#respond\"]}]},{\"@type\":\"WebPage\",\"@id\":\"https:\\\/\\\/fuentesfidedignas.com.mx\\\/index.php\\\/2022\\\/02\\\/18\\\/amlo-anticipa-que-proxima-semana-podria-reanudarse-exportacion-de-aguacate-a-eu\\\/\",\"url\":\"https:\\\/\\\/fuentesfidedignas.com.mx\\\/index.php\\\/2022\\\/02\\\/18\\\/amlo-anticipa-que-proxima-semana-podria-reanudarse-exportacion-de-aguacate-a-eu\\\/\",\"name\":\"AMLO anticipa que pr\u00f3xima semana podr\u00eda reanudarse exportaci\u00f3n de aguacate a EU - Fuentes Fidedignas\",\"isPartOf\":{\"@id\":\"https:\\\/\\\/fuentesfidedignas.com.mx\\\/#website\"},\"primaryImageOfPage\":{\"@id\":\"https:\\\/\\\/fuentesfidedignas.com.mx\\\/index.php\\\/2022\\\/02\\\/18\\\/amlo-anticipa-que-proxima-semana-podria-reanudarse-exportacion-de-aguacate-a-eu\\\/#primaryimage\"},\"image\":{\"@id\":\"https:\\\/\\\/fuentesfidedignas.com.mx\\\/index.php\\\/2022\\\/02\\\/18\\\/amlo-anticipa-que-proxima-semana-podria-reanudarse-exportacion-de-aguacate-a-eu\\\/#primaryimage\"},\"thumbnailUrl\":\"https:\\\/\\\/fuentesfidedignas.com.mx\\\/wp-content\\\/uploads\\\/2022\\\/02\\\/AGUACATE.jpg\",\"datePublished\":\"2022-02-18T16:02:40+00:00\",\"dateModified\":\"2022-02-18T19:22:01+00:00\",\"breadcrumb\":{\"@id\":\"https:\\\/\\\/fuentesfidedignas.com.mx\\\/index.php\\\/2022\\\/02\\\/18\\\/amlo-anticipa-que-proxima-semana-podria-reanudarse-exportacion-de-aguacate-a-eu\\\/#breadcrumb\"},\"inLanguage\":\"es\",\"potentialAction\":[{\"@type\":\"ReadAction\",\"target\":[\"https:\\\/\\\/fuentesfidedignas.com.mx\\\/index.php\\\/2022\\\/02\\\/18\\\/amlo-anticipa-que-proxima-semana-podria-reanudarse-exportacion-de-aguacate-a-eu\\\/\"]}]},{\"@type\":\"ImageObject\",\"inLanguage\":\"es\",\"@id\":\"https:\\\/\\\/fuentesfidedignas.com.mx\\\/index.php\\\/2022\\\/02\\\/18\\\/amlo-anticipa-que-proxima-semana-podria-reanudarse-exportacion-de-aguacate-a-eu\\\/#primaryimage\",\"url\":\"https:\\\/\\\/fuentesfidedignas.com.mx\\\/wp-content\\\/uploads\\\/2022\\\/02\\\/AGUACATE.jpg\",\"contentUrl\":\"https:\\\/\\\/fuentesfidedignas.com.mx\\\/wp-content\\\/uploads\\\/2022\\\/02\\\/AGUACATE.jpg\",\"width\":800,\"height\":600},{\"@type\":\"BreadcrumbList\",\"@id\":\"https:\\\/\\\/fuentesfidedignas.com.mx\\\/index.php\\\/2022\\\/02\\\/18\\\/amlo-anticipa-que-proxima-semana-podria-reanudarse-exportacion-de-aguacate-a-eu\\\/#breadcrumb\",\"itemListElement\":[{\"@type\":\"ListItem\",\"position\":1,\"name\":\"Inicio\",\"item\":\"https:\\\/\\\/fuentesfidedignas.com.mx\\\/\"},{\"@type\":\"ListItem\",\"position\":2,\"name\":\"AMLO anticipa que pr\u00f3xima semana podr\u00eda reanudarse exportaci\u00f3n de aguacate a EU\"}]},{\"@type\":\"WebSite\",\"@id\":\"https:\\\/\\\/fuentesfidedignas.com.mx\\\/#website\",\"url\":\"https:\\\/\\\/fuentesfidedignas.com.mx\\\/\",\"name\":\"Fuentes Fidedignas\",\"description\":\"Otro sitio realizado con WordPress\",\"publisher\":{\"@id\":\"https:\\\/\\\/fuentesfidedignas.com.mx\\\/#organization\"},\"potentialAction\":[{\"@type\":\"SearchAction\",\"target\":{\"@type\":\"EntryPoint\",\"urlTemplate\":\"https:\\\/\\\/fuentesfidedignas.com.mx\\\/?s={search_term_string}\"},\"query-input\":{\"@type\":\"PropertyValueSpecification\",\"valueRequired\":true,\"valueName\":\"search_term_string\"}}],\"inLanguage\":\"es\"},{\"@type\":\"Organization\",\"@id\":\"https:\\\/\\\/fuentesfidedignas.com.mx\\\/#organization\",\"name\":\"Fuentes Fidedignas\",\"url\":\"https:\\\/\\\/fuentesfidedignas.com.mx\\\/\",\"logo\":{\"@type\":\"ImageObject\",\"inLanguage\":\"es\",\"@id\":\"https:\\\/\\\/fuentesfidedignas.com.mx\\\/#\\\/schema\\\/logo\\\/image\\\/\",\"url\":\"https:\\\/\\\/fuentesfidedignas.com.mx\\\/wp-content\\\/uploads\\\/2021\\\/04\\\/logo-retina.png\",\"contentUrl\":\"https:\\\/\\\/fuentesfidedignas.com.mx\\\/wp-content\\\/uploads\\\/2021\\\/04\\\/logo-retina.png\",\"width\":280,\"height\":51,\"caption\":\"Fuentes Fidedignas\"},\"image\":{\"@id\":\"https:\\\/\\\/fuentesfidedignas.com.mx\\\/#\\\/schema\\\/logo\\\/image\\\/\"},\"sameAs\":[\"https:\\\/\\\/www.facebook.com\\\/Fuentes-Fidedignas-368234489921644\",\"https:\\\/\\\/x.com\\\/fidedignas\"]},{\"@type\":\"Person\",\"@id\":\"https:\\\/\\\/fuentesfidedignas.com.mx\\\/#\\\/schema\\\/person\\\/5623d53fe2e579d825b1679734abcc44\",\"name\":\"Forbes\",\"image\":{\"@type\":\"ImageObject\",\"inLanguage\":\"es\",\"@id\":\"https:\\\/\\\/secure.gravatar.com\\\/avatar\\\/87ce3dd4e41e60c22a79c758614f01a6bc2469255fc936ec7b15efb9bb5cb66f?s=96&d=mm&r=g\",\"url\":\"https:\\\/\\\/secure.gravatar.com\\\/avatar\\\/87ce3dd4e41e60c22a79c758614f01a6bc2469255fc936ec7b15efb9bb5cb66f?s=96&d=mm&r=g\",\"contentUrl\":\"https:\\\/\\\/secure.gravatar.com\\\/avatar\\\/87ce3dd4e41e60c22a79c758614f01a6bc2469255fc936ec7b15efb9bb5cb66f?s=96&d=mm&r=g\",\"caption\":\"Forbes\"},\"url\":\"https:\\\/\\\/fuentesfidedignas.com.mx\\\/index.php\\\/author\\\/forbes\\\/\"}]}<\/script>\n<!-- \/ Yoast SEO plugin. -->","yoast_head_json":{"title":"AMLO anticipa que pr\u00f3xima semana podr\u00eda reanudarse exportaci\u00f3n de aguacate a EU - Fuentes Fidedignas","robots":{"index":"index","follow":"follow","max-snippet":"max-snippet:-1","max-image-preview":"max-image-preview:large","max-video-preview":"max-video-preview:-1"},"canonical":"https:\/\/fuentesfidedignas.com.mx\/index.php\/2022\/02\/18\/amlo-anticipa-que-proxima-semana-podria-reanudarse-exportacion-de-aguacate-a-eu\/","og_locale":"es_MX","og_type":"article","og_title":"AMLO anticipa que pr\u00f3xima semana podr\u00eda reanudarse exportaci\u00f3n de aguacate a EU - Fuentes Fidedignas","og_description":"L\u00f3pez Obrador anticip\u00f3 que la pr\u00f3xima semana podr\u00eda resolverse diferendo con EU relativo a seguridad entorno a exportaci\u00f3n de aguacate. Ciudad de M\u00e9xico.- El presidente Andr\u00e9s Manuel L\u00f3pez Obrador anticip\u00f3 este viernes que la pr\u00f3xima semana quedar\u00e1 resuelta la controversia con las autoridades de Estados Unidos para la normalizaci\u00f3n del aguacate proveniente desde Michoac\u00e1n, y [&hellip;]","og_url":"https:\/\/fuentesfidedignas.com.mx\/index.php\/2022\/02\/18\/amlo-anticipa-que-proxima-semana-podria-reanudarse-exportacion-de-aguacate-a-eu\/","og_site_name":"Fuentes Fidedignas","article_publisher":"https:\/\/www.facebook.com\/Fuentes-Fidedignas-368234489921644","article_published_time":"2022-02-18T16:02:40+00:00","article_modified_time":"2022-02-18T19:22:01+00:00","og_image":[{"width":800,"height":600,"url":"https:\/\/fuentesfidedignas.com.mx\/wp-content\/uploads\/2022\/02\/AGUACATE.jpg","type":"image\/jpeg"}],"author":"Forbes","twitter_card":"summary_large_image","twitter_creator":"@fidedignas","twitter_site":"@fidedignas","twitter_misc":{"Escrito por":"Forbes","Tiempo de lectura":"2 minutos"},"schema":{"@context":"https:\/\/schema.org","@graph":[{"@type":"Article","@id":"https:\/\/fuentesfidedignas.com.mx\/index.php\/2022\/02\/18\/amlo-anticipa-que-proxima-semana-podria-reanudarse-exportacion-de-aguacate-a-eu\/#article","isPartOf":{"@id":"https:\/\/fuentesfidedignas.com.mx\/index.php\/2022\/02\/18\/amlo-anticipa-que-proxima-semana-podria-reanudarse-exportacion-de-aguacate-a-eu\/"},"author":{"name":"Forbes","@id":"https:\/\/fuentesfidedignas.com.mx\/#\/schema\/person\/5623d53fe2e579d825b1679734abcc44"},"headline":"AMLO anticipa que pr\u00f3xima semana podr\u00eda reanudarse exportaci\u00f3n de aguacate a EU","datePublished":"2022-02-18T16:02:40+00:00","dateModified":"2022-02-18T19:22:01+00:00","mainEntityOfPage":{"@id":"https:\/\/fuentesfidedignas.com.mx\/index.php\/2022\/02\/18\/amlo-anticipa-que-proxima-semana-podria-reanudarse-exportacion-de-aguacate-a-eu\/"},"wordCount":359,"commentCount":0,"publisher":{"@id":"https:\/\/fuentesfidedignas.com.mx\/#organization"},"image":{"@id":"https:\/\/fuentesfidedignas.com.mx\/index.php\/2022\/02\/18\/amlo-anticipa-que-proxima-semana-podria-reanudarse-exportacion-de-aguacate-a-eu\/#primaryimage"},"thumbnailUrl":"https:\/\/fuentesfidedignas.com.mx\/wp-content\/uploads\/2022\/02\/AGUACATE.jpg","keywords":["Aguacate","Estados Unidos","Exportaciones"],"inLanguage":"es","potentialAction":[{"@type":"CommentAction","name":"Comment","target":["https:\/\/fuentesfidedignas.com.mx\/index.php\/2022\/02\/18\/amlo-anticipa-que-proxima-semana-podria-reanudarse-exportacion-de-aguacate-a-eu\/#respond"]}]},{"@type":"WebPage","@id":"https:\/\/fuentesfidedignas.com.mx\/index.php\/2022\/02\/18\/amlo-anticipa-que-proxima-semana-podria-reanudarse-exportacion-de-aguacate-a-eu\/","url":"https:\/\/fuentesfidedignas.com.mx\/index.php\/2022\/02\/18\/amlo-anticipa-que-proxima-semana-podria-reanudarse-exportacion-de-aguacate-a-eu\/","name":"AMLO anticipa que pr\u00f3xima semana podr\u00eda reanudarse exportaci\u00f3n de aguacate a EU - Fuentes Fidedignas","isPartOf":{"@id":"https:\/\/fuentesfidedignas.com.mx\/#website"},"primaryImageOfPage":{"@id":"https:\/\/fuentesfidedignas.com.mx\/index.php\/2022\/02\/18\/amlo-anticipa-que-proxima-semana-podria-reanudarse-exportacion-de-aguacate-a-eu\/#primaryimage"},"image":{"@id":"https:\/\/fuentesfidedignas.com.mx\/index.php\/2022\/02\/18\/amlo-anticipa-que-proxima-semana-podria-reanudarse-exportacion-de-aguacate-a-eu\/#primaryimage"},"thumbnailUrl":"https:\/\/fuentesfidedignas.com.mx\/wp-content\/uploads\/2022\/02\/AGUACATE.jpg","datePublished":"2022-02-18T16:02:40+00:00","dateModified":"2022-02-18T19:22:01+00:00","breadcrumb":{"@id":"https:\/\/fuentesfidedignas.com.mx\/index.php\/2022\/02\/18\/amlo-anticipa-que-proxima-semana-podria-reanudarse-exportacion-de-aguacate-a-eu\/#breadcrumb"},"inLanguage":"es","potentialAction":[{"@type":"ReadAction","target":["https:\/\/fuentesfidedignas.com.mx\/index.php\/2022\/02\/18\/amlo-anticipa-que-proxima-semana-podria-reanudarse-exportacion-de-aguacate-a-eu\/"]}]},{"@type":"ImageObject","inLanguage":"es","@id":"https:\/\/fuentesfidedignas.com.mx\/index.php\/2022\/02\/18\/amlo-anticipa-que-proxima-semana-podria-reanudarse-exportacion-de-aguacate-a-eu\/#primaryimage","url":"https:\/\/fuentesfidedignas.com.mx\/wp-content\/uploads\/2022\/02\/AGUACATE.jpg","contentUrl":"https:\/\/fuentesfidedignas.com.mx\/wp-content\/uploads\/2022\/02\/AGUACATE.jpg","width":800,"height":600},{"@type":"BreadcrumbList","@id":"https:\/\/fuentesfidedignas.com.mx\/index.php\/2022\/02\/18\/amlo-anticipa-que-proxima-semana-podria-reanudarse-exportacion-de-aguacate-a-eu\/#breadcrumb","itemListElement":[{"@type":"ListItem","position":1,"name":"Inicio","item":"https:\/\/fuentesfidedignas.com.mx\/"},{"@type":"ListItem","position":2,"name":"AMLO anticipa que pr\u00f3xima semana podr\u00eda reanudarse exportaci\u00f3n de aguacate a EU"}]},{"@type":"WebSite","@id":"https:\/\/fuentesfidedignas.com.mx\/#website","url":"https:\/\/fuentesfidedignas.com.mx\/","name":"Fuentes Fidedignas","description":"Otro sitio realizado con WordPress","publisher":{"@id":"https:\/\/fuentesfidedignas.com.mx\/#organization"},"potentialAction":[{"@type":"SearchAction","target":{"@type":"EntryPoint","urlTemplate":"https:\/\/fuentesfidedignas.com.mx\/?s={search_term_string}"},"query-input":{"@type":"PropertyValueSpecification","valueRequired":true,"valueName":"search_term_string"}}],"inLanguage":"es"},{"@type":"Organization","@id":"https:\/\/fuentesfidedignas.com.mx\/#organization","name":"Fuentes Fidedignas","url":"https:\/\/fuentesfidedignas.com.mx\/","logo":{"@type":"ImageObject","inLanguage":"es","@id":"https:\/\/fuentesfidedignas.com.mx\/#\/schema\/logo\/image\/","url":"https:\/\/fuentesfidedignas.com.mx\/wp-content\/uploads\/2021\/04\/logo-retina.png","contentUrl":"https:\/\/fuentesfidedignas.com.mx\/wp-content\/uploads\/2021\/04\/logo-retina.png","width":280,"height":51,"caption":"Fuentes Fidedignas"},"image":{"@id":"https:\/\/fuentesfidedignas.com.mx\/#\/schema\/logo\/image\/"},"sameAs":["https:\/\/www.facebook.com\/Fuentes-Fidedignas-368234489921644","https:\/\/x.com\/fidedignas"]},{"@type":"Person","@id":"https:\/\/fuentesfidedignas.com.mx\/#\/schema\/person\/5623d53fe2e579d825b1679734abcc44","name":"Forbes","image":{"@type":"ImageObject","inLanguage":"es","@id":"https:\/\/secure.gravatar.com\/avatar\/87ce3dd4e41e60c22a79c758614f01a6bc2469255fc936ec7b15efb9bb5cb66f?s=96&d=mm&r=g","url":"https:\/\/secure.gravatar.com\/avatar\/87ce3dd4e41e60c22a79c758614f01a6bc2469255fc936ec7b15efb9bb5cb66f?s=96&d=mm&r=g","contentUrl":"https:\/\/secure.gravatar.com\/avatar\/87ce3dd4e41e60c22a79c758614f01a6bc2469255fc936ec7b15efb9bb5cb66f?s=96&d=mm&r=g","caption":"Forbes"},"url":"https:\/\/fuentesfidedignas.com.mx\/index.php\/author\/forbes\/"}]}},"_links":{"self":[{"href":"https:\/\/fuentesfidedignas.com.mx\/index.php\/wp-json\/wp\/v2\/posts\/24320","targetHints":{"allow":["GET"]}}],"collection":[{"href":"https:\/\/fuentesfidedignas.com.mx\/index.php\/wp-json\/wp\/v2\/posts"}],"about":[{"href":"https:\/\/fuentesfidedignas.com.mx\/index.php\/wp-json\/wp\/v2\/types\/post"}],"author":[{"embeddable":true,"href":"https:\/\/fuentesfidedignas.com.mx\/index.php\/wp-json\/wp\/v2\/users\/5"}],"replies":[{"embeddable":true,"href":"https:\/\/fuentesfidedignas.com.mx\/index.php\/wp-json\/wp\/v2\/comments?post=24320"}],"version-history":[{"count":1,"href":"https:\/\/fuentesfidedignas.com.mx\/index.php\/wp-json\/wp\/v2\/posts\/24320\/revisions"}],"predecessor-version":[{"id":24321,"href":"https:\/\/fuentesfidedignas.com.mx\/index.php\/wp-json\/wp\/v2\/posts\/24320\/revisions\/24321"}],"wp:featuredmedia":[{"embeddable":true,"href":"https:\/\/fuentesfidedignas.com.mx\/index.php\/wp-json\/wp\/v2\/media\/23990"}],"wp:attachment":[{"href":"https:\/\/fuentesfidedignas.com.mx\/index.php\/wp-json\/wp\/v2\/media?parent=24320"}],"wp:term":[{"taxonomy":"category","embeddable":true,"href":"https:\/\/fuentesfidedignas.com.mx\/index.php\/wp-json\/wp\/v2\/categories?post=24320"},{"taxonomy":"post_tag","embeddable":true,"href":"https:\/\/fuentesfidedignas.com.mx\/index.php\/wp-json\/wp\/v2\/tags?post=24320"}],"curies":[{"name":"wp","href":"https:\/\/api.w.org\/{rel}","templated":true}]}}