{"id":24280,"date":"2022-02-17T18:50:57","date_gmt":"2022-02-18T01:50:57","guid":{"rendered":"https:\/\/fuentesfidedignas.com.mx\/?p=24280"},"modified":"2022-02-17T21:28:14","modified_gmt":"2022-02-18T04:28:14","slug":"llegada-de-uber-moto-a-culiacan-y-mazatlan-causa-rechazo-y-burlas","status":"publish","type":"post","link":"https:\/\/fuentesfidedignas.com.mx\/index.php\/2022\/02\/17\/llegada-de-uber-moto-a-culiacan-y-mazatlan-causa-rechazo-y-burlas\/","title":{"rendered":"Llegada de Uber Moto a Culiac\u00e1n y Mazatl\u00e1n, causa rechazo y burlas"},"content":{"rendered":"\n<p><em><strong>A pesar de que la empresa inform\u00f3 que busca ampliar sus servicios y ser m\u00e1s econ\u00f3mico, usuarios criticaron y se burlaron a trav\u00e9s de redes sociales<\/strong><\/em><\/p>\n\n\n\n<p>Culiac\u00e1n, Sin.- Tras el anuncio de la llegada de Uber Moto a las ciudades de Culiac\u00e1n y Mazatl\u00e1n, ciudadanos rechazaron que fuera una buena idea implementar este servicio en Sinaloa, pues afirman que los accidentes viales se incrementar\u00e1n debido a la falta de educaci\u00f3n vial.<\/p>\n\n\n\n<p>Asimismo, muchos de los usuarios afirmaron que no utilizar\u00edan este medio de transporte, a pesar de que Uber informara que tendr\u00edan un seguro de viajero.<\/p>\n\n\n\n<p>Estos son algunos de los comentarios:<\/p>\n\n\n\n<figure class=\"wp-block-image size-full\"><img decoding=\"async\" width=\"835\" height=\"449\" src=\"https:\/\/fuentesfidedignas.com.mx\/wp-content\/uploads\/2022\/02\/uber1.jpg\" alt=\"\" class=\"wp-image-24281\"\/><\/figure>\n\n\n\n<p>&#8220;<em>Ya pas\u00f3 el d\u00eda de los inocentes, Por Dios! Puro incrementar el ya de por si desmedido uso de las motos poniendo en peligro a la poblaci\u00f3n tanto peat\u00f3n como pasajero, las motos no deber\u00edan ser usadas como medio de transporte. Es un error! Y no se diga el tr\u00e1fico.&#8221;<\/em> (Sic)<\/p>\n\n\n\n<p><em>&#8220;Primero q eduquen tanto automovilistas como motociclistas, es el.pan nuestro de cada d\u00eda con tanto accidente y hasta p\u00e9rdidas d personas, ser\u00eda un peligro este servicio.&#8221;<\/em> (Sic)<\/p>\n\n\n\n<p><em>&#8220;No cabe duda que cada d\u00eda la gente est\u00e1 m\u00e1s loca para que aumente m\u00e1s el n\u00famero de accidentados ahora s\u00ed con la pandemia y los liciados va a salir M\u00e9xico adelante.&#8221;<\/em> (Sic)<\/p>\n\n\n\n<figure class=\"wp-block-image size-full is-resized\"><img decoding=\"async\" src=\"https:\/\/fuentesfidedignas.com.mx\/wp-content\/uploads\/2022\/02\/descarga.jpg\" alt=\"\" class=\"wp-image-24282\" width=\"392\" height=\"294\"\/><\/figure>\n\n\n\n<figure class=\"wp-block-image size-full\"><img decoding=\"async\" width=\"1080\" height=\"1599\" src=\"https:\/\/fuentesfidedignas.com.mx\/wp-content\/uploads\/2022\/02\/Screenshot_20220217-212712_Instagram.jpg\" alt=\"\" class=\"wp-image-24308\"\/><\/figure>\n\n\n\n<p>\u00bf<strong>Ser\u00e1 m\u00e1s barato?<\/strong><\/p>\n\n\n\n<p>De acuerdo al comunicado de Uber M\u00e9xico, ahora los usuarios de la plataforma podr\u00e1n acceder a un viaje que en promedio cuesta 30 por ciento menos que UberX. Aqu\u00ed te mostramos un ejemplo entre las diferencias de tarifas:<\/p>\n\n\n\n<figure class=\"wp-block-image size-full\"><img decoding=\"async\" width=\"1080\" height=\"1354\" src=\"https:\/\/fuentesfidedignas.com.mx\/wp-content\/uploads\/2022\/02\/uber2.jpg\" alt=\"\" class=\"wp-image-24283\"\/><\/figure>\n","protected":false},"excerpt":{"rendered":"<p>A pesar de que la empresa inform\u00f3 que busca ampliar sus servicios y ser m\u00e1s econ\u00f3mico, usuarios criticaron y se burlaron a trav\u00e9s de redes sociales Culiac\u00e1n, Sin.- Tras el anuncio de la llegada de Uber Moto a las ciudades de Culiac\u00e1n y Mazatl\u00e1n, ciudadanos rechazaron que fuera una buena idea implementar este servicio en [&hellip;]<\/p>\n","protected":false},"author":11,"featured_media":24284,"comment_status":"open","ping_status":"open","sticky":false,"template":"","format":"standard","meta":{"tdm_status":"","tdm_grid_status":"","footnotes":""},"categories":[37],"tags":[],"class_list":{"0":"post-24280","1":"post","2":"type-post","3":"status-publish","4":"format-standard","5":"has-post-thumbnail","7":"category-nota-principal"},"yoast_head":"<!-- This site is optimized with the Yoast SEO plugin v27.5 - https:\/\/yoast.com\/product\/yoast-seo-wordpress\/ -->\n<title>Llegada de Uber Moto a Culiac\u00e1n y Mazatl\u00e1n, causa rechazo y burlas - Fuentes Fidedignas<\/title>\n<meta name=\"robots\" content=\"index, follow, max-snippet:-1, max-image-preview:large, max-video-preview:-1\" \/>\n<link rel=\"canonical\" href=\"https:\/\/fuentesfidedignas.com.mx\/index.php\/2022\/02\/17\/llegada-de-uber-moto-a-culiacan-y-mazatlan-causa-rechazo-y-burlas\/\" \/>\n<meta property=\"og:locale\" content=\"es_MX\" \/>\n<meta property=\"og:type\" content=\"article\" \/>\n<meta property=\"og:title\" content=\"Llegada de Uber Moto a Culiac\u00e1n y Mazatl\u00e1n, causa rechazo y burlas - Fuentes Fidedignas\" \/>\n<meta property=\"og:description\" content=\"A pesar de que la empresa inform\u00f3 que busca ampliar sus servicios y ser m\u00e1s econ\u00f3mico, usuarios criticaron y se burlaron a trav\u00e9s de redes sociales Culiac\u00e1n, Sin.- Tras el anuncio de la llegada de Uber Moto a las ciudades de Culiac\u00e1n y Mazatl\u00e1n, ciudadanos rechazaron que fuera una buena idea implementar este servicio en [&hellip;]\" \/>\n<meta property=\"og:url\" content=\"https:\/\/fuentesfidedignas.com.mx\/index.php\/2022\/02\/17\/llegada-de-uber-moto-a-culiacan-y-mazatlan-causa-rechazo-y-burlas\/\" \/>\n<meta property=\"og:site_name\" content=\"Fuentes Fidedignas\" \/>\n<meta property=\"article:publisher\" content=\"https:\/\/www.facebook.com\/Fuentes-Fidedignas-368234489921644\" \/>\n<meta property=\"article:published_time\" content=\"2022-02-18T01:50:57+00:00\" \/>\n<meta property=\"article:modified_time\" content=\"2022-02-18T04:28:14+00:00\" \/>\n<meta property=\"og:image\" content=\"https:\/\/fuentesfidedignas.com.mx\/wp-content\/uploads\/2022\/02\/uber3.jpeg\" \/>\n\t<meta property=\"og:image:width\" content=\"864\" \/>\n\t<meta property=\"og:image:height\" content=\"535\" \/>\n\t<meta property=\"og:image:type\" content=\"image\/jpeg\" \/>\n<meta name=\"author\" content=\"Marissa Palafox\" \/>\n<meta name=\"twitter:card\" content=\"summary_large_image\" \/>\n<meta name=\"twitter:creator\" content=\"@fidedignas\" \/>\n<meta name=\"twitter:site\" content=\"@fidedignas\" \/>\n<meta name=\"twitter:label1\" content=\"Escrito por\" \/>\n\t<meta name=\"twitter:data1\" content=\"Marissa Palafox\" \/>\n\t<meta name=\"twitter:label2\" content=\"Tiempo de lectura\" \/>\n\t<meta name=\"twitter:data2\" content=\"2 minutos\" \/>\n<script type=\"application\/ld+json\" class=\"yoast-schema-graph\">{\"@context\":\"https:\\\/\\\/schema.org\",\"@graph\":[{\"@type\":\"Article\",\"@id\":\"https:\\\/\\\/fuentesfidedignas.com.mx\\\/index.php\\\/2022\\\/02\\\/17\\\/llegada-de-uber-moto-a-culiacan-y-mazatlan-causa-rechazo-y-burlas\\\/#article\",\"isPartOf\":{\"@id\":\"https:\\\/\\\/fuentesfidedignas.com.mx\\\/index.php\\\/2022\\\/02\\\/17\\\/llegada-de-uber-moto-a-culiacan-y-mazatlan-causa-rechazo-y-burlas\\\/\"},\"author\":{\"name\":\"Marissa Palafox\",\"@id\":\"https:\\\/\\\/fuentesfidedignas.com.mx\\\/#\\\/schema\\\/person\\\/2c10028b4a30078c05a056a215342ab9\"},\"headline\":\"Llegada de Uber Moto a Culiac\u00e1n y Mazatl\u00e1n, causa rechazo y burlas\",\"datePublished\":\"2022-02-18T01:50:57+00:00\",\"dateModified\":\"2022-02-18T04:28:14+00:00\",\"mainEntityOfPage\":{\"@id\":\"https:\\\/\\\/fuentesfidedignas.com.mx\\\/index.php\\\/2022\\\/02\\\/17\\\/llegada-de-uber-moto-a-culiacan-y-mazatlan-causa-rechazo-y-burlas\\\/\"},\"wordCount\":295,\"commentCount\":0,\"publisher\":{\"@id\":\"https:\\\/\\\/fuentesfidedignas.com.mx\\\/#organization\"},\"image\":{\"@id\":\"https:\\\/\\\/fuentesfidedignas.com.mx\\\/index.php\\\/2022\\\/02\\\/17\\\/llegada-de-uber-moto-a-culiacan-y-mazatlan-causa-rechazo-y-burlas\\\/#primaryimage\"},\"thumbnailUrl\":\"https:\\\/\\\/fuentesfidedignas.com.mx\\\/wp-content\\\/uploads\\\/2022\\\/02\\\/uber3.jpeg\",\"articleSection\":[\"NOTA PRINCIPAL\"],\"inLanguage\":\"es\",\"potentialAction\":[{\"@type\":\"CommentAction\",\"name\":\"Comment\",\"target\":[\"https:\\\/\\\/fuentesfidedignas.com.mx\\\/index.php\\\/2022\\\/02\\\/17\\\/llegada-de-uber-moto-a-culiacan-y-mazatlan-causa-rechazo-y-burlas\\\/#respond\"]}]},{\"@type\":\"WebPage\",\"@id\":\"https:\\\/\\\/fuentesfidedignas.com.mx\\\/index.php\\\/2022\\\/02\\\/17\\\/llegada-de-uber-moto-a-culiacan-y-mazatlan-causa-rechazo-y-burlas\\\/\",\"url\":\"https:\\\/\\\/fuentesfidedignas.com.mx\\\/index.php\\\/2022\\\/02\\\/17\\\/llegada-de-uber-moto-a-culiacan-y-mazatlan-causa-rechazo-y-burlas\\\/\",\"name\":\"Llegada de Uber Moto a Culiac\u00e1n y Mazatl\u00e1n, causa rechazo y burlas - Fuentes Fidedignas\",\"isPartOf\":{\"@id\":\"https:\\\/\\\/fuentesfidedignas.com.mx\\\/#website\"},\"primaryImageOfPage\":{\"@id\":\"https:\\\/\\\/fuentesfidedignas.com.mx\\\/index.php\\\/2022\\\/02\\\/17\\\/llegada-de-uber-moto-a-culiacan-y-mazatlan-causa-rechazo-y-burlas\\\/#primaryimage\"},\"image\":{\"@id\":\"https:\\\/\\\/fuentesfidedignas.com.mx\\\/index.php\\\/2022\\\/02\\\/17\\\/llegada-de-uber-moto-a-culiacan-y-mazatlan-causa-rechazo-y-burlas\\\/#primaryimage\"},\"thumbnailUrl\":\"https:\\\/\\\/fuentesfidedignas.com.mx\\\/wp-content\\\/uploads\\\/2022\\\/02\\\/uber3.jpeg\",\"datePublished\":\"2022-02-18T01:50:57+00:00\",\"dateModified\":\"2022-02-18T04:28:14+00:00\",\"breadcrumb\":{\"@id\":\"https:\\\/\\\/fuentesfidedignas.com.mx\\\/index.php\\\/2022\\\/02\\\/17\\\/llegada-de-uber-moto-a-culiacan-y-mazatlan-causa-rechazo-y-burlas\\\/#breadcrumb\"},\"inLanguage\":\"es\",\"potentialAction\":[{\"@type\":\"ReadAction\",\"target\":[\"https:\\\/\\\/fuentesfidedignas.com.mx\\\/index.php\\\/2022\\\/02\\\/17\\\/llegada-de-uber-moto-a-culiacan-y-mazatlan-causa-rechazo-y-burlas\\\/\"]}]},{\"@type\":\"ImageObject\",\"inLanguage\":\"es\",\"@id\":\"https:\\\/\\\/fuentesfidedignas.com.mx\\\/index.php\\\/2022\\\/02\\\/17\\\/llegada-de-uber-moto-a-culiacan-y-mazatlan-causa-rechazo-y-burlas\\\/#primaryimage\",\"url\":\"https:\\\/\\\/fuentesfidedignas.com.mx\\\/wp-content\\\/uploads\\\/2022\\\/02\\\/uber3.jpeg\",\"contentUrl\":\"https:\\\/\\\/fuentesfidedignas.com.mx\\\/wp-content\\\/uploads\\\/2022\\\/02\\\/uber3.jpeg\",\"width\":864,\"height\":535},{\"@type\":\"BreadcrumbList\",\"@id\":\"https:\\\/\\\/fuentesfidedignas.com.mx\\\/index.php\\\/2022\\\/02\\\/17\\\/llegada-de-uber-moto-a-culiacan-y-mazatlan-causa-rechazo-y-burlas\\\/#breadcrumb\",\"itemListElement\":[{\"@type\":\"ListItem\",\"position\":1,\"name\":\"Inicio\",\"item\":\"https:\\\/\\\/fuentesfidedignas.com.mx\\\/\"},{\"@type\":\"ListItem\",\"position\":2,\"name\":\"Llegada de Uber Moto a Culiac\u00e1n y Mazatl\u00e1n, causa rechazo y burlas\"}]},{\"@type\":\"WebSite\",\"@id\":\"https:\\\/\\\/fuentesfidedignas.com.mx\\\/#website\",\"url\":\"https:\\\/\\\/fuentesfidedignas.com.mx\\\/\",\"name\":\"Fuentes Fidedignas\",\"description\":\"Otro sitio realizado con WordPress\",\"publisher\":{\"@id\":\"https:\\\/\\\/fuentesfidedignas.com.mx\\\/#organization\"},\"potentialAction\":[{\"@type\":\"SearchAction\",\"target\":{\"@type\":\"EntryPoint\",\"urlTemplate\":\"https:\\\/\\\/fuentesfidedignas.com.mx\\\/?s={search_term_string}\"},\"query-input\":{\"@type\":\"PropertyValueSpecification\",\"valueRequired\":true,\"valueName\":\"search_term_string\"}}],\"inLanguage\":\"es\"},{\"@type\":\"Organization\",\"@id\":\"https:\\\/\\\/fuentesfidedignas.com.mx\\\/#organization\",\"name\":\"Fuentes Fidedignas\",\"url\":\"https:\\\/\\\/fuentesfidedignas.com.mx\\\/\",\"logo\":{\"@type\":\"ImageObject\",\"inLanguage\":\"es\",\"@id\":\"https:\\\/\\\/fuentesfidedignas.com.mx\\\/#\\\/schema\\\/logo\\\/image\\\/\",\"url\":\"https:\\\/\\\/fuentesfidedignas.com.mx\\\/wp-content\\\/uploads\\\/2021\\\/04\\\/logo-retina.png\",\"contentUrl\":\"https:\\\/\\\/fuentesfidedignas.com.mx\\\/wp-content\\\/uploads\\\/2021\\\/04\\\/logo-retina.png\",\"width\":280,\"height\":51,\"caption\":\"Fuentes Fidedignas\"},\"image\":{\"@id\":\"https:\\\/\\\/fuentesfidedignas.com.mx\\\/#\\\/schema\\\/logo\\\/image\\\/\"},\"sameAs\":[\"https:\\\/\\\/www.facebook.com\\\/Fuentes-Fidedignas-368234489921644\",\"https:\\\/\\\/x.com\\\/fidedignas\"]},{\"@type\":\"Person\",\"@id\":\"https:\\\/\\\/fuentesfidedignas.com.mx\\\/#\\\/schema\\\/person\\\/2c10028b4a30078c05a056a215342ab9\",\"name\":\"Marissa Palafox\",\"image\":{\"@type\":\"ImageObject\",\"inLanguage\":\"es\",\"@id\":\"https:\\\/\\\/secure.gravatar.com\\\/avatar\\\/20a43bdb2f2db10f20b22d4e98b96eb027faf98f7f76d29854dc5fab46d1cf71?s=96&d=mm&r=g\",\"url\":\"https:\\\/\\\/secure.gravatar.com\\\/avatar\\\/20a43bdb2f2db10f20b22d4e98b96eb027faf98f7f76d29854dc5fab46d1cf71?s=96&d=mm&r=g\",\"contentUrl\":\"https:\\\/\\\/secure.gravatar.com\\\/avatar\\\/20a43bdb2f2db10f20b22d4e98b96eb027faf98f7f76d29854dc5fab46d1cf71?s=96&d=mm&r=g\",\"caption\":\"Marissa Palafox\"},\"url\":\"https:\\\/\\\/fuentesfidedignas.com.mx\\\/index.php\\\/author\\\/marissa\\\/\"}]}<\/script>\n<!-- \/ Yoast SEO plugin. -->","yoast_head_json":{"title":"Llegada de Uber Moto a Culiac\u00e1n y Mazatl\u00e1n, causa rechazo y burlas - Fuentes Fidedignas","robots":{"index":"index","follow":"follow","max-snippet":"max-snippet:-1","max-image-preview":"max-image-preview:large","max-video-preview":"max-video-preview:-1"},"canonical":"https:\/\/fuentesfidedignas.com.mx\/index.php\/2022\/02\/17\/llegada-de-uber-moto-a-culiacan-y-mazatlan-causa-rechazo-y-burlas\/","og_locale":"es_MX","og_type":"article","og_title":"Llegada de Uber Moto a Culiac\u00e1n y Mazatl\u00e1n, causa rechazo y burlas - Fuentes Fidedignas","og_description":"A pesar de que la empresa inform\u00f3 que busca ampliar sus servicios y ser m\u00e1s econ\u00f3mico, usuarios criticaron y se burlaron a trav\u00e9s de redes sociales Culiac\u00e1n, Sin.- Tras el anuncio de la llegada de Uber Moto a las ciudades de Culiac\u00e1n y Mazatl\u00e1n, ciudadanos rechazaron que fuera una buena idea implementar este servicio en [&hellip;]","og_url":"https:\/\/fuentesfidedignas.com.mx\/index.php\/2022\/02\/17\/llegada-de-uber-moto-a-culiacan-y-mazatlan-causa-rechazo-y-burlas\/","og_site_name":"Fuentes Fidedignas","article_publisher":"https:\/\/www.facebook.com\/Fuentes-Fidedignas-368234489921644","article_published_time":"2022-02-18T01:50:57+00:00","article_modified_time":"2022-02-18T04:28:14+00:00","og_image":[{"width":864,"height":535,"url":"https:\/\/fuentesfidedignas.com.mx\/wp-content\/uploads\/2022\/02\/uber3.jpeg","type":"image\/jpeg"}],"author":"Marissa Palafox","twitter_card":"summary_large_image","twitter_creator":"@fidedignas","twitter_site":"@fidedignas","twitter_misc":{"Escrito por":"Marissa Palafox","Tiempo de lectura":"2 minutos"},"schema":{"@context":"https:\/\/schema.org","@graph":[{"@type":"Article","@id":"https:\/\/fuentesfidedignas.com.mx\/index.php\/2022\/02\/17\/llegada-de-uber-moto-a-culiacan-y-mazatlan-causa-rechazo-y-burlas\/#article","isPartOf":{"@id":"https:\/\/fuentesfidedignas.com.mx\/index.php\/2022\/02\/17\/llegada-de-uber-moto-a-culiacan-y-mazatlan-causa-rechazo-y-burlas\/"},"author":{"name":"Marissa Palafox","@id":"https:\/\/fuentesfidedignas.com.mx\/#\/schema\/person\/2c10028b4a30078c05a056a215342ab9"},"headline":"Llegada de Uber Moto a Culiac\u00e1n y Mazatl\u00e1n, causa rechazo y burlas","datePublished":"2022-02-18T01:50:57+00:00","dateModified":"2022-02-18T04:28:14+00:00","mainEntityOfPage":{"@id":"https:\/\/fuentesfidedignas.com.mx\/index.php\/2022\/02\/17\/llegada-de-uber-moto-a-culiacan-y-mazatlan-causa-rechazo-y-burlas\/"},"wordCount":295,"commentCount":0,"publisher":{"@id":"https:\/\/fuentesfidedignas.com.mx\/#organization"},"image":{"@id":"https:\/\/fuentesfidedignas.com.mx\/index.php\/2022\/02\/17\/llegada-de-uber-moto-a-culiacan-y-mazatlan-causa-rechazo-y-burlas\/#primaryimage"},"thumbnailUrl":"https:\/\/fuentesfidedignas.com.mx\/wp-content\/uploads\/2022\/02\/uber3.jpeg","articleSection":["NOTA PRINCIPAL"],"inLanguage":"es","potentialAction":[{"@type":"CommentAction","name":"Comment","target":["https:\/\/fuentesfidedignas.com.mx\/index.php\/2022\/02\/17\/llegada-de-uber-moto-a-culiacan-y-mazatlan-causa-rechazo-y-burlas\/#respond"]}]},{"@type":"WebPage","@id":"https:\/\/fuentesfidedignas.com.mx\/index.php\/2022\/02\/17\/llegada-de-uber-moto-a-culiacan-y-mazatlan-causa-rechazo-y-burlas\/","url":"https:\/\/fuentesfidedignas.com.mx\/index.php\/2022\/02\/17\/llegada-de-uber-moto-a-culiacan-y-mazatlan-causa-rechazo-y-burlas\/","name":"Llegada de Uber Moto a Culiac\u00e1n y Mazatl\u00e1n, causa rechazo y burlas - Fuentes Fidedignas","isPartOf":{"@id":"https:\/\/fuentesfidedignas.com.mx\/#website"},"primaryImageOfPage":{"@id":"https:\/\/fuentesfidedignas.com.mx\/index.php\/2022\/02\/17\/llegada-de-uber-moto-a-culiacan-y-mazatlan-causa-rechazo-y-burlas\/#primaryimage"},"image":{"@id":"https:\/\/fuentesfidedignas.com.mx\/index.php\/2022\/02\/17\/llegada-de-uber-moto-a-culiacan-y-mazatlan-causa-rechazo-y-burlas\/#primaryimage"},"thumbnailUrl":"https:\/\/fuentesfidedignas.com.mx\/wp-content\/uploads\/2022\/02\/uber3.jpeg","datePublished":"2022-02-18T01:50:57+00:00","dateModified":"2022-02-18T04:28:14+00:00","breadcrumb":{"@id":"https:\/\/fuentesfidedignas.com.mx\/index.php\/2022\/02\/17\/llegada-de-uber-moto-a-culiacan-y-mazatlan-causa-rechazo-y-burlas\/#breadcrumb"},"inLanguage":"es","potentialAction":[{"@type":"ReadAction","target":["https:\/\/fuentesfidedignas.com.mx\/index.php\/2022\/02\/17\/llegada-de-uber-moto-a-culiacan-y-mazatlan-causa-rechazo-y-burlas\/"]}]},{"@type":"ImageObject","inLanguage":"es","@id":"https:\/\/fuentesfidedignas.com.mx\/index.php\/2022\/02\/17\/llegada-de-uber-moto-a-culiacan-y-mazatlan-causa-rechazo-y-burlas\/#primaryimage","url":"https:\/\/fuentesfidedignas.com.mx\/wp-content\/uploads\/2022\/02\/uber3.jpeg","contentUrl":"https:\/\/fuentesfidedignas.com.mx\/wp-content\/uploads\/2022\/02\/uber3.jpeg","width":864,"height":535},{"@type":"BreadcrumbList","@id":"https:\/\/fuentesfidedignas.com.mx\/index.php\/2022\/02\/17\/llegada-de-uber-moto-a-culiacan-y-mazatlan-causa-rechazo-y-burlas\/#breadcrumb","itemListElement":[{"@type":"ListItem","position":1,"name":"Inicio","item":"https:\/\/fuentesfidedignas.com.mx\/"},{"@type":"ListItem","position":2,"name":"Llegada de Uber Moto a Culiac\u00e1n y Mazatl\u00e1n, causa rechazo y burlas"}]},{"@type":"WebSite","@id":"https:\/\/fuentesfidedignas.com.mx\/#website","url":"https:\/\/fuentesfidedignas.com.mx\/","name":"Fuentes Fidedignas","description":"Otro sitio realizado con WordPress","publisher":{"@id":"https:\/\/fuentesfidedignas.com.mx\/#organization"},"potentialAction":[{"@type":"SearchAction","target":{"@type":"EntryPoint","urlTemplate":"https:\/\/fuentesfidedignas.com.mx\/?s={search_term_string}"},"query-input":{"@type":"PropertyValueSpecification","valueRequired":true,"valueName":"search_term_string"}}],"inLanguage":"es"},{"@type":"Organization","@id":"https:\/\/fuentesfidedignas.com.mx\/#organization","name":"Fuentes Fidedignas","url":"https:\/\/fuentesfidedignas.com.mx\/","logo":{"@type":"ImageObject","inLanguage":"es","@id":"https:\/\/fuentesfidedignas.com.mx\/#\/schema\/logo\/image\/","url":"https:\/\/fuentesfidedignas.com.mx\/wp-content\/uploads\/2021\/04\/logo-retina.png","contentUrl":"https:\/\/fuentesfidedignas.com.mx\/wp-content\/uploads\/2021\/04\/logo-retina.png","width":280,"height":51,"caption":"Fuentes Fidedignas"},"image":{"@id":"https:\/\/fuentesfidedignas.com.mx\/#\/schema\/logo\/image\/"},"sameAs":["https:\/\/www.facebook.com\/Fuentes-Fidedignas-368234489921644","https:\/\/x.com\/fidedignas"]},{"@type":"Person","@id":"https:\/\/fuentesfidedignas.com.mx\/#\/schema\/person\/2c10028b4a30078c05a056a215342ab9","name":"Marissa Palafox","image":{"@type":"ImageObject","inLanguage":"es","@id":"https:\/\/secure.gravatar.com\/avatar\/20a43bdb2f2db10f20b22d4e98b96eb027faf98f7f76d29854dc5fab46d1cf71?s=96&d=mm&r=g","url":"https:\/\/secure.gravatar.com\/avatar\/20a43bdb2f2db10f20b22d4e98b96eb027faf98f7f76d29854dc5fab46d1cf71?s=96&d=mm&r=g","contentUrl":"https:\/\/secure.gravatar.com\/avatar\/20a43bdb2f2db10f20b22d4e98b96eb027faf98f7f76d29854dc5fab46d1cf71?s=96&d=mm&r=g","caption":"Marissa Palafox"},"url":"https:\/\/fuentesfidedignas.com.mx\/index.php\/author\/marissa\/"}]}},"_links":{"self":[{"href":"https:\/\/fuentesfidedignas.com.mx\/index.php\/wp-json\/wp\/v2\/posts\/24280","targetHints":{"allow":["GET"]}}],"collection":[{"href":"https:\/\/fuentesfidedignas.com.mx\/index.php\/wp-json\/wp\/v2\/posts"}],"about":[{"href":"https:\/\/fuentesfidedignas.com.mx\/index.php\/wp-json\/wp\/v2\/types\/post"}],"author":[{"embeddable":true,"href":"https:\/\/fuentesfidedignas.com.mx\/index.php\/wp-json\/wp\/v2\/users\/11"}],"replies":[{"embeddable":true,"href":"https:\/\/fuentesfidedignas.com.mx\/index.php\/wp-json\/wp\/v2\/comments?post=24280"}],"version-history":[{"count":4,"href":"https:\/\/fuentesfidedignas.com.mx\/index.php\/wp-json\/wp\/v2\/posts\/24280\/revisions"}],"predecessor-version":[{"id":24309,"href":"https:\/\/fuentesfidedignas.com.mx\/index.php\/wp-json\/wp\/v2\/posts\/24280\/revisions\/24309"}],"wp:featuredmedia":[{"embeddable":true,"href":"https:\/\/fuentesfidedignas.com.mx\/index.php\/wp-json\/wp\/v2\/media\/24284"}],"wp:attachment":[{"href":"https:\/\/fuentesfidedignas.com.mx\/index.php\/wp-json\/wp\/v2\/media?parent=24280"}],"wp:term":[{"taxonomy":"category","embeddable":true,"href":"https:\/\/fuentesfidedignas.com.mx\/index.php\/wp-json\/wp\/v2\/categories?post=24280"},{"taxonomy":"post_tag","embeddable":true,"href":"https:\/\/fuentesfidedignas.com.mx\/index.php\/wp-json\/wp\/v2\/tags?post=24280"}],"curies":[{"name":"wp","href":"https:\/\/api.w.org\/{rel}","templated":true}]}}