{"id":24261,"date":"2022-02-17T14:37:43","date_gmt":"2022-02-17T21:37:43","guid":{"rendered":"https:\/\/fuentesfidedignas.com.mx\/?p=24261"},"modified":"2022-02-17T14:38:45","modified_gmt":"2022-02-17T21:38:45","slug":"en-movimiento-ciudadano-vamos-en-serio-ganaremos-la-presidencia-de-mexico-en-2024-sergio-torres","status":"publish","type":"post","link":"https:\/\/fuentesfidedignas.com.mx\/index.php\/2022\/02\/17\/en-movimiento-ciudadano-vamos-en-serio-ganaremos-la-presidencia-de-mexico-en-2024-sergio-torres\/","title":{"rendered":"En Movimiento Ciudadano vamos en serio, ganaremos la presidencia de M\u00e9xico en 2024: Sergio Torres"},"content":{"rendered":"\n<p><strong><em>El dirigente expres\u00f3 que la pr\u00f3xima semana dar\u00e1n inicio a un amplio programa de afiliaci\u00f3n al partido <\/em><\/strong><\/p>\n\n\n\n<p>Culiac\u00e1n, Sin.- El proyecto de Movimiento Ciudadano a nivel nacional y estatal va muy en serio, ganaremos la presidencia de M\u00e9xico en el 2024, afirm\u00f3 Sergio Torres, l\u00edder de MC en Sinaloa, en la ceremonia de entrega de las oficinas de la comisi\u00f3n operativa estatal, que dijo, ser\u00e1 un espacio para quienes deseen sumarse a encabezar causas y luchas sociales, as\u00ed como la gesti\u00f3n ante los tres \u00f3rdenes de gobierno.<\/p>\n\n\n\n<p>El dirigente expres\u00f3 que la pr\u00f3xima semana dar\u00e1n inicio a un amplio programa de afiliaci\u00f3n a Movimiento Ciudadano, de gente limpia, ciudadanos libres e incluso que los de otros partidos que deseen sumarse, que tengan como inter\u00e9s primordial trabajar para lograr mejores condiciones de vida para las familias sinaloenses.<\/p>\n\n\n\n<figure class=\"wp-block-image size-full\"><img decoding=\"async\" width=\"1384\" height=\"1053\" src=\"https:\/\/fuentesfidedignas.com.mx\/wp-content\/uploads\/2022\/02\/IMG-20220217-WA0036.jpg\" alt=\"\" class=\"wp-image-24262\"\/><\/figure>\n\n\n\n<p>Hay gente que ya no cree ni en los partidos ni en los pol\u00edticos, dijo, por eso vamos a acercarnos a ellos y ellas para mostrar que MC es un proyecto plural, incluyente, para los j\u00f3venes y mujeres, innovador y muy cercano a la gente, con el que f\u00e1cilmente podr\u00e1n identificarse y donde encontrar\u00e1n los espacios y apoyo para desarrollarse.<\/p>\n\n\n\n<p>Igualmente habl\u00f3 de la organizaci\u00f3n de las comisione operativas municipales, algunas de las cuales ya van muy avanzadas, y a pregunta expresa sobre los presupuestos o apoyos econ\u00f3micos para sostenerlas, expres\u00f3 Sergio Torres que hay mucha gente que se ha sumado para aportar su talento e ideas para fortalecer este organismo, por decisi\u00f3n y convicci\u00f3n, a quienes les hemos hecho saber que no habr\u00e1 pago a las estructuras.<\/p>\n\n\n\n<p>Asegur\u00f3 que es mucha la gente que se interesa en el proyecto de MC que encabeza a nivel nacional Dante Delgado, pues hay seria preocupaci\u00f3n por la falta de trabajo de los gobiernos federal, estatal y municipales, que no ejecutan ni obras, ni programas en beneficio del desarrollo ni apoyan a los sectores productivos.<\/p>\n\n\n\n<p>Puntualiz\u00f3 que en breve se dar\u00e1 posesi\u00f3n a la dirigente estatal de las mujeres y de los j\u00f3venes, e invit\u00f3 a la ciudadan\u00eda en general a considerar a estas nuevas oficinas como el lugar donde ser\u00e1n recibidos, escuchados, atendidos, acompa\u00f1ados y representados en sus gestiones y demandas ante las autoridades.<\/p>\n","protected":false},"excerpt":{"rendered":"<p>El dirigente expres\u00f3 que la pr\u00f3xima semana dar\u00e1n inicio a un amplio programa de afiliaci\u00f3n al partido Culiac\u00e1n, Sin.- El proyecto de Movimiento Ciudadano a nivel nacional y estatal va muy en serio, ganaremos la presidencia de M\u00e9xico en el 2024, afirm\u00f3 Sergio Torres, l\u00edder de MC en Sinaloa, en la ceremonia de entrega de [&hellip;]<\/p>\n","protected":false},"author":4,"featured_media":24264,"comment_status":"open","ping_status":"open","sticky":false,"template":"","format":"standard","meta":{"tdm_status":"","tdm_grid_status":"","footnotes":""},"categories":[37],"tags":[226,224],"class_list":{"0":"post-24261","1":"post","2":"type-post","3":"status-publish","4":"format-standard","5":"has-post-thumbnail","7":"category-nota-principal","8":"tag-movimiento-ciudadano","9":"tag-sergio-torres-felix"},"yoast_head":"<!-- This site is optimized with the Yoast SEO plugin v27.4 - https:\/\/yoast.com\/product\/yoast-seo-wordpress\/ -->\n<title>En Movimiento Ciudadano vamos en serio, ganaremos la presidencia de M\u00e9xico en 2024: Sergio Torres - Fuentes Fidedignas<\/title>\n<meta name=\"robots\" content=\"index, follow, max-snippet:-1, max-image-preview:large, max-video-preview:-1\" \/>\n<link rel=\"canonical\" href=\"https:\/\/fuentesfidedignas.com.mx\/index.php\/2022\/02\/17\/en-movimiento-ciudadano-vamos-en-serio-ganaremos-la-presidencia-de-mexico-en-2024-sergio-torres\/\" \/>\n<meta property=\"og:locale\" content=\"es_MX\" \/>\n<meta property=\"og:type\" content=\"article\" \/>\n<meta property=\"og:title\" content=\"En Movimiento Ciudadano vamos en serio, ganaremos la presidencia de M\u00e9xico en 2024: Sergio Torres - Fuentes Fidedignas\" \/>\n<meta property=\"og:description\" content=\"El dirigente expres\u00f3 que la pr\u00f3xima semana dar\u00e1n inicio a un amplio programa de afiliaci\u00f3n al partido Culiac\u00e1n, Sin.- El proyecto de Movimiento Ciudadano a nivel nacional y estatal va muy en serio, ganaremos la presidencia de M\u00e9xico en el 2024, afirm\u00f3 Sergio Torres, l\u00edder de MC en Sinaloa, en la ceremonia de entrega de [&hellip;]\" \/>\n<meta property=\"og:url\" content=\"https:\/\/fuentesfidedignas.com.mx\/index.php\/2022\/02\/17\/en-movimiento-ciudadano-vamos-en-serio-ganaremos-la-presidencia-de-mexico-en-2024-sergio-torres\/\" \/>\n<meta property=\"og:site_name\" content=\"Fuentes Fidedignas\" \/>\n<meta property=\"article:publisher\" content=\"https:\/\/www.facebook.com\/Fuentes-Fidedignas-368234489921644\" \/>\n<meta property=\"article:published_time\" content=\"2022-02-17T21:37:43+00:00\" \/>\n<meta property=\"article:modified_time\" content=\"2022-02-17T21:38:45+00:00\" \/>\n<meta property=\"og:image\" content=\"https:\/\/fuentesfidedignas.com.mx\/wp-content\/uploads\/2022\/02\/IMG-20220217-WA0034.jpg\" \/>\n\t<meta property=\"og:image:width\" content=\"1296\" \/>\n\t<meta property=\"og:image:height\" content=\"864\" \/>\n\t<meta property=\"og:image:type\" content=\"image\/jpeg\" \/>\n<meta name=\"author\" content=\"Redacci\u00f3n\" \/>\n<meta name=\"twitter:card\" content=\"summary_large_image\" \/>\n<meta name=\"twitter:creator\" content=\"@fidedignas\" \/>\n<meta name=\"twitter:site\" content=\"@fidedignas\" \/>\n<meta name=\"twitter:label1\" content=\"Escrito por\" \/>\n\t<meta name=\"twitter:data1\" content=\"Redacci\u00f3n\" \/>\n\t<meta name=\"twitter:label2\" content=\"Tiempo de lectura\" \/>\n\t<meta name=\"twitter:data2\" content=\"2 minutos\" \/>\n<script type=\"application\/ld+json\" class=\"yoast-schema-graph\">{\"@context\":\"https:\\\/\\\/schema.org\",\"@graph\":[{\"@type\":\"Article\",\"@id\":\"https:\\\/\\\/fuentesfidedignas.com.mx\\\/index.php\\\/2022\\\/02\\\/17\\\/en-movimiento-ciudadano-vamos-en-serio-ganaremos-la-presidencia-de-mexico-en-2024-sergio-torres\\\/#article\",\"isPartOf\":{\"@id\":\"https:\\\/\\\/fuentesfidedignas.com.mx\\\/index.php\\\/2022\\\/02\\\/17\\\/en-movimiento-ciudadano-vamos-en-serio-ganaremos-la-presidencia-de-mexico-en-2024-sergio-torres\\\/\"},\"author\":{\"name\":\"Redacci\u00f3n\",\"@id\":\"https:\\\/\\\/fuentesfidedignas.com.mx\\\/#\\\/schema\\\/person\\\/331be9283d37198e2acd5750279085b0\"},\"headline\":\"En Movimiento Ciudadano vamos en serio, ganaremos la presidencia de M\u00e9xico en 2024: Sergio Torres\",\"datePublished\":\"2022-02-17T21:37:43+00:00\",\"dateModified\":\"2022-02-17T21:38:45+00:00\",\"mainEntityOfPage\":{\"@id\":\"https:\\\/\\\/fuentesfidedignas.com.mx\\\/index.php\\\/2022\\\/02\\\/17\\\/en-movimiento-ciudadano-vamos-en-serio-ganaremos-la-presidencia-de-mexico-en-2024-sergio-torres\\\/\"},\"wordCount\":410,\"commentCount\":0,\"publisher\":{\"@id\":\"https:\\\/\\\/fuentesfidedignas.com.mx\\\/#organization\"},\"image\":{\"@id\":\"https:\\\/\\\/fuentesfidedignas.com.mx\\\/index.php\\\/2022\\\/02\\\/17\\\/en-movimiento-ciudadano-vamos-en-serio-ganaremos-la-presidencia-de-mexico-en-2024-sergio-torres\\\/#primaryimage\"},\"thumbnailUrl\":\"https:\\\/\\\/fuentesfidedignas.com.mx\\\/wp-content\\\/uploads\\\/2022\\\/02\\\/IMG-20220217-WA0034.jpg\",\"keywords\":[\"Movimiento Ciudadano\",\"Sergio Torres F\u00e9lix\"],\"articleSection\":[\"NOTA PRINCIPAL\"],\"inLanguage\":\"es\",\"potentialAction\":[{\"@type\":\"CommentAction\",\"name\":\"Comment\",\"target\":[\"https:\\\/\\\/fuentesfidedignas.com.mx\\\/index.php\\\/2022\\\/02\\\/17\\\/en-movimiento-ciudadano-vamos-en-serio-ganaremos-la-presidencia-de-mexico-en-2024-sergio-torres\\\/#respond\"]}]},{\"@type\":\"WebPage\",\"@id\":\"https:\\\/\\\/fuentesfidedignas.com.mx\\\/index.php\\\/2022\\\/02\\\/17\\\/en-movimiento-ciudadano-vamos-en-serio-ganaremos-la-presidencia-de-mexico-en-2024-sergio-torres\\\/\",\"url\":\"https:\\\/\\\/fuentesfidedignas.com.mx\\\/index.php\\\/2022\\\/02\\\/17\\\/en-movimiento-ciudadano-vamos-en-serio-ganaremos-la-presidencia-de-mexico-en-2024-sergio-torres\\\/\",\"name\":\"En Movimiento Ciudadano vamos en serio, ganaremos la presidencia de M\u00e9xico en 2024: Sergio Torres - Fuentes Fidedignas\",\"isPartOf\":{\"@id\":\"https:\\\/\\\/fuentesfidedignas.com.mx\\\/#website\"},\"primaryImageOfPage\":{\"@id\":\"https:\\\/\\\/fuentesfidedignas.com.mx\\\/index.php\\\/2022\\\/02\\\/17\\\/en-movimiento-ciudadano-vamos-en-serio-ganaremos-la-presidencia-de-mexico-en-2024-sergio-torres\\\/#primaryimage\"},\"image\":{\"@id\":\"https:\\\/\\\/fuentesfidedignas.com.mx\\\/index.php\\\/2022\\\/02\\\/17\\\/en-movimiento-ciudadano-vamos-en-serio-ganaremos-la-presidencia-de-mexico-en-2024-sergio-torres\\\/#primaryimage\"},\"thumbnailUrl\":\"https:\\\/\\\/fuentesfidedignas.com.mx\\\/wp-content\\\/uploads\\\/2022\\\/02\\\/IMG-20220217-WA0034.jpg\",\"datePublished\":\"2022-02-17T21:37:43+00:00\",\"dateModified\":\"2022-02-17T21:38:45+00:00\",\"breadcrumb\":{\"@id\":\"https:\\\/\\\/fuentesfidedignas.com.mx\\\/index.php\\\/2022\\\/02\\\/17\\\/en-movimiento-ciudadano-vamos-en-serio-ganaremos-la-presidencia-de-mexico-en-2024-sergio-torres\\\/#breadcrumb\"},\"inLanguage\":\"es\",\"potentialAction\":[{\"@type\":\"ReadAction\",\"target\":[\"https:\\\/\\\/fuentesfidedignas.com.mx\\\/index.php\\\/2022\\\/02\\\/17\\\/en-movimiento-ciudadano-vamos-en-serio-ganaremos-la-presidencia-de-mexico-en-2024-sergio-torres\\\/\"]}]},{\"@type\":\"ImageObject\",\"inLanguage\":\"es\",\"@id\":\"https:\\\/\\\/fuentesfidedignas.com.mx\\\/index.php\\\/2022\\\/02\\\/17\\\/en-movimiento-ciudadano-vamos-en-serio-ganaremos-la-presidencia-de-mexico-en-2024-sergio-torres\\\/#primaryimage\",\"url\":\"https:\\\/\\\/fuentesfidedignas.com.mx\\\/wp-content\\\/uploads\\\/2022\\\/02\\\/IMG-20220217-WA0034.jpg\",\"contentUrl\":\"https:\\\/\\\/fuentesfidedignas.com.mx\\\/wp-content\\\/uploads\\\/2022\\\/02\\\/IMG-20220217-WA0034.jpg\",\"width\":1296,\"height\":864},{\"@type\":\"BreadcrumbList\",\"@id\":\"https:\\\/\\\/fuentesfidedignas.com.mx\\\/index.php\\\/2022\\\/02\\\/17\\\/en-movimiento-ciudadano-vamos-en-serio-ganaremos-la-presidencia-de-mexico-en-2024-sergio-torres\\\/#breadcrumb\",\"itemListElement\":[{\"@type\":\"ListItem\",\"position\":1,\"name\":\"Inicio\",\"item\":\"https:\\\/\\\/fuentesfidedignas.com.mx\\\/\"},{\"@type\":\"ListItem\",\"position\":2,\"name\":\"En Movimiento Ciudadano vamos en serio, ganaremos la presidencia de M\u00e9xico en 2024: Sergio Torres\"}]},{\"@type\":\"WebSite\",\"@id\":\"https:\\\/\\\/fuentesfidedignas.com.mx\\\/#website\",\"url\":\"https:\\\/\\\/fuentesfidedignas.com.mx\\\/\",\"name\":\"Fuentes Fidedignas\",\"description\":\"Otro sitio realizado con WordPress\",\"publisher\":{\"@id\":\"https:\\\/\\\/fuentesfidedignas.com.mx\\\/#organization\"},\"potentialAction\":[{\"@type\":\"SearchAction\",\"target\":{\"@type\":\"EntryPoint\",\"urlTemplate\":\"https:\\\/\\\/fuentesfidedignas.com.mx\\\/?s={search_term_string}\"},\"query-input\":{\"@type\":\"PropertyValueSpecification\",\"valueRequired\":true,\"valueName\":\"search_term_string\"}}],\"inLanguage\":\"es\"},{\"@type\":\"Organization\",\"@id\":\"https:\\\/\\\/fuentesfidedignas.com.mx\\\/#organization\",\"name\":\"Fuentes Fidedignas\",\"url\":\"https:\\\/\\\/fuentesfidedignas.com.mx\\\/\",\"logo\":{\"@type\":\"ImageObject\",\"inLanguage\":\"es\",\"@id\":\"https:\\\/\\\/fuentesfidedignas.com.mx\\\/#\\\/schema\\\/logo\\\/image\\\/\",\"url\":\"https:\\\/\\\/fuentesfidedignas.com.mx\\\/wp-content\\\/uploads\\\/2021\\\/04\\\/logo-retina.png\",\"contentUrl\":\"https:\\\/\\\/fuentesfidedignas.com.mx\\\/wp-content\\\/uploads\\\/2021\\\/04\\\/logo-retina.png\",\"width\":280,\"height\":51,\"caption\":\"Fuentes Fidedignas\"},\"image\":{\"@id\":\"https:\\\/\\\/fuentesfidedignas.com.mx\\\/#\\\/schema\\\/logo\\\/image\\\/\"},\"sameAs\":[\"https:\\\/\\\/www.facebook.com\\\/Fuentes-Fidedignas-368234489921644\",\"https:\\\/\\\/x.com\\\/fidedignas\"]},{\"@type\":\"Person\",\"@id\":\"https:\\\/\\\/fuentesfidedignas.com.mx\\\/#\\\/schema\\\/person\\\/331be9283d37198e2acd5750279085b0\",\"name\":\"Redacci\u00f3n\",\"image\":{\"@type\":\"ImageObject\",\"inLanguage\":\"es\",\"@id\":\"https:\\\/\\\/secure.gravatar.com\\\/avatar\\\/f6d8782c11d12b2d4ad3fbb6931aeab5309937a4d6cd2fc9cfaa28a6396a5aec?s=96&d=mm&r=g\",\"url\":\"https:\\\/\\\/secure.gravatar.com\\\/avatar\\\/f6d8782c11d12b2d4ad3fbb6931aeab5309937a4d6cd2fc9cfaa28a6396a5aec?s=96&d=mm&r=g\",\"contentUrl\":\"https:\\\/\\\/secure.gravatar.com\\\/avatar\\\/f6d8782c11d12b2d4ad3fbb6931aeab5309937a4d6cd2fc9cfaa28a6396a5aec?s=96&d=mm&r=g\",\"caption\":\"Redacci\u00f3n\"},\"url\":\"https:\\\/\\\/fuentesfidedignas.com.mx\\\/index.php\\\/author\\\/redaccion\\\/\"}]}<\/script>\n<!-- \/ Yoast SEO plugin. -->","yoast_head_json":{"title":"En Movimiento Ciudadano vamos en serio, ganaremos la presidencia de M\u00e9xico en 2024: Sergio Torres - Fuentes Fidedignas","robots":{"index":"index","follow":"follow","max-snippet":"max-snippet:-1","max-image-preview":"max-image-preview:large","max-video-preview":"max-video-preview:-1"},"canonical":"https:\/\/fuentesfidedignas.com.mx\/index.php\/2022\/02\/17\/en-movimiento-ciudadano-vamos-en-serio-ganaremos-la-presidencia-de-mexico-en-2024-sergio-torres\/","og_locale":"es_MX","og_type":"article","og_title":"En Movimiento Ciudadano vamos en serio, ganaremos la presidencia de M\u00e9xico en 2024: Sergio Torres - Fuentes Fidedignas","og_description":"El dirigente expres\u00f3 que la pr\u00f3xima semana dar\u00e1n inicio a un amplio programa de afiliaci\u00f3n al partido Culiac\u00e1n, Sin.- El proyecto de Movimiento Ciudadano a nivel nacional y estatal va muy en serio, ganaremos la presidencia de M\u00e9xico en el 2024, afirm\u00f3 Sergio Torres, l\u00edder de MC en Sinaloa, en la ceremonia de entrega de [&hellip;]","og_url":"https:\/\/fuentesfidedignas.com.mx\/index.php\/2022\/02\/17\/en-movimiento-ciudadano-vamos-en-serio-ganaremos-la-presidencia-de-mexico-en-2024-sergio-torres\/","og_site_name":"Fuentes Fidedignas","article_publisher":"https:\/\/www.facebook.com\/Fuentes-Fidedignas-368234489921644","article_published_time":"2022-02-17T21:37:43+00:00","article_modified_time":"2022-02-17T21:38:45+00:00","og_image":[{"width":1296,"height":864,"url":"https:\/\/fuentesfidedignas.com.mx\/wp-content\/uploads\/2022\/02\/IMG-20220217-WA0034.jpg","type":"image\/jpeg"}],"author":"Redacci\u00f3n","twitter_card":"summary_large_image","twitter_creator":"@fidedignas","twitter_site":"@fidedignas","twitter_misc":{"Escrito por":"Redacci\u00f3n","Tiempo de lectura":"2 minutos"},"schema":{"@context":"https:\/\/schema.org","@graph":[{"@type":"Article","@id":"https:\/\/fuentesfidedignas.com.mx\/index.php\/2022\/02\/17\/en-movimiento-ciudadano-vamos-en-serio-ganaremos-la-presidencia-de-mexico-en-2024-sergio-torres\/#article","isPartOf":{"@id":"https:\/\/fuentesfidedignas.com.mx\/index.php\/2022\/02\/17\/en-movimiento-ciudadano-vamos-en-serio-ganaremos-la-presidencia-de-mexico-en-2024-sergio-torres\/"},"author":{"name":"Redacci\u00f3n","@id":"https:\/\/fuentesfidedignas.com.mx\/#\/schema\/person\/331be9283d37198e2acd5750279085b0"},"headline":"En Movimiento Ciudadano vamos en serio, ganaremos la presidencia de M\u00e9xico en 2024: Sergio Torres","datePublished":"2022-02-17T21:37:43+00:00","dateModified":"2022-02-17T21:38:45+00:00","mainEntityOfPage":{"@id":"https:\/\/fuentesfidedignas.com.mx\/index.php\/2022\/02\/17\/en-movimiento-ciudadano-vamos-en-serio-ganaremos-la-presidencia-de-mexico-en-2024-sergio-torres\/"},"wordCount":410,"commentCount":0,"publisher":{"@id":"https:\/\/fuentesfidedignas.com.mx\/#organization"},"image":{"@id":"https:\/\/fuentesfidedignas.com.mx\/index.php\/2022\/02\/17\/en-movimiento-ciudadano-vamos-en-serio-ganaremos-la-presidencia-de-mexico-en-2024-sergio-torres\/#primaryimage"},"thumbnailUrl":"https:\/\/fuentesfidedignas.com.mx\/wp-content\/uploads\/2022\/02\/IMG-20220217-WA0034.jpg","keywords":["Movimiento Ciudadano","Sergio Torres F\u00e9lix"],"articleSection":["NOTA PRINCIPAL"],"inLanguage":"es","potentialAction":[{"@type":"CommentAction","name":"Comment","target":["https:\/\/fuentesfidedignas.com.mx\/index.php\/2022\/02\/17\/en-movimiento-ciudadano-vamos-en-serio-ganaremos-la-presidencia-de-mexico-en-2024-sergio-torres\/#respond"]}]},{"@type":"WebPage","@id":"https:\/\/fuentesfidedignas.com.mx\/index.php\/2022\/02\/17\/en-movimiento-ciudadano-vamos-en-serio-ganaremos-la-presidencia-de-mexico-en-2024-sergio-torres\/","url":"https:\/\/fuentesfidedignas.com.mx\/index.php\/2022\/02\/17\/en-movimiento-ciudadano-vamos-en-serio-ganaremos-la-presidencia-de-mexico-en-2024-sergio-torres\/","name":"En Movimiento Ciudadano vamos en serio, ganaremos la presidencia de M\u00e9xico en 2024: Sergio Torres - Fuentes Fidedignas","isPartOf":{"@id":"https:\/\/fuentesfidedignas.com.mx\/#website"},"primaryImageOfPage":{"@id":"https:\/\/fuentesfidedignas.com.mx\/index.php\/2022\/02\/17\/en-movimiento-ciudadano-vamos-en-serio-ganaremos-la-presidencia-de-mexico-en-2024-sergio-torres\/#primaryimage"},"image":{"@id":"https:\/\/fuentesfidedignas.com.mx\/index.php\/2022\/02\/17\/en-movimiento-ciudadano-vamos-en-serio-ganaremos-la-presidencia-de-mexico-en-2024-sergio-torres\/#primaryimage"},"thumbnailUrl":"https:\/\/fuentesfidedignas.com.mx\/wp-content\/uploads\/2022\/02\/IMG-20220217-WA0034.jpg","datePublished":"2022-02-17T21:37:43+00:00","dateModified":"2022-02-17T21:38:45+00:00","breadcrumb":{"@id":"https:\/\/fuentesfidedignas.com.mx\/index.php\/2022\/02\/17\/en-movimiento-ciudadano-vamos-en-serio-ganaremos-la-presidencia-de-mexico-en-2024-sergio-torres\/#breadcrumb"},"inLanguage":"es","potentialAction":[{"@type":"ReadAction","target":["https:\/\/fuentesfidedignas.com.mx\/index.php\/2022\/02\/17\/en-movimiento-ciudadano-vamos-en-serio-ganaremos-la-presidencia-de-mexico-en-2024-sergio-torres\/"]}]},{"@type":"ImageObject","inLanguage":"es","@id":"https:\/\/fuentesfidedignas.com.mx\/index.php\/2022\/02\/17\/en-movimiento-ciudadano-vamos-en-serio-ganaremos-la-presidencia-de-mexico-en-2024-sergio-torres\/#primaryimage","url":"https:\/\/fuentesfidedignas.com.mx\/wp-content\/uploads\/2022\/02\/IMG-20220217-WA0034.jpg","contentUrl":"https:\/\/fuentesfidedignas.com.mx\/wp-content\/uploads\/2022\/02\/IMG-20220217-WA0034.jpg","width":1296,"height":864},{"@type":"BreadcrumbList","@id":"https:\/\/fuentesfidedignas.com.mx\/index.php\/2022\/02\/17\/en-movimiento-ciudadano-vamos-en-serio-ganaremos-la-presidencia-de-mexico-en-2024-sergio-torres\/#breadcrumb","itemListElement":[{"@type":"ListItem","position":1,"name":"Inicio","item":"https:\/\/fuentesfidedignas.com.mx\/"},{"@type":"ListItem","position":2,"name":"En Movimiento Ciudadano vamos en serio, ganaremos la presidencia de M\u00e9xico en 2024: Sergio Torres"}]},{"@type":"WebSite","@id":"https:\/\/fuentesfidedignas.com.mx\/#website","url":"https:\/\/fuentesfidedignas.com.mx\/","name":"Fuentes Fidedignas","description":"Otro sitio realizado con WordPress","publisher":{"@id":"https:\/\/fuentesfidedignas.com.mx\/#organization"},"potentialAction":[{"@type":"SearchAction","target":{"@type":"EntryPoint","urlTemplate":"https:\/\/fuentesfidedignas.com.mx\/?s={search_term_string}"},"query-input":{"@type":"PropertyValueSpecification","valueRequired":true,"valueName":"search_term_string"}}],"inLanguage":"es"},{"@type":"Organization","@id":"https:\/\/fuentesfidedignas.com.mx\/#organization","name":"Fuentes Fidedignas","url":"https:\/\/fuentesfidedignas.com.mx\/","logo":{"@type":"ImageObject","inLanguage":"es","@id":"https:\/\/fuentesfidedignas.com.mx\/#\/schema\/logo\/image\/","url":"https:\/\/fuentesfidedignas.com.mx\/wp-content\/uploads\/2021\/04\/logo-retina.png","contentUrl":"https:\/\/fuentesfidedignas.com.mx\/wp-content\/uploads\/2021\/04\/logo-retina.png","width":280,"height":51,"caption":"Fuentes Fidedignas"},"image":{"@id":"https:\/\/fuentesfidedignas.com.mx\/#\/schema\/logo\/image\/"},"sameAs":["https:\/\/www.facebook.com\/Fuentes-Fidedignas-368234489921644","https:\/\/x.com\/fidedignas"]},{"@type":"Person","@id":"https:\/\/fuentesfidedignas.com.mx\/#\/schema\/person\/331be9283d37198e2acd5750279085b0","name":"Redacci\u00f3n","image":{"@type":"ImageObject","inLanguage":"es","@id":"https:\/\/secure.gravatar.com\/avatar\/f6d8782c11d12b2d4ad3fbb6931aeab5309937a4d6cd2fc9cfaa28a6396a5aec?s=96&d=mm&r=g","url":"https:\/\/secure.gravatar.com\/avatar\/f6d8782c11d12b2d4ad3fbb6931aeab5309937a4d6cd2fc9cfaa28a6396a5aec?s=96&d=mm&r=g","contentUrl":"https:\/\/secure.gravatar.com\/avatar\/f6d8782c11d12b2d4ad3fbb6931aeab5309937a4d6cd2fc9cfaa28a6396a5aec?s=96&d=mm&r=g","caption":"Redacci\u00f3n"},"url":"https:\/\/fuentesfidedignas.com.mx\/index.php\/author\/redaccion\/"}]}},"_links":{"self":[{"href":"https:\/\/fuentesfidedignas.com.mx\/index.php\/wp-json\/wp\/v2\/posts\/24261","targetHints":{"allow":["GET"]}}],"collection":[{"href":"https:\/\/fuentesfidedignas.com.mx\/index.php\/wp-json\/wp\/v2\/posts"}],"about":[{"href":"https:\/\/fuentesfidedignas.com.mx\/index.php\/wp-json\/wp\/v2\/types\/post"}],"author":[{"embeddable":true,"href":"https:\/\/fuentesfidedignas.com.mx\/index.php\/wp-json\/wp\/v2\/users\/4"}],"replies":[{"embeddable":true,"href":"https:\/\/fuentesfidedignas.com.mx\/index.php\/wp-json\/wp\/v2\/comments?post=24261"}],"version-history":[{"count":1,"href":"https:\/\/fuentesfidedignas.com.mx\/index.php\/wp-json\/wp\/v2\/posts\/24261\/revisions"}],"predecessor-version":[{"id":24263,"href":"https:\/\/fuentesfidedignas.com.mx\/index.php\/wp-json\/wp\/v2\/posts\/24261\/revisions\/24263"}],"wp:featuredmedia":[{"embeddable":true,"href":"https:\/\/fuentesfidedignas.com.mx\/index.php\/wp-json\/wp\/v2\/media\/24264"}],"wp:attachment":[{"href":"https:\/\/fuentesfidedignas.com.mx\/index.php\/wp-json\/wp\/v2\/media?parent=24261"}],"wp:term":[{"taxonomy":"category","embeddable":true,"href":"https:\/\/fuentesfidedignas.com.mx\/index.php\/wp-json\/wp\/v2\/categories?post=24261"},{"taxonomy":"post_tag","embeddable":true,"href":"https:\/\/fuentesfidedignas.com.mx\/index.php\/wp-json\/wp\/v2\/tags?post=24261"}],"curies":[{"name":"wp","href":"https:\/\/api.w.org\/{rel}","templated":true}]}}