{"id":24245,"date":"2022-02-17T12:41:30","date_gmt":"2022-02-17T19:41:30","guid":{"rendered":"https:\/\/fuentesfidedignas.com.mx\/?p=24245"},"modified":"2022-02-17T12:41:31","modified_gmt":"2022-02-17T19:41:31","slug":"proyectiles-impactan-guarderia-de-ucrania-los-ninos-estaban-desayunando","status":"publish","type":"post","link":"https:\/\/fuentesfidedignas.com.mx\/index.php\/2022\/02\/17\/proyectiles-impactan-guarderia-de-ucrania-los-ninos-estaban-desayunando\/","title":{"rendered":"Proyectiles impactan guarder\u00eda de Ucrania; &#8220;los ni\u00f1os estaban desayunando&#8221;"},"content":{"rendered":"\n<p><strong><em>Natalia Slessareva, empleada de la guarder\u00eda, narr\u00f3 que la onda expansiva la lanz\u00f3 hacia la puerta; al momento de la explosi\u00f3n hab\u00eda 20 ni\u00f1os en el comedor.<\/em><\/strong><\/p>\n\n\n\n<p>Ciudad de M\u00e9xico.- En el este de Ucrania se reportaron bombardeos esta ma\u00f1ana. &#8220;En el momento de la explosi\u00f3n, los ni\u00f1os estaban desayunando&#8221;, dice conmocionada Natalia Slessareva, de 54 a\u00f1os y empleada de la guarder\u00eda Stanitsa Luganska.<\/p>\n\n\n\n<p>&#8220;La explosi\u00f3n tuvo lugar alrededor de las 09:00 de la ma\u00f1ana. Estaba en la lavander\u00eda. La onda expansiva me lanz\u00f3 hacia la puerta. Ya no sent\u00eda el lado derecho de mi cabeza&#8221;, relata a la AFP.<\/p>\n\n\n\n<p>En la sala de deportes de la guarder\u00eda, una pared est\u00e1 perforada por un proyectil. Los ladrillos que cayeron est\u00e1n ahora entre los juguetes de los ni\u00f1os.<\/p>\n\n\n\n<p>En el momento de la explosi\u00f3n, hab\u00eda 20 ni\u00f1os en el comedor, que iban a bajar al pabell\u00f3n deportivo justo despu\u00e9s. &#8220;Si la explosi\u00f3n se hubiera producido 15 minutos m\u00e1s tarde, las consecuencias podr\u00edan haber sido catastr\u00f3ficas&#8221;, a\u00f1ade Slessareva.<\/p>\n\n\n\n<p>En tiempos normales, 57 ni\u00f1os suelen asistir a esta escuela, pero esta vez, la mayor\u00eda se hab\u00eda quedado en casa por las restricciones anticovid.<\/p>\n\n\n\n<p>Stanitsa Luganska, una peque\u00f1a ciudad en la l\u00ednea del frente del este de Ucrania, fue golpeada por un bombardeo el jueves. Los l\u00edderes occidentales reaccionaron indignados mientras los separatistas denunciaron una manipulaci\u00f3n de Kiev.<\/p>\n\n\n\n<p>Seg\u00fan el Ej\u00e9rcito ucraniano, 32 proyectiles cayeron sobre la ciudad. Tres empleados de la escuela resultaron heridos. Otro proyectil cay\u00f3 sobre el parque infantil, donde se puede observar un cr\u00e1ter en forma de embudo entre dos toboganes.<\/p>\n\n\n\n<p>&#8220;Ten\u00eda mucho miedo, no hay ning\u00fan refugio&#8221;<\/p>\n\n\n\n<p>Avisada por el colegio, Natalia, de 38 a\u00f1os, corri\u00f3 a recoger a su hijo de dos a\u00f1os. &#8220;Nos precipitamos en el coche con mi marido para recoger al ni\u00f1o&#8221;, dijo, sin dar su apellido.<\/p>\n\n\n\n<p>&#8220;Ten\u00eda mucho miedo, no hay ning\u00fan refugio antibombas en esta guarder\u00eda, solo paredes gruesas. Se puede ver que fueron da\u00f1adas. No logro calmarme&#8221;, a\u00f1adi\u00f3.<\/p>\n\n\n\n<p>Una parte de las tiendas de la ciudad permanec\u00edan cerradas tras los bombardeos por falta de electricidad.<\/p>\n\n\n\n<p>Algunos habitantes cubrieron sus ventanas con bolsas de pl\u00e1stico ya que muchas fueron reventadas por las explosiones.<\/p>\n\n\n\n<p>&#8220;Estaba tranquilo antes de A\u00f1o Nuevo, pero ahora han empezado a disparar con m\u00e1s fuerza&#8221;, observa un hombre que recoge fragmentos de vidrio en su balc\u00f3n del segundo piso de un peque\u00f1o edificio.<\/p>\n\n\n\n<p>Desde 2014, el este de Ucrania est\u00e1 inmerso en una guerra entre fuerzas ucranianas y combatientes separatistas, apoyados militarmente por Mosc\u00fa, seg\u00fan Kiev y los pa\u00edses occidentales.<\/p>\n\n\n\n<p>A pesar de numerosos intentos de alto el fuego, algunos de los cuales fueron relativamente respetados, los combates nunca cesaron del todo y causaron m\u00e1s de 14 mil muertos.<\/p>\n\n\n\n<p>Desde noviembre, Mosc\u00fa tiene concentrados a m\u00e1s de 100 mil soldados cerca de la frontera ucraniana, lo que hace temer una operaci\u00f3n militar contra Kiev y una reanudaci\u00f3n a gran escala de los combates en la zona.<\/p>\n\n\n\n<p>El presidente ucraniano, Volodimir Zelenksi, denunci\u00f3 que los bombardeos eran una &#8220;provocaci\u00f3n&#8221; y el primer ministro brit\u00e1nico Boris Johnson acus\u00f3 a Mosc\u00fa de querer &#8220;desacreditar&#8221; a Kiev para justificar una invasi\u00f3n.<\/p>\n\n\n\n<p>Los separatistas de Luhansk, por su parte, acusaron a Kiev de haber aumentado el n\u00famero de bombardeos con armas pesadas para &#8220;empujar el conflicto hacia una escalada&#8221;.<\/p>\n","protected":false},"excerpt":{"rendered":"<p>Natalia Slessareva, empleada de la guarder\u00eda, narr\u00f3 que la onda expansiva la lanz\u00f3 hacia la puerta; al momento de la explosi\u00f3n hab\u00eda 20 ni\u00f1os en el comedor. Ciudad de M\u00e9xico.- En el este de Ucrania se reportaron bombardeos esta ma\u00f1ana. &#8220;En el momento de la explosi\u00f3n, los ni\u00f1os estaban desayunando&#8221;, dice conmocionada Natalia Slessareva, de [&hellip;]<\/p>\n","protected":false},"author":12,"featured_media":24246,"comment_status":"open","ping_status":"open","sticky":false,"template":"","format":"standard","meta":{"tdm_status":"","tdm_grid_status":"","footnotes":""},"categories":[39],"tags":[],"class_list":{"0":"post-24245","1":"post","2":"type-post","3":"status-publish","4":"format-standard","5":"has-post-thumbnail","7":"category-noticias-nacionales"},"yoast_head":"<!-- This site is optimized with the Yoast SEO plugin v27.5 - https:\/\/yoast.com\/product\/yoast-seo-wordpress\/ -->\n<title>Proyectiles impactan guarder\u00eda de Ucrania; &quot;los ni\u00f1os estaban desayunando&quot; - Fuentes Fidedignas<\/title>\n<meta name=\"robots\" content=\"index, follow, max-snippet:-1, max-image-preview:large, max-video-preview:-1\" \/>\n<link rel=\"canonical\" href=\"https:\/\/fuentesfidedignas.com.mx\/index.php\/2022\/02\/17\/proyectiles-impactan-guarderia-de-ucrania-los-ninos-estaban-desayunando\/\" \/>\n<meta property=\"og:locale\" content=\"es_MX\" \/>\n<meta property=\"og:type\" content=\"article\" \/>\n<meta property=\"og:title\" content=\"Proyectiles impactan guarder\u00eda de Ucrania; &quot;los ni\u00f1os estaban desayunando&quot; - Fuentes Fidedignas\" \/>\n<meta property=\"og:description\" content=\"Natalia Slessareva, empleada de la guarder\u00eda, narr\u00f3 que la onda expansiva la lanz\u00f3 hacia la puerta; al momento de la explosi\u00f3n hab\u00eda 20 ni\u00f1os en el comedor. Ciudad de M\u00e9xico.- En el este de Ucrania se reportaron bombardeos esta ma\u00f1ana. &#8220;En el momento de la explosi\u00f3n, los ni\u00f1os estaban desayunando&#8221;, dice conmocionada Natalia Slessareva, de [&hellip;]\" \/>\n<meta property=\"og:url\" content=\"https:\/\/fuentesfidedignas.com.mx\/index.php\/2022\/02\/17\/proyectiles-impactan-guarderia-de-ucrania-los-ninos-estaban-desayunando\/\" \/>\n<meta property=\"og:site_name\" content=\"Fuentes Fidedignas\" \/>\n<meta property=\"article:publisher\" content=\"https:\/\/www.facebook.com\/Fuentes-Fidedignas-368234489921644\" \/>\n<meta property=\"article:published_time\" content=\"2022-02-17T19:41:30+00:00\" \/>\n<meta property=\"article:modified_time\" content=\"2022-02-17T19:41:31+00:00\" \/>\n<meta property=\"og:image\" content=\"https:\/\/fuentesfidedignas.com.mx\/wp-content\/uploads\/2022\/02\/GUARDERIA_UCRANIA.jpg\" \/>\n\t<meta property=\"og:image:width\" content=\"800\" \/>\n\t<meta property=\"og:image:height\" content=\"600\" \/>\n\t<meta property=\"og:image:type\" content=\"image\/jpeg\" \/>\n<meta name=\"author\" content=\"AFP\" \/>\n<meta name=\"twitter:card\" content=\"summary_large_image\" \/>\n<meta name=\"twitter:creator\" content=\"@fidedignas\" \/>\n<meta name=\"twitter:site\" content=\"@fidedignas\" \/>\n<meta name=\"twitter:label1\" content=\"Escrito por\" \/>\n\t<meta name=\"twitter:data1\" content=\"AFP\" \/>\n\t<meta name=\"twitter:label2\" content=\"Tiempo de lectura\" \/>\n\t<meta name=\"twitter:data2\" content=\"3 minutos\" \/>\n<script type=\"application\/ld+json\" class=\"yoast-schema-graph\">{\"@context\":\"https:\\\/\\\/schema.org\",\"@graph\":[{\"@type\":\"Article\",\"@id\":\"https:\\\/\\\/fuentesfidedignas.com.mx\\\/index.php\\\/2022\\\/02\\\/17\\\/proyectiles-impactan-guarderia-de-ucrania-los-ninos-estaban-desayunando\\\/#article\",\"isPartOf\":{\"@id\":\"https:\\\/\\\/fuentesfidedignas.com.mx\\\/index.php\\\/2022\\\/02\\\/17\\\/proyectiles-impactan-guarderia-de-ucrania-los-ninos-estaban-desayunando\\\/\"},\"author\":{\"name\":\"AFP\",\"@id\":\"https:\\\/\\\/fuentesfidedignas.com.mx\\\/#\\\/schema\\\/person\\\/1827b38c6cf89e1d6cc7d78ca3fae732\"},\"headline\":\"Proyectiles impactan guarder\u00eda de Ucrania; &#8220;los ni\u00f1os estaban desayunando&#8221;\",\"datePublished\":\"2022-02-17T19:41:30+00:00\",\"dateModified\":\"2022-02-17T19:41:31+00:00\",\"mainEntityOfPage\":{\"@id\":\"https:\\\/\\\/fuentesfidedignas.com.mx\\\/index.php\\\/2022\\\/02\\\/17\\\/proyectiles-impactan-guarderia-de-ucrania-los-ninos-estaban-desayunando\\\/\"},\"wordCount\":608,\"commentCount\":0,\"publisher\":{\"@id\":\"https:\\\/\\\/fuentesfidedignas.com.mx\\\/#organization\"},\"image\":{\"@id\":\"https:\\\/\\\/fuentesfidedignas.com.mx\\\/index.php\\\/2022\\\/02\\\/17\\\/proyectiles-impactan-guarderia-de-ucrania-los-ninos-estaban-desayunando\\\/#primaryimage\"},\"thumbnailUrl\":\"https:\\\/\\\/fuentesfidedignas.com.mx\\\/wp-content\\\/uploads\\\/2022\\\/02\\\/GUARDERIA_UCRANIA.jpg\",\"articleSection\":[\"NOTICIAS NACIONALES\"],\"inLanguage\":\"es\",\"potentialAction\":[{\"@type\":\"CommentAction\",\"name\":\"Comment\",\"target\":[\"https:\\\/\\\/fuentesfidedignas.com.mx\\\/index.php\\\/2022\\\/02\\\/17\\\/proyectiles-impactan-guarderia-de-ucrania-los-ninos-estaban-desayunando\\\/#respond\"]}]},{\"@type\":\"WebPage\",\"@id\":\"https:\\\/\\\/fuentesfidedignas.com.mx\\\/index.php\\\/2022\\\/02\\\/17\\\/proyectiles-impactan-guarderia-de-ucrania-los-ninos-estaban-desayunando\\\/\",\"url\":\"https:\\\/\\\/fuentesfidedignas.com.mx\\\/index.php\\\/2022\\\/02\\\/17\\\/proyectiles-impactan-guarderia-de-ucrania-los-ninos-estaban-desayunando\\\/\",\"name\":\"Proyectiles impactan guarder\u00eda de Ucrania; \\\"los ni\u00f1os estaban desayunando\\\" - Fuentes Fidedignas\",\"isPartOf\":{\"@id\":\"https:\\\/\\\/fuentesfidedignas.com.mx\\\/#website\"},\"primaryImageOfPage\":{\"@id\":\"https:\\\/\\\/fuentesfidedignas.com.mx\\\/index.php\\\/2022\\\/02\\\/17\\\/proyectiles-impactan-guarderia-de-ucrania-los-ninos-estaban-desayunando\\\/#primaryimage\"},\"image\":{\"@id\":\"https:\\\/\\\/fuentesfidedignas.com.mx\\\/index.php\\\/2022\\\/02\\\/17\\\/proyectiles-impactan-guarderia-de-ucrania-los-ninos-estaban-desayunando\\\/#primaryimage\"},\"thumbnailUrl\":\"https:\\\/\\\/fuentesfidedignas.com.mx\\\/wp-content\\\/uploads\\\/2022\\\/02\\\/GUARDERIA_UCRANIA.jpg\",\"datePublished\":\"2022-02-17T19:41:30+00:00\",\"dateModified\":\"2022-02-17T19:41:31+00:00\",\"breadcrumb\":{\"@id\":\"https:\\\/\\\/fuentesfidedignas.com.mx\\\/index.php\\\/2022\\\/02\\\/17\\\/proyectiles-impactan-guarderia-de-ucrania-los-ninos-estaban-desayunando\\\/#breadcrumb\"},\"inLanguage\":\"es\",\"potentialAction\":[{\"@type\":\"ReadAction\",\"target\":[\"https:\\\/\\\/fuentesfidedignas.com.mx\\\/index.php\\\/2022\\\/02\\\/17\\\/proyectiles-impactan-guarderia-de-ucrania-los-ninos-estaban-desayunando\\\/\"]}]},{\"@type\":\"ImageObject\",\"inLanguage\":\"es\",\"@id\":\"https:\\\/\\\/fuentesfidedignas.com.mx\\\/index.php\\\/2022\\\/02\\\/17\\\/proyectiles-impactan-guarderia-de-ucrania-los-ninos-estaban-desayunando\\\/#primaryimage\",\"url\":\"https:\\\/\\\/fuentesfidedignas.com.mx\\\/wp-content\\\/uploads\\\/2022\\\/02\\\/GUARDERIA_UCRANIA.jpg\",\"contentUrl\":\"https:\\\/\\\/fuentesfidedignas.com.mx\\\/wp-content\\\/uploads\\\/2022\\\/02\\\/GUARDERIA_UCRANIA.jpg\",\"width\":800,\"height\":600},{\"@type\":\"BreadcrumbList\",\"@id\":\"https:\\\/\\\/fuentesfidedignas.com.mx\\\/index.php\\\/2022\\\/02\\\/17\\\/proyectiles-impactan-guarderia-de-ucrania-los-ninos-estaban-desayunando\\\/#breadcrumb\",\"itemListElement\":[{\"@type\":\"ListItem\",\"position\":1,\"name\":\"Inicio\",\"item\":\"https:\\\/\\\/fuentesfidedignas.com.mx\\\/\"},{\"@type\":\"ListItem\",\"position\":2,\"name\":\"Proyectiles impactan guarder\u00eda de Ucrania; &#8220;los ni\u00f1os estaban desayunando&#8221;\"}]},{\"@type\":\"WebSite\",\"@id\":\"https:\\\/\\\/fuentesfidedignas.com.mx\\\/#website\",\"url\":\"https:\\\/\\\/fuentesfidedignas.com.mx\\\/\",\"name\":\"Fuentes Fidedignas\",\"description\":\"Otro sitio realizado con WordPress\",\"publisher\":{\"@id\":\"https:\\\/\\\/fuentesfidedignas.com.mx\\\/#organization\"},\"potentialAction\":[{\"@type\":\"SearchAction\",\"target\":{\"@type\":\"EntryPoint\",\"urlTemplate\":\"https:\\\/\\\/fuentesfidedignas.com.mx\\\/?s={search_term_string}\"},\"query-input\":{\"@type\":\"PropertyValueSpecification\",\"valueRequired\":true,\"valueName\":\"search_term_string\"}}],\"inLanguage\":\"es\"},{\"@type\":\"Organization\",\"@id\":\"https:\\\/\\\/fuentesfidedignas.com.mx\\\/#organization\",\"name\":\"Fuentes Fidedignas\",\"url\":\"https:\\\/\\\/fuentesfidedignas.com.mx\\\/\",\"logo\":{\"@type\":\"ImageObject\",\"inLanguage\":\"es\",\"@id\":\"https:\\\/\\\/fuentesfidedignas.com.mx\\\/#\\\/schema\\\/logo\\\/image\\\/\",\"url\":\"https:\\\/\\\/fuentesfidedignas.com.mx\\\/wp-content\\\/uploads\\\/2021\\\/04\\\/logo-retina.png\",\"contentUrl\":\"https:\\\/\\\/fuentesfidedignas.com.mx\\\/wp-content\\\/uploads\\\/2021\\\/04\\\/logo-retina.png\",\"width\":280,\"height\":51,\"caption\":\"Fuentes Fidedignas\"},\"image\":{\"@id\":\"https:\\\/\\\/fuentesfidedignas.com.mx\\\/#\\\/schema\\\/logo\\\/image\\\/\"},\"sameAs\":[\"https:\\\/\\\/www.facebook.com\\\/Fuentes-Fidedignas-368234489921644\",\"https:\\\/\\\/x.com\\\/fidedignas\"]},{\"@type\":\"Person\",\"@id\":\"https:\\\/\\\/fuentesfidedignas.com.mx\\\/#\\\/schema\\\/person\\\/1827b38c6cf89e1d6cc7d78ca3fae732\",\"name\":\"AFP\",\"image\":{\"@type\":\"ImageObject\",\"inLanguage\":\"es\",\"@id\":\"https:\\\/\\\/secure.gravatar.com\\\/avatar\\\/236827d2ee9bf15e1ea99e0c1cd1b467cffa55e324d177638d0f8de7950cbae6?s=96&d=mm&r=g\",\"url\":\"https:\\\/\\\/secure.gravatar.com\\\/avatar\\\/236827d2ee9bf15e1ea99e0c1cd1b467cffa55e324d177638d0f8de7950cbae6?s=96&d=mm&r=g\",\"contentUrl\":\"https:\\\/\\\/secure.gravatar.com\\\/avatar\\\/236827d2ee9bf15e1ea99e0c1cd1b467cffa55e324d177638d0f8de7950cbae6?s=96&d=mm&r=g\",\"caption\":\"AFP\"},\"url\":\"https:\\\/\\\/fuentesfidedignas.com.mx\\\/index.php\\\/author\\\/afp\\\/\"}]}<\/script>\n<!-- \/ Yoast SEO plugin. -->","yoast_head_json":{"title":"Proyectiles impactan guarder\u00eda de Ucrania; \"los ni\u00f1os estaban desayunando\" - Fuentes Fidedignas","robots":{"index":"index","follow":"follow","max-snippet":"max-snippet:-1","max-image-preview":"max-image-preview:large","max-video-preview":"max-video-preview:-1"},"canonical":"https:\/\/fuentesfidedignas.com.mx\/index.php\/2022\/02\/17\/proyectiles-impactan-guarderia-de-ucrania-los-ninos-estaban-desayunando\/","og_locale":"es_MX","og_type":"article","og_title":"Proyectiles impactan guarder\u00eda de Ucrania; \"los ni\u00f1os estaban desayunando\" - Fuentes Fidedignas","og_description":"Natalia Slessareva, empleada de la guarder\u00eda, narr\u00f3 que la onda expansiva la lanz\u00f3 hacia la puerta; al momento de la explosi\u00f3n hab\u00eda 20 ni\u00f1os en el comedor. Ciudad de M\u00e9xico.- En el este de Ucrania se reportaron bombardeos esta ma\u00f1ana. &#8220;En el momento de la explosi\u00f3n, los ni\u00f1os estaban desayunando&#8221;, dice conmocionada Natalia Slessareva, de [&hellip;]","og_url":"https:\/\/fuentesfidedignas.com.mx\/index.php\/2022\/02\/17\/proyectiles-impactan-guarderia-de-ucrania-los-ninos-estaban-desayunando\/","og_site_name":"Fuentes Fidedignas","article_publisher":"https:\/\/www.facebook.com\/Fuentes-Fidedignas-368234489921644","article_published_time":"2022-02-17T19:41:30+00:00","article_modified_time":"2022-02-17T19:41:31+00:00","og_image":[{"width":800,"height":600,"url":"https:\/\/fuentesfidedignas.com.mx\/wp-content\/uploads\/2022\/02\/GUARDERIA_UCRANIA.jpg","type":"image\/jpeg"}],"author":"AFP","twitter_card":"summary_large_image","twitter_creator":"@fidedignas","twitter_site":"@fidedignas","twitter_misc":{"Escrito por":"AFP","Tiempo de lectura":"3 minutos"},"schema":{"@context":"https:\/\/schema.org","@graph":[{"@type":"Article","@id":"https:\/\/fuentesfidedignas.com.mx\/index.php\/2022\/02\/17\/proyectiles-impactan-guarderia-de-ucrania-los-ninos-estaban-desayunando\/#article","isPartOf":{"@id":"https:\/\/fuentesfidedignas.com.mx\/index.php\/2022\/02\/17\/proyectiles-impactan-guarderia-de-ucrania-los-ninos-estaban-desayunando\/"},"author":{"name":"AFP","@id":"https:\/\/fuentesfidedignas.com.mx\/#\/schema\/person\/1827b38c6cf89e1d6cc7d78ca3fae732"},"headline":"Proyectiles impactan guarder\u00eda de Ucrania; &#8220;los ni\u00f1os estaban desayunando&#8221;","datePublished":"2022-02-17T19:41:30+00:00","dateModified":"2022-02-17T19:41:31+00:00","mainEntityOfPage":{"@id":"https:\/\/fuentesfidedignas.com.mx\/index.php\/2022\/02\/17\/proyectiles-impactan-guarderia-de-ucrania-los-ninos-estaban-desayunando\/"},"wordCount":608,"commentCount":0,"publisher":{"@id":"https:\/\/fuentesfidedignas.com.mx\/#organization"},"image":{"@id":"https:\/\/fuentesfidedignas.com.mx\/index.php\/2022\/02\/17\/proyectiles-impactan-guarderia-de-ucrania-los-ninos-estaban-desayunando\/#primaryimage"},"thumbnailUrl":"https:\/\/fuentesfidedignas.com.mx\/wp-content\/uploads\/2022\/02\/GUARDERIA_UCRANIA.jpg","articleSection":["NOTICIAS NACIONALES"],"inLanguage":"es","potentialAction":[{"@type":"CommentAction","name":"Comment","target":["https:\/\/fuentesfidedignas.com.mx\/index.php\/2022\/02\/17\/proyectiles-impactan-guarderia-de-ucrania-los-ninos-estaban-desayunando\/#respond"]}]},{"@type":"WebPage","@id":"https:\/\/fuentesfidedignas.com.mx\/index.php\/2022\/02\/17\/proyectiles-impactan-guarderia-de-ucrania-los-ninos-estaban-desayunando\/","url":"https:\/\/fuentesfidedignas.com.mx\/index.php\/2022\/02\/17\/proyectiles-impactan-guarderia-de-ucrania-los-ninos-estaban-desayunando\/","name":"Proyectiles impactan guarder\u00eda de Ucrania; \"los ni\u00f1os estaban desayunando\" - Fuentes Fidedignas","isPartOf":{"@id":"https:\/\/fuentesfidedignas.com.mx\/#website"},"primaryImageOfPage":{"@id":"https:\/\/fuentesfidedignas.com.mx\/index.php\/2022\/02\/17\/proyectiles-impactan-guarderia-de-ucrania-los-ninos-estaban-desayunando\/#primaryimage"},"image":{"@id":"https:\/\/fuentesfidedignas.com.mx\/index.php\/2022\/02\/17\/proyectiles-impactan-guarderia-de-ucrania-los-ninos-estaban-desayunando\/#primaryimage"},"thumbnailUrl":"https:\/\/fuentesfidedignas.com.mx\/wp-content\/uploads\/2022\/02\/GUARDERIA_UCRANIA.jpg","datePublished":"2022-02-17T19:41:30+00:00","dateModified":"2022-02-17T19:41:31+00:00","breadcrumb":{"@id":"https:\/\/fuentesfidedignas.com.mx\/index.php\/2022\/02\/17\/proyectiles-impactan-guarderia-de-ucrania-los-ninos-estaban-desayunando\/#breadcrumb"},"inLanguage":"es","potentialAction":[{"@type":"ReadAction","target":["https:\/\/fuentesfidedignas.com.mx\/index.php\/2022\/02\/17\/proyectiles-impactan-guarderia-de-ucrania-los-ninos-estaban-desayunando\/"]}]},{"@type":"ImageObject","inLanguage":"es","@id":"https:\/\/fuentesfidedignas.com.mx\/index.php\/2022\/02\/17\/proyectiles-impactan-guarderia-de-ucrania-los-ninos-estaban-desayunando\/#primaryimage","url":"https:\/\/fuentesfidedignas.com.mx\/wp-content\/uploads\/2022\/02\/GUARDERIA_UCRANIA.jpg","contentUrl":"https:\/\/fuentesfidedignas.com.mx\/wp-content\/uploads\/2022\/02\/GUARDERIA_UCRANIA.jpg","width":800,"height":600},{"@type":"BreadcrumbList","@id":"https:\/\/fuentesfidedignas.com.mx\/index.php\/2022\/02\/17\/proyectiles-impactan-guarderia-de-ucrania-los-ninos-estaban-desayunando\/#breadcrumb","itemListElement":[{"@type":"ListItem","position":1,"name":"Inicio","item":"https:\/\/fuentesfidedignas.com.mx\/"},{"@type":"ListItem","position":2,"name":"Proyectiles impactan guarder\u00eda de Ucrania; &#8220;los ni\u00f1os estaban desayunando&#8221;"}]},{"@type":"WebSite","@id":"https:\/\/fuentesfidedignas.com.mx\/#website","url":"https:\/\/fuentesfidedignas.com.mx\/","name":"Fuentes Fidedignas","description":"Otro sitio realizado con WordPress","publisher":{"@id":"https:\/\/fuentesfidedignas.com.mx\/#organization"},"potentialAction":[{"@type":"SearchAction","target":{"@type":"EntryPoint","urlTemplate":"https:\/\/fuentesfidedignas.com.mx\/?s={search_term_string}"},"query-input":{"@type":"PropertyValueSpecification","valueRequired":true,"valueName":"search_term_string"}}],"inLanguage":"es"},{"@type":"Organization","@id":"https:\/\/fuentesfidedignas.com.mx\/#organization","name":"Fuentes Fidedignas","url":"https:\/\/fuentesfidedignas.com.mx\/","logo":{"@type":"ImageObject","inLanguage":"es","@id":"https:\/\/fuentesfidedignas.com.mx\/#\/schema\/logo\/image\/","url":"https:\/\/fuentesfidedignas.com.mx\/wp-content\/uploads\/2021\/04\/logo-retina.png","contentUrl":"https:\/\/fuentesfidedignas.com.mx\/wp-content\/uploads\/2021\/04\/logo-retina.png","width":280,"height":51,"caption":"Fuentes Fidedignas"},"image":{"@id":"https:\/\/fuentesfidedignas.com.mx\/#\/schema\/logo\/image\/"},"sameAs":["https:\/\/www.facebook.com\/Fuentes-Fidedignas-368234489921644","https:\/\/x.com\/fidedignas"]},{"@type":"Person","@id":"https:\/\/fuentesfidedignas.com.mx\/#\/schema\/person\/1827b38c6cf89e1d6cc7d78ca3fae732","name":"AFP","image":{"@type":"ImageObject","inLanguage":"es","@id":"https:\/\/secure.gravatar.com\/avatar\/236827d2ee9bf15e1ea99e0c1cd1b467cffa55e324d177638d0f8de7950cbae6?s=96&d=mm&r=g","url":"https:\/\/secure.gravatar.com\/avatar\/236827d2ee9bf15e1ea99e0c1cd1b467cffa55e324d177638d0f8de7950cbae6?s=96&d=mm&r=g","contentUrl":"https:\/\/secure.gravatar.com\/avatar\/236827d2ee9bf15e1ea99e0c1cd1b467cffa55e324d177638d0f8de7950cbae6?s=96&d=mm&r=g","caption":"AFP"},"url":"https:\/\/fuentesfidedignas.com.mx\/index.php\/author\/afp\/"}]}},"_links":{"self":[{"href":"https:\/\/fuentesfidedignas.com.mx\/index.php\/wp-json\/wp\/v2\/posts\/24245","targetHints":{"allow":["GET"]}}],"collection":[{"href":"https:\/\/fuentesfidedignas.com.mx\/index.php\/wp-json\/wp\/v2\/posts"}],"about":[{"href":"https:\/\/fuentesfidedignas.com.mx\/index.php\/wp-json\/wp\/v2\/types\/post"}],"author":[{"embeddable":true,"href":"https:\/\/fuentesfidedignas.com.mx\/index.php\/wp-json\/wp\/v2\/users\/12"}],"replies":[{"embeddable":true,"href":"https:\/\/fuentesfidedignas.com.mx\/index.php\/wp-json\/wp\/v2\/comments?post=24245"}],"version-history":[{"count":1,"href":"https:\/\/fuentesfidedignas.com.mx\/index.php\/wp-json\/wp\/v2\/posts\/24245\/revisions"}],"predecessor-version":[{"id":24247,"href":"https:\/\/fuentesfidedignas.com.mx\/index.php\/wp-json\/wp\/v2\/posts\/24245\/revisions\/24247"}],"wp:featuredmedia":[{"embeddable":true,"href":"https:\/\/fuentesfidedignas.com.mx\/index.php\/wp-json\/wp\/v2\/media\/24246"}],"wp:attachment":[{"href":"https:\/\/fuentesfidedignas.com.mx\/index.php\/wp-json\/wp\/v2\/media?parent=24245"}],"wp:term":[{"taxonomy":"category","embeddable":true,"href":"https:\/\/fuentesfidedignas.com.mx\/index.php\/wp-json\/wp\/v2\/categories?post=24245"},{"taxonomy":"post_tag","embeddable":true,"href":"https:\/\/fuentesfidedignas.com.mx\/index.php\/wp-json\/wp\/v2\/tags?post=24245"}],"curies":[{"name":"wp","href":"https:\/\/api.w.org\/{rel}","templated":true}]}}