{"id":24231,"date":"2022-02-17T08:32:54","date_gmt":"2022-02-17T15:32:54","guid":{"rendered":"https:\/\/fuentesfidedignas.com.mx\/?p=24231"},"modified":"2022-02-17T08:32:55","modified_gmt":"2022-02-17T15:32:55","slug":"eu-denunciara-ante-la-onu-una-invasion-inminente-en-ucrania","status":"publish","type":"post","link":"https:\/\/fuentesfidedignas.com.mx\/index.php\/2022\/02\/17\/eu-denunciara-ante-la-onu-una-invasion-inminente-en-ucrania\/","title":{"rendered":"EU denunciar\u00e1 ante la ONU una \u2018invasi\u00f3n inminente\u2019 en Ucrania"},"content":{"rendered":"\n<p><strong><em>Antony Blinken asisitir\u00e1 este jueves a la reuni\u00f3n del Consejo de Seguridad de la ONU para denunciar las intenciones de Rusia para invadir Ucrania.<\/em><\/strong><\/p>\n\n\n\n<p>Ciudad de M\u00e9xico. \u2013 El secretario de Estado de Estados Unidos, Antony Blinken, participar\u00e1 este jueves en una reuni\u00f3n del Consejo de Seguridad de la ONU en la que tiene previsto denunciar que Rusia contin\u00faa con sus planes para una \u201cinvasi\u00f3n inminente\u201d de Ucrania.<\/p>\n\n\n\n<p>As\u00ed lo anunci\u00f3 la embajadora estadounidense ante Naciones Unidas, Linda Thomas-Greenfield, en una conversaci\u00f3n telef\u00f3nica con periodistas.<\/p>\n\n\n\n<p>El viaje, programado en las \u00faltimas horas, responde seg\u00fan la diplom\u00e1tica a la evoluci\u00f3n de la situaci\u00f3n sobre el terreno.<\/p>\n\n\n\n<p>\u201cNuestro objetivo es trasladar la gravedad de la situaci\u00f3n. Las pruebas sobre el terreno son que Rusia est\u00e1 avanzando hacia una invasi\u00f3n inminente. Este es un momento crucial\u201d, dijo.<\/p>\n\n\n\n<p>La reuni\u00f3n del Consejo de Seguridad ha sido convocada por Rusia, que este mes ocupa la presidencia del \u00f3rgano, con el fin de discutir los Acuerdos de Minsk para el arreglo del conflicto en el este de Ucrania.<\/p>\n\n\n\n<p>Mosc\u00fa defiende que la resoluci\u00f3n de las actuales tensiones pasa en buena medida por implementar al completo este arreglo diplom\u00e1tico de 2014 sobre la crisis en el este de Ucrania.<\/p>\n\n\n\n<p>Hoy, el Gobierno ucraniano y las milicias separatistas prorrusas apoyadas por Mosc\u00fa se acusaron mutuamente de violar el r\u00e9gimen de alto el fuego en el este de Ucrania, donde se enfrentan desde hace casi ocho a\u00f1os en un conflicto que se ha cobrado m\u00e1s de 14,000 vidas.<\/p>\n","protected":false},"excerpt":{"rendered":"<p>Antony Blinken asisitir\u00e1 este jueves a la reuni\u00f3n del Consejo de Seguridad de la ONU para denunciar las intenciones de Rusia para invadir Ucrania. Ciudad de M\u00e9xico. \u2013 El secretario de Estado de Estados Unidos, Antony Blinken, participar\u00e1 este jueves en una reuni\u00f3n del Consejo de Seguridad de la ONU en la que tiene previsto [&hellip;]<\/p>\n","protected":false},"author":5,"featured_media":24232,"comment_status":"open","ping_status":"open","sticky":false,"template":"","format":"standard","meta":{"tdm_status":"","tdm_grid_status":"","footnotes":""},"categories":[39],"tags":[315,370,1647,141,2362],"class_list":{"0":"post-24231","1":"post","2":"type-post","3":"status-publish","4":"format-standard","5":"has-post-thumbnail","7":"category-noticias-nacionales","8":"tag-estados-unidos","9":"tag-onu","10":"tag-organizacion-de-las-naciones-unidas","11":"tag-rusia","12":"tag-ucrania"},"yoast_head":"<!-- This site is optimized with the Yoast SEO plugin v27.5 - https:\/\/yoast.com\/product\/yoast-seo-wordpress\/ -->\n<title>EU denunciar\u00e1 ante la ONU una \u2018invasi\u00f3n inminente\u2019 en Ucrania - Fuentes Fidedignas<\/title>\n<meta name=\"robots\" content=\"index, follow, max-snippet:-1, max-image-preview:large, max-video-preview:-1\" \/>\n<link rel=\"canonical\" href=\"https:\/\/fuentesfidedignas.com.mx\/index.php\/2022\/02\/17\/eu-denunciara-ante-la-onu-una-invasion-inminente-en-ucrania\/\" \/>\n<meta property=\"og:locale\" content=\"es_MX\" \/>\n<meta property=\"og:type\" content=\"article\" \/>\n<meta property=\"og:title\" content=\"EU denunciar\u00e1 ante la ONU una \u2018invasi\u00f3n inminente\u2019 en Ucrania - Fuentes Fidedignas\" \/>\n<meta property=\"og:description\" content=\"Antony Blinken asisitir\u00e1 este jueves a la reuni\u00f3n del Consejo de Seguridad de la ONU para denunciar las intenciones de Rusia para invadir Ucrania. Ciudad de M\u00e9xico. \u2013 El secretario de Estado de Estados Unidos, Antony Blinken, participar\u00e1 este jueves en una reuni\u00f3n del Consejo de Seguridad de la ONU en la que tiene previsto [&hellip;]\" \/>\n<meta property=\"og:url\" content=\"https:\/\/fuentesfidedignas.com.mx\/index.php\/2022\/02\/17\/eu-denunciara-ante-la-onu-una-invasion-inminente-en-ucrania\/\" \/>\n<meta property=\"og:site_name\" content=\"Fuentes Fidedignas\" \/>\n<meta property=\"article:publisher\" content=\"https:\/\/www.facebook.com\/Fuentes-Fidedignas-368234489921644\" \/>\n<meta property=\"article:published_time\" content=\"2022-02-17T15:32:54+00:00\" \/>\n<meta property=\"article:modified_time\" content=\"2022-02-17T15:32:55+00:00\" \/>\n<meta property=\"og:image\" content=\"https:\/\/fuentesfidedignas.com.mx\/wp-content\/uploads\/2022\/02\/MILITARES_RUSIA1.jpg\" \/>\n\t<meta property=\"og:image:width\" content=\"640\" \/>\n\t<meta property=\"og:image:height\" content=\"360\" \/>\n\t<meta property=\"og:image:type\" content=\"image\/jpeg\" \/>\n<meta name=\"author\" content=\"Forbes\" \/>\n<meta name=\"twitter:card\" content=\"summary_large_image\" \/>\n<meta name=\"twitter:creator\" content=\"@fidedignas\" \/>\n<meta name=\"twitter:site\" content=\"@fidedignas\" \/>\n<meta name=\"twitter:label1\" content=\"Escrito por\" \/>\n\t<meta name=\"twitter:data1\" content=\"Forbes\" \/>\n\t<meta name=\"twitter:label2\" content=\"Tiempo de lectura\" \/>\n\t<meta name=\"twitter:data2\" content=\"2 minutos\" \/>\n<script type=\"application\/ld+json\" class=\"yoast-schema-graph\">{\"@context\":\"https:\\\/\\\/schema.org\",\"@graph\":[{\"@type\":\"Article\",\"@id\":\"https:\\\/\\\/fuentesfidedignas.com.mx\\\/index.php\\\/2022\\\/02\\\/17\\\/eu-denunciara-ante-la-onu-una-invasion-inminente-en-ucrania\\\/#article\",\"isPartOf\":{\"@id\":\"https:\\\/\\\/fuentesfidedignas.com.mx\\\/index.php\\\/2022\\\/02\\\/17\\\/eu-denunciara-ante-la-onu-una-invasion-inminente-en-ucrania\\\/\"},\"author\":{\"name\":\"Forbes\",\"@id\":\"https:\\\/\\\/fuentesfidedignas.com.mx\\\/#\\\/schema\\\/person\\\/5623d53fe2e579d825b1679734abcc44\"},\"headline\":\"EU denunciar\u00e1 ante la ONU una \u2018invasi\u00f3n inminente\u2019 en Ucrania\",\"datePublished\":\"2022-02-17T15:32:54+00:00\",\"dateModified\":\"2022-02-17T15:32:55+00:00\",\"mainEntityOfPage\":{\"@id\":\"https:\\\/\\\/fuentesfidedignas.com.mx\\\/index.php\\\/2022\\\/02\\\/17\\\/eu-denunciara-ante-la-onu-una-invasion-inminente-en-ucrania\\\/\"},\"wordCount\":276,\"commentCount\":0,\"publisher\":{\"@id\":\"https:\\\/\\\/fuentesfidedignas.com.mx\\\/#organization\"},\"image\":{\"@id\":\"https:\\\/\\\/fuentesfidedignas.com.mx\\\/index.php\\\/2022\\\/02\\\/17\\\/eu-denunciara-ante-la-onu-una-invasion-inminente-en-ucrania\\\/#primaryimage\"},\"thumbnailUrl\":\"https:\\\/\\\/fuentesfidedignas.com.mx\\\/wp-content\\\/uploads\\\/2022\\\/02\\\/MILITARES_RUSIA1.jpg\",\"keywords\":[\"Estados Unidos\",\"ONU\",\"Organizaci\u00f3n de las Naciones Unidas\",\"Rusia\",\"Ucrania\"],\"articleSection\":[\"NOTICIAS NACIONALES\"],\"inLanguage\":\"es\",\"potentialAction\":[{\"@type\":\"CommentAction\",\"name\":\"Comment\",\"target\":[\"https:\\\/\\\/fuentesfidedignas.com.mx\\\/index.php\\\/2022\\\/02\\\/17\\\/eu-denunciara-ante-la-onu-una-invasion-inminente-en-ucrania\\\/#respond\"]}]},{\"@type\":\"WebPage\",\"@id\":\"https:\\\/\\\/fuentesfidedignas.com.mx\\\/index.php\\\/2022\\\/02\\\/17\\\/eu-denunciara-ante-la-onu-una-invasion-inminente-en-ucrania\\\/\",\"url\":\"https:\\\/\\\/fuentesfidedignas.com.mx\\\/index.php\\\/2022\\\/02\\\/17\\\/eu-denunciara-ante-la-onu-una-invasion-inminente-en-ucrania\\\/\",\"name\":\"EU denunciar\u00e1 ante la ONU una \u2018invasi\u00f3n inminente\u2019 en Ucrania - Fuentes Fidedignas\",\"isPartOf\":{\"@id\":\"https:\\\/\\\/fuentesfidedignas.com.mx\\\/#website\"},\"primaryImageOfPage\":{\"@id\":\"https:\\\/\\\/fuentesfidedignas.com.mx\\\/index.php\\\/2022\\\/02\\\/17\\\/eu-denunciara-ante-la-onu-una-invasion-inminente-en-ucrania\\\/#primaryimage\"},\"image\":{\"@id\":\"https:\\\/\\\/fuentesfidedignas.com.mx\\\/index.php\\\/2022\\\/02\\\/17\\\/eu-denunciara-ante-la-onu-una-invasion-inminente-en-ucrania\\\/#primaryimage\"},\"thumbnailUrl\":\"https:\\\/\\\/fuentesfidedignas.com.mx\\\/wp-content\\\/uploads\\\/2022\\\/02\\\/MILITARES_RUSIA1.jpg\",\"datePublished\":\"2022-02-17T15:32:54+00:00\",\"dateModified\":\"2022-02-17T15:32:55+00:00\",\"breadcrumb\":{\"@id\":\"https:\\\/\\\/fuentesfidedignas.com.mx\\\/index.php\\\/2022\\\/02\\\/17\\\/eu-denunciara-ante-la-onu-una-invasion-inminente-en-ucrania\\\/#breadcrumb\"},\"inLanguage\":\"es\",\"potentialAction\":[{\"@type\":\"ReadAction\",\"target\":[\"https:\\\/\\\/fuentesfidedignas.com.mx\\\/index.php\\\/2022\\\/02\\\/17\\\/eu-denunciara-ante-la-onu-una-invasion-inminente-en-ucrania\\\/\"]}]},{\"@type\":\"ImageObject\",\"inLanguage\":\"es\",\"@id\":\"https:\\\/\\\/fuentesfidedignas.com.mx\\\/index.php\\\/2022\\\/02\\\/17\\\/eu-denunciara-ante-la-onu-una-invasion-inminente-en-ucrania\\\/#primaryimage\",\"url\":\"https:\\\/\\\/fuentesfidedignas.com.mx\\\/wp-content\\\/uploads\\\/2022\\\/02\\\/MILITARES_RUSIA1.jpg\",\"contentUrl\":\"https:\\\/\\\/fuentesfidedignas.com.mx\\\/wp-content\\\/uploads\\\/2022\\\/02\\\/MILITARES_RUSIA1.jpg\",\"width\":640,\"height\":360},{\"@type\":\"BreadcrumbList\",\"@id\":\"https:\\\/\\\/fuentesfidedignas.com.mx\\\/index.php\\\/2022\\\/02\\\/17\\\/eu-denunciara-ante-la-onu-una-invasion-inminente-en-ucrania\\\/#breadcrumb\",\"itemListElement\":[{\"@type\":\"ListItem\",\"position\":1,\"name\":\"Inicio\",\"item\":\"https:\\\/\\\/fuentesfidedignas.com.mx\\\/\"},{\"@type\":\"ListItem\",\"position\":2,\"name\":\"EU denunciar\u00e1 ante la ONU una \u2018invasi\u00f3n inminente\u2019 en Ucrania\"}]},{\"@type\":\"WebSite\",\"@id\":\"https:\\\/\\\/fuentesfidedignas.com.mx\\\/#website\",\"url\":\"https:\\\/\\\/fuentesfidedignas.com.mx\\\/\",\"name\":\"Fuentes Fidedignas\",\"description\":\"Otro sitio realizado con WordPress\",\"publisher\":{\"@id\":\"https:\\\/\\\/fuentesfidedignas.com.mx\\\/#organization\"},\"potentialAction\":[{\"@type\":\"SearchAction\",\"target\":{\"@type\":\"EntryPoint\",\"urlTemplate\":\"https:\\\/\\\/fuentesfidedignas.com.mx\\\/?s={search_term_string}\"},\"query-input\":{\"@type\":\"PropertyValueSpecification\",\"valueRequired\":true,\"valueName\":\"search_term_string\"}}],\"inLanguage\":\"es\"},{\"@type\":\"Organization\",\"@id\":\"https:\\\/\\\/fuentesfidedignas.com.mx\\\/#organization\",\"name\":\"Fuentes Fidedignas\",\"url\":\"https:\\\/\\\/fuentesfidedignas.com.mx\\\/\",\"logo\":{\"@type\":\"ImageObject\",\"inLanguage\":\"es\",\"@id\":\"https:\\\/\\\/fuentesfidedignas.com.mx\\\/#\\\/schema\\\/logo\\\/image\\\/\",\"url\":\"https:\\\/\\\/fuentesfidedignas.com.mx\\\/wp-content\\\/uploads\\\/2021\\\/04\\\/logo-retina.png\",\"contentUrl\":\"https:\\\/\\\/fuentesfidedignas.com.mx\\\/wp-content\\\/uploads\\\/2021\\\/04\\\/logo-retina.png\",\"width\":280,\"height\":51,\"caption\":\"Fuentes Fidedignas\"},\"image\":{\"@id\":\"https:\\\/\\\/fuentesfidedignas.com.mx\\\/#\\\/schema\\\/logo\\\/image\\\/\"},\"sameAs\":[\"https:\\\/\\\/www.facebook.com\\\/Fuentes-Fidedignas-368234489921644\",\"https:\\\/\\\/x.com\\\/fidedignas\"]},{\"@type\":\"Person\",\"@id\":\"https:\\\/\\\/fuentesfidedignas.com.mx\\\/#\\\/schema\\\/person\\\/5623d53fe2e579d825b1679734abcc44\",\"name\":\"Forbes\",\"image\":{\"@type\":\"ImageObject\",\"inLanguage\":\"es\",\"@id\":\"https:\\\/\\\/secure.gravatar.com\\\/avatar\\\/87ce3dd4e41e60c22a79c758614f01a6bc2469255fc936ec7b15efb9bb5cb66f?s=96&d=mm&r=g\",\"url\":\"https:\\\/\\\/secure.gravatar.com\\\/avatar\\\/87ce3dd4e41e60c22a79c758614f01a6bc2469255fc936ec7b15efb9bb5cb66f?s=96&d=mm&r=g\",\"contentUrl\":\"https:\\\/\\\/secure.gravatar.com\\\/avatar\\\/87ce3dd4e41e60c22a79c758614f01a6bc2469255fc936ec7b15efb9bb5cb66f?s=96&d=mm&r=g\",\"caption\":\"Forbes\"},\"url\":\"https:\\\/\\\/fuentesfidedignas.com.mx\\\/index.php\\\/author\\\/forbes\\\/\"}]}<\/script>\n<!-- \/ Yoast SEO plugin. -->","yoast_head_json":{"title":"EU denunciar\u00e1 ante la ONU una \u2018invasi\u00f3n inminente\u2019 en Ucrania - Fuentes Fidedignas","robots":{"index":"index","follow":"follow","max-snippet":"max-snippet:-1","max-image-preview":"max-image-preview:large","max-video-preview":"max-video-preview:-1"},"canonical":"https:\/\/fuentesfidedignas.com.mx\/index.php\/2022\/02\/17\/eu-denunciara-ante-la-onu-una-invasion-inminente-en-ucrania\/","og_locale":"es_MX","og_type":"article","og_title":"EU denunciar\u00e1 ante la ONU una \u2018invasi\u00f3n inminente\u2019 en Ucrania - Fuentes Fidedignas","og_description":"Antony Blinken asisitir\u00e1 este jueves a la reuni\u00f3n del Consejo de Seguridad de la ONU para denunciar las intenciones de Rusia para invadir Ucrania. Ciudad de M\u00e9xico. \u2013 El secretario de Estado de Estados Unidos, Antony Blinken, participar\u00e1 este jueves en una reuni\u00f3n del Consejo de Seguridad de la ONU en la que tiene previsto [&hellip;]","og_url":"https:\/\/fuentesfidedignas.com.mx\/index.php\/2022\/02\/17\/eu-denunciara-ante-la-onu-una-invasion-inminente-en-ucrania\/","og_site_name":"Fuentes Fidedignas","article_publisher":"https:\/\/www.facebook.com\/Fuentes-Fidedignas-368234489921644","article_published_time":"2022-02-17T15:32:54+00:00","article_modified_time":"2022-02-17T15:32:55+00:00","og_image":[{"width":640,"height":360,"url":"https:\/\/fuentesfidedignas.com.mx\/wp-content\/uploads\/2022\/02\/MILITARES_RUSIA1.jpg","type":"image\/jpeg"}],"author":"Forbes","twitter_card":"summary_large_image","twitter_creator":"@fidedignas","twitter_site":"@fidedignas","twitter_misc":{"Escrito por":"Forbes","Tiempo de lectura":"2 minutos"},"schema":{"@context":"https:\/\/schema.org","@graph":[{"@type":"Article","@id":"https:\/\/fuentesfidedignas.com.mx\/index.php\/2022\/02\/17\/eu-denunciara-ante-la-onu-una-invasion-inminente-en-ucrania\/#article","isPartOf":{"@id":"https:\/\/fuentesfidedignas.com.mx\/index.php\/2022\/02\/17\/eu-denunciara-ante-la-onu-una-invasion-inminente-en-ucrania\/"},"author":{"name":"Forbes","@id":"https:\/\/fuentesfidedignas.com.mx\/#\/schema\/person\/5623d53fe2e579d825b1679734abcc44"},"headline":"EU denunciar\u00e1 ante la ONU una \u2018invasi\u00f3n inminente\u2019 en Ucrania","datePublished":"2022-02-17T15:32:54+00:00","dateModified":"2022-02-17T15:32:55+00:00","mainEntityOfPage":{"@id":"https:\/\/fuentesfidedignas.com.mx\/index.php\/2022\/02\/17\/eu-denunciara-ante-la-onu-una-invasion-inminente-en-ucrania\/"},"wordCount":276,"commentCount":0,"publisher":{"@id":"https:\/\/fuentesfidedignas.com.mx\/#organization"},"image":{"@id":"https:\/\/fuentesfidedignas.com.mx\/index.php\/2022\/02\/17\/eu-denunciara-ante-la-onu-una-invasion-inminente-en-ucrania\/#primaryimage"},"thumbnailUrl":"https:\/\/fuentesfidedignas.com.mx\/wp-content\/uploads\/2022\/02\/MILITARES_RUSIA1.jpg","keywords":["Estados Unidos","ONU","Organizaci\u00f3n de las Naciones Unidas","Rusia","Ucrania"],"articleSection":["NOTICIAS NACIONALES"],"inLanguage":"es","potentialAction":[{"@type":"CommentAction","name":"Comment","target":["https:\/\/fuentesfidedignas.com.mx\/index.php\/2022\/02\/17\/eu-denunciara-ante-la-onu-una-invasion-inminente-en-ucrania\/#respond"]}]},{"@type":"WebPage","@id":"https:\/\/fuentesfidedignas.com.mx\/index.php\/2022\/02\/17\/eu-denunciara-ante-la-onu-una-invasion-inminente-en-ucrania\/","url":"https:\/\/fuentesfidedignas.com.mx\/index.php\/2022\/02\/17\/eu-denunciara-ante-la-onu-una-invasion-inminente-en-ucrania\/","name":"EU denunciar\u00e1 ante la ONU una \u2018invasi\u00f3n inminente\u2019 en Ucrania - Fuentes Fidedignas","isPartOf":{"@id":"https:\/\/fuentesfidedignas.com.mx\/#website"},"primaryImageOfPage":{"@id":"https:\/\/fuentesfidedignas.com.mx\/index.php\/2022\/02\/17\/eu-denunciara-ante-la-onu-una-invasion-inminente-en-ucrania\/#primaryimage"},"image":{"@id":"https:\/\/fuentesfidedignas.com.mx\/index.php\/2022\/02\/17\/eu-denunciara-ante-la-onu-una-invasion-inminente-en-ucrania\/#primaryimage"},"thumbnailUrl":"https:\/\/fuentesfidedignas.com.mx\/wp-content\/uploads\/2022\/02\/MILITARES_RUSIA1.jpg","datePublished":"2022-02-17T15:32:54+00:00","dateModified":"2022-02-17T15:32:55+00:00","breadcrumb":{"@id":"https:\/\/fuentesfidedignas.com.mx\/index.php\/2022\/02\/17\/eu-denunciara-ante-la-onu-una-invasion-inminente-en-ucrania\/#breadcrumb"},"inLanguage":"es","potentialAction":[{"@type":"ReadAction","target":["https:\/\/fuentesfidedignas.com.mx\/index.php\/2022\/02\/17\/eu-denunciara-ante-la-onu-una-invasion-inminente-en-ucrania\/"]}]},{"@type":"ImageObject","inLanguage":"es","@id":"https:\/\/fuentesfidedignas.com.mx\/index.php\/2022\/02\/17\/eu-denunciara-ante-la-onu-una-invasion-inminente-en-ucrania\/#primaryimage","url":"https:\/\/fuentesfidedignas.com.mx\/wp-content\/uploads\/2022\/02\/MILITARES_RUSIA1.jpg","contentUrl":"https:\/\/fuentesfidedignas.com.mx\/wp-content\/uploads\/2022\/02\/MILITARES_RUSIA1.jpg","width":640,"height":360},{"@type":"BreadcrumbList","@id":"https:\/\/fuentesfidedignas.com.mx\/index.php\/2022\/02\/17\/eu-denunciara-ante-la-onu-una-invasion-inminente-en-ucrania\/#breadcrumb","itemListElement":[{"@type":"ListItem","position":1,"name":"Inicio","item":"https:\/\/fuentesfidedignas.com.mx\/"},{"@type":"ListItem","position":2,"name":"EU denunciar\u00e1 ante la ONU una \u2018invasi\u00f3n inminente\u2019 en Ucrania"}]},{"@type":"WebSite","@id":"https:\/\/fuentesfidedignas.com.mx\/#website","url":"https:\/\/fuentesfidedignas.com.mx\/","name":"Fuentes Fidedignas","description":"Otro sitio realizado con WordPress","publisher":{"@id":"https:\/\/fuentesfidedignas.com.mx\/#organization"},"potentialAction":[{"@type":"SearchAction","target":{"@type":"EntryPoint","urlTemplate":"https:\/\/fuentesfidedignas.com.mx\/?s={search_term_string}"},"query-input":{"@type":"PropertyValueSpecification","valueRequired":true,"valueName":"search_term_string"}}],"inLanguage":"es"},{"@type":"Organization","@id":"https:\/\/fuentesfidedignas.com.mx\/#organization","name":"Fuentes Fidedignas","url":"https:\/\/fuentesfidedignas.com.mx\/","logo":{"@type":"ImageObject","inLanguage":"es","@id":"https:\/\/fuentesfidedignas.com.mx\/#\/schema\/logo\/image\/","url":"https:\/\/fuentesfidedignas.com.mx\/wp-content\/uploads\/2021\/04\/logo-retina.png","contentUrl":"https:\/\/fuentesfidedignas.com.mx\/wp-content\/uploads\/2021\/04\/logo-retina.png","width":280,"height":51,"caption":"Fuentes Fidedignas"},"image":{"@id":"https:\/\/fuentesfidedignas.com.mx\/#\/schema\/logo\/image\/"},"sameAs":["https:\/\/www.facebook.com\/Fuentes-Fidedignas-368234489921644","https:\/\/x.com\/fidedignas"]},{"@type":"Person","@id":"https:\/\/fuentesfidedignas.com.mx\/#\/schema\/person\/5623d53fe2e579d825b1679734abcc44","name":"Forbes","image":{"@type":"ImageObject","inLanguage":"es","@id":"https:\/\/secure.gravatar.com\/avatar\/87ce3dd4e41e60c22a79c758614f01a6bc2469255fc936ec7b15efb9bb5cb66f?s=96&d=mm&r=g","url":"https:\/\/secure.gravatar.com\/avatar\/87ce3dd4e41e60c22a79c758614f01a6bc2469255fc936ec7b15efb9bb5cb66f?s=96&d=mm&r=g","contentUrl":"https:\/\/secure.gravatar.com\/avatar\/87ce3dd4e41e60c22a79c758614f01a6bc2469255fc936ec7b15efb9bb5cb66f?s=96&d=mm&r=g","caption":"Forbes"},"url":"https:\/\/fuentesfidedignas.com.mx\/index.php\/author\/forbes\/"}]}},"_links":{"self":[{"href":"https:\/\/fuentesfidedignas.com.mx\/index.php\/wp-json\/wp\/v2\/posts\/24231","targetHints":{"allow":["GET"]}}],"collection":[{"href":"https:\/\/fuentesfidedignas.com.mx\/index.php\/wp-json\/wp\/v2\/posts"}],"about":[{"href":"https:\/\/fuentesfidedignas.com.mx\/index.php\/wp-json\/wp\/v2\/types\/post"}],"author":[{"embeddable":true,"href":"https:\/\/fuentesfidedignas.com.mx\/index.php\/wp-json\/wp\/v2\/users\/5"}],"replies":[{"embeddable":true,"href":"https:\/\/fuentesfidedignas.com.mx\/index.php\/wp-json\/wp\/v2\/comments?post=24231"}],"version-history":[{"count":1,"href":"https:\/\/fuentesfidedignas.com.mx\/index.php\/wp-json\/wp\/v2\/posts\/24231\/revisions"}],"predecessor-version":[{"id":24233,"href":"https:\/\/fuentesfidedignas.com.mx\/index.php\/wp-json\/wp\/v2\/posts\/24231\/revisions\/24233"}],"wp:featuredmedia":[{"embeddable":true,"href":"https:\/\/fuentesfidedignas.com.mx\/index.php\/wp-json\/wp\/v2\/media\/24232"}],"wp:attachment":[{"href":"https:\/\/fuentesfidedignas.com.mx\/index.php\/wp-json\/wp\/v2\/media?parent=24231"}],"wp:term":[{"taxonomy":"category","embeddable":true,"href":"https:\/\/fuentesfidedignas.com.mx\/index.php\/wp-json\/wp\/v2\/categories?post=24231"},{"taxonomy":"post_tag","embeddable":true,"href":"https:\/\/fuentesfidedignas.com.mx\/index.php\/wp-json\/wp\/v2\/tags?post=24231"}],"curies":[{"name":"wp","href":"https:\/\/api.w.org\/{rel}","templated":true}]}}