{"id":24225,"date":"2022-02-17T06:26:55","date_gmt":"2022-02-17T13:26:55","guid":{"rendered":"https:\/\/fuentesfidedignas.com.mx\/?p=24225"},"modified":"2022-02-17T12:17:16","modified_gmt":"2022-02-17T19:17:16","slug":"van-mas-de-100-muertos-en-brasil-por-lluvias-torrenciales","status":"publish","type":"post","link":"https:\/\/fuentesfidedignas.com.mx\/index.php\/2022\/02\/17\/van-mas-de-100-muertos-en-brasil-por-lluvias-torrenciales\/","title":{"rendered":"Van m\u00e1s de 100 muertos en Brasil por lluvias torrenciales"},"content":{"rendered":"\n<p><strong><em>Las autoridades brasile\u00f1as informaron que hasta ahora 104 personas murieron debido a los deslizamientos de tierra provocados por las fuertes lluvias; buscan a desaparecidos.<\/em><\/strong><\/p>\n\n\n\n<p>Brasil.- Las lluvias torrenciales que cayeron el martes sobre la antigua ciudad brasile\u00f1a de Petr\u00f3polis dejaron al menos 104 muertos, al tiempo que los rescatistas y voluntarios segu\u00edan buscando desaparecidos pese a que el tiempo se agota para hallarlos con vida.<\/p>\n\n\n\n<p>&#8220;Hasta ahora, tenemos registro de 104 muertos. Hay 24 rescatados con vida por los bomberos&#8221;, inform\u00f3 la Defensa Civil de la Alcald\u00eda de esta ciudad serrana a 68 kil\u00f3metros al norte de R\u00edo de Janeiro.<\/p>\n\n\n\n<p>Por ahora, las autoridades no revelaron el n\u00famero de desaparecidos, pero el Ministerio P\u00fablico dijo el mi\u00e9rcoles por la noche que 35 personas fueron &#8220;registradas&#8221; como desaparecidas en su servicio de localizaci\u00f3n de personas.<\/p>\n\n\n\n<p>El dram\u00e1tico balance contin\u00faa creciendo con el correr de las horas, tras el peor temporal de los \u00faltimos 90 a\u00f1os que en la tarde del martes provoc\u00f3 casi 300 deslizamientos en varios puntos de la ciudad.<\/p>\n\n\n\n<p>Este jueves por la ma\u00f1ana varios habitantes segu\u00edan buscando a los desaparecidos por los r\u00edos correntosos que arrastraron todo al pasar y dejaron un reguero de viviendas reducidas a escombros, constataron periodistas de la AFP.<\/p>\n\n\n\n<p>&#8220;Fui criado aqu\u00ed, conozco a todo el mundo. Vine a ayudar al personal (de rescate). Es surrealista. Desgraciadamente va a ser dif\u00edcil encontrar a alguien con vida&#8221;, explic\u00f3 a la AFP Luciano Gon\u00e7alves, de 26 a\u00f1os, cubierto de barro y con una azada en la mano rebuscando entre la lama.<\/p>\n\n\n\n<p>Otros que perdieron a sus familiares permanec\u00edan sentados delante de sus casas con la mirada vac\u00eda.<\/p>\n\n\n\n<p>Unos 500 bomberos retomaron las tareas de rescate al alba tras parar brevemente durante la noche debido a la inestabilidad del suelo.<\/p>\n\n\n\n<p>El gobierno brasile\u00f1o alert\u00f3 el mi\u00e9rcoles de un riesgo &#8220;muy alto&#8221; de nuevos deslizamientos de tierra en la regi\u00f3n monta\u00f1osa de R\u00edo de Janeiro, &#8220;especialmente en Petr\u00f3polis&#8221;, debido a la previsi\u00f3n de m\u00e1s lluvias para los pr\u00f3ximos d\u00edas que podr\u00e1n causar nuevas &#8220;inundaciones&#8221;.<\/p>\n\n\n\n<p>Defensa Civil advirti\u00f3 tambi\u00e9n el jueves de que &#8220;hay previsi\u00f3n de lluvias fuertes para la tarde y la noche&#8221;, lo que puede complicar todav\u00eda m\u00e1s las tareas de rescate, en las que son usadas perros, m\u00e1quinas excavadoras, camiones, botes y una decena de aeronaves.<\/p>\n\n\n\n<p>Seg\u00fan los expertos, la tragedia es consecuencia de una combinaci\u00f3n de factores, entre estos lluvias excesivas, la topograf\u00eda de la regi\u00f3n y la existencia de grandes barriadas de casas precarias, muchas de ellas construidas de manera ilegal, en las escarpadas zonas de riesgo.<\/p>\n\n\n\n<p>Algunos puntos de Petr\u00f3polis recibieron hasta 260 mil\u00edmetros de lluvia en menos de seis horas, un volumen superior a la media hist\u00f3rica para todo febrero (240 mm), de acuerdo con la agencia meteorol\u00f3gica MetSul.<\/p>\n\n\n\n<p>&#8220;Fue la peor lluvia desde 1932&#8221;, declar\u00f3 el mi\u00e9rcoles el gobernador de R\u00edo de Janeiro, Claudio Castro.<\/p>\n\n\n\n<p>Brasil ha vivido en los tres \u00faltimos meses episodios de intensas lluvias, especialmente en los estados de Bah\u00eda y de Minas Gerais, que han dejado decenas de muertos y causado destrozos en centenares de municipios.<\/p>\n\n\n\n<figure class=\"wp-block-embed is-type-video is-provider-youtube wp-block-embed-youtube wp-embed-aspect-16-9 wp-has-aspect-ratio\"><div class=\"wp-block-embed__wrapper\">\n<iframe loading=\"lazy\" title=\"Landslides kill at least 58 in Petropolis, Brazil\" width=\"696\" height=\"392\" src=\"https:\/\/www.youtube.com\/embed\/dGOktHnZros?feature=oembed\" frameborder=\"0\" allow=\"accelerometer; autoplay; clipboard-write; encrypted-media; gyroscope; picture-in-picture\" allowfullscreen><\/iframe>\n<\/div><\/figure>\n","protected":false},"excerpt":{"rendered":"<p>Las autoridades brasile\u00f1as informaron que hasta ahora 104 personas murieron debido a los deslizamientos de tierra provocados por las fuertes lluvias; buscan a desaparecidos. Brasil.- Las lluvias torrenciales que cayeron el martes sobre la antigua ciudad brasile\u00f1a de Petr\u00f3polis dejaron al menos 104 muertos, al tiempo que los rescatistas y voluntarios segu\u00edan buscando desaparecidos pese [&hellip;]<\/p>\n","protected":false},"author":7,"featured_media":24226,"comment_status":"open","ping_status":"open","sticky":false,"template":"","format":"standard","meta":{"tdm_status":"","tdm_grid_status":"","footnotes":""},"categories":[1],"tags":[62,969],"class_list":{"0":"post-24225","1":"post","2":"type-post","3":"status-publish","4":"format-standard","5":"has-post-thumbnail","7":"category-sin-categoria","8":"tag-brasil","9":"tag-lluvias"},"yoast_head":"<!-- This site is optimized with the Yoast SEO plugin v27.5 - https:\/\/yoast.com\/product\/yoast-seo-wordpress\/ -->\n<title>Van m\u00e1s de 100 muertos en Brasil por lluvias torrenciales - Fuentes Fidedignas<\/title>\n<meta name=\"robots\" content=\"index, follow, max-snippet:-1, max-image-preview:large, max-video-preview:-1\" \/>\n<link rel=\"canonical\" href=\"https:\/\/fuentesfidedignas.com.mx\/index.php\/2022\/02\/17\/van-mas-de-100-muertos-en-brasil-por-lluvias-torrenciales\/\" \/>\n<meta property=\"og:locale\" content=\"es_MX\" \/>\n<meta property=\"og:type\" content=\"article\" \/>\n<meta property=\"og:title\" content=\"Van m\u00e1s de 100 muertos en Brasil por lluvias torrenciales - Fuentes Fidedignas\" \/>\n<meta property=\"og:description\" content=\"Las autoridades brasile\u00f1as informaron que hasta ahora 104 personas murieron debido a los deslizamientos de tierra provocados por las fuertes lluvias; buscan a desaparecidos. Brasil.- Las lluvias torrenciales que cayeron el martes sobre la antigua ciudad brasile\u00f1a de Petr\u00f3polis dejaron al menos 104 muertos, al tiempo que los rescatistas y voluntarios segu\u00edan buscando desaparecidos pese [&hellip;]\" \/>\n<meta property=\"og:url\" content=\"https:\/\/fuentesfidedignas.com.mx\/index.php\/2022\/02\/17\/van-mas-de-100-muertos-en-brasil-por-lluvias-torrenciales\/\" \/>\n<meta property=\"og:site_name\" content=\"Fuentes Fidedignas\" \/>\n<meta property=\"article:publisher\" content=\"https:\/\/www.facebook.com\/Fuentes-Fidedignas-368234489921644\" \/>\n<meta property=\"article:published_time\" content=\"2022-02-17T13:26:55+00:00\" \/>\n<meta property=\"article:modified_time\" content=\"2022-02-17T19:17:16+00:00\" \/>\n<meta property=\"og:image\" content=\"https:\/\/fuentesfidedignas.com.mx\/wp-content\/uploads\/2022\/02\/LLUVIAS_BRASIL.jpg\" \/>\n\t<meta property=\"og:image:width\" content=\"800\" \/>\n\t<meta property=\"og:image:height\" content=\"600\" \/>\n\t<meta property=\"og:image:type\" content=\"image\/jpeg\" \/>\n<meta name=\"author\" content=\"Exc\u00e9lsior\" \/>\n<meta name=\"twitter:card\" content=\"summary_large_image\" \/>\n<meta name=\"twitter:creator\" content=\"@fidedignas\" \/>\n<meta name=\"twitter:site\" content=\"@fidedignas\" \/>\n<meta name=\"twitter:label1\" content=\"Escrito por\" \/>\n\t<meta name=\"twitter:data1\" content=\"Exc\u00e9lsior\" \/>\n\t<meta name=\"twitter:label2\" content=\"Tiempo de lectura\" \/>\n\t<meta name=\"twitter:data2\" content=\"3 minutos\" \/>\n<script type=\"application\/ld+json\" class=\"yoast-schema-graph\">{\"@context\":\"https:\\\/\\\/schema.org\",\"@graph\":[{\"@type\":\"Article\",\"@id\":\"https:\\\/\\\/fuentesfidedignas.com.mx\\\/index.php\\\/2022\\\/02\\\/17\\\/van-mas-de-100-muertos-en-brasil-por-lluvias-torrenciales\\\/#article\",\"isPartOf\":{\"@id\":\"https:\\\/\\\/fuentesfidedignas.com.mx\\\/index.php\\\/2022\\\/02\\\/17\\\/van-mas-de-100-muertos-en-brasil-por-lluvias-torrenciales\\\/\"},\"author\":{\"name\":\"Exc\u00e9lsior\",\"@id\":\"https:\\\/\\\/fuentesfidedignas.com.mx\\\/#\\\/schema\\\/person\\\/ec4edd1fbf5efa3e44fce34fe2787780\"},\"headline\":\"Van m\u00e1s de 100 muertos en Brasil por lluvias torrenciales\",\"datePublished\":\"2022-02-17T13:26:55+00:00\",\"dateModified\":\"2022-02-17T19:17:16+00:00\",\"mainEntityOfPage\":{\"@id\":\"https:\\\/\\\/fuentesfidedignas.com.mx\\\/index.php\\\/2022\\\/02\\\/17\\\/van-mas-de-100-muertos-en-brasil-por-lluvias-torrenciales\\\/\"},\"wordCount\":560,\"commentCount\":0,\"publisher\":{\"@id\":\"https:\\\/\\\/fuentesfidedignas.com.mx\\\/#organization\"},\"image\":{\"@id\":\"https:\\\/\\\/fuentesfidedignas.com.mx\\\/index.php\\\/2022\\\/02\\\/17\\\/van-mas-de-100-muertos-en-brasil-por-lluvias-torrenciales\\\/#primaryimage\"},\"thumbnailUrl\":\"https:\\\/\\\/fuentesfidedignas.com.mx\\\/wp-content\\\/uploads\\\/2022\\\/02\\\/LLUVIAS_BRASIL.jpg\",\"keywords\":[\"Brasil\",\"lluvias\"],\"inLanguage\":\"es\",\"potentialAction\":[{\"@type\":\"CommentAction\",\"name\":\"Comment\",\"target\":[\"https:\\\/\\\/fuentesfidedignas.com.mx\\\/index.php\\\/2022\\\/02\\\/17\\\/van-mas-de-100-muertos-en-brasil-por-lluvias-torrenciales\\\/#respond\"]}]},{\"@type\":\"WebPage\",\"@id\":\"https:\\\/\\\/fuentesfidedignas.com.mx\\\/index.php\\\/2022\\\/02\\\/17\\\/van-mas-de-100-muertos-en-brasil-por-lluvias-torrenciales\\\/\",\"url\":\"https:\\\/\\\/fuentesfidedignas.com.mx\\\/index.php\\\/2022\\\/02\\\/17\\\/van-mas-de-100-muertos-en-brasil-por-lluvias-torrenciales\\\/\",\"name\":\"Van m\u00e1s de 100 muertos en Brasil por lluvias torrenciales - Fuentes Fidedignas\",\"isPartOf\":{\"@id\":\"https:\\\/\\\/fuentesfidedignas.com.mx\\\/#website\"},\"primaryImageOfPage\":{\"@id\":\"https:\\\/\\\/fuentesfidedignas.com.mx\\\/index.php\\\/2022\\\/02\\\/17\\\/van-mas-de-100-muertos-en-brasil-por-lluvias-torrenciales\\\/#primaryimage\"},\"image\":{\"@id\":\"https:\\\/\\\/fuentesfidedignas.com.mx\\\/index.php\\\/2022\\\/02\\\/17\\\/van-mas-de-100-muertos-en-brasil-por-lluvias-torrenciales\\\/#primaryimage\"},\"thumbnailUrl\":\"https:\\\/\\\/fuentesfidedignas.com.mx\\\/wp-content\\\/uploads\\\/2022\\\/02\\\/LLUVIAS_BRASIL.jpg\",\"datePublished\":\"2022-02-17T13:26:55+00:00\",\"dateModified\":\"2022-02-17T19:17:16+00:00\",\"breadcrumb\":{\"@id\":\"https:\\\/\\\/fuentesfidedignas.com.mx\\\/index.php\\\/2022\\\/02\\\/17\\\/van-mas-de-100-muertos-en-brasil-por-lluvias-torrenciales\\\/#breadcrumb\"},\"inLanguage\":\"es\",\"potentialAction\":[{\"@type\":\"ReadAction\",\"target\":[\"https:\\\/\\\/fuentesfidedignas.com.mx\\\/index.php\\\/2022\\\/02\\\/17\\\/van-mas-de-100-muertos-en-brasil-por-lluvias-torrenciales\\\/\"]}]},{\"@type\":\"ImageObject\",\"inLanguage\":\"es\",\"@id\":\"https:\\\/\\\/fuentesfidedignas.com.mx\\\/index.php\\\/2022\\\/02\\\/17\\\/van-mas-de-100-muertos-en-brasil-por-lluvias-torrenciales\\\/#primaryimage\",\"url\":\"https:\\\/\\\/fuentesfidedignas.com.mx\\\/wp-content\\\/uploads\\\/2022\\\/02\\\/LLUVIAS_BRASIL.jpg\",\"contentUrl\":\"https:\\\/\\\/fuentesfidedignas.com.mx\\\/wp-content\\\/uploads\\\/2022\\\/02\\\/LLUVIAS_BRASIL.jpg\",\"width\":800,\"height\":600},{\"@type\":\"BreadcrumbList\",\"@id\":\"https:\\\/\\\/fuentesfidedignas.com.mx\\\/index.php\\\/2022\\\/02\\\/17\\\/van-mas-de-100-muertos-en-brasil-por-lluvias-torrenciales\\\/#breadcrumb\",\"itemListElement\":[{\"@type\":\"ListItem\",\"position\":1,\"name\":\"Inicio\",\"item\":\"https:\\\/\\\/fuentesfidedignas.com.mx\\\/\"},{\"@type\":\"ListItem\",\"position\":2,\"name\":\"Van m\u00e1s de 100 muertos en Brasil por lluvias torrenciales\"}]},{\"@type\":\"WebSite\",\"@id\":\"https:\\\/\\\/fuentesfidedignas.com.mx\\\/#website\",\"url\":\"https:\\\/\\\/fuentesfidedignas.com.mx\\\/\",\"name\":\"Fuentes Fidedignas\",\"description\":\"Otro sitio realizado con WordPress\",\"publisher\":{\"@id\":\"https:\\\/\\\/fuentesfidedignas.com.mx\\\/#organization\"},\"potentialAction\":[{\"@type\":\"SearchAction\",\"target\":{\"@type\":\"EntryPoint\",\"urlTemplate\":\"https:\\\/\\\/fuentesfidedignas.com.mx\\\/?s={search_term_string}\"},\"query-input\":{\"@type\":\"PropertyValueSpecification\",\"valueRequired\":true,\"valueName\":\"search_term_string\"}}],\"inLanguage\":\"es\"},{\"@type\":\"Organization\",\"@id\":\"https:\\\/\\\/fuentesfidedignas.com.mx\\\/#organization\",\"name\":\"Fuentes Fidedignas\",\"url\":\"https:\\\/\\\/fuentesfidedignas.com.mx\\\/\",\"logo\":{\"@type\":\"ImageObject\",\"inLanguage\":\"es\",\"@id\":\"https:\\\/\\\/fuentesfidedignas.com.mx\\\/#\\\/schema\\\/logo\\\/image\\\/\",\"url\":\"https:\\\/\\\/fuentesfidedignas.com.mx\\\/wp-content\\\/uploads\\\/2021\\\/04\\\/logo-retina.png\",\"contentUrl\":\"https:\\\/\\\/fuentesfidedignas.com.mx\\\/wp-content\\\/uploads\\\/2021\\\/04\\\/logo-retina.png\",\"width\":280,\"height\":51,\"caption\":\"Fuentes Fidedignas\"},\"image\":{\"@id\":\"https:\\\/\\\/fuentesfidedignas.com.mx\\\/#\\\/schema\\\/logo\\\/image\\\/\"},\"sameAs\":[\"https:\\\/\\\/www.facebook.com\\\/Fuentes-Fidedignas-368234489921644\",\"https:\\\/\\\/x.com\\\/fidedignas\"]},{\"@type\":\"Person\",\"@id\":\"https:\\\/\\\/fuentesfidedignas.com.mx\\\/#\\\/schema\\\/person\\\/ec4edd1fbf5efa3e44fce34fe2787780\",\"name\":\"Exc\u00e9lsior\",\"image\":{\"@type\":\"ImageObject\",\"inLanguage\":\"es\",\"@id\":\"https:\\\/\\\/secure.gravatar.com\\\/avatar\\\/4b7ee9206b48be08447852b3f0814dbc7c0f3b51541b164f1464a2725614020b?s=96&d=mm&r=g\",\"url\":\"https:\\\/\\\/secure.gravatar.com\\\/avatar\\\/4b7ee9206b48be08447852b3f0814dbc7c0f3b51541b164f1464a2725614020b?s=96&d=mm&r=g\",\"contentUrl\":\"https:\\\/\\\/secure.gravatar.com\\\/avatar\\\/4b7ee9206b48be08447852b3f0814dbc7c0f3b51541b164f1464a2725614020b?s=96&d=mm&r=g\",\"caption\":\"Exc\u00e9lsior\"},\"url\":\"https:\\\/\\\/fuentesfidedignas.com.mx\\\/index.php\\\/author\\\/excelsior\\\/\"}]}<\/script>\n<!-- \/ Yoast SEO plugin. -->","yoast_head_json":{"title":"Van m\u00e1s de 100 muertos en Brasil por lluvias torrenciales - Fuentes Fidedignas","robots":{"index":"index","follow":"follow","max-snippet":"max-snippet:-1","max-image-preview":"max-image-preview:large","max-video-preview":"max-video-preview:-1"},"canonical":"https:\/\/fuentesfidedignas.com.mx\/index.php\/2022\/02\/17\/van-mas-de-100-muertos-en-brasil-por-lluvias-torrenciales\/","og_locale":"es_MX","og_type":"article","og_title":"Van m\u00e1s de 100 muertos en Brasil por lluvias torrenciales - Fuentes Fidedignas","og_description":"Las autoridades brasile\u00f1as informaron que hasta ahora 104 personas murieron debido a los deslizamientos de tierra provocados por las fuertes lluvias; buscan a desaparecidos. Brasil.- Las lluvias torrenciales que cayeron el martes sobre la antigua ciudad brasile\u00f1a de Petr\u00f3polis dejaron al menos 104 muertos, al tiempo que los rescatistas y voluntarios segu\u00edan buscando desaparecidos pese [&hellip;]","og_url":"https:\/\/fuentesfidedignas.com.mx\/index.php\/2022\/02\/17\/van-mas-de-100-muertos-en-brasil-por-lluvias-torrenciales\/","og_site_name":"Fuentes Fidedignas","article_publisher":"https:\/\/www.facebook.com\/Fuentes-Fidedignas-368234489921644","article_published_time":"2022-02-17T13:26:55+00:00","article_modified_time":"2022-02-17T19:17:16+00:00","og_image":[{"width":800,"height":600,"url":"https:\/\/fuentesfidedignas.com.mx\/wp-content\/uploads\/2022\/02\/LLUVIAS_BRASIL.jpg","type":"image\/jpeg"}],"author":"Exc\u00e9lsior","twitter_card":"summary_large_image","twitter_creator":"@fidedignas","twitter_site":"@fidedignas","twitter_misc":{"Escrito por":"Exc\u00e9lsior","Tiempo de lectura":"3 minutos"},"schema":{"@context":"https:\/\/schema.org","@graph":[{"@type":"Article","@id":"https:\/\/fuentesfidedignas.com.mx\/index.php\/2022\/02\/17\/van-mas-de-100-muertos-en-brasil-por-lluvias-torrenciales\/#article","isPartOf":{"@id":"https:\/\/fuentesfidedignas.com.mx\/index.php\/2022\/02\/17\/van-mas-de-100-muertos-en-brasil-por-lluvias-torrenciales\/"},"author":{"name":"Exc\u00e9lsior","@id":"https:\/\/fuentesfidedignas.com.mx\/#\/schema\/person\/ec4edd1fbf5efa3e44fce34fe2787780"},"headline":"Van m\u00e1s de 100 muertos en Brasil por lluvias torrenciales","datePublished":"2022-02-17T13:26:55+00:00","dateModified":"2022-02-17T19:17:16+00:00","mainEntityOfPage":{"@id":"https:\/\/fuentesfidedignas.com.mx\/index.php\/2022\/02\/17\/van-mas-de-100-muertos-en-brasil-por-lluvias-torrenciales\/"},"wordCount":560,"commentCount":0,"publisher":{"@id":"https:\/\/fuentesfidedignas.com.mx\/#organization"},"image":{"@id":"https:\/\/fuentesfidedignas.com.mx\/index.php\/2022\/02\/17\/van-mas-de-100-muertos-en-brasil-por-lluvias-torrenciales\/#primaryimage"},"thumbnailUrl":"https:\/\/fuentesfidedignas.com.mx\/wp-content\/uploads\/2022\/02\/LLUVIAS_BRASIL.jpg","keywords":["Brasil","lluvias"],"inLanguage":"es","potentialAction":[{"@type":"CommentAction","name":"Comment","target":["https:\/\/fuentesfidedignas.com.mx\/index.php\/2022\/02\/17\/van-mas-de-100-muertos-en-brasil-por-lluvias-torrenciales\/#respond"]}]},{"@type":"WebPage","@id":"https:\/\/fuentesfidedignas.com.mx\/index.php\/2022\/02\/17\/van-mas-de-100-muertos-en-brasil-por-lluvias-torrenciales\/","url":"https:\/\/fuentesfidedignas.com.mx\/index.php\/2022\/02\/17\/van-mas-de-100-muertos-en-brasil-por-lluvias-torrenciales\/","name":"Van m\u00e1s de 100 muertos en Brasil por lluvias torrenciales - Fuentes Fidedignas","isPartOf":{"@id":"https:\/\/fuentesfidedignas.com.mx\/#website"},"primaryImageOfPage":{"@id":"https:\/\/fuentesfidedignas.com.mx\/index.php\/2022\/02\/17\/van-mas-de-100-muertos-en-brasil-por-lluvias-torrenciales\/#primaryimage"},"image":{"@id":"https:\/\/fuentesfidedignas.com.mx\/index.php\/2022\/02\/17\/van-mas-de-100-muertos-en-brasil-por-lluvias-torrenciales\/#primaryimage"},"thumbnailUrl":"https:\/\/fuentesfidedignas.com.mx\/wp-content\/uploads\/2022\/02\/LLUVIAS_BRASIL.jpg","datePublished":"2022-02-17T13:26:55+00:00","dateModified":"2022-02-17T19:17:16+00:00","breadcrumb":{"@id":"https:\/\/fuentesfidedignas.com.mx\/index.php\/2022\/02\/17\/van-mas-de-100-muertos-en-brasil-por-lluvias-torrenciales\/#breadcrumb"},"inLanguage":"es","potentialAction":[{"@type":"ReadAction","target":["https:\/\/fuentesfidedignas.com.mx\/index.php\/2022\/02\/17\/van-mas-de-100-muertos-en-brasil-por-lluvias-torrenciales\/"]}]},{"@type":"ImageObject","inLanguage":"es","@id":"https:\/\/fuentesfidedignas.com.mx\/index.php\/2022\/02\/17\/van-mas-de-100-muertos-en-brasil-por-lluvias-torrenciales\/#primaryimage","url":"https:\/\/fuentesfidedignas.com.mx\/wp-content\/uploads\/2022\/02\/LLUVIAS_BRASIL.jpg","contentUrl":"https:\/\/fuentesfidedignas.com.mx\/wp-content\/uploads\/2022\/02\/LLUVIAS_BRASIL.jpg","width":800,"height":600},{"@type":"BreadcrumbList","@id":"https:\/\/fuentesfidedignas.com.mx\/index.php\/2022\/02\/17\/van-mas-de-100-muertos-en-brasil-por-lluvias-torrenciales\/#breadcrumb","itemListElement":[{"@type":"ListItem","position":1,"name":"Inicio","item":"https:\/\/fuentesfidedignas.com.mx\/"},{"@type":"ListItem","position":2,"name":"Van m\u00e1s de 100 muertos en Brasil por lluvias torrenciales"}]},{"@type":"WebSite","@id":"https:\/\/fuentesfidedignas.com.mx\/#website","url":"https:\/\/fuentesfidedignas.com.mx\/","name":"Fuentes Fidedignas","description":"Otro sitio realizado con WordPress","publisher":{"@id":"https:\/\/fuentesfidedignas.com.mx\/#organization"},"potentialAction":[{"@type":"SearchAction","target":{"@type":"EntryPoint","urlTemplate":"https:\/\/fuentesfidedignas.com.mx\/?s={search_term_string}"},"query-input":{"@type":"PropertyValueSpecification","valueRequired":true,"valueName":"search_term_string"}}],"inLanguage":"es"},{"@type":"Organization","@id":"https:\/\/fuentesfidedignas.com.mx\/#organization","name":"Fuentes Fidedignas","url":"https:\/\/fuentesfidedignas.com.mx\/","logo":{"@type":"ImageObject","inLanguage":"es","@id":"https:\/\/fuentesfidedignas.com.mx\/#\/schema\/logo\/image\/","url":"https:\/\/fuentesfidedignas.com.mx\/wp-content\/uploads\/2021\/04\/logo-retina.png","contentUrl":"https:\/\/fuentesfidedignas.com.mx\/wp-content\/uploads\/2021\/04\/logo-retina.png","width":280,"height":51,"caption":"Fuentes Fidedignas"},"image":{"@id":"https:\/\/fuentesfidedignas.com.mx\/#\/schema\/logo\/image\/"},"sameAs":["https:\/\/www.facebook.com\/Fuentes-Fidedignas-368234489921644","https:\/\/x.com\/fidedignas"]},{"@type":"Person","@id":"https:\/\/fuentesfidedignas.com.mx\/#\/schema\/person\/ec4edd1fbf5efa3e44fce34fe2787780","name":"Exc\u00e9lsior","image":{"@type":"ImageObject","inLanguage":"es","@id":"https:\/\/secure.gravatar.com\/avatar\/4b7ee9206b48be08447852b3f0814dbc7c0f3b51541b164f1464a2725614020b?s=96&d=mm&r=g","url":"https:\/\/secure.gravatar.com\/avatar\/4b7ee9206b48be08447852b3f0814dbc7c0f3b51541b164f1464a2725614020b?s=96&d=mm&r=g","contentUrl":"https:\/\/secure.gravatar.com\/avatar\/4b7ee9206b48be08447852b3f0814dbc7c0f3b51541b164f1464a2725614020b?s=96&d=mm&r=g","caption":"Exc\u00e9lsior"},"url":"https:\/\/fuentesfidedignas.com.mx\/index.php\/author\/excelsior\/"}]}},"_links":{"self":[{"href":"https:\/\/fuentesfidedignas.com.mx\/index.php\/wp-json\/wp\/v2\/posts\/24225","targetHints":{"allow":["GET"]}}],"collection":[{"href":"https:\/\/fuentesfidedignas.com.mx\/index.php\/wp-json\/wp\/v2\/posts"}],"about":[{"href":"https:\/\/fuentesfidedignas.com.mx\/index.php\/wp-json\/wp\/v2\/types\/post"}],"author":[{"embeddable":true,"href":"https:\/\/fuentesfidedignas.com.mx\/index.php\/wp-json\/wp\/v2\/users\/7"}],"replies":[{"embeddable":true,"href":"https:\/\/fuentesfidedignas.com.mx\/index.php\/wp-json\/wp\/v2\/comments?post=24225"}],"version-history":[{"count":1,"href":"https:\/\/fuentesfidedignas.com.mx\/index.php\/wp-json\/wp\/v2\/posts\/24225\/revisions"}],"predecessor-version":[{"id":24227,"href":"https:\/\/fuentesfidedignas.com.mx\/index.php\/wp-json\/wp\/v2\/posts\/24225\/revisions\/24227"}],"wp:featuredmedia":[{"embeddable":true,"href":"https:\/\/fuentesfidedignas.com.mx\/index.php\/wp-json\/wp\/v2\/media\/24226"}],"wp:attachment":[{"href":"https:\/\/fuentesfidedignas.com.mx\/index.php\/wp-json\/wp\/v2\/media?parent=24225"}],"wp:term":[{"taxonomy":"category","embeddable":true,"href":"https:\/\/fuentesfidedignas.com.mx\/index.php\/wp-json\/wp\/v2\/categories?post=24225"},{"taxonomy":"post_tag","embeddable":true,"href":"https:\/\/fuentesfidedignas.com.mx\/index.php\/wp-json\/wp\/v2\/tags?post=24225"}],"curies":[{"name":"wp","href":"https:\/\/api.w.org\/{rel}","templated":true}]}}