{"id":24143,"date":"2022-02-16T08:22:25","date_gmt":"2022-02-16T15:22:25","guid":{"rendered":"https:\/\/fuentesfidedignas.com.mx\/?p=24143"},"modified":"2022-02-16T08:22:26","modified_gmt":"2022-02-16T15:22:26","slug":"amlo-pide-a-periodistas-transparentar-sueldos-y-bienes-por-etica","status":"publish","type":"post","link":"https:\/\/fuentesfidedignas.com.mx\/index.php\/2022\/02\/16\/amlo-pide-a-periodistas-transparentar-sueldos-y-bienes-por-etica\/","title":{"rendered":"AMLO pide a periodistas transparentar sueldos y bienes por \u00e9tica"},"content":{"rendered":"\n<p><strong><em>El presidente L\u00f3pez Obrador pidi\u00f3 que periodistas como G\u00f3mez Leyva, Aristegui o Jorge Ramos, transparenten sus ingresos y bienes.<\/em><\/strong><\/p>\n\n\n\n<p>Ciudad de M\u00e9xico.- En una nueva confrontaci\u00f3n con periodistas, el presidente Andr\u00e9s Manuel L\u00f3pez Obrador pidi\u00f3 este mi\u00e9rcoles que informadores como Ciro G\u00f3mez Leyva, Carmen Aristegui, Joaqu\u00edn L\u00f3pez-D\u00f3riga y Jorge Ramos, transparenten sus ingresos y bienes por \u00e9tica period\u00edstica.<\/p>\n\n\n\n<p>Esta petici\u00f3n la formul\u00f3 en su conferencia matutina al se\u00f1alar que el Instituto Nacional de Transparencia, Acceso a la Informaci\u00f3n y Protecci\u00f3n de Datos Personales (Inai) a\u00fan no ha respondido a la solicitud que envi\u00f3 ayer para que informe si los ingresos de Carlos Loret de Mola ascienden a 35 millones de pesos anuales.<\/p>\n\n\n\n<p>El mandatario federal afirm\u00f3 que conocer esta informaci\u00f3n en vital debido a que el periodista, quien es conductor de Latinus, ha obtenido recursos a trav\u00e9s de empresas que en otros gobiernos ten\u00edan privilegios y abusaban del presupuesto p\u00fablico.<\/p>\n\n\n\n<p>\u201cEn el caso de Loret de Mola no es un asunto de afectar, de dar a conocer lo que haga el periodista, es que ese periodista est\u00e1 vinculado con la venta de medicinas, de equipos m\u00e9dicos, y as\u00ed otros. Yo creo que sin necesidad de que intervenga transparencia estos por \u00e9tica deber\u00edan de informar cu\u00e1nto gana Loret, L\u00f3pez D\u00f3riga, Ciro, Carmen Aristegui, cu\u00e1nto ganan\u201d, se\u00f1al\u00f3 el jefe del Ejecutivo federal.<\/p>\n\n\n\n<p>\u201cA lo mejor lo de sus bienes pues no, aunque tambi\u00e9n ayudar\u00eda mucho saber de Jorge Ramos porque est\u00e1n representando a intereses, no representan al pueblo, representan a intereses creados\u201d, abund\u00f3.<\/p>\n\n\n\n<p>Hace unas semanas, Loret de Mola y Mexicanos Unidos Contra la Corrupci\u00f3n e Impunidad (MCCI) revelaron una investigaci\u00f3n en la que se\u00f1alaron a Jos\u00e9 Ram\u00f3n L\u00f3pez Beltran, hijo del presidente de la Rep\u00fablica, y a su esposa Carolyn Adams, de haber rentado un inmueble de lujo en Houston, Texas, a un accionista de la empresa Baker Hughes, a su vez contratista de Petr\u00f3leos Mexicanos (Pemex).<\/p>\n\n\n\n<p>En 2020, esa compa\u00f1\u00eda recibi\u00f3 asignaciones en Pemex por 194 millones de d\u00f3lares, equivalentes a unos 3 mil 900 millones de pesos, por lo que se habr\u00eda configurado un conflicto de inter\u00e9s entre la Presidencia, Pemex y Baker Hughes.<\/p>\n\n\n\n<p>Desde entonces, el presidente de la Rep\u00fablica ha arremetido contra diversos periodistas al afirmar que su motivaci\u00f3n es atacarlo, a fin de desprestigiar el proyecto de naci\u00f3n que representa.<\/p>\n\n\n\n<p>Lee tambi\u00e9n: Baker Hughes se deslinda de la casa donde vivi\u00f3 el hijo de AMLO<\/p>\n\n\n\n<p>\u201cCarmen Aristegui enga\u00f1\u00f3 durante mucho tiempo, mucho tiempo. Yo conoc\u00ed gente que ve\u00eda en Carmen Aristegui al modelo de comunicaci\u00f3n a seguir, la paladina de la libertad.<\/p>\n\n\n\n<p>\u201cA la hora de las definiciones se fue, o as\u00ed pensaba siempre, pero simulaba, est\u00e1 a favor del bloque conservador. Todos estos reportajes calumniosos, manejados por Carmen Aristegui\u201d, coment\u00f3 la semana pasada en una conferencia de prensa en Tlaxcala.<\/p>\n","protected":false},"excerpt":{"rendered":"<p>El presidente L\u00f3pez Obrador pidi\u00f3 que periodistas como G\u00f3mez Leyva, Aristegui o Jorge Ramos, transparenten sus ingresos y bienes. Ciudad de M\u00e9xico.- En una nueva confrontaci\u00f3n con periodistas, el presidente Andr\u00e9s Manuel L\u00f3pez Obrador pidi\u00f3 este mi\u00e9rcoles que informadores como Ciro G\u00f3mez Leyva, Carmen Aristegui, Joaqu\u00edn L\u00f3pez-D\u00f3riga y Jorge Ramos, transparenten sus ingresos y bienes [&hellip;]<\/p>\n","protected":false},"author":5,"featured_media":24144,"comment_status":"open","ping_status":"open","sticky":false,"template":"","format":"standard","meta":{"tdm_status":"","tdm_grid_status":"","footnotes":""},"categories":[37],"tags":[247,297,678],"class_list":{"0":"post-24143","1":"post","2":"type-post","3":"status-publish","4":"format-standard","5":"has-post-thumbnail","7":"category-nota-principal","8":"tag-amlo","9":"tag-andres-manuel-lopez-obrador","10":"tag-periodistas"},"yoast_head":"<!-- This site is optimized with the Yoast SEO plugin v27.5 - https:\/\/yoast.com\/product\/yoast-seo-wordpress\/ -->\n<title>AMLO pide a periodistas transparentar sueldos y bienes por \u00e9tica - Fuentes Fidedignas<\/title>\n<meta name=\"robots\" content=\"index, follow, max-snippet:-1, max-image-preview:large, max-video-preview:-1\" \/>\n<link rel=\"canonical\" href=\"https:\/\/fuentesfidedignas.com.mx\/index.php\/2022\/02\/16\/amlo-pide-a-periodistas-transparentar-sueldos-y-bienes-por-etica\/\" \/>\n<meta property=\"og:locale\" content=\"es_MX\" \/>\n<meta property=\"og:type\" content=\"article\" \/>\n<meta property=\"og:title\" content=\"AMLO pide a periodistas transparentar sueldos y bienes por \u00e9tica - Fuentes Fidedignas\" \/>\n<meta property=\"og:description\" content=\"El presidente L\u00f3pez Obrador pidi\u00f3 que periodistas como G\u00f3mez Leyva, Aristegui o Jorge Ramos, transparenten sus ingresos y bienes. Ciudad de M\u00e9xico.- En una nueva confrontaci\u00f3n con periodistas, el presidente Andr\u00e9s Manuel L\u00f3pez Obrador pidi\u00f3 este mi\u00e9rcoles que informadores como Ciro G\u00f3mez Leyva, Carmen Aristegui, Joaqu\u00edn L\u00f3pez-D\u00f3riga y Jorge Ramos, transparenten sus ingresos y bienes [&hellip;]\" \/>\n<meta property=\"og:url\" content=\"https:\/\/fuentesfidedignas.com.mx\/index.php\/2022\/02\/16\/amlo-pide-a-periodistas-transparentar-sueldos-y-bienes-por-etica\/\" \/>\n<meta property=\"og:site_name\" content=\"Fuentes Fidedignas\" \/>\n<meta property=\"article:publisher\" content=\"https:\/\/www.facebook.com\/Fuentes-Fidedignas-368234489921644\" \/>\n<meta property=\"article:published_time\" content=\"2022-02-16T15:22:25+00:00\" \/>\n<meta property=\"article:modified_time\" content=\"2022-02-16T15:22:26+00:00\" \/>\n<meta property=\"og:image\" content=\"https:\/\/fuentesfidedignas.com.mx\/wp-content\/uploads\/2022\/02\/AMLO_160222.jpeg\" \/>\n\t<meta property=\"og:image:width\" content=\"640\" \/>\n\t<meta property=\"og:image:height\" content=\"360\" \/>\n\t<meta property=\"og:image:type\" content=\"image\/jpeg\" \/>\n<meta name=\"author\" content=\"Forbes\" \/>\n<meta name=\"twitter:card\" content=\"summary_large_image\" \/>\n<meta name=\"twitter:creator\" content=\"@fidedignas\" \/>\n<meta name=\"twitter:site\" content=\"@fidedignas\" \/>\n<meta name=\"twitter:label1\" content=\"Escrito por\" \/>\n\t<meta name=\"twitter:data1\" content=\"Forbes\" \/>\n\t<meta name=\"twitter:label2\" content=\"Tiempo de lectura\" \/>\n\t<meta name=\"twitter:data2\" content=\"3 minutos\" \/>\n<script type=\"application\/ld+json\" class=\"yoast-schema-graph\">{\"@context\":\"https:\\\/\\\/schema.org\",\"@graph\":[{\"@type\":\"Article\",\"@id\":\"https:\\\/\\\/fuentesfidedignas.com.mx\\\/index.php\\\/2022\\\/02\\\/16\\\/amlo-pide-a-periodistas-transparentar-sueldos-y-bienes-por-etica\\\/#article\",\"isPartOf\":{\"@id\":\"https:\\\/\\\/fuentesfidedignas.com.mx\\\/index.php\\\/2022\\\/02\\\/16\\\/amlo-pide-a-periodistas-transparentar-sueldos-y-bienes-por-etica\\\/\"},\"author\":{\"name\":\"Forbes\",\"@id\":\"https:\\\/\\\/fuentesfidedignas.com.mx\\\/#\\\/schema\\\/person\\\/5623d53fe2e579d825b1679734abcc44\"},\"headline\":\"AMLO pide a periodistas transparentar sueldos y bienes por \u00e9tica\",\"datePublished\":\"2022-02-16T15:22:25+00:00\",\"dateModified\":\"2022-02-16T15:22:26+00:00\",\"mainEntityOfPage\":{\"@id\":\"https:\\\/\\\/fuentesfidedignas.com.mx\\\/index.php\\\/2022\\\/02\\\/16\\\/amlo-pide-a-periodistas-transparentar-sueldos-y-bienes-por-etica\\\/\"},\"wordCount\":519,\"commentCount\":0,\"publisher\":{\"@id\":\"https:\\\/\\\/fuentesfidedignas.com.mx\\\/#organization\"},\"image\":{\"@id\":\"https:\\\/\\\/fuentesfidedignas.com.mx\\\/index.php\\\/2022\\\/02\\\/16\\\/amlo-pide-a-periodistas-transparentar-sueldos-y-bienes-por-etica\\\/#primaryimage\"},\"thumbnailUrl\":\"https:\\\/\\\/fuentesfidedignas.com.mx\\\/wp-content\\\/uploads\\\/2022\\\/02\\\/AMLO_160222.jpeg\",\"keywords\":[\"AMLO\",\"Andr\u00e9s Manuel L\u00f3pez Obrador\",\"Periodistas\"],\"articleSection\":[\"NOTA PRINCIPAL\"],\"inLanguage\":\"es\",\"potentialAction\":[{\"@type\":\"CommentAction\",\"name\":\"Comment\",\"target\":[\"https:\\\/\\\/fuentesfidedignas.com.mx\\\/index.php\\\/2022\\\/02\\\/16\\\/amlo-pide-a-periodistas-transparentar-sueldos-y-bienes-por-etica\\\/#respond\"]}]},{\"@type\":\"WebPage\",\"@id\":\"https:\\\/\\\/fuentesfidedignas.com.mx\\\/index.php\\\/2022\\\/02\\\/16\\\/amlo-pide-a-periodistas-transparentar-sueldos-y-bienes-por-etica\\\/\",\"url\":\"https:\\\/\\\/fuentesfidedignas.com.mx\\\/index.php\\\/2022\\\/02\\\/16\\\/amlo-pide-a-periodistas-transparentar-sueldos-y-bienes-por-etica\\\/\",\"name\":\"AMLO pide a periodistas transparentar sueldos y bienes por \u00e9tica - Fuentes Fidedignas\",\"isPartOf\":{\"@id\":\"https:\\\/\\\/fuentesfidedignas.com.mx\\\/#website\"},\"primaryImageOfPage\":{\"@id\":\"https:\\\/\\\/fuentesfidedignas.com.mx\\\/index.php\\\/2022\\\/02\\\/16\\\/amlo-pide-a-periodistas-transparentar-sueldos-y-bienes-por-etica\\\/#primaryimage\"},\"image\":{\"@id\":\"https:\\\/\\\/fuentesfidedignas.com.mx\\\/index.php\\\/2022\\\/02\\\/16\\\/amlo-pide-a-periodistas-transparentar-sueldos-y-bienes-por-etica\\\/#primaryimage\"},\"thumbnailUrl\":\"https:\\\/\\\/fuentesfidedignas.com.mx\\\/wp-content\\\/uploads\\\/2022\\\/02\\\/AMLO_160222.jpeg\",\"datePublished\":\"2022-02-16T15:22:25+00:00\",\"dateModified\":\"2022-02-16T15:22:26+00:00\",\"breadcrumb\":{\"@id\":\"https:\\\/\\\/fuentesfidedignas.com.mx\\\/index.php\\\/2022\\\/02\\\/16\\\/amlo-pide-a-periodistas-transparentar-sueldos-y-bienes-por-etica\\\/#breadcrumb\"},\"inLanguage\":\"es\",\"potentialAction\":[{\"@type\":\"ReadAction\",\"target\":[\"https:\\\/\\\/fuentesfidedignas.com.mx\\\/index.php\\\/2022\\\/02\\\/16\\\/amlo-pide-a-periodistas-transparentar-sueldos-y-bienes-por-etica\\\/\"]}]},{\"@type\":\"ImageObject\",\"inLanguage\":\"es\",\"@id\":\"https:\\\/\\\/fuentesfidedignas.com.mx\\\/index.php\\\/2022\\\/02\\\/16\\\/amlo-pide-a-periodistas-transparentar-sueldos-y-bienes-por-etica\\\/#primaryimage\",\"url\":\"https:\\\/\\\/fuentesfidedignas.com.mx\\\/wp-content\\\/uploads\\\/2022\\\/02\\\/AMLO_160222.jpeg\",\"contentUrl\":\"https:\\\/\\\/fuentesfidedignas.com.mx\\\/wp-content\\\/uploads\\\/2022\\\/02\\\/AMLO_160222.jpeg\",\"width\":640,\"height\":360},{\"@type\":\"BreadcrumbList\",\"@id\":\"https:\\\/\\\/fuentesfidedignas.com.mx\\\/index.php\\\/2022\\\/02\\\/16\\\/amlo-pide-a-periodistas-transparentar-sueldos-y-bienes-por-etica\\\/#breadcrumb\",\"itemListElement\":[{\"@type\":\"ListItem\",\"position\":1,\"name\":\"Inicio\",\"item\":\"https:\\\/\\\/fuentesfidedignas.com.mx\\\/\"},{\"@type\":\"ListItem\",\"position\":2,\"name\":\"AMLO pide a periodistas transparentar sueldos y bienes por \u00e9tica\"}]},{\"@type\":\"WebSite\",\"@id\":\"https:\\\/\\\/fuentesfidedignas.com.mx\\\/#website\",\"url\":\"https:\\\/\\\/fuentesfidedignas.com.mx\\\/\",\"name\":\"Fuentes Fidedignas\",\"description\":\"Otro sitio realizado con WordPress\",\"publisher\":{\"@id\":\"https:\\\/\\\/fuentesfidedignas.com.mx\\\/#organization\"},\"potentialAction\":[{\"@type\":\"SearchAction\",\"target\":{\"@type\":\"EntryPoint\",\"urlTemplate\":\"https:\\\/\\\/fuentesfidedignas.com.mx\\\/?s={search_term_string}\"},\"query-input\":{\"@type\":\"PropertyValueSpecification\",\"valueRequired\":true,\"valueName\":\"search_term_string\"}}],\"inLanguage\":\"es\"},{\"@type\":\"Organization\",\"@id\":\"https:\\\/\\\/fuentesfidedignas.com.mx\\\/#organization\",\"name\":\"Fuentes Fidedignas\",\"url\":\"https:\\\/\\\/fuentesfidedignas.com.mx\\\/\",\"logo\":{\"@type\":\"ImageObject\",\"inLanguage\":\"es\",\"@id\":\"https:\\\/\\\/fuentesfidedignas.com.mx\\\/#\\\/schema\\\/logo\\\/image\\\/\",\"url\":\"https:\\\/\\\/fuentesfidedignas.com.mx\\\/wp-content\\\/uploads\\\/2021\\\/04\\\/logo-retina.png\",\"contentUrl\":\"https:\\\/\\\/fuentesfidedignas.com.mx\\\/wp-content\\\/uploads\\\/2021\\\/04\\\/logo-retina.png\",\"width\":280,\"height\":51,\"caption\":\"Fuentes Fidedignas\"},\"image\":{\"@id\":\"https:\\\/\\\/fuentesfidedignas.com.mx\\\/#\\\/schema\\\/logo\\\/image\\\/\"},\"sameAs\":[\"https:\\\/\\\/www.facebook.com\\\/Fuentes-Fidedignas-368234489921644\",\"https:\\\/\\\/x.com\\\/fidedignas\"]},{\"@type\":\"Person\",\"@id\":\"https:\\\/\\\/fuentesfidedignas.com.mx\\\/#\\\/schema\\\/person\\\/5623d53fe2e579d825b1679734abcc44\",\"name\":\"Forbes\",\"image\":{\"@type\":\"ImageObject\",\"inLanguage\":\"es\",\"@id\":\"https:\\\/\\\/secure.gravatar.com\\\/avatar\\\/87ce3dd4e41e60c22a79c758614f01a6bc2469255fc936ec7b15efb9bb5cb66f?s=96&d=mm&r=g\",\"url\":\"https:\\\/\\\/secure.gravatar.com\\\/avatar\\\/87ce3dd4e41e60c22a79c758614f01a6bc2469255fc936ec7b15efb9bb5cb66f?s=96&d=mm&r=g\",\"contentUrl\":\"https:\\\/\\\/secure.gravatar.com\\\/avatar\\\/87ce3dd4e41e60c22a79c758614f01a6bc2469255fc936ec7b15efb9bb5cb66f?s=96&d=mm&r=g\",\"caption\":\"Forbes\"},\"url\":\"https:\\\/\\\/fuentesfidedignas.com.mx\\\/index.php\\\/author\\\/forbes\\\/\"}]}<\/script>\n<!-- \/ Yoast SEO plugin. -->","yoast_head_json":{"title":"AMLO pide a periodistas transparentar sueldos y bienes por \u00e9tica - Fuentes Fidedignas","robots":{"index":"index","follow":"follow","max-snippet":"max-snippet:-1","max-image-preview":"max-image-preview:large","max-video-preview":"max-video-preview:-1"},"canonical":"https:\/\/fuentesfidedignas.com.mx\/index.php\/2022\/02\/16\/amlo-pide-a-periodistas-transparentar-sueldos-y-bienes-por-etica\/","og_locale":"es_MX","og_type":"article","og_title":"AMLO pide a periodistas transparentar sueldos y bienes por \u00e9tica - Fuentes Fidedignas","og_description":"El presidente L\u00f3pez Obrador pidi\u00f3 que periodistas como G\u00f3mez Leyva, Aristegui o Jorge Ramos, transparenten sus ingresos y bienes. Ciudad de M\u00e9xico.- En una nueva confrontaci\u00f3n con periodistas, el presidente Andr\u00e9s Manuel L\u00f3pez Obrador pidi\u00f3 este mi\u00e9rcoles que informadores como Ciro G\u00f3mez Leyva, Carmen Aristegui, Joaqu\u00edn L\u00f3pez-D\u00f3riga y Jorge Ramos, transparenten sus ingresos y bienes [&hellip;]","og_url":"https:\/\/fuentesfidedignas.com.mx\/index.php\/2022\/02\/16\/amlo-pide-a-periodistas-transparentar-sueldos-y-bienes-por-etica\/","og_site_name":"Fuentes Fidedignas","article_publisher":"https:\/\/www.facebook.com\/Fuentes-Fidedignas-368234489921644","article_published_time":"2022-02-16T15:22:25+00:00","article_modified_time":"2022-02-16T15:22:26+00:00","og_image":[{"width":640,"height":360,"url":"https:\/\/fuentesfidedignas.com.mx\/wp-content\/uploads\/2022\/02\/AMLO_160222.jpeg","type":"image\/jpeg"}],"author":"Forbes","twitter_card":"summary_large_image","twitter_creator":"@fidedignas","twitter_site":"@fidedignas","twitter_misc":{"Escrito por":"Forbes","Tiempo de lectura":"3 minutos"},"schema":{"@context":"https:\/\/schema.org","@graph":[{"@type":"Article","@id":"https:\/\/fuentesfidedignas.com.mx\/index.php\/2022\/02\/16\/amlo-pide-a-periodistas-transparentar-sueldos-y-bienes-por-etica\/#article","isPartOf":{"@id":"https:\/\/fuentesfidedignas.com.mx\/index.php\/2022\/02\/16\/amlo-pide-a-periodistas-transparentar-sueldos-y-bienes-por-etica\/"},"author":{"name":"Forbes","@id":"https:\/\/fuentesfidedignas.com.mx\/#\/schema\/person\/5623d53fe2e579d825b1679734abcc44"},"headline":"AMLO pide a periodistas transparentar sueldos y bienes por \u00e9tica","datePublished":"2022-02-16T15:22:25+00:00","dateModified":"2022-02-16T15:22:26+00:00","mainEntityOfPage":{"@id":"https:\/\/fuentesfidedignas.com.mx\/index.php\/2022\/02\/16\/amlo-pide-a-periodistas-transparentar-sueldos-y-bienes-por-etica\/"},"wordCount":519,"commentCount":0,"publisher":{"@id":"https:\/\/fuentesfidedignas.com.mx\/#organization"},"image":{"@id":"https:\/\/fuentesfidedignas.com.mx\/index.php\/2022\/02\/16\/amlo-pide-a-periodistas-transparentar-sueldos-y-bienes-por-etica\/#primaryimage"},"thumbnailUrl":"https:\/\/fuentesfidedignas.com.mx\/wp-content\/uploads\/2022\/02\/AMLO_160222.jpeg","keywords":["AMLO","Andr\u00e9s Manuel L\u00f3pez Obrador","Periodistas"],"articleSection":["NOTA PRINCIPAL"],"inLanguage":"es","potentialAction":[{"@type":"CommentAction","name":"Comment","target":["https:\/\/fuentesfidedignas.com.mx\/index.php\/2022\/02\/16\/amlo-pide-a-periodistas-transparentar-sueldos-y-bienes-por-etica\/#respond"]}]},{"@type":"WebPage","@id":"https:\/\/fuentesfidedignas.com.mx\/index.php\/2022\/02\/16\/amlo-pide-a-periodistas-transparentar-sueldos-y-bienes-por-etica\/","url":"https:\/\/fuentesfidedignas.com.mx\/index.php\/2022\/02\/16\/amlo-pide-a-periodistas-transparentar-sueldos-y-bienes-por-etica\/","name":"AMLO pide a periodistas transparentar sueldos y bienes por \u00e9tica - Fuentes Fidedignas","isPartOf":{"@id":"https:\/\/fuentesfidedignas.com.mx\/#website"},"primaryImageOfPage":{"@id":"https:\/\/fuentesfidedignas.com.mx\/index.php\/2022\/02\/16\/amlo-pide-a-periodistas-transparentar-sueldos-y-bienes-por-etica\/#primaryimage"},"image":{"@id":"https:\/\/fuentesfidedignas.com.mx\/index.php\/2022\/02\/16\/amlo-pide-a-periodistas-transparentar-sueldos-y-bienes-por-etica\/#primaryimage"},"thumbnailUrl":"https:\/\/fuentesfidedignas.com.mx\/wp-content\/uploads\/2022\/02\/AMLO_160222.jpeg","datePublished":"2022-02-16T15:22:25+00:00","dateModified":"2022-02-16T15:22:26+00:00","breadcrumb":{"@id":"https:\/\/fuentesfidedignas.com.mx\/index.php\/2022\/02\/16\/amlo-pide-a-periodistas-transparentar-sueldos-y-bienes-por-etica\/#breadcrumb"},"inLanguage":"es","potentialAction":[{"@type":"ReadAction","target":["https:\/\/fuentesfidedignas.com.mx\/index.php\/2022\/02\/16\/amlo-pide-a-periodistas-transparentar-sueldos-y-bienes-por-etica\/"]}]},{"@type":"ImageObject","inLanguage":"es","@id":"https:\/\/fuentesfidedignas.com.mx\/index.php\/2022\/02\/16\/amlo-pide-a-periodistas-transparentar-sueldos-y-bienes-por-etica\/#primaryimage","url":"https:\/\/fuentesfidedignas.com.mx\/wp-content\/uploads\/2022\/02\/AMLO_160222.jpeg","contentUrl":"https:\/\/fuentesfidedignas.com.mx\/wp-content\/uploads\/2022\/02\/AMLO_160222.jpeg","width":640,"height":360},{"@type":"BreadcrumbList","@id":"https:\/\/fuentesfidedignas.com.mx\/index.php\/2022\/02\/16\/amlo-pide-a-periodistas-transparentar-sueldos-y-bienes-por-etica\/#breadcrumb","itemListElement":[{"@type":"ListItem","position":1,"name":"Inicio","item":"https:\/\/fuentesfidedignas.com.mx\/"},{"@type":"ListItem","position":2,"name":"AMLO pide a periodistas transparentar sueldos y bienes por \u00e9tica"}]},{"@type":"WebSite","@id":"https:\/\/fuentesfidedignas.com.mx\/#website","url":"https:\/\/fuentesfidedignas.com.mx\/","name":"Fuentes Fidedignas","description":"Otro sitio realizado con WordPress","publisher":{"@id":"https:\/\/fuentesfidedignas.com.mx\/#organization"},"potentialAction":[{"@type":"SearchAction","target":{"@type":"EntryPoint","urlTemplate":"https:\/\/fuentesfidedignas.com.mx\/?s={search_term_string}"},"query-input":{"@type":"PropertyValueSpecification","valueRequired":true,"valueName":"search_term_string"}}],"inLanguage":"es"},{"@type":"Organization","@id":"https:\/\/fuentesfidedignas.com.mx\/#organization","name":"Fuentes Fidedignas","url":"https:\/\/fuentesfidedignas.com.mx\/","logo":{"@type":"ImageObject","inLanguage":"es","@id":"https:\/\/fuentesfidedignas.com.mx\/#\/schema\/logo\/image\/","url":"https:\/\/fuentesfidedignas.com.mx\/wp-content\/uploads\/2021\/04\/logo-retina.png","contentUrl":"https:\/\/fuentesfidedignas.com.mx\/wp-content\/uploads\/2021\/04\/logo-retina.png","width":280,"height":51,"caption":"Fuentes Fidedignas"},"image":{"@id":"https:\/\/fuentesfidedignas.com.mx\/#\/schema\/logo\/image\/"},"sameAs":["https:\/\/www.facebook.com\/Fuentes-Fidedignas-368234489921644","https:\/\/x.com\/fidedignas"]},{"@type":"Person","@id":"https:\/\/fuentesfidedignas.com.mx\/#\/schema\/person\/5623d53fe2e579d825b1679734abcc44","name":"Forbes","image":{"@type":"ImageObject","inLanguage":"es","@id":"https:\/\/secure.gravatar.com\/avatar\/87ce3dd4e41e60c22a79c758614f01a6bc2469255fc936ec7b15efb9bb5cb66f?s=96&d=mm&r=g","url":"https:\/\/secure.gravatar.com\/avatar\/87ce3dd4e41e60c22a79c758614f01a6bc2469255fc936ec7b15efb9bb5cb66f?s=96&d=mm&r=g","contentUrl":"https:\/\/secure.gravatar.com\/avatar\/87ce3dd4e41e60c22a79c758614f01a6bc2469255fc936ec7b15efb9bb5cb66f?s=96&d=mm&r=g","caption":"Forbes"},"url":"https:\/\/fuentesfidedignas.com.mx\/index.php\/author\/forbes\/"}]}},"_links":{"self":[{"href":"https:\/\/fuentesfidedignas.com.mx\/index.php\/wp-json\/wp\/v2\/posts\/24143","targetHints":{"allow":["GET"]}}],"collection":[{"href":"https:\/\/fuentesfidedignas.com.mx\/index.php\/wp-json\/wp\/v2\/posts"}],"about":[{"href":"https:\/\/fuentesfidedignas.com.mx\/index.php\/wp-json\/wp\/v2\/types\/post"}],"author":[{"embeddable":true,"href":"https:\/\/fuentesfidedignas.com.mx\/index.php\/wp-json\/wp\/v2\/users\/5"}],"replies":[{"embeddable":true,"href":"https:\/\/fuentesfidedignas.com.mx\/index.php\/wp-json\/wp\/v2\/comments?post=24143"}],"version-history":[{"count":1,"href":"https:\/\/fuentesfidedignas.com.mx\/index.php\/wp-json\/wp\/v2\/posts\/24143\/revisions"}],"predecessor-version":[{"id":24145,"href":"https:\/\/fuentesfidedignas.com.mx\/index.php\/wp-json\/wp\/v2\/posts\/24143\/revisions\/24145"}],"wp:featuredmedia":[{"embeddable":true,"href":"https:\/\/fuentesfidedignas.com.mx\/index.php\/wp-json\/wp\/v2\/media\/24144"}],"wp:attachment":[{"href":"https:\/\/fuentesfidedignas.com.mx\/index.php\/wp-json\/wp\/v2\/media?parent=24143"}],"wp:term":[{"taxonomy":"category","embeddable":true,"href":"https:\/\/fuentesfidedignas.com.mx\/index.php\/wp-json\/wp\/v2\/categories?post=24143"},{"taxonomy":"post_tag","embeddable":true,"href":"https:\/\/fuentesfidedignas.com.mx\/index.php\/wp-json\/wp\/v2\/tags?post=24143"}],"curies":[{"name":"wp","href":"https:\/\/api.w.org\/{rel}","templated":true}]}}