{"id":24102,"date":"2022-02-15T16:08:17","date_gmt":"2022-02-15T23:08:17","guid":{"rendered":"https:\/\/fuentesfidedignas.com.mx\/?p=24102"},"modified":"2022-02-15T16:09:18","modified_gmt":"2022-02-15T23:09:18","slug":"atencion-mamas-papas-y-tutores-habra-mas-tiempo-para-preinscribir","status":"publish","type":"post","link":"https:\/\/fuentesfidedignas.com.mx\/index.php\/2022\/02\/15\/atencion-mamas-papas-y-tutores-habra-mas-tiempo-para-preinscribir\/","title":{"rendered":"\u00a1Atenci\u00f3n, mam\u00e1s, pap\u00e1s y tutores! Habr\u00e1 m\u00e1s tiempo para preinscribir"},"content":{"rendered":"\n<p><em><strong>La secretaria de Educaci\u00f3n, Graciela Dom\u00ednguez Nava, inform\u00f3 que la plataforma estar\u00e1 abierta hasta el viernes 18 de febrero<\/strong><\/em><\/p>\n\n\n\n<p>Culiac\u00e1n, Sin.- La tercera y \u00faltima etapa de las preinscripciones en l\u00ednea para preescolar, primaria y secundaria en Sinaloa permanecer\u00e1 abierta hasta el 18 de febrero.<\/p>\n\n\n\n<p>La titular de la Secretar\u00eda de Educaci\u00f3n P\u00fablica y Cultura (SEPyC), Graciela Dom\u00ednguez Nava, coment\u00f3 que la intensi\u00f3n es evitar que los padres de familia y tutores que a\u00fan no realizan la preinscripci\u00f3n se sientan presionados y realicen el tr\u00e1mite con tranquilidad. Incluso, si tienen alguna complicaci\u00f3n puedan acudir a las oficinas regionales, o bien a las instalaciones de la Secretar\u00eda.<\/p>\n\n\n\n<p>\u201cLas preinscripciones no han cerrado, esta es la \u00faltima semana. Ten\u00edamos planeado que fuera hasta el 16 de febrero, pero vamos a ampliarlo hasta el 18 de febrero para que esto no genere presiones en quienes todav\u00eda no lo han hecho\u201d dijo.<\/p>\n\n\n\n<p>La secretaria de educaci\u00f3n coment\u00f3 que las dos primeras etapas, \u201cPor principio de orden\u201d y \u201cCercan\u00eda\u201d, transcurrieron bien y que en total se preinscribieron 73 mil 242 ni\u00f1as, ni\u00f1os y adolescentes.<\/p>\n\n\n\n<p>En la primera etapa, \u201cPor principio de orden\u201d, que estuvo vigente del 01 al 04 de febrero, se registraron 11 mil 224 menores de nuevo ingreso, de los cuales 1 mil 250 fueron el preescolar, 6 mil 094 en primaria y 3 mil 877 en secundaria.<\/p>\n\n\n\n<p>En el caso de la segunda etapa de \u201cCercan\u00eda\u201d, que estuvo abierta del 08 al 11 de febrero, se preinscribieron 61 mil 262 estudiantes. De estos, 19 mil 500 fueron en preescolar, 17 mil 919 en primaria y 24 mil 443 en secundaria.<\/p>\n\n\n\n<p>En el caso de la tercera etapa, \u201cTodos\u201d, al corte de las 12:00 horas del martes 15 de febrero suman 5 mil 447 preinscritos. De estos, 1 mil 529 son de preescolar, un mil 456 de primaria y 2 mil 462 de secundaria.<\/p>\n\n\n\n<p>Para realizar la preinscripci\u00f3n se debe ingresar a la p\u00e1gina <a href=\"http:\/\/presincripcionessinaloa.gob.mx\">presincripcionessinaloa.gob.mx<\/a>. En caso de dudas sobre el proceso se pueden comunicar el centro de atenci\u00f3n telef\u00f3nica en el 667 846 42 40, de lunes a viernes de 8:00 a 15:00 horas, o bien acudir a las unidades de apoyo que se han habilitado en los 18 municipios y a las instalaciones de la SEPyC.<\/p>\n\n\n\n<p>\u201cSeguimos haciendo la invitaci\u00f3n para que acudan. Si no lo pueden hacer en l\u00ednea por alguna dificultad pueden acudir a las oficinas que tenemos en Servicios Regionales y aqu\u00ed en SEPyC, en Culiac\u00e1n\u201d, dijo.<\/p>\n\n\n\n<figure class=\"wp-block-image size-large\"><img decoding=\"async\" width=\"823\" height=\"1280\" src=\"https:\/\/fuentesfidedignas.com.mx\/wp-content\/uploads\/2022\/02\/IMG-20220215-WA0043.jpg\" alt=\"\" class=\"wp-image-24105\"\/><\/figure>\n","protected":false},"excerpt":{"rendered":"<p>La secretaria de Educaci\u00f3n, Graciela Dom\u00ednguez Nava, inform\u00f3 que la plataforma estar\u00e1 abierta hasta el viernes 18 de febrero Culiac\u00e1n, Sin.- La tercera y \u00faltima etapa de las preinscripciones en l\u00ednea para preescolar, primaria y secundaria en Sinaloa permanecer\u00e1 abierta hasta el 18 de febrero. La titular de la Secretar\u00eda de Educaci\u00f3n P\u00fablica y Cultura [&hellip;]<\/p>\n","protected":false},"author":4,"featured_media":24104,"comment_status":"open","ping_status":"open","sticky":false,"template":"","format":"standard","meta":{"tdm_status":"","tdm_grid_status":"","footnotes":""},"categories":[37],"tags":[753,766],"class_list":{"0":"post-24102","1":"post","2":"type-post","3":"status-publish","4":"format-standard","5":"has-post-thumbnail","7":"category-nota-principal","8":"tag-preinscripciones-en-linea","9":"tag-secretaria-de-educacion-publica-y-cultura"},"yoast_head":"<!-- This site is optimized with the Yoast SEO plugin v27.5 - https:\/\/yoast.com\/product\/yoast-seo-wordpress\/ -->\n<title>\u00a1Atenci\u00f3n, mam\u00e1s, pap\u00e1s y tutores! Habr\u00e1 m\u00e1s tiempo para preinscribir - Fuentes Fidedignas<\/title>\n<meta name=\"robots\" content=\"index, follow, max-snippet:-1, max-image-preview:large, max-video-preview:-1\" \/>\n<link rel=\"canonical\" href=\"https:\/\/fuentesfidedignas.com.mx\/index.php\/2022\/02\/15\/atencion-mamas-papas-y-tutores-habra-mas-tiempo-para-preinscribir\/\" \/>\n<meta property=\"og:locale\" content=\"es_MX\" \/>\n<meta property=\"og:type\" content=\"article\" \/>\n<meta property=\"og:title\" content=\"\u00a1Atenci\u00f3n, mam\u00e1s, pap\u00e1s y tutores! Habr\u00e1 m\u00e1s tiempo para preinscribir - Fuentes Fidedignas\" \/>\n<meta property=\"og:description\" content=\"La secretaria de Educaci\u00f3n, Graciela Dom\u00ednguez Nava, inform\u00f3 que la plataforma estar\u00e1 abierta hasta el viernes 18 de febrero Culiac\u00e1n, Sin.- La tercera y \u00faltima etapa de las preinscripciones en l\u00ednea para preescolar, primaria y secundaria en Sinaloa permanecer\u00e1 abierta hasta el 18 de febrero. La titular de la Secretar\u00eda de Educaci\u00f3n P\u00fablica y Cultura [&hellip;]\" \/>\n<meta property=\"og:url\" content=\"https:\/\/fuentesfidedignas.com.mx\/index.php\/2022\/02\/15\/atencion-mamas-papas-y-tutores-habra-mas-tiempo-para-preinscribir\/\" \/>\n<meta property=\"og:site_name\" content=\"Fuentes Fidedignas\" \/>\n<meta property=\"article:publisher\" content=\"https:\/\/www.facebook.com\/Fuentes-Fidedignas-368234489921644\" \/>\n<meta property=\"article:published_time\" content=\"2022-02-15T23:08:17+00:00\" \/>\n<meta property=\"article:modified_time\" content=\"2022-02-15T23:09:18+00:00\" \/>\n<meta property=\"og:image\" content=\"https:\/\/fuentesfidedignas.com.mx\/wp-content\/uploads\/2022\/02\/IMG-20220215-WA0045.jpg\" \/>\n\t<meta property=\"og:image:width\" content=\"1024\" \/>\n\t<meta property=\"og:image:height\" content=\"682\" \/>\n\t<meta property=\"og:image:type\" content=\"image\/jpeg\" \/>\n<meta name=\"author\" content=\"Redacci\u00f3n\" \/>\n<meta name=\"twitter:card\" content=\"summary_large_image\" \/>\n<meta name=\"twitter:creator\" content=\"@fidedignas\" \/>\n<meta name=\"twitter:site\" content=\"@fidedignas\" \/>\n<meta name=\"twitter:label1\" content=\"Escrito por\" \/>\n\t<meta name=\"twitter:data1\" content=\"Redacci\u00f3n\" \/>\n\t<meta name=\"twitter:label2\" content=\"Tiempo de lectura\" \/>\n\t<meta name=\"twitter:data2\" content=\"2 minutos\" \/>\n<script type=\"application\/ld+json\" class=\"yoast-schema-graph\">{\"@context\":\"https:\\\/\\\/schema.org\",\"@graph\":[{\"@type\":\"Article\",\"@id\":\"https:\\\/\\\/fuentesfidedignas.com.mx\\\/index.php\\\/2022\\\/02\\\/15\\\/atencion-mamas-papas-y-tutores-habra-mas-tiempo-para-preinscribir\\\/#article\",\"isPartOf\":{\"@id\":\"https:\\\/\\\/fuentesfidedignas.com.mx\\\/index.php\\\/2022\\\/02\\\/15\\\/atencion-mamas-papas-y-tutores-habra-mas-tiempo-para-preinscribir\\\/\"},\"author\":{\"name\":\"Redacci\u00f3n\",\"@id\":\"https:\\\/\\\/fuentesfidedignas.com.mx\\\/#\\\/schema\\\/person\\\/331be9283d37198e2acd5750279085b0\"},\"headline\":\"\u00a1Atenci\u00f3n, mam\u00e1s, pap\u00e1s y tutores! Habr\u00e1 m\u00e1s tiempo para preinscribir\",\"datePublished\":\"2022-02-15T23:08:17+00:00\",\"dateModified\":\"2022-02-15T23:09:18+00:00\",\"mainEntityOfPage\":{\"@id\":\"https:\\\/\\\/fuentesfidedignas.com.mx\\\/index.php\\\/2022\\\/02\\\/15\\\/atencion-mamas-papas-y-tutores-habra-mas-tiempo-para-preinscribir\\\/\"},\"wordCount\":412,\"commentCount\":0,\"publisher\":{\"@id\":\"https:\\\/\\\/fuentesfidedignas.com.mx\\\/#organization\"},\"image\":{\"@id\":\"https:\\\/\\\/fuentesfidedignas.com.mx\\\/index.php\\\/2022\\\/02\\\/15\\\/atencion-mamas-papas-y-tutores-habra-mas-tiempo-para-preinscribir\\\/#primaryimage\"},\"thumbnailUrl\":\"https:\\\/\\\/fuentesfidedignas.com.mx\\\/wp-content\\\/uploads\\\/2022\\\/02\\\/IMG-20220215-WA0045.jpg\",\"keywords\":[\"Preinscripciones en L\u00ednea\",\"Secretar\u00eda de Educaci\u00f3n P\u00fablica y Cultura\"],\"articleSection\":[\"NOTA PRINCIPAL\"],\"inLanguage\":\"es\",\"potentialAction\":[{\"@type\":\"CommentAction\",\"name\":\"Comment\",\"target\":[\"https:\\\/\\\/fuentesfidedignas.com.mx\\\/index.php\\\/2022\\\/02\\\/15\\\/atencion-mamas-papas-y-tutores-habra-mas-tiempo-para-preinscribir\\\/#respond\"]}]},{\"@type\":\"WebPage\",\"@id\":\"https:\\\/\\\/fuentesfidedignas.com.mx\\\/index.php\\\/2022\\\/02\\\/15\\\/atencion-mamas-papas-y-tutores-habra-mas-tiempo-para-preinscribir\\\/\",\"url\":\"https:\\\/\\\/fuentesfidedignas.com.mx\\\/index.php\\\/2022\\\/02\\\/15\\\/atencion-mamas-papas-y-tutores-habra-mas-tiempo-para-preinscribir\\\/\",\"name\":\"\u00a1Atenci\u00f3n, mam\u00e1s, pap\u00e1s y tutores! Habr\u00e1 m\u00e1s tiempo para preinscribir - Fuentes Fidedignas\",\"isPartOf\":{\"@id\":\"https:\\\/\\\/fuentesfidedignas.com.mx\\\/#website\"},\"primaryImageOfPage\":{\"@id\":\"https:\\\/\\\/fuentesfidedignas.com.mx\\\/index.php\\\/2022\\\/02\\\/15\\\/atencion-mamas-papas-y-tutores-habra-mas-tiempo-para-preinscribir\\\/#primaryimage\"},\"image\":{\"@id\":\"https:\\\/\\\/fuentesfidedignas.com.mx\\\/index.php\\\/2022\\\/02\\\/15\\\/atencion-mamas-papas-y-tutores-habra-mas-tiempo-para-preinscribir\\\/#primaryimage\"},\"thumbnailUrl\":\"https:\\\/\\\/fuentesfidedignas.com.mx\\\/wp-content\\\/uploads\\\/2022\\\/02\\\/IMG-20220215-WA0045.jpg\",\"datePublished\":\"2022-02-15T23:08:17+00:00\",\"dateModified\":\"2022-02-15T23:09:18+00:00\",\"breadcrumb\":{\"@id\":\"https:\\\/\\\/fuentesfidedignas.com.mx\\\/index.php\\\/2022\\\/02\\\/15\\\/atencion-mamas-papas-y-tutores-habra-mas-tiempo-para-preinscribir\\\/#breadcrumb\"},\"inLanguage\":\"es\",\"potentialAction\":[{\"@type\":\"ReadAction\",\"target\":[\"https:\\\/\\\/fuentesfidedignas.com.mx\\\/index.php\\\/2022\\\/02\\\/15\\\/atencion-mamas-papas-y-tutores-habra-mas-tiempo-para-preinscribir\\\/\"]}]},{\"@type\":\"ImageObject\",\"inLanguage\":\"es\",\"@id\":\"https:\\\/\\\/fuentesfidedignas.com.mx\\\/index.php\\\/2022\\\/02\\\/15\\\/atencion-mamas-papas-y-tutores-habra-mas-tiempo-para-preinscribir\\\/#primaryimage\",\"url\":\"https:\\\/\\\/fuentesfidedignas.com.mx\\\/wp-content\\\/uploads\\\/2022\\\/02\\\/IMG-20220215-WA0045.jpg\",\"contentUrl\":\"https:\\\/\\\/fuentesfidedignas.com.mx\\\/wp-content\\\/uploads\\\/2022\\\/02\\\/IMG-20220215-WA0045.jpg\",\"width\":1024,\"height\":682},{\"@type\":\"BreadcrumbList\",\"@id\":\"https:\\\/\\\/fuentesfidedignas.com.mx\\\/index.php\\\/2022\\\/02\\\/15\\\/atencion-mamas-papas-y-tutores-habra-mas-tiempo-para-preinscribir\\\/#breadcrumb\",\"itemListElement\":[{\"@type\":\"ListItem\",\"position\":1,\"name\":\"Inicio\",\"item\":\"https:\\\/\\\/fuentesfidedignas.com.mx\\\/\"},{\"@type\":\"ListItem\",\"position\":2,\"name\":\"\u00a1Atenci\u00f3n, mam\u00e1s, pap\u00e1s y tutores! Habr\u00e1 m\u00e1s tiempo para preinscribir\"}]},{\"@type\":\"WebSite\",\"@id\":\"https:\\\/\\\/fuentesfidedignas.com.mx\\\/#website\",\"url\":\"https:\\\/\\\/fuentesfidedignas.com.mx\\\/\",\"name\":\"Fuentes Fidedignas\",\"description\":\"Otro sitio realizado con WordPress\",\"publisher\":{\"@id\":\"https:\\\/\\\/fuentesfidedignas.com.mx\\\/#organization\"},\"potentialAction\":[{\"@type\":\"SearchAction\",\"target\":{\"@type\":\"EntryPoint\",\"urlTemplate\":\"https:\\\/\\\/fuentesfidedignas.com.mx\\\/?s={search_term_string}\"},\"query-input\":{\"@type\":\"PropertyValueSpecification\",\"valueRequired\":true,\"valueName\":\"search_term_string\"}}],\"inLanguage\":\"es\"},{\"@type\":\"Organization\",\"@id\":\"https:\\\/\\\/fuentesfidedignas.com.mx\\\/#organization\",\"name\":\"Fuentes Fidedignas\",\"url\":\"https:\\\/\\\/fuentesfidedignas.com.mx\\\/\",\"logo\":{\"@type\":\"ImageObject\",\"inLanguage\":\"es\",\"@id\":\"https:\\\/\\\/fuentesfidedignas.com.mx\\\/#\\\/schema\\\/logo\\\/image\\\/\",\"url\":\"https:\\\/\\\/fuentesfidedignas.com.mx\\\/wp-content\\\/uploads\\\/2021\\\/04\\\/logo-retina.png\",\"contentUrl\":\"https:\\\/\\\/fuentesfidedignas.com.mx\\\/wp-content\\\/uploads\\\/2021\\\/04\\\/logo-retina.png\",\"width\":280,\"height\":51,\"caption\":\"Fuentes Fidedignas\"},\"image\":{\"@id\":\"https:\\\/\\\/fuentesfidedignas.com.mx\\\/#\\\/schema\\\/logo\\\/image\\\/\"},\"sameAs\":[\"https:\\\/\\\/www.facebook.com\\\/Fuentes-Fidedignas-368234489921644\",\"https:\\\/\\\/x.com\\\/fidedignas\"]},{\"@type\":\"Person\",\"@id\":\"https:\\\/\\\/fuentesfidedignas.com.mx\\\/#\\\/schema\\\/person\\\/331be9283d37198e2acd5750279085b0\",\"name\":\"Redacci\u00f3n\",\"image\":{\"@type\":\"ImageObject\",\"inLanguage\":\"es\",\"@id\":\"https:\\\/\\\/secure.gravatar.com\\\/avatar\\\/f6d8782c11d12b2d4ad3fbb6931aeab5309937a4d6cd2fc9cfaa28a6396a5aec?s=96&d=mm&r=g\",\"url\":\"https:\\\/\\\/secure.gravatar.com\\\/avatar\\\/f6d8782c11d12b2d4ad3fbb6931aeab5309937a4d6cd2fc9cfaa28a6396a5aec?s=96&d=mm&r=g\",\"contentUrl\":\"https:\\\/\\\/secure.gravatar.com\\\/avatar\\\/f6d8782c11d12b2d4ad3fbb6931aeab5309937a4d6cd2fc9cfaa28a6396a5aec?s=96&d=mm&r=g\",\"caption\":\"Redacci\u00f3n\"},\"url\":\"https:\\\/\\\/fuentesfidedignas.com.mx\\\/index.php\\\/author\\\/redaccion\\\/\"}]}<\/script>\n<!-- \/ Yoast SEO plugin. -->","yoast_head_json":{"title":"\u00a1Atenci\u00f3n, mam\u00e1s, pap\u00e1s y tutores! Habr\u00e1 m\u00e1s tiempo para preinscribir - Fuentes Fidedignas","robots":{"index":"index","follow":"follow","max-snippet":"max-snippet:-1","max-image-preview":"max-image-preview:large","max-video-preview":"max-video-preview:-1"},"canonical":"https:\/\/fuentesfidedignas.com.mx\/index.php\/2022\/02\/15\/atencion-mamas-papas-y-tutores-habra-mas-tiempo-para-preinscribir\/","og_locale":"es_MX","og_type":"article","og_title":"\u00a1Atenci\u00f3n, mam\u00e1s, pap\u00e1s y tutores! Habr\u00e1 m\u00e1s tiempo para preinscribir - Fuentes Fidedignas","og_description":"La secretaria de Educaci\u00f3n, Graciela Dom\u00ednguez Nava, inform\u00f3 que la plataforma estar\u00e1 abierta hasta el viernes 18 de febrero Culiac\u00e1n, Sin.- La tercera y \u00faltima etapa de las preinscripciones en l\u00ednea para preescolar, primaria y secundaria en Sinaloa permanecer\u00e1 abierta hasta el 18 de febrero. La titular de la Secretar\u00eda de Educaci\u00f3n P\u00fablica y Cultura [&hellip;]","og_url":"https:\/\/fuentesfidedignas.com.mx\/index.php\/2022\/02\/15\/atencion-mamas-papas-y-tutores-habra-mas-tiempo-para-preinscribir\/","og_site_name":"Fuentes Fidedignas","article_publisher":"https:\/\/www.facebook.com\/Fuentes-Fidedignas-368234489921644","article_published_time":"2022-02-15T23:08:17+00:00","article_modified_time":"2022-02-15T23:09:18+00:00","og_image":[{"width":1024,"height":682,"url":"https:\/\/fuentesfidedignas.com.mx\/wp-content\/uploads\/2022\/02\/IMG-20220215-WA0045.jpg","type":"image\/jpeg"}],"author":"Redacci\u00f3n","twitter_card":"summary_large_image","twitter_creator":"@fidedignas","twitter_site":"@fidedignas","twitter_misc":{"Escrito por":"Redacci\u00f3n","Tiempo de lectura":"2 minutos"},"schema":{"@context":"https:\/\/schema.org","@graph":[{"@type":"Article","@id":"https:\/\/fuentesfidedignas.com.mx\/index.php\/2022\/02\/15\/atencion-mamas-papas-y-tutores-habra-mas-tiempo-para-preinscribir\/#article","isPartOf":{"@id":"https:\/\/fuentesfidedignas.com.mx\/index.php\/2022\/02\/15\/atencion-mamas-papas-y-tutores-habra-mas-tiempo-para-preinscribir\/"},"author":{"name":"Redacci\u00f3n","@id":"https:\/\/fuentesfidedignas.com.mx\/#\/schema\/person\/331be9283d37198e2acd5750279085b0"},"headline":"\u00a1Atenci\u00f3n, mam\u00e1s, pap\u00e1s y tutores! Habr\u00e1 m\u00e1s tiempo para preinscribir","datePublished":"2022-02-15T23:08:17+00:00","dateModified":"2022-02-15T23:09:18+00:00","mainEntityOfPage":{"@id":"https:\/\/fuentesfidedignas.com.mx\/index.php\/2022\/02\/15\/atencion-mamas-papas-y-tutores-habra-mas-tiempo-para-preinscribir\/"},"wordCount":412,"commentCount":0,"publisher":{"@id":"https:\/\/fuentesfidedignas.com.mx\/#organization"},"image":{"@id":"https:\/\/fuentesfidedignas.com.mx\/index.php\/2022\/02\/15\/atencion-mamas-papas-y-tutores-habra-mas-tiempo-para-preinscribir\/#primaryimage"},"thumbnailUrl":"https:\/\/fuentesfidedignas.com.mx\/wp-content\/uploads\/2022\/02\/IMG-20220215-WA0045.jpg","keywords":["Preinscripciones en L\u00ednea","Secretar\u00eda de Educaci\u00f3n P\u00fablica y Cultura"],"articleSection":["NOTA PRINCIPAL"],"inLanguage":"es","potentialAction":[{"@type":"CommentAction","name":"Comment","target":["https:\/\/fuentesfidedignas.com.mx\/index.php\/2022\/02\/15\/atencion-mamas-papas-y-tutores-habra-mas-tiempo-para-preinscribir\/#respond"]}]},{"@type":"WebPage","@id":"https:\/\/fuentesfidedignas.com.mx\/index.php\/2022\/02\/15\/atencion-mamas-papas-y-tutores-habra-mas-tiempo-para-preinscribir\/","url":"https:\/\/fuentesfidedignas.com.mx\/index.php\/2022\/02\/15\/atencion-mamas-papas-y-tutores-habra-mas-tiempo-para-preinscribir\/","name":"\u00a1Atenci\u00f3n, mam\u00e1s, pap\u00e1s y tutores! Habr\u00e1 m\u00e1s tiempo para preinscribir - Fuentes Fidedignas","isPartOf":{"@id":"https:\/\/fuentesfidedignas.com.mx\/#website"},"primaryImageOfPage":{"@id":"https:\/\/fuentesfidedignas.com.mx\/index.php\/2022\/02\/15\/atencion-mamas-papas-y-tutores-habra-mas-tiempo-para-preinscribir\/#primaryimage"},"image":{"@id":"https:\/\/fuentesfidedignas.com.mx\/index.php\/2022\/02\/15\/atencion-mamas-papas-y-tutores-habra-mas-tiempo-para-preinscribir\/#primaryimage"},"thumbnailUrl":"https:\/\/fuentesfidedignas.com.mx\/wp-content\/uploads\/2022\/02\/IMG-20220215-WA0045.jpg","datePublished":"2022-02-15T23:08:17+00:00","dateModified":"2022-02-15T23:09:18+00:00","breadcrumb":{"@id":"https:\/\/fuentesfidedignas.com.mx\/index.php\/2022\/02\/15\/atencion-mamas-papas-y-tutores-habra-mas-tiempo-para-preinscribir\/#breadcrumb"},"inLanguage":"es","potentialAction":[{"@type":"ReadAction","target":["https:\/\/fuentesfidedignas.com.mx\/index.php\/2022\/02\/15\/atencion-mamas-papas-y-tutores-habra-mas-tiempo-para-preinscribir\/"]}]},{"@type":"ImageObject","inLanguage":"es","@id":"https:\/\/fuentesfidedignas.com.mx\/index.php\/2022\/02\/15\/atencion-mamas-papas-y-tutores-habra-mas-tiempo-para-preinscribir\/#primaryimage","url":"https:\/\/fuentesfidedignas.com.mx\/wp-content\/uploads\/2022\/02\/IMG-20220215-WA0045.jpg","contentUrl":"https:\/\/fuentesfidedignas.com.mx\/wp-content\/uploads\/2022\/02\/IMG-20220215-WA0045.jpg","width":1024,"height":682},{"@type":"BreadcrumbList","@id":"https:\/\/fuentesfidedignas.com.mx\/index.php\/2022\/02\/15\/atencion-mamas-papas-y-tutores-habra-mas-tiempo-para-preinscribir\/#breadcrumb","itemListElement":[{"@type":"ListItem","position":1,"name":"Inicio","item":"https:\/\/fuentesfidedignas.com.mx\/"},{"@type":"ListItem","position":2,"name":"\u00a1Atenci\u00f3n, mam\u00e1s, pap\u00e1s y tutores! Habr\u00e1 m\u00e1s tiempo para preinscribir"}]},{"@type":"WebSite","@id":"https:\/\/fuentesfidedignas.com.mx\/#website","url":"https:\/\/fuentesfidedignas.com.mx\/","name":"Fuentes Fidedignas","description":"Otro sitio realizado con WordPress","publisher":{"@id":"https:\/\/fuentesfidedignas.com.mx\/#organization"},"potentialAction":[{"@type":"SearchAction","target":{"@type":"EntryPoint","urlTemplate":"https:\/\/fuentesfidedignas.com.mx\/?s={search_term_string}"},"query-input":{"@type":"PropertyValueSpecification","valueRequired":true,"valueName":"search_term_string"}}],"inLanguage":"es"},{"@type":"Organization","@id":"https:\/\/fuentesfidedignas.com.mx\/#organization","name":"Fuentes Fidedignas","url":"https:\/\/fuentesfidedignas.com.mx\/","logo":{"@type":"ImageObject","inLanguage":"es","@id":"https:\/\/fuentesfidedignas.com.mx\/#\/schema\/logo\/image\/","url":"https:\/\/fuentesfidedignas.com.mx\/wp-content\/uploads\/2021\/04\/logo-retina.png","contentUrl":"https:\/\/fuentesfidedignas.com.mx\/wp-content\/uploads\/2021\/04\/logo-retina.png","width":280,"height":51,"caption":"Fuentes Fidedignas"},"image":{"@id":"https:\/\/fuentesfidedignas.com.mx\/#\/schema\/logo\/image\/"},"sameAs":["https:\/\/www.facebook.com\/Fuentes-Fidedignas-368234489921644","https:\/\/x.com\/fidedignas"]},{"@type":"Person","@id":"https:\/\/fuentesfidedignas.com.mx\/#\/schema\/person\/331be9283d37198e2acd5750279085b0","name":"Redacci\u00f3n","image":{"@type":"ImageObject","inLanguage":"es","@id":"https:\/\/secure.gravatar.com\/avatar\/f6d8782c11d12b2d4ad3fbb6931aeab5309937a4d6cd2fc9cfaa28a6396a5aec?s=96&d=mm&r=g","url":"https:\/\/secure.gravatar.com\/avatar\/f6d8782c11d12b2d4ad3fbb6931aeab5309937a4d6cd2fc9cfaa28a6396a5aec?s=96&d=mm&r=g","contentUrl":"https:\/\/secure.gravatar.com\/avatar\/f6d8782c11d12b2d4ad3fbb6931aeab5309937a4d6cd2fc9cfaa28a6396a5aec?s=96&d=mm&r=g","caption":"Redacci\u00f3n"},"url":"https:\/\/fuentesfidedignas.com.mx\/index.php\/author\/redaccion\/"}]}},"_links":{"self":[{"href":"https:\/\/fuentesfidedignas.com.mx\/index.php\/wp-json\/wp\/v2\/posts\/24102","targetHints":{"allow":["GET"]}}],"collection":[{"href":"https:\/\/fuentesfidedignas.com.mx\/index.php\/wp-json\/wp\/v2\/posts"}],"about":[{"href":"https:\/\/fuentesfidedignas.com.mx\/index.php\/wp-json\/wp\/v2\/types\/post"}],"author":[{"embeddable":true,"href":"https:\/\/fuentesfidedignas.com.mx\/index.php\/wp-json\/wp\/v2\/users\/4"}],"replies":[{"embeddable":true,"href":"https:\/\/fuentesfidedignas.com.mx\/index.php\/wp-json\/wp\/v2\/comments?post=24102"}],"version-history":[{"count":2,"href":"https:\/\/fuentesfidedignas.com.mx\/index.php\/wp-json\/wp\/v2\/posts\/24102\/revisions"}],"predecessor-version":[{"id":24106,"href":"https:\/\/fuentesfidedignas.com.mx\/index.php\/wp-json\/wp\/v2\/posts\/24102\/revisions\/24106"}],"wp:featuredmedia":[{"embeddable":true,"href":"https:\/\/fuentesfidedignas.com.mx\/index.php\/wp-json\/wp\/v2\/media\/24104"}],"wp:attachment":[{"href":"https:\/\/fuentesfidedignas.com.mx\/index.php\/wp-json\/wp\/v2\/media?parent=24102"}],"wp:term":[{"taxonomy":"category","embeddable":true,"href":"https:\/\/fuentesfidedignas.com.mx\/index.php\/wp-json\/wp\/v2\/categories?post=24102"},{"taxonomy":"post_tag","embeddable":true,"href":"https:\/\/fuentesfidedignas.com.mx\/index.php\/wp-json\/wp\/v2\/tags?post=24102"}],"curies":[{"name":"wp","href":"https:\/\/api.w.org\/{rel}","templated":true}]}}