{"id":24088,"date":"2022-02-15T13:18:10","date_gmt":"2022-02-15T20:18:10","guid":{"rendered":"https:\/\/fuentesfidedignas.com.mx\/?p=24088"},"modified":"2022-02-15T13:18:56","modified_gmt":"2022-02-15T20:18:56","slug":"reprobado-rocha-en-sus-primeros-100-dias-de-gobierno-sergio-torres","status":"publish","type":"post","link":"https:\/\/fuentesfidedignas.com.mx\/index.php\/2022\/02\/15\/reprobado-rocha-en-sus-primeros-100-dias-de-gobierno-sergio-torres\/","title":{"rendered":"Reprobado Rocha en sus primeros 100 d\u00edas de gobierno: Sergio Torres"},"content":{"rendered":"\n<ul class=\"wp-block-list\"><li><strong><em>No se anima a suspender el carnaval de Mazatl\u00e1n, afirma el dirigente de Movimiento Ciudadano <\/em><\/strong><\/li><\/ul>\n\n\n\n<p>Culiac\u00e1n, Sin.- En Sinaloa tenemos un gobernador que a todos dice que &#8220;ya mero&#8221; se atreve a gobernar, a nivel nacional un presidente que se pelea con todos y persigue, con todo el aparato gubernamental, a quien no le aplaude, y en Culiac\u00e1n un alcalde que no est\u00e1 completo, que s\u00f3lo busca fregar a la ciudadan\u00eda, declar\u00f3 Sergio Torres, l\u00edder de Movimiento Ciudadano en Sinaloa.<\/p>\n\n\n\n<p>En su Conferencia Naranja, dijo que Rocha Moya insiste con que ya mero dar\u00e1 respuestas, en tanto no se atreve a suspender el Carnaval de Mazatl\u00e1n, al parecer por miedo a que el qu\u00edmico Benitez &#8220;lo acuse&#8221; con L\u00f3pez Obrador, ni tampoco tiene respuesta a los problemas del sectores productivos, magisterial, m\u00e9dico, ni de nada que ayude al desarrollo y bienestar de sinaloenses.<\/p>\n\n\n\n<p>De la visita del secretario de agricultura, director de Segalmex y el de la financiera rural, que acuden a analizar con productores la comercializaci\u00f3n de cosechas, por cierto en reuni\u00f3n a puerta cerrada, &#8220;en lo oscurito&#8221;, expres\u00f3 Sergio Torres: ojal\u00e1 me equivoque, pero la verdad, no creo arreglen nada, ser\u00e1 simple turismo pol\u00edtico.<\/p>\n\n\n\n<p>Esto, aclar\u00f3, porque los secretarios y funcionarios del gabinete federal no son tomados en cuenta por el L\u00f3pez Obrador, no toman acuerdos, entonces pues, no pueden resolver nada. &#8220;Los miembros del gabinete andan como \u00e1nimas perdidas&#8221;.<\/p>\n\n\n\n<p>Fustig\u00f3 de nuevo la falta de soluciones en el sector m\u00e9dico, en el abasto de medicinas, que ya le cost\u00f3 un serio rega\u00f1o al director del hospital general, quien declar\u00f3 a medios de comunicaci\u00f3n que es de un 60 por ciento la falta de medicamentos. Hoy ning\u00fan directos de hospital p\u00fablico puede hacer declaraciones al respecto, por \u00f3rdenes de Rocha Moya.<\/p>\n\n\n\n<p>De la ciudad capital y su presidente municipal, pidi\u00f3 en firma respetuosa que el poder legislativo entre al ayuntamiento a revisar la suciedad y opacidad con que se gastan los recursos p\u00fablicos, calific\u00f3 a Estrada Ferreiro de &#8220;no est\u00e1 completo&#8221;, tan solo basta ver la controversia constitucional que promueve para &#8220;fregar&#8221; a culichis,y le pidi\u00f3 se ponga a trabajar y deje de lado su proyecto de convertirse en candidato a senador.<\/p>\n","protected":false},"excerpt":{"rendered":"<p>No se anima a suspender el carnaval de Mazatl\u00e1n, afirma el dirigente de Movimiento Ciudadano Culiac\u00e1n, Sin.- En Sinaloa tenemos un gobernador que a todos dice que &#8220;ya mero&#8221; se atreve a gobernar, a nivel nacional un presidente que se pelea con todos y persigue, con todo el aparato gubernamental, a quien no le aplaude, [&hellip;]<\/p>\n","protected":false},"author":4,"featured_media":24090,"comment_status":"open","ping_status":"open","sticky":false,"template":"","format":"standard","meta":{"tdm_status":"","tdm_grid_status":"","footnotes":""},"categories":[38],"tags":[226,52,224],"class_list":{"0":"post-24088","1":"post","2":"type-post","3":"status-publish","4":"format-standard","5":"has-post-thumbnail","7":"category-noticias-locales","8":"tag-movimiento-ciudadano","9":"tag-ruben-rocha-moya","10":"tag-sergio-torres-felix"},"yoast_head":"<!-- This site is optimized with the Yoast SEO plugin v27.5 - https:\/\/yoast.com\/product\/yoast-seo-wordpress\/ -->\n<title>Reprobado Rocha en sus primeros 100 d\u00edas de gobierno: Sergio Torres - Fuentes Fidedignas<\/title>\n<meta name=\"robots\" content=\"index, follow, max-snippet:-1, max-image-preview:large, max-video-preview:-1\" \/>\n<link rel=\"canonical\" href=\"https:\/\/fuentesfidedignas.com.mx\/index.php\/2022\/02\/15\/reprobado-rocha-en-sus-primeros-100-dias-de-gobierno-sergio-torres\/\" \/>\n<meta property=\"og:locale\" content=\"es_MX\" \/>\n<meta property=\"og:type\" content=\"article\" \/>\n<meta property=\"og:title\" content=\"Reprobado Rocha en sus primeros 100 d\u00edas de gobierno: Sergio Torres - Fuentes Fidedignas\" \/>\n<meta property=\"og:description\" content=\"No se anima a suspender el carnaval de Mazatl\u00e1n, afirma el dirigente de Movimiento Ciudadano Culiac\u00e1n, Sin.- En Sinaloa tenemos un gobernador que a todos dice que &#8220;ya mero&#8221; se atreve a gobernar, a nivel nacional un presidente que se pelea con todos y persigue, con todo el aparato gubernamental, a quien no le aplaude, [&hellip;]\" \/>\n<meta property=\"og:url\" content=\"https:\/\/fuentesfidedignas.com.mx\/index.php\/2022\/02\/15\/reprobado-rocha-en-sus-primeros-100-dias-de-gobierno-sergio-torres\/\" \/>\n<meta property=\"og:site_name\" content=\"Fuentes Fidedignas\" \/>\n<meta property=\"article:publisher\" content=\"https:\/\/www.facebook.com\/Fuentes-Fidedignas-368234489921644\" \/>\n<meta property=\"article:published_time\" content=\"2022-02-15T20:18:10+00:00\" \/>\n<meta property=\"article:modified_time\" content=\"2022-02-15T20:18:56+00:00\" \/>\n<meta property=\"og:image\" content=\"https:\/\/fuentesfidedignas.com.mx\/wp-content\/uploads\/2022\/02\/IMG-20220215-WA0010.jpg\" \/>\n\t<meta property=\"og:image:width\" content=\"1221\" \/>\n\t<meta property=\"og:image:height\" content=\"805\" \/>\n\t<meta property=\"og:image:type\" content=\"image\/jpeg\" \/>\n<meta name=\"author\" content=\"Redacci\u00f3n\" \/>\n<meta name=\"twitter:card\" content=\"summary_large_image\" \/>\n<meta name=\"twitter:creator\" content=\"@fidedignas\" \/>\n<meta name=\"twitter:site\" content=\"@fidedignas\" \/>\n<meta name=\"twitter:label1\" content=\"Escrito por\" \/>\n\t<meta name=\"twitter:data1\" content=\"Redacci\u00f3n\" \/>\n\t<meta name=\"twitter:label2\" content=\"Tiempo de lectura\" \/>\n\t<meta name=\"twitter:data2\" content=\"2 minutos\" \/>\n<script type=\"application\/ld+json\" class=\"yoast-schema-graph\">{\"@context\":\"https:\\\/\\\/schema.org\",\"@graph\":[{\"@type\":\"Article\",\"@id\":\"https:\\\/\\\/fuentesfidedignas.com.mx\\\/index.php\\\/2022\\\/02\\\/15\\\/reprobado-rocha-en-sus-primeros-100-dias-de-gobierno-sergio-torres\\\/#article\",\"isPartOf\":{\"@id\":\"https:\\\/\\\/fuentesfidedignas.com.mx\\\/index.php\\\/2022\\\/02\\\/15\\\/reprobado-rocha-en-sus-primeros-100-dias-de-gobierno-sergio-torres\\\/\"},\"author\":{\"name\":\"Redacci\u00f3n\",\"@id\":\"https:\\\/\\\/fuentesfidedignas.com.mx\\\/#\\\/schema\\\/person\\\/331be9283d37198e2acd5750279085b0\"},\"headline\":\"Reprobado Rocha en sus primeros 100 d\u00edas de gobierno: Sergio Torres\",\"datePublished\":\"2022-02-15T20:18:10+00:00\",\"dateModified\":\"2022-02-15T20:18:56+00:00\",\"mainEntityOfPage\":{\"@id\":\"https:\\\/\\\/fuentesfidedignas.com.mx\\\/index.php\\\/2022\\\/02\\\/15\\\/reprobado-rocha-en-sus-primeros-100-dias-de-gobierno-sergio-torres\\\/\"},\"wordCount\":396,\"commentCount\":0,\"publisher\":{\"@id\":\"https:\\\/\\\/fuentesfidedignas.com.mx\\\/#organization\"},\"image\":{\"@id\":\"https:\\\/\\\/fuentesfidedignas.com.mx\\\/index.php\\\/2022\\\/02\\\/15\\\/reprobado-rocha-en-sus-primeros-100-dias-de-gobierno-sergio-torres\\\/#primaryimage\"},\"thumbnailUrl\":\"https:\\\/\\\/fuentesfidedignas.com.mx\\\/wp-content\\\/uploads\\\/2022\\\/02\\\/IMG-20220215-WA0010.jpg\",\"keywords\":[\"Movimiento Ciudadano\",\"Rub\u00e9n Rocha Moya\",\"Sergio Torres F\u00e9lix\"],\"articleSection\":[\"NOTICIAS LOCALES\"],\"inLanguage\":\"es\",\"potentialAction\":[{\"@type\":\"CommentAction\",\"name\":\"Comment\",\"target\":[\"https:\\\/\\\/fuentesfidedignas.com.mx\\\/index.php\\\/2022\\\/02\\\/15\\\/reprobado-rocha-en-sus-primeros-100-dias-de-gobierno-sergio-torres\\\/#respond\"]}]},{\"@type\":\"WebPage\",\"@id\":\"https:\\\/\\\/fuentesfidedignas.com.mx\\\/index.php\\\/2022\\\/02\\\/15\\\/reprobado-rocha-en-sus-primeros-100-dias-de-gobierno-sergio-torres\\\/\",\"url\":\"https:\\\/\\\/fuentesfidedignas.com.mx\\\/index.php\\\/2022\\\/02\\\/15\\\/reprobado-rocha-en-sus-primeros-100-dias-de-gobierno-sergio-torres\\\/\",\"name\":\"Reprobado Rocha en sus primeros 100 d\u00edas de gobierno: Sergio Torres - Fuentes Fidedignas\",\"isPartOf\":{\"@id\":\"https:\\\/\\\/fuentesfidedignas.com.mx\\\/#website\"},\"primaryImageOfPage\":{\"@id\":\"https:\\\/\\\/fuentesfidedignas.com.mx\\\/index.php\\\/2022\\\/02\\\/15\\\/reprobado-rocha-en-sus-primeros-100-dias-de-gobierno-sergio-torres\\\/#primaryimage\"},\"image\":{\"@id\":\"https:\\\/\\\/fuentesfidedignas.com.mx\\\/index.php\\\/2022\\\/02\\\/15\\\/reprobado-rocha-en-sus-primeros-100-dias-de-gobierno-sergio-torres\\\/#primaryimage\"},\"thumbnailUrl\":\"https:\\\/\\\/fuentesfidedignas.com.mx\\\/wp-content\\\/uploads\\\/2022\\\/02\\\/IMG-20220215-WA0010.jpg\",\"datePublished\":\"2022-02-15T20:18:10+00:00\",\"dateModified\":\"2022-02-15T20:18:56+00:00\",\"breadcrumb\":{\"@id\":\"https:\\\/\\\/fuentesfidedignas.com.mx\\\/index.php\\\/2022\\\/02\\\/15\\\/reprobado-rocha-en-sus-primeros-100-dias-de-gobierno-sergio-torres\\\/#breadcrumb\"},\"inLanguage\":\"es\",\"potentialAction\":[{\"@type\":\"ReadAction\",\"target\":[\"https:\\\/\\\/fuentesfidedignas.com.mx\\\/index.php\\\/2022\\\/02\\\/15\\\/reprobado-rocha-en-sus-primeros-100-dias-de-gobierno-sergio-torres\\\/\"]}]},{\"@type\":\"ImageObject\",\"inLanguage\":\"es\",\"@id\":\"https:\\\/\\\/fuentesfidedignas.com.mx\\\/index.php\\\/2022\\\/02\\\/15\\\/reprobado-rocha-en-sus-primeros-100-dias-de-gobierno-sergio-torres\\\/#primaryimage\",\"url\":\"https:\\\/\\\/fuentesfidedignas.com.mx\\\/wp-content\\\/uploads\\\/2022\\\/02\\\/IMG-20220215-WA0010.jpg\",\"contentUrl\":\"https:\\\/\\\/fuentesfidedignas.com.mx\\\/wp-content\\\/uploads\\\/2022\\\/02\\\/IMG-20220215-WA0010.jpg\",\"width\":1221,\"height\":805},{\"@type\":\"BreadcrumbList\",\"@id\":\"https:\\\/\\\/fuentesfidedignas.com.mx\\\/index.php\\\/2022\\\/02\\\/15\\\/reprobado-rocha-en-sus-primeros-100-dias-de-gobierno-sergio-torres\\\/#breadcrumb\",\"itemListElement\":[{\"@type\":\"ListItem\",\"position\":1,\"name\":\"Inicio\",\"item\":\"https:\\\/\\\/fuentesfidedignas.com.mx\\\/\"},{\"@type\":\"ListItem\",\"position\":2,\"name\":\"Reprobado Rocha en sus primeros 100 d\u00edas de gobierno: Sergio Torres\"}]},{\"@type\":\"WebSite\",\"@id\":\"https:\\\/\\\/fuentesfidedignas.com.mx\\\/#website\",\"url\":\"https:\\\/\\\/fuentesfidedignas.com.mx\\\/\",\"name\":\"Fuentes Fidedignas\",\"description\":\"Otro sitio realizado con WordPress\",\"publisher\":{\"@id\":\"https:\\\/\\\/fuentesfidedignas.com.mx\\\/#organization\"},\"potentialAction\":[{\"@type\":\"SearchAction\",\"target\":{\"@type\":\"EntryPoint\",\"urlTemplate\":\"https:\\\/\\\/fuentesfidedignas.com.mx\\\/?s={search_term_string}\"},\"query-input\":{\"@type\":\"PropertyValueSpecification\",\"valueRequired\":true,\"valueName\":\"search_term_string\"}}],\"inLanguage\":\"es\"},{\"@type\":\"Organization\",\"@id\":\"https:\\\/\\\/fuentesfidedignas.com.mx\\\/#organization\",\"name\":\"Fuentes Fidedignas\",\"url\":\"https:\\\/\\\/fuentesfidedignas.com.mx\\\/\",\"logo\":{\"@type\":\"ImageObject\",\"inLanguage\":\"es\",\"@id\":\"https:\\\/\\\/fuentesfidedignas.com.mx\\\/#\\\/schema\\\/logo\\\/image\\\/\",\"url\":\"https:\\\/\\\/fuentesfidedignas.com.mx\\\/wp-content\\\/uploads\\\/2021\\\/04\\\/logo-retina.png\",\"contentUrl\":\"https:\\\/\\\/fuentesfidedignas.com.mx\\\/wp-content\\\/uploads\\\/2021\\\/04\\\/logo-retina.png\",\"width\":280,\"height\":51,\"caption\":\"Fuentes Fidedignas\"},\"image\":{\"@id\":\"https:\\\/\\\/fuentesfidedignas.com.mx\\\/#\\\/schema\\\/logo\\\/image\\\/\"},\"sameAs\":[\"https:\\\/\\\/www.facebook.com\\\/Fuentes-Fidedignas-368234489921644\",\"https:\\\/\\\/x.com\\\/fidedignas\"]},{\"@type\":\"Person\",\"@id\":\"https:\\\/\\\/fuentesfidedignas.com.mx\\\/#\\\/schema\\\/person\\\/331be9283d37198e2acd5750279085b0\",\"name\":\"Redacci\u00f3n\",\"image\":{\"@type\":\"ImageObject\",\"inLanguage\":\"es\",\"@id\":\"https:\\\/\\\/secure.gravatar.com\\\/avatar\\\/f6d8782c11d12b2d4ad3fbb6931aeab5309937a4d6cd2fc9cfaa28a6396a5aec?s=96&d=mm&r=g\",\"url\":\"https:\\\/\\\/secure.gravatar.com\\\/avatar\\\/f6d8782c11d12b2d4ad3fbb6931aeab5309937a4d6cd2fc9cfaa28a6396a5aec?s=96&d=mm&r=g\",\"contentUrl\":\"https:\\\/\\\/secure.gravatar.com\\\/avatar\\\/f6d8782c11d12b2d4ad3fbb6931aeab5309937a4d6cd2fc9cfaa28a6396a5aec?s=96&d=mm&r=g\",\"caption\":\"Redacci\u00f3n\"},\"url\":\"https:\\\/\\\/fuentesfidedignas.com.mx\\\/index.php\\\/author\\\/redaccion\\\/\"}]}<\/script>\n<!-- \/ Yoast SEO plugin. -->","yoast_head_json":{"title":"Reprobado Rocha en sus primeros 100 d\u00edas de gobierno: Sergio Torres - Fuentes Fidedignas","robots":{"index":"index","follow":"follow","max-snippet":"max-snippet:-1","max-image-preview":"max-image-preview:large","max-video-preview":"max-video-preview:-1"},"canonical":"https:\/\/fuentesfidedignas.com.mx\/index.php\/2022\/02\/15\/reprobado-rocha-en-sus-primeros-100-dias-de-gobierno-sergio-torres\/","og_locale":"es_MX","og_type":"article","og_title":"Reprobado Rocha en sus primeros 100 d\u00edas de gobierno: Sergio Torres - Fuentes Fidedignas","og_description":"No se anima a suspender el carnaval de Mazatl\u00e1n, afirma el dirigente de Movimiento Ciudadano Culiac\u00e1n, Sin.- En Sinaloa tenemos un gobernador que a todos dice que &#8220;ya mero&#8221; se atreve a gobernar, a nivel nacional un presidente que se pelea con todos y persigue, con todo el aparato gubernamental, a quien no le aplaude, [&hellip;]","og_url":"https:\/\/fuentesfidedignas.com.mx\/index.php\/2022\/02\/15\/reprobado-rocha-en-sus-primeros-100-dias-de-gobierno-sergio-torres\/","og_site_name":"Fuentes Fidedignas","article_publisher":"https:\/\/www.facebook.com\/Fuentes-Fidedignas-368234489921644","article_published_time":"2022-02-15T20:18:10+00:00","article_modified_time":"2022-02-15T20:18:56+00:00","og_image":[{"width":1221,"height":805,"url":"https:\/\/fuentesfidedignas.com.mx\/wp-content\/uploads\/2022\/02\/IMG-20220215-WA0010.jpg","type":"image\/jpeg"}],"author":"Redacci\u00f3n","twitter_card":"summary_large_image","twitter_creator":"@fidedignas","twitter_site":"@fidedignas","twitter_misc":{"Escrito por":"Redacci\u00f3n","Tiempo de lectura":"2 minutos"},"schema":{"@context":"https:\/\/schema.org","@graph":[{"@type":"Article","@id":"https:\/\/fuentesfidedignas.com.mx\/index.php\/2022\/02\/15\/reprobado-rocha-en-sus-primeros-100-dias-de-gobierno-sergio-torres\/#article","isPartOf":{"@id":"https:\/\/fuentesfidedignas.com.mx\/index.php\/2022\/02\/15\/reprobado-rocha-en-sus-primeros-100-dias-de-gobierno-sergio-torres\/"},"author":{"name":"Redacci\u00f3n","@id":"https:\/\/fuentesfidedignas.com.mx\/#\/schema\/person\/331be9283d37198e2acd5750279085b0"},"headline":"Reprobado Rocha en sus primeros 100 d\u00edas de gobierno: Sergio Torres","datePublished":"2022-02-15T20:18:10+00:00","dateModified":"2022-02-15T20:18:56+00:00","mainEntityOfPage":{"@id":"https:\/\/fuentesfidedignas.com.mx\/index.php\/2022\/02\/15\/reprobado-rocha-en-sus-primeros-100-dias-de-gobierno-sergio-torres\/"},"wordCount":396,"commentCount":0,"publisher":{"@id":"https:\/\/fuentesfidedignas.com.mx\/#organization"},"image":{"@id":"https:\/\/fuentesfidedignas.com.mx\/index.php\/2022\/02\/15\/reprobado-rocha-en-sus-primeros-100-dias-de-gobierno-sergio-torres\/#primaryimage"},"thumbnailUrl":"https:\/\/fuentesfidedignas.com.mx\/wp-content\/uploads\/2022\/02\/IMG-20220215-WA0010.jpg","keywords":["Movimiento Ciudadano","Rub\u00e9n Rocha Moya","Sergio Torres F\u00e9lix"],"articleSection":["NOTICIAS LOCALES"],"inLanguage":"es","potentialAction":[{"@type":"CommentAction","name":"Comment","target":["https:\/\/fuentesfidedignas.com.mx\/index.php\/2022\/02\/15\/reprobado-rocha-en-sus-primeros-100-dias-de-gobierno-sergio-torres\/#respond"]}]},{"@type":"WebPage","@id":"https:\/\/fuentesfidedignas.com.mx\/index.php\/2022\/02\/15\/reprobado-rocha-en-sus-primeros-100-dias-de-gobierno-sergio-torres\/","url":"https:\/\/fuentesfidedignas.com.mx\/index.php\/2022\/02\/15\/reprobado-rocha-en-sus-primeros-100-dias-de-gobierno-sergio-torres\/","name":"Reprobado Rocha en sus primeros 100 d\u00edas de gobierno: Sergio Torres - Fuentes Fidedignas","isPartOf":{"@id":"https:\/\/fuentesfidedignas.com.mx\/#website"},"primaryImageOfPage":{"@id":"https:\/\/fuentesfidedignas.com.mx\/index.php\/2022\/02\/15\/reprobado-rocha-en-sus-primeros-100-dias-de-gobierno-sergio-torres\/#primaryimage"},"image":{"@id":"https:\/\/fuentesfidedignas.com.mx\/index.php\/2022\/02\/15\/reprobado-rocha-en-sus-primeros-100-dias-de-gobierno-sergio-torres\/#primaryimage"},"thumbnailUrl":"https:\/\/fuentesfidedignas.com.mx\/wp-content\/uploads\/2022\/02\/IMG-20220215-WA0010.jpg","datePublished":"2022-02-15T20:18:10+00:00","dateModified":"2022-02-15T20:18:56+00:00","breadcrumb":{"@id":"https:\/\/fuentesfidedignas.com.mx\/index.php\/2022\/02\/15\/reprobado-rocha-en-sus-primeros-100-dias-de-gobierno-sergio-torres\/#breadcrumb"},"inLanguage":"es","potentialAction":[{"@type":"ReadAction","target":["https:\/\/fuentesfidedignas.com.mx\/index.php\/2022\/02\/15\/reprobado-rocha-en-sus-primeros-100-dias-de-gobierno-sergio-torres\/"]}]},{"@type":"ImageObject","inLanguage":"es","@id":"https:\/\/fuentesfidedignas.com.mx\/index.php\/2022\/02\/15\/reprobado-rocha-en-sus-primeros-100-dias-de-gobierno-sergio-torres\/#primaryimage","url":"https:\/\/fuentesfidedignas.com.mx\/wp-content\/uploads\/2022\/02\/IMG-20220215-WA0010.jpg","contentUrl":"https:\/\/fuentesfidedignas.com.mx\/wp-content\/uploads\/2022\/02\/IMG-20220215-WA0010.jpg","width":1221,"height":805},{"@type":"BreadcrumbList","@id":"https:\/\/fuentesfidedignas.com.mx\/index.php\/2022\/02\/15\/reprobado-rocha-en-sus-primeros-100-dias-de-gobierno-sergio-torres\/#breadcrumb","itemListElement":[{"@type":"ListItem","position":1,"name":"Inicio","item":"https:\/\/fuentesfidedignas.com.mx\/"},{"@type":"ListItem","position":2,"name":"Reprobado Rocha en sus primeros 100 d\u00edas de gobierno: Sergio Torres"}]},{"@type":"WebSite","@id":"https:\/\/fuentesfidedignas.com.mx\/#website","url":"https:\/\/fuentesfidedignas.com.mx\/","name":"Fuentes Fidedignas","description":"Otro sitio realizado con WordPress","publisher":{"@id":"https:\/\/fuentesfidedignas.com.mx\/#organization"},"potentialAction":[{"@type":"SearchAction","target":{"@type":"EntryPoint","urlTemplate":"https:\/\/fuentesfidedignas.com.mx\/?s={search_term_string}"},"query-input":{"@type":"PropertyValueSpecification","valueRequired":true,"valueName":"search_term_string"}}],"inLanguage":"es"},{"@type":"Organization","@id":"https:\/\/fuentesfidedignas.com.mx\/#organization","name":"Fuentes Fidedignas","url":"https:\/\/fuentesfidedignas.com.mx\/","logo":{"@type":"ImageObject","inLanguage":"es","@id":"https:\/\/fuentesfidedignas.com.mx\/#\/schema\/logo\/image\/","url":"https:\/\/fuentesfidedignas.com.mx\/wp-content\/uploads\/2021\/04\/logo-retina.png","contentUrl":"https:\/\/fuentesfidedignas.com.mx\/wp-content\/uploads\/2021\/04\/logo-retina.png","width":280,"height":51,"caption":"Fuentes Fidedignas"},"image":{"@id":"https:\/\/fuentesfidedignas.com.mx\/#\/schema\/logo\/image\/"},"sameAs":["https:\/\/www.facebook.com\/Fuentes-Fidedignas-368234489921644","https:\/\/x.com\/fidedignas"]},{"@type":"Person","@id":"https:\/\/fuentesfidedignas.com.mx\/#\/schema\/person\/331be9283d37198e2acd5750279085b0","name":"Redacci\u00f3n","image":{"@type":"ImageObject","inLanguage":"es","@id":"https:\/\/secure.gravatar.com\/avatar\/f6d8782c11d12b2d4ad3fbb6931aeab5309937a4d6cd2fc9cfaa28a6396a5aec?s=96&d=mm&r=g","url":"https:\/\/secure.gravatar.com\/avatar\/f6d8782c11d12b2d4ad3fbb6931aeab5309937a4d6cd2fc9cfaa28a6396a5aec?s=96&d=mm&r=g","contentUrl":"https:\/\/secure.gravatar.com\/avatar\/f6d8782c11d12b2d4ad3fbb6931aeab5309937a4d6cd2fc9cfaa28a6396a5aec?s=96&d=mm&r=g","caption":"Redacci\u00f3n"},"url":"https:\/\/fuentesfidedignas.com.mx\/index.php\/author\/redaccion\/"}]}},"_links":{"self":[{"href":"https:\/\/fuentesfidedignas.com.mx\/index.php\/wp-json\/wp\/v2\/posts\/24088","targetHints":{"allow":["GET"]}}],"collection":[{"href":"https:\/\/fuentesfidedignas.com.mx\/index.php\/wp-json\/wp\/v2\/posts"}],"about":[{"href":"https:\/\/fuentesfidedignas.com.mx\/index.php\/wp-json\/wp\/v2\/types\/post"}],"author":[{"embeddable":true,"href":"https:\/\/fuentesfidedignas.com.mx\/index.php\/wp-json\/wp\/v2\/users\/4"}],"replies":[{"embeddable":true,"href":"https:\/\/fuentesfidedignas.com.mx\/index.php\/wp-json\/wp\/v2\/comments?post=24088"}],"version-history":[{"count":1,"href":"https:\/\/fuentesfidedignas.com.mx\/index.php\/wp-json\/wp\/v2\/posts\/24088\/revisions"}],"predecessor-version":[{"id":24089,"href":"https:\/\/fuentesfidedignas.com.mx\/index.php\/wp-json\/wp\/v2\/posts\/24088\/revisions\/24089"}],"wp:featuredmedia":[{"embeddable":true,"href":"https:\/\/fuentesfidedignas.com.mx\/index.php\/wp-json\/wp\/v2\/media\/24090"}],"wp:attachment":[{"href":"https:\/\/fuentesfidedignas.com.mx\/index.php\/wp-json\/wp\/v2\/media?parent=24088"}],"wp:term":[{"taxonomy":"category","embeddable":true,"href":"https:\/\/fuentesfidedignas.com.mx\/index.php\/wp-json\/wp\/v2\/categories?post=24088"},{"taxonomy":"post_tag","embeddable":true,"href":"https:\/\/fuentesfidedignas.com.mx\/index.php\/wp-json\/wp\/v2\/tags?post=24088"}],"curies":[{"name":"wp","href":"https:\/\/api.w.org\/{rel}","templated":true}]}}