{"id":2404,"date":"2021-05-18T17:54:03","date_gmt":"2021-05-19T00:54:03","guid":{"rendered":"https:\/\/fuentesfidedignas.com.mx\/?p=2404"},"modified":"2021-05-18T17:54:06","modified_gmt":"2021-05-19T00:54:06","slug":"de-la-mano-de-los-maestros-vamos-a-ganar-y-a-gobernar-juntos-afirma-mario-zamora","status":"publish","type":"post","link":"https:\/\/fuentesfidedignas.com.mx\/index.php\/2021\/05\/18\/de-la-mano-de-los-maestros-vamos-a-ganar-y-a-gobernar-juntos-afirma-mario-zamora\/","title":{"rendered":"De la mano de los maestros vamos a ganar y a gobernar juntos, afirma Mario Zamora"},"content":{"rendered":"\n<p><em><strong>Junto con los senadores Miguel \u00c1ngel Osorio Chong y Claudia Ruiz Massieu, se reuni\u00f3 con docentes de ENCIMA<\/strong><\/em><\/p>\n\n\n\n<p>Culiac\u00e1n, Sin.- Los maestros son nuestro mejor ej\u00e9rcito, aqu\u00ed en Culiac\u00e1n y de la mano de ustedes, yo se que vamos a ganar la gubernatura y vamos a gobernar juntos, expres\u00f3 Mario Zamora Gast\u00e9lum, al sostener un encuentro con cientos de docentes que integran el organismo Enlace C\u00edvico Magisterial (ENCIMA), quienes a su vez se pronunciaron en favor del candidato.<\/p>\n\n\n\n<p>El abanderado a la gubernatura por el PRI, PRD y PAN, junto a los senadores Miguel \u00c1ngel Osorio Chong y Claudia Ruiz Massieu, se trasladaron a este gran evento, donde reafirm\u00f3 que har\u00e1 un gobierno en favor de los maestros, de las escuelas, de las ni\u00f1as y ni\u00f1os de Sinaloa.<\/p>\n\n\n\n<p>\u201cVamos a ir siempre, -el gobierno de Mario Zamora-, con la secci\u00f3n 53 y con ENCIMA, siempre juntos, siempre de la mano, siempre avanzando, siempre viendo c\u00f3mo mejorar\u201d, dijo.<\/p>\n\n\n\n<p>Argument\u00f3 que restan 18 d\u00edas para que Sinaloa decida si quiere avanzar, mejorar, tener mejores sueldos, mejores prestaciones, y mejor educaci\u00f3n.<\/p>\n\n\n\n<p>\u201cA Sinaloa le va a ir muy bien, Sinaloa es un gran estado, tenemos todo para ser esa potencia y poder conseguir ese anhelo que tanto sentimos y queremos\u201d, indic\u00f3.<\/p>\n\n\n\n<p>Mario Zamora Gastelum, destac\u00f3 que rescatar\u00e1 el programa de Escuelas de Tiempo Completo; llevar\u00e1 internet gratuito a las escuelas p\u00fablicas de Sinaloa y otorgar\u00e1 becas directas para las ni\u00f1as y ni\u00f1os.<\/p>\n\n\n\n<p>En representaci\u00f3n del magisterio, el secretario general del SNTE 53, Fernando Sandoval \u00c1ngulo, asegur\u00f3 que el pr\u00f3ximo 6 de junio, los maestros har\u00e1n gobernador a Mario Zamora Gast\u00e9lum.<\/p>\n\n\n\n<p>\u201cEsta estructura est\u00e1 lista para darle el triunfo el pr\u00f3ximo 6 de junio, decirles a esos que no cumplieron, que M\u00e9xico no los quiere porque no han sabido responderle a los mexicanos\u201d, coment\u00f3.<\/p>\n\n\n\n<p>En el mensaje del senador de la Rep\u00fablica, Miguel Angel Osorio Chong, justific\u00f3 que su presencia en Sinaloa es para decirle a la gente que faltan 18 d\u00edas para que al estado le vaya bien, o para que llegue un gobierno que acabe de destituirlo como lo est\u00e1 haciendo en M\u00e9xico.<\/p>\n\n\n\n<p>Reconoci\u00f3 al candidato de la alianza \u201cVa por Sinaloa\u201d, Mario Zamora Gastelum, por ir a visitar las colonias y hacer compromisos de frente con la gente, mismos que quedan como evidencia grabados en video.<\/p>\n\n\n\n<p>\u201cFilma videos para que lo exhiban si no les cumple, eso es tener palabra, no como el otro que se esconde o que se cansa y que no est\u00e1 haciendo campa\u00f1a\u201d, apunt\u00f3.<\/p>\n\n\n\n<p>A su vez, la senadora Claudia Ruiz Massieu, manifest\u00f3 que con Mario Zamora Gast\u00e9lum, se mantendr\u00e1 el rumbo de crecimiento de Sinaloa y habr\u00e1 respaldo para el magisterio, para las mujeres y para quien m\u00e1s lo necesita.<\/p>\n\n\n\n<p>\u201cEl 6 de junio con el trabajo de todas y todos ustedes, con esta gran estructura de ENCIMA, vamos a tener un gobernador comprometido con la gente, comprometido con ustedes, con los maestros, con las y los j\u00f3venes de Sinaloa\u201d, concluy\u00f3.<\/p>\n\n\n\n<p>En esta reuni\u00f3n tambi\u00e9n estuvieron presentes el senador, Heriberto F\u00e9lix Galindo y los candidatos de la alianza \u201cVa por Sinaloa\u201d.<\/p>\n\n\n\n<p><em>COMPROMISOS<\/em><\/p>\n\n\n\n<p>Estamos haciendo historia, las necesidades de colonias populares ser\u00e1n atendidas con Mario Zamora.<\/p>\n\n\n\n<p>Durante esta jornada 45 de campa\u00f1a, el candidato de la alianza Va por Sinaloa comprometi\u00f3 m\u00e1s obras de pavimentaci\u00f3n, rehabilitaci\u00f3n de espacios p\u00fablicos y deportivos, agregando otros 10 proyectos que benefician directamente a los habitantes de colonias populares y comunidades de Culiac\u00e1n, sumando ya m\u00e1s de 70 compromisos en las colonias populares de diferentes municipios del estado.<\/p>\n\n\n\n<p>Dichos compromisos se realizaron en los siguientes sectores de Prados del Sur, Aguaruto, Bachigualato, Fracc. Las Torres, Campo El Diez, Bachigualato, Prados del Sol 1, Valle Real, Capistrano y Urbivilla del Roble.<\/p>\n\n\n\n<p>Antes, a muy temprana hora de la ma\u00f1ana, el abanderado de los partidos del PRI, PRD y PAN hizo presencia en el Megacrucero de Gardenia y Her\u00f3ico Colegio Militar, en la colonia Las Huertas, donde estuvo saludando a todos los conductores que circulan por la zona, d\u00e1ndoles a conocer parte de su proyecto de estado, con el que a Culiac\u00e1n y a Sinaloa le ir\u00e1 mucho mejor.<\/p>\n","protected":false},"excerpt":{"rendered":"<p>Junto con los senadores Miguel \u00c1ngel Osorio Chong y Claudia Ruiz Massieu, se reuni\u00f3 con docentes de ENCIMA Culiac\u00e1n, Sin.- Los maestros son nuestro mejor ej\u00e9rcito, aqu\u00ed en Culiac\u00e1n y de la mano de ustedes, yo se que vamos a ganar la gubernatura y vamos a gobernar juntos, expres\u00f3 Mario Zamora Gast\u00e9lum, al sostener un [&hellip;]<\/p>\n","protected":false},"author":4,"featured_media":2405,"comment_status":"open","ping_status":"open","sticky":false,"template":"","format":"standard","meta":{"tdm_status":"","tdm_grid_status":"","footnotes":""},"categories":[38],"tags":[66,276,64,67],"class_list":{"0":"post-2404","1":"post","2":"type-post","3":"status-publish","4":"format-standard","5":"has-post-thumbnail","7":"category-noticias-locales","8":"tag-coalicion-pripanprd","9":"tag-elecciones-2021","10":"tag-mario-zamora","11":"tag-va-por-sinaloa"},"yoast_head":"<!-- This site is optimized with the Yoast SEO plugin v27.5 - https:\/\/yoast.com\/product\/yoast-seo-wordpress\/ -->\n<title>De la mano de los maestros vamos a ganar y a gobernar juntos, afirma Mario Zamora - Fuentes Fidedignas<\/title>\n<meta name=\"robots\" content=\"index, follow, max-snippet:-1, max-image-preview:large, max-video-preview:-1\" \/>\n<link rel=\"canonical\" href=\"https:\/\/fuentesfidedignas.com.mx\/index.php\/2021\/05\/18\/de-la-mano-de-los-maestros-vamos-a-ganar-y-a-gobernar-juntos-afirma-mario-zamora\/\" \/>\n<meta property=\"og:locale\" content=\"es_MX\" \/>\n<meta property=\"og:type\" content=\"article\" \/>\n<meta property=\"og:title\" content=\"De la mano de los maestros vamos a ganar y a gobernar juntos, afirma Mario Zamora - Fuentes Fidedignas\" \/>\n<meta property=\"og:description\" content=\"Junto con los senadores Miguel \u00c1ngel Osorio Chong y Claudia Ruiz Massieu, se reuni\u00f3 con docentes de ENCIMA Culiac\u00e1n, Sin.- Los maestros son nuestro mejor ej\u00e9rcito, aqu\u00ed en Culiac\u00e1n y de la mano de ustedes, yo se que vamos a ganar la gubernatura y vamos a gobernar juntos, expres\u00f3 Mario Zamora Gast\u00e9lum, al sostener un [&hellip;]\" \/>\n<meta property=\"og:url\" content=\"https:\/\/fuentesfidedignas.com.mx\/index.php\/2021\/05\/18\/de-la-mano-de-los-maestros-vamos-a-ganar-y-a-gobernar-juntos-afirma-mario-zamora\/\" \/>\n<meta property=\"og:site_name\" content=\"Fuentes Fidedignas\" \/>\n<meta property=\"article:publisher\" content=\"https:\/\/www.facebook.com\/Fuentes-Fidedignas-368234489921644\" \/>\n<meta property=\"article:published_time\" content=\"2021-05-19T00:54:03+00:00\" \/>\n<meta property=\"article:modified_time\" content=\"2021-05-19T00:54:06+00:00\" \/>\n<meta property=\"og:image\" content=\"https:\/\/fuentesfidedignas.com.mx\/wp-content\/uploads\/2021\/05\/IMG-20210518-WA0054.jpg\" \/>\n\t<meta property=\"og:image:width\" content=\"1024\" \/>\n\t<meta property=\"og:image:height\" content=\"683\" \/>\n\t<meta property=\"og:image:type\" content=\"image\/jpeg\" \/>\n<meta name=\"author\" content=\"Redacci\u00f3n\" \/>\n<meta name=\"twitter:card\" content=\"summary_large_image\" \/>\n<meta name=\"twitter:creator\" content=\"@fidedignas\" \/>\n<meta name=\"twitter:site\" content=\"@fidedignas\" \/>\n<meta name=\"twitter:label1\" content=\"Escrito por\" \/>\n\t<meta name=\"twitter:data1\" content=\"Redacci\u00f3n\" \/>\n\t<meta name=\"twitter:label2\" content=\"Tiempo de lectura\" \/>\n\t<meta name=\"twitter:data2\" content=\"4 minutos\" \/>\n<script type=\"application\/ld+json\" class=\"yoast-schema-graph\">{\"@context\":\"https:\\\/\\\/schema.org\",\"@graph\":[{\"@type\":\"Article\",\"@id\":\"https:\\\/\\\/fuentesfidedignas.com.mx\\\/index.php\\\/2021\\\/05\\\/18\\\/de-la-mano-de-los-maestros-vamos-a-ganar-y-a-gobernar-juntos-afirma-mario-zamora\\\/#article\",\"isPartOf\":{\"@id\":\"https:\\\/\\\/fuentesfidedignas.com.mx\\\/index.php\\\/2021\\\/05\\\/18\\\/de-la-mano-de-los-maestros-vamos-a-ganar-y-a-gobernar-juntos-afirma-mario-zamora\\\/\"},\"author\":{\"name\":\"Redacci\u00f3n\",\"@id\":\"https:\\\/\\\/fuentesfidedignas.com.mx\\\/#\\\/schema\\\/person\\\/331be9283d37198e2acd5750279085b0\"},\"headline\":\"De la mano de los maestros vamos a ganar y a gobernar juntos, afirma Mario Zamora\",\"datePublished\":\"2021-05-19T00:54:03+00:00\",\"dateModified\":\"2021-05-19T00:54:06+00:00\",\"mainEntityOfPage\":{\"@id\":\"https:\\\/\\\/fuentesfidedignas.com.mx\\\/index.php\\\/2021\\\/05\\\/18\\\/de-la-mano-de-los-maestros-vamos-a-ganar-y-a-gobernar-juntos-afirma-mario-zamora\\\/\"},\"wordCount\":733,\"commentCount\":0,\"publisher\":{\"@id\":\"https:\\\/\\\/fuentesfidedignas.com.mx\\\/#organization\"},\"image\":{\"@id\":\"https:\\\/\\\/fuentesfidedignas.com.mx\\\/index.php\\\/2021\\\/05\\\/18\\\/de-la-mano-de-los-maestros-vamos-a-ganar-y-a-gobernar-juntos-afirma-mario-zamora\\\/#primaryimage\"},\"thumbnailUrl\":\"https:\\\/\\\/fuentesfidedignas.com.mx\\\/wp-content\\\/uploads\\\/2021\\\/05\\\/IMG-20210518-WA0054.jpg\",\"keywords\":[\"Coalici\u00f3n PRIPANPRD\",\"Elecciones 2021\",\"Mario Zamora\",\"Va por Sinaloa\"],\"articleSection\":[\"NOTICIAS LOCALES\"],\"inLanguage\":\"es\",\"potentialAction\":[{\"@type\":\"CommentAction\",\"name\":\"Comment\",\"target\":[\"https:\\\/\\\/fuentesfidedignas.com.mx\\\/index.php\\\/2021\\\/05\\\/18\\\/de-la-mano-de-los-maestros-vamos-a-ganar-y-a-gobernar-juntos-afirma-mario-zamora\\\/#respond\"]}]},{\"@type\":\"WebPage\",\"@id\":\"https:\\\/\\\/fuentesfidedignas.com.mx\\\/index.php\\\/2021\\\/05\\\/18\\\/de-la-mano-de-los-maestros-vamos-a-ganar-y-a-gobernar-juntos-afirma-mario-zamora\\\/\",\"url\":\"https:\\\/\\\/fuentesfidedignas.com.mx\\\/index.php\\\/2021\\\/05\\\/18\\\/de-la-mano-de-los-maestros-vamos-a-ganar-y-a-gobernar-juntos-afirma-mario-zamora\\\/\",\"name\":\"De la mano de los maestros vamos a ganar y a gobernar juntos, afirma Mario Zamora - Fuentes Fidedignas\",\"isPartOf\":{\"@id\":\"https:\\\/\\\/fuentesfidedignas.com.mx\\\/#website\"},\"primaryImageOfPage\":{\"@id\":\"https:\\\/\\\/fuentesfidedignas.com.mx\\\/index.php\\\/2021\\\/05\\\/18\\\/de-la-mano-de-los-maestros-vamos-a-ganar-y-a-gobernar-juntos-afirma-mario-zamora\\\/#primaryimage\"},\"image\":{\"@id\":\"https:\\\/\\\/fuentesfidedignas.com.mx\\\/index.php\\\/2021\\\/05\\\/18\\\/de-la-mano-de-los-maestros-vamos-a-ganar-y-a-gobernar-juntos-afirma-mario-zamora\\\/#primaryimage\"},\"thumbnailUrl\":\"https:\\\/\\\/fuentesfidedignas.com.mx\\\/wp-content\\\/uploads\\\/2021\\\/05\\\/IMG-20210518-WA0054.jpg\",\"datePublished\":\"2021-05-19T00:54:03+00:00\",\"dateModified\":\"2021-05-19T00:54:06+00:00\",\"breadcrumb\":{\"@id\":\"https:\\\/\\\/fuentesfidedignas.com.mx\\\/index.php\\\/2021\\\/05\\\/18\\\/de-la-mano-de-los-maestros-vamos-a-ganar-y-a-gobernar-juntos-afirma-mario-zamora\\\/#breadcrumb\"},\"inLanguage\":\"es\",\"potentialAction\":[{\"@type\":\"ReadAction\",\"target\":[\"https:\\\/\\\/fuentesfidedignas.com.mx\\\/index.php\\\/2021\\\/05\\\/18\\\/de-la-mano-de-los-maestros-vamos-a-ganar-y-a-gobernar-juntos-afirma-mario-zamora\\\/\"]}]},{\"@type\":\"ImageObject\",\"inLanguage\":\"es\",\"@id\":\"https:\\\/\\\/fuentesfidedignas.com.mx\\\/index.php\\\/2021\\\/05\\\/18\\\/de-la-mano-de-los-maestros-vamos-a-ganar-y-a-gobernar-juntos-afirma-mario-zamora\\\/#primaryimage\",\"url\":\"https:\\\/\\\/fuentesfidedignas.com.mx\\\/wp-content\\\/uploads\\\/2021\\\/05\\\/IMG-20210518-WA0054.jpg\",\"contentUrl\":\"https:\\\/\\\/fuentesfidedignas.com.mx\\\/wp-content\\\/uploads\\\/2021\\\/05\\\/IMG-20210518-WA0054.jpg\",\"width\":1024,\"height\":683},{\"@type\":\"BreadcrumbList\",\"@id\":\"https:\\\/\\\/fuentesfidedignas.com.mx\\\/index.php\\\/2021\\\/05\\\/18\\\/de-la-mano-de-los-maestros-vamos-a-ganar-y-a-gobernar-juntos-afirma-mario-zamora\\\/#breadcrumb\",\"itemListElement\":[{\"@type\":\"ListItem\",\"position\":1,\"name\":\"Inicio\",\"item\":\"https:\\\/\\\/fuentesfidedignas.com.mx\\\/\"},{\"@type\":\"ListItem\",\"position\":2,\"name\":\"De la mano de los maestros vamos a ganar y a gobernar juntos, afirma Mario Zamora\"}]},{\"@type\":\"WebSite\",\"@id\":\"https:\\\/\\\/fuentesfidedignas.com.mx\\\/#website\",\"url\":\"https:\\\/\\\/fuentesfidedignas.com.mx\\\/\",\"name\":\"Fuentes Fidedignas\",\"description\":\"Otro sitio realizado con WordPress\",\"publisher\":{\"@id\":\"https:\\\/\\\/fuentesfidedignas.com.mx\\\/#organization\"},\"potentialAction\":[{\"@type\":\"SearchAction\",\"target\":{\"@type\":\"EntryPoint\",\"urlTemplate\":\"https:\\\/\\\/fuentesfidedignas.com.mx\\\/?s={search_term_string}\"},\"query-input\":{\"@type\":\"PropertyValueSpecification\",\"valueRequired\":true,\"valueName\":\"search_term_string\"}}],\"inLanguage\":\"es\"},{\"@type\":\"Organization\",\"@id\":\"https:\\\/\\\/fuentesfidedignas.com.mx\\\/#organization\",\"name\":\"Fuentes Fidedignas\",\"url\":\"https:\\\/\\\/fuentesfidedignas.com.mx\\\/\",\"logo\":{\"@type\":\"ImageObject\",\"inLanguage\":\"es\",\"@id\":\"https:\\\/\\\/fuentesfidedignas.com.mx\\\/#\\\/schema\\\/logo\\\/image\\\/\",\"url\":\"https:\\\/\\\/fuentesfidedignas.com.mx\\\/wp-content\\\/uploads\\\/2021\\\/04\\\/logo-retina.png\",\"contentUrl\":\"https:\\\/\\\/fuentesfidedignas.com.mx\\\/wp-content\\\/uploads\\\/2021\\\/04\\\/logo-retina.png\",\"width\":280,\"height\":51,\"caption\":\"Fuentes Fidedignas\"},\"image\":{\"@id\":\"https:\\\/\\\/fuentesfidedignas.com.mx\\\/#\\\/schema\\\/logo\\\/image\\\/\"},\"sameAs\":[\"https:\\\/\\\/www.facebook.com\\\/Fuentes-Fidedignas-368234489921644\",\"https:\\\/\\\/x.com\\\/fidedignas\"]},{\"@type\":\"Person\",\"@id\":\"https:\\\/\\\/fuentesfidedignas.com.mx\\\/#\\\/schema\\\/person\\\/331be9283d37198e2acd5750279085b0\",\"name\":\"Redacci\u00f3n\",\"image\":{\"@type\":\"ImageObject\",\"inLanguage\":\"es\",\"@id\":\"https:\\\/\\\/secure.gravatar.com\\\/avatar\\\/f6d8782c11d12b2d4ad3fbb6931aeab5309937a4d6cd2fc9cfaa28a6396a5aec?s=96&d=mm&r=g\",\"url\":\"https:\\\/\\\/secure.gravatar.com\\\/avatar\\\/f6d8782c11d12b2d4ad3fbb6931aeab5309937a4d6cd2fc9cfaa28a6396a5aec?s=96&d=mm&r=g\",\"contentUrl\":\"https:\\\/\\\/secure.gravatar.com\\\/avatar\\\/f6d8782c11d12b2d4ad3fbb6931aeab5309937a4d6cd2fc9cfaa28a6396a5aec?s=96&d=mm&r=g\",\"caption\":\"Redacci\u00f3n\"},\"url\":\"https:\\\/\\\/fuentesfidedignas.com.mx\\\/index.php\\\/author\\\/redaccion\\\/\"}]}<\/script>\n<!-- \/ Yoast SEO plugin. -->","yoast_head_json":{"title":"De la mano de los maestros vamos a ganar y a gobernar juntos, afirma Mario Zamora - Fuentes Fidedignas","robots":{"index":"index","follow":"follow","max-snippet":"max-snippet:-1","max-image-preview":"max-image-preview:large","max-video-preview":"max-video-preview:-1"},"canonical":"https:\/\/fuentesfidedignas.com.mx\/index.php\/2021\/05\/18\/de-la-mano-de-los-maestros-vamos-a-ganar-y-a-gobernar-juntos-afirma-mario-zamora\/","og_locale":"es_MX","og_type":"article","og_title":"De la mano de los maestros vamos a ganar y a gobernar juntos, afirma Mario Zamora - Fuentes Fidedignas","og_description":"Junto con los senadores Miguel \u00c1ngel Osorio Chong y Claudia Ruiz Massieu, se reuni\u00f3 con docentes de ENCIMA Culiac\u00e1n, Sin.- Los maestros son nuestro mejor ej\u00e9rcito, aqu\u00ed en Culiac\u00e1n y de la mano de ustedes, yo se que vamos a ganar la gubernatura y vamos a gobernar juntos, expres\u00f3 Mario Zamora Gast\u00e9lum, al sostener un [&hellip;]","og_url":"https:\/\/fuentesfidedignas.com.mx\/index.php\/2021\/05\/18\/de-la-mano-de-los-maestros-vamos-a-ganar-y-a-gobernar-juntos-afirma-mario-zamora\/","og_site_name":"Fuentes Fidedignas","article_publisher":"https:\/\/www.facebook.com\/Fuentes-Fidedignas-368234489921644","article_published_time":"2021-05-19T00:54:03+00:00","article_modified_time":"2021-05-19T00:54:06+00:00","og_image":[{"width":1024,"height":683,"url":"https:\/\/fuentesfidedignas.com.mx\/wp-content\/uploads\/2021\/05\/IMG-20210518-WA0054.jpg","type":"image\/jpeg"}],"author":"Redacci\u00f3n","twitter_card":"summary_large_image","twitter_creator":"@fidedignas","twitter_site":"@fidedignas","twitter_misc":{"Escrito por":"Redacci\u00f3n","Tiempo de lectura":"4 minutos"},"schema":{"@context":"https:\/\/schema.org","@graph":[{"@type":"Article","@id":"https:\/\/fuentesfidedignas.com.mx\/index.php\/2021\/05\/18\/de-la-mano-de-los-maestros-vamos-a-ganar-y-a-gobernar-juntos-afirma-mario-zamora\/#article","isPartOf":{"@id":"https:\/\/fuentesfidedignas.com.mx\/index.php\/2021\/05\/18\/de-la-mano-de-los-maestros-vamos-a-ganar-y-a-gobernar-juntos-afirma-mario-zamora\/"},"author":{"name":"Redacci\u00f3n","@id":"https:\/\/fuentesfidedignas.com.mx\/#\/schema\/person\/331be9283d37198e2acd5750279085b0"},"headline":"De la mano de los maestros vamos a ganar y a gobernar juntos, afirma Mario Zamora","datePublished":"2021-05-19T00:54:03+00:00","dateModified":"2021-05-19T00:54:06+00:00","mainEntityOfPage":{"@id":"https:\/\/fuentesfidedignas.com.mx\/index.php\/2021\/05\/18\/de-la-mano-de-los-maestros-vamos-a-ganar-y-a-gobernar-juntos-afirma-mario-zamora\/"},"wordCount":733,"commentCount":0,"publisher":{"@id":"https:\/\/fuentesfidedignas.com.mx\/#organization"},"image":{"@id":"https:\/\/fuentesfidedignas.com.mx\/index.php\/2021\/05\/18\/de-la-mano-de-los-maestros-vamos-a-ganar-y-a-gobernar-juntos-afirma-mario-zamora\/#primaryimage"},"thumbnailUrl":"https:\/\/fuentesfidedignas.com.mx\/wp-content\/uploads\/2021\/05\/IMG-20210518-WA0054.jpg","keywords":["Coalici\u00f3n PRIPANPRD","Elecciones 2021","Mario Zamora","Va por Sinaloa"],"articleSection":["NOTICIAS LOCALES"],"inLanguage":"es","potentialAction":[{"@type":"CommentAction","name":"Comment","target":["https:\/\/fuentesfidedignas.com.mx\/index.php\/2021\/05\/18\/de-la-mano-de-los-maestros-vamos-a-ganar-y-a-gobernar-juntos-afirma-mario-zamora\/#respond"]}]},{"@type":"WebPage","@id":"https:\/\/fuentesfidedignas.com.mx\/index.php\/2021\/05\/18\/de-la-mano-de-los-maestros-vamos-a-ganar-y-a-gobernar-juntos-afirma-mario-zamora\/","url":"https:\/\/fuentesfidedignas.com.mx\/index.php\/2021\/05\/18\/de-la-mano-de-los-maestros-vamos-a-ganar-y-a-gobernar-juntos-afirma-mario-zamora\/","name":"De la mano de los maestros vamos a ganar y a gobernar juntos, afirma Mario Zamora - Fuentes Fidedignas","isPartOf":{"@id":"https:\/\/fuentesfidedignas.com.mx\/#website"},"primaryImageOfPage":{"@id":"https:\/\/fuentesfidedignas.com.mx\/index.php\/2021\/05\/18\/de-la-mano-de-los-maestros-vamos-a-ganar-y-a-gobernar-juntos-afirma-mario-zamora\/#primaryimage"},"image":{"@id":"https:\/\/fuentesfidedignas.com.mx\/index.php\/2021\/05\/18\/de-la-mano-de-los-maestros-vamos-a-ganar-y-a-gobernar-juntos-afirma-mario-zamora\/#primaryimage"},"thumbnailUrl":"https:\/\/fuentesfidedignas.com.mx\/wp-content\/uploads\/2021\/05\/IMG-20210518-WA0054.jpg","datePublished":"2021-05-19T00:54:03+00:00","dateModified":"2021-05-19T00:54:06+00:00","breadcrumb":{"@id":"https:\/\/fuentesfidedignas.com.mx\/index.php\/2021\/05\/18\/de-la-mano-de-los-maestros-vamos-a-ganar-y-a-gobernar-juntos-afirma-mario-zamora\/#breadcrumb"},"inLanguage":"es","potentialAction":[{"@type":"ReadAction","target":["https:\/\/fuentesfidedignas.com.mx\/index.php\/2021\/05\/18\/de-la-mano-de-los-maestros-vamos-a-ganar-y-a-gobernar-juntos-afirma-mario-zamora\/"]}]},{"@type":"ImageObject","inLanguage":"es","@id":"https:\/\/fuentesfidedignas.com.mx\/index.php\/2021\/05\/18\/de-la-mano-de-los-maestros-vamos-a-ganar-y-a-gobernar-juntos-afirma-mario-zamora\/#primaryimage","url":"https:\/\/fuentesfidedignas.com.mx\/wp-content\/uploads\/2021\/05\/IMG-20210518-WA0054.jpg","contentUrl":"https:\/\/fuentesfidedignas.com.mx\/wp-content\/uploads\/2021\/05\/IMG-20210518-WA0054.jpg","width":1024,"height":683},{"@type":"BreadcrumbList","@id":"https:\/\/fuentesfidedignas.com.mx\/index.php\/2021\/05\/18\/de-la-mano-de-los-maestros-vamos-a-ganar-y-a-gobernar-juntos-afirma-mario-zamora\/#breadcrumb","itemListElement":[{"@type":"ListItem","position":1,"name":"Inicio","item":"https:\/\/fuentesfidedignas.com.mx\/"},{"@type":"ListItem","position":2,"name":"De la mano de los maestros vamos a ganar y a gobernar juntos, afirma Mario Zamora"}]},{"@type":"WebSite","@id":"https:\/\/fuentesfidedignas.com.mx\/#website","url":"https:\/\/fuentesfidedignas.com.mx\/","name":"Fuentes Fidedignas","description":"Otro sitio realizado con WordPress","publisher":{"@id":"https:\/\/fuentesfidedignas.com.mx\/#organization"},"potentialAction":[{"@type":"SearchAction","target":{"@type":"EntryPoint","urlTemplate":"https:\/\/fuentesfidedignas.com.mx\/?s={search_term_string}"},"query-input":{"@type":"PropertyValueSpecification","valueRequired":true,"valueName":"search_term_string"}}],"inLanguage":"es"},{"@type":"Organization","@id":"https:\/\/fuentesfidedignas.com.mx\/#organization","name":"Fuentes Fidedignas","url":"https:\/\/fuentesfidedignas.com.mx\/","logo":{"@type":"ImageObject","inLanguage":"es","@id":"https:\/\/fuentesfidedignas.com.mx\/#\/schema\/logo\/image\/","url":"https:\/\/fuentesfidedignas.com.mx\/wp-content\/uploads\/2021\/04\/logo-retina.png","contentUrl":"https:\/\/fuentesfidedignas.com.mx\/wp-content\/uploads\/2021\/04\/logo-retina.png","width":280,"height":51,"caption":"Fuentes Fidedignas"},"image":{"@id":"https:\/\/fuentesfidedignas.com.mx\/#\/schema\/logo\/image\/"},"sameAs":["https:\/\/www.facebook.com\/Fuentes-Fidedignas-368234489921644","https:\/\/x.com\/fidedignas"]},{"@type":"Person","@id":"https:\/\/fuentesfidedignas.com.mx\/#\/schema\/person\/331be9283d37198e2acd5750279085b0","name":"Redacci\u00f3n","image":{"@type":"ImageObject","inLanguage":"es","@id":"https:\/\/secure.gravatar.com\/avatar\/f6d8782c11d12b2d4ad3fbb6931aeab5309937a4d6cd2fc9cfaa28a6396a5aec?s=96&d=mm&r=g","url":"https:\/\/secure.gravatar.com\/avatar\/f6d8782c11d12b2d4ad3fbb6931aeab5309937a4d6cd2fc9cfaa28a6396a5aec?s=96&d=mm&r=g","contentUrl":"https:\/\/secure.gravatar.com\/avatar\/f6d8782c11d12b2d4ad3fbb6931aeab5309937a4d6cd2fc9cfaa28a6396a5aec?s=96&d=mm&r=g","caption":"Redacci\u00f3n"},"url":"https:\/\/fuentesfidedignas.com.mx\/index.php\/author\/redaccion\/"}]}},"_links":{"self":[{"href":"https:\/\/fuentesfidedignas.com.mx\/index.php\/wp-json\/wp\/v2\/posts\/2404","targetHints":{"allow":["GET"]}}],"collection":[{"href":"https:\/\/fuentesfidedignas.com.mx\/index.php\/wp-json\/wp\/v2\/posts"}],"about":[{"href":"https:\/\/fuentesfidedignas.com.mx\/index.php\/wp-json\/wp\/v2\/types\/post"}],"author":[{"embeddable":true,"href":"https:\/\/fuentesfidedignas.com.mx\/index.php\/wp-json\/wp\/v2\/users\/4"}],"replies":[{"embeddable":true,"href":"https:\/\/fuentesfidedignas.com.mx\/index.php\/wp-json\/wp\/v2\/comments?post=2404"}],"version-history":[{"count":1,"href":"https:\/\/fuentesfidedignas.com.mx\/index.php\/wp-json\/wp\/v2\/posts\/2404\/revisions"}],"predecessor-version":[{"id":2406,"href":"https:\/\/fuentesfidedignas.com.mx\/index.php\/wp-json\/wp\/v2\/posts\/2404\/revisions\/2406"}],"wp:featuredmedia":[{"embeddable":true,"href":"https:\/\/fuentesfidedignas.com.mx\/index.php\/wp-json\/wp\/v2\/media\/2405"}],"wp:attachment":[{"href":"https:\/\/fuentesfidedignas.com.mx\/index.php\/wp-json\/wp\/v2\/media?parent=2404"}],"wp:term":[{"taxonomy":"category","embeddable":true,"href":"https:\/\/fuentesfidedignas.com.mx\/index.php\/wp-json\/wp\/v2\/categories?post=2404"},{"taxonomy":"post_tag","embeddable":true,"href":"https:\/\/fuentesfidedignas.com.mx\/index.php\/wp-json\/wp\/v2\/tags?post=2404"}],"curies":[{"name":"wp","href":"https:\/\/api.w.org\/{rel}","templated":true}]}}