{"id":23996,"date":"2022-02-14T12:31:05","date_gmt":"2022-02-14T19:31:05","guid":{"rendered":"https:\/\/fuentesfidedignas.com.mx\/?p=23996"},"modified":"2022-02-14T12:31:06","modified_gmt":"2022-02-14T19:31:06","slug":"tras-boda-elba-esther-gordillo-anuncia-su-regreso-a-la-politica","status":"publish","type":"post","link":"https:\/\/fuentesfidedignas.com.mx\/index.php\/2022\/02\/14\/tras-boda-elba-esther-gordillo-anuncia-su-regreso-a-la-politica\/","title":{"rendered":"Tras boda, Elba Esther Gordillo anuncia su regreso a la pol\u00edtica"},"content":{"rendered":"\n<p><strong><em>Elba Esther Gordillo critic\u00f3 el gobierno de L\u00f3pez Obrador y asegur\u00f3 que la educaci\u00f3n est\u00e1 abandonada; por ello, regresar\u00e1 a la pol\u00edtica.<\/em><\/strong><\/p>\n\n\n\n<p>Ciudad de M\u00e9xico.- Elba Esther Gordillo, exdirigente sindical de los maestros, anunci\u00f3 su regreso a la pol\u00edtica al decir \u201cgenio y figura hasta la sepultura\u201d, aunque dijo que por el momento quiere disfrutar su boda.<\/p>\n\n\n\n<p>Al hablar sobre los profesores que destrozaron el lugar donde se realiz\u00f3 su boda, \u201cla maestra\u201d critic\u00f3 al gobierno de Andr\u00e9s Manuel L\u00f3pez Obrado y se\u00f1al\u00f3 que actualmente no hay Estado de derecho, pues dijo que la \u201cley se aplica seg\u00fan la intenci\u00f3n pol\u00edtica, no sobre hechos reales\u201d.<\/p>\n\n\n\n<p>En una entrevista en Radio F\u00f3rmula, la exlideresa del Sindicato Nacional de Trabajadores de la Educaci\u00f3n (SNTE) mencion\u00f3 que crey\u00f3 en las propuestas de la Cuarta Transformaci\u00f3n, pero dijo que \u201cno supieron c\u00f3mo hacerlo\u201d.<\/p>\n\n\n\n<p>\u201cYo, como muchos mexicanos, tuve una enorme ilusi\u00f3n de que los objetivos, el planteamiento en esencia de voltear a (ver) a los pobres, de desarrollo en el sur (del pa\u00eds), de elevar la calidad de vida y la dignidad humana es maravillosa, y cre\u00ed en ello, lo que es lamentable es que no supieron c\u00f3mo hacerlo\u201d, afirm\u00f3.<\/p>\n\n\n\n<p>Actualmente, agreg\u00f3 Gordillo, el derecho se ha utilizado con visi\u00f3n pol\u00edtica, la educaci\u00f3n est\u00e1 abandonada, el sistema de salud esta desarticulado y hay confrontaciones est\u00e9riles \u201cque no ayudan al pa\u00eds\u201d.<\/p>\n\n\n\n<p>Sobre ella misma, dijo que hasta ahorita no ha actuado pol\u00edticamente y asegur\u00f3 que no estuvo relacionada con la conformaci\u00f3n del partido Redes Sociales Progresistas (RSP), el cual perdi\u00f3 su registro por no alcanzar el umbral de 3% de los votos en las eelcxiones federales de 2021.<\/p>\n\n\n\n<p>Adem\u00e1s, se\u00f1al\u00f3 que el gobernador de Oaxaca, Jos\u00e9 Murat, puede ser el responsable del grupo de \u201cpseudomaestros\u201d que causaron destrozos en su boda.<\/p>\n\n\n\n<p>\u201cNo puedo acusar porque no tengo pruebas, pero lo que dijeron ah\u00ed se vio y todo es que aut\u00e9nticamente ven\u00eda de ah\u00ed\u201d, refiri\u00f3.<\/p>\n\n\n\n<p>Este fin de semana, Elba Esther Gordillo se cas\u00f3 con su abogado Luis Antonio Lagunas. En 2013, fue acusada de lavado de dinero y fraude fiscal por 1,978 millones de pesos, cinco a\u00f1os despu\u00e9s consigui\u00f3 la reclusi\u00f3n en su casa por sus problemas de salud.<\/p>\n\n\n\n<figure class=\"wp-block-embed is-type-rich is-provider-twitter wp-block-embed-twitter\"><div class=\"wp-block-embed__wrapper\">\n<blockquote class=\"twitter-tweet\" data-width=\"550\" data-dnt=\"true\"><p lang=\"es\" dir=\"ltr\">Soy plenamente feliz. \u00a1Gracias! <a href=\"https:\/\/t.co\/tPpePTQWEA\">pic.twitter.com\/tPpePTQWEA<\/a><\/p>&mdash; Elba Esther Gordillo (@ElbaEsther_G) <a href=\"https:\/\/twitter.com\/ElbaEsther_G\/status\/1492532728096505863?ref_src=twsrc%5Etfw\">February 12, 2022<\/a><\/blockquote><script async src=\"https:\/\/platform.twitter.com\/widgets.js\" charset=\"utf-8\"><\/script>\n<\/div><\/figure>\n","protected":false},"excerpt":{"rendered":"<p>Elba Esther Gordillo critic\u00f3 el gobierno de L\u00f3pez Obrador y asegur\u00f3 que la educaci\u00f3n est\u00e1 abandonada; por ello, regresar\u00e1 a la pol\u00edtica. Ciudad de M\u00e9xico.- Elba Esther Gordillo, exdirigente sindical de los maestros, anunci\u00f3 su regreso a la pol\u00edtica al decir \u201cgenio y figura hasta la sepultura\u201d, aunque dijo que por el momento quiere disfrutar [&hellip;]<\/p>\n","protected":false},"author":5,"featured_media":23997,"comment_status":"open","ping_status":"open","sticky":false,"template":"","format":"standard","meta":{"tdm_status":"","tdm_grid_status":"","footnotes":""},"categories":[39],"tags":[2363],"class_list":{"0":"post-23996","1":"post","2":"type-post","3":"status-publish","4":"format-standard","5":"has-post-thumbnail","7":"category-noticias-nacionales","8":"tag-elba-esther-gordillo"},"yoast_head":"<!-- This site is optimized with the Yoast SEO plugin v27.5 - https:\/\/yoast.com\/product\/yoast-seo-wordpress\/ -->\n<title>Tras boda, Elba Esther Gordillo anuncia su regreso a la pol\u00edtica - Fuentes Fidedignas<\/title>\n<meta name=\"robots\" content=\"index, follow, max-snippet:-1, max-image-preview:large, max-video-preview:-1\" \/>\n<link rel=\"canonical\" href=\"https:\/\/fuentesfidedignas.com.mx\/index.php\/2022\/02\/14\/tras-boda-elba-esther-gordillo-anuncia-su-regreso-a-la-politica\/\" \/>\n<meta property=\"og:locale\" content=\"es_MX\" \/>\n<meta property=\"og:type\" content=\"article\" \/>\n<meta property=\"og:title\" content=\"Tras boda, Elba Esther Gordillo anuncia su regreso a la pol\u00edtica - Fuentes Fidedignas\" \/>\n<meta property=\"og:description\" content=\"Elba Esther Gordillo critic\u00f3 el gobierno de L\u00f3pez Obrador y asegur\u00f3 que la educaci\u00f3n est\u00e1 abandonada; por ello, regresar\u00e1 a la pol\u00edtica. Ciudad de M\u00e9xico.- Elba Esther Gordillo, exdirigente sindical de los maestros, anunci\u00f3 su regreso a la pol\u00edtica al decir \u201cgenio y figura hasta la sepultura\u201d, aunque dijo que por el momento quiere disfrutar [&hellip;]\" \/>\n<meta property=\"og:url\" content=\"https:\/\/fuentesfidedignas.com.mx\/index.php\/2022\/02\/14\/tras-boda-elba-esther-gordillo-anuncia-su-regreso-a-la-politica\/\" \/>\n<meta property=\"og:site_name\" content=\"Fuentes Fidedignas\" \/>\n<meta property=\"article:publisher\" content=\"https:\/\/www.facebook.com\/Fuentes-Fidedignas-368234489921644\" \/>\n<meta property=\"article:published_time\" content=\"2022-02-14T19:31:05+00:00\" \/>\n<meta property=\"article:modified_time\" content=\"2022-02-14T19:31:06+00:00\" \/>\n<meta property=\"og:image\" content=\"https:\/\/fuentesfidedignas.com.mx\/wp-content\/uploads\/2022\/02\/Elba-Esther-Gordillo-05-640x360-1.jpg\" \/>\n\t<meta property=\"og:image:width\" content=\"640\" \/>\n\t<meta property=\"og:image:height\" content=\"360\" \/>\n\t<meta property=\"og:image:type\" content=\"image\/jpeg\" \/>\n<meta name=\"author\" content=\"Forbes\" \/>\n<meta name=\"twitter:card\" content=\"summary_large_image\" \/>\n<meta name=\"twitter:creator\" content=\"@fidedignas\" \/>\n<meta name=\"twitter:site\" content=\"@fidedignas\" \/>\n<meta name=\"twitter:label1\" content=\"Escrito por\" \/>\n\t<meta name=\"twitter:data1\" content=\"Forbes\" \/>\n\t<meta name=\"twitter:label2\" content=\"Tiempo de lectura\" \/>\n\t<meta name=\"twitter:data2\" content=\"2 minutos\" \/>\n<script type=\"application\/ld+json\" class=\"yoast-schema-graph\">{\"@context\":\"https:\\\/\\\/schema.org\",\"@graph\":[{\"@type\":\"Article\",\"@id\":\"https:\\\/\\\/fuentesfidedignas.com.mx\\\/index.php\\\/2022\\\/02\\\/14\\\/tras-boda-elba-esther-gordillo-anuncia-su-regreso-a-la-politica\\\/#article\",\"isPartOf\":{\"@id\":\"https:\\\/\\\/fuentesfidedignas.com.mx\\\/index.php\\\/2022\\\/02\\\/14\\\/tras-boda-elba-esther-gordillo-anuncia-su-regreso-a-la-politica\\\/\"},\"author\":{\"name\":\"Forbes\",\"@id\":\"https:\\\/\\\/fuentesfidedignas.com.mx\\\/#\\\/schema\\\/person\\\/5623d53fe2e579d825b1679734abcc44\"},\"headline\":\"Tras boda, Elba Esther Gordillo anuncia su regreso a la pol\u00edtica\",\"datePublished\":\"2022-02-14T19:31:05+00:00\",\"dateModified\":\"2022-02-14T19:31:06+00:00\",\"mainEntityOfPage\":{\"@id\":\"https:\\\/\\\/fuentesfidedignas.com.mx\\\/index.php\\\/2022\\\/02\\\/14\\\/tras-boda-elba-esther-gordillo-anuncia-su-regreso-a-la-politica\\\/\"},\"wordCount\":410,\"commentCount\":0,\"publisher\":{\"@id\":\"https:\\\/\\\/fuentesfidedignas.com.mx\\\/#organization\"},\"image\":{\"@id\":\"https:\\\/\\\/fuentesfidedignas.com.mx\\\/index.php\\\/2022\\\/02\\\/14\\\/tras-boda-elba-esther-gordillo-anuncia-su-regreso-a-la-politica\\\/#primaryimage\"},\"thumbnailUrl\":\"https:\\\/\\\/fuentesfidedignas.com.mx\\\/wp-content\\\/uploads\\\/2022\\\/02\\\/Elba-Esther-Gordillo-05-640x360-1.jpg\",\"keywords\":[\"Elba Esther Gordillo\"],\"articleSection\":[\"NOTICIAS NACIONALES\"],\"inLanguage\":\"es\",\"potentialAction\":[{\"@type\":\"CommentAction\",\"name\":\"Comment\",\"target\":[\"https:\\\/\\\/fuentesfidedignas.com.mx\\\/index.php\\\/2022\\\/02\\\/14\\\/tras-boda-elba-esther-gordillo-anuncia-su-regreso-a-la-politica\\\/#respond\"]}]},{\"@type\":\"WebPage\",\"@id\":\"https:\\\/\\\/fuentesfidedignas.com.mx\\\/index.php\\\/2022\\\/02\\\/14\\\/tras-boda-elba-esther-gordillo-anuncia-su-regreso-a-la-politica\\\/\",\"url\":\"https:\\\/\\\/fuentesfidedignas.com.mx\\\/index.php\\\/2022\\\/02\\\/14\\\/tras-boda-elba-esther-gordillo-anuncia-su-regreso-a-la-politica\\\/\",\"name\":\"Tras boda, Elba Esther Gordillo anuncia su regreso a la pol\u00edtica - Fuentes Fidedignas\",\"isPartOf\":{\"@id\":\"https:\\\/\\\/fuentesfidedignas.com.mx\\\/#website\"},\"primaryImageOfPage\":{\"@id\":\"https:\\\/\\\/fuentesfidedignas.com.mx\\\/index.php\\\/2022\\\/02\\\/14\\\/tras-boda-elba-esther-gordillo-anuncia-su-regreso-a-la-politica\\\/#primaryimage\"},\"image\":{\"@id\":\"https:\\\/\\\/fuentesfidedignas.com.mx\\\/index.php\\\/2022\\\/02\\\/14\\\/tras-boda-elba-esther-gordillo-anuncia-su-regreso-a-la-politica\\\/#primaryimage\"},\"thumbnailUrl\":\"https:\\\/\\\/fuentesfidedignas.com.mx\\\/wp-content\\\/uploads\\\/2022\\\/02\\\/Elba-Esther-Gordillo-05-640x360-1.jpg\",\"datePublished\":\"2022-02-14T19:31:05+00:00\",\"dateModified\":\"2022-02-14T19:31:06+00:00\",\"breadcrumb\":{\"@id\":\"https:\\\/\\\/fuentesfidedignas.com.mx\\\/index.php\\\/2022\\\/02\\\/14\\\/tras-boda-elba-esther-gordillo-anuncia-su-regreso-a-la-politica\\\/#breadcrumb\"},\"inLanguage\":\"es\",\"potentialAction\":[{\"@type\":\"ReadAction\",\"target\":[\"https:\\\/\\\/fuentesfidedignas.com.mx\\\/index.php\\\/2022\\\/02\\\/14\\\/tras-boda-elba-esther-gordillo-anuncia-su-regreso-a-la-politica\\\/\"]}]},{\"@type\":\"ImageObject\",\"inLanguage\":\"es\",\"@id\":\"https:\\\/\\\/fuentesfidedignas.com.mx\\\/index.php\\\/2022\\\/02\\\/14\\\/tras-boda-elba-esther-gordillo-anuncia-su-regreso-a-la-politica\\\/#primaryimage\",\"url\":\"https:\\\/\\\/fuentesfidedignas.com.mx\\\/wp-content\\\/uploads\\\/2022\\\/02\\\/Elba-Esther-Gordillo-05-640x360-1.jpg\",\"contentUrl\":\"https:\\\/\\\/fuentesfidedignas.com.mx\\\/wp-content\\\/uploads\\\/2022\\\/02\\\/Elba-Esther-Gordillo-05-640x360-1.jpg\",\"width\":640,\"height\":360},{\"@type\":\"BreadcrumbList\",\"@id\":\"https:\\\/\\\/fuentesfidedignas.com.mx\\\/index.php\\\/2022\\\/02\\\/14\\\/tras-boda-elba-esther-gordillo-anuncia-su-regreso-a-la-politica\\\/#breadcrumb\",\"itemListElement\":[{\"@type\":\"ListItem\",\"position\":1,\"name\":\"Inicio\",\"item\":\"https:\\\/\\\/fuentesfidedignas.com.mx\\\/\"},{\"@type\":\"ListItem\",\"position\":2,\"name\":\"Tras boda, Elba Esther Gordillo anuncia su regreso a la pol\u00edtica\"}]},{\"@type\":\"WebSite\",\"@id\":\"https:\\\/\\\/fuentesfidedignas.com.mx\\\/#website\",\"url\":\"https:\\\/\\\/fuentesfidedignas.com.mx\\\/\",\"name\":\"Fuentes Fidedignas\",\"description\":\"Otro sitio realizado con WordPress\",\"publisher\":{\"@id\":\"https:\\\/\\\/fuentesfidedignas.com.mx\\\/#organization\"},\"potentialAction\":[{\"@type\":\"SearchAction\",\"target\":{\"@type\":\"EntryPoint\",\"urlTemplate\":\"https:\\\/\\\/fuentesfidedignas.com.mx\\\/?s={search_term_string}\"},\"query-input\":{\"@type\":\"PropertyValueSpecification\",\"valueRequired\":true,\"valueName\":\"search_term_string\"}}],\"inLanguage\":\"es\"},{\"@type\":\"Organization\",\"@id\":\"https:\\\/\\\/fuentesfidedignas.com.mx\\\/#organization\",\"name\":\"Fuentes Fidedignas\",\"url\":\"https:\\\/\\\/fuentesfidedignas.com.mx\\\/\",\"logo\":{\"@type\":\"ImageObject\",\"inLanguage\":\"es\",\"@id\":\"https:\\\/\\\/fuentesfidedignas.com.mx\\\/#\\\/schema\\\/logo\\\/image\\\/\",\"url\":\"https:\\\/\\\/fuentesfidedignas.com.mx\\\/wp-content\\\/uploads\\\/2021\\\/04\\\/logo-retina.png\",\"contentUrl\":\"https:\\\/\\\/fuentesfidedignas.com.mx\\\/wp-content\\\/uploads\\\/2021\\\/04\\\/logo-retina.png\",\"width\":280,\"height\":51,\"caption\":\"Fuentes Fidedignas\"},\"image\":{\"@id\":\"https:\\\/\\\/fuentesfidedignas.com.mx\\\/#\\\/schema\\\/logo\\\/image\\\/\"},\"sameAs\":[\"https:\\\/\\\/www.facebook.com\\\/Fuentes-Fidedignas-368234489921644\",\"https:\\\/\\\/x.com\\\/fidedignas\"]},{\"@type\":\"Person\",\"@id\":\"https:\\\/\\\/fuentesfidedignas.com.mx\\\/#\\\/schema\\\/person\\\/5623d53fe2e579d825b1679734abcc44\",\"name\":\"Forbes\",\"image\":{\"@type\":\"ImageObject\",\"inLanguage\":\"es\",\"@id\":\"https:\\\/\\\/secure.gravatar.com\\\/avatar\\\/87ce3dd4e41e60c22a79c758614f01a6bc2469255fc936ec7b15efb9bb5cb66f?s=96&d=mm&r=g\",\"url\":\"https:\\\/\\\/secure.gravatar.com\\\/avatar\\\/87ce3dd4e41e60c22a79c758614f01a6bc2469255fc936ec7b15efb9bb5cb66f?s=96&d=mm&r=g\",\"contentUrl\":\"https:\\\/\\\/secure.gravatar.com\\\/avatar\\\/87ce3dd4e41e60c22a79c758614f01a6bc2469255fc936ec7b15efb9bb5cb66f?s=96&d=mm&r=g\",\"caption\":\"Forbes\"},\"url\":\"https:\\\/\\\/fuentesfidedignas.com.mx\\\/index.php\\\/author\\\/forbes\\\/\"}]}<\/script>\n<!-- \/ Yoast SEO plugin. -->","yoast_head_json":{"title":"Tras boda, Elba Esther Gordillo anuncia su regreso a la pol\u00edtica - Fuentes Fidedignas","robots":{"index":"index","follow":"follow","max-snippet":"max-snippet:-1","max-image-preview":"max-image-preview:large","max-video-preview":"max-video-preview:-1"},"canonical":"https:\/\/fuentesfidedignas.com.mx\/index.php\/2022\/02\/14\/tras-boda-elba-esther-gordillo-anuncia-su-regreso-a-la-politica\/","og_locale":"es_MX","og_type":"article","og_title":"Tras boda, Elba Esther Gordillo anuncia su regreso a la pol\u00edtica - Fuentes Fidedignas","og_description":"Elba Esther Gordillo critic\u00f3 el gobierno de L\u00f3pez Obrador y asegur\u00f3 que la educaci\u00f3n est\u00e1 abandonada; por ello, regresar\u00e1 a la pol\u00edtica. Ciudad de M\u00e9xico.- Elba Esther Gordillo, exdirigente sindical de los maestros, anunci\u00f3 su regreso a la pol\u00edtica al decir \u201cgenio y figura hasta la sepultura\u201d, aunque dijo que por el momento quiere disfrutar [&hellip;]","og_url":"https:\/\/fuentesfidedignas.com.mx\/index.php\/2022\/02\/14\/tras-boda-elba-esther-gordillo-anuncia-su-regreso-a-la-politica\/","og_site_name":"Fuentes Fidedignas","article_publisher":"https:\/\/www.facebook.com\/Fuentes-Fidedignas-368234489921644","article_published_time":"2022-02-14T19:31:05+00:00","article_modified_time":"2022-02-14T19:31:06+00:00","og_image":[{"width":640,"height":360,"url":"https:\/\/fuentesfidedignas.com.mx\/wp-content\/uploads\/2022\/02\/Elba-Esther-Gordillo-05-640x360-1.jpg","type":"image\/jpeg"}],"author":"Forbes","twitter_card":"summary_large_image","twitter_creator":"@fidedignas","twitter_site":"@fidedignas","twitter_misc":{"Escrito por":"Forbes","Tiempo de lectura":"2 minutos"},"schema":{"@context":"https:\/\/schema.org","@graph":[{"@type":"Article","@id":"https:\/\/fuentesfidedignas.com.mx\/index.php\/2022\/02\/14\/tras-boda-elba-esther-gordillo-anuncia-su-regreso-a-la-politica\/#article","isPartOf":{"@id":"https:\/\/fuentesfidedignas.com.mx\/index.php\/2022\/02\/14\/tras-boda-elba-esther-gordillo-anuncia-su-regreso-a-la-politica\/"},"author":{"name":"Forbes","@id":"https:\/\/fuentesfidedignas.com.mx\/#\/schema\/person\/5623d53fe2e579d825b1679734abcc44"},"headline":"Tras boda, Elba Esther Gordillo anuncia su regreso a la pol\u00edtica","datePublished":"2022-02-14T19:31:05+00:00","dateModified":"2022-02-14T19:31:06+00:00","mainEntityOfPage":{"@id":"https:\/\/fuentesfidedignas.com.mx\/index.php\/2022\/02\/14\/tras-boda-elba-esther-gordillo-anuncia-su-regreso-a-la-politica\/"},"wordCount":410,"commentCount":0,"publisher":{"@id":"https:\/\/fuentesfidedignas.com.mx\/#organization"},"image":{"@id":"https:\/\/fuentesfidedignas.com.mx\/index.php\/2022\/02\/14\/tras-boda-elba-esther-gordillo-anuncia-su-regreso-a-la-politica\/#primaryimage"},"thumbnailUrl":"https:\/\/fuentesfidedignas.com.mx\/wp-content\/uploads\/2022\/02\/Elba-Esther-Gordillo-05-640x360-1.jpg","keywords":["Elba Esther Gordillo"],"articleSection":["NOTICIAS NACIONALES"],"inLanguage":"es","potentialAction":[{"@type":"CommentAction","name":"Comment","target":["https:\/\/fuentesfidedignas.com.mx\/index.php\/2022\/02\/14\/tras-boda-elba-esther-gordillo-anuncia-su-regreso-a-la-politica\/#respond"]}]},{"@type":"WebPage","@id":"https:\/\/fuentesfidedignas.com.mx\/index.php\/2022\/02\/14\/tras-boda-elba-esther-gordillo-anuncia-su-regreso-a-la-politica\/","url":"https:\/\/fuentesfidedignas.com.mx\/index.php\/2022\/02\/14\/tras-boda-elba-esther-gordillo-anuncia-su-regreso-a-la-politica\/","name":"Tras boda, Elba Esther Gordillo anuncia su regreso a la pol\u00edtica - Fuentes Fidedignas","isPartOf":{"@id":"https:\/\/fuentesfidedignas.com.mx\/#website"},"primaryImageOfPage":{"@id":"https:\/\/fuentesfidedignas.com.mx\/index.php\/2022\/02\/14\/tras-boda-elba-esther-gordillo-anuncia-su-regreso-a-la-politica\/#primaryimage"},"image":{"@id":"https:\/\/fuentesfidedignas.com.mx\/index.php\/2022\/02\/14\/tras-boda-elba-esther-gordillo-anuncia-su-regreso-a-la-politica\/#primaryimage"},"thumbnailUrl":"https:\/\/fuentesfidedignas.com.mx\/wp-content\/uploads\/2022\/02\/Elba-Esther-Gordillo-05-640x360-1.jpg","datePublished":"2022-02-14T19:31:05+00:00","dateModified":"2022-02-14T19:31:06+00:00","breadcrumb":{"@id":"https:\/\/fuentesfidedignas.com.mx\/index.php\/2022\/02\/14\/tras-boda-elba-esther-gordillo-anuncia-su-regreso-a-la-politica\/#breadcrumb"},"inLanguage":"es","potentialAction":[{"@type":"ReadAction","target":["https:\/\/fuentesfidedignas.com.mx\/index.php\/2022\/02\/14\/tras-boda-elba-esther-gordillo-anuncia-su-regreso-a-la-politica\/"]}]},{"@type":"ImageObject","inLanguage":"es","@id":"https:\/\/fuentesfidedignas.com.mx\/index.php\/2022\/02\/14\/tras-boda-elba-esther-gordillo-anuncia-su-regreso-a-la-politica\/#primaryimage","url":"https:\/\/fuentesfidedignas.com.mx\/wp-content\/uploads\/2022\/02\/Elba-Esther-Gordillo-05-640x360-1.jpg","contentUrl":"https:\/\/fuentesfidedignas.com.mx\/wp-content\/uploads\/2022\/02\/Elba-Esther-Gordillo-05-640x360-1.jpg","width":640,"height":360},{"@type":"BreadcrumbList","@id":"https:\/\/fuentesfidedignas.com.mx\/index.php\/2022\/02\/14\/tras-boda-elba-esther-gordillo-anuncia-su-regreso-a-la-politica\/#breadcrumb","itemListElement":[{"@type":"ListItem","position":1,"name":"Inicio","item":"https:\/\/fuentesfidedignas.com.mx\/"},{"@type":"ListItem","position":2,"name":"Tras boda, Elba Esther Gordillo anuncia su regreso a la pol\u00edtica"}]},{"@type":"WebSite","@id":"https:\/\/fuentesfidedignas.com.mx\/#website","url":"https:\/\/fuentesfidedignas.com.mx\/","name":"Fuentes Fidedignas","description":"Otro sitio realizado con WordPress","publisher":{"@id":"https:\/\/fuentesfidedignas.com.mx\/#organization"},"potentialAction":[{"@type":"SearchAction","target":{"@type":"EntryPoint","urlTemplate":"https:\/\/fuentesfidedignas.com.mx\/?s={search_term_string}"},"query-input":{"@type":"PropertyValueSpecification","valueRequired":true,"valueName":"search_term_string"}}],"inLanguage":"es"},{"@type":"Organization","@id":"https:\/\/fuentesfidedignas.com.mx\/#organization","name":"Fuentes Fidedignas","url":"https:\/\/fuentesfidedignas.com.mx\/","logo":{"@type":"ImageObject","inLanguage":"es","@id":"https:\/\/fuentesfidedignas.com.mx\/#\/schema\/logo\/image\/","url":"https:\/\/fuentesfidedignas.com.mx\/wp-content\/uploads\/2021\/04\/logo-retina.png","contentUrl":"https:\/\/fuentesfidedignas.com.mx\/wp-content\/uploads\/2021\/04\/logo-retina.png","width":280,"height":51,"caption":"Fuentes Fidedignas"},"image":{"@id":"https:\/\/fuentesfidedignas.com.mx\/#\/schema\/logo\/image\/"},"sameAs":["https:\/\/www.facebook.com\/Fuentes-Fidedignas-368234489921644","https:\/\/x.com\/fidedignas"]},{"@type":"Person","@id":"https:\/\/fuentesfidedignas.com.mx\/#\/schema\/person\/5623d53fe2e579d825b1679734abcc44","name":"Forbes","image":{"@type":"ImageObject","inLanguage":"es","@id":"https:\/\/secure.gravatar.com\/avatar\/87ce3dd4e41e60c22a79c758614f01a6bc2469255fc936ec7b15efb9bb5cb66f?s=96&d=mm&r=g","url":"https:\/\/secure.gravatar.com\/avatar\/87ce3dd4e41e60c22a79c758614f01a6bc2469255fc936ec7b15efb9bb5cb66f?s=96&d=mm&r=g","contentUrl":"https:\/\/secure.gravatar.com\/avatar\/87ce3dd4e41e60c22a79c758614f01a6bc2469255fc936ec7b15efb9bb5cb66f?s=96&d=mm&r=g","caption":"Forbes"},"url":"https:\/\/fuentesfidedignas.com.mx\/index.php\/author\/forbes\/"}]}},"_links":{"self":[{"href":"https:\/\/fuentesfidedignas.com.mx\/index.php\/wp-json\/wp\/v2\/posts\/23996","targetHints":{"allow":["GET"]}}],"collection":[{"href":"https:\/\/fuentesfidedignas.com.mx\/index.php\/wp-json\/wp\/v2\/posts"}],"about":[{"href":"https:\/\/fuentesfidedignas.com.mx\/index.php\/wp-json\/wp\/v2\/types\/post"}],"author":[{"embeddable":true,"href":"https:\/\/fuentesfidedignas.com.mx\/index.php\/wp-json\/wp\/v2\/users\/5"}],"replies":[{"embeddable":true,"href":"https:\/\/fuentesfidedignas.com.mx\/index.php\/wp-json\/wp\/v2\/comments?post=23996"}],"version-history":[{"count":1,"href":"https:\/\/fuentesfidedignas.com.mx\/index.php\/wp-json\/wp\/v2\/posts\/23996\/revisions"}],"predecessor-version":[{"id":23998,"href":"https:\/\/fuentesfidedignas.com.mx\/index.php\/wp-json\/wp\/v2\/posts\/23996\/revisions\/23998"}],"wp:featuredmedia":[{"embeddable":true,"href":"https:\/\/fuentesfidedignas.com.mx\/index.php\/wp-json\/wp\/v2\/media\/23997"}],"wp:attachment":[{"href":"https:\/\/fuentesfidedignas.com.mx\/index.php\/wp-json\/wp\/v2\/media?parent=23996"}],"wp:term":[{"taxonomy":"category","embeddable":true,"href":"https:\/\/fuentesfidedignas.com.mx\/index.php\/wp-json\/wp\/v2\/categories?post=23996"},{"taxonomy":"post_tag","embeddable":true,"href":"https:\/\/fuentesfidedignas.com.mx\/index.php\/wp-json\/wp\/v2\/tags?post=23996"}],"curies":[{"name":"wp","href":"https:\/\/api.w.org\/{rel}","templated":true}]}}