{"id":23983,"date":"2022-02-14T10:31:56","date_gmt":"2022-02-14T17:31:56","guid":{"rendered":"https:\/\/fuentesfidedignas.com.mx\/?p=23983"},"modified":"2022-02-14T10:31:57","modified_gmt":"2022-02-14T17:31:57","slug":"bielorrusia-y-putin-deciden-cuando-retiraran-tropas-de-la-frontera-de-ucrania","status":"publish","type":"post","link":"https:\/\/fuentesfidedignas.com.mx\/index.php\/2022\/02\/14\/bielorrusia-y-putin-deciden-cuando-retiraran-tropas-de-la-frontera-de-ucrania\/","title":{"rendered":"Bielorrusia y Putin deciden cu\u00e1ndo retirar\u00e1n tropas de la frontera de Ucrania"},"content":{"rendered":"\n<p><strong><em>&#8216;Es nuestro territorio&#8217; declar\u00f3 Lukashenko, que espera una reuni\u00f3n con Putin para delinear el plan de las tropas instaladas en Ucrania.<\/em><\/strong><\/p>\n\n\n\n<p>El presidente de Bielorrusia, Alexandr Lukashenko, afirm\u00f3 en estas horas que decidir\u00e1 pronto con el mandatario ruso, Vladimir Putin, cu\u00e1ndo retirar las tropas rusas de la frontera con Ucrania, pero reiter\u00f3 que esto suceder\u00e1 solo una vez hayan finalizado los ejercicios militares conjuntos el pr\u00f3ximo d\u00eda 20.<\/p>\n\n\n\n<p>\u201cRetiraremos (las tropas) cuando lo decidamos con el presidente de Rusia, y cuando las maniobras hayan finalizado. Nosotros tomaremos la decisi\u00f3n: es nuestro territorio\u201d, recalc\u00f3 en una reuni\u00f3n con el pol\u00edtico ucraniano Alexander Moroz.<\/p>\n\n\n\n<p>\u201cNos reuniremos en un futuro cercano y decidiremos cu\u00e1ndo, en qu\u00e9 espacio de tiempo, de acuerdo con qu\u00e9 calendario, retirar las Fuerzas Armadas de la Federaci\u00f3n Rusa de aqu\u00ed. Este es nuestro asunto\u201d, insisti\u00f3.<\/p>\n\n\n\n<p>El portavoz del Kremlin, Dmitri Peskov, declar\u00f3 esta ma\u00f1ana que la reuni\u00f3n de Putin con su hom\u00f3logo bielorruso \u201cse espera antes de que termine esta semana\u201d.<\/p>\n\n\n\n<p>Sin embargo, Peskov eludi\u00f3 contestar si en ese encuentro se decidir\u00e1 el cronograma de la retirada de la tropas rusa que participan en los ejercicios militares que tienen lugar en Bielorrusia.<\/p>\n\n\n\n<p>\u201cNo nos adelantemos a los acontecimientos. Esperemos la reuni\u00f3n. Confiemos en que los presidentes hagan una declaraci\u00f3n al t\u00e9rminos de sus conversaciones\u201d, zanj\u00f3.<\/p>\n\n\n\n<p>Lukashenko, por su parte, se quej\u00f3 del despliegue de la OTAN junto a Bielorrusia.<\/p>\n\n\n\n<p>\u201cMiren lo que est\u00e1n haciendo los estadounidenses. Est\u00e1n trasladando miles de (soldados) a nuestra frontera, directamente a Polonia, a los Estados B\u00e1lticos. Los brit\u00e1nicos y otros pa\u00edses europeos traen Fuerzas Armadas y la pregunta razonable es: \u00bfcu\u00e1ndo las retirar\u00e1n ustedes?\u201d, afirm\u00f3 Lukashenko.<\/p>\n\n\n\n<p>\u201cEllos no hablan de esto, pero ponen presi\u00f3n sobre nosotros\u201d, sostuvo.<\/p>\n\n\n\n<p><strong>G7 advierte que reaccionar\u00e1 ante movimientos de tropas en Ucrania<\/strong><br>Los ministros de Finanzas del G7 advirtieron a trav\u00e9s de un comunicado que reaccionaran de manera r\u00e1pida y contundente a un ataque de Rusia a Ucrania aunque la prioridad es evitar una escalada.<\/p>\n\n\n\n<p>\u201cNuestra prioridad inmediata es apoyar los esfuerzos para evitar una escalada. Sin embargo, reiteramos que en caso de una agresi\u00f3n militar de Rusia contra Ucrania tendremos una respuesta r\u00e1pida, coordinada y contundente\u201d, dice el comunicado difundido por el ministerio alem\u00e1n.<\/p>\n\n\n\n<p>\u201cEstamos preparados para imponer sanciones econ\u00f3micas y financieras que tendr\u00eda un efecto grande e inmediato para la econom\u00eda rusa\u201d, agrega.<\/p>\n\n\n\n<p>China pidi\u00f3 este lunes \u201ca todas las partes implicadas\u201d que sean \u201cracionales\u201d y \u201ceviten acciones que hagan aumentar las tensiones\u201d en Ucrania.<\/p>\n\n\n\n<p>El portavoz de Exteriores chino Wang Wenbin indic\u00f3 en rueda de prensa que China est\u00e1 \u201csiguiendo de cerca la situaci\u00f3n\u201d pero que la embajada y los consulados del pa\u00eds asi\u00e1tico en Ucrania \u201cfuncionan con normalidad\u201d.<\/p>\n\n\n\n<p>Wang detall\u00f3 que la embajada china en Ucrania ha emitido un aviso consular en el que pide a los ciudadanos chinos que est\u00e9n alerta y sigan de cerca la situaci\u00f3n.<\/p>\n\n\n\n<p>Las declaraciones contrastan con la de los pa\u00edses que han pedido a sus ciudadanos que abandonen Ucrania despu\u00e9s de que el Secretario de Estado de Estados Unidos, Antony Blinken, se\u00f1alara que una \u201cinvasi\u00f3n\u201d rusa \u201cpuede comenzar en cualquier momento\u201d.<\/p>\n\n\n\n<p>Corea del Sur planea evacuar a todos sus ciudadanos de Ucrania en los pr\u00f3ximos dos d\u00edas ante el temor a que pueda producirse una invasi\u00f3n militar rusa, seg\u00fan explic\u00f3 hoy un portavoz de Exteriores a la agencia Yonhap.<\/p>\n\n\n\n<p>\u201cEl Gobierno est\u00e1 urgiendo a los ciudadanos coreanos a que abandonen Ucrania lo antes posible a trav\u00e9s de los vuelos disponibles o a trav\u00e9s de rutas terrestres, ya que se activ\u00f3 una alerta de viaje de nivel 4 para todas las regiones de Ucrania el domingo\u201d, explic\u00f3 el portavoz.<\/p>\n\n\n\n<p>En Ucrania est\u00e1n residiendo actualmente 281 ciudadanos surcoreanos, incluyendo a personal diplom\u00e1tico, y de ellos, un centenar tiene previsto abandonar el pa\u00eds en las pr\u00f3ximas horas.<\/p>\n\n\n\n<p><strong>Singapur urge a ciudadanos a abandonar Ucrania \u2018lo antes posible\u2019<\/strong><br>Singapur ha urgido a sus nacionales a que abandonen Ucrania \u201clo antes posible\u201d pues no garantiza poder asistirles \u201csi estalla un conflicto\u201d con Rusia.<\/p>\n\n\n\n<p>El ministerio de Asuntos Exteriores de la ciudad-Estado asi\u00e1tica exhorta a sus ciudadanos a que salgan del pa\u00eds en vuelos comerciales \u201cmientras sea posible hacerlo\u201d, seg\u00fan un comunicado divulgado la noche del domingo.<\/p>\n\n\n\n<p>\u201cLas tensiones han continuado aumentando en Ucrania y en la regi\u00f3n, y, dada la situaci\u00f3n, se recomienda a los singapurenses en Ucrania que abandonen el pa\u00eds cuanto antes en vuelos comerciales mientras sea posible hacerlo\u201d, subraya el ministerio isle\u00f1o.<\/p>\n\n\n\n<p>Singapur, a\u00f1ade, no dispone de una misi\u00f3n diplom\u00e1tica en Ucrania, por lo que \u201cno hay garant\u00eda de que el ministerio de Asuntos Exteriores est\u00e9 en posici\u00f3n de ayudar a los singapurenses a salir del pa\u00eds si estalla el conflicto\u201d.<\/p>\n","protected":false},"excerpt":{"rendered":"<p>&#8216;Es nuestro territorio&#8217; declar\u00f3 Lukashenko, que espera una reuni\u00f3n con Putin para delinear el plan de las tropas instaladas en Ucrania. El presidente de Bielorrusia, Alexandr Lukashenko, afirm\u00f3 en estas horas que decidir\u00e1 pronto con el mandatario ruso, Vladimir Putin, cu\u00e1ndo retirar las tropas rusas de la frontera con Ucrania, pero reiter\u00f3 que esto suceder\u00e1 [&hellip;]<\/p>\n","protected":false},"author":22,"featured_media":23984,"comment_status":"open","ping_status":"open","sticky":false,"template":"","format":"standard","meta":{"tdm_status":"","tdm_grid_status":"","footnotes":""},"categories":[39],"tags":[141,2362,142],"class_list":{"0":"post-23983","1":"post","2":"type-post","3":"status-publish","4":"format-standard","5":"has-post-thumbnail","7":"category-noticias-nacionales","8":"tag-rusia","9":"tag-ucrania","10":"tag-vladimir-putin"},"yoast_head":"<!-- This site is optimized with the Yoast SEO plugin v27.4 - https:\/\/yoast.com\/product\/yoast-seo-wordpress\/ -->\n<title>Bielorrusia y Putin deciden cu\u00e1ndo retirar\u00e1n tropas de la frontera de Ucrania - Fuentes Fidedignas<\/title>\n<meta name=\"robots\" content=\"index, follow, max-snippet:-1, max-image-preview:large, max-video-preview:-1\" \/>\n<link rel=\"canonical\" href=\"https:\/\/fuentesfidedignas.com.mx\/index.php\/2022\/02\/14\/bielorrusia-y-putin-deciden-cuando-retiraran-tropas-de-la-frontera-de-ucrania\/\" \/>\n<meta property=\"og:locale\" content=\"es_MX\" \/>\n<meta property=\"og:type\" content=\"article\" \/>\n<meta property=\"og:title\" content=\"Bielorrusia y Putin deciden cu\u00e1ndo retirar\u00e1n tropas de la frontera de Ucrania - Fuentes Fidedignas\" \/>\n<meta property=\"og:description\" content=\"&#8216;Es nuestro territorio&#8217; declar\u00f3 Lukashenko, que espera una reuni\u00f3n con Putin para delinear el plan de las tropas instaladas en Ucrania. El presidente de Bielorrusia, Alexandr Lukashenko, afirm\u00f3 en estas horas que decidir\u00e1 pronto con el mandatario ruso, Vladimir Putin, cu\u00e1ndo retirar las tropas rusas de la frontera con Ucrania, pero reiter\u00f3 que esto suceder\u00e1 [&hellip;]\" \/>\n<meta property=\"og:url\" content=\"https:\/\/fuentesfidedignas.com.mx\/index.php\/2022\/02\/14\/bielorrusia-y-putin-deciden-cuando-retiraran-tropas-de-la-frontera-de-ucrania\/\" \/>\n<meta property=\"og:site_name\" content=\"Fuentes Fidedignas\" \/>\n<meta property=\"article:publisher\" content=\"https:\/\/www.facebook.com\/Fuentes-Fidedignas-368234489921644\" \/>\n<meta property=\"article:published_time\" content=\"2022-02-14T17:31:56+00:00\" \/>\n<meta property=\"article:modified_time\" content=\"2022-02-14T17:31:57+00:00\" \/>\n<meta property=\"og:image\" content=\"https:\/\/fuentesfidedignas.com.mx\/wp-content\/uploads\/2022\/02\/BIELORRUSIA-RUSIA-TROPAS-640x360-1.jpg\" \/>\n\t<meta property=\"og:image:width\" content=\"640\" \/>\n\t<meta property=\"og:image:height\" content=\"360\" \/>\n\t<meta property=\"og:image:type\" content=\"image\/jpeg\" \/>\n<meta name=\"author\" content=\"EFE\" \/>\n<meta name=\"twitter:card\" content=\"summary_large_image\" \/>\n<meta name=\"twitter:creator\" content=\"@fidedignas\" \/>\n<meta name=\"twitter:site\" content=\"@fidedignas\" \/>\n<meta name=\"twitter:label1\" content=\"Escrito por\" \/>\n\t<meta name=\"twitter:data1\" content=\"EFE\" \/>\n\t<meta name=\"twitter:label2\" content=\"Tiempo de lectura\" \/>\n\t<meta name=\"twitter:data2\" content=\"4 minutos\" \/>\n<script type=\"application\/ld+json\" class=\"yoast-schema-graph\">{\"@context\":\"https:\\\/\\\/schema.org\",\"@graph\":[{\"@type\":\"Article\",\"@id\":\"https:\\\/\\\/fuentesfidedignas.com.mx\\\/index.php\\\/2022\\\/02\\\/14\\\/bielorrusia-y-putin-deciden-cuando-retiraran-tropas-de-la-frontera-de-ucrania\\\/#article\",\"isPartOf\":{\"@id\":\"https:\\\/\\\/fuentesfidedignas.com.mx\\\/index.php\\\/2022\\\/02\\\/14\\\/bielorrusia-y-putin-deciden-cuando-retiraran-tropas-de-la-frontera-de-ucrania\\\/\"},\"author\":{\"name\":\"EFE\",\"@id\":\"https:\\\/\\\/fuentesfidedignas.com.mx\\\/#\\\/schema\\\/person\\\/0d44615087b5a626d5d3f13afe31ac41\"},\"headline\":\"Bielorrusia y Putin deciden cu\u00e1ndo retirar\u00e1n tropas de la frontera de Ucrania\",\"datePublished\":\"2022-02-14T17:31:56+00:00\",\"dateModified\":\"2022-02-14T17:31:57+00:00\",\"mainEntityOfPage\":{\"@id\":\"https:\\\/\\\/fuentesfidedignas.com.mx\\\/index.php\\\/2022\\\/02\\\/14\\\/bielorrusia-y-putin-deciden-cuando-retiraran-tropas-de-la-frontera-de-ucrania\\\/\"},\"wordCount\":844,\"commentCount\":0,\"publisher\":{\"@id\":\"https:\\\/\\\/fuentesfidedignas.com.mx\\\/#organization\"},\"image\":{\"@id\":\"https:\\\/\\\/fuentesfidedignas.com.mx\\\/index.php\\\/2022\\\/02\\\/14\\\/bielorrusia-y-putin-deciden-cuando-retiraran-tropas-de-la-frontera-de-ucrania\\\/#primaryimage\"},\"thumbnailUrl\":\"https:\\\/\\\/fuentesfidedignas.com.mx\\\/wp-content\\\/uploads\\\/2022\\\/02\\\/BIELORRUSIA-RUSIA-TROPAS-640x360-1.jpg\",\"keywords\":[\"Rusia\",\"Ucrania\",\"Vladimir Putin\"],\"articleSection\":[\"NOTICIAS NACIONALES\"],\"inLanguage\":\"es\",\"potentialAction\":[{\"@type\":\"CommentAction\",\"name\":\"Comment\",\"target\":[\"https:\\\/\\\/fuentesfidedignas.com.mx\\\/index.php\\\/2022\\\/02\\\/14\\\/bielorrusia-y-putin-deciden-cuando-retiraran-tropas-de-la-frontera-de-ucrania\\\/#respond\"]}]},{\"@type\":\"WebPage\",\"@id\":\"https:\\\/\\\/fuentesfidedignas.com.mx\\\/index.php\\\/2022\\\/02\\\/14\\\/bielorrusia-y-putin-deciden-cuando-retiraran-tropas-de-la-frontera-de-ucrania\\\/\",\"url\":\"https:\\\/\\\/fuentesfidedignas.com.mx\\\/index.php\\\/2022\\\/02\\\/14\\\/bielorrusia-y-putin-deciden-cuando-retiraran-tropas-de-la-frontera-de-ucrania\\\/\",\"name\":\"Bielorrusia y Putin deciden cu\u00e1ndo retirar\u00e1n tropas de la frontera de Ucrania - Fuentes Fidedignas\",\"isPartOf\":{\"@id\":\"https:\\\/\\\/fuentesfidedignas.com.mx\\\/#website\"},\"primaryImageOfPage\":{\"@id\":\"https:\\\/\\\/fuentesfidedignas.com.mx\\\/index.php\\\/2022\\\/02\\\/14\\\/bielorrusia-y-putin-deciden-cuando-retiraran-tropas-de-la-frontera-de-ucrania\\\/#primaryimage\"},\"image\":{\"@id\":\"https:\\\/\\\/fuentesfidedignas.com.mx\\\/index.php\\\/2022\\\/02\\\/14\\\/bielorrusia-y-putin-deciden-cuando-retiraran-tropas-de-la-frontera-de-ucrania\\\/#primaryimage\"},\"thumbnailUrl\":\"https:\\\/\\\/fuentesfidedignas.com.mx\\\/wp-content\\\/uploads\\\/2022\\\/02\\\/BIELORRUSIA-RUSIA-TROPAS-640x360-1.jpg\",\"datePublished\":\"2022-02-14T17:31:56+00:00\",\"dateModified\":\"2022-02-14T17:31:57+00:00\",\"breadcrumb\":{\"@id\":\"https:\\\/\\\/fuentesfidedignas.com.mx\\\/index.php\\\/2022\\\/02\\\/14\\\/bielorrusia-y-putin-deciden-cuando-retiraran-tropas-de-la-frontera-de-ucrania\\\/#breadcrumb\"},\"inLanguage\":\"es\",\"potentialAction\":[{\"@type\":\"ReadAction\",\"target\":[\"https:\\\/\\\/fuentesfidedignas.com.mx\\\/index.php\\\/2022\\\/02\\\/14\\\/bielorrusia-y-putin-deciden-cuando-retiraran-tropas-de-la-frontera-de-ucrania\\\/\"]}]},{\"@type\":\"ImageObject\",\"inLanguage\":\"es\",\"@id\":\"https:\\\/\\\/fuentesfidedignas.com.mx\\\/index.php\\\/2022\\\/02\\\/14\\\/bielorrusia-y-putin-deciden-cuando-retiraran-tropas-de-la-frontera-de-ucrania\\\/#primaryimage\",\"url\":\"https:\\\/\\\/fuentesfidedignas.com.mx\\\/wp-content\\\/uploads\\\/2022\\\/02\\\/BIELORRUSIA-RUSIA-TROPAS-640x360-1.jpg\",\"contentUrl\":\"https:\\\/\\\/fuentesfidedignas.com.mx\\\/wp-content\\\/uploads\\\/2022\\\/02\\\/BIELORRUSIA-RUSIA-TROPAS-640x360-1.jpg\",\"width\":640,\"height\":360},{\"@type\":\"BreadcrumbList\",\"@id\":\"https:\\\/\\\/fuentesfidedignas.com.mx\\\/index.php\\\/2022\\\/02\\\/14\\\/bielorrusia-y-putin-deciden-cuando-retiraran-tropas-de-la-frontera-de-ucrania\\\/#breadcrumb\",\"itemListElement\":[{\"@type\":\"ListItem\",\"position\":1,\"name\":\"Inicio\",\"item\":\"https:\\\/\\\/fuentesfidedignas.com.mx\\\/\"},{\"@type\":\"ListItem\",\"position\":2,\"name\":\"Bielorrusia y Putin deciden cu\u00e1ndo retirar\u00e1n tropas de la frontera de Ucrania\"}]},{\"@type\":\"WebSite\",\"@id\":\"https:\\\/\\\/fuentesfidedignas.com.mx\\\/#website\",\"url\":\"https:\\\/\\\/fuentesfidedignas.com.mx\\\/\",\"name\":\"Fuentes Fidedignas\",\"description\":\"Otro sitio realizado con WordPress\",\"publisher\":{\"@id\":\"https:\\\/\\\/fuentesfidedignas.com.mx\\\/#organization\"},\"potentialAction\":[{\"@type\":\"SearchAction\",\"target\":{\"@type\":\"EntryPoint\",\"urlTemplate\":\"https:\\\/\\\/fuentesfidedignas.com.mx\\\/?s={search_term_string}\"},\"query-input\":{\"@type\":\"PropertyValueSpecification\",\"valueRequired\":true,\"valueName\":\"search_term_string\"}}],\"inLanguage\":\"es\"},{\"@type\":\"Organization\",\"@id\":\"https:\\\/\\\/fuentesfidedignas.com.mx\\\/#organization\",\"name\":\"Fuentes Fidedignas\",\"url\":\"https:\\\/\\\/fuentesfidedignas.com.mx\\\/\",\"logo\":{\"@type\":\"ImageObject\",\"inLanguage\":\"es\",\"@id\":\"https:\\\/\\\/fuentesfidedignas.com.mx\\\/#\\\/schema\\\/logo\\\/image\\\/\",\"url\":\"https:\\\/\\\/fuentesfidedignas.com.mx\\\/wp-content\\\/uploads\\\/2021\\\/04\\\/logo-retina.png\",\"contentUrl\":\"https:\\\/\\\/fuentesfidedignas.com.mx\\\/wp-content\\\/uploads\\\/2021\\\/04\\\/logo-retina.png\",\"width\":280,\"height\":51,\"caption\":\"Fuentes Fidedignas\"},\"image\":{\"@id\":\"https:\\\/\\\/fuentesfidedignas.com.mx\\\/#\\\/schema\\\/logo\\\/image\\\/\"},\"sameAs\":[\"https:\\\/\\\/www.facebook.com\\\/Fuentes-Fidedignas-368234489921644\",\"https:\\\/\\\/x.com\\\/fidedignas\"]},{\"@type\":\"Person\",\"@id\":\"https:\\\/\\\/fuentesfidedignas.com.mx\\\/#\\\/schema\\\/person\\\/0d44615087b5a626d5d3f13afe31ac41\",\"name\":\"EFE\",\"image\":{\"@type\":\"ImageObject\",\"inLanguage\":\"es\",\"@id\":\"https:\\\/\\\/secure.gravatar.com\\\/avatar\\\/7048c2d9b569d9bed55bb53ad23821e6e047aa66338fb6ea9868627bbb9f54e8?s=96&d=mm&r=g\",\"url\":\"https:\\\/\\\/secure.gravatar.com\\\/avatar\\\/7048c2d9b569d9bed55bb53ad23821e6e047aa66338fb6ea9868627bbb9f54e8?s=96&d=mm&r=g\",\"contentUrl\":\"https:\\\/\\\/secure.gravatar.com\\\/avatar\\\/7048c2d9b569d9bed55bb53ad23821e6e047aa66338fb6ea9868627bbb9f54e8?s=96&d=mm&r=g\",\"caption\":\"EFE\"},\"url\":\"https:\\\/\\\/fuentesfidedignas.com.mx\\\/index.php\\\/author\\\/efe\\\/\"}]}<\/script>\n<!-- \/ Yoast SEO plugin. -->","yoast_head_json":{"title":"Bielorrusia y Putin deciden cu\u00e1ndo retirar\u00e1n tropas de la frontera de Ucrania - Fuentes Fidedignas","robots":{"index":"index","follow":"follow","max-snippet":"max-snippet:-1","max-image-preview":"max-image-preview:large","max-video-preview":"max-video-preview:-1"},"canonical":"https:\/\/fuentesfidedignas.com.mx\/index.php\/2022\/02\/14\/bielorrusia-y-putin-deciden-cuando-retiraran-tropas-de-la-frontera-de-ucrania\/","og_locale":"es_MX","og_type":"article","og_title":"Bielorrusia y Putin deciden cu\u00e1ndo retirar\u00e1n tropas de la frontera de Ucrania - Fuentes Fidedignas","og_description":"&#8216;Es nuestro territorio&#8217; declar\u00f3 Lukashenko, que espera una reuni\u00f3n con Putin para delinear el plan de las tropas instaladas en Ucrania. El presidente de Bielorrusia, Alexandr Lukashenko, afirm\u00f3 en estas horas que decidir\u00e1 pronto con el mandatario ruso, Vladimir Putin, cu\u00e1ndo retirar las tropas rusas de la frontera con Ucrania, pero reiter\u00f3 que esto suceder\u00e1 [&hellip;]","og_url":"https:\/\/fuentesfidedignas.com.mx\/index.php\/2022\/02\/14\/bielorrusia-y-putin-deciden-cuando-retiraran-tropas-de-la-frontera-de-ucrania\/","og_site_name":"Fuentes Fidedignas","article_publisher":"https:\/\/www.facebook.com\/Fuentes-Fidedignas-368234489921644","article_published_time":"2022-02-14T17:31:56+00:00","article_modified_time":"2022-02-14T17:31:57+00:00","og_image":[{"width":640,"height":360,"url":"https:\/\/fuentesfidedignas.com.mx\/wp-content\/uploads\/2022\/02\/BIELORRUSIA-RUSIA-TROPAS-640x360-1.jpg","type":"image\/jpeg"}],"author":"EFE","twitter_card":"summary_large_image","twitter_creator":"@fidedignas","twitter_site":"@fidedignas","twitter_misc":{"Escrito por":"EFE","Tiempo de lectura":"4 minutos"},"schema":{"@context":"https:\/\/schema.org","@graph":[{"@type":"Article","@id":"https:\/\/fuentesfidedignas.com.mx\/index.php\/2022\/02\/14\/bielorrusia-y-putin-deciden-cuando-retiraran-tropas-de-la-frontera-de-ucrania\/#article","isPartOf":{"@id":"https:\/\/fuentesfidedignas.com.mx\/index.php\/2022\/02\/14\/bielorrusia-y-putin-deciden-cuando-retiraran-tropas-de-la-frontera-de-ucrania\/"},"author":{"name":"EFE","@id":"https:\/\/fuentesfidedignas.com.mx\/#\/schema\/person\/0d44615087b5a626d5d3f13afe31ac41"},"headline":"Bielorrusia y Putin deciden cu\u00e1ndo retirar\u00e1n tropas de la frontera de Ucrania","datePublished":"2022-02-14T17:31:56+00:00","dateModified":"2022-02-14T17:31:57+00:00","mainEntityOfPage":{"@id":"https:\/\/fuentesfidedignas.com.mx\/index.php\/2022\/02\/14\/bielorrusia-y-putin-deciden-cuando-retiraran-tropas-de-la-frontera-de-ucrania\/"},"wordCount":844,"commentCount":0,"publisher":{"@id":"https:\/\/fuentesfidedignas.com.mx\/#organization"},"image":{"@id":"https:\/\/fuentesfidedignas.com.mx\/index.php\/2022\/02\/14\/bielorrusia-y-putin-deciden-cuando-retiraran-tropas-de-la-frontera-de-ucrania\/#primaryimage"},"thumbnailUrl":"https:\/\/fuentesfidedignas.com.mx\/wp-content\/uploads\/2022\/02\/BIELORRUSIA-RUSIA-TROPAS-640x360-1.jpg","keywords":["Rusia","Ucrania","Vladimir Putin"],"articleSection":["NOTICIAS NACIONALES"],"inLanguage":"es","potentialAction":[{"@type":"CommentAction","name":"Comment","target":["https:\/\/fuentesfidedignas.com.mx\/index.php\/2022\/02\/14\/bielorrusia-y-putin-deciden-cuando-retiraran-tropas-de-la-frontera-de-ucrania\/#respond"]}]},{"@type":"WebPage","@id":"https:\/\/fuentesfidedignas.com.mx\/index.php\/2022\/02\/14\/bielorrusia-y-putin-deciden-cuando-retiraran-tropas-de-la-frontera-de-ucrania\/","url":"https:\/\/fuentesfidedignas.com.mx\/index.php\/2022\/02\/14\/bielorrusia-y-putin-deciden-cuando-retiraran-tropas-de-la-frontera-de-ucrania\/","name":"Bielorrusia y Putin deciden cu\u00e1ndo retirar\u00e1n tropas de la frontera de Ucrania - Fuentes Fidedignas","isPartOf":{"@id":"https:\/\/fuentesfidedignas.com.mx\/#website"},"primaryImageOfPage":{"@id":"https:\/\/fuentesfidedignas.com.mx\/index.php\/2022\/02\/14\/bielorrusia-y-putin-deciden-cuando-retiraran-tropas-de-la-frontera-de-ucrania\/#primaryimage"},"image":{"@id":"https:\/\/fuentesfidedignas.com.mx\/index.php\/2022\/02\/14\/bielorrusia-y-putin-deciden-cuando-retiraran-tropas-de-la-frontera-de-ucrania\/#primaryimage"},"thumbnailUrl":"https:\/\/fuentesfidedignas.com.mx\/wp-content\/uploads\/2022\/02\/BIELORRUSIA-RUSIA-TROPAS-640x360-1.jpg","datePublished":"2022-02-14T17:31:56+00:00","dateModified":"2022-02-14T17:31:57+00:00","breadcrumb":{"@id":"https:\/\/fuentesfidedignas.com.mx\/index.php\/2022\/02\/14\/bielorrusia-y-putin-deciden-cuando-retiraran-tropas-de-la-frontera-de-ucrania\/#breadcrumb"},"inLanguage":"es","potentialAction":[{"@type":"ReadAction","target":["https:\/\/fuentesfidedignas.com.mx\/index.php\/2022\/02\/14\/bielorrusia-y-putin-deciden-cuando-retiraran-tropas-de-la-frontera-de-ucrania\/"]}]},{"@type":"ImageObject","inLanguage":"es","@id":"https:\/\/fuentesfidedignas.com.mx\/index.php\/2022\/02\/14\/bielorrusia-y-putin-deciden-cuando-retiraran-tropas-de-la-frontera-de-ucrania\/#primaryimage","url":"https:\/\/fuentesfidedignas.com.mx\/wp-content\/uploads\/2022\/02\/BIELORRUSIA-RUSIA-TROPAS-640x360-1.jpg","contentUrl":"https:\/\/fuentesfidedignas.com.mx\/wp-content\/uploads\/2022\/02\/BIELORRUSIA-RUSIA-TROPAS-640x360-1.jpg","width":640,"height":360},{"@type":"BreadcrumbList","@id":"https:\/\/fuentesfidedignas.com.mx\/index.php\/2022\/02\/14\/bielorrusia-y-putin-deciden-cuando-retiraran-tropas-de-la-frontera-de-ucrania\/#breadcrumb","itemListElement":[{"@type":"ListItem","position":1,"name":"Inicio","item":"https:\/\/fuentesfidedignas.com.mx\/"},{"@type":"ListItem","position":2,"name":"Bielorrusia y Putin deciden cu\u00e1ndo retirar\u00e1n tropas de la frontera de Ucrania"}]},{"@type":"WebSite","@id":"https:\/\/fuentesfidedignas.com.mx\/#website","url":"https:\/\/fuentesfidedignas.com.mx\/","name":"Fuentes Fidedignas","description":"Otro sitio realizado con WordPress","publisher":{"@id":"https:\/\/fuentesfidedignas.com.mx\/#organization"},"potentialAction":[{"@type":"SearchAction","target":{"@type":"EntryPoint","urlTemplate":"https:\/\/fuentesfidedignas.com.mx\/?s={search_term_string}"},"query-input":{"@type":"PropertyValueSpecification","valueRequired":true,"valueName":"search_term_string"}}],"inLanguage":"es"},{"@type":"Organization","@id":"https:\/\/fuentesfidedignas.com.mx\/#organization","name":"Fuentes Fidedignas","url":"https:\/\/fuentesfidedignas.com.mx\/","logo":{"@type":"ImageObject","inLanguage":"es","@id":"https:\/\/fuentesfidedignas.com.mx\/#\/schema\/logo\/image\/","url":"https:\/\/fuentesfidedignas.com.mx\/wp-content\/uploads\/2021\/04\/logo-retina.png","contentUrl":"https:\/\/fuentesfidedignas.com.mx\/wp-content\/uploads\/2021\/04\/logo-retina.png","width":280,"height":51,"caption":"Fuentes Fidedignas"},"image":{"@id":"https:\/\/fuentesfidedignas.com.mx\/#\/schema\/logo\/image\/"},"sameAs":["https:\/\/www.facebook.com\/Fuentes-Fidedignas-368234489921644","https:\/\/x.com\/fidedignas"]},{"@type":"Person","@id":"https:\/\/fuentesfidedignas.com.mx\/#\/schema\/person\/0d44615087b5a626d5d3f13afe31ac41","name":"EFE","image":{"@type":"ImageObject","inLanguage":"es","@id":"https:\/\/secure.gravatar.com\/avatar\/7048c2d9b569d9bed55bb53ad23821e6e047aa66338fb6ea9868627bbb9f54e8?s=96&d=mm&r=g","url":"https:\/\/secure.gravatar.com\/avatar\/7048c2d9b569d9bed55bb53ad23821e6e047aa66338fb6ea9868627bbb9f54e8?s=96&d=mm&r=g","contentUrl":"https:\/\/secure.gravatar.com\/avatar\/7048c2d9b569d9bed55bb53ad23821e6e047aa66338fb6ea9868627bbb9f54e8?s=96&d=mm&r=g","caption":"EFE"},"url":"https:\/\/fuentesfidedignas.com.mx\/index.php\/author\/efe\/"}]}},"_links":{"self":[{"href":"https:\/\/fuentesfidedignas.com.mx\/index.php\/wp-json\/wp\/v2\/posts\/23983","targetHints":{"allow":["GET"]}}],"collection":[{"href":"https:\/\/fuentesfidedignas.com.mx\/index.php\/wp-json\/wp\/v2\/posts"}],"about":[{"href":"https:\/\/fuentesfidedignas.com.mx\/index.php\/wp-json\/wp\/v2\/types\/post"}],"author":[{"embeddable":true,"href":"https:\/\/fuentesfidedignas.com.mx\/index.php\/wp-json\/wp\/v2\/users\/22"}],"replies":[{"embeddable":true,"href":"https:\/\/fuentesfidedignas.com.mx\/index.php\/wp-json\/wp\/v2\/comments?post=23983"}],"version-history":[{"count":1,"href":"https:\/\/fuentesfidedignas.com.mx\/index.php\/wp-json\/wp\/v2\/posts\/23983\/revisions"}],"predecessor-version":[{"id":23985,"href":"https:\/\/fuentesfidedignas.com.mx\/index.php\/wp-json\/wp\/v2\/posts\/23983\/revisions\/23985"}],"wp:featuredmedia":[{"embeddable":true,"href":"https:\/\/fuentesfidedignas.com.mx\/index.php\/wp-json\/wp\/v2\/media\/23984"}],"wp:attachment":[{"href":"https:\/\/fuentesfidedignas.com.mx\/index.php\/wp-json\/wp\/v2\/media?parent=23983"}],"wp:term":[{"taxonomy":"category","embeddable":true,"href":"https:\/\/fuentesfidedignas.com.mx\/index.php\/wp-json\/wp\/v2\/categories?post=23983"},{"taxonomy":"post_tag","embeddable":true,"href":"https:\/\/fuentesfidedignas.com.mx\/index.php\/wp-json\/wp\/v2\/tags?post=23983"}],"curies":[{"name":"wp","href":"https:\/\/api.w.org\/{rel}","templated":true}]}}