{"id":23944,"date":"2022-02-13T15:08:53","date_gmt":"2022-02-13T22:08:53","guid":{"rendered":"https:\/\/fuentesfidedignas.com.mx\/?p=23944"},"modified":"2022-02-13T15:08:54","modified_gmt":"2022-02-13T22:08:54","slug":"reforma-electrica-y-confrontacion-con-la-prensa-pegan-a-popularidad-de-amlo","status":"publish","type":"post","link":"https:\/\/fuentesfidedignas.com.mx\/index.php\/2022\/02\/13\/reforma-electrica-y-confrontacion-con-la-prensa-pegan-a-popularidad-de-amlo\/","title":{"rendered":"Reforma el\u00e9ctrica y confrontaci\u00f3n con la prensa pegan a popularidad de AMLO"},"content":{"rendered":"\n<p><strong><em>La popularidad de L\u00f3pez Obrador registr\u00f3 una baja en su monitoreo semanal tras confrontaci\u00f3n con la prensa y la reforma el\u00e9ctrica.<\/em><\/strong><\/p>\n\n\n\n<p>Ciudad de M\u00e9xico. \u2013 La decisi\u00f3n de Estados Unidos de suspender los env\u00edos de aguacate desde un violento estado mexicano sell\u00f3 una semana desafiante para el presidente Andr\u00e9s Manuel L\u00f3pez Obrador, cuyo \u00edndice de aprobaci\u00f3n sufri\u00f3 una ca\u00edda inusual en una encuesta de seguimiento publicada el domingo.<\/p>\n\n\n\n<p>El mandatario, cuya popularidad a\u00fan s\u00f3lida ha sido m\u00e1s resistente que la mayor\u00eda de los l\u00edderes mundiales, se ha visto envuelto este mes en una guerra de palabras con un periodista cr\u00edtico en torno a una investigaci\u00f3n sobre el estilo de vida de uno de los hijos del gobernante.<\/p>\n\n\n\n<p>El viernes, el presidente dedic\u00f3 una parte de su conferencia de prensa diaria a criticar al periodista Carlos Loret y mencion\u00f3 el supuesto salario que recibe, solo un d\u00eda despu\u00e9s de que las autoridades confirmaran el quinto asesinato de un profesional de los medios en M\u00e9xico este a\u00f1o.<\/p>\n\n\n\n<p>\u201cSe cambi\u00f3 de bando. De \u2018antisistema\u2019 a \u2018soy yo el sistema&#8217;\u201d, dijo Roy Campos, jefe de la encuestadora Consulta Mitofsky, cuyo sondeo de seguimiento mostr\u00f3 que el apoyo a L\u00f3pez Obrador registr\u00f3 este fin de semana su mayor ca\u00edda diaria en casi dos a\u00f1os.<\/p>\n\n\n\n<p>Seg\u00fan la encuesta, publicada el domingo, el pol\u00edtico izquierdista tiene un \u00edndice de aprobaci\u00f3n del 61.2%, un 0.6 puntos porcentuales menos que el s\u00e1bado y 1.5 puntos menos que la semana anterior.<\/p>\n\n\n\n<p>L\u00f3pez Obrador argumenta que Loret es parte de intereses arraigados que se resisten a su proyecto de hacer de M\u00e9xico una sociedad m\u00e1s justa, pero sus se\u00f1alamientos al periodista en un momento de mayor sensibilidad sobre la profesi\u00f3n ha generado inquietud.<\/p>\n\n\n\n<p>Loret dijo que las revelaciones sobre sus ingresos lo han puesto en peligro, y que el mandatario estaba enojado porque su reportaje sobre el aparentemente costoso estilo de vida de uno de sus hijos no encajaba con la imagen de austeridad personal que ha proyectado el pol\u00edtico.<\/p>\n\n\n\n<p>El s\u00e1bado, sin mencionar a Loret, la embajada de Estados Unidos en M\u00e9xico dijo estar consternada por la situaci\u00f3n que enfrentan los periodistas en el pa\u00eds, y destac\u00f3 el \u00faltimo asesinato.<\/p>\n\n\n\n<p>M\u00e1s tarde ese mismo d\u00eda, el gobierno mexicano dijo que Estados Unidos hab\u00eda suspendido temporalmente los env\u00edos de aguacate por motivos de seguridad desde el estado Michoac\u00e1n, una importante regi\u00f3n productora que ha estado plagada de violencia cr\u00f3nica.<\/p>\n\n\n\n<p>Mientras tanto, el mi\u00e9rcoles, L\u00f3pez Obrador, por segunda vez en menos de un mes, recibi\u00f3 la visita de un alto funcionario del gobierno de Estados Unidos que destac\u00f3 preocupaciones de los inversionistas sobre los planes de M\u00e9xico para fortalecer el control estatal de su mercado energ\u00e9tico.<\/p>\n\n\n\n<p>El pa\u00eds ya enfrenta dificultades econ\u00f3micas, ya que cifras preliminares mostraron que M\u00e9xico entr\u00f3 en una recesi\u00f3n t\u00e9cnica a fines del a\u00f1o pasado.<\/p>\n\n\n\n<p>En un refer\u00e9ndum programado para el 10 de abril e impulsado por L\u00f3pez Obrador, los votantes decidir\u00e1n si debe concluir el resto de su mandato hasta fines de septiembre de 2024.<\/p>\n\n\n\n<p>Analistas pol\u00edticos dicen que casi no hay posibilidad de que pierda y muchos opositores se han distanciado del refer\u00e9ndum por considerarlo innecesario. El presidente argumenta que es importante que el p\u00fablico le haga rendir cuentas.<\/p>\n","protected":false},"excerpt":{"rendered":"<p>La popularidad de L\u00f3pez Obrador registr\u00f3 una baja en su monitoreo semanal tras confrontaci\u00f3n con la prensa y la reforma el\u00e9ctrica. Ciudad de M\u00e9xico. \u2013 La decisi\u00f3n de Estados Unidos de suspender los env\u00edos de aguacate desde un violento estado mexicano sell\u00f3 una semana desafiante para el presidente Andr\u00e9s Manuel L\u00f3pez Obrador, cuyo \u00edndice de [&hellip;]<\/p>\n","protected":false},"author":5,"featured_media":23945,"comment_status":"open","ping_status":"open","sticky":false,"template":"","format":"standard","meta":{"tdm_status":"","tdm_grid_status":"","footnotes":""},"categories":[39],"tags":[247,297,678,2076],"class_list":{"0":"post-23944","1":"post","2":"type-post","3":"status-publish","4":"format-standard","5":"has-post-thumbnail","7":"category-noticias-nacionales","8":"tag-amlo","9":"tag-andres-manuel-lopez-obrador","10":"tag-periodistas","11":"tag-reforma-electrica"},"yoast_head":"<!-- This site is optimized with the Yoast SEO plugin v27.5 - https:\/\/yoast.com\/product\/yoast-seo-wordpress\/ -->\n<title>Reforma el\u00e9ctrica y confrontaci\u00f3n con la prensa pegan a popularidad de AMLO - Fuentes Fidedignas<\/title>\n<meta name=\"robots\" content=\"index, follow, max-snippet:-1, max-image-preview:large, max-video-preview:-1\" \/>\n<link rel=\"canonical\" href=\"https:\/\/fuentesfidedignas.com.mx\/index.php\/2022\/02\/13\/reforma-electrica-y-confrontacion-con-la-prensa-pegan-a-popularidad-de-amlo\/\" \/>\n<meta property=\"og:locale\" content=\"es_MX\" \/>\n<meta property=\"og:type\" content=\"article\" \/>\n<meta property=\"og:title\" content=\"Reforma el\u00e9ctrica y confrontaci\u00f3n con la prensa pegan a popularidad de AMLO - Fuentes Fidedignas\" \/>\n<meta property=\"og:description\" content=\"La popularidad de L\u00f3pez Obrador registr\u00f3 una baja en su monitoreo semanal tras confrontaci\u00f3n con la prensa y la reforma el\u00e9ctrica. Ciudad de M\u00e9xico. \u2013 La decisi\u00f3n de Estados Unidos de suspender los env\u00edos de aguacate desde un violento estado mexicano sell\u00f3 una semana desafiante para el presidente Andr\u00e9s Manuel L\u00f3pez Obrador, cuyo \u00edndice de [&hellip;]\" \/>\n<meta property=\"og:url\" content=\"https:\/\/fuentesfidedignas.com.mx\/index.php\/2022\/02\/13\/reforma-electrica-y-confrontacion-con-la-prensa-pegan-a-popularidad-de-amlo\/\" \/>\n<meta property=\"og:site_name\" content=\"Fuentes Fidedignas\" \/>\n<meta property=\"article:publisher\" content=\"https:\/\/www.facebook.com\/Fuentes-Fidedignas-368234489921644\" \/>\n<meta property=\"article:published_time\" content=\"2022-02-13T22:08:53+00:00\" \/>\n<meta property=\"article:modified_time\" content=\"2022-02-13T22:08:54+00:00\" \/>\n<meta property=\"og:image\" content=\"https:\/\/fuentesfidedignas.com.mx\/wp-content\/uploads\/2022\/02\/AMLO_POPULARIDAD.jpg\" \/>\n\t<meta property=\"og:image:width\" content=\"640\" \/>\n\t<meta property=\"og:image:height\" content=\"360\" \/>\n\t<meta property=\"og:image:type\" content=\"image\/jpeg\" \/>\n<meta name=\"author\" content=\"Forbes\" \/>\n<meta name=\"twitter:card\" content=\"summary_large_image\" \/>\n<meta name=\"twitter:creator\" content=\"@fidedignas\" \/>\n<meta name=\"twitter:site\" content=\"@fidedignas\" \/>\n<meta name=\"twitter:label1\" content=\"Escrito por\" \/>\n\t<meta name=\"twitter:data1\" content=\"Forbes\" \/>\n\t<meta name=\"twitter:label2\" content=\"Tiempo de lectura\" \/>\n\t<meta name=\"twitter:data2\" content=\"3 minutos\" \/>\n<script type=\"application\/ld+json\" class=\"yoast-schema-graph\">{\"@context\":\"https:\\\/\\\/schema.org\",\"@graph\":[{\"@type\":\"Article\",\"@id\":\"https:\\\/\\\/fuentesfidedignas.com.mx\\\/index.php\\\/2022\\\/02\\\/13\\\/reforma-electrica-y-confrontacion-con-la-prensa-pegan-a-popularidad-de-amlo\\\/#article\",\"isPartOf\":{\"@id\":\"https:\\\/\\\/fuentesfidedignas.com.mx\\\/index.php\\\/2022\\\/02\\\/13\\\/reforma-electrica-y-confrontacion-con-la-prensa-pegan-a-popularidad-de-amlo\\\/\"},\"author\":{\"name\":\"Forbes\",\"@id\":\"https:\\\/\\\/fuentesfidedignas.com.mx\\\/#\\\/schema\\\/person\\\/5623d53fe2e579d825b1679734abcc44\"},\"headline\":\"Reforma el\u00e9ctrica y confrontaci\u00f3n con la prensa pegan a popularidad de AMLO\",\"datePublished\":\"2022-02-13T22:08:53+00:00\",\"dateModified\":\"2022-02-13T22:08:54+00:00\",\"mainEntityOfPage\":{\"@id\":\"https:\\\/\\\/fuentesfidedignas.com.mx\\\/index.php\\\/2022\\\/02\\\/13\\\/reforma-electrica-y-confrontacion-con-la-prensa-pegan-a-popularidad-de-amlo\\\/\"},\"wordCount\":602,\"commentCount\":0,\"publisher\":{\"@id\":\"https:\\\/\\\/fuentesfidedignas.com.mx\\\/#organization\"},\"image\":{\"@id\":\"https:\\\/\\\/fuentesfidedignas.com.mx\\\/index.php\\\/2022\\\/02\\\/13\\\/reforma-electrica-y-confrontacion-con-la-prensa-pegan-a-popularidad-de-amlo\\\/#primaryimage\"},\"thumbnailUrl\":\"https:\\\/\\\/fuentesfidedignas.com.mx\\\/wp-content\\\/uploads\\\/2022\\\/02\\\/AMLO_POPULARIDAD.jpg\",\"keywords\":[\"AMLO\",\"Andr\u00e9s Manuel L\u00f3pez Obrador\",\"Periodistas\",\"Reforma El\u00e9ctrica\"],\"articleSection\":[\"NOTICIAS NACIONALES\"],\"inLanguage\":\"es\",\"potentialAction\":[{\"@type\":\"CommentAction\",\"name\":\"Comment\",\"target\":[\"https:\\\/\\\/fuentesfidedignas.com.mx\\\/index.php\\\/2022\\\/02\\\/13\\\/reforma-electrica-y-confrontacion-con-la-prensa-pegan-a-popularidad-de-amlo\\\/#respond\"]}]},{\"@type\":\"WebPage\",\"@id\":\"https:\\\/\\\/fuentesfidedignas.com.mx\\\/index.php\\\/2022\\\/02\\\/13\\\/reforma-electrica-y-confrontacion-con-la-prensa-pegan-a-popularidad-de-amlo\\\/\",\"url\":\"https:\\\/\\\/fuentesfidedignas.com.mx\\\/index.php\\\/2022\\\/02\\\/13\\\/reforma-electrica-y-confrontacion-con-la-prensa-pegan-a-popularidad-de-amlo\\\/\",\"name\":\"Reforma el\u00e9ctrica y confrontaci\u00f3n con la prensa pegan a popularidad de AMLO - Fuentes Fidedignas\",\"isPartOf\":{\"@id\":\"https:\\\/\\\/fuentesfidedignas.com.mx\\\/#website\"},\"primaryImageOfPage\":{\"@id\":\"https:\\\/\\\/fuentesfidedignas.com.mx\\\/index.php\\\/2022\\\/02\\\/13\\\/reforma-electrica-y-confrontacion-con-la-prensa-pegan-a-popularidad-de-amlo\\\/#primaryimage\"},\"image\":{\"@id\":\"https:\\\/\\\/fuentesfidedignas.com.mx\\\/index.php\\\/2022\\\/02\\\/13\\\/reforma-electrica-y-confrontacion-con-la-prensa-pegan-a-popularidad-de-amlo\\\/#primaryimage\"},\"thumbnailUrl\":\"https:\\\/\\\/fuentesfidedignas.com.mx\\\/wp-content\\\/uploads\\\/2022\\\/02\\\/AMLO_POPULARIDAD.jpg\",\"datePublished\":\"2022-02-13T22:08:53+00:00\",\"dateModified\":\"2022-02-13T22:08:54+00:00\",\"breadcrumb\":{\"@id\":\"https:\\\/\\\/fuentesfidedignas.com.mx\\\/index.php\\\/2022\\\/02\\\/13\\\/reforma-electrica-y-confrontacion-con-la-prensa-pegan-a-popularidad-de-amlo\\\/#breadcrumb\"},\"inLanguage\":\"es\",\"potentialAction\":[{\"@type\":\"ReadAction\",\"target\":[\"https:\\\/\\\/fuentesfidedignas.com.mx\\\/index.php\\\/2022\\\/02\\\/13\\\/reforma-electrica-y-confrontacion-con-la-prensa-pegan-a-popularidad-de-amlo\\\/\"]}]},{\"@type\":\"ImageObject\",\"inLanguage\":\"es\",\"@id\":\"https:\\\/\\\/fuentesfidedignas.com.mx\\\/index.php\\\/2022\\\/02\\\/13\\\/reforma-electrica-y-confrontacion-con-la-prensa-pegan-a-popularidad-de-amlo\\\/#primaryimage\",\"url\":\"https:\\\/\\\/fuentesfidedignas.com.mx\\\/wp-content\\\/uploads\\\/2022\\\/02\\\/AMLO_POPULARIDAD.jpg\",\"contentUrl\":\"https:\\\/\\\/fuentesfidedignas.com.mx\\\/wp-content\\\/uploads\\\/2022\\\/02\\\/AMLO_POPULARIDAD.jpg\",\"width\":640,\"height\":360},{\"@type\":\"BreadcrumbList\",\"@id\":\"https:\\\/\\\/fuentesfidedignas.com.mx\\\/index.php\\\/2022\\\/02\\\/13\\\/reforma-electrica-y-confrontacion-con-la-prensa-pegan-a-popularidad-de-amlo\\\/#breadcrumb\",\"itemListElement\":[{\"@type\":\"ListItem\",\"position\":1,\"name\":\"Inicio\",\"item\":\"https:\\\/\\\/fuentesfidedignas.com.mx\\\/\"},{\"@type\":\"ListItem\",\"position\":2,\"name\":\"Reforma el\u00e9ctrica y confrontaci\u00f3n con la prensa pegan a popularidad de AMLO\"}]},{\"@type\":\"WebSite\",\"@id\":\"https:\\\/\\\/fuentesfidedignas.com.mx\\\/#website\",\"url\":\"https:\\\/\\\/fuentesfidedignas.com.mx\\\/\",\"name\":\"Fuentes Fidedignas\",\"description\":\"Otro sitio realizado con WordPress\",\"publisher\":{\"@id\":\"https:\\\/\\\/fuentesfidedignas.com.mx\\\/#organization\"},\"potentialAction\":[{\"@type\":\"SearchAction\",\"target\":{\"@type\":\"EntryPoint\",\"urlTemplate\":\"https:\\\/\\\/fuentesfidedignas.com.mx\\\/?s={search_term_string}\"},\"query-input\":{\"@type\":\"PropertyValueSpecification\",\"valueRequired\":true,\"valueName\":\"search_term_string\"}}],\"inLanguage\":\"es\"},{\"@type\":\"Organization\",\"@id\":\"https:\\\/\\\/fuentesfidedignas.com.mx\\\/#organization\",\"name\":\"Fuentes Fidedignas\",\"url\":\"https:\\\/\\\/fuentesfidedignas.com.mx\\\/\",\"logo\":{\"@type\":\"ImageObject\",\"inLanguage\":\"es\",\"@id\":\"https:\\\/\\\/fuentesfidedignas.com.mx\\\/#\\\/schema\\\/logo\\\/image\\\/\",\"url\":\"https:\\\/\\\/fuentesfidedignas.com.mx\\\/wp-content\\\/uploads\\\/2021\\\/04\\\/logo-retina.png\",\"contentUrl\":\"https:\\\/\\\/fuentesfidedignas.com.mx\\\/wp-content\\\/uploads\\\/2021\\\/04\\\/logo-retina.png\",\"width\":280,\"height\":51,\"caption\":\"Fuentes Fidedignas\"},\"image\":{\"@id\":\"https:\\\/\\\/fuentesfidedignas.com.mx\\\/#\\\/schema\\\/logo\\\/image\\\/\"},\"sameAs\":[\"https:\\\/\\\/www.facebook.com\\\/Fuentes-Fidedignas-368234489921644\",\"https:\\\/\\\/x.com\\\/fidedignas\"]},{\"@type\":\"Person\",\"@id\":\"https:\\\/\\\/fuentesfidedignas.com.mx\\\/#\\\/schema\\\/person\\\/5623d53fe2e579d825b1679734abcc44\",\"name\":\"Forbes\",\"image\":{\"@type\":\"ImageObject\",\"inLanguage\":\"es\",\"@id\":\"https:\\\/\\\/secure.gravatar.com\\\/avatar\\\/87ce3dd4e41e60c22a79c758614f01a6bc2469255fc936ec7b15efb9bb5cb66f?s=96&d=mm&r=g\",\"url\":\"https:\\\/\\\/secure.gravatar.com\\\/avatar\\\/87ce3dd4e41e60c22a79c758614f01a6bc2469255fc936ec7b15efb9bb5cb66f?s=96&d=mm&r=g\",\"contentUrl\":\"https:\\\/\\\/secure.gravatar.com\\\/avatar\\\/87ce3dd4e41e60c22a79c758614f01a6bc2469255fc936ec7b15efb9bb5cb66f?s=96&d=mm&r=g\",\"caption\":\"Forbes\"},\"url\":\"https:\\\/\\\/fuentesfidedignas.com.mx\\\/index.php\\\/author\\\/forbes\\\/\"}]}<\/script>\n<!-- \/ Yoast SEO plugin. -->","yoast_head_json":{"title":"Reforma el\u00e9ctrica y confrontaci\u00f3n con la prensa pegan a popularidad de AMLO - Fuentes Fidedignas","robots":{"index":"index","follow":"follow","max-snippet":"max-snippet:-1","max-image-preview":"max-image-preview:large","max-video-preview":"max-video-preview:-1"},"canonical":"https:\/\/fuentesfidedignas.com.mx\/index.php\/2022\/02\/13\/reforma-electrica-y-confrontacion-con-la-prensa-pegan-a-popularidad-de-amlo\/","og_locale":"es_MX","og_type":"article","og_title":"Reforma el\u00e9ctrica y confrontaci\u00f3n con la prensa pegan a popularidad de AMLO - Fuentes Fidedignas","og_description":"La popularidad de L\u00f3pez Obrador registr\u00f3 una baja en su monitoreo semanal tras confrontaci\u00f3n con la prensa y la reforma el\u00e9ctrica. Ciudad de M\u00e9xico. \u2013 La decisi\u00f3n de Estados Unidos de suspender los env\u00edos de aguacate desde un violento estado mexicano sell\u00f3 una semana desafiante para el presidente Andr\u00e9s Manuel L\u00f3pez Obrador, cuyo \u00edndice de [&hellip;]","og_url":"https:\/\/fuentesfidedignas.com.mx\/index.php\/2022\/02\/13\/reforma-electrica-y-confrontacion-con-la-prensa-pegan-a-popularidad-de-amlo\/","og_site_name":"Fuentes Fidedignas","article_publisher":"https:\/\/www.facebook.com\/Fuentes-Fidedignas-368234489921644","article_published_time":"2022-02-13T22:08:53+00:00","article_modified_time":"2022-02-13T22:08:54+00:00","og_image":[{"width":640,"height":360,"url":"https:\/\/fuentesfidedignas.com.mx\/wp-content\/uploads\/2022\/02\/AMLO_POPULARIDAD.jpg","type":"image\/jpeg"}],"author":"Forbes","twitter_card":"summary_large_image","twitter_creator":"@fidedignas","twitter_site":"@fidedignas","twitter_misc":{"Escrito por":"Forbes","Tiempo de lectura":"3 minutos"},"schema":{"@context":"https:\/\/schema.org","@graph":[{"@type":"Article","@id":"https:\/\/fuentesfidedignas.com.mx\/index.php\/2022\/02\/13\/reforma-electrica-y-confrontacion-con-la-prensa-pegan-a-popularidad-de-amlo\/#article","isPartOf":{"@id":"https:\/\/fuentesfidedignas.com.mx\/index.php\/2022\/02\/13\/reforma-electrica-y-confrontacion-con-la-prensa-pegan-a-popularidad-de-amlo\/"},"author":{"name":"Forbes","@id":"https:\/\/fuentesfidedignas.com.mx\/#\/schema\/person\/5623d53fe2e579d825b1679734abcc44"},"headline":"Reforma el\u00e9ctrica y confrontaci\u00f3n con la prensa pegan a popularidad de AMLO","datePublished":"2022-02-13T22:08:53+00:00","dateModified":"2022-02-13T22:08:54+00:00","mainEntityOfPage":{"@id":"https:\/\/fuentesfidedignas.com.mx\/index.php\/2022\/02\/13\/reforma-electrica-y-confrontacion-con-la-prensa-pegan-a-popularidad-de-amlo\/"},"wordCount":602,"commentCount":0,"publisher":{"@id":"https:\/\/fuentesfidedignas.com.mx\/#organization"},"image":{"@id":"https:\/\/fuentesfidedignas.com.mx\/index.php\/2022\/02\/13\/reforma-electrica-y-confrontacion-con-la-prensa-pegan-a-popularidad-de-amlo\/#primaryimage"},"thumbnailUrl":"https:\/\/fuentesfidedignas.com.mx\/wp-content\/uploads\/2022\/02\/AMLO_POPULARIDAD.jpg","keywords":["AMLO","Andr\u00e9s Manuel L\u00f3pez Obrador","Periodistas","Reforma El\u00e9ctrica"],"articleSection":["NOTICIAS NACIONALES"],"inLanguage":"es","potentialAction":[{"@type":"CommentAction","name":"Comment","target":["https:\/\/fuentesfidedignas.com.mx\/index.php\/2022\/02\/13\/reforma-electrica-y-confrontacion-con-la-prensa-pegan-a-popularidad-de-amlo\/#respond"]}]},{"@type":"WebPage","@id":"https:\/\/fuentesfidedignas.com.mx\/index.php\/2022\/02\/13\/reforma-electrica-y-confrontacion-con-la-prensa-pegan-a-popularidad-de-amlo\/","url":"https:\/\/fuentesfidedignas.com.mx\/index.php\/2022\/02\/13\/reforma-electrica-y-confrontacion-con-la-prensa-pegan-a-popularidad-de-amlo\/","name":"Reforma el\u00e9ctrica y confrontaci\u00f3n con la prensa pegan a popularidad de AMLO - Fuentes Fidedignas","isPartOf":{"@id":"https:\/\/fuentesfidedignas.com.mx\/#website"},"primaryImageOfPage":{"@id":"https:\/\/fuentesfidedignas.com.mx\/index.php\/2022\/02\/13\/reforma-electrica-y-confrontacion-con-la-prensa-pegan-a-popularidad-de-amlo\/#primaryimage"},"image":{"@id":"https:\/\/fuentesfidedignas.com.mx\/index.php\/2022\/02\/13\/reforma-electrica-y-confrontacion-con-la-prensa-pegan-a-popularidad-de-amlo\/#primaryimage"},"thumbnailUrl":"https:\/\/fuentesfidedignas.com.mx\/wp-content\/uploads\/2022\/02\/AMLO_POPULARIDAD.jpg","datePublished":"2022-02-13T22:08:53+00:00","dateModified":"2022-02-13T22:08:54+00:00","breadcrumb":{"@id":"https:\/\/fuentesfidedignas.com.mx\/index.php\/2022\/02\/13\/reforma-electrica-y-confrontacion-con-la-prensa-pegan-a-popularidad-de-amlo\/#breadcrumb"},"inLanguage":"es","potentialAction":[{"@type":"ReadAction","target":["https:\/\/fuentesfidedignas.com.mx\/index.php\/2022\/02\/13\/reforma-electrica-y-confrontacion-con-la-prensa-pegan-a-popularidad-de-amlo\/"]}]},{"@type":"ImageObject","inLanguage":"es","@id":"https:\/\/fuentesfidedignas.com.mx\/index.php\/2022\/02\/13\/reforma-electrica-y-confrontacion-con-la-prensa-pegan-a-popularidad-de-amlo\/#primaryimage","url":"https:\/\/fuentesfidedignas.com.mx\/wp-content\/uploads\/2022\/02\/AMLO_POPULARIDAD.jpg","contentUrl":"https:\/\/fuentesfidedignas.com.mx\/wp-content\/uploads\/2022\/02\/AMLO_POPULARIDAD.jpg","width":640,"height":360},{"@type":"BreadcrumbList","@id":"https:\/\/fuentesfidedignas.com.mx\/index.php\/2022\/02\/13\/reforma-electrica-y-confrontacion-con-la-prensa-pegan-a-popularidad-de-amlo\/#breadcrumb","itemListElement":[{"@type":"ListItem","position":1,"name":"Inicio","item":"https:\/\/fuentesfidedignas.com.mx\/"},{"@type":"ListItem","position":2,"name":"Reforma el\u00e9ctrica y confrontaci\u00f3n con la prensa pegan a popularidad de AMLO"}]},{"@type":"WebSite","@id":"https:\/\/fuentesfidedignas.com.mx\/#website","url":"https:\/\/fuentesfidedignas.com.mx\/","name":"Fuentes Fidedignas","description":"Otro sitio realizado con WordPress","publisher":{"@id":"https:\/\/fuentesfidedignas.com.mx\/#organization"},"potentialAction":[{"@type":"SearchAction","target":{"@type":"EntryPoint","urlTemplate":"https:\/\/fuentesfidedignas.com.mx\/?s={search_term_string}"},"query-input":{"@type":"PropertyValueSpecification","valueRequired":true,"valueName":"search_term_string"}}],"inLanguage":"es"},{"@type":"Organization","@id":"https:\/\/fuentesfidedignas.com.mx\/#organization","name":"Fuentes Fidedignas","url":"https:\/\/fuentesfidedignas.com.mx\/","logo":{"@type":"ImageObject","inLanguage":"es","@id":"https:\/\/fuentesfidedignas.com.mx\/#\/schema\/logo\/image\/","url":"https:\/\/fuentesfidedignas.com.mx\/wp-content\/uploads\/2021\/04\/logo-retina.png","contentUrl":"https:\/\/fuentesfidedignas.com.mx\/wp-content\/uploads\/2021\/04\/logo-retina.png","width":280,"height":51,"caption":"Fuentes Fidedignas"},"image":{"@id":"https:\/\/fuentesfidedignas.com.mx\/#\/schema\/logo\/image\/"},"sameAs":["https:\/\/www.facebook.com\/Fuentes-Fidedignas-368234489921644","https:\/\/x.com\/fidedignas"]},{"@type":"Person","@id":"https:\/\/fuentesfidedignas.com.mx\/#\/schema\/person\/5623d53fe2e579d825b1679734abcc44","name":"Forbes","image":{"@type":"ImageObject","inLanguage":"es","@id":"https:\/\/secure.gravatar.com\/avatar\/87ce3dd4e41e60c22a79c758614f01a6bc2469255fc936ec7b15efb9bb5cb66f?s=96&d=mm&r=g","url":"https:\/\/secure.gravatar.com\/avatar\/87ce3dd4e41e60c22a79c758614f01a6bc2469255fc936ec7b15efb9bb5cb66f?s=96&d=mm&r=g","contentUrl":"https:\/\/secure.gravatar.com\/avatar\/87ce3dd4e41e60c22a79c758614f01a6bc2469255fc936ec7b15efb9bb5cb66f?s=96&d=mm&r=g","caption":"Forbes"},"url":"https:\/\/fuentesfidedignas.com.mx\/index.php\/author\/forbes\/"}]}},"_links":{"self":[{"href":"https:\/\/fuentesfidedignas.com.mx\/index.php\/wp-json\/wp\/v2\/posts\/23944","targetHints":{"allow":["GET"]}}],"collection":[{"href":"https:\/\/fuentesfidedignas.com.mx\/index.php\/wp-json\/wp\/v2\/posts"}],"about":[{"href":"https:\/\/fuentesfidedignas.com.mx\/index.php\/wp-json\/wp\/v2\/types\/post"}],"author":[{"embeddable":true,"href":"https:\/\/fuentesfidedignas.com.mx\/index.php\/wp-json\/wp\/v2\/users\/5"}],"replies":[{"embeddable":true,"href":"https:\/\/fuentesfidedignas.com.mx\/index.php\/wp-json\/wp\/v2\/comments?post=23944"}],"version-history":[{"count":1,"href":"https:\/\/fuentesfidedignas.com.mx\/index.php\/wp-json\/wp\/v2\/posts\/23944\/revisions"}],"predecessor-version":[{"id":23946,"href":"https:\/\/fuentesfidedignas.com.mx\/index.php\/wp-json\/wp\/v2\/posts\/23944\/revisions\/23946"}],"wp:featuredmedia":[{"embeddable":true,"href":"https:\/\/fuentesfidedignas.com.mx\/index.php\/wp-json\/wp\/v2\/media\/23945"}],"wp:attachment":[{"href":"https:\/\/fuentesfidedignas.com.mx\/index.php\/wp-json\/wp\/v2\/media?parent=23944"}],"wp:term":[{"taxonomy":"category","embeddable":true,"href":"https:\/\/fuentesfidedignas.com.mx\/index.php\/wp-json\/wp\/v2\/categories?post=23944"},{"taxonomy":"post_tag","embeddable":true,"href":"https:\/\/fuentesfidedignas.com.mx\/index.php\/wp-json\/wp\/v2\/tags?post=23944"}],"curies":[{"name":"wp","href":"https:\/\/api.w.org\/{rel}","templated":true}]}}