{"id":23786,"date":"2022-02-11T06:21:50","date_gmt":"2022-02-11T13:21:50","guid":{"rendered":"https:\/\/fuentesfidedignas.com.mx\/?p=23786"},"modified":"2022-02-11T06:21:51","modified_gmt":"2022-02-11T13:21:51","slug":"mc-decidira-el-miercoles-16-si-roberto-palazuelos-sera-su-candidato-en-qr","status":"publish","type":"post","link":"https:\/\/fuentesfidedignas.com.mx\/index.php\/2022\/02\/11\/mc-decidira-el-miercoles-16-si-roberto-palazuelos-sera-su-candidato-en-qr\/","title":{"rendered":"MC decidir\u00e1 el mi\u00e9rcoles 16 si Roberto Palazuelos ser\u00e1 su candidato en QR"},"content":{"rendered":"\n<p><strong><em>El 16 de Febrero, MC tendr\u00e1 Asamblea Nacional donde decidir\u00e1 si Roberto Palazuelos ser\u00e1 su candidato para gobernador en Quintana Roo.<\/em><\/strong><\/p>\n\n\n\n<p>Ciudad de M\u00e9xico.- Movimiento Ciudadano (MC) llevar\u00e1 a cabo su Asamblea Nacional Electoral el pr\u00f3ximo mi\u00e9rcoles 16 de febrero y ah\u00ed decidir\u00e1 si Roberto Palazuelos ser\u00e1 su candidato a la gubernatura de Quintana Roo, informaron las senadoras de ese partido Ver\u00f3nica Delgadillo y Patricia Mercado.<\/p>\n\n\n\n<p>\u201cEste candidato no es acorde al programa, principios e identidad de Movimiento Ciudadano, pero en este momento por amor al proyecto y confianza al proyecto, Movimiento Ciudadano est\u00e9 deliberando internamente y entonces esperemos la decisi\u00f3n\u201d, dijo Mercado.<\/p>\n\n\n\n<p>A su vez, Ver\u00f3nica Delgadillo coment\u00f3 que en su calidad de presidenta de uno de los \u00f3rganos internos de MC, se ha abierto a escuchar a todos sobre el caso del actor conocido como el \u201cDiamante negro\u201d.<\/p>\n\n\n\n<p>\u201cMe toca escuchar todas las voces. Con la responsabilidad de mi puesto, yo me he abierto a escuchar las opiniones de todas las personas que se han acercado a m\u00ed y me he acercado a diferentes personas a escucharlas. Como lo manifest\u00f3 nuestro excoordinador, tengo la responsabilidad de sentarme a debatir dentro de la Asamblea que ser\u00e1 el mi\u00e9rcoles\u201d, dijo en conferencia en el Senado.<\/p>\n\n\n\n<p>La legisladora dijo confiar en que la decisi\u00f3n que tomen en el partido va a representar lo que son.<\/p>\n\n\n\n<p>\u201cHe formado parte de este movimiento durante 10 a\u00f1os. (\u2026) Buscamos que las mejores personas representen lo que somos\u201d, expres\u00f3.<\/p>\n\n\n\n<p>Este 16 de febrero en la Asamblea Nacional Electoral, los emecistas decidir\u00e1n las candidaturas de los seis estados donde habr\u00e1 nuevos gobernadores, entres ellos Quintana Roo, en donde el precandidato es Roberto Palazuelos. Sin embargo, en los \u00faltimos d\u00edas, se dio a conocer una entrevista donde el actor confes\u00f3, en octubre de 2020, haber participado en el asesinato de dos personas.<\/p>\n\n\n\n<p>En un principio, el tambi\u00e9n empresario buscaba la candidatura por el PRD, pero el partido prefiri\u00f3 d\u00e1rsela a la diputada con licencia Laura Fern\u00e1ndez, quien renunci\u00f3 al PVEM y se fue al sol azteca.<\/p>\n","protected":false},"excerpt":{"rendered":"<p>El 16 de Febrero, MC tendr\u00e1 Asamblea Nacional donde decidir\u00e1 si Roberto Palazuelos ser\u00e1 su candidato para gobernador en Quintana Roo. Ciudad de M\u00e9xico.- Movimiento Ciudadano (MC) llevar\u00e1 a cabo su Asamblea Nacional Electoral el pr\u00f3ximo mi\u00e9rcoles 16 de febrero y ah\u00ed decidir\u00e1 si Roberto Palazuelos ser\u00e1 su candidato a la gubernatura de Quintana Roo, [&hellip;]<\/p>\n","protected":false},"author":5,"featured_media":23787,"comment_status":"open","ping_status":"open","sticky":false,"template":"","format":"standard","meta":{"tdm_status":"","tdm_grid_status":"","footnotes":""},"categories":[39],"tags":[],"class_list":{"0":"post-23786","1":"post","2":"type-post","3":"status-publish","4":"format-standard","5":"has-post-thumbnail","7":"category-noticias-nacionales"},"yoast_head":"<!-- This site is optimized with the Yoast SEO plugin v27.5 - https:\/\/yoast.com\/product\/yoast-seo-wordpress\/ -->\n<title>MC decidir\u00e1 el mi\u00e9rcoles 16 si Roberto Palazuelos ser\u00e1 su candidato en QR - Fuentes Fidedignas<\/title>\n<meta name=\"robots\" content=\"index, follow, max-snippet:-1, max-image-preview:large, max-video-preview:-1\" \/>\n<link rel=\"canonical\" href=\"https:\/\/fuentesfidedignas.com.mx\/index.php\/2022\/02\/11\/mc-decidira-el-miercoles-16-si-roberto-palazuelos-sera-su-candidato-en-qr\/\" \/>\n<meta property=\"og:locale\" content=\"es_MX\" \/>\n<meta property=\"og:type\" content=\"article\" \/>\n<meta property=\"og:title\" content=\"MC decidir\u00e1 el mi\u00e9rcoles 16 si Roberto Palazuelos ser\u00e1 su candidato en QR - Fuentes Fidedignas\" \/>\n<meta property=\"og:description\" content=\"El 16 de Febrero, MC tendr\u00e1 Asamblea Nacional donde decidir\u00e1 si Roberto Palazuelos ser\u00e1 su candidato para gobernador en Quintana Roo. Ciudad de M\u00e9xico.- Movimiento Ciudadano (MC) llevar\u00e1 a cabo su Asamblea Nacional Electoral el pr\u00f3ximo mi\u00e9rcoles 16 de febrero y ah\u00ed decidir\u00e1 si Roberto Palazuelos ser\u00e1 su candidato a la gubernatura de Quintana Roo, [&hellip;]\" \/>\n<meta property=\"og:url\" content=\"https:\/\/fuentesfidedignas.com.mx\/index.php\/2022\/02\/11\/mc-decidira-el-miercoles-16-si-roberto-palazuelos-sera-su-candidato-en-qr\/\" \/>\n<meta property=\"og:site_name\" content=\"Fuentes Fidedignas\" \/>\n<meta property=\"article:publisher\" content=\"https:\/\/www.facebook.com\/Fuentes-Fidedignas-368234489921644\" \/>\n<meta property=\"article:published_time\" content=\"2022-02-11T13:21:50+00:00\" \/>\n<meta property=\"article:modified_time\" content=\"2022-02-11T13:21:51+00:00\" \/>\n<meta property=\"og:image\" content=\"https:\/\/fuentesfidedignas.com.mx\/wp-content\/uploads\/2022\/02\/R_PALAZUELOS.jpg\" \/>\n\t<meta property=\"og:image:width\" content=\"768\" \/>\n\t<meta property=\"og:image:height\" content=\"432\" \/>\n\t<meta property=\"og:image:type\" content=\"image\/jpeg\" \/>\n<meta name=\"author\" content=\"Forbes\" \/>\n<meta name=\"twitter:card\" content=\"summary_large_image\" \/>\n<meta name=\"twitter:creator\" content=\"@fidedignas\" \/>\n<meta name=\"twitter:site\" content=\"@fidedignas\" \/>\n<meta name=\"twitter:label1\" content=\"Escrito por\" \/>\n\t<meta name=\"twitter:data1\" content=\"Forbes\" \/>\n\t<meta name=\"twitter:label2\" content=\"Tiempo de lectura\" \/>\n\t<meta name=\"twitter:data2\" content=\"2 minutos\" \/>\n<script type=\"application\/ld+json\" class=\"yoast-schema-graph\">{\"@context\":\"https:\\\/\\\/schema.org\",\"@graph\":[{\"@type\":\"Article\",\"@id\":\"https:\\\/\\\/fuentesfidedignas.com.mx\\\/index.php\\\/2022\\\/02\\\/11\\\/mc-decidira-el-miercoles-16-si-roberto-palazuelos-sera-su-candidato-en-qr\\\/#article\",\"isPartOf\":{\"@id\":\"https:\\\/\\\/fuentesfidedignas.com.mx\\\/index.php\\\/2022\\\/02\\\/11\\\/mc-decidira-el-miercoles-16-si-roberto-palazuelos-sera-su-candidato-en-qr\\\/\"},\"author\":{\"name\":\"Forbes\",\"@id\":\"https:\\\/\\\/fuentesfidedignas.com.mx\\\/#\\\/schema\\\/person\\\/5623d53fe2e579d825b1679734abcc44\"},\"headline\":\"MC decidir\u00e1 el mi\u00e9rcoles 16 si Roberto Palazuelos ser\u00e1 su candidato en QR\",\"datePublished\":\"2022-02-11T13:21:50+00:00\",\"dateModified\":\"2022-02-11T13:21:51+00:00\",\"mainEntityOfPage\":{\"@id\":\"https:\\\/\\\/fuentesfidedignas.com.mx\\\/index.php\\\/2022\\\/02\\\/11\\\/mc-decidira-el-miercoles-16-si-roberto-palazuelos-sera-su-candidato-en-qr\\\/\"},\"wordCount\":361,\"commentCount\":0,\"publisher\":{\"@id\":\"https:\\\/\\\/fuentesfidedignas.com.mx\\\/#organization\"},\"image\":{\"@id\":\"https:\\\/\\\/fuentesfidedignas.com.mx\\\/index.php\\\/2022\\\/02\\\/11\\\/mc-decidira-el-miercoles-16-si-roberto-palazuelos-sera-su-candidato-en-qr\\\/#primaryimage\"},\"thumbnailUrl\":\"https:\\\/\\\/fuentesfidedignas.com.mx\\\/wp-content\\\/uploads\\\/2022\\\/02\\\/R_PALAZUELOS.jpg\",\"articleSection\":[\"NOTICIAS NACIONALES\"],\"inLanguage\":\"es\",\"potentialAction\":[{\"@type\":\"CommentAction\",\"name\":\"Comment\",\"target\":[\"https:\\\/\\\/fuentesfidedignas.com.mx\\\/index.php\\\/2022\\\/02\\\/11\\\/mc-decidira-el-miercoles-16-si-roberto-palazuelos-sera-su-candidato-en-qr\\\/#respond\"]}]},{\"@type\":\"WebPage\",\"@id\":\"https:\\\/\\\/fuentesfidedignas.com.mx\\\/index.php\\\/2022\\\/02\\\/11\\\/mc-decidira-el-miercoles-16-si-roberto-palazuelos-sera-su-candidato-en-qr\\\/\",\"url\":\"https:\\\/\\\/fuentesfidedignas.com.mx\\\/index.php\\\/2022\\\/02\\\/11\\\/mc-decidira-el-miercoles-16-si-roberto-palazuelos-sera-su-candidato-en-qr\\\/\",\"name\":\"MC decidir\u00e1 el mi\u00e9rcoles 16 si Roberto Palazuelos ser\u00e1 su candidato en QR - Fuentes Fidedignas\",\"isPartOf\":{\"@id\":\"https:\\\/\\\/fuentesfidedignas.com.mx\\\/#website\"},\"primaryImageOfPage\":{\"@id\":\"https:\\\/\\\/fuentesfidedignas.com.mx\\\/index.php\\\/2022\\\/02\\\/11\\\/mc-decidira-el-miercoles-16-si-roberto-palazuelos-sera-su-candidato-en-qr\\\/#primaryimage\"},\"image\":{\"@id\":\"https:\\\/\\\/fuentesfidedignas.com.mx\\\/index.php\\\/2022\\\/02\\\/11\\\/mc-decidira-el-miercoles-16-si-roberto-palazuelos-sera-su-candidato-en-qr\\\/#primaryimage\"},\"thumbnailUrl\":\"https:\\\/\\\/fuentesfidedignas.com.mx\\\/wp-content\\\/uploads\\\/2022\\\/02\\\/R_PALAZUELOS.jpg\",\"datePublished\":\"2022-02-11T13:21:50+00:00\",\"dateModified\":\"2022-02-11T13:21:51+00:00\",\"breadcrumb\":{\"@id\":\"https:\\\/\\\/fuentesfidedignas.com.mx\\\/index.php\\\/2022\\\/02\\\/11\\\/mc-decidira-el-miercoles-16-si-roberto-palazuelos-sera-su-candidato-en-qr\\\/#breadcrumb\"},\"inLanguage\":\"es\",\"potentialAction\":[{\"@type\":\"ReadAction\",\"target\":[\"https:\\\/\\\/fuentesfidedignas.com.mx\\\/index.php\\\/2022\\\/02\\\/11\\\/mc-decidira-el-miercoles-16-si-roberto-palazuelos-sera-su-candidato-en-qr\\\/\"]}]},{\"@type\":\"ImageObject\",\"inLanguage\":\"es\",\"@id\":\"https:\\\/\\\/fuentesfidedignas.com.mx\\\/index.php\\\/2022\\\/02\\\/11\\\/mc-decidira-el-miercoles-16-si-roberto-palazuelos-sera-su-candidato-en-qr\\\/#primaryimage\",\"url\":\"https:\\\/\\\/fuentesfidedignas.com.mx\\\/wp-content\\\/uploads\\\/2022\\\/02\\\/R_PALAZUELOS.jpg\",\"contentUrl\":\"https:\\\/\\\/fuentesfidedignas.com.mx\\\/wp-content\\\/uploads\\\/2022\\\/02\\\/R_PALAZUELOS.jpg\",\"width\":768,\"height\":432},{\"@type\":\"BreadcrumbList\",\"@id\":\"https:\\\/\\\/fuentesfidedignas.com.mx\\\/index.php\\\/2022\\\/02\\\/11\\\/mc-decidira-el-miercoles-16-si-roberto-palazuelos-sera-su-candidato-en-qr\\\/#breadcrumb\",\"itemListElement\":[{\"@type\":\"ListItem\",\"position\":1,\"name\":\"Inicio\",\"item\":\"https:\\\/\\\/fuentesfidedignas.com.mx\\\/\"},{\"@type\":\"ListItem\",\"position\":2,\"name\":\"MC decidir\u00e1 el mi\u00e9rcoles 16 si Roberto Palazuelos ser\u00e1 su candidato en QR\"}]},{\"@type\":\"WebSite\",\"@id\":\"https:\\\/\\\/fuentesfidedignas.com.mx\\\/#website\",\"url\":\"https:\\\/\\\/fuentesfidedignas.com.mx\\\/\",\"name\":\"Fuentes Fidedignas\",\"description\":\"Otro sitio realizado con WordPress\",\"publisher\":{\"@id\":\"https:\\\/\\\/fuentesfidedignas.com.mx\\\/#organization\"},\"potentialAction\":[{\"@type\":\"SearchAction\",\"target\":{\"@type\":\"EntryPoint\",\"urlTemplate\":\"https:\\\/\\\/fuentesfidedignas.com.mx\\\/?s={search_term_string}\"},\"query-input\":{\"@type\":\"PropertyValueSpecification\",\"valueRequired\":true,\"valueName\":\"search_term_string\"}}],\"inLanguage\":\"es\"},{\"@type\":\"Organization\",\"@id\":\"https:\\\/\\\/fuentesfidedignas.com.mx\\\/#organization\",\"name\":\"Fuentes Fidedignas\",\"url\":\"https:\\\/\\\/fuentesfidedignas.com.mx\\\/\",\"logo\":{\"@type\":\"ImageObject\",\"inLanguage\":\"es\",\"@id\":\"https:\\\/\\\/fuentesfidedignas.com.mx\\\/#\\\/schema\\\/logo\\\/image\\\/\",\"url\":\"https:\\\/\\\/fuentesfidedignas.com.mx\\\/wp-content\\\/uploads\\\/2021\\\/04\\\/logo-retina.png\",\"contentUrl\":\"https:\\\/\\\/fuentesfidedignas.com.mx\\\/wp-content\\\/uploads\\\/2021\\\/04\\\/logo-retina.png\",\"width\":280,\"height\":51,\"caption\":\"Fuentes Fidedignas\"},\"image\":{\"@id\":\"https:\\\/\\\/fuentesfidedignas.com.mx\\\/#\\\/schema\\\/logo\\\/image\\\/\"},\"sameAs\":[\"https:\\\/\\\/www.facebook.com\\\/Fuentes-Fidedignas-368234489921644\",\"https:\\\/\\\/x.com\\\/fidedignas\"]},{\"@type\":\"Person\",\"@id\":\"https:\\\/\\\/fuentesfidedignas.com.mx\\\/#\\\/schema\\\/person\\\/5623d53fe2e579d825b1679734abcc44\",\"name\":\"Forbes\",\"image\":{\"@type\":\"ImageObject\",\"inLanguage\":\"es\",\"@id\":\"https:\\\/\\\/secure.gravatar.com\\\/avatar\\\/87ce3dd4e41e60c22a79c758614f01a6bc2469255fc936ec7b15efb9bb5cb66f?s=96&d=mm&r=g\",\"url\":\"https:\\\/\\\/secure.gravatar.com\\\/avatar\\\/87ce3dd4e41e60c22a79c758614f01a6bc2469255fc936ec7b15efb9bb5cb66f?s=96&d=mm&r=g\",\"contentUrl\":\"https:\\\/\\\/secure.gravatar.com\\\/avatar\\\/87ce3dd4e41e60c22a79c758614f01a6bc2469255fc936ec7b15efb9bb5cb66f?s=96&d=mm&r=g\",\"caption\":\"Forbes\"},\"url\":\"https:\\\/\\\/fuentesfidedignas.com.mx\\\/index.php\\\/author\\\/forbes\\\/\"}]}<\/script>\n<!-- \/ Yoast SEO plugin. -->","yoast_head_json":{"title":"MC decidir\u00e1 el mi\u00e9rcoles 16 si Roberto Palazuelos ser\u00e1 su candidato en QR - Fuentes Fidedignas","robots":{"index":"index","follow":"follow","max-snippet":"max-snippet:-1","max-image-preview":"max-image-preview:large","max-video-preview":"max-video-preview:-1"},"canonical":"https:\/\/fuentesfidedignas.com.mx\/index.php\/2022\/02\/11\/mc-decidira-el-miercoles-16-si-roberto-palazuelos-sera-su-candidato-en-qr\/","og_locale":"es_MX","og_type":"article","og_title":"MC decidir\u00e1 el mi\u00e9rcoles 16 si Roberto Palazuelos ser\u00e1 su candidato en QR - Fuentes Fidedignas","og_description":"El 16 de Febrero, MC tendr\u00e1 Asamblea Nacional donde decidir\u00e1 si Roberto Palazuelos ser\u00e1 su candidato para gobernador en Quintana Roo. Ciudad de M\u00e9xico.- Movimiento Ciudadano (MC) llevar\u00e1 a cabo su Asamblea Nacional Electoral el pr\u00f3ximo mi\u00e9rcoles 16 de febrero y ah\u00ed decidir\u00e1 si Roberto Palazuelos ser\u00e1 su candidato a la gubernatura de Quintana Roo, [&hellip;]","og_url":"https:\/\/fuentesfidedignas.com.mx\/index.php\/2022\/02\/11\/mc-decidira-el-miercoles-16-si-roberto-palazuelos-sera-su-candidato-en-qr\/","og_site_name":"Fuentes Fidedignas","article_publisher":"https:\/\/www.facebook.com\/Fuentes-Fidedignas-368234489921644","article_published_time":"2022-02-11T13:21:50+00:00","article_modified_time":"2022-02-11T13:21:51+00:00","og_image":[{"width":768,"height":432,"url":"https:\/\/fuentesfidedignas.com.mx\/wp-content\/uploads\/2022\/02\/R_PALAZUELOS.jpg","type":"image\/jpeg"}],"author":"Forbes","twitter_card":"summary_large_image","twitter_creator":"@fidedignas","twitter_site":"@fidedignas","twitter_misc":{"Escrito por":"Forbes","Tiempo de lectura":"2 minutos"},"schema":{"@context":"https:\/\/schema.org","@graph":[{"@type":"Article","@id":"https:\/\/fuentesfidedignas.com.mx\/index.php\/2022\/02\/11\/mc-decidira-el-miercoles-16-si-roberto-palazuelos-sera-su-candidato-en-qr\/#article","isPartOf":{"@id":"https:\/\/fuentesfidedignas.com.mx\/index.php\/2022\/02\/11\/mc-decidira-el-miercoles-16-si-roberto-palazuelos-sera-su-candidato-en-qr\/"},"author":{"name":"Forbes","@id":"https:\/\/fuentesfidedignas.com.mx\/#\/schema\/person\/5623d53fe2e579d825b1679734abcc44"},"headline":"MC decidir\u00e1 el mi\u00e9rcoles 16 si Roberto Palazuelos ser\u00e1 su candidato en QR","datePublished":"2022-02-11T13:21:50+00:00","dateModified":"2022-02-11T13:21:51+00:00","mainEntityOfPage":{"@id":"https:\/\/fuentesfidedignas.com.mx\/index.php\/2022\/02\/11\/mc-decidira-el-miercoles-16-si-roberto-palazuelos-sera-su-candidato-en-qr\/"},"wordCount":361,"commentCount":0,"publisher":{"@id":"https:\/\/fuentesfidedignas.com.mx\/#organization"},"image":{"@id":"https:\/\/fuentesfidedignas.com.mx\/index.php\/2022\/02\/11\/mc-decidira-el-miercoles-16-si-roberto-palazuelos-sera-su-candidato-en-qr\/#primaryimage"},"thumbnailUrl":"https:\/\/fuentesfidedignas.com.mx\/wp-content\/uploads\/2022\/02\/R_PALAZUELOS.jpg","articleSection":["NOTICIAS NACIONALES"],"inLanguage":"es","potentialAction":[{"@type":"CommentAction","name":"Comment","target":["https:\/\/fuentesfidedignas.com.mx\/index.php\/2022\/02\/11\/mc-decidira-el-miercoles-16-si-roberto-palazuelos-sera-su-candidato-en-qr\/#respond"]}]},{"@type":"WebPage","@id":"https:\/\/fuentesfidedignas.com.mx\/index.php\/2022\/02\/11\/mc-decidira-el-miercoles-16-si-roberto-palazuelos-sera-su-candidato-en-qr\/","url":"https:\/\/fuentesfidedignas.com.mx\/index.php\/2022\/02\/11\/mc-decidira-el-miercoles-16-si-roberto-palazuelos-sera-su-candidato-en-qr\/","name":"MC decidir\u00e1 el mi\u00e9rcoles 16 si Roberto Palazuelos ser\u00e1 su candidato en QR - Fuentes Fidedignas","isPartOf":{"@id":"https:\/\/fuentesfidedignas.com.mx\/#website"},"primaryImageOfPage":{"@id":"https:\/\/fuentesfidedignas.com.mx\/index.php\/2022\/02\/11\/mc-decidira-el-miercoles-16-si-roberto-palazuelos-sera-su-candidato-en-qr\/#primaryimage"},"image":{"@id":"https:\/\/fuentesfidedignas.com.mx\/index.php\/2022\/02\/11\/mc-decidira-el-miercoles-16-si-roberto-palazuelos-sera-su-candidato-en-qr\/#primaryimage"},"thumbnailUrl":"https:\/\/fuentesfidedignas.com.mx\/wp-content\/uploads\/2022\/02\/R_PALAZUELOS.jpg","datePublished":"2022-02-11T13:21:50+00:00","dateModified":"2022-02-11T13:21:51+00:00","breadcrumb":{"@id":"https:\/\/fuentesfidedignas.com.mx\/index.php\/2022\/02\/11\/mc-decidira-el-miercoles-16-si-roberto-palazuelos-sera-su-candidato-en-qr\/#breadcrumb"},"inLanguage":"es","potentialAction":[{"@type":"ReadAction","target":["https:\/\/fuentesfidedignas.com.mx\/index.php\/2022\/02\/11\/mc-decidira-el-miercoles-16-si-roberto-palazuelos-sera-su-candidato-en-qr\/"]}]},{"@type":"ImageObject","inLanguage":"es","@id":"https:\/\/fuentesfidedignas.com.mx\/index.php\/2022\/02\/11\/mc-decidira-el-miercoles-16-si-roberto-palazuelos-sera-su-candidato-en-qr\/#primaryimage","url":"https:\/\/fuentesfidedignas.com.mx\/wp-content\/uploads\/2022\/02\/R_PALAZUELOS.jpg","contentUrl":"https:\/\/fuentesfidedignas.com.mx\/wp-content\/uploads\/2022\/02\/R_PALAZUELOS.jpg","width":768,"height":432},{"@type":"BreadcrumbList","@id":"https:\/\/fuentesfidedignas.com.mx\/index.php\/2022\/02\/11\/mc-decidira-el-miercoles-16-si-roberto-palazuelos-sera-su-candidato-en-qr\/#breadcrumb","itemListElement":[{"@type":"ListItem","position":1,"name":"Inicio","item":"https:\/\/fuentesfidedignas.com.mx\/"},{"@type":"ListItem","position":2,"name":"MC decidir\u00e1 el mi\u00e9rcoles 16 si Roberto Palazuelos ser\u00e1 su candidato en QR"}]},{"@type":"WebSite","@id":"https:\/\/fuentesfidedignas.com.mx\/#website","url":"https:\/\/fuentesfidedignas.com.mx\/","name":"Fuentes Fidedignas","description":"Otro sitio realizado con WordPress","publisher":{"@id":"https:\/\/fuentesfidedignas.com.mx\/#organization"},"potentialAction":[{"@type":"SearchAction","target":{"@type":"EntryPoint","urlTemplate":"https:\/\/fuentesfidedignas.com.mx\/?s={search_term_string}"},"query-input":{"@type":"PropertyValueSpecification","valueRequired":true,"valueName":"search_term_string"}}],"inLanguage":"es"},{"@type":"Organization","@id":"https:\/\/fuentesfidedignas.com.mx\/#organization","name":"Fuentes Fidedignas","url":"https:\/\/fuentesfidedignas.com.mx\/","logo":{"@type":"ImageObject","inLanguage":"es","@id":"https:\/\/fuentesfidedignas.com.mx\/#\/schema\/logo\/image\/","url":"https:\/\/fuentesfidedignas.com.mx\/wp-content\/uploads\/2021\/04\/logo-retina.png","contentUrl":"https:\/\/fuentesfidedignas.com.mx\/wp-content\/uploads\/2021\/04\/logo-retina.png","width":280,"height":51,"caption":"Fuentes Fidedignas"},"image":{"@id":"https:\/\/fuentesfidedignas.com.mx\/#\/schema\/logo\/image\/"},"sameAs":["https:\/\/www.facebook.com\/Fuentes-Fidedignas-368234489921644","https:\/\/x.com\/fidedignas"]},{"@type":"Person","@id":"https:\/\/fuentesfidedignas.com.mx\/#\/schema\/person\/5623d53fe2e579d825b1679734abcc44","name":"Forbes","image":{"@type":"ImageObject","inLanguage":"es","@id":"https:\/\/secure.gravatar.com\/avatar\/87ce3dd4e41e60c22a79c758614f01a6bc2469255fc936ec7b15efb9bb5cb66f?s=96&d=mm&r=g","url":"https:\/\/secure.gravatar.com\/avatar\/87ce3dd4e41e60c22a79c758614f01a6bc2469255fc936ec7b15efb9bb5cb66f?s=96&d=mm&r=g","contentUrl":"https:\/\/secure.gravatar.com\/avatar\/87ce3dd4e41e60c22a79c758614f01a6bc2469255fc936ec7b15efb9bb5cb66f?s=96&d=mm&r=g","caption":"Forbes"},"url":"https:\/\/fuentesfidedignas.com.mx\/index.php\/author\/forbes\/"}]}},"_links":{"self":[{"href":"https:\/\/fuentesfidedignas.com.mx\/index.php\/wp-json\/wp\/v2\/posts\/23786","targetHints":{"allow":["GET"]}}],"collection":[{"href":"https:\/\/fuentesfidedignas.com.mx\/index.php\/wp-json\/wp\/v2\/posts"}],"about":[{"href":"https:\/\/fuentesfidedignas.com.mx\/index.php\/wp-json\/wp\/v2\/types\/post"}],"author":[{"embeddable":true,"href":"https:\/\/fuentesfidedignas.com.mx\/index.php\/wp-json\/wp\/v2\/users\/5"}],"replies":[{"embeddable":true,"href":"https:\/\/fuentesfidedignas.com.mx\/index.php\/wp-json\/wp\/v2\/comments?post=23786"}],"version-history":[{"count":1,"href":"https:\/\/fuentesfidedignas.com.mx\/index.php\/wp-json\/wp\/v2\/posts\/23786\/revisions"}],"predecessor-version":[{"id":23788,"href":"https:\/\/fuentesfidedignas.com.mx\/index.php\/wp-json\/wp\/v2\/posts\/23786\/revisions\/23788"}],"wp:featuredmedia":[{"embeddable":true,"href":"https:\/\/fuentesfidedignas.com.mx\/index.php\/wp-json\/wp\/v2\/media\/23787"}],"wp:attachment":[{"href":"https:\/\/fuentesfidedignas.com.mx\/index.php\/wp-json\/wp\/v2\/media?parent=23786"}],"wp:term":[{"taxonomy":"category","embeddable":true,"href":"https:\/\/fuentesfidedignas.com.mx\/index.php\/wp-json\/wp\/v2\/categories?post=23786"},{"taxonomy":"post_tag","embeddable":true,"href":"https:\/\/fuentesfidedignas.com.mx\/index.php\/wp-json\/wp\/v2\/tags?post=23786"}],"curies":[{"name":"wp","href":"https:\/\/api.w.org\/{rel}","templated":true}]}}