{"id":2372,"date":"2021-05-18T13:33:13","date_gmt":"2021-05-18T20:33:13","guid":{"rendered":"https:\/\/fuentesfidedignas.com.mx\/?p=2372"},"modified":"2021-05-18T13:33:16","modified_gmt":"2021-05-18T20:33:16","slug":"llama-morena-a-reconocer-derechos-de-la-comunidad-lgbt","status":"publish","type":"post","link":"https:\/\/fuentesfidedignas.com.mx\/index.php\/2021\/05\/18\/llama-morena-a-reconocer-derechos-de-la-comunidad-lgbt\/","title":{"rendered":"Llama Morena a reconocer derechos de la comunidad LGBT"},"content":{"rendered":"\n<p><strong><em>La diputada Francisca Abell\u00f3 lament\u00f3 que se les sigan negando derechos, como el cambio de nombre y derecho a la identidad, a unirse en matrimonio, entre otros<\/em><\/strong> <\/p>\n\n\n\n<p>Culiac\u00e1n, Sin. En el marco de la celebraci\u00f3n del D\u00eda internacional contra la Homofobia, Lesfobia, Transfobia y Bifobia, la diputada Francisca Abell\u00f3 Jorda quien es integrante del Grupo Parlamentario de morena y Presidenta de la Comisi\u00f3n de equidad, G\u00e9nero y Familia en la LXIII Legislatura, reafirm\u00f3 que morena pugna por construir un M\u00e9xico plural, incluyente y solidario, donde se garantice el respeto a la diversidad sexual, el pleno goce de los derechos humanos y el amor al pr\u00f3jimo.<\/p>\n\n\n\n<p>La diputada inici\u00f3 su discurso recordando que la ra\u00edz de esta conmemoraci\u00f3n, que visibiliza la lucha contra los prejuicios y la discriminaci\u00f3n por el hecho de tener una orientaci\u00f3n sexual o identidad de g\u00e9nero distintos, tiene su ra\u00edz en la eliminaci\u00f3n de la homosexualidad de la lista de enfermedades mentales por parte de la Organizaci\u00f3n Mundial de la Salud (OMS), la cual ocurri\u00f3 un 17 de mayo de 1990.<\/p>\n\n\n\n<p>\u201cEn M\u00e9xico, hemos avanzado bastante en el reconocimiento y protecci\u00f3n de los derechos humanos y en el combate a las conductas violatorias y discriminatorias de los mismos. El Estado est\u00e1 obligado a garantizar el pleno ejercicio de los derechos de todas las personas. S\u00f3lo as\u00ed es posible vivir en esta sociedad de manera libre y con dignidad\u201d, observ\u00f3 Francisca Abell\u00f3.<\/p>\n\n\n\n<p>\u201cNo obstante, en Sinaloa a\u00fan persisten individuos y grupos cuyas creencias y valores los vuelve intolerantes ante el reconocimiento del Estado y de la mayor parte de la sociedad, de derechos humanos que son imprescriptibles, inalienables, universales, interdependientes, indivisibles y progresivos. Individuos y grupos de visi\u00f3n estrecha y actitudes discriminatorias, que se empecinan en cuartar y retrasar el reconocimiento de estos derechos, sin importar que con ello dejen a personas sin la protecci\u00f3n de las propias instituciones del Estado, solo por tener una orientaci\u00f3n sexual y una identidad de g\u00e9nero distintas\u201d, a\u00f1adi\u00f3 la morenista.<\/p>\n\n\n\n<p>Lament\u00f3 que se sigan negando los derechos de homosexuales, lesbianas, bisexuales, transexuales, trasvestis, transg\u00e9nero, e intersexuales, como el cambio de nombre y derecho a la identidad, a unirse en matrimonio, tener una vivienda conjunta, construir un patrimonio, a la seguridad social, de herencia, o derecho a formar una familia bajo los principios de autodeterminaci\u00f3n y libre desarrollo de la personalidad<\/p>\n\n\n\n<p>\u201cEsto atenta contra atenta contra la dignidad humana, menoscaba sus libertades y los priva de instituciones sociales fundamentales. No existen razones \u00e9ticas, ni jur\u00eddicas, mucho menos l\u00f3gicas que sostengan la exclusi\u00f3n\u201d, asever\u00f3 la morenista.<\/p>\n\n\n\n<p>\u201cCuando da\u00f1amos la dignidad de otros seres humanos, da\u00f1amos nuestra propia dignidad, porque \u00e9sta radica en no humillar ni dejarse humillar por los dem\u00e1s; una persona con dignidad considera ante cualquier acci\u00f3n: la vida, la integridad y las necesidades de los dem\u00e1s. En morena trabajamos para construir un M\u00e9xico plural, incluyente y solidario, donde se garantice el respeto a la diversidad sexual, el pleno goce de los derechos humanos y donde prime el amor al pr\u00f3jimo\u201d, concluy\u00f3 Francisca Abell\u00f3 Jorda.<\/p>\n","protected":false},"excerpt":{"rendered":"<p>La diputada Francisca Abell\u00f3 lament\u00f3 que se les sigan negando derechos, como el cambio de nombre y derecho a la identidad, a unirse en matrimonio, entre otros Culiac\u00e1n, Sin. En el marco de la celebraci\u00f3n del D\u00eda internacional contra la Homofobia, Lesfobia, Transfobia y Bifobia, la diputada Francisca Abell\u00f3 Jorda quien es integrante del Grupo [&hellip;]<\/p>\n","protected":false},"author":4,"featured_media":2373,"comment_status":"open","ping_status":"open","sticky":false,"template":"","format":"standard","meta":{"tdm_status":"","tdm_grid_status":"","footnotes":""},"categories":[38],"tags":[305,454,455,45],"class_list":{"0":"post-2372","1":"post","2":"type-post","3":"status-publish","4":"format-standard","5":"has-post-thumbnail","7":"category-noticias-locales","8":"tag-congreso-del-estado","9":"tag-derechos-lgbt","10":"tag-lgbt","11":"tag-morena"},"yoast_head":"<!-- This site is optimized with the Yoast SEO plugin v27.5 - https:\/\/yoast.com\/product\/yoast-seo-wordpress\/ -->\n<title>Llama Morena a reconocer derechos de la comunidad LGBT - Fuentes Fidedignas<\/title>\n<meta name=\"robots\" content=\"index, follow, max-snippet:-1, max-image-preview:large, max-video-preview:-1\" \/>\n<link rel=\"canonical\" href=\"https:\/\/fuentesfidedignas.com.mx\/index.php\/2021\/05\/18\/llama-morena-a-reconocer-derechos-de-la-comunidad-lgbt\/\" \/>\n<meta property=\"og:locale\" content=\"es_MX\" \/>\n<meta property=\"og:type\" content=\"article\" \/>\n<meta property=\"og:title\" content=\"Llama Morena a reconocer derechos de la comunidad LGBT - Fuentes Fidedignas\" \/>\n<meta property=\"og:description\" content=\"La diputada Francisca Abell\u00f3 lament\u00f3 que se les sigan negando derechos, como el cambio de nombre y derecho a la identidad, a unirse en matrimonio, entre otros Culiac\u00e1n, Sin. En el marco de la celebraci\u00f3n del D\u00eda internacional contra la Homofobia, Lesfobia, Transfobia y Bifobia, la diputada Francisca Abell\u00f3 Jorda quien es integrante del Grupo [&hellip;]\" \/>\n<meta property=\"og:url\" content=\"https:\/\/fuentesfidedignas.com.mx\/index.php\/2021\/05\/18\/llama-morena-a-reconocer-derechos-de-la-comunidad-lgbt\/\" \/>\n<meta property=\"og:site_name\" content=\"Fuentes Fidedignas\" \/>\n<meta property=\"article:publisher\" content=\"https:\/\/www.facebook.com\/Fuentes-Fidedignas-368234489921644\" \/>\n<meta property=\"article:published_time\" content=\"2021-05-18T20:33:13+00:00\" \/>\n<meta property=\"article:modified_time\" content=\"2021-05-18T20:33:16+00:00\" \/>\n<meta property=\"og:image\" content=\"https:\/\/fuentesfidedignas.com.mx\/wp-content\/uploads\/2021\/05\/IMG-20210518-WA0047.jpg\" \/>\n\t<meta property=\"og:image:width\" content=\"1280\" \/>\n\t<meta property=\"og:image:height\" content=\"853\" \/>\n\t<meta property=\"og:image:type\" content=\"image\/jpeg\" \/>\n<meta name=\"author\" content=\"Redacci\u00f3n\" \/>\n<meta name=\"twitter:card\" content=\"summary_large_image\" \/>\n<meta name=\"twitter:creator\" content=\"@fidedignas\" \/>\n<meta name=\"twitter:site\" content=\"@fidedignas\" \/>\n<meta name=\"twitter:label1\" content=\"Escrito por\" \/>\n\t<meta name=\"twitter:data1\" content=\"Redacci\u00f3n\" \/>\n\t<meta name=\"twitter:label2\" content=\"Tiempo de lectura\" \/>\n\t<meta name=\"twitter:data2\" content=\"3 minutos\" \/>\n<script type=\"application\/ld+json\" class=\"yoast-schema-graph\">{\"@context\":\"https:\\\/\\\/schema.org\",\"@graph\":[{\"@type\":\"Article\",\"@id\":\"https:\\\/\\\/fuentesfidedignas.com.mx\\\/index.php\\\/2021\\\/05\\\/18\\\/llama-morena-a-reconocer-derechos-de-la-comunidad-lgbt\\\/#article\",\"isPartOf\":{\"@id\":\"https:\\\/\\\/fuentesfidedignas.com.mx\\\/index.php\\\/2021\\\/05\\\/18\\\/llama-morena-a-reconocer-derechos-de-la-comunidad-lgbt\\\/\"},\"author\":{\"name\":\"Redacci\u00f3n\",\"@id\":\"https:\\\/\\\/fuentesfidedignas.com.mx\\\/#\\\/schema\\\/person\\\/331be9283d37198e2acd5750279085b0\"},\"headline\":\"Llama Morena a reconocer derechos de la comunidad LGBT\",\"datePublished\":\"2021-05-18T20:33:13+00:00\",\"dateModified\":\"2021-05-18T20:33:16+00:00\",\"mainEntityOfPage\":{\"@id\":\"https:\\\/\\\/fuentesfidedignas.com.mx\\\/index.php\\\/2021\\\/05\\\/18\\\/llama-morena-a-reconocer-derechos-de-la-comunidad-lgbt\\\/\"},\"wordCount\":545,\"commentCount\":0,\"publisher\":{\"@id\":\"https:\\\/\\\/fuentesfidedignas.com.mx\\\/#organization\"},\"image\":{\"@id\":\"https:\\\/\\\/fuentesfidedignas.com.mx\\\/index.php\\\/2021\\\/05\\\/18\\\/llama-morena-a-reconocer-derechos-de-la-comunidad-lgbt\\\/#primaryimage\"},\"thumbnailUrl\":\"https:\\\/\\\/fuentesfidedignas.com.mx\\\/wp-content\\\/uploads\\\/2021\\\/05\\\/IMG-20210518-WA0047.jpg\",\"keywords\":[\"Congreso del Estado\",\"Derechos LGBT\",\"LGBT\",\"morena\"],\"articleSection\":[\"NOTICIAS LOCALES\"],\"inLanguage\":\"es\",\"potentialAction\":[{\"@type\":\"CommentAction\",\"name\":\"Comment\",\"target\":[\"https:\\\/\\\/fuentesfidedignas.com.mx\\\/index.php\\\/2021\\\/05\\\/18\\\/llama-morena-a-reconocer-derechos-de-la-comunidad-lgbt\\\/#respond\"]}]},{\"@type\":\"WebPage\",\"@id\":\"https:\\\/\\\/fuentesfidedignas.com.mx\\\/index.php\\\/2021\\\/05\\\/18\\\/llama-morena-a-reconocer-derechos-de-la-comunidad-lgbt\\\/\",\"url\":\"https:\\\/\\\/fuentesfidedignas.com.mx\\\/index.php\\\/2021\\\/05\\\/18\\\/llama-morena-a-reconocer-derechos-de-la-comunidad-lgbt\\\/\",\"name\":\"Llama Morena a reconocer derechos de la comunidad LGBT - Fuentes Fidedignas\",\"isPartOf\":{\"@id\":\"https:\\\/\\\/fuentesfidedignas.com.mx\\\/#website\"},\"primaryImageOfPage\":{\"@id\":\"https:\\\/\\\/fuentesfidedignas.com.mx\\\/index.php\\\/2021\\\/05\\\/18\\\/llama-morena-a-reconocer-derechos-de-la-comunidad-lgbt\\\/#primaryimage\"},\"image\":{\"@id\":\"https:\\\/\\\/fuentesfidedignas.com.mx\\\/index.php\\\/2021\\\/05\\\/18\\\/llama-morena-a-reconocer-derechos-de-la-comunidad-lgbt\\\/#primaryimage\"},\"thumbnailUrl\":\"https:\\\/\\\/fuentesfidedignas.com.mx\\\/wp-content\\\/uploads\\\/2021\\\/05\\\/IMG-20210518-WA0047.jpg\",\"datePublished\":\"2021-05-18T20:33:13+00:00\",\"dateModified\":\"2021-05-18T20:33:16+00:00\",\"breadcrumb\":{\"@id\":\"https:\\\/\\\/fuentesfidedignas.com.mx\\\/index.php\\\/2021\\\/05\\\/18\\\/llama-morena-a-reconocer-derechos-de-la-comunidad-lgbt\\\/#breadcrumb\"},\"inLanguage\":\"es\",\"potentialAction\":[{\"@type\":\"ReadAction\",\"target\":[\"https:\\\/\\\/fuentesfidedignas.com.mx\\\/index.php\\\/2021\\\/05\\\/18\\\/llama-morena-a-reconocer-derechos-de-la-comunidad-lgbt\\\/\"]}]},{\"@type\":\"ImageObject\",\"inLanguage\":\"es\",\"@id\":\"https:\\\/\\\/fuentesfidedignas.com.mx\\\/index.php\\\/2021\\\/05\\\/18\\\/llama-morena-a-reconocer-derechos-de-la-comunidad-lgbt\\\/#primaryimage\",\"url\":\"https:\\\/\\\/fuentesfidedignas.com.mx\\\/wp-content\\\/uploads\\\/2021\\\/05\\\/IMG-20210518-WA0047.jpg\",\"contentUrl\":\"https:\\\/\\\/fuentesfidedignas.com.mx\\\/wp-content\\\/uploads\\\/2021\\\/05\\\/IMG-20210518-WA0047.jpg\",\"width\":1280,\"height\":853},{\"@type\":\"BreadcrumbList\",\"@id\":\"https:\\\/\\\/fuentesfidedignas.com.mx\\\/index.php\\\/2021\\\/05\\\/18\\\/llama-morena-a-reconocer-derechos-de-la-comunidad-lgbt\\\/#breadcrumb\",\"itemListElement\":[{\"@type\":\"ListItem\",\"position\":1,\"name\":\"Inicio\",\"item\":\"https:\\\/\\\/fuentesfidedignas.com.mx\\\/\"},{\"@type\":\"ListItem\",\"position\":2,\"name\":\"Llama Morena a reconocer derechos de la comunidad LGBT\"}]},{\"@type\":\"WebSite\",\"@id\":\"https:\\\/\\\/fuentesfidedignas.com.mx\\\/#website\",\"url\":\"https:\\\/\\\/fuentesfidedignas.com.mx\\\/\",\"name\":\"Fuentes Fidedignas\",\"description\":\"Otro sitio realizado con WordPress\",\"publisher\":{\"@id\":\"https:\\\/\\\/fuentesfidedignas.com.mx\\\/#organization\"},\"potentialAction\":[{\"@type\":\"SearchAction\",\"target\":{\"@type\":\"EntryPoint\",\"urlTemplate\":\"https:\\\/\\\/fuentesfidedignas.com.mx\\\/?s={search_term_string}\"},\"query-input\":{\"@type\":\"PropertyValueSpecification\",\"valueRequired\":true,\"valueName\":\"search_term_string\"}}],\"inLanguage\":\"es\"},{\"@type\":\"Organization\",\"@id\":\"https:\\\/\\\/fuentesfidedignas.com.mx\\\/#organization\",\"name\":\"Fuentes Fidedignas\",\"url\":\"https:\\\/\\\/fuentesfidedignas.com.mx\\\/\",\"logo\":{\"@type\":\"ImageObject\",\"inLanguage\":\"es\",\"@id\":\"https:\\\/\\\/fuentesfidedignas.com.mx\\\/#\\\/schema\\\/logo\\\/image\\\/\",\"url\":\"https:\\\/\\\/fuentesfidedignas.com.mx\\\/wp-content\\\/uploads\\\/2021\\\/04\\\/logo-retina.png\",\"contentUrl\":\"https:\\\/\\\/fuentesfidedignas.com.mx\\\/wp-content\\\/uploads\\\/2021\\\/04\\\/logo-retina.png\",\"width\":280,\"height\":51,\"caption\":\"Fuentes Fidedignas\"},\"image\":{\"@id\":\"https:\\\/\\\/fuentesfidedignas.com.mx\\\/#\\\/schema\\\/logo\\\/image\\\/\"},\"sameAs\":[\"https:\\\/\\\/www.facebook.com\\\/Fuentes-Fidedignas-368234489921644\",\"https:\\\/\\\/x.com\\\/fidedignas\"]},{\"@type\":\"Person\",\"@id\":\"https:\\\/\\\/fuentesfidedignas.com.mx\\\/#\\\/schema\\\/person\\\/331be9283d37198e2acd5750279085b0\",\"name\":\"Redacci\u00f3n\",\"image\":{\"@type\":\"ImageObject\",\"inLanguage\":\"es\",\"@id\":\"https:\\\/\\\/secure.gravatar.com\\\/avatar\\\/f6d8782c11d12b2d4ad3fbb6931aeab5309937a4d6cd2fc9cfaa28a6396a5aec?s=96&d=mm&r=g\",\"url\":\"https:\\\/\\\/secure.gravatar.com\\\/avatar\\\/f6d8782c11d12b2d4ad3fbb6931aeab5309937a4d6cd2fc9cfaa28a6396a5aec?s=96&d=mm&r=g\",\"contentUrl\":\"https:\\\/\\\/secure.gravatar.com\\\/avatar\\\/f6d8782c11d12b2d4ad3fbb6931aeab5309937a4d6cd2fc9cfaa28a6396a5aec?s=96&d=mm&r=g\",\"caption\":\"Redacci\u00f3n\"},\"url\":\"https:\\\/\\\/fuentesfidedignas.com.mx\\\/index.php\\\/author\\\/redaccion\\\/\"}]}<\/script>\n<!-- \/ Yoast SEO plugin. -->","yoast_head_json":{"title":"Llama Morena a reconocer derechos de la comunidad LGBT - Fuentes Fidedignas","robots":{"index":"index","follow":"follow","max-snippet":"max-snippet:-1","max-image-preview":"max-image-preview:large","max-video-preview":"max-video-preview:-1"},"canonical":"https:\/\/fuentesfidedignas.com.mx\/index.php\/2021\/05\/18\/llama-morena-a-reconocer-derechos-de-la-comunidad-lgbt\/","og_locale":"es_MX","og_type":"article","og_title":"Llama Morena a reconocer derechos de la comunidad LGBT - Fuentes Fidedignas","og_description":"La diputada Francisca Abell\u00f3 lament\u00f3 que se les sigan negando derechos, como el cambio de nombre y derecho a la identidad, a unirse en matrimonio, entre otros Culiac\u00e1n, Sin. En el marco de la celebraci\u00f3n del D\u00eda internacional contra la Homofobia, Lesfobia, Transfobia y Bifobia, la diputada Francisca Abell\u00f3 Jorda quien es integrante del Grupo [&hellip;]","og_url":"https:\/\/fuentesfidedignas.com.mx\/index.php\/2021\/05\/18\/llama-morena-a-reconocer-derechos-de-la-comunidad-lgbt\/","og_site_name":"Fuentes Fidedignas","article_publisher":"https:\/\/www.facebook.com\/Fuentes-Fidedignas-368234489921644","article_published_time":"2021-05-18T20:33:13+00:00","article_modified_time":"2021-05-18T20:33:16+00:00","og_image":[{"width":1280,"height":853,"url":"https:\/\/fuentesfidedignas.com.mx\/wp-content\/uploads\/2021\/05\/IMG-20210518-WA0047.jpg","type":"image\/jpeg"}],"author":"Redacci\u00f3n","twitter_card":"summary_large_image","twitter_creator":"@fidedignas","twitter_site":"@fidedignas","twitter_misc":{"Escrito por":"Redacci\u00f3n","Tiempo de lectura":"3 minutos"},"schema":{"@context":"https:\/\/schema.org","@graph":[{"@type":"Article","@id":"https:\/\/fuentesfidedignas.com.mx\/index.php\/2021\/05\/18\/llama-morena-a-reconocer-derechos-de-la-comunidad-lgbt\/#article","isPartOf":{"@id":"https:\/\/fuentesfidedignas.com.mx\/index.php\/2021\/05\/18\/llama-morena-a-reconocer-derechos-de-la-comunidad-lgbt\/"},"author":{"name":"Redacci\u00f3n","@id":"https:\/\/fuentesfidedignas.com.mx\/#\/schema\/person\/331be9283d37198e2acd5750279085b0"},"headline":"Llama Morena a reconocer derechos de la comunidad LGBT","datePublished":"2021-05-18T20:33:13+00:00","dateModified":"2021-05-18T20:33:16+00:00","mainEntityOfPage":{"@id":"https:\/\/fuentesfidedignas.com.mx\/index.php\/2021\/05\/18\/llama-morena-a-reconocer-derechos-de-la-comunidad-lgbt\/"},"wordCount":545,"commentCount":0,"publisher":{"@id":"https:\/\/fuentesfidedignas.com.mx\/#organization"},"image":{"@id":"https:\/\/fuentesfidedignas.com.mx\/index.php\/2021\/05\/18\/llama-morena-a-reconocer-derechos-de-la-comunidad-lgbt\/#primaryimage"},"thumbnailUrl":"https:\/\/fuentesfidedignas.com.mx\/wp-content\/uploads\/2021\/05\/IMG-20210518-WA0047.jpg","keywords":["Congreso del Estado","Derechos LGBT","LGBT","morena"],"articleSection":["NOTICIAS LOCALES"],"inLanguage":"es","potentialAction":[{"@type":"CommentAction","name":"Comment","target":["https:\/\/fuentesfidedignas.com.mx\/index.php\/2021\/05\/18\/llama-morena-a-reconocer-derechos-de-la-comunidad-lgbt\/#respond"]}]},{"@type":"WebPage","@id":"https:\/\/fuentesfidedignas.com.mx\/index.php\/2021\/05\/18\/llama-morena-a-reconocer-derechos-de-la-comunidad-lgbt\/","url":"https:\/\/fuentesfidedignas.com.mx\/index.php\/2021\/05\/18\/llama-morena-a-reconocer-derechos-de-la-comunidad-lgbt\/","name":"Llama Morena a reconocer derechos de la comunidad LGBT - Fuentes Fidedignas","isPartOf":{"@id":"https:\/\/fuentesfidedignas.com.mx\/#website"},"primaryImageOfPage":{"@id":"https:\/\/fuentesfidedignas.com.mx\/index.php\/2021\/05\/18\/llama-morena-a-reconocer-derechos-de-la-comunidad-lgbt\/#primaryimage"},"image":{"@id":"https:\/\/fuentesfidedignas.com.mx\/index.php\/2021\/05\/18\/llama-morena-a-reconocer-derechos-de-la-comunidad-lgbt\/#primaryimage"},"thumbnailUrl":"https:\/\/fuentesfidedignas.com.mx\/wp-content\/uploads\/2021\/05\/IMG-20210518-WA0047.jpg","datePublished":"2021-05-18T20:33:13+00:00","dateModified":"2021-05-18T20:33:16+00:00","breadcrumb":{"@id":"https:\/\/fuentesfidedignas.com.mx\/index.php\/2021\/05\/18\/llama-morena-a-reconocer-derechos-de-la-comunidad-lgbt\/#breadcrumb"},"inLanguage":"es","potentialAction":[{"@type":"ReadAction","target":["https:\/\/fuentesfidedignas.com.mx\/index.php\/2021\/05\/18\/llama-morena-a-reconocer-derechos-de-la-comunidad-lgbt\/"]}]},{"@type":"ImageObject","inLanguage":"es","@id":"https:\/\/fuentesfidedignas.com.mx\/index.php\/2021\/05\/18\/llama-morena-a-reconocer-derechos-de-la-comunidad-lgbt\/#primaryimage","url":"https:\/\/fuentesfidedignas.com.mx\/wp-content\/uploads\/2021\/05\/IMG-20210518-WA0047.jpg","contentUrl":"https:\/\/fuentesfidedignas.com.mx\/wp-content\/uploads\/2021\/05\/IMG-20210518-WA0047.jpg","width":1280,"height":853},{"@type":"BreadcrumbList","@id":"https:\/\/fuentesfidedignas.com.mx\/index.php\/2021\/05\/18\/llama-morena-a-reconocer-derechos-de-la-comunidad-lgbt\/#breadcrumb","itemListElement":[{"@type":"ListItem","position":1,"name":"Inicio","item":"https:\/\/fuentesfidedignas.com.mx\/"},{"@type":"ListItem","position":2,"name":"Llama Morena a reconocer derechos de la comunidad LGBT"}]},{"@type":"WebSite","@id":"https:\/\/fuentesfidedignas.com.mx\/#website","url":"https:\/\/fuentesfidedignas.com.mx\/","name":"Fuentes Fidedignas","description":"Otro sitio realizado con WordPress","publisher":{"@id":"https:\/\/fuentesfidedignas.com.mx\/#organization"},"potentialAction":[{"@type":"SearchAction","target":{"@type":"EntryPoint","urlTemplate":"https:\/\/fuentesfidedignas.com.mx\/?s={search_term_string}"},"query-input":{"@type":"PropertyValueSpecification","valueRequired":true,"valueName":"search_term_string"}}],"inLanguage":"es"},{"@type":"Organization","@id":"https:\/\/fuentesfidedignas.com.mx\/#organization","name":"Fuentes Fidedignas","url":"https:\/\/fuentesfidedignas.com.mx\/","logo":{"@type":"ImageObject","inLanguage":"es","@id":"https:\/\/fuentesfidedignas.com.mx\/#\/schema\/logo\/image\/","url":"https:\/\/fuentesfidedignas.com.mx\/wp-content\/uploads\/2021\/04\/logo-retina.png","contentUrl":"https:\/\/fuentesfidedignas.com.mx\/wp-content\/uploads\/2021\/04\/logo-retina.png","width":280,"height":51,"caption":"Fuentes Fidedignas"},"image":{"@id":"https:\/\/fuentesfidedignas.com.mx\/#\/schema\/logo\/image\/"},"sameAs":["https:\/\/www.facebook.com\/Fuentes-Fidedignas-368234489921644","https:\/\/x.com\/fidedignas"]},{"@type":"Person","@id":"https:\/\/fuentesfidedignas.com.mx\/#\/schema\/person\/331be9283d37198e2acd5750279085b0","name":"Redacci\u00f3n","image":{"@type":"ImageObject","inLanguage":"es","@id":"https:\/\/secure.gravatar.com\/avatar\/f6d8782c11d12b2d4ad3fbb6931aeab5309937a4d6cd2fc9cfaa28a6396a5aec?s=96&d=mm&r=g","url":"https:\/\/secure.gravatar.com\/avatar\/f6d8782c11d12b2d4ad3fbb6931aeab5309937a4d6cd2fc9cfaa28a6396a5aec?s=96&d=mm&r=g","contentUrl":"https:\/\/secure.gravatar.com\/avatar\/f6d8782c11d12b2d4ad3fbb6931aeab5309937a4d6cd2fc9cfaa28a6396a5aec?s=96&d=mm&r=g","caption":"Redacci\u00f3n"},"url":"https:\/\/fuentesfidedignas.com.mx\/index.php\/author\/redaccion\/"}]}},"_links":{"self":[{"href":"https:\/\/fuentesfidedignas.com.mx\/index.php\/wp-json\/wp\/v2\/posts\/2372","targetHints":{"allow":["GET"]}}],"collection":[{"href":"https:\/\/fuentesfidedignas.com.mx\/index.php\/wp-json\/wp\/v2\/posts"}],"about":[{"href":"https:\/\/fuentesfidedignas.com.mx\/index.php\/wp-json\/wp\/v2\/types\/post"}],"author":[{"embeddable":true,"href":"https:\/\/fuentesfidedignas.com.mx\/index.php\/wp-json\/wp\/v2\/users\/4"}],"replies":[{"embeddable":true,"href":"https:\/\/fuentesfidedignas.com.mx\/index.php\/wp-json\/wp\/v2\/comments?post=2372"}],"version-history":[{"count":1,"href":"https:\/\/fuentesfidedignas.com.mx\/index.php\/wp-json\/wp\/v2\/posts\/2372\/revisions"}],"predecessor-version":[{"id":2374,"href":"https:\/\/fuentesfidedignas.com.mx\/index.php\/wp-json\/wp\/v2\/posts\/2372\/revisions\/2374"}],"wp:featuredmedia":[{"embeddable":true,"href":"https:\/\/fuentesfidedignas.com.mx\/index.php\/wp-json\/wp\/v2\/media\/2373"}],"wp:attachment":[{"href":"https:\/\/fuentesfidedignas.com.mx\/index.php\/wp-json\/wp\/v2\/media?parent=2372"}],"wp:term":[{"taxonomy":"category","embeddable":true,"href":"https:\/\/fuentesfidedignas.com.mx\/index.php\/wp-json\/wp\/v2\/categories?post=2372"},{"taxonomy":"post_tag","embeddable":true,"href":"https:\/\/fuentesfidedignas.com.mx\/index.php\/wp-json\/wp\/v2\/tags?post=2372"}],"curies":[{"name":"wp","href":"https:\/\/api.w.org\/{rel}","templated":true}]}}