{"id":23686,"date":"2022-02-09T19:54:24","date_gmt":"2022-02-10T02:54:24","guid":{"rendered":"https:\/\/fuentesfidedignas.com.mx\/?p=23686"},"modified":"2022-02-09T19:54:48","modified_gmt":"2022-02-10T02:54:48","slug":"reitera-el-rector-la-necesidad-de-clases-presenciales-para-abatir-el-rezago-educativo","status":"publish","type":"post","link":"https:\/\/fuentesfidedignas.com.mx\/index.php\/2022\/02\/09\/reitera-el-rector-la-necesidad-de-clases-presenciales-para-abatir-el-rezago-educativo\/","title":{"rendered":"Reitera el Rector la necesidad de clases presenciales para abatir el rezago educativo"},"content":{"rendered":"\n<p><strong><em>El dirigente universitario consider\u00f3 que todas las carreras se ver\u00e1n afectadas con las clases en modalidad virtual pero principalmente las que requieren de pr\u00e1cticas<\/em><\/strong><\/p>\n\n\n\n<p>Culiac\u00e1n, Sin. El impacto negativo de la educaci\u00f3n virtual al 100 por ciento se ver\u00e1 dentro de unos a\u00f1os cuando egresen las actuales generaciones, de ah\u00ed la importancia del regreso a clases presenciales, opin\u00f3 el Rector de la Universidad Aut\u00f3noma de Sinaloa (UAS), doctor Jes\u00fas Madue\u00f1a Molina.<\/p>\n\n\n\n<p>\u201cSabemos que es muy importante (la educaci\u00f3n virtual), es una herramienta que debemos utilizar, pero que sea al 100 por ciento no es muy recomendable, por eso admiro la posici\u00f3n del Presidente de la Rep\u00fablica cuando llama a las universidades a que ya regresemos, y todav\u00eda vemos con mucho desaliento que hay muchas instituciones de educaci\u00f3n superior que se resisten a regresar cuando ya estamos vacunados todos\u201d, expres\u00f3.<\/p>\n\n\n\n<p>El dirigente universitario consider\u00f3 que todas las carreras se ver\u00e1n afectadas con las clases en modalidad virtual pero principalmente las que requieren de pr\u00e1cticas, como las del \u00e1rea de la salud y las ingenier\u00edas, donde la pr\u00e1ctica es fundamental y donde se estuvo 18 meses cien por ciento virtual.<\/p>\n\n\n\n<p>En ese sentido, afirm\u00f3 que habr\u00e1 mecanismos de apoyo a esos estudiantes y posiblemente sean cursos o talleres pr\u00e1cticos para quien los desee aprovechar.<\/p>\n\n\n\n<p>El Rector detall\u00f3 que en junio del a\u00f1o pasado se ten\u00eda en la UAS un rezago del 20 por ciento de la matr\u00edcula derivado de la pandemia, y ese porcentaje se logr\u00f3 abatir y actualmente es solo es del 5 por ciento.<\/p>\n\n\n\n<p>Agreg\u00f3 que en las escuelas y facultades de la Universidad se puede constatar que se est\u00e1 cumpliendo con el compromiso de regresar al 100 por ciento a las clases presenciales y el equipo de expertos en salud de la instituci\u00f3n ha detectado un descenso en los contagios, de tal forma que al estar vacunados todos los profesores y los alumnos hay condiciones para regresar, y advirti\u00f3 que mientras haya un caso de COVID o sus variantes se exigir\u00e1 que se cumplan los protocolos de salud.<\/p>\n\n\n\n<p>Por \u00faltimo, el Rector dio a conocer que hay una afluencia al 100 por ciento de docentes en las aulas de la UAS ya que se platic\u00f3 con aquellos que se resist\u00edan a regresar, por lo tanto, no fue necesario aplicar alguna sanci\u00f3n.<\/p>\n","protected":false},"excerpt":{"rendered":"<p>El dirigente universitario consider\u00f3 que todas las carreras se ver\u00e1n afectadas con las clases en modalidad virtual pero principalmente las que requieren de pr\u00e1cticas Culiac\u00e1n, Sin. El impacto negativo de la educaci\u00f3n virtual al 100 por ciento se ver\u00e1 dentro de unos a\u00f1os cuando egresen las actuales generaciones, de ah\u00ed la importancia del regreso a [&hellip;]<\/p>\n","protected":false},"author":4,"featured_media":23688,"comment_status":"open","ping_status":"open","sticky":false,"template":"","format":"standard","meta":{"tdm_status":"","tdm_grid_status":"","footnotes":""},"categories":[38],"tags":[725,1980,234],"class_list":{"0":"post-23686","1":"post","2":"type-post","3":"status-publish","4":"format-standard","5":"has-post-thumbnail","7":"category-noticias-locales","8":"tag-jesus-maduena-molina","9":"tag-rector-de-la-uas","10":"tag-universidad-autonoma-de-sinaloa"},"yoast_head":"<!-- This site is optimized with the Yoast SEO plugin v27.5 - https:\/\/yoast.com\/product\/yoast-seo-wordpress\/ -->\n<title>Reitera el Rector la necesidad de clases presenciales para abatir el rezago educativo - Fuentes Fidedignas<\/title>\n<meta name=\"robots\" content=\"index, follow, max-snippet:-1, max-image-preview:large, max-video-preview:-1\" \/>\n<link rel=\"canonical\" href=\"https:\/\/fuentesfidedignas.com.mx\/index.php\/2022\/02\/09\/reitera-el-rector-la-necesidad-de-clases-presenciales-para-abatir-el-rezago-educativo\/\" \/>\n<meta property=\"og:locale\" content=\"es_MX\" \/>\n<meta property=\"og:type\" content=\"article\" \/>\n<meta property=\"og:title\" content=\"Reitera el Rector la necesidad de clases presenciales para abatir el rezago educativo - Fuentes Fidedignas\" \/>\n<meta property=\"og:description\" content=\"El dirigente universitario consider\u00f3 que todas las carreras se ver\u00e1n afectadas con las clases en modalidad virtual pero principalmente las que requieren de pr\u00e1cticas Culiac\u00e1n, Sin. El impacto negativo de la educaci\u00f3n virtual al 100 por ciento se ver\u00e1 dentro de unos a\u00f1os cuando egresen las actuales generaciones, de ah\u00ed la importancia del regreso a [&hellip;]\" \/>\n<meta property=\"og:url\" content=\"https:\/\/fuentesfidedignas.com.mx\/index.php\/2022\/02\/09\/reitera-el-rector-la-necesidad-de-clases-presenciales-para-abatir-el-rezago-educativo\/\" \/>\n<meta property=\"og:site_name\" content=\"Fuentes Fidedignas\" \/>\n<meta property=\"article:publisher\" content=\"https:\/\/www.facebook.com\/Fuentes-Fidedignas-368234489921644\" \/>\n<meta property=\"article:published_time\" content=\"2022-02-10T02:54:24+00:00\" \/>\n<meta property=\"article:modified_time\" content=\"2022-02-10T02:54:48+00:00\" \/>\n<meta property=\"og:image\" content=\"https:\/\/fuentesfidedignas.com.mx\/wp-content\/uploads\/2022\/02\/Clases-presenciales-2.jpg\" \/>\n\t<meta property=\"og:image:width\" content=\"1500\" \/>\n\t<meta property=\"og:image:height\" content=\"1000\" \/>\n\t<meta property=\"og:image:type\" content=\"image\/jpeg\" \/>\n<meta name=\"author\" content=\"Redacci\u00f3n\" \/>\n<meta name=\"twitter:card\" content=\"summary_large_image\" \/>\n<meta name=\"twitter:creator\" content=\"@fidedignas\" \/>\n<meta name=\"twitter:site\" content=\"@fidedignas\" \/>\n<meta name=\"twitter:label1\" content=\"Escrito por\" \/>\n\t<meta name=\"twitter:data1\" content=\"Redacci\u00f3n\" \/>\n\t<meta name=\"twitter:label2\" content=\"Tiempo de lectura\" \/>\n\t<meta name=\"twitter:data2\" content=\"2 minutos\" \/>\n<script type=\"application\/ld+json\" class=\"yoast-schema-graph\">{\"@context\":\"https:\\\/\\\/schema.org\",\"@graph\":[{\"@type\":\"Article\",\"@id\":\"https:\\\/\\\/fuentesfidedignas.com.mx\\\/index.php\\\/2022\\\/02\\\/09\\\/reitera-el-rector-la-necesidad-de-clases-presenciales-para-abatir-el-rezago-educativo\\\/#article\",\"isPartOf\":{\"@id\":\"https:\\\/\\\/fuentesfidedignas.com.mx\\\/index.php\\\/2022\\\/02\\\/09\\\/reitera-el-rector-la-necesidad-de-clases-presenciales-para-abatir-el-rezago-educativo\\\/\"},\"author\":{\"name\":\"Redacci\u00f3n\",\"@id\":\"https:\\\/\\\/fuentesfidedignas.com.mx\\\/#\\\/schema\\\/person\\\/331be9283d37198e2acd5750279085b0\"},\"headline\":\"Reitera el Rector la necesidad de clases presenciales para abatir el rezago educativo\",\"datePublished\":\"2022-02-10T02:54:24+00:00\",\"dateModified\":\"2022-02-10T02:54:48+00:00\",\"mainEntityOfPage\":{\"@id\":\"https:\\\/\\\/fuentesfidedignas.com.mx\\\/index.php\\\/2022\\\/02\\\/09\\\/reitera-el-rector-la-necesidad-de-clases-presenciales-para-abatir-el-rezago-educativo\\\/\"},\"wordCount\":412,\"commentCount\":0,\"publisher\":{\"@id\":\"https:\\\/\\\/fuentesfidedignas.com.mx\\\/#organization\"},\"image\":{\"@id\":\"https:\\\/\\\/fuentesfidedignas.com.mx\\\/index.php\\\/2022\\\/02\\\/09\\\/reitera-el-rector-la-necesidad-de-clases-presenciales-para-abatir-el-rezago-educativo\\\/#primaryimage\"},\"thumbnailUrl\":\"https:\\\/\\\/fuentesfidedignas.com.mx\\\/wp-content\\\/uploads\\\/2022\\\/02\\\/Clases-presenciales-2.jpg\",\"keywords\":[\"Jes\u00fas Madue\u00f1a Molina\",\"Rector de la UAS\",\"Universidad Aut\u00f3noma de Sinaloa\"],\"articleSection\":[\"NOTICIAS LOCALES\"],\"inLanguage\":\"es\",\"potentialAction\":[{\"@type\":\"CommentAction\",\"name\":\"Comment\",\"target\":[\"https:\\\/\\\/fuentesfidedignas.com.mx\\\/index.php\\\/2022\\\/02\\\/09\\\/reitera-el-rector-la-necesidad-de-clases-presenciales-para-abatir-el-rezago-educativo\\\/#respond\"]}]},{\"@type\":\"WebPage\",\"@id\":\"https:\\\/\\\/fuentesfidedignas.com.mx\\\/index.php\\\/2022\\\/02\\\/09\\\/reitera-el-rector-la-necesidad-de-clases-presenciales-para-abatir-el-rezago-educativo\\\/\",\"url\":\"https:\\\/\\\/fuentesfidedignas.com.mx\\\/index.php\\\/2022\\\/02\\\/09\\\/reitera-el-rector-la-necesidad-de-clases-presenciales-para-abatir-el-rezago-educativo\\\/\",\"name\":\"Reitera el Rector la necesidad de clases presenciales para abatir el rezago educativo - Fuentes Fidedignas\",\"isPartOf\":{\"@id\":\"https:\\\/\\\/fuentesfidedignas.com.mx\\\/#website\"},\"primaryImageOfPage\":{\"@id\":\"https:\\\/\\\/fuentesfidedignas.com.mx\\\/index.php\\\/2022\\\/02\\\/09\\\/reitera-el-rector-la-necesidad-de-clases-presenciales-para-abatir-el-rezago-educativo\\\/#primaryimage\"},\"image\":{\"@id\":\"https:\\\/\\\/fuentesfidedignas.com.mx\\\/index.php\\\/2022\\\/02\\\/09\\\/reitera-el-rector-la-necesidad-de-clases-presenciales-para-abatir-el-rezago-educativo\\\/#primaryimage\"},\"thumbnailUrl\":\"https:\\\/\\\/fuentesfidedignas.com.mx\\\/wp-content\\\/uploads\\\/2022\\\/02\\\/Clases-presenciales-2.jpg\",\"datePublished\":\"2022-02-10T02:54:24+00:00\",\"dateModified\":\"2022-02-10T02:54:48+00:00\",\"breadcrumb\":{\"@id\":\"https:\\\/\\\/fuentesfidedignas.com.mx\\\/index.php\\\/2022\\\/02\\\/09\\\/reitera-el-rector-la-necesidad-de-clases-presenciales-para-abatir-el-rezago-educativo\\\/#breadcrumb\"},\"inLanguage\":\"es\",\"potentialAction\":[{\"@type\":\"ReadAction\",\"target\":[\"https:\\\/\\\/fuentesfidedignas.com.mx\\\/index.php\\\/2022\\\/02\\\/09\\\/reitera-el-rector-la-necesidad-de-clases-presenciales-para-abatir-el-rezago-educativo\\\/\"]}]},{\"@type\":\"ImageObject\",\"inLanguage\":\"es\",\"@id\":\"https:\\\/\\\/fuentesfidedignas.com.mx\\\/index.php\\\/2022\\\/02\\\/09\\\/reitera-el-rector-la-necesidad-de-clases-presenciales-para-abatir-el-rezago-educativo\\\/#primaryimage\",\"url\":\"https:\\\/\\\/fuentesfidedignas.com.mx\\\/wp-content\\\/uploads\\\/2022\\\/02\\\/Clases-presenciales-2.jpg\",\"contentUrl\":\"https:\\\/\\\/fuentesfidedignas.com.mx\\\/wp-content\\\/uploads\\\/2022\\\/02\\\/Clases-presenciales-2.jpg\",\"width\":1500,\"height\":1000},{\"@type\":\"BreadcrumbList\",\"@id\":\"https:\\\/\\\/fuentesfidedignas.com.mx\\\/index.php\\\/2022\\\/02\\\/09\\\/reitera-el-rector-la-necesidad-de-clases-presenciales-para-abatir-el-rezago-educativo\\\/#breadcrumb\",\"itemListElement\":[{\"@type\":\"ListItem\",\"position\":1,\"name\":\"Inicio\",\"item\":\"https:\\\/\\\/fuentesfidedignas.com.mx\\\/\"},{\"@type\":\"ListItem\",\"position\":2,\"name\":\"Reitera el Rector la necesidad de clases presenciales para abatir el rezago educativo\"}]},{\"@type\":\"WebSite\",\"@id\":\"https:\\\/\\\/fuentesfidedignas.com.mx\\\/#website\",\"url\":\"https:\\\/\\\/fuentesfidedignas.com.mx\\\/\",\"name\":\"Fuentes Fidedignas\",\"description\":\"Otro sitio realizado con WordPress\",\"publisher\":{\"@id\":\"https:\\\/\\\/fuentesfidedignas.com.mx\\\/#organization\"},\"potentialAction\":[{\"@type\":\"SearchAction\",\"target\":{\"@type\":\"EntryPoint\",\"urlTemplate\":\"https:\\\/\\\/fuentesfidedignas.com.mx\\\/?s={search_term_string}\"},\"query-input\":{\"@type\":\"PropertyValueSpecification\",\"valueRequired\":true,\"valueName\":\"search_term_string\"}}],\"inLanguage\":\"es\"},{\"@type\":\"Organization\",\"@id\":\"https:\\\/\\\/fuentesfidedignas.com.mx\\\/#organization\",\"name\":\"Fuentes Fidedignas\",\"url\":\"https:\\\/\\\/fuentesfidedignas.com.mx\\\/\",\"logo\":{\"@type\":\"ImageObject\",\"inLanguage\":\"es\",\"@id\":\"https:\\\/\\\/fuentesfidedignas.com.mx\\\/#\\\/schema\\\/logo\\\/image\\\/\",\"url\":\"https:\\\/\\\/fuentesfidedignas.com.mx\\\/wp-content\\\/uploads\\\/2021\\\/04\\\/logo-retina.png\",\"contentUrl\":\"https:\\\/\\\/fuentesfidedignas.com.mx\\\/wp-content\\\/uploads\\\/2021\\\/04\\\/logo-retina.png\",\"width\":280,\"height\":51,\"caption\":\"Fuentes Fidedignas\"},\"image\":{\"@id\":\"https:\\\/\\\/fuentesfidedignas.com.mx\\\/#\\\/schema\\\/logo\\\/image\\\/\"},\"sameAs\":[\"https:\\\/\\\/www.facebook.com\\\/Fuentes-Fidedignas-368234489921644\",\"https:\\\/\\\/x.com\\\/fidedignas\"]},{\"@type\":\"Person\",\"@id\":\"https:\\\/\\\/fuentesfidedignas.com.mx\\\/#\\\/schema\\\/person\\\/331be9283d37198e2acd5750279085b0\",\"name\":\"Redacci\u00f3n\",\"image\":{\"@type\":\"ImageObject\",\"inLanguage\":\"es\",\"@id\":\"https:\\\/\\\/secure.gravatar.com\\\/avatar\\\/f6d8782c11d12b2d4ad3fbb6931aeab5309937a4d6cd2fc9cfaa28a6396a5aec?s=96&d=mm&r=g\",\"url\":\"https:\\\/\\\/secure.gravatar.com\\\/avatar\\\/f6d8782c11d12b2d4ad3fbb6931aeab5309937a4d6cd2fc9cfaa28a6396a5aec?s=96&d=mm&r=g\",\"contentUrl\":\"https:\\\/\\\/secure.gravatar.com\\\/avatar\\\/f6d8782c11d12b2d4ad3fbb6931aeab5309937a4d6cd2fc9cfaa28a6396a5aec?s=96&d=mm&r=g\",\"caption\":\"Redacci\u00f3n\"},\"url\":\"https:\\\/\\\/fuentesfidedignas.com.mx\\\/index.php\\\/author\\\/redaccion\\\/\"}]}<\/script>\n<!-- \/ Yoast SEO plugin. -->","yoast_head_json":{"title":"Reitera el Rector la necesidad de clases presenciales para abatir el rezago educativo - Fuentes Fidedignas","robots":{"index":"index","follow":"follow","max-snippet":"max-snippet:-1","max-image-preview":"max-image-preview:large","max-video-preview":"max-video-preview:-1"},"canonical":"https:\/\/fuentesfidedignas.com.mx\/index.php\/2022\/02\/09\/reitera-el-rector-la-necesidad-de-clases-presenciales-para-abatir-el-rezago-educativo\/","og_locale":"es_MX","og_type":"article","og_title":"Reitera el Rector la necesidad de clases presenciales para abatir el rezago educativo - Fuentes Fidedignas","og_description":"El dirigente universitario consider\u00f3 que todas las carreras se ver\u00e1n afectadas con las clases en modalidad virtual pero principalmente las que requieren de pr\u00e1cticas Culiac\u00e1n, Sin. El impacto negativo de la educaci\u00f3n virtual al 100 por ciento se ver\u00e1 dentro de unos a\u00f1os cuando egresen las actuales generaciones, de ah\u00ed la importancia del regreso a [&hellip;]","og_url":"https:\/\/fuentesfidedignas.com.mx\/index.php\/2022\/02\/09\/reitera-el-rector-la-necesidad-de-clases-presenciales-para-abatir-el-rezago-educativo\/","og_site_name":"Fuentes Fidedignas","article_publisher":"https:\/\/www.facebook.com\/Fuentes-Fidedignas-368234489921644","article_published_time":"2022-02-10T02:54:24+00:00","article_modified_time":"2022-02-10T02:54:48+00:00","og_image":[{"width":1500,"height":1000,"url":"https:\/\/fuentesfidedignas.com.mx\/wp-content\/uploads\/2022\/02\/Clases-presenciales-2.jpg","type":"image\/jpeg"}],"author":"Redacci\u00f3n","twitter_card":"summary_large_image","twitter_creator":"@fidedignas","twitter_site":"@fidedignas","twitter_misc":{"Escrito por":"Redacci\u00f3n","Tiempo de lectura":"2 minutos"},"schema":{"@context":"https:\/\/schema.org","@graph":[{"@type":"Article","@id":"https:\/\/fuentesfidedignas.com.mx\/index.php\/2022\/02\/09\/reitera-el-rector-la-necesidad-de-clases-presenciales-para-abatir-el-rezago-educativo\/#article","isPartOf":{"@id":"https:\/\/fuentesfidedignas.com.mx\/index.php\/2022\/02\/09\/reitera-el-rector-la-necesidad-de-clases-presenciales-para-abatir-el-rezago-educativo\/"},"author":{"name":"Redacci\u00f3n","@id":"https:\/\/fuentesfidedignas.com.mx\/#\/schema\/person\/331be9283d37198e2acd5750279085b0"},"headline":"Reitera el Rector la necesidad de clases presenciales para abatir el rezago educativo","datePublished":"2022-02-10T02:54:24+00:00","dateModified":"2022-02-10T02:54:48+00:00","mainEntityOfPage":{"@id":"https:\/\/fuentesfidedignas.com.mx\/index.php\/2022\/02\/09\/reitera-el-rector-la-necesidad-de-clases-presenciales-para-abatir-el-rezago-educativo\/"},"wordCount":412,"commentCount":0,"publisher":{"@id":"https:\/\/fuentesfidedignas.com.mx\/#organization"},"image":{"@id":"https:\/\/fuentesfidedignas.com.mx\/index.php\/2022\/02\/09\/reitera-el-rector-la-necesidad-de-clases-presenciales-para-abatir-el-rezago-educativo\/#primaryimage"},"thumbnailUrl":"https:\/\/fuentesfidedignas.com.mx\/wp-content\/uploads\/2022\/02\/Clases-presenciales-2.jpg","keywords":["Jes\u00fas Madue\u00f1a Molina","Rector de la UAS","Universidad Aut\u00f3noma de Sinaloa"],"articleSection":["NOTICIAS LOCALES"],"inLanguage":"es","potentialAction":[{"@type":"CommentAction","name":"Comment","target":["https:\/\/fuentesfidedignas.com.mx\/index.php\/2022\/02\/09\/reitera-el-rector-la-necesidad-de-clases-presenciales-para-abatir-el-rezago-educativo\/#respond"]}]},{"@type":"WebPage","@id":"https:\/\/fuentesfidedignas.com.mx\/index.php\/2022\/02\/09\/reitera-el-rector-la-necesidad-de-clases-presenciales-para-abatir-el-rezago-educativo\/","url":"https:\/\/fuentesfidedignas.com.mx\/index.php\/2022\/02\/09\/reitera-el-rector-la-necesidad-de-clases-presenciales-para-abatir-el-rezago-educativo\/","name":"Reitera el Rector la necesidad de clases presenciales para abatir el rezago educativo - Fuentes Fidedignas","isPartOf":{"@id":"https:\/\/fuentesfidedignas.com.mx\/#website"},"primaryImageOfPage":{"@id":"https:\/\/fuentesfidedignas.com.mx\/index.php\/2022\/02\/09\/reitera-el-rector-la-necesidad-de-clases-presenciales-para-abatir-el-rezago-educativo\/#primaryimage"},"image":{"@id":"https:\/\/fuentesfidedignas.com.mx\/index.php\/2022\/02\/09\/reitera-el-rector-la-necesidad-de-clases-presenciales-para-abatir-el-rezago-educativo\/#primaryimage"},"thumbnailUrl":"https:\/\/fuentesfidedignas.com.mx\/wp-content\/uploads\/2022\/02\/Clases-presenciales-2.jpg","datePublished":"2022-02-10T02:54:24+00:00","dateModified":"2022-02-10T02:54:48+00:00","breadcrumb":{"@id":"https:\/\/fuentesfidedignas.com.mx\/index.php\/2022\/02\/09\/reitera-el-rector-la-necesidad-de-clases-presenciales-para-abatir-el-rezago-educativo\/#breadcrumb"},"inLanguage":"es","potentialAction":[{"@type":"ReadAction","target":["https:\/\/fuentesfidedignas.com.mx\/index.php\/2022\/02\/09\/reitera-el-rector-la-necesidad-de-clases-presenciales-para-abatir-el-rezago-educativo\/"]}]},{"@type":"ImageObject","inLanguage":"es","@id":"https:\/\/fuentesfidedignas.com.mx\/index.php\/2022\/02\/09\/reitera-el-rector-la-necesidad-de-clases-presenciales-para-abatir-el-rezago-educativo\/#primaryimage","url":"https:\/\/fuentesfidedignas.com.mx\/wp-content\/uploads\/2022\/02\/Clases-presenciales-2.jpg","contentUrl":"https:\/\/fuentesfidedignas.com.mx\/wp-content\/uploads\/2022\/02\/Clases-presenciales-2.jpg","width":1500,"height":1000},{"@type":"BreadcrumbList","@id":"https:\/\/fuentesfidedignas.com.mx\/index.php\/2022\/02\/09\/reitera-el-rector-la-necesidad-de-clases-presenciales-para-abatir-el-rezago-educativo\/#breadcrumb","itemListElement":[{"@type":"ListItem","position":1,"name":"Inicio","item":"https:\/\/fuentesfidedignas.com.mx\/"},{"@type":"ListItem","position":2,"name":"Reitera el Rector la necesidad de clases presenciales para abatir el rezago educativo"}]},{"@type":"WebSite","@id":"https:\/\/fuentesfidedignas.com.mx\/#website","url":"https:\/\/fuentesfidedignas.com.mx\/","name":"Fuentes Fidedignas","description":"Otro sitio realizado con WordPress","publisher":{"@id":"https:\/\/fuentesfidedignas.com.mx\/#organization"},"potentialAction":[{"@type":"SearchAction","target":{"@type":"EntryPoint","urlTemplate":"https:\/\/fuentesfidedignas.com.mx\/?s={search_term_string}"},"query-input":{"@type":"PropertyValueSpecification","valueRequired":true,"valueName":"search_term_string"}}],"inLanguage":"es"},{"@type":"Organization","@id":"https:\/\/fuentesfidedignas.com.mx\/#organization","name":"Fuentes Fidedignas","url":"https:\/\/fuentesfidedignas.com.mx\/","logo":{"@type":"ImageObject","inLanguage":"es","@id":"https:\/\/fuentesfidedignas.com.mx\/#\/schema\/logo\/image\/","url":"https:\/\/fuentesfidedignas.com.mx\/wp-content\/uploads\/2021\/04\/logo-retina.png","contentUrl":"https:\/\/fuentesfidedignas.com.mx\/wp-content\/uploads\/2021\/04\/logo-retina.png","width":280,"height":51,"caption":"Fuentes Fidedignas"},"image":{"@id":"https:\/\/fuentesfidedignas.com.mx\/#\/schema\/logo\/image\/"},"sameAs":["https:\/\/www.facebook.com\/Fuentes-Fidedignas-368234489921644","https:\/\/x.com\/fidedignas"]},{"@type":"Person","@id":"https:\/\/fuentesfidedignas.com.mx\/#\/schema\/person\/331be9283d37198e2acd5750279085b0","name":"Redacci\u00f3n","image":{"@type":"ImageObject","inLanguage":"es","@id":"https:\/\/secure.gravatar.com\/avatar\/f6d8782c11d12b2d4ad3fbb6931aeab5309937a4d6cd2fc9cfaa28a6396a5aec?s=96&d=mm&r=g","url":"https:\/\/secure.gravatar.com\/avatar\/f6d8782c11d12b2d4ad3fbb6931aeab5309937a4d6cd2fc9cfaa28a6396a5aec?s=96&d=mm&r=g","contentUrl":"https:\/\/secure.gravatar.com\/avatar\/f6d8782c11d12b2d4ad3fbb6931aeab5309937a4d6cd2fc9cfaa28a6396a5aec?s=96&d=mm&r=g","caption":"Redacci\u00f3n"},"url":"https:\/\/fuentesfidedignas.com.mx\/index.php\/author\/redaccion\/"}]}},"_links":{"self":[{"href":"https:\/\/fuentesfidedignas.com.mx\/index.php\/wp-json\/wp\/v2\/posts\/23686","targetHints":{"allow":["GET"]}}],"collection":[{"href":"https:\/\/fuentesfidedignas.com.mx\/index.php\/wp-json\/wp\/v2\/posts"}],"about":[{"href":"https:\/\/fuentesfidedignas.com.mx\/index.php\/wp-json\/wp\/v2\/types\/post"}],"author":[{"embeddable":true,"href":"https:\/\/fuentesfidedignas.com.mx\/index.php\/wp-json\/wp\/v2\/users\/4"}],"replies":[{"embeddable":true,"href":"https:\/\/fuentesfidedignas.com.mx\/index.php\/wp-json\/wp\/v2\/comments?post=23686"}],"version-history":[{"count":1,"href":"https:\/\/fuentesfidedignas.com.mx\/index.php\/wp-json\/wp\/v2\/posts\/23686\/revisions"}],"predecessor-version":[{"id":23687,"href":"https:\/\/fuentesfidedignas.com.mx\/index.php\/wp-json\/wp\/v2\/posts\/23686\/revisions\/23687"}],"wp:featuredmedia":[{"embeddable":true,"href":"https:\/\/fuentesfidedignas.com.mx\/index.php\/wp-json\/wp\/v2\/media\/23688"}],"wp:attachment":[{"href":"https:\/\/fuentesfidedignas.com.mx\/index.php\/wp-json\/wp\/v2\/media?parent=23686"}],"wp:term":[{"taxonomy":"category","embeddable":true,"href":"https:\/\/fuentesfidedignas.com.mx\/index.php\/wp-json\/wp\/v2\/categories?post=23686"},{"taxonomy":"post_tag","embeddable":true,"href":"https:\/\/fuentesfidedignas.com.mx\/index.php\/wp-json\/wp\/v2\/tags?post=23686"}],"curies":[{"name":"wp","href":"https:\/\/api.w.org\/{rel}","templated":true}]}}