{"id":23661,"date":"2022-02-09T14:31:50","date_gmt":"2022-02-09T21:31:50","guid":{"rendered":"https:\/\/fuentesfidedignas.com.mx\/?p=23661"},"modified":"2022-02-09T14:31:51","modified_gmt":"2022-02-09T21:31:51","slug":"canalizan-4-5-mdp-para-el-abasto-de-medicamento-en-el-pediatrico","status":"publish","type":"post","link":"https:\/\/fuentesfidedignas.com.mx\/index.php\/2022\/02\/09\/canalizan-4-5-mdp-para-el-abasto-de-medicamento-en-el-pediatrico\/","title":{"rendered":"Canalizan 4.5 mdp para el abasto de medicamento en el Pedi\u00e1trico"},"content":{"rendered":"\n<p><strong><em>Ser\u00e1n utilizados en su mayor\u00eda para la compra de medicamento contra el c\u00e1ncer y dem\u00e1s m<\/em><\/strong><em><strong>aterial de curaci\u00f3n que escasea<\/strong><\/em><\/p>\n\n\n\n<p>Culiac\u00e1n, Sin.- Ante la escasez de medicamento que han denunciado padres de familia al interior del Hospital Pedi\u00e1trico de Sinaloa, el gobernador Rub\u00e9n Rocha Moya instruy\u00f3 para que se canalizaran de manera urgente 4 millones 500 mil pesos de recursos estatales, mientras el INSABI, dependencia encargada del abasto de las medicinas, regulariza esta situaci\u00f3n.<\/p>\n\n\n\n<p>En entrevista, explic\u00f3 que precisamente este martes sostuvo una conversi\u00f3n telef\u00f3nica con el director del Instituto de Salud para el Bienestar (INSABI), Juan Ferrer, para pedirle que recibiera este mi\u00e9rcoles al secretario de Salud, H\u00e9ctor Melesio Cu\u00e9n Ojeda, con el prop\u00f3sito de atender esta problem\u00e1tica y por eso se encuentra en la Ciudad de M\u00e9xico.<\/p>\n\n\n\n<p>Sin embargo, para no esperar hasta que se tenga una respuesta de parte del INSABI, es por eso que desde este martes instruy\u00f3 que se canalizaran 4 millones 500 mil pesos de manera urgente al Hospital Pedi\u00e1trico de Sinaloa, que ser\u00e1n utilizados en su mayor\u00eda para la compra de medicamento contra el c\u00e1ncer y dem\u00e1s material de curaci\u00f3n que escasea.<\/p>\n\n\n\n<p>A\u00f1adi\u00f3 que adem\u00e1s del desabasto de medicamentos, tambi\u00e9n se le plantear\u00e1 al director del INSABI, el equipamiento que qued\u00f3 pendiente de los nuevos hospitales, como el mismo Hospital Pedi\u00e1trico de Sinaloa y el Hospital General de Culiac\u00e1n.<\/p>\n\n\n\n<p>Por otra parte, adelant\u00f3 que este jueves se reunir\u00e1 en la Ciudad de M\u00e9xico con el director del IMSS, Zo\u00e9 Robledo, para abordar lo relacionado a la incorporaci\u00f3n de hospitales p\u00fablicos a la red IMSS Bienestar, cuya mejor opci\u00f3n se considera al antiguo Hospital General de Culiac\u00e1n \u201cBernardo J. Gast\u00e9lum\u201d.<\/p>\n","protected":false},"excerpt":{"rendered":"<p>Ser\u00e1n utilizados en su mayor\u00eda para la compra de medicamento contra el c\u00e1ncer y dem\u00e1s material de curaci\u00f3n que escasea Culiac\u00e1n, Sin.- Ante la escasez de medicamento que han denunciado padres de familia al interior del Hospital Pedi\u00e1trico de Sinaloa, el gobernador Rub\u00e9n Rocha Moya instruy\u00f3 para que se canalizaran de manera urgente 4 millones [&hellip;]<\/p>\n","protected":false},"author":4,"featured_media":23662,"comment_status":"open","ping_status":"open","sticky":false,"template":"","format":"standard","meta":{"tdm_status":"","tdm_grid_status":"","footnotes":""},"categories":[37],"tags":[],"class_list":{"0":"post-23661","1":"post","2":"type-post","3":"status-publish","4":"format-standard","5":"has-post-thumbnail","7":"category-nota-principal"},"yoast_head":"<!-- This site is optimized with the Yoast SEO plugin v27.5 - https:\/\/yoast.com\/product\/yoast-seo-wordpress\/ -->\n<title>Canalizan 4.5 mdp para el abasto de medicamento en el Pedi\u00e1trico - Fuentes Fidedignas<\/title>\n<meta name=\"robots\" content=\"index, follow, max-snippet:-1, max-image-preview:large, max-video-preview:-1\" \/>\n<link rel=\"canonical\" href=\"https:\/\/fuentesfidedignas.com.mx\/index.php\/2022\/02\/09\/canalizan-4-5-mdp-para-el-abasto-de-medicamento-en-el-pediatrico\/\" \/>\n<meta property=\"og:locale\" content=\"es_MX\" \/>\n<meta property=\"og:type\" content=\"article\" \/>\n<meta property=\"og:title\" content=\"Canalizan 4.5 mdp para el abasto de medicamento en el Pedi\u00e1trico - Fuentes Fidedignas\" \/>\n<meta property=\"og:description\" content=\"Ser\u00e1n utilizados en su mayor\u00eda para la compra de medicamento contra el c\u00e1ncer y dem\u00e1s material de curaci\u00f3n que escasea Culiac\u00e1n, Sin.- Ante la escasez de medicamento que han denunciado padres de familia al interior del Hospital Pedi\u00e1trico de Sinaloa, el gobernador Rub\u00e9n Rocha Moya instruy\u00f3 para que se canalizaran de manera urgente 4 millones [&hellip;]\" \/>\n<meta property=\"og:url\" content=\"https:\/\/fuentesfidedignas.com.mx\/index.php\/2022\/02\/09\/canalizan-4-5-mdp-para-el-abasto-de-medicamento-en-el-pediatrico\/\" \/>\n<meta property=\"og:site_name\" content=\"Fuentes Fidedignas\" \/>\n<meta property=\"article:publisher\" content=\"https:\/\/www.facebook.com\/Fuentes-Fidedignas-368234489921644\" \/>\n<meta property=\"article:published_time\" content=\"2022-02-09T21:31:50+00:00\" \/>\n<meta property=\"article:modified_time\" content=\"2022-02-09T21:31:51+00:00\" \/>\n<meta property=\"og:image\" content=\"https:\/\/fuentesfidedignas.com.mx\/wp-content\/uploads\/2022\/02\/pediatrico.jpg\" \/>\n\t<meta property=\"og:image:width\" content=\"539\" \/>\n\t<meta property=\"og:image:height\" content=\"309\" \/>\n\t<meta property=\"og:image:type\" content=\"image\/jpeg\" \/>\n<meta name=\"author\" content=\"Redacci\u00f3n\" \/>\n<meta name=\"twitter:card\" content=\"summary_large_image\" \/>\n<meta name=\"twitter:creator\" content=\"@fidedignas\" \/>\n<meta name=\"twitter:site\" content=\"@fidedignas\" \/>\n<meta name=\"twitter:label1\" content=\"Escrito por\" \/>\n\t<meta name=\"twitter:data1\" content=\"Redacci\u00f3n\" \/>\n\t<meta name=\"twitter:label2\" content=\"Tiempo de lectura\" \/>\n\t<meta name=\"twitter:data2\" content=\"2 minutos\" \/>\n<script type=\"application\/ld+json\" class=\"yoast-schema-graph\">{\"@context\":\"https:\\\/\\\/schema.org\",\"@graph\":[{\"@type\":\"Article\",\"@id\":\"https:\\\/\\\/fuentesfidedignas.com.mx\\\/index.php\\\/2022\\\/02\\\/09\\\/canalizan-4-5-mdp-para-el-abasto-de-medicamento-en-el-pediatrico\\\/#article\",\"isPartOf\":{\"@id\":\"https:\\\/\\\/fuentesfidedignas.com.mx\\\/index.php\\\/2022\\\/02\\\/09\\\/canalizan-4-5-mdp-para-el-abasto-de-medicamento-en-el-pediatrico\\\/\"},\"author\":{\"name\":\"Redacci\u00f3n\",\"@id\":\"https:\\\/\\\/fuentesfidedignas.com.mx\\\/#\\\/schema\\\/person\\\/331be9283d37198e2acd5750279085b0\"},\"headline\":\"Canalizan 4.5 mdp para el abasto de medicamento en el Pedi\u00e1trico\",\"datePublished\":\"2022-02-09T21:31:50+00:00\",\"dateModified\":\"2022-02-09T21:31:51+00:00\",\"mainEntityOfPage\":{\"@id\":\"https:\\\/\\\/fuentesfidedignas.com.mx\\\/index.php\\\/2022\\\/02\\\/09\\\/canalizan-4-5-mdp-para-el-abasto-de-medicamento-en-el-pediatrico\\\/\"},\"wordCount\":319,\"commentCount\":0,\"publisher\":{\"@id\":\"https:\\\/\\\/fuentesfidedignas.com.mx\\\/#organization\"},\"image\":{\"@id\":\"https:\\\/\\\/fuentesfidedignas.com.mx\\\/index.php\\\/2022\\\/02\\\/09\\\/canalizan-4-5-mdp-para-el-abasto-de-medicamento-en-el-pediatrico\\\/#primaryimage\"},\"thumbnailUrl\":\"https:\\\/\\\/fuentesfidedignas.com.mx\\\/wp-content\\\/uploads\\\/2022\\\/02\\\/pediatrico.jpg\",\"articleSection\":[\"NOTA PRINCIPAL\"],\"inLanguage\":\"es\",\"potentialAction\":[{\"@type\":\"CommentAction\",\"name\":\"Comment\",\"target\":[\"https:\\\/\\\/fuentesfidedignas.com.mx\\\/index.php\\\/2022\\\/02\\\/09\\\/canalizan-4-5-mdp-para-el-abasto-de-medicamento-en-el-pediatrico\\\/#respond\"]}]},{\"@type\":\"WebPage\",\"@id\":\"https:\\\/\\\/fuentesfidedignas.com.mx\\\/index.php\\\/2022\\\/02\\\/09\\\/canalizan-4-5-mdp-para-el-abasto-de-medicamento-en-el-pediatrico\\\/\",\"url\":\"https:\\\/\\\/fuentesfidedignas.com.mx\\\/index.php\\\/2022\\\/02\\\/09\\\/canalizan-4-5-mdp-para-el-abasto-de-medicamento-en-el-pediatrico\\\/\",\"name\":\"Canalizan 4.5 mdp para el abasto de medicamento en el Pedi\u00e1trico - Fuentes Fidedignas\",\"isPartOf\":{\"@id\":\"https:\\\/\\\/fuentesfidedignas.com.mx\\\/#website\"},\"primaryImageOfPage\":{\"@id\":\"https:\\\/\\\/fuentesfidedignas.com.mx\\\/index.php\\\/2022\\\/02\\\/09\\\/canalizan-4-5-mdp-para-el-abasto-de-medicamento-en-el-pediatrico\\\/#primaryimage\"},\"image\":{\"@id\":\"https:\\\/\\\/fuentesfidedignas.com.mx\\\/index.php\\\/2022\\\/02\\\/09\\\/canalizan-4-5-mdp-para-el-abasto-de-medicamento-en-el-pediatrico\\\/#primaryimage\"},\"thumbnailUrl\":\"https:\\\/\\\/fuentesfidedignas.com.mx\\\/wp-content\\\/uploads\\\/2022\\\/02\\\/pediatrico.jpg\",\"datePublished\":\"2022-02-09T21:31:50+00:00\",\"dateModified\":\"2022-02-09T21:31:51+00:00\",\"breadcrumb\":{\"@id\":\"https:\\\/\\\/fuentesfidedignas.com.mx\\\/index.php\\\/2022\\\/02\\\/09\\\/canalizan-4-5-mdp-para-el-abasto-de-medicamento-en-el-pediatrico\\\/#breadcrumb\"},\"inLanguage\":\"es\",\"potentialAction\":[{\"@type\":\"ReadAction\",\"target\":[\"https:\\\/\\\/fuentesfidedignas.com.mx\\\/index.php\\\/2022\\\/02\\\/09\\\/canalizan-4-5-mdp-para-el-abasto-de-medicamento-en-el-pediatrico\\\/\"]}]},{\"@type\":\"ImageObject\",\"inLanguage\":\"es\",\"@id\":\"https:\\\/\\\/fuentesfidedignas.com.mx\\\/index.php\\\/2022\\\/02\\\/09\\\/canalizan-4-5-mdp-para-el-abasto-de-medicamento-en-el-pediatrico\\\/#primaryimage\",\"url\":\"https:\\\/\\\/fuentesfidedignas.com.mx\\\/wp-content\\\/uploads\\\/2022\\\/02\\\/pediatrico.jpg\",\"contentUrl\":\"https:\\\/\\\/fuentesfidedignas.com.mx\\\/wp-content\\\/uploads\\\/2022\\\/02\\\/pediatrico.jpg\",\"width\":539,\"height\":309},{\"@type\":\"BreadcrumbList\",\"@id\":\"https:\\\/\\\/fuentesfidedignas.com.mx\\\/index.php\\\/2022\\\/02\\\/09\\\/canalizan-4-5-mdp-para-el-abasto-de-medicamento-en-el-pediatrico\\\/#breadcrumb\",\"itemListElement\":[{\"@type\":\"ListItem\",\"position\":1,\"name\":\"Inicio\",\"item\":\"https:\\\/\\\/fuentesfidedignas.com.mx\\\/\"},{\"@type\":\"ListItem\",\"position\":2,\"name\":\"Canalizan 4.5 mdp para el abasto de medicamento en el Pedi\u00e1trico\"}]},{\"@type\":\"WebSite\",\"@id\":\"https:\\\/\\\/fuentesfidedignas.com.mx\\\/#website\",\"url\":\"https:\\\/\\\/fuentesfidedignas.com.mx\\\/\",\"name\":\"Fuentes Fidedignas\",\"description\":\"Otro sitio realizado con WordPress\",\"publisher\":{\"@id\":\"https:\\\/\\\/fuentesfidedignas.com.mx\\\/#organization\"},\"potentialAction\":[{\"@type\":\"SearchAction\",\"target\":{\"@type\":\"EntryPoint\",\"urlTemplate\":\"https:\\\/\\\/fuentesfidedignas.com.mx\\\/?s={search_term_string}\"},\"query-input\":{\"@type\":\"PropertyValueSpecification\",\"valueRequired\":true,\"valueName\":\"search_term_string\"}}],\"inLanguage\":\"es\"},{\"@type\":\"Organization\",\"@id\":\"https:\\\/\\\/fuentesfidedignas.com.mx\\\/#organization\",\"name\":\"Fuentes Fidedignas\",\"url\":\"https:\\\/\\\/fuentesfidedignas.com.mx\\\/\",\"logo\":{\"@type\":\"ImageObject\",\"inLanguage\":\"es\",\"@id\":\"https:\\\/\\\/fuentesfidedignas.com.mx\\\/#\\\/schema\\\/logo\\\/image\\\/\",\"url\":\"https:\\\/\\\/fuentesfidedignas.com.mx\\\/wp-content\\\/uploads\\\/2021\\\/04\\\/logo-retina.png\",\"contentUrl\":\"https:\\\/\\\/fuentesfidedignas.com.mx\\\/wp-content\\\/uploads\\\/2021\\\/04\\\/logo-retina.png\",\"width\":280,\"height\":51,\"caption\":\"Fuentes Fidedignas\"},\"image\":{\"@id\":\"https:\\\/\\\/fuentesfidedignas.com.mx\\\/#\\\/schema\\\/logo\\\/image\\\/\"},\"sameAs\":[\"https:\\\/\\\/www.facebook.com\\\/Fuentes-Fidedignas-368234489921644\",\"https:\\\/\\\/x.com\\\/fidedignas\"]},{\"@type\":\"Person\",\"@id\":\"https:\\\/\\\/fuentesfidedignas.com.mx\\\/#\\\/schema\\\/person\\\/331be9283d37198e2acd5750279085b0\",\"name\":\"Redacci\u00f3n\",\"image\":{\"@type\":\"ImageObject\",\"inLanguage\":\"es\",\"@id\":\"https:\\\/\\\/secure.gravatar.com\\\/avatar\\\/f6d8782c11d12b2d4ad3fbb6931aeab5309937a4d6cd2fc9cfaa28a6396a5aec?s=96&d=mm&r=g\",\"url\":\"https:\\\/\\\/secure.gravatar.com\\\/avatar\\\/f6d8782c11d12b2d4ad3fbb6931aeab5309937a4d6cd2fc9cfaa28a6396a5aec?s=96&d=mm&r=g\",\"contentUrl\":\"https:\\\/\\\/secure.gravatar.com\\\/avatar\\\/f6d8782c11d12b2d4ad3fbb6931aeab5309937a4d6cd2fc9cfaa28a6396a5aec?s=96&d=mm&r=g\",\"caption\":\"Redacci\u00f3n\"},\"url\":\"https:\\\/\\\/fuentesfidedignas.com.mx\\\/index.php\\\/author\\\/redaccion\\\/\"}]}<\/script>\n<!-- \/ Yoast SEO plugin. -->","yoast_head_json":{"title":"Canalizan 4.5 mdp para el abasto de medicamento en el Pedi\u00e1trico - Fuentes Fidedignas","robots":{"index":"index","follow":"follow","max-snippet":"max-snippet:-1","max-image-preview":"max-image-preview:large","max-video-preview":"max-video-preview:-1"},"canonical":"https:\/\/fuentesfidedignas.com.mx\/index.php\/2022\/02\/09\/canalizan-4-5-mdp-para-el-abasto-de-medicamento-en-el-pediatrico\/","og_locale":"es_MX","og_type":"article","og_title":"Canalizan 4.5 mdp para el abasto de medicamento en el Pedi\u00e1trico - Fuentes Fidedignas","og_description":"Ser\u00e1n utilizados en su mayor\u00eda para la compra de medicamento contra el c\u00e1ncer y dem\u00e1s material de curaci\u00f3n que escasea Culiac\u00e1n, Sin.- Ante la escasez de medicamento que han denunciado padres de familia al interior del Hospital Pedi\u00e1trico de Sinaloa, el gobernador Rub\u00e9n Rocha Moya instruy\u00f3 para que se canalizaran de manera urgente 4 millones [&hellip;]","og_url":"https:\/\/fuentesfidedignas.com.mx\/index.php\/2022\/02\/09\/canalizan-4-5-mdp-para-el-abasto-de-medicamento-en-el-pediatrico\/","og_site_name":"Fuentes Fidedignas","article_publisher":"https:\/\/www.facebook.com\/Fuentes-Fidedignas-368234489921644","article_published_time":"2022-02-09T21:31:50+00:00","article_modified_time":"2022-02-09T21:31:51+00:00","og_image":[{"width":539,"height":309,"url":"https:\/\/fuentesfidedignas.com.mx\/wp-content\/uploads\/2022\/02\/pediatrico.jpg","type":"image\/jpeg"}],"author":"Redacci\u00f3n","twitter_card":"summary_large_image","twitter_creator":"@fidedignas","twitter_site":"@fidedignas","twitter_misc":{"Escrito por":"Redacci\u00f3n","Tiempo de lectura":"2 minutos"},"schema":{"@context":"https:\/\/schema.org","@graph":[{"@type":"Article","@id":"https:\/\/fuentesfidedignas.com.mx\/index.php\/2022\/02\/09\/canalizan-4-5-mdp-para-el-abasto-de-medicamento-en-el-pediatrico\/#article","isPartOf":{"@id":"https:\/\/fuentesfidedignas.com.mx\/index.php\/2022\/02\/09\/canalizan-4-5-mdp-para-el-abasto-de-medicamento-en-el-pediatrico\/"},"author":{"name":"Redacci\u00f3n","@id":"https:\/\/fuentesfidedignas.com.mx\/#\/schema\/person\/331be9283d37198e2acd5750279085b0"},"headline":"Canalizan 4.5 mdp para el abasto de medicamento en el Pedi\u00e1trico","datePublished":"2022-02-09T21:31:50+00:00","dateModified":"2022-02-09T21:31:51+00:00","mainEntityOfPage":{"@id":"https:\/\/fuentesfidedignas.com.mx\/index.php\/2022\/02\/09\/canalizan-4-5-mdp-para-el-abasto-de-medicamento-en-el-pediatrico\/"},"wordCount":319,"commentCount":0,"publisher":{"@id":"https:\/\/fuentesfidedignas.com.mx\/#organization"},"image":{"@id":"https:\/\/fuentesfidedignas.com.mx\/index.php\/2022\/02\/09\/canalizan-4-5-mdp-para-el-abasto-de-medicamento-en-el-pediatrico\/#primaryimage"},"thumbnailUrl":"https:\/\/fuentesfidedignas.com.mx\/wp-content\/uploads\/2022\/02\/pediatrico.jpg","articleSection":["NOTA PRINCIPAL"],"inLanguage":"es","potentialAction":[{"@type":"CommentAction","name":"Comment","target":["https:\/\/fuentesfidedignas.com.mx\/index.php\/2022\/02\/09\/canalizan-4-5-mdp-para-el-abasto-de-medicamento-en-el-pediatrico\/#respond"]}]},{"@type":"WebPage","@id":"https:\/\/fuentesfidedignas.com.mx\/index.php\/2022\/02\/09\/canalizan-4-5-mdp-para-el-abasto-de-medicamento-en-el-pediatrico\/","url":"https:\/\/fuentesfidedignas.com.mx\/index.php\/2022\/02\/09\/canalizan-4-5-mdp-para-el-abasto-de-medicamento-en-el-pediatrico\/","name":"Canalizan 4.5 mdp para el abasto de medicamento en el Pedi\u00e1trico - Fuentes Fidedignas","isPartOf":{"@id":"https:\/\/fuentesfidedignas.com.mx\/#website"},"primaryImageOfPage":{"@id":"https:\/\/fuentesfidedignas.com.mx\/index.php\/2022\/02\/09\/canalizan-4-5-mdp-para-el-abasto-de-medicamento-en-el-pediatrico\/#primaryimage"},"image":{"@id":"https:\/\/fuentesfidedignas.com.mx\/index.php\/2022\/02\/09\/canalizan-4-5-mdp-para-el-abasto-de-medicamento-en-el-pediatrico\/#primaryimage"},"thumbnailUrl":"https:\/\/fuentesfidedignas.com.mx\/wp-content\/uploads\/2022\/02\/pediatrico.jpg","datePublished":"2022-02-09T21:31:50+00:00","dateModified":"2022-02-09T21:31:51+00:00","breadcrumb":{"@id":"https:\/\/fuentesfidedignas.com.mx\/index.php\/2022\/02\/09\/canalizan-4-5-mdp-para-el-abasto-de-medicamento-en-el-pediatrico\/#breadcrumb"},"inLanguage":"es","potentialAction":[{"@type":"ReadAction","target":["https:\/\/fuentesfidedignas.com.mx\/index.php\/2022\/02\/09\/canalizan-4-5-mdp-para-el-abasto-de-medicamento-en-el-pediatrico\/"]}]},{"@type":"ImageObject","inLanguage":"es","@id":"https:\/\/fuentesfidedignas.com.mx\/index.php\/2022\/02\/09\/canalizan-4-5-mdp-para-el-abasto-de-medicamento-en-el-pediatrico\/#primaryimage","url":"https:\/\/fuentesfidedignas.com.mx\/wp-content\/uploads\/2022\/02\/pediatrico.jpg","contentUrl":"https:\/\/fuentesfidedignas.com.mx\/wp-content\/uploads\/2022\/02\/pediatrico.jpg","width":539,"height":309},{"@type":"BreadcrumbList","@id":"https:\/\/fuentesfidedignas.com.mx\/index.php\/2022\/02\/09\/canalizan-4-5-mdp-para-el-abasto-de-medicamento-en-el-pediatrico\/#breadcrumb","itemListElement":[{"@type":"ListItem","position":1,"name":"Inicio","item":"https:\/\/fuentesfidedignas.com.mx\/"},{"@type":"ListItem","position":2,"name":"Canalizan 4.5 mdp para el abasto de medicamento en el Pedi\u00e1trico"}]},{"@type":"WebSite","@id":"https:\/\/fuentesfidedignas.com.mx\/#website","url":"https:\/\/fuentesfidedignas.com.mx\/","name":"Fuentes Fidedignas","description":"Otro sitio realizado con WordPress","publisher":{"@id":"https:\/\/fuentesfidedignas.com.mx\/#organization"},"potentialAction":[{"@type":"SearchAction","target":{"@type":"EntryPoint","urlTemplate":"https:\/\/fuentesfidedignas.com.mx\/?s={search_term_string}"},"query-input":{"@type":"PropertyValueSpecification","valueRequired":true,"valueName":"search_term_string"}}],"inLanguage":"es"},{"@type":"Organization","@id":"https:\/\/fuentesfidedignas.com.mx\/#organization","name":"Fuentes Fidedignas","url":"https:\/\/fuentesfidedignas.com.mx\/","logo":{"@type":"ImageObject","inLanguage":"es","@id":"https:\/\/fuentesfidedignas.com.mx\/#\/schema\/logo\/image\/","url":"https:\/\/fuentesfidedignas.com.mx\/wp-content\/uploads\/2021\/04\/logo-retina.png","contentUrl":"https:\/\/fuentesfidedignas.com.mx\/wp-content\/uploads\/2021\/04\/logo-retina.png","width":280,"height":51,"caption":"Fuentes Fidedignas"},"image":{"@id":"https:\/\/fuentesfidedignas.com.mx\/#\/schema\/logo\/image\/"},"sameAs":["https:\/\/www.facebook.com\/Fuentes-Fidedignas-368234489921644","https:\/\/x.com\/fidedignas"]},{"@type":"Person","@id":"https:\/\/fuentesfidedignas.com.mx\/#\/schema\/person\/331be9283d37198e2acd5750279085b0","name":"Redacci\u00f3n","image":{"@type":"ImageObject","inLanguage":"es","@id":"https:\/\/secure.gravatar.com\/avatar\/f6d8782c11d12b2d4ad3fbb6931aeab5309937a4d6cd2fc9cfaa28a6396a5aec?s=96&d=mm&r=g","url":"https:\/\/secure.gravatar.com\/avatar\/f6d8782c11d12b2d4ad3fbb6931aeab5309937a4d6cd2fc9cfaa28a6396a5aec?s=96&d=mm&r=g","contentUrl":"https:\/\/secure.gravatar.com\/avatar\/f6d8782c11d12b2d4ad3fbb6931aeab5309937a4d6cd2fc9cfaa28a6396a5aec?s=96&d=mm&r=g","caption":"Redacci\u00f3n"},"url":"https:\/\/fuentesfidedignas.com.mx\/index.php\/author\/redaccion\/"}]}},"_links":{"self":[{"href":"https:\/\/fuentesfidedignas.com.mx\/index.php\/wp-json\/wp\/v2\/posts\/23661","targetHints":{"allow":["GET"]}}],"collection":[{"href":"https:\/\/fuentesfidedignas.com.mx\/index.php\/wp-json\/wp\/v2\/posts"}],"about":[{"href":"https:\/\/fuentesfidedignas.com.mx\/index.php\/wp-json\/wp\/v2\/types\/post"}],"author":[{"embeddable":true,"href":"https:\/\/fuentesfidedignas.com.mx\/index.php\/wp-json\/wp\/v2\/users\/4"}],"replies":[{"embeddable":true,"href":"https:\/\/fuentesfidedignas.com.mx\/index.php\/wp-json\/wp\/v2\/comments?post=23661"}],"version-history":[{"count":1,"href":"https:\/\/fuentesfidedignas.com.mx\/index.php\/wp-json\/wp\/v2\/posts\/23661\/revisions"}],"predecessor-version":[{"id":23663,"href":"https:\/\/fuentesfidedignas.com.mx\/index.php\/wp-json\/wp\/v2\/posts\/23661\/revisions\/23663"}],"wp:featuredmedia":[{"embeddable":true,"href":"https:\/\/fuentesfidedignas.com.mx\/index.php\/wp-json\/wp\/v2\/media\/23662"}],"wp:attachment":[{"href":"https:\/\/fuentesfidedignas.com.mx\/index.php\/wp-json\/wp\/v2\/media?parent=23661"}],"wp:term":[{"taxonomy":"category","embeddable":true,"href":"https:\/\/fuentesfidedignas.com.mx\/index.php\/wp-json\/wp\/v2\/categories?post=23661"},{"taxonomy":"post_tag","embeddable":true,"href":"https:\/\/fuentesfidedignas.com.mx\/index.php\/wp-json\/wp\/v2\/tags?post=23661"}],"curies":[{"name":"wp","href":"https:\/\/api.w.org\/{rel}","templated":true}]}}