{"id":23657,"date":"2022-02-09T14:11:09","date_gmt":"2022-02-09T21:11:09","guid":{"rendered":"https:\/\/fuentesfidedignas.com.mx\/?p=23657"},"modified":"2022-02-09T14:11:11","modified_gmt":"2022-02-09T21:11:11","slug":"se-instala-el-sistema-estatal-para-la-igualdad-entre-mujeres-y-hombres","status":"publish","type":"post","link":"https:\/\/fuentesfidedignas.com.mx\/index.php\/2022\/02\/09\/se-instala-el-sistema-estatal-para-la-igualdad-entre-mujeres-y-hombres\/","title":{"rendered":"Se instala el Sistema Estatal para la Igualdad entre Mujeres y Hombres"},"content":{"rendered":"\n<p><em><strong>E<\/strong><\/em><strong><em>l gobernador Rocha destac\u00f3 que aqu\u00ed en Sinaloa va a encontrar voluntad pol\u00edtica para a<\/em><\/strong><em><strong>tender a las mujeres, y el m\u00e1s claro ejemplo fue la creaci\u00f3n de la Secretar\u00eda de las Mujeres<\/strong><\/em><\/p>\n\n\n\n<p>Culiac\u00e1n, Sin.- Con la presencia de la directora del Instituto Nacional de las Mujeres, Nadine Gasman Zylbermann, el gobernador Rub\u00e9n Rocha Moya instal\u00f3 el Sistema Estatal para la Igualdad entre Mujeres y Hombres, en cuyo marco se firmaron los Compromisos por la Igualdad y el Bienestar de las Mujeres entre el Gobierno del Estado de Sinaloa y el Inmujeres.<\/p>\n\n\n\n<p>En su mensaje ante la directora del Inmujeres, el gobernador Rocha destac\u00f3 que aqu\u00ed en Sinaloa va a encontrar voluntad pol\u00edtica para atender a las mujeres, y el m\u00e1s claro ejemplo fue la creaci\u00f3n de la Secretar\u00eda de las Mujeres, dependencia que no exist\u00eda, la cual es encabezada por la doctora Tere Guerra Ochoa, quien fue la organizadora de este evento, que tuvo lugar en el Centro de Ciencias de Sinaloa.<\/p>\n\n\n\n<p>La doctora Nadine Gasman Zylbermann extern\u00f3 su seguridad de que Sinaloa dar\u00e1 el ejemplo de aceleraci\u00f3n para cerrar estas brechas de desigualdad entre mujeres y hombres, porque tienen en el gobernador Rub\u00e9n Rocha a un aliado que est\u00e1 trabajando cotidianamente con su equipo para que as\u00ed sea.<\/p>\n\n\n\n<p>\u201cSabemos que Sinaloa va a ser un ejemplo, que va a responder a las necesidades de las mujeres tanto en la prevenci\u00f3n y atenci\u00f3n de la violencia, en la creaci\u00f3n de oportunidades econ\u00f3micas y en el desarrollo de posibilidades de cuidados dignos\u201d, dijo la doctora Gasman.<\/p>\n\n\n\n<figure class=\"wp-block-image size-large\"><img decoding=\"async\" width=\"1024\" height=\"682\" src=\"https:\/\/fuentesfidedignas.com.mx\/wp-content\/uploads\/2022\/02\/f8b452fc-711d-40e8-9890-5556d5467e1b-1024x682.jpg\" alt=\"\" class=\"wp-image-23659\" srcset=\"https:\/\/fuentesfidedignas.com.mx\/wp-content\/uploads\/2022\/02\/f8b452fc-711d-40e8-9890-5556d5467e1b-1024x682.jpg 1024w, https:\/\/fuentesfidedignas.com.mx\/wp-content\/uploads\/2022\/02\/f8b452fc-711d-40e8-9890-5556d5467e1b-300x200.jpg 300w, https:\/\/fuentesfidedignas.com.mx\/wp-content\/uploads\/2022\/02\/f8b452fc-711d-40e8-9890-5556d5467e1b-768x512.jpg 768w, https:\/\/fuentesfidedignas.com.mx\/wp-content\/uploads\/2022\/02\/f8b452fc-711d-40e8-9890-5556d5467e1b-696x464.jpg 696w, https:\/\/fuentesfidedignas.com.mx\/wp-content\/uploads\/2022\/02\/f8b452fc-711d-40e8-9890-5556d5467e1b-1068x712.jpg 1068w, https:\/\/fuentesfidedignas.com.mx\/wp-content\/uploads\/2022\/02\/f8b452fc-711d-40e8-9890-5556d5467e1b-630x420.jpg 630w, https:\/\/fuentesfidedignas.com.mx\/wp-content\/uploads\/2022\/02\/f8b452fc-711d-40e8-9890-5556d5467e1b.jpg 1280w\" sizes=\"(max-width: 1024px) 100vw, 1024px\" \/><\/figure>\n\n\n\n<p><em>Compromisos por la Igualdad y el Bienestar de las Mujeres entre el Gobierno del Estado de Sinaloa y el Inmujeres<\/em><\/p>\n\n\n\n<p>Primero. Trabajar en el cumplimiento de la Pol\u00edtica Nacional de Igualdad para el Bienestar de las Mujeres y Ni\u00f1as, el Ejercicio de sus Derechos y el Acceso a una Vida Libre de Violencia.<\/p>\n\n\n\n<p>Segundo. Impulsar una agenda legislativa que permita a los tres \u00e1mbitos de gobierno y sus respectivos Poderes, consolidar el andamiaje institucional para avanzar en la igualdad sustantiva y garantizar el bienestar de las mujeres.<\/p>\n\n\n\n<p>Tercero. Promover acciones estrat\u00e9gicas de cambio cultural para la participaci\u00f3n efectiva e igualitaria de las mujeres en la toma de decisiones en los \u00e1mbitos pol\u00edtico, social, comunitario y privado, bajo los principios de interseccionalidad, inclusi\u00f3n y respeto a la diversidad.<\/p>\n\n\n\n<p>Cuarto. Promover el aumento y la sostenibilidad de recursos p\u00fablicos con perspectiva de g\u00e9nero para la implementaci\u00f3n de pol\u00edticas p\u00fablicas para la igualdad.<\/p>\n","protected":false},"excerpt":{"rendered":"<p>El gobernador Rocha destac\u00f3 que aqu\u00ed en Sinaloa va a encontrar voluntad pol\u00edtica para atender a las mujeres, y el m\u00e1s claro ejemplo fue la creaci\u00f3n de la Secretar\u00eda de las Mujeres Culiac\u00e1n, Sin.- Con la presencia de la directora del Instituto Nacional de las Mujeres, Nadine Gasman Zylbermann, el gobernador Rub\u00e9n Rocha Moya instal\u00f3 [&hellip;]<\/p>\n","protected":false},"author":4,"featured_media":23658,"comment_status":"open","ping_status":"open","sticky":false,"template":"","format":"standard","meta":{"tdm_status":"","tdm_grid_status":"","footnotes":""},"categories":[37],"tags":[],"class_list":{"0":"post-23657","1":"post","2":"type-post","3":"status-publish","4":"format-standard","5":"has-post-thumbnail","7":"category-nota-principal"},"yoast_head":"<!-- This site is optimized with the Yoast SEO plugin v27.5 - https:\/\/yoast.com\/product\/yoast-seo-wordpress\/ -->\n<title>Se instala el Sistema Estatal para la Igualdad entre Mujeres y Hombres - Fuentes Fidedignas<\/title>\n<meta name=\"robots\" content=\"index, follow, max-snippet:-1, max-image-preview:large, max-video-preview:-1\" \/>\n<link rel=\"canonical\" href=\"https:\/\/fuentesfidedignas.com.mx\/index.php\/2022\/02\/09\/se-instala-el-sistema-estatal-para-la-igualdad-entre-mujeres-y-hombres\/\" \/>\n<meta property=\"og:locale\" content=\"es_MX\" \/>\n<meta property=\"og:type\" content=\"article\" \/>\n<meta property=\"og:title\" content=\"Se instala el Sistema Estatal para la Igualdad entre Mujeres y Hombres - Fuentes Fidedignas\" \/>\n<meta property=\"og:description\" content=\"El gobernador Rocha destac\u00f3 que aqu\u00ed en Sinaloa va a encontrar voluntad pol\u00edtica para atender a las mujeres, y el m\u00e1s claro ejemplo fue la creaci\u00f3n de la Secretar\u00eda de las Mujeres Culiac\u00e1n, Sin.- Con la presencia de la directora del Instituto Nacional de las Mujeres, Nadine Gasman Zylbermann, el gobernador Rub\u00e9n Rocha Moya instal\u00f3 [&hellip;]\" \/>\n<meta property=\"og:url\" content=\"https:\/\/fuentesfidedignas.com.mx\/index.php\/2022\/02\/09\/se-instala-el-sistema-estatal-para-la-igualdad-entre-mujeres-y-hombres\/\" \/>\n<meta property=\"og:site_name\" content=\"Fuentes Fidedignas\" \/>\n<meta property=\"article:publisher\" content=\"https:\/\/www.facebook.com\/Fuentes-Fidedignas-368234489921644\" \/>\n<meta property=\"article:published_time\" content=\"2022-02-09T21:11:09+00:00\" \/>\n<meta property=\"article:modified_time\" content=\"2022-02-09T21:11:11+00:00\" \/>\n<meta property=\"og:image\" content=\"https:\/\/fuentesfidedignas.com.mx\/wp-content\/uploads\/2022\/02\/8fcfcef2-75e2-4162-a679-52b97e09bb1d.jpg\" \/>\n\t<meta property=\"og:image:width\" content=\"1280\" \/>\n\t<meta property=\"og:image:height\" content=\"853\" \/>\n\t<meta property=\"og:image:type\" content=\"image\/jpeg\" \/>\n<meta name=\"author\" content=\"Redacci\u00f3n\" \/>\n<meta name=\"twitter:card\" content=\"summary_large_image\" \/>\n<meta name=\"twitter:creator\" content=\"@fidedignas\" \/>\n<meta name=\"twitter:site\" content=\"@fidedignas\" \/>\n<meta name=\"twitter:label1\" content=\"Escrito por\" \/>\n\t<meta name=\"twitter:data1\" content=\"Redacci\u00f3n\" \/>\n\t<meta name=\"twitter:label2\" content=\"Tiempo de lectura\" \/>\n\t<meta name=\"twitter:data2\" content=\"3 minutos\" \/>\n<script type=\"application\/ld+json\" class=\"yoast-schema-graph\">{\"@context\":\"https:\\\/\\\/schema.org\",\"@graph\":[{\"@type\":\"Article\",\"@id\":\"https:\\\/\\\/fuentesfidedignas.com.mx\\\/index.php\\\/2022\\\/02\\\/09\\\/se-instala-el-sistema-estatal-para-la-igualdad-entre-mujeres-y-hombres\\\/#article\",\"isPartOf\":{\"@id\":\"https:\\\/\\\/fuentesfidedignas.com.mx\\\/index.php\\\/2022\\\/02\\\/09\\\/se-instala-el-sistema-estatal-para-la-igualdad-entre-mujeres-y-hombres\\\/\"},\"author\":{\"name\":\"Redacci\u00f3n\",\"@id\":\"https:\\\/\\\/fuentesfidedignas.com.mx\\\/#\\\/schema\\\/person\\\/331be9283d37198e2acd5750279085b0\"},\"headline\":\"Se instala el Sistema Estatal para la Igualdad entre Mujeres y Hombres\",\"datePublished\":\"2022-02-09T21:11:09+00:00\",\"dateModified\":\"2022-02-09T21:11:11+00:00\",\"mainEntityOfPage\":{\"@id\":\"https:\\\/\\\/fuentesfidedignas.com.mx\\\/index.php\\\/2022\\\/02\\\/09\\\/se-instala-el-sistema-estatal-para-la-igualdad-entre-mujeres-y-hombres\\\/\"},\"wordCount\":448,\"commentCount\":0,\"publisher\":{\"@id\":\"https:\\\/\\\/fuentesfidedignas.com.mx\\\/#organization\"},\"image\":{\"@id\":\"https:\\\/\\\/fuentesfidedignas.com.mx\\\/index.php\\\/2022\\\/02\\\/09\\\/se-instala-el-sistema-estatal-para-la-igualdad-entre-mujeres-y-hombres\\\/#primaryimage\"},\"thumbnailUrl\":\"https:\\\/\\\/fuentesfidedignas.com.mx\\\/wp-content\\\/uploads\\\/2022\\\/02\\\/8fcfcef2-75e2-4162-a679-52b97e09bb1d.jpg\",\"articleSection\":[\"NOTA PRINCIPAL\"],\"inLanguage\":\"es\",\"potentialAction\":[{\"@type\":\"CommentAction\",\"name\":\"Comment\",\"target\":[\"https:\\\/\\\/fuentesfidedignas.com.mx\\\/index.php\\\/2022\\\/02\\\/09\\\/se-instala-el-sistema-estatal-para-la-igualdad-entre-mujeres-y-hombres\\\/#respond\"]}]},{\"@type\":\"WebPage\",\"@id\":\"https:\\\/\\\/fuentesfidedignas.com.mx\\\/index.php\\\/2022\\\/02\\\/09\\\/se-instala-el-sistema-estatal-para-la-igualdad-entre-mujeres-y-hombres\\\/\",\"url\":\"https:\\\/\\\/fuentesfidedignas.com.mx\\\/index.php\\\/2022\\\/02\\\/09\\\/se-instala-el-sistema-estatal-para-la-igualdad-entre-mujeres-y-hombres\\\/\",\"name\":\"Se instala el Sistema Estatal para la Igualdad entre Mujeres y Hombres - Fuentes Fidedignas\",\"isPartOf\":{\"@id\":\"https:\\\/\\\/fuentesfidedignas.com.mx\\\/#website\"},\"primaryImageOfPage\":{\"@id\":\"https:\\\/\\\/fuentesfidedignas.com.mx\\\/index.php\\\/2022\\\/02\\\/09\\\/se-instala-el-sistema-estatal-para-la-igualdad-entre-mujeres-y-hombres\\\/#primaryimage\"},\"image\":{\"@id\":\"https:\\\/\\\/fuentesfidedignas.com.mx\\\/index.php\\\/2022\\\/02\\\/09\\\/se-instala-el-sistema-estatal-para-la-igualdad-entre-mujeres-y-hombres\\\/#primaryimage\"},\"thumbnailUrl\":\"https:\\\/\\\/fuentesfidedignas.com.mx\\\/wp-content\\\/uploads\\\/2022\\\/02\\\/8fcfcef2-75e2-4162-a679-52b97e09bb1d.jpg\",\"datePublished\":\"2022-02-09T21:11:09+00:00\",\"dateModified\":\"2022-02-09T21:11:11+00:00\",\"breadcrumb\":{\"@id\":\"https:\\\/\\\/fuentesfidedignas.com.mx\\\/index.php\\\/2022\\\/02\\\/09\\\/se-instala-el-sistema-estatal-para-la-igualdad-entre-mujeres-y-hombres\\\/#breadcrumb\"},\"inLanguage\":\"es\",\"potentialAction\":[{\"@type\":\"ReadAction\",\"target\":[\"https:\\\/\\\/fuentesfidedignas.com.mx\\\/index.php\\\/2022\\\/02\\\/09\\\/se-instala-el-sistema-estatal-para-la-igualdad-entre-mujeres-y-hombres\\\/\"]}]},{\"@type\":\"ImageObject\",\"inLanguage\":\"es\",\"@id\":\"https:\\\/\\\/fuentesfidedignas.com.mx\\\/index.php\\\/2022\\\/02\\\/09\\\/se-instala-el-sistema-estatal-para-la-igualdad-entre-mujeres-y-hombres\\\/#primaryimage\",\"url\":\"https:\\\/\\\/fuentesfidedignas.com.mx\\\/wp-content\\\/uploads\\\/2022\\\/02\\\/8fcfcef2-75e2-4162-a679-52b97e09bb1d.jpg\",\"contentUrl\":\"https:\\\/\\\/fuentesfidedignas.com.mx\\\/wp-content\\\/uploads\\\/2022\\\/02\\\/8fcfcef2-75e2-4162-a679-52b97e09bb1d.jpg\",\"width\":1280,\"height\":853},{\"@type\":\"BreadcrumbList\",\"@id\":\"https:\\\/\\\/fuentesfidedignas.com.mx\\\/index.php\\\/2022\\\/02\\\/09\\\/se-instala-el-sistema-estatal-para-la-igualdad-entre-mujeres-y-hombres\\\/#breadcrumb\",\"itemListElement\":[{\"@type\":\"ListItem\",\"position\":1,\"name\":\"Inicio\",\"item\":\"https:\\\/\\\/fuentesfidedignas.com.mx\\\/\"},{\"@type\":\"ListItem\",\"position\":2,\"name\":\"Se instala el Sistema Estatal para la Igualdad entre Mujeres y Hombres\"}]},{\"@type\":\"WebSite\",\"@id\":\"https:\\\/\\\/fuentesfidedignas.com.mx\\\/#website\",\"url\":\"https:\\\/\\\/fuentesfidedignas.com.mx\\\/\",\"name\":\"Fuentes Fidedignas\",\"description\":\"Otro sitio realizado con WordPress\",\"publisher\":{\"@id\":\"https:\\\/\\\/fuentesfidedignas.com.mx\\\/#organization\"},\"potentialAction\":[{\"@type\":\"SearchAction\",\"target\":{\"@type\":\"EntryPoint\",\"urlTemplate\":\"https:\\\/\\\/fuentesfidedignas.com.mx\\\/?s={search_term_string}\"},\"query-input\":{\"@type\":\"PropertyValueSpecification\",\"valueRequired\":true,\"valueName\":\"search_term_string\"}}],\"inLanguage\":\"es\"},{\"@type\":\"Organization\",\"@id\":\"https:\\\/\\\/fuentesfidedignas.com.mx\\\/#organization\",\"name\":\"Fuentes Fidedignas\",\"url\":\"https:\\\/\\\/fuentesfidedignas.com.mx\\\/\",\"logo\":{\"@type\":\"ImageObject\",\"inLanguage\":\"es\",\"@id\":\"https:\\\/\\\/fuentesfidedignas.com.mx\\\/#\\\/schema\\\/logo\\\/image\\\/\",\"url\":\"https:\\\/\\\/fuentesfidedignas.com.mx\\\/wp-content\\\/uploads\\\/2021\\\/04\\\/logo-retina.png\",\"contentUrl\":\"https:\\\/\\\/fuentesfidedignas.com.mx\\\/wp-content\\\/uploads\\\/2021\\\/04\\\/logo-retina.png\",\"width\":280,\"height\":51,\"caption\":\"Fuentes Fidedignas\"},\"image\":{\"@id\":\"https:\\\/\\\/fuentesfidedignas.com.mx\\\/#\\\/schema\\\/logo\\\/image\\\/\"},\"sameAs\":[\"https:\\\/\\\/www.facebook.com\\\/Fuentes-Fidedignas-368234489921644\",\"https:\\\/\\\/x.com\\\/fidedignas\"]},{\"@type\":\"Person\",\"@id\":\"https:\\\/\\\/fuentesfidedignas.com.mx\\\/#\\\/schema\\\/person\\\/331be9283d37198e2acd5750279085b0\",\"name\":\"Redacci\u00f3n\",\"image\":{\"@type\":\"ImageObject\",\"inLanguage\":\"es\",\"@id\":\"https:\\\/\\\/secure.gravatar.com\\\/avatar\\\/f6d8782c11d12b2d4ad3fbb6931aeab5309937a4d6cd2fc9cfaa28a6396a5aec?s=96&d=mm&r=g\",\"url\":\"https:\\\/\\\/secure.gravatar.com\\\/avatar\\\/f6d8782c11d12b2d4ad3fbb6931aeab5309937a4d6cd2fc9cfaa28a6396a5aec?s=96&d=mm&r=g\",\"contentUrl\":\"https:\\\/\\\/secure.gravatar.com\\\/avatar\\\/f6d8782c11d12b2d4ad3fbb6931aeab5309937a4d6cd2fc9cfaa28a6396a5aec?s=96&d=mm&r=g\",\"caption\":\"Redacci\u00f3n\"},\"url\":\"https:\\\/\\\/fuentesfidedignas.com.mx\\\/index.php\\\/author\\\/redaccion\\\/\"}]}<\/script>\n<!-- \/ Yoast SEO plugin. -->","yoast_head_json":{"title":"Se instala el Sistema Estatal para la Igualdad entre Mujeres y Hombres - Fuentes Fidedignas","robots":{"index":"index","follow":"follow","max-snippet":"max-snippet:-1","max-image-preview":"max-image-preview:large","max-video-preview":"max-video-preview:-1"},"canonical":"https:\/\/fuentesfidedignas.com.mx\/index.php\/2022\/02\/09\/se-instala-el-sistema-estatal-para-la-igualdad-entre-mujeres-y-hombres\/","og_locale":"es_MX","og_type":"article","og_title":"Se instala el Sistema Estatal para la Igualdad entre Mujeres y Hombres - Fuentes Fidedignas","og_description":"El gobernador Rocha destac\u00f3 que aqu\u00ed en Sinaloa va a encontrar voluntad pol\u00edtica para atender a las mujeres, y el m\u00e1s claro ejemplo fue la creaci\u00f3n de la Secretar\u00eda de las Mujeres Culiac\u00e1n, Sin.- Con la presencia de la directora del Instituto Nacional de las Mujeres, Nadine Gasman Zylbermann, el gobernador Rub\u00e9n Rocha Moya instal\u00f3 [&hellip;]","og_url":"https:\/\/fuentesfidedignas.com.mx\/index.php\/2022\/02\/09\/se-instala-el-sistema-estatal-para-la-igualdad-entre-mujeres-y-hombres\/","og_site_name":"Fuentes Fidedignas","article_publisher":"https:\/\/www.facebook.com\/Fuentes-Fidedignas-368234489921644","article_published_time":"2022-02-09T21:11:09+00:00","article_modified_time":"2022-02-09T21:11:11+00:00","og_image":[{"width":1280,"height":853,"url":"https:\/\/fuentesfidedignas.com.mx\/wp-content\/uploads\/2022\/02\/8fcfcef2-75e2-4162-a679-52b97e09bb1d.jpg","type":"image\/jpeg"}],"author":"Redacci\u00f3n","twitter_card":"summary_large_image","twitter_creator":"@fidedignas","twitter_site":"@fidedignas","twitter_misc":{"Escrito por":"Redacci\u00f3n","Tiempo de lectura":"3 minutos"},"schema":{"@context":"https:\/\/schema.org","@graph":[{"@type":"Article","@id":"https:\/\/fuentesfidedignas.com.mx\/index.php\/2022\/02\/09\/se-instala-el-sistema-estatal-para-la-igualdad-entre-mujeres-y-hombres\/#article","isPartOf":{"@id":"https:\/\/fuentesfidedignas.com.mx\/index.php\/2022\/02\/09\/se-instala-el-sistema-estatal-para-la-igualdad-entre-mujeres-y-hombres\/"},"author":{"name":"Redacci\u00f3n","@id":"https:\/\/fuentesfidedignas.com.mx\/#\/schema\/person\/331be9283d37198e2acd5750279085b0"},"headline":"Se instala el Sistema Estatal para la Igualdad entre Mujeres y Hombres","datePublished":"2022-02-09T21:11:09+00:00","dateModified":"2022-02-09T21:11:11+00:00","mainEntityOfPage":{"@id":"https:\/\/fuentesfidedignas.com.mx\/index.php\/2022\/02\/09\/se-instala-el-sistema-estatal-para-la-igualdad-entre-mujeres-y-hombres\/"},"wordCount":448,"commentCount":0,"publisher":{"@id":"https:\/\/fuentesfidedignas.com.mx\/#organization"},"image":{"@id":"https:\/\/fuentesfidedignas.com.mx\/index.php\/2022\/02\/09\/se-instala-el-sistema-estatal-para-la-igualdad-entre-mujeres-y-hombres\/#primaryimage"},"thumbnailUrl":"https:\/\/fuentesfidedignas.com.mx\/wp-content\/uploads\/2022\/02\/8fcfcef2-75e2-4162-a679-52b97e09bb1d.jpg","articleSection":["NOTA PRINCIPAL"],"inLanguage":"es","potentialAction":[{"@type":"CommentAction","name":"Comment","target":["https:\/\/fuentesfidedignas.com.mx\/index.php\/2022\/02\/09\/se-instala-el-sistema-estatal-para-la-igualdad-entre-mujeres-y-hombres\/#respond"]}]},{"@type":"WebPage","@id":"https:\/\/fuentesfidedignas.com.mx\/index.php\/2022\/02\/09\/se-instala-el-sistema-estatal-para-la-igualdad-entre-mujeres-y-hombres\/","url":"https:\/\/fuentesfidedignas.com.mx\/index.php\/2022\/02\/09\/se-instala-el-sistema-estatal-para-la-igualdad-entre-mujeres-y-hombres\/","name":"Se instala el Sistema Estatal para la Igualdad entre Mujeres y Hombres - Fuentes Fidedignas","isPartOf":{"@id":"https:\/\/fuentesfidedignas.com.mx\/#website"},"primaryImageOfPage":{"@id":"https:\/\/fuentesfidedignas.com.mx\/index.php\/2022\/02\/09\/se-instala-el-sistema-estatal-para-la-igualdad-entre-mujeres-y-hombres\/#primaryimage"},"image":{"@id":"https:\/\/fuentesfidedignas.com.mx\/index.php\/2022\/02\/09\/se-instala-el-sistema-estatal-para-la-igualdad-entre-mujeres-y-hombres\/#primaryimage"},"thumbnailUrl":"https:\/\/fuentesfidedignas.com.mx\/wp-content\/uploads\/2022\/02\/8fcfcef2-75e2-4162-a679-52b97e09bb1d.jpg","datePublished":"2022-02-09T21:11:09+00:00","dateModified":"2022-02-09T21:11:11+00:00","breadcrumb":{"@id":"https:\/\/fuentesfidedignas.com.mx\/index.php\/2022\/02\/09\/se-instala-el-sistema-estatal-para-la-igualdad-entre-mujeres-y-hombres\/#breadcrumb"},"inLanguage":"es","potentialAction":[{"@type":"ReadAction","target":["https:\/\/fuentesfidedignas.com.mx\/index.php\/2022\/02\/09\/se-instala-el-sistema-estatal-para-la-igualdad-entre-mujeres-y-hombres\/"]}]},{"@type":"ImageObject","inLanguage":"es","@id":"https:\/\/fuentesfidedignas.com.mx\/index.php\/2022\/02\/09\/se-instala-el-sistema-estatal-para-la-igualdad-entre-mujeres-y-hombres\/#primaryimage","url":"https:\/\/fuentesfidedignas.com.mx\/wp-content\/uploads\/2022\/02\/8fcfcef2-75e2-4162-a679-52b97e09bb1d.jpg","contentUrl":"https:\/\/fuentesfidedignas.com.mx\/wp-content\/uploads\/2022\/02\/8fcfcef2-75e2-4162-a679-52b97e09bb1d.jpg","width":1280,"height":853},{"@type":"BreadcrumbList","@id":"https:\/\/fuentesfidedignas.com.mx\/index.php\/2022\/02\/09\/se-instala-el-sistema-estatal-para-la-igualdad-entre-mujeres-y-hombres\/#breadcrumb","itemListElement":[{"@type":"ListItem","position":1,"name":"Inicio","item":"https:\/\/fuentesfidedignas.com.mx\/"},{"@type":"ListItem","position":2,"name":"Se instala el Sistema Estatal para la Igualdad entre Mujeres y Hombres"}]},{"@type":"WebSite","@id":"https:\/\/fuentesfidedignas.com.mx\/#website","url":"https:\/\/fuentesfidedignas.com.mx\/","name":"Fuentes Fidedignas","description":"Otro sitio realizado con WordPress","publisher":{"@id":"https:\/\/fuentesfidedignas.com.mx\/#organization"},"potentialAction":[{"@type":"SearchAction","target":{"@type":"EntryPoint","urlTemplate":"https:\/\/fuentesfidedignas.com.mx\/?s={search_term_string}"},"query-input":{"@type":"PropertyValueSpecification","valueRequired":true,"valueName":"search_term_string"}}],"inLanguage":"es"},{"@type":"Organization","@id":"https:\/\/fuentesfidedignas.com.mx\/#organization","name":"Fuentes Fidedignas","url":"https:\/\/fuentesfidedignas.com.mx\/","logo":{"@type":"ImageObject","inLanguage":"es","@id":"https:\/\/fuentesfidedignas.com.mx\/#\/schema\/logo\/image\/","url":"https:\/\/fuentesfidedignas.com.mx\/wp-content\/uploads\/2021\/04\/logo-retina.png","contentUrl":"https:\/\/fuentesfidedignas.com.mx\/wp-content\/uploads\/2021\/04\/logo-retina.png","width":280,"height":51,"caption":"Fuentes Fidedignas"},"image":{"@id":"https:\/\/fuentesfidedignas.com.mx\/#\/schema\/logo\/image\/"},"sameAs":["https:\/\/www.facebook.com\/Fuentes-Fidedignas-368234489921644","https:\/\/x.com\/fidedignas"]},{"@type":"Person","@id":"https:\/\/fuentesfidedignas.com.mx\/#\/schema\/person\/331be9283d37198e2acd5750279085b0","name":"Redacci\u00f3n","image":{"@type":"ImageObject","inLanguage":"es","@id":"https:\/\/secure.gravatar.com\/avatar\/f6d8782c11d12b2d4ad3fbb6931aeab5309937a4d6cd2fc9cfaa28a6396a5aec?s=96&d=mm&r=g","url":"https:\/\/secure.gravatar.com\/avatar\/f6d8782c11d12b2d4ad3fbb6931aeab5309937a4d6cd2fc9cfaa28a6396a5aec?s=96&d=mm&r=g","contentUrl":"https:\/\/secure.gravatar.com\/avatar\/f6d8782c11d12b2d4ad3fbb6931aeab5309937a4d6cd2fc9cfaa28a6396a5aec?s=96&d=mm&r=g","caption":"Redacci\u00f3n"},"url":"https:\/\/fuentesfidedignas.com.mx\/index.php\/author\/redaccion\/"}]}},"_links":{"self":[{"href":"https:\/\/fuentesfidedignas.com.mx\/index.php\/wp-json\/wp\/v2\/posts\/23657","targetHints":{"allow":["GET"]}}],"collection":[{"href":"https:\/\/fuentesfidedignas.com.mx\/index.php\/wp-json\/wp\/v2\/posts"}],"about":[{"href":"https:\/\/fuentesfidedignas.com.mx\/index.php\/wp-json\/wp\/v2\/types\/post"}],"author":[{"embeddable":true,"href":"https:\/\/fuentesfidedignas.com.mx\/index.php\/wp-json\/wp\/v2\/users\/4"}],"replies":[{"embeddable":true,"href":"https:\/\/fuentesfidedignas.com.mx\/index.php\/wp-json\/wp\/v2\/comments?post=23657"}],"version-history":[{"count":1,"href":"https:\/\/fuentesfidedignas.com.mx\/index.php\/wp-json\/wp\/v2\/posts\/23657\/revisions"}],"predecessor-version":[{"id":23660,"href":"https:\/\/fuentesfidedignas.com.mx\/index.php\/wp-json\/wp\/v2\/posts\/23657\/revisions\/23660"}],"wp:featuredmedia":[{"embeddable":true,"href":"https:\/\/fuentesfidedignas.com.mx\/index.php\/wp-json\/wp\/v2\/media\/23658"}],"wp:attachment":[{"href":"https:\/\/fuentesfidedignas.com.mx\/index.php\/wp-json\/wp\/v2\/media?parent=23657"}],"wp:term":[{"taxonomy":"category","embeddable":true,"href":"https:\/\/fuentesfidedignas.com.mx\/index.php\/wp-json\/wp\/v2\/categories?post=23657"},{"taxonomy":"post_tag","embeddable":true,"href":"https:\/\/fuentesfidedignas.com.mx\/index.php\/wp-json\/wp\/v2\/tags?post=23657"}],"curies":[{"name":"wp","href":"https:\/\/api.w.org\/{rel}","templated":true}]}}