{"id":23646,"date":"2022-02-09T12:15:39","date_gmt":"2022-02-09T19:15:39","guid":{"rendered":"https:\/\/fuentesfidedignas.com.mx\/?p=23646"},"modified":"2022-02-09T12:15:40","modified_gmt":"2022-02-09T19:15:40","slug":"y-el-dinero-de-la-rifa-del-avion-presidencial-pan-acusa-fraude-al-erario-por-1823-mdp","status":"publish","type":"post","link":"https:\/\/fuentesfidedignas.com.mx\/index.php\/2022\/02\/09\/y-el-dinero-de-la-rifa-del-avion-presidencial-pan-acusa-fraude-al-erario-por-1823-mdp\/","title":{"rendered":"\u00bfY el dinero de la rifa del avi\u00f3n presidencial? PAN acusa fraude al erario por 1,823 mdp"},"content":{"rendered":"\n<p><strong><em>El senador panista Julen Rementeria denunci\u00f3 opacidad en el destino del dinero recaudado en la rifa del avi\u00f3n presidencial.<\/em><\/strong><\/p>\n\n\n\n<p>Ciudad de M\u00e9xico.- La rifa del avi\u00f3n presidencial representa un fraude al erario p\u00fablico por mil 823 millones de pesos, denunci\u00f3 el l\u00edder de la bancada de Acci\u00f3n Nacional (PAN) en el Senado, Julen Rementeria del Puerto.<\/p>\n\n\n\n<p>De acuerdo con el legislador veracruzano, ninguna instituci\u00f3n del gobierno federal se hace responsable de la existencia y del destino final de ese dinero: ni la Loter\u00eda Nacional, ni las secretar\u00edas de Salud (Ssa), Educaci\u00f3n P\u00fablica (SEP) y Hacienda (SHCP), as\u00ed como el Instituto Mexicano del Seguro Social (IMSS).<\/p>\n\n\n\n<p>El senador panista record\u00f3 que el 11 de diciembre de 2020, Margarita Gonz\u00e1lez Saravia, directora general de la Loter\u00eda Nacional, inform\u00f3 que con la rifa del valor del avi\u00f3n presidencial se recaudaron m\u00e1s de mil 823 millones de pesos, dinero que ser\u00eda donado para escuelas y hospitales.<\/p>\n\n\n\n<p>No obstante, refiri\u00f3 que un a\u00f1o despu\u00e9s de la rifa que se realiz\u00f3 el 15 de septiembre de 2020, pregunt\u00f3 al IMSS sobre el destino de ese dinero, y el Instituto contest\u00f3 que los tres hospitales recibieron el dinero premio entre 4 y 5 de marzo de 2021. Sin embargo, ninguno lo hab\u00eda ejecutado todav\u00eda.<\/p>\n\n\n\n<p>Adem\u00e1s, se\u00f1al\u00f3 que la Secretar\u00eda de la Defensa Nacional (Sedena) inform\u00f3 que \u201cno les lleg\u00f3 ning\u00fan premio\u201d de los hospitales ganadores en Coahuila y en Oaxaca.<\/p>\n\n\n\n<p>En tanto, la Secretar\u00eda de Salud, al ser cuestionada sobre los premios de la rifa que el presidente anunci\u00f3 que les hab\u00eda entregado a los hospitales de Morelos, Chiapas, Guanajuato y Estado de M\u00e9xico, respondi\u00f3 que no es su competencia tener esa documentaci\u00f3n.<\/p>\n\n\n\n<p>La Secretar\u00eda de Salud del gobierno de Morelos se\u00f1al\u00f3, por su parte, que la informaci\u00f3n del premio de 20 millones de pesos, que el presidente L\u00f3pez Obrador les hab\u00eda mandado, es reservada.<\/p>\n\n\n\n<figure class=\"wp-block-embed is-type-rich is-provider-twitter wp-block-embed-twitter\"><div class=\"wp-block-embed__wrapper\">\n<blockquote class=\"twitter-tweet\" data-width=\"550\" data-dnt=\"true\"><p lang=\"es\" dir=\"ltr\">La rifa del avi\u00f3n presidencial.<br><br>Un fraude al erario p\u00fablico de 1823 MPD.<br><br>Ninguna instituci\u00f3n del <a href=\"https:\/\/twitter.com\/GobiernoMX?ref_src=twsrc%5Etfw\">@GobiernoMX<\/a> se hace responsable de la existencia y del destino final de ese dinero: ni <a href=\"https:\/\/twitter.com\/lotenal?ref_src=twsrc%5Etfw\">@lotenal<\/a>, ni <a href=\"https:\/\/twitter.com\/SSalud_mx?ref_src=twsrc%5Etfw\">@SSalud_mx<\/a>, ni <a href=\"https:\/\/twitter.com\/SEP_mx?ref_src=twsrc%5Etfw\">@SEP_mx<\/a>, ni <a href=\"https:\/\/twitter.com\/Hacienda_Mexico?ref_src=twsrc%5Etfw\">@Hacienda_Mexico<\/a>, ni <a href=\"https:\/\/twitter.com\/Tu_IMSS?ref_src=twsrc%5Etfw\">@Tu_IMSS<\/a>.<br><br>Las pruebas:<\/p>&mdash; Julen Rementeria (@julenrementeria) <a href=\"https:\/\/twitter.com\/julenrementeria\/status\/1491412686982488064?ref_src=twsrc%5Etfw\">February 9, 2022<\/a><\/blockquote><script async src=\"https:\/\/platform.twitter.com\/widgets.js\" charset=\"utf-8\"><\/script>\n<\/div><\/figure>\n\n\n\n<p>\u201cLe preguntamos al gobierno de Chiapas sobre el premio de 20 millones de pesos de la rifa del avi\u00f3n y nos contestaron que s\u00ed lo recibieron pero no en si ya lo hab\u00edan invertido y ni en qu\u00e9. Le preguntamos al gobierno de Guanajuato sobre el premio de 20 millones de pesos de la rifa del avi\u00f3n y nos contestaron que ellos no cuentan con la informaci\u00f3n de ning\u00fan premio y que le preguntemos a la Loter\u00eda Nacional.<\/p>\n\n\n\n<p>\u201cLe preguntamos a SEP sobre las escuelas ganadoras de los premios y no dice que no sabe. Le preguntamos a la Secretar\u00eda del Bienestar y nos dice que tampoco sabe pero nos manda con la SEP. Un espect\u00e1culo de opacidad\u201d, agreg\u00f3 el legislador.<\/p>\n\n\n\n<p>Adem\u00e1s, indic\u00f3 que en septiembre de 2021, le pregunt\u00f3 a Loter\u00eda Nacional la lista de las escuelas ganadoras, no obstante, tras casi tres meses de retrasos y recursos, contest\u00f3 en diciembre con la informaci\u00f3n de las siete escuelas que recibieron el dinero.<\/p>\n\n\n\n<p>Dio a conocer que, a trav\u00e9s de un recurso de revisi\u00f3n, Loter\u00eda Nacional proporcion\u00f3 las transferencias electr\u00f3nicas de los recursos a las escuelas ubicadas en: Nuevo Le\u00f3n, Oaxaca, Puebla (2), Veracruz (2) y Chiapas.<\/p>\n\n\n\n<p>Sin embargo, ni SEP, ni la SHCP, ni la Secretaria de Bienestar, ni la Loter\u00eda Nacional se hacen responsables de la vigilancia y aplicaci\u00f3n de los recursos, por lo que, concluy\u00f3, desconocen si se han aplicado, desconocen si aplicaron bien y no hay vigilancia de los recursos.<\/p>\n\n\n\n<p>\u201cQueremos que esos mil 823 millones de pesos se usen para lo que prometi\u00f3 el presidente L\u00f3pez Obrador con su rifa: escuelas y hospitales. Como \u00e9l siempre dijo: Las grandes transas en este pa\u00eds, siempre tienen el visto bueno del presidente\u201d, agreg\u00f3.<\/p>\n","protected":false},"excerpt":{"rendered":"<p>El senador panista Julen Rementeria denunci\u00f3 opacidad en el destino del dinero recaudado en la rifa del avi\u00f3n presidencial. Ciudad de M\u00e9xico.- La rifa del avi\u00f3n presidencial representa un fraude al erario p\u00fablico por mil 823 millones de pesos, denunci\u00f3 el l\u00edder de la bancada de Acci\u00f3n Nacional (PAN) en el Senado, Julen Rementeria del [&hellip;]<\/p>\n","protected":false},"author":21,"featured_media":23647,"comment_status":"open","ping_status":"open","sticky":false,"template":"","format":"standard","meta":{"tdm_status":"","tdm_grid_status":"","footnotes":""},"categories":[39],"tags":[450,213,421],"class_list":{"0":"post-23646","1":"post","2":"type-post","3":"status-publish","4":"format-standard","5":"has-post-thumbnail","7":"category-noticias-nacionales","8":"tag-avion-presidencial","9":"tag-pan","10":"tag-partido-accion-nacional"},"yoast_head":"<!-- This site is optimized with the Yoast SEO plugin v27.4 - https:\/\/yoast.com\/product\/yoast-seo-wordpress\/ -->\n<title>\u00bfY el dinero de la rifa del avi\u00f3n presidencial? PAN acusa fraude al erario por 1,823 mdp - Fuentes Fidedignas<\/title>\n<meta name=\"robots\" content=\"index, follow, max-snippet:-1, max-image-preview:large, max-video-preview:-1\" \/>\n<link rel=\"canonical\" href=\"https:\/\/fuentesfidedignas.com.mx\/index.php\/2022\/02\/09\/y-el-dinero-de-la-rifa-del-avion-presidencial-pan-acusa-fraude-al-erario-por-1823-mdp\/\" \/>\n<meta property=\"og:locale\" content=\"es_MX\" \/>\n<meta property=\"og:type\" content=\"article\" \/>\n<meta property=\"og:title\" content=\"\u00bfY el dinero de la rifa del avi\u00f3n presidencial? PAN acusa fraude al erario por 1,823 mdp - Fuentes Fidedignas\" \/>\n<meta property=\"og:description\" content=\"El senador panista Julen Rementeria denunci\u00f3 opacidad en el destino del dinero recaudado en la rifa del avi\u00f3n presidencial. Ciudad de M\u00e9xico.- La rifa del avi\u00f3n presidencial representa un fraude al erario p\u00fablico por mil 823 millones de pesos, denunci\u00f3 el l\u00edder de la bancada de Acci\u00f3n Nacional (PAN) en el Senado, Julen Rementeria del [&hellip;]\" \/>\n<meta property=\"og:url\" content=\"https:\/\/fuentesfidedignas.com.mx\/index.php\/2022\/02\/09\/y-el-dinero-de-la-rifa-del-avion-presidencial-pan-acusa-fraude-al-erario-por-1823-mdp\/\" \/>\n<meta property=\"og:site_name\" content=\"Fuentes Fidedignas\" \/>\n<meta property=\"article:publisher\" content=\"https:\/\/www.facebook.com\/Fuentes-Fidedignas-368234489921644\" \/>\n<meta property=\"article:published_time\" content=\"2022-02-09T19:15:39+00:00\" \/>\n<meta property=\"article:modified_time\" content=\"2022-02-09T19:15:40+00:00\" \/>\n<meta property=\"og:image\" content=\"https:\/\/fuentesfidedignas.com.mx\/wp-content\/uploads\/2022\/02\/AVION_PRESIDENCIAL.jpeg\" \/>\n\t<meta property=\"og:image:width\" content=\"800\" \/>\n\t<meta property=\"og:image:height\" content=\"537\" \/>\n\t<meta property=\"og:image:type\" content=\"image\/jpeg\" \/>\n<meta name=\"author\" content=\"El Financiero\" \/>\n<meta name=\"twitter:card\" content=\"summary_large_image\" \/>\n<meta name=\"twitter:creator\" content=\"@fidedignas\" \/>\n<meta name=\"twitter:site\" content=\"@fidedignas\" \/>\n<meta name=\"twitter:label1\" content=\"Escrito por\" \/>\n\t<meta name=\"twitter:data1\" content=\"El Financiero\" \/>\n\t<meta name=\"twitter:label2\" content=\"Tiempo de lectura\" \/>\n\t<meta name=\"twitter:data2\" content=\"3 minutos\" \/>\n<script type=\"application\/ld+json\" class=\"yoast-schema-graph\">{\"@context\":\"https:\\\/\\\/schema.org\",\"@graph\":[{\"@type\":\"Article\",\"@id\":\"https:\\\/\\\/fuentesfidedignas.com.mx\\\/index.php\\\/2022\\\/02\\\/09\\\/y-el-dinero-de-la-rifa-del-avion-presidencial-pan-acusa-fraude-al-erario-por-1823-mdp\\\/#article\",\"isPartOf\":{\"@id\":\"https:\\\/\\\/fuentesfidedignas.com.mx\\\/index.php\\\/2022\\\/02\\\/09\\\/y-el-dinero-de-la-rifa-del-avion-presidencial-pan-acusa-fraude-al-erario-por-1823-mdp\\\/\"},\"author\":{\"name\":\"El Financiero\",\"@id\":\"https:\\\/\\\/fuentesfidedignas.com.mx\\\/#\\\/schema\\\/person\\\/494f7e0dce8dfaaec5b64f16615b78e9\"},\"headline\":\"\u00bfY el dinero de la rifa del avi\u00f3n presidencial? PAN acusa fraude al erario por 1,823 mdp\",\"datePublished\":\"2022-02-09T19:15:39+00:00\",\"dateModified\":\"2022-02-09T19:15:40+00:00\",\"mainEntityOfPage\":{\"@id\":\"https:\\\/\\\/fuentesfidedignas.com.mx\\\/index.php\\\/2022\\\/02\\\/09\\\/y-el-dinero-de-la-rifa-del-avion-presidencial-pan-acusa-fraude-al-erario-por-1823-mdp\\\/\"},\"wordCount\":683,\"commentCount\":0,\"publisher\":{\"@id\":\"https:\\\/\\\/fuentesfidedignas.com.mx\\\/#organization\"},\"image\":{\"@id\":\"https:\\\/\\\/fuentesfidedignas.com.mx\\\/index.php\\\/2022\\\/02\\\/09\\\/y-el-dinero-de-la-rifa-del-avion-presidencial-pan-acusa-fraude-al-erario-por-1823-mdp\\\/#primaryimage\"},\"thumbnailUrl\":\"https:\\\/\\\/fuentesfidedignas.com.mx\\\/wp-content\\\/uploads\\\/2022\\\/02\\\/AVION_PRESIDENCIAL.jpeg\",\"keywords\":[\"Avi\u00f3n presidencial\",\"PAN\",\"Partido Acci\u00f3n Nacional\"],\"articleSection\":[\"NOTICIAS NACIONALES\"],\"inLanguage\":\"es\",\"potentialAction\":[{\"@type\":\"CommentAction\",\"name\":\"Comment\",\"target\":[\"https:\\\/\\\/fuentesfidedignas.com.mx\\\/index.php\\\/2022\\\/02\\\/09\\\/y-el-dinero-de-la-rifa-del-avion-presidencial-pan-acusa-fraude-al-erario-por-1823-mdp\\\/#respond\"]}]},{\"@type\":\"WebPage\",\"@id\":\"https:\\\/\\\/fuentesfidedignas.com.mx\\\/index.php\\\/2022\\\/02\\\/09\\\/y-el-dinero-de-la-rifa-del-avion-presidencial-pan-acusa-fraude-al-erario-por-1823-mdp\\\/\",\"url\":\"https:\\\/\\\/fuentesfidedignas.com.mx\\\/index.php\\\/2022\\\/02\\\/09\\\/y-el-dinero-de-la-rifa-del-avion-presidencial-pan-acusa-fraude-al-erario-por-1823-mdp\\\/\",\"name\":\"\u00bfY el dinero de la rifa del avi\u00f3n presidencial? PAN acusa fraude al erario por 1,823 mdp - Fuentes Fidedignas\",\"isPartOf\":{\"@id\":\"https:\\\/\\\/fuentesfidedignas.com.mx\\\/#website\"},\"primaryImageOfPage\":{\"@id\":\"https:\\\/\\\/fuentesfidedignas.com.mx\\\/index.php\\\/2022\\\/02\\\/09\\\/y-el-dinero-de-la-rifa-del-avion-presidencial-pan-acusa-fraude-al-erario-por-1823-mdp\\\/#primaryimage\"},\"image\":{\"@id\":\"https:\\\/\\\/fuentesfidedignas.com.mx\\\/index.php\\\/2022\\\/02\\\/09\\\/y-el-dinero-de-la-rifa-del-avion-presidencial-pan-acusa-fraude-al-erario-por-1823-mdp\\\/#primaryimage\"},\"thumbnailUrl\":\"https:\\\/\\\/fuentesfidedignas.com.mx\\\/wp-content\\\/uploads\\\/2022\\\/02\\\/AVION_PRESIDENCIAL.jpeg\",\"datePublished\":\"2022-02-09T19:15:39+00:00\",\"dateModified\":\"2022-02-09T19:15:40+00:00\",\"breadcrumb\":{\"@id\":\"https:\\\/\\\/fuentesfidedignas.com.mx\\\/index.php\\\/2022\\\/02\\\/09\\\/y-el-dinero-de-la-rifa-del-avion-presidencial-pan-acusa-fraude-al-erario-por-1823-mdp\\\/#breadcrumb\"},\"inLanguage\":\"es\",\"potentialAction\":[{\"@type\":\"ReadAction\",\"target\":[\"https:\\\/\\\/fuentesfidedignas.com.mx\\\/index.php\\\/2022\\\/02\\\/09\\\/y-el-dinero-de-la-rifa-del-avion-presidencial-pan-acusa-fraude-al-erario-por-1823-mdp\\\/\"]}]},{\"@type\":\"ImageObject\",\"inLanguage\":\"es\",\"@id\":\"https:\\\/\\\/fuentesfidedignas.com.mx\\\/index.php\\\/2022\\\/02\\\/09\\\/y-el-dinero-de-la-rifa-del-avion-presidencial-pan-acusa-fraude-al-erario-por-1823-mdp\\\/#primaryimage\",\"url\":\"https:\\\/\\\/fuentesfidedignas.com.mx\\\/wp-content\\\/uploads\\\/2022\\\/02\\\/AVION_PRESIDENCIAL.jpeg\",\"contentUrl\":\"https:\\\/\\\/fuentesfidedignas.com.mx\\\/wp-content\\\/uploads\\\/2022\\\/02\\\/AVION_PRESIDENCIAL.jpeg\",\"width\":800,\"height\":537},{\"@type\":\"BreadcrumbList\",\"@id\":\"https:\\\/\\\/fuentesfidedignas.com.mx\\\/index.php\\\/2022\\\/02\\\/09\\\/y-el-dinero-de-la-rifa-del-avion-presidencial-pan-acusa-fraude-al-erario-por-1823-mdp\\\/#breadcrumb\",\"itemListElement\":[{\"@type\":\"ListItem\",\"position\":1,\"name\":\"Inicio\",\"item\":\"https:\\\/\\\/fuentesfidedignas.com.mx\\\/\"},{\"@type\":\"ListItem\",\"position\":2,\"name\":\"\u00bfY el dinero de la rifa del avi\u00f3n presidencial? PAN acusa fraude al erario por 1,823 mdp\"}]},{\"@type\":\"WebSite\",\"@id\":\"https:\\\/\\\/fuentesfidedignas.com.mx\\\/#website\",\"url\":\"https:\\\/\\\/fuentesfidedignas.com.mx\\\/\",\"name\":\"Fuentes Fidedignas\",\"description\":\"Otro sitio realizado con WordPress\",\"publisher\":{\"@id\":\"https:\\\/\\\/fuentesfidedignas.com.mx\\\/#organization\"},\"potentialAction\":[{\"@type\":\"SearchAction\",\"target\":{\"@type\":\"EntryPoint\",\"urlTemplate\":\"https:\\\/\\\/fuentesfidedignas.com.mx\\\/?s={search_term_string}\"},\"query-input\":{\"@type\":\"PropertyValueSpecification\",\"valueRequired\":true,\"valueName\":\"search_term_string\"}}],\"inLanguage\":\"es\"},{\"@type\":\"Organization\",\"@id\":\"https:\\\/\\\/fuentesfidedignas.com.mx\\\/#organization\",\"name\":\"Fuentes Fidedignas\",\"url\":\"https:\\\/\\\/fuentesfidedignas.com.mx\\\/\",\"logo\":{\"@type\":\"ImageObject\",\"inLanguage\":\"es\",\"@id\":\"https:\\\/\\\/fuentesfidedignas.com.mx\\\/#\\\/schema\\\/logo\\\/image\\\/\",\"url\":\"https:\\\/\\\/fuentesfidedignas.com.mx\\\/wp-content\\\/uploads\\\/2021\\\/04\\\/logo-retina.png\",\"contentUrl\":\"https:\\\/\\\/fuentesfidedignas.com.mx\\\/wp-content\\\/uploads\\\/2021\\\/04\\\/logo-retina.png\",\"width\":280,\"height\":51,\"caption\":\"Fuentes Fidedignas\"},\"image\":{\"@id\":\"https:\\\/\\\/fuentesfidedignas.com.mx\\\/#\\\/schema\\\/logo\\\/image\\\/\"},\"sameAs\":[\"https:\\\/\\\/www.facebook.com\\\/Fuentes-Fidedignas-368234489921644\",\"https:\\\/\\\/x.com\\\/fidedignas\"]},{\"@type\":\"Person\",\"@id\":\"https:\\\/\\\/fuentesfidedignas.com.mx\\\/#\\\/schema\\\/person\\\/494f7e0dce8dfaaec5b64f16615b78e9\",\"name\":\"El Financiero\",\"image\":{\"@type\":\"ImageObject\",\"inLanguage\":\"es\",\"@id\":\"https:\\\/\\\/secure.gravatar.com\\\/avatar\\\/88c0f3f2079389318ef8dd35c22cb997212aa89646e357ba59b318db26ed91a9?s=96&d=mm&r=g\",\"url\":\"https:\\\/\\\/secure.gravatar.com\\\/avatar\\\/88c0f3f2079389318ef8dd35c22cb997212aa89646e357ba59b318db26ed91a9?s=96&d=mm&r=g\",\"contentUrl\":\"https:\\\/\\\/secure.gravatar.com\\\/avatar\\\/88c0f3f2079389318ef8dd35c22cb997212aa89646e357ba59b318db26ed91a9?s=96&d=mm&r=g\",\"caption\":\"El Financiero\"},\"url\":\"https:\\\/\\\/fuentesfidedignas.com.mx\\\/index.php\\\/author\\\/financiero\\\/\"}]}<\/script>\n<!-- \/ Yoast SEO plugin. -->","yoast_head_json":{"title":"\u00bfY el dinero de la rifa del avi\u00f3n presidencial? PAN acusa fraude al erario por 1,823 mdp - Fuentes Fidedignas","robots":{"index":"index","follow":"follow","max-snippet":"max-snippet:-1","max-image-preview":"max-image-preview:large","max-video-preview":"max-video-preview:-1"},"canonical":"https:\/\/fuentesfidedignas.com.mx\/index.php\/2022\/02\/09\/y-el-dinero-de-la-rifa-del-avion-presidencial-pan-acusa-fraude-al-erario-por-1823-mdp\/","og_locale":"es_MX","og_type":"article","og_title":"\u00bfY el dinero de la rifa del avi\u00f3n presidencial? PAN acusa fraude al erario por 1,823 mdp - Fuentes Fidedignas","og_description":"El senador panista Julen Rementeria denunci\u00f3 opacidad en el destino del dinero recaudado en la rifa del avi\u00f3n presidencial. Ciudad de M\u00e9xico.- La rifa del avi\u00f3n presidencial representa un fraude al erario p\u00fablico por mil 823 millones de pesos, denunci\u00f3 el l\u00edder de la bancada de Acci\u00f3n Nacional (PAN) en el Senado, Julen Rementeria del [&hellip;]","og_url":"https:\/\/fuentesfidedignas.com.mx\/index.php\/2022\/02\/09\/y-el-dinero-de-la-rifa-del-avion-presidencial-pan-acusa-fraude-al-erario-por-1823-mdp\/","og_site_name":"Fuentes Fidedignas","article_publisher":"https:\/\/www.facebook.com\/Fuentes-Fidedignas-368234489921644","article_published_time":"2022-02-09T19:15:39+00:00","article_modified_time":"2022-02-09T19:15:40+00:00","og_image":[{"width":800,"height":537,"url":"https:\/\/fuentesfidedignas.com.mx\/wp-content\/uploads\/2022\/02\/AVION_PRESIDENCIAL.jpeg","type":"image\/jpeg"}],"author":"El Financiero","twitter_card":"summary_large_image","twitter_creator":"@fidedignas","twitter_site":"@fidedignas","twitter_misc":{"Escrito por":"El Financiero","Tiempo de lectura":"3 minutos"},"schema":{"@context":"https:\/\/schema.org","@graph":[{"@type":"Article","@id":"https:\/\/fuentesfidedignas.com.mx\/index.php\/2022\/02\/09\/y-el-dinero-de-la-rifa-del-avion-presidencial-pan-acusa-fraude-al-erario-por-1823-mdp\/#article","isPartOf":{"@id":"https:\/\/fuentesfidedignas.com.mx\/index.php\/2022\/02\/09\/y-el-dinero-de-la-rifa-del-avion-presidencial-pan-acusa-fraude-al-erario-por-1823-mdp\/"},"author":{"name":"El Financiero","@id":"https:\/\/fuentesfidedignas.com.mx\/#\/schema\/person\/494f7e0dce8dfaaec5b64f16615b78e9"},"headline":"\u00bfY el dinero de la rifa del avi\u00f3n presidencial? PAN acusa fraude al erario por 1,823 mdp","datePublished":"2022-02-09T19:15:39+00:00","dateModified":"2022-02-09T19:15:40+00:00","mainEntityOfPage":{"@id":"https:\/\/fuentesfidedignas.com.mx\/index.php\/2022\/02\/09\/y-el-dinero-de-la-rifa-del-avion-presidencial-pan-acusa-fraude-al-erario-por-1823-mdp\/"},"wordCount":683,"commentCount":0,"publisher":{"@id":"https:\/\/fuentesfidedignas.com.mx\/#organization"},"image":{"@id":"https:\/\/fuentesfidedignas.com.mx\/index.php\/2022\/02\/09\/y-el-dinero-de-la-rifa-del-avion-presidencial-pan-acusa-fraude-al-erario-por-1823-mdp\/#primaryimage"},"thumbnailUrl":"https:\/\/fuentesfidedignas.com.mx\/wp-content\/uploads\/2022\/02\/AVION_PRESIDENCIAL.jpeg","keywords":["Avi\u00f3n presidencial","PAN","Partido Acci\u00f3n Nacional"],"articleSection":["NOTICIAS NACIONALES"],"inLanguage":"es","potentialAction":[{"@type":"CommentAction","name":"Comment","target":["https:\/\/fuentesfidedignas.com.mx\/index.php\/2022\/02\/09\/y-el-dinero-de-la-rifa-del-avion-presidencial-pan-acusa-fraude-al-erario-por-1823-mdp\/#respond"]}]},{"@type":"WebPage","@id":"https:\/\/fuentesfidedignas.com.mx\/index.php\/2022\/02\/09\/y-el-dinero-de-la-rifa-del-avion-presidencial-pan-acusa-fraude-al-erario-por-1823-mdp\/","url":"https:\/\/fuentesfidedignas.com.mx\/index.php\/2022\/02\/09\/y-el-dinero-de-la-rifa-del-avion-presidencial-pan-acusa-fraude-al-erario-por-1823-mdp\/","name":"\u00bfY el dinero de la rifa del avi\u00f3n presidencial? PAN acusa fraude al erario por 1,823 mdp - Fuentes Fidedignas","isPartOf":{"@id":"https:\/\/fuentesfidedignas.com.mx\/#website"},"primaryImageOfPage":{"@id":"https:\/\/fuentesfidedignas.com.mx\/index.php\/2022\/02\/09\/y-el-dinero-de-la-rifa-del-avion-presidencial-pan-acusa-fraude-al-erario-por-1823-mdp\/#primaryimage"},"image":{"@id":"https:\/\/fuentesfidedignas.com.mx\/index.php\/2022\/02\/09\/y-el-dinero-de-la-rifa-del-avion-presidencial-pan-acusa-fraude-al-erario-por-1823-mdp\/#primaryimage"},"thumbnailUrl":"https:\/\/fuentesfidedignas.com.mx\/wp-content\/uploads\/2022\/02\/AVION_PRESIDENCIAL.jpeg","datePublished":"2022-02-09T19:15:39+00:00","dateModified":"2022-02-09T19:15:40+00:00","breadcrumb":{"@id":"https:\/\/fuentesfidedignas.com.mx\/index.php\/2022\/02\/09\/y-el-dinero-de-la-rifa-del-avion-presidencial-pan-acusa-fraude-al-erario-por-1823-mdp\/#breadcrumb"},"inLanguage":"es","potentialAction":[{"@type":"ReadAction","target":["https:\/\/fuentesfidedignas.com.mx\/index.php\/2022\/02\/09\/y-el-dinero-de-la-rifa-del-avion-presidencial-pan-acusa-fraude-al-erario-por-1823-mdp\/"]}]},{"@type":"ImageObject","inLanguage":"es","@id":"https:\/\/fuentesfidedignas.com.mx\/index.php\/2022\/02\/09\/y-el-dinero-de-la-rifa-del-avion-presidencial-pan-acusa-fraude-al-erario-por-1823-mdp\/#primaryimage","url":"https:\/\/fuentesfidedignas.com.mx\/wp-content\/uploads\/2022\/02\/AVION_PRESIDENCIAL.jpeg","contentUrl":"https:\/\/fuentesfidedignas.com.mx\/wp-content\/uploads\/2022\/02\/AVION_PRESIDENCIAL.jpeg","width":800,"height":537},{"@type":"BreadcrumbList","@id":"https:\/\/fuentesfidedignas.com.mx\/index.php\/2022\/02\/09\/y-el-dinero-de-la-rifa-del-avion-presidencial-pan-acusa-fraude-al-erario-por-1823-mdp\/#breadcrumb","itemListElement":[{"@type":"ListItem","position":1,"name":"Inicio","item":"https:\/\/fuentesfidedignas.com.mx\/"},{"@type":"ListItem","position":2,"name":"\u00bfY el dinero de la rifa del avi\u00f3n presidencial? PAN acusa fraude al erario por 1,823 mdp"}]},{"@type":"WebSite","@id":"https:\/\/fuentesfidedignas.com.mx\/#website","url":"https:\/\/fuentesfidedignas.com.mx\/","name":"Fuentes Fidedignas","description":"Otro sitio realizado con WordPress","publisher":{"@id":"https:\/\/fuentesfidedignas.com.mx\/#organization"},"potentialAction":[{"@type":"SearchAction","target":{"@type":"EntryPoint","urlTemplate":"https:\/\/fuentesfidedignas.com.mx\/?s={search_term_string}"},"query-input":{"@type":"PropertyValueSpecification","valueRequired":true,"valueName":"search_term_string"}}],"inLanguage":"es"},{"@type":"Organization","@id":"https:\/\/fuentesfidedignas.com.mx\/#organization","name":"Fuentes Fidedignas","url":"https:\/\/fuentesfidedignas.com.mx\/","logo":{"@type":"ImageObject","inLanguage":"es","@id":"https:\/\/fuentesfidedignas.com.mx\/#\/schema\/logo\/image\/","url":"https:\/\/fuentesfidedignas.com.mx\/wp-content\/uploads\/2021\/04\/logo-retina.png","contentUrl":"https:\/\/fuentesfidedignas.com.mx\/wp-content\/uploads\/2021\/04\/logo-retina.png","width":280,"height":51,"caption":"Fuentes Fidedignas"},"image":{"@id":"https:\/\/fuentesfidedignas.com.mx\/#\/schema\/logo\/image\/"},"sameAs":["https:\/\/www.facebook.com\/Fuentes-Fidedignas-368234489921644","https:\/\/x.com\/fidedignas"]},{"@type":"Person","@id":"https:\/\/fuentesfidedignas.com.mx\/#\/schema\/person\/494f7e0dce8dfaaec5b64f16615b78e9","name":"El Financiero","image":{"@type":"ImageObject","inLanguage":"es","@id":"https:\/\/secure.gravatar.com\/avatar\/88c0f3f2079389318ef8dd35c22cb997212aa89646e357ba59b318db26ed91a9?s=96&d=mm&r=g","url":"https:\/\/secure.gravatar.com\/avatar\/88c0f3f2079389318ef8dd35c22cb997212aa89646e357ba59b318db26ed91a9?s=96&d=mm&r=g","contentUrl":"https:\/\/secure.gravatar.com\/avatar\/88c0f3f2079389318ef8dd35c22cb997212aa89646e357ba59b318db26ed91a9?s=96&d=mm&r=g","caption":"El Financiero"},"url":"https:\/\/fuentesfidedignas.com.mx\/index.php\/author\/financiero\/"}]}},"_links":{"self":[{"href":"https:\/\/fuentesfidedignas.com.mx\/index.php\/wp-json\/wp\/v2\/posts\/23646","targetHints":{"allow":["GET"]}}],"collection":[{"href":"https:\/\/fuentesfidedignas.com.mx\/index.php\/wp-json\/wp\/v2\/posts"}],"about":[{"href":"https:\/\/fuentesfidedignas.com.mx\/index.php\/wp-json\/wp\/v2\/types\/post"}],"author":[{"embeddable":true,"href":"https:\/\/fuentesfidedignas.com.mx\/index.php\/wp-json\/wp\/v2\/users\/21"}],"replies":[{"embeddable":true,"href":"https:\/\/fuentesfidedignas.com.mx\/index.php\/wp-json\/wp\/v2\/comments?post=23646"}],"version-history":[{"count":1,"href":"https:\/\/fuentesfidedignas.com.mx\/index.php\/wp-json\/wp\/v2\/posts\/23646\/revisions"}],"predecessor-version":[{"id":23648,"href":"https:\/\/fuentesfidedignas.com.mx\/index.php\/wp-json\/wp\/v2\/posts\/23646\/revisions\/23648"}],"wp:featuredmedia":[{"embeddable":true,"href":"https:\/\/fuentesfidedignas.com.mx\/index.php\/wp-json\/wp\/v2\/media\/23647"}],"wp:attachment":[{"href":"https:\/\/fuentesfidedignas.com.mx\/index.php\/wp-json\/wp\/v2\/media?parent=23646"}],"wp:term":[{"taxonomy":"category","embeddable":true,"href":"https:\/\/fuentesfidedignas.com.mx\/index.php\/wp-json\/wp\/v2\/categories?post=23646"},{"taxonomy":"post_tag","embeddable":true,"href":"https:\/\/fuentesfidedignas.com.mx\/index.php\/wp-json\/wp\/v2\/tags?post=23646"}],"curies":[{"name":"wp","href":"https:\/\/api.w.org\/{rel}","templated":true}]}}