{"id":23628,"date":"2022-02-09T08:31:26","date_gmt":"2022-02-09T15:31:26","guid":{"rendered":"https:\/\/fuentesfidedignas.com.mx\/?p=23628"},"modified":"2022-02-09T08:31:29","modified_gmt":"2022-02-09T15:31:29","slug":"eu-quiere-ayudar-a-mexico-a-que-sector-electrico-sea-abierto-competitivo-y-limpio-kerry","status":"publish","type":"post","link":"https:\/\/fuentesfidedignas.com.mx\/index.php\/2022\/02\/09\/eu-quiere-ayudar-a-mexico-a-que-sector-electrico-sea-abierto-competitivo-y-limpio-kerry\/","title":{"rendered":"EU quiere ayudar a M\u00e9xico a que sector el\u00e9ctrico sea abierto, competitivo y limpio: Kerry"},"content":{"rendered":"\n<p><strong><em>John Kerry, enviado para el Cambio Clim\u00e1tico de EU, dijo que est\u00e1 en la disposici\u00f3n de ayudar a que sector el\u00e9ctrico sea competivo y limpio.<\/em><\/strong><\/p>\n\n\n\n<p>Ciudad de M\u00e9xico.- John Kerry, enviado presidencial especial de los Estados Unidos para el Cambio Clim\u00e1tico, afirm\u00f3 este mi\u00e9rcoles que la administraci\u00f3n de Joe Biden esta en la mejor disposici\u00f3n de ayudar a M\u00e9xico en las reformas al sector energ\u00e9tico a fin de que haya un mercado abierto, competitivo y limpio.<\/p>\n\n\n\n<p>En su mensaje inicial junto al canciller Marcelo Ebrard, Kerry manifest\u00f3 su deseo por coadyuvar con el gobierno de M\u00e9xico para que transite hacia las energ\u00edas renovables y que las industrias puedan trabajar con altos est\u00e1ndares de acuerdo con los cambios mundiales en materia de medio ambiente.<\/p>\n\n\n\n<p>\u201cEstados Unidos est\u00e1 preparado para ayudar, respetamos la soberan\u00eda de M\u00e9xico, s\u00e9 que el presidente esta haciendo reformas importantes para el pa\u00eds, nosotros queremos ayudar a fortalecer a que el mercado sea abierto y competitivo\u201d, enfatiz\u00f3 Kerry en conferencia de prensa.<\/p>\n\n\n\n<p>\u201cNosotros tenemos una oportunidad de trabajar de manera conjunta para liderar esta transformaci\u00f3n y que va a beneficiar a todos nuestros ciudadanos, menos contaminaci\u00f3n, aire m\u00e1s limpio, menos enfermedades\u201d, abund\u00f3.<\/p>\n\n\n\n<p>El enviado especial para el Cambio Clim\u00e1tico de Estados Unidos afirm\u00f3 que M\u00e9xico es un pa\u00eds que cuenta con recursos naturales suficientes para generar energ\u00edas limpias y conf\u00edo que la visi\u00f3n global del mandatario federal se encamine a los esfuerzos mundiales por detener la degradaci\u00f3n del ambiente.<\/p>\n\n\n\n<p>\u201cM\u00e9xico es beneficiado con recursos que otros pa\u00edses no tienen un gran sol, viento, agua y combustibles f\u00f3siles, entonces pueden tener una red moderna. Esto hace que sea muy claro para nosotros y yo creo que el presidente L\u00f3pez Obrador tiene una visi\u00f3n de todo el mundo y los pa\u00edses se mueven r\u00e1pidamente en la utilizaci\u00f3n de energ\u00edas renovables\u201d, se\u00f1al\u00f3 Kerry.<\/p>\n\n\n\n<p>Ayer, previo a la visita de John Kerry, la embajada de Estados Unidos mostr\u00f3 su preocupaci\u00f3n por la reforma el\u00e9ctrica ya que, dijo, promueve el uso de tecnolog\u00edas m\u00e1s sucias, anticuadas y caras sobre alternativas renovables eficientes.<\/p>\n\n\n\n<p>La visita de Kerry se produce tras el viaje el 21 de enero de la secretaria de Energ\u00eda de Estados Unidos, Jennifer Granholm, quien expres\u00f3 las \u201cpreocupaciones\u201d de Washington por el \u201cpotencial impacto negativo\u201d de la reforma el\u00e9ctrica que impulsa el presidente L\u00f3pez Obrador.<\/p>\n","protected":false},"excerpt":{"rendered":"<p>John Kerry, enviado para el Cambio Clim\u00e1tico de EU, dijo que est\u00e1 en la disposici\u00f3n de ayudar a que sector el\u00e9ctrico sea competivo y limpio. Ciudad de M\u00e9xico.- John Kerry, enviado presidencial especial de los Estados Unidos para el Cambio Clim\u00e1tico, afirm\u00f3 este mi\u00e9rcoles que la administraci\u00f3n de Joe Biden esta en la mejor disposici\u00f3n [&hellip;]<\/p>\n","protected":false},"author":5,"featured_media":23629,"comment_status":"open","ping_status":"open","sticky":false,"template":"","format":"standard","meta":{"tdm_status":"","tdm_grid_status":"","footnotes":""},"categories":[39],"tags":[],"class_list":{"0":"post-23628","1":"post","2":"type-post","3":"status-publish","4":"format-standard","5":"has-post-thumbnail","7":"category-noticias-nacionales"},"yoast_head":"<!-- This site is optimized with the Yoast SEO plugin v27.5 - https:\/\/yoast.com\/product\/yoast-seo-wordpress\/ -->\n<title>EU quiere ayudar a M\u00e9xico a que sector el\u00e9ctrico sea abierto, competitivo y limpio: Kerry - Fuentes Fidedignas<\/title>\n<meta name=\"robots\" content=\"index, follow, max-snippet:-1, max-image-preview:large, max-video-preview:-1\" \/>\n<link rel=\"canonical\" href=\"https:\/\/fuentesfidedignas.com.mx\/index.php\/2022\/02\/09\/eu-quiere-ayudar-a-mexico-a-que-sector-electrico-sea-abierto-competitivo-y-limpio-kerry\/\" \/>\n<meta property=\"og:locale\" content=\"es_MX\" \/>\n<meta property=\"og:type\" content=\"article\" \/>\n<meta property=\"og:title\" content=\"EU quiere ayudar a M\u00e9xico a que sector el\u00e9ctrico sea abierto, competitivo y limpio: Kerry - Fuentes Fidedignas\" \/>\n<meta property=\"og:description\" content=\"John Kerry, enviado para el Cambio Clim\u00e1tico de EU, dijo que est\u00e1 en la disposici\u00f3n de ayudar a que sector el\u00e9ctrico sea competivo y limpio. Ciudad de M\u00e9xico.- John Kerry, enviado presidencial especial de los Estados Unidos para el Cambio Clim\u00e1tico, afirm\u00f3 este mi\u00e9rcoles que la administraci\u00f3n de Joe Biden esta en la mejor disposici\u00f3n [&hellip;]\" \/>\n<meta property=\"og:url\" content=\"https:\/\/fuentesfidedignas.com.mx\/index.php\/2022\/02\/09\/eu-quiere-ayudar-a-mexico-a-que-sector-electrico-sea-abierto-competitivo-y-limpio-kerry\/\" \/>\n<meta property=\"og:site_name\" content=\"Fuentes Fidedignas\" \/>\n<meta property=\"article:publisher\" content=\"https:\/\/www.facebook.com\/Fuentes-Fidedignas-368234489921644\" \/>\n<meta property=\"article:published_time\" content=\"2022-02-09T15:31:26+00:00\" \/>\n<meta property=\"article:modified_time\" content=\"2022-02-09T15:31:29+00:00\" \/>\n<meta property=\"og:image\" content=\"https:\/\/fuentesfidedignas.com.mx\/wp-content\/uploads\/2022\/02\/SENADOR_EBRAD.jpg\" \/>\n\t<meta property=\"og:image:width\" content=\"640\" \/>\n\t<meta property=\"og:image:height\" content=\"360\" \/>\n\t<meta property=\"og:image:type\" content=\"image\/jpeg\" \/>\n<meta name=\"author\" content=\"Forbes\" \/>\n<meta name=\"twitter:card\" content=\"summary_large_image\" \/>\n<meta name=\"twitter:creator\" content=\"@fidedignas\" \/>\n<meta name=\"twitter:site\" content=\"@fidedignas\" \/>\n<meta name=\"twitter:label1\" content=\"Escrito por\" \/>\n\t<meta name=\"twitter:data1\" content=\"Forbes\" \/>\n\t<meta name=\"twitter:label2\" content=\"Tiempo de lectura\" \/>\n\t<meta name=\"twitter:data2\" content=\"2 minutos\" \/>\n<script type=\"application\/ld+json\" class=\"yoast-schema-graph\">{\"@context\":\"https:\\\/\\\/schema.org\",\"@graph\":[{\"@type\":\"Article\",\"@id\":\"https:\\\/\\\/fuentesfidedignas.com.mx\\\/index.php\\\/2022\\\/02\\\/09\\\/eu-quiere-ayudar-a-mexico-a-que-sector-electrico-sea-abierto-competitivo-y-limpio-kerry\\\/#article\",\"isPartOf\":{\"@id\":\"https:\\\/\\\/fuentesfidedignas.com.mx\\\/index.php\\\/2022\\\/02\\\/09\\\/eu-quiere-ayudar-a-mexico-a-que-sector-electrico-sea-abierto-competitivo-y-limpio-kerry\\\/\"},\"author\":{\"name\":\"Forbes\",\"@id\":\"https:\\\/\\\/fuentesfidedignas.com.mx\\\/#\\\/schema\\\/person\\\/5623d53fe2e579d825b1679734abcc44\"},\"headline\":\"EU quiere ayudar a M\u00e9xico a que sector el\u00e9ctrico sea abierto, competitivo y limpio: Kerry\",\"datePublished\":\"2022-02-09T15:31:26+00:00\",\"dateModified\":\"2022-02-09T15:31:29+00:00\",\"mainEntityOfPage\":{\"@id\":\"https:\\\/\\\/fuentesfidedignas.com.mx\\\/index.php\\\/2022\\\/02\\\/09\\\/eu-quiere-ayudar-a-mexico-a-que-sector-electrico-sea-abierto-competitivo-y-limpio-kerry\\\/\"},\"wordCount\":443,\"commentCount\":0,\"publisher\":{\"@id\":\"https:\\\/\\\/fuentesfidedignas.com.mx\\\/#organization\"},\"image\":{\"@id\":\"https:\\\/\\\/fuentesfidedignas.com.mx\\\/index.php\\\/2022\\\/02\\\/09\\\/eu-quiere-ayudar-a-mexico-a-que-sector-electrico-sea-abierto-competitivo-y-limpio-kerry\\\/#primaryimage\"},\"thumbnailUrl\":\"https:\\\/\\\/fuentesfidedignas.com.mx\\\/wp-content\\\/uploads\\\/2022\\\/02\\\/SENADOR_EBRAD.jpg\",\"articleSection\":[\"NOTICIAS NACIONALES\"],\"inLanguage\":\"es\",\"potentialAction\":[{\"@type\":\"CommentAction\",\"name\":\"Comment\",\"target\":[\"https:\\\/\\\/fuentesfidedignas.com.mx\\\/index.php\\\/2022\\\/02\\\/09\\\/eu-quiere-ayudar-a-mexico-a-que-sector-electrico-sea-abierto-competitivo-y-limpio-kerry\\\/#respond\"]}]},{\"@type\":\"WebPage\",\"@id\":\"https:\\\/\\\/fuentesfidedignas.com.mx\\\/index.php\\\/2022\\\/02\\\/09\\\/eu-quiere-ayudar-a-mexico-a-que-sector-electrico-sea-abierto-competitivo-y-limpio-kerry\\\/\",\"url\":\"https:\\\/\\\/fuentesfidedignas.com.mx\\\/index.php\\\/2022\\\/02\\\/09\\\/eu-quiere-ayudar-a-mexico-a-que-sector-electrico-sea-abierto-competitivo-y-limpio-kerry\\\/\",\"name\":\"EU quiere ayudar a M\u00e9xico a que sector el\u00e9ctrico sea abierto, competitivo y limpio: Kerry - Fuentes Fidedignas\",\"isPartOf\":{\"@id\":\"https:\\\/\\\/fuentesfidedignas.com.mx\\\/#website\"},\"primaryImageOfPage\":{\"@id\":\"https:\\\/\\\/fuentesfidedignas.com.mx\\\/index.php\\\/2022\\\/02\\\/09\\\/eu-quiere-ayudar-a-mexico-a-que-sector-electrico-sea-abierto-competitivo-y-limpio-kerry\\\/#primaryimage\"},\"image\":{\"@id\":\"https:\\\/\\\/fuentesfidedignas.com.mx\\\/index.php\\\/2022\\\/02\\\/09\\\/eu-quiere-ayudar-a-mexico-a-que-sector-electrico-sea-abierto-competitivo-y-limpio-kerry\\\/#primaryimage\"},\"thumbnailUrl\":\"https:\\\/\\\/fuentesfidedignas.com.mx\\\/wp-content\\\/uploads\\\/2022\\\/02\\\/SENADOR_EBRAD.jpg\",\"datePublished\":\"2022-02-09T15:31:26+00:00\",\"dateModified\":\"2022-02-09T15:31:29+00:00\",\"breadcrumb\":{\"@id\":\"https:\\\/\\\/fuentesfidedignas.com.mx\\\/index.php\\\/2022\\\/02\\\/09\\\/eu-quiere-ayudar-a-mexico-a-que-sector-electrico-sea-abierto-competitivo-y-limpio-kerry\\\/#breadcrumb\"},\"inLanguage\":\"es\",\"potentialAction\":[{\"@type\":\"ReadAction\",\"target\":[\"https:\\\/\\\/fuentesfidedignas.com.mx\\\/index.php\\\/2022\\\/02\\\/09\\\/eu-quiere-ayudar-a-mexico-a-que-sector-electrico-sea-abierto-competitivo-y-limpio-kerry\\\/\"]}]},{\"@type\":\"ImageObject\",\"inLanguage\":\"es\",\"@id\":\"https:\\\/\\\/fuentesfidedignas.com.mx\\\/index.php\\\/2022\\\/02\\\/09\\\/eu-quiere-ayudar-a-mexico-a-que-sector-electrico-sea-abierto-competitivo-y-limpio-kerry\\\/#primaryimage\",\"url\":\"https:\\\/\\\/fuentesfidedignas.com.mx\\\/wp-content\\\/uploads\\\/2022\\\/02\\\/SENADOR_EBRAD.jpg\",\"contentUrl\":\"https:\\\/\\\/fuentesfidedignas.com.mx\\\/wp-content\\\/uploads\\\/2022\\\/02\\\/SENADOR_EBRAD.jpg\",\"width\":640,\"height\":360},{\"@type\":\"BreadcrumbList\",\"@id\":\"https:\\\/\\\/fuentesfidedignas.com.mx\\\/index.php\\\/2022\\\/02\\\/09\\\/eu-quiere-ayudar-a-mexico-a-que-sector-electrico-sea-abierto-competitivo-y-limpio-kerry\\\/#breadcrumb\",\"itemListElement\":[{\"@type\":\"ListItem\",\"position\":1,\"name\":\"Inicio\",\"item\":\"https:\\\/\\\/fuentesfidedignas.com.mx\\\/\"},{\"@type\":\"ListItem\",\"position\":2,\"name\":\"EU quiere ayudar a M\u00e9xico a que sector el\u00e9ctrico sea abierto, competitivo y limpio: Kerry\"}]},{\"@type\":\"WebSite\",\"@id\":\"https:\\\/\\\/fuentesfidedignas.com.mx\\\/#website\",\"url\":\"https:\\\/\\\/fuentesfidedignas.com.mx\\\/\",\"name\":\"Fuentes Fidedignas\",\"description\":\"Otro sitio realizado con WordPress\",\"publisher\":{\"@id\":\"https:\\\/\\\/fuentesfidedignas.com.mx\\\/#organization\"},\"potentialAction\":[{\"@type\":\"SearchAction\",\"target\":{\"@type\":\"EntryPoint\",\"urlTemplate\":\"https:\\\/\\\/fuentesfidedignas.com.mx\\\/?s={search_term_string}\"},\"query-input\":{\"@type\":\"PropertyValueSpecification\",\"valueRequired\":true,\"valueName\":\"search_term_string\"}}],\"inLanguage\":\"es\"},{\"@type\":\"Organization\",\"@id\":\"https:\\\/\\\/fuentesfidedignas.com.mx\\\/#organization\",\"name\":\"Fuentes Fidedignas\",\"url\":\"https:\\\/\\\/fuentesfidedignas.com.mx\\\/\",\"logo\":{\"@type\":\"ImageObject\",\"inLanguage\":\"es\",\"@id\":\"https:\\\/\\\/fuentesfidedignas.com.mx\\\/#\\\/schema\\\/logo\\\/image\\\/\",\"url\":\"https:\\\/\\\/fuentesfidedignas.com.mx\\\/wp-content\\\/uploads\\\/2021\\\/04\\\/logo-retina.png\",\"contentUrl\":\"https:\\\/\\\/fuentesfidedignas.com.mx\\\/wp-content\\\/uploads\\\/2021\\\/04\\\/logo-retina.png\",\"width\":280,\"height\":51,\"caption\":\"Fuentes Fidedignas\"},\"image\":{\"@id\":\"https:\\\/\\\/fuentesfidedignas.com.mx\\\/#\\\/schema\\\/logo\\\/image\\\/\"},\"sameAs\":[\"https:\\\/\\\/www.facebook.com\\\/Fuentes-Fidedignas-368234489921644\",\"https:\\\/\\\/x.com\\\/fidedignas\"]},{\"@type\":\"Person\",\"@id\":\"https:\\\/\\\/fuentesfidedignas.com.mx\\\/#\\\/schema\\\/person\\\/5623d53fe2e579d825b1679734abcc44\",\"name\":\"Forbes\",\"image\":{\"@type\":\"ImageObject\",\"inLanguage\":\"es\",\"@id\":\"https:\\\/\\\/secure.gravatar.com\\\/avatar\\\/87ce3dd4e41e60c22a79c758614f01a6bc2469255fc936ec7b15efb9bb5cb66f?s=96&d=mm&r=g\",\"url\":\"https:\\\/\\\/secure.gravatar.com\\\/avatar\\\/87ce3dd4e41e60c22a79c758614f01a6bc2469255fc936ec7b15efb9bb5cb66f?s=96&d=mm&r=g\",\"contentUrl\":\"https:\\\/\\\/secure.gravatar.com\\\/avatar\\\/87ce3dd4e41e60c22a79c758614f01a6bc2469255fc936ec7b15efb9bb5cb66f?s=96&d=mm&r=g\",\"caption\":\"Forbes\"},\"url\":\"https:\\\/\\\/fuentesfidedignas.com.mx\\\/index.php\\\/author\\\/forbes\\\/\"}]}<\/script>\n<!-- \/ Yoast SEO plugin. -->","yoast_head_json":{"title":"EU quiere ayudar a M\u00e9xico a que sector el\u00e9ctrico sea abierto, competitivo y limpio: Kerry - Fuentes Fidedignas","robots":{"index":"index","follow":"follow","max-snippet":"max-snippet:-1","max-image-preview":"max-image-preview:large","max-video-preview":"max-video-preview:-1"},"canonical":"https:\/\/fuentesfidedignas.com.mx\/index.php\/2022\/02\/09\/eu-quiere-ayudar-a-mexico-a-que-sector-electrico-sea-abierto-competitivo-y-limpio-kerry\/","og_locale":"es_MX","og_type":"article","og_title":"EU quiere ayudar a M\u00e9xico a que sector el\u00e9ctrico sea abierto, competitivo y limpio: Kerry - Fuentes Fidedignas","og_description":"John Kerry, enviado para el Cambio Clim\u00e1tico de EU, dijo que est\u00e1 en la disposici\u00f3n de ayudar a que sector el\u00e9ctrico sea competivo y limpio. Ciudad de M\u00e9xico.- John Kerry, enviado presidencial especial de los Estados Unidos para el Cambio Clim\u00e1tico, afirm\u00f3 este mi\u00e9rcoles que la administraci\u00f3n de Joe Biden esta en la mejor disposici\u00f3n [&hellip;]","og_url":"https:\/\/fuentesfidedignas.com.mx\/index.php\/2022\/02\/09\/eu-quiere-ayudar-a-mexico-a-que-sector-electrico-sea-abierto-competitivo-y-limpio-kerry\/","og_site_name":"Fuentes Fidedignas","article_publisher":"https:\/\/www.facebook.com\/Fuentes-Fidedignas-368234489921644","article_published_time":"2022-02-09T15:31:26+00:00","article_modified_time":"2022-02-09T15:31:29+00:00","og_image":[{"width":640,"height":360,"url":"https:\/\/fuentesfidedignas.com.mx\/wp-content\/uploads\/2022\/02\/SENADOR_EBRAD.jpg","type":"image\/jpeg"}],"author":"Forbes","twitter_card":"summary_large_image","twitter_creator":"@fidedignas","twitter_site":"@fidedignas","twitter_misc":{"Escrito por":"Forbes","Tiempo de lectura":"2 minutos"},"schema":{"@context":"https:\/\/schema.org","@graph":[{"@type":"Article","@id":"https:\/\/fuentesfidedignas.com.mx\/index.php\/2022\/02\/09\/eu-quiere-ayudar-a-mexico-a-que-sector-electrico-sea-abierto-competitivo-y-limpio-kerry\/#article","isPartOf":{"@id":"https:\/\/fuentesfidedignas.com.mx\/index.php\/2022\/02\/09\/eu-quiere-ayudar-a-mexico-a-que-sector-electrico-sea-abierto-competitivo-y-limpio-kerry\/"},"author":{"name":"Forbes","@id":"https:\/\/fuentesfidedignas.com.mx\/#\/schema\/person\/5623d53fe2e579d825b1679734abcc44"},"headline":"EU quiere ayudar a M\u00e9xico a que sector el\u00e9ctrico sea abierto, competitivo y limpio: Kerry","datePublished":"2022-02-09T15:31:26+00:00","dateModified":"2022-02-09T15:31:29+00:00","mainEntityOfPage":{"@id":"https:\/\/fuentesfidedignas.com.mx\/index.php\/2022\/02\/09\/eu-quiere-ayudar-a-mexico-a-que-sector-electrico-sea-abierto-competitivo-y-limpio-kerry\/"},"wordCount":443,"commentCount":0,"publisher":{"@id":"https:\/\/fuentesfidedignas.com.mx\/#organization"},"image":{"@id":"https:\/\/fuentesfidedignas.com.mx\/index.php\/2022\/02\/09\/eu-quiere-ayudar-a-mexico-a-que-sector-electrico-sea-abierto-competitivo-y-limpio-kerry\/#primaryimage"},"thumbnailUrl":"https:\/\/fuentesfidedignas.com.mx\/wp-content\/uploads\/2022\/02\/SENADOR_EBRAD.jpg","articleSection":["NOTICIAS NACIONALES"],"inLanguage":"es","potentialAction":[{"@type":"CommentAction","name":"Comment","target":["https:\/\/fuentesfidedignas.com.mx\/index.php\/2022\/02\/09\/eu-quiere-ayudar-a-mexico-a-que-sector-electrico-sea-abierto-competitivo-y-limpio-kerry\/#respond"]}]},{"@type":"WebPage","@id":"https:\/\/fuentesfidedignas.com.mx\/index.php\/2022\/02\/09\/eu-quiere-ayudar-a-mexico-a-que-sector-electrico-sea-abierto-competitivo-y-limpio-kerry\/","url":"https:\/\/fuentesfidedignas.com.mx\/index.php\/2022\/02\/09\/eu-quiere-ayudar-a-mexico-a-que-sector-electrico-sea-abierto-competitivo-y-limpio-kerry\/","name":"EU quiere ayudar a M\u00e9xico a que sector el\u00e9ctrico sea abierto, competitivo y limpio: Kerry - Fuentes Fidedignas","isPartOf":{"@id":"https:\/\/fuentesfidedignas.com.mx\/#website"},"primaryImageOfPage":{"@id":"https:\/\/fuentesfidedignas.com.mx\/index.php\/2022\/02\/09\/eu-quiere-ayudar-a-mexico-a-que-sector-electrico-sea-abierto-competitivo-y-limpio-kerry\/#primaryimage"},"image":{"@id":"https:\/\/fuentesfidedignas.com.mx\/index.php\/2022\/02\/09\/eu-quiere-ayudar-a-mexico-a-que-sector-electrico-sea-abierto-competitivo-y-limpio-kerry\/#primaryimage"},"thumbnailUrl":"https:\/\/fuentesfidedignas.com.mx\/wp-content\/uploads\/2022\/02\/SENADOR_EBRAD.jpg","datePublished":"2022-02-09T15:31:26+00:00","dateModified":"2022-02-09T15:31:29+00:00","breadcrumb":{"@id":"https:\/\/fuentesfidedignas.com.mx\/index.php\/2022\/02\/09\/eu-quiere-ayudar-a-mexico-a-que-sector-electrico-sea-abierto-competitivo-y-limpio-kerry\/#breadcrumb"},"inLanguage":"es","potentialAction":[{"@type":"ReadAction","target":["https:\/\/fuentesfidedignas.com.mx\/index.php\/2022\/02\/09\/eu-quiere-ayudar-a-mexico-a-que-sector-electrico-sea-abierto-competitivo-y-limpio-kerry\/"]}]},{"@type":"ImageObject","inLanguage":"es","@id":"https:\/\/fuentesfidedignas.com.mx\/index.php\/2022\/02\/09\/eu-quiere-ayudar-a-mexico-a-que-sector-electrico-sea-abierto-competitivo-y-limpio-kerry\/#primaryimage","url":"https:\/\/fuentesfidedignas.com.mx\/wp-content\/uploads\/2022\/02\/SENADOR_EBRAD.jpg","contentUrl":"https:\/\/fuentesfidedignas.com.mx\/wp-content\/uploads\/2022\/02\/SENADOR_EBRAD.jpg","width":640,"height":360},{"@type":"BreadcrumbList","@id":"https:\/\/fuentesfidedignas.com.mx\/index.php\/2022\/02\/09\/eu-quiere-ayudar-a-mexico-a-que-sector-electrico-sea-abierto-competitivo-y-limpio-kerry\/#breadcrumb","itemListElement":[{"@type":"ListItem","position":1,"name":"Inicio","item":"https:\/\/fuentesfidedignas.com.mx\/"},{"@type":"ListItem","position":2,"name":"EU quiere ayudar a M\u00e9xico a que sector el\u00e9ctrico sea abierto, competitivo y limpio: Kerry"}]},{"@type":"WebSite","@id":"https:\/\/fuentesfidedignas.com.mx\/#website","url":"https:\/\/fuentesfidedignas.com.mx\/","name":"Fuentes Fidedignas","description":"Otro sitio realizado con WordPress","publisher":{"@id":"https:\/\/fuentesfidedignas.com.mx\/#organization"},"potentialAction":[{"@type":"SearchAction","target":{"@type":"EntryPoint","urlTemplate":"https:\/\/fuentesfidedignas.com.mx\/?s={search_term_string}"},"query-input":{"@type":"PropertyValueSpecification","valueRequired":true,"valueName":"search_term_string"}}],"inLanguage":"es"},{"@type":"Organization","@id":"https:\/\/fuentesfidedignas.com.mx\/#organization","name":"Fuentes Fidedignas","url":"https:\/\/fuentesfidedignas.com.mx\/","logo":{"@type":"ImageObject","inLanguage":"es","@id":"https:\/\/fuentesfidedignas.com.mx\/#\/schema\/logo\/image\/","url":"https:\/\/fuentesfidedignas.com.mx\/wp-content\/uploads\/2021\/04\/logo-retina.png","contentUrl":"https:\/\/fuentesfidedignas.com.mx\/wp-content\/uploads\/2021\/04\/logo-retina.png","width":280,"height":51,"caption":"Fuentes Fidedignas"},"image":{"@id":"https:\/\/fuentesfidedignas.com.mx\/#\/schema\/logo\/image\/"},"sameAs":["https:\/\/www.facebook.com\/Fuentes-Fidedignas-368234489921644","https:\/\/x.com\/fidedignas"]},{"@type":"Person","@id":"https:\/\/fuentesfidedignas.com.mx\/#\/schema\/person\/5623d53fe2e579d825b1679734abcc44","name":"Forbes","image":{"@type":"ImageObject","inLanguage":"es","@id":"https:\/\/secure.gravatar.com\/avatar\/87ce3dd4e41e60c22a79c758614f01a6bc2469255fc936ec7b15efb9bb5cb66f?s=96&d=mm&r=g","url":"https:\/\/secure.gravatar.com\/avatar\/87ce3dd4e41e60c22a79c758614f01a6bc2469255fc936ec7b15efb9bb5cb66f?s=96&d=mm&r=g","contentUrl":"https:\/\/secure.gravatar.com\/avatar\/87ce3dd4e41e60c22a79c758614f01a6bc2469255fc936ec7b15efb9bb5cb66f?s=96&d=mm&r=g","caption":"Forbes"},"url":"https:\/\/fuentesfidedignas.com.mx\/index.php\/author\/forbes\/"}]}},"_links":{"self":[{"href":"https:\/\/fuentesfidedignas.com.mx\/index.php\/wp-json\/wp\/v2\/posts\/23628","targetHints":{"allow":["GET"]}}],"collection":[{"href":"https:\/\/fuentesfidedignas.com.mx\/index.php\/wp-json\/wp\/v2\/posts"}],"about":[{"href":"https:\/\/fuentesfidedignas.com.mx\/index.php\/wp-json\/wp\/v2\/types\/post"}],"author":[{"embeddable":true,"href":"https:\/\/fuentesfidedignas.com.mx\/index.php\/wp-json\/wp\/v2\/users\/5"}],"replies":[{"embeddable":true,"href":"https:\/\/fuentesfidedignas.com.mx\/index.php\/wp-json\/wp\/v2\/comments?post=23628"}],"version-history":[{"count":1,"href":"https:\/\/fuentesfidedignas.com.mx\/index.php\/wp-json\/wp\/v2\/posts\/23628\/revisions"}],"predecessor-version":[{"id":23630,"href":"https:\/\/fuentesfidedignas.com.mx\/index.php\/wp-json\/wp\/v2\/posts\/23628\/revisions\/23630"}],"wp:featuredmedia":[{"embeddable":true,"href":"https:\/\/fuentesfidedignas.com.mx\/index.php\/wp-json\/wp\/v2\/media\/23629"}],"wp:attachment":[{"href":"https:\/\/fuentesfidedignas.com.mx\/index.php\/wp-json\/wp\/v2\/media?parent=23628"}],"wp:term":[{"taxonomy":"category","embeddable":true,"href":"https:\/\/fuentesfidedignas.com.mx\/index.php\/wp-json\/wp\/v2\/categories?post=23628"},{"taxonomy":"post_tag","embeddable":true,"href":"https:\/\/fuentesfidedignas.com.mx\/index.php\/wp-json\/wp\/v2\/tags?post=23628"}],"curies":[{"name":"wp","href":"https:\/\/api.w.org\/{rel}","templated":true}]}}