{"id":2362,"date":"2021-05-18T13:09:17","date_gmt":"2021-05-18T20:09:17","guid":{"rendered":"https:\/\/fuentesfidedignas.com.mx\/?p=2362"},"modified":"2021-05-19T07:01:29","modified_gmt":"2021-05-19T14:01:29","slug":"hay-hartazgo-por-morena-y-es-un-peligro-para-sinaloa-osorio-chong-y-ruiz-massieu","status":"publish","type":"post","link":"https:\/\/fuentesfidedignas.com.mx\/index.php\/2021\/05\/18\/hay-hartazgo-por-morena-y-es-un-peligro-para-sinaloa-osorio-chong-y-ruiz-massieu\/","title":{"rendered":"Hay hartazgo por Morena y es un peligro para Sinaloa: Osorio Chong y Ruiz Massieu"},"content":{"rendered":"\n<p><strong><em>Es una amenaza para los sinaloenses que el candidato de Morena promueva que llegar\u00e1 la 4T a Sinaloa, se\u00f1alaron los senadores<\/em><\/strong><\/p>\n\n\n\n<p>Culiac\u00e1n, Sin.- En la elecci\u00f3n del pr\u00f3ximo 6 de junio la sociedad definir\u00e1 si se le pone un alto a la din\u00e1mica de regresi\u00f3n, estancamiento econ\u00f3mico, incompetencia y la destrucci\u00f3n que vive el pa\u00eds con Morena, o se elige el Sinaloa de evoluci\u00f3n, fuerza y dinamismo que representa Mario Zamora Gast\u00e9lum, manifestaron los senadores de la Rep\u00fablica, Miguel \u00c1ngel Osorio Chong y Claudia Ruiz Massieu, al visitar Culiac\u00e1n para acompa\u00f1ar al abanderado de la alianza \u201cVa por Sinaloa\u201d, en su gira por colonias.<\/p>\n\n\n\n<p>En un encuentro con medios coincidieron que la gente est\u00e1 harta de los malos gobiernos de Morena, quienes han promovido las mentiras y no le han cumplido a la poblaci\u00f3n. \u201cEse es el sentimiento de la gente y que se traduce en apoyo y respaldo a quien sin duda y lo he comentado ya huele a gobernador: Mario Zamora\u201d.<\/p>\n\n\n\n<p>\u201cCuando se hacen alianzas con quienes hace poco tiempo les se\u00f1alaba, dec\u00eda que iba a liberar la universidad, y ahora con Cuen est\u00e1 aliado, entonces quiere decir que son exactamente lo mismo, son igualitos, mienten, es un mentiroso, ah\u00ed est\u00e1n sus declaraciones y all\u00e1 est\u00e1n sus hechos\u201d, indic\u00f3 Osorio Chong.<\/p>\n\n\n\n<p>La senadora Claudia Ruiz Massieu, apunt\u00f3 que el candidato a la gubernatura por Morena est\u00e1 violando la Ley por promover el eslogan de la cuarta transformaci\u00f3n para tratar de recuperar el terreno perdido, ante el repunte que est\u00e1 teniendo Mario Zamora Gast\u00e9lum en las encuestas y en el respaldo de los ciudadanos.<\/p>\n\n\n\n<p>\u201cVi una declaraci\u00f3n del candidato de enfrente, el candidato de Morena, y que dec\u00eda: yo quiero llevar la 4T a Sinaloa, pues esto m\u00e1s que compromiso me parece amenaza, que miedo que traiga la 4T a Sinaloa, porque entonces en vez de tener un estado creciendo, van a tener lo que tenemos a nivel federal; nada\u201d, dijo.<\/p>\n\n\n\n<p>En cambio, se\u00f1al\u00f3 que, con Mario Zamora Gast\u00e9lum, las familias, las mujeres, los j\u00f3venes, los emprendedores, y los adultos mayores, tendr\u00e1n la certeza de que contar\u00e1n con el apoyo de un gobernador sensible.<\/p>\n\n\n\n<p>A su vez, Miguel \u00c1ngel Osorio Chong, asegur\u00f3 que en Sinaloa se esperan m\u00e1s adhesiones al proyecto de la alianza \u201cVa por Sinaloa\u201d. En ese marco, cuestion\u00f3 c\u00f3mo el candidato de Morena-PAS, se atreve a pedir el voto de los sinaloenses, cuando en el Senado de la Rep\u00fablica, siempre vot\u00f3 para darle la espalda a su estado.<\/p>\n\n\n\n<p>\u201cLes dejo un cat\u00e1logo de todo lo que ha votado en contra, lo festejaban, cada una de estas votaciones, ah\u00ed est\u00e1n los videos y ah\u00ed est\u00e1n las grabaciones\u2026 c\u00f3mo viene aqu\u00ed a pararse ante el pueblo de Sinaloa\u201d, dijo.<\/p>\n\n\n\n<p>Ruiz Massieu, afirm\u00f3 que \u201cno s\u00f3lo alcanzamos, empatamos, sino rebasamos, as\u00ed lo muestran las encuestas y as\u00ed se siente en la gente, Mario ser\u00e1 el pr\u00f3ximo gobernador\u201d.<\/p>\n\n\n\n<p>Explic\u00f3 que la gente est\u00e1 entusiasmada con la propuesta de Mario Zamora Gast\u00e9lum, con tener un gobernador joven, din\u00e1mico, con ideas, claro con lo que tiene que hacer para apoyar al campo, a las mujeres, a los emprendedores, con una visi\u00f3n de futuro.<\/p>\n\n\n\n<p>En su participaci\u00f3n, Mario Zamora Gast\u00e9lum, reiter\u00f3 que caballo que alcanza gana, y ya alcanz\u00f3, ya rebas\u00f3, y este pr\u00f3ximo 6 de junio la alianza \u201cVa por Sinaloa\u201d es la que va a ganar, y a ganar muy bien. La adhesi\u00f3n de candidatos y miembros de otros partidos as\u00ed lo reflejan porque hay confianza en que \u00e9l ser\u00e1 gobernador.<\/p>\n\n\n\n<p>A esta conferencia de prensa tambi\u00e9n asistieron el presidente del PRI en Sinaloa, Jes\u00fas Vald\u00e9s Palazuelos; la secretaria general Cinthia Langarica y el candidato a diputado federal, Alfredo Villegas. <\/p>\n","protected":false},"excerpt":{"rendered":"<p>Es una amenaza para los sinaloenses que el candidato de Morena promueva que llegar\u00e1 la 4T a Sinaloa, se\u00f1alaron los senadores Culiac\u00e1n, Sin.- En la elecci\u00f3n del pr\u00f3ximo 6 de junio la sociedad definir\u00e1 si se le pone un alto a la din\u00e1mica de regresi\u00f3n, estancamiento econ\u00f3mico, incompetencia y la destrucci\u00f3n que vive el pa\u00eds [&hellip;]<\/p>\n","protected":false},"author":4,"featured_media":2364,"comment_status":"open","ping_status":"open","sticky":false,"template":"","format":"standard","meta":{"tdm_status":"","tdm_grid_status":"","footnotes":""},"categories":[38],"tags":[66,276,64,49,67],"class_list":{"0":"post-2362","1":"post","2":"type-post","3":"status-publish","4":"format-standard","5":"has-post-thumbnail","7":"category-noticias-locales","8":"tag-coalicion-pripanprd","9":"tag-elecciones-2021","10":"tag-mario-zamora","11":"tag-sinaloa","12":"tag-va-por-sinaloa"},"yoast_head":"<!-- This site is optimized with the Yoast SEO plugin v27.5 - https:\/\/yoast.com\/product\/yoast-seo-wordpress\/ -->\n<title>Hay hartazgo por Morena y es un peligro para Sinaloa: Osorio Chong y Ruiz Massieu - Fuentes Fidedignas<\/title>\n<meta name=\"robots\" content=\"index, follow, max-snippet:-1, max-image-preview:large, max-video-preview:-1\" \/>\n<link rel=\"canonical\" href=\"https:\/\/fuentesfidedignas.com.mx\/index.php\/2021\/05\/18\/hay-hartazgo-por-morena-y-es-un-peligro-para-sinaloa-osorio-chong-y-ruiz-massieu\/\" \/>\n<meta property=\"og:locale\" content=\"es_MX\" \/>\n<meta property=\"og:type\" content=\"article\" \/>\n<meta property=\"og:title\" content=\"Hay hartazgo por Morena y es un peligro para Sinaloa: Osorio Chong y Ruiz Massieu - Fuentes Fidedignas\" \/>\n<meta property=\"og:description\" content=\"Es una amenaza para los sinaloenses que el candidato de Morena promueva que llegar\u00e1 la 4T a Sinaloa, se\u00f1alaron los senadores Culiac\u00e1n, Sin.- En la elecci\u00f3n del pr\u00f3ximo 6 de junio la sociedad definir\u00e1 si se le pone un alto a la din\u00e1mica de regresi\u00f3n, estancamiento econ\u00f3mico, incompetencia y la destrucci\u00f3n que vive el pa\u00eds [&hellip;]\" \/>\n<meta property=\"og:url\" content=\"https:\/\/fuentesfidedignas.com.mx\/index.php\/2021\/05\/18\/hay-hartazgo-por-morena-y-es-un-peligro-para-sinaloa-osorio-chong-y-ruiz-massieu\/\" \/>\n<meta property=\"og:site_name\" content=\"Fuentes Fidedignas\" \/>\n<meta property=\"article:publisher\" content=\"https:\/\/www.facebook.com\/Fuentes-Fidedignas-368234489921644\" \/>\n<meta property=\"article:published_time\" content=\"2021-05-18T20:09:17+00:00\" \/>\n<meta property=\"article:modified_time\" content=\"2021-05-19T14:01:29+00:00\" \/>\n<meta property=\"og:image\" content=\"https:\/\/fuentesfidedignas.com.mx\/wp-content\/uploads\/2021\/05\/IMG-20210518-WA0029.jpg\" \/>\n\t<meta property=\"og:image:width\" content=\"1280\" \/>\n\t<meta property=\"og:image:height\" content=\"852\" \/>\n\t<meta property=\"og:image:type\" content=\"image\/jpeg\" \/>\n<meta name=\"author\" content=\"Redacci\u00f3n\" \/>\n<meta name=\"twitter:card\" content=\"summary_large_image\" \/>\n<meta name=\"twitter:creator\" content=\"@fidedignas\" \/>\n<meta name=\"twitter:site\" content=\"@fidedignas\" \/>\n<meta name=\"twitter:label1\" content=\"Escrito por\" \/>\n\t<meta name=\"twitter:data1\" content=\"Redacci\u00f3n\" \/>\n\t<meta name=\"twitter:label2\" content=\"Tiempo de lectura\" \/>\n\t<meta name=\"twitter:data2\" content=\"3 minutos\" \/>\n<script type=\"application\/ld+json\" class=\"yoast-schema-graph\">{\"@context\":\"https:\\\/\\\/schema.org\",\"@graph\":[{\"@type\":\"Article\",\"@id\":\"https:\\\/\\\/fuentesfidedignas.com.mx\\\/index.php\\\/2021\\\/05\\\/18\\\/hay-hartazgo-por-morena-y-es-un-peligro-para-sinaloa-osorio-chong-y-ruiz-massieu\\\/#article\",\"isPartOf\":{\"@id\":\"https:\\\/\\\/fuentesfidedignas.com.mx\\\/index.php\\\/2021\\\/05\\\/18\\\/hay-hartazgo-por-morena-y-es-un-peligro-para-sinaloa-osorio-chong-y-ruiz-massieu\\\/\"},\"author\":{\"name\":\"Redacci\u00f3n\",\"@id\":\"https:\\\/\\\/fuentesfidedignas.com.mx\\\/#\\\/schema\\\/person\\\/331be9283d37198e2acd5750279085b0\"},\"headline\":\"Hay hartazgo por Morena y es un peligro para Sinaloa: Osorio Chong y Ruiz Massieu\",\"datePublished\":\"2021-05-18T20:09:17+00:00\",\"dateModified\":\"2021-05-19T14:01:29+00:00\",\"mainEntityOfPage\":{\"@id\":\"https:\\\/\\\/fuentesfidedignas.com.mx\\\/index.php\\\/2021\\\/05\\\/18\\\/hay-hartazgo-por-morena-y-es-un-peligro-para-sinaloa-osorio-chong-y-ruiz-massieu\\\/\"},\"wordCount\":671,\"commentCount\":0,\"publisher\":{\"@id\":\"https:\\\/\\\/fuentesfidedignas.com.mx\\\/#organization\"},\"image\":{\"@id\":\"https:\\\/\\\/fuentesfidedignas.com.mx\\\/index.php\\\/2021\\\/05\\\/18\\\/hay-hartazgo-por-morena-y-es-un-peligro-para-sinaloa-osorio-chong-y-ruiz-massieu\\\/#primaryimage\"},\"thumbnailUrl\":\"https:\\\/\\\/fuentesfidedignas.com.mx\\\/wp-content\\\/uploads\\\/2021\\\/05\\\/IMG-20210518-WA0029.jpg\",\"keywords\":[\"Coalici\u00f3n PRIPANPRD\",\"Elecciones 2021\",\"Mario Zamora\",\"sinaloa\",\"Va por Sinaloa\"],\"articleSection\":[\"NOTICIAS LOCALES\"],\"inLanguage\":\"es\",\"potentialAction\":[{\"@type\":\"CommentAction\",\"name\":\"Comment\",\"target\":[\"https:\\\/\\\/fuentesfidedignas.com.mx\\\/index.php\\\/2021\\\/05\\\/18\\\/hay-hartazgo-por-morena-y-es-un-peligro-para-sinaloa-osorio-chong-y-ruiz-massieu\\\/#respond\"]}]},{\"@type\":\"WebPage\",\"@id\":\"https:\\\/\\\/fuentesfidedignas.com.mx\\\/index.php\\\/2021\\\/05\\\/18\\\/hay-hartazgo-por-morena-y-es-un-peligro-para-sinaloa-osorio-chong-y-ruiz-massieu\\\/\",\"url\":\"https:\\\/\\\/fuentesfidedignas.com.mx\\\/index.php\\\/2021\\\/05\\\/18\\\/hay-hartazgo-por-morena-y-es-un-peligro-para-sinaloa-osorio-chong-y-ruiz-massieu\\\/\",\"name\":\"Hay hartazgo por Morena y es un peligro para Sinaloa: Osorio Chong y Ruiz Massieu - Fuentes Fidedignas\",\"isPartOf\":{\"@id\":\"https:\\\/\\\/fuentesfidedignas.com.mx\\\/#website\"},\"primaryImageOfPage\":{\"@id\":\"https:\\\/\\\/fuentesfidedignas.com.mx\\\/index.php\\\/2021\\\/05\\\/18\\\/hay-hartazgo-por-morena-y-es-un-peligro-para-sinaloa-osorio-chong-y-ruiz-massieu\\\/#primaryimage\"},\"image\":{\"@id\":\"https:\\\/\\\/fuentesfidedignas.com.mx\\\/index.php\\\/2021\\\/05\\\/18\\\/hay-hartazgo-por-morena-y-es-un-peligro-para-sinaloa-osorio-chong-y-ruiz-massieu\\\/#primaryimage\"},\"thumbnailUrl\":\"https:\\\/\\\/fuentesfidedignas.com.mx\\\/wp-content\\\/uploads\\\/2021\\\/05\\\/IMG-20210518-WA0029.jpg\",\"datePublished\":\"2021-05-18T20:09:17+00:00\",\"dateModified\":\"2021-05-19T14:01:29+00:00\",\"breadcrumb\":{\"@id\":\"https:\\\/\\\/fuentesfidedignas.com.mx\\\/index.php\\\/2021\\\/05\\\/18\\\/hay-hartazgo-por-morena-y-es-un-peligro-para-sinaloa-osorio-chong-y-ruiz-massieu\\\/#breadcrumb\"},\"inLanguage\":\"es\",\"potentialAction\":[{\"@type\":\"ReadAction\",\"target\":[\"https:\\\/\\\/fuentesfidedignas.com.mx\\\/index.php\\\/2021\\\/05\\\/18\\\/hay-hartazgo-por-morena-y-es-un-peligro-para-sinaloa-osorio-chong-y-ruiz-massieu\\\/\"]}]},{\"@type\":\"ImageObject\",\"inLanguage\":\"es\",\"@id\":\"https:\\\/\\\/fuentesfidedignas.com.mx\\\/index.php\\\/2021\\\/05\\\/18\\\/hay-hartazgo-por-morena-y-es-un-peligro-para-sinaloa-osorio-chong-y-ruiz-massieu\\\/#primaryimage\",\"url\":\"https:\\\/\\\/fuentesfidedignas.com.mx\\\/wp-content\\\/uploads\\\/2021\\\/05\\\/IMG-20210518-WA0029.jpg\",\"contentUrl\":\"https:\\\/\\\/fuentesfidedignas.com.mx\\\/wp-content\\\/uploads\\\/2021\\\/05\\\/IMG-20210518-WA0029.jpg\",\"width\":1280,\"height\":852},{\"@type\":\"BreadcrumbList\",\"@id\":\"https:\\\/\\\/fuentesfidedignas.com.mx\\\/index.php\\\/2021\\\/05\\\/18\\\/hay-hartazgo-por-morena-y-es-un-peligro-para-sinaloa-osorio-chong-y-ruiz-massieu\\\/#breadcrumb\",\"itemListElement\":[{\"@type\":\"ListItem\",\"position\":1,\"name\":\"Inicio\",\"item\":\"https:\\\/\\\/fuentesfidedignas.com.mx\\\/\"},{\"@type\":\"ListItem\",\"position\":2,\"name\":\"Hay hartazgo por Morena y es un peligro para Sinaloa: Osorio Chong y Ruiz Massieu\"}]},{\"@type\":\"WebSite\",\"@id\":\"https:\\\/\\\/fuentesfidedignas.com.mx\\\/#website\",\"url\":\"https:\\\/\\\/fuentesfidedignas.com.mx\\\/\",\"name\":\"Fuentes Fidedignas\",\"description\":\"Otro sitio realizado con WordPress\",\"publisher\":{\"@id\":\"https:\\\/\\\/fuentesfidedignas.com.mx\\\/#organization\"},\"potentialAction\":[{\"@type\":\"SearchAction\",\"target\":{\"@type\":\"EntryPoint\",\"urlTemplate\":\"https:\\\/\\\/fuentesfidedignas.com.mx\\\/?s={search_term_string}\"},\"query-input\":{\"@type\":\"PropertyValueSpecification\",\"valueRequired\":true,\"valueName\":\"search_term_string\"}}],\"inLanguage\":\"es\"},{\"@type\":\"Organization\",\"@id\":\"https:\\\/\\\/fuentesfidedignas.com.mx\\\/#organization\",\"name\":\"Fuentes Fidedignas\",\"url\":\"https:\\\/\\\/fuentesfidedignas.com.mx\\\/\",\"logo\":{\"@type\":\"ImageObject\",\"inLanguage\":\"es\",\"@id\":\"https:\\\/\\\/fuentesfidedignas.com.mx\\\/#\\\/schema\\\/logo\\\/image\\\/\",\"url\":\"https:\\\/\\\/fuentesfidedignas.com.mx\\\/wp-content\\\/uploads\\\/2021\\\/04\\\/logo-retina.png\",\"contentUrl\":\"https:\\\/\\\/fuentesfidedignas.com.mx\\\/wp-content\\\/uploads\\\/2021\\\/04\\\/logo-retina.png\",\"width\":280,\"height\":51,\"caption\":\"Fuentes Fidedignas\"},\"image\":{\"@id\":\"https:\\\/\\\/fuentesfidedignas.com.mx\\\/#\\\/schema\\\/logo\\\/image\\\/\"},\"sameAs\":[\"https:\\\/\\\/www.facebook.com\\\/Fuentes-Fidedignas-368234489921644\",\"https:\\\/\\\/x.com\\\/fidedignas\"]},{\"@type\":\"Person\",\"@id\":\"https:\\\/\\\/fuentesfidedignas.com.mx\\\/#\\\/schema\\\/person\\\/331be9283d37198e2acd5750279085b0\",\"name\":\"Redacci\u00f3n\",\"image\":{\"@type\":\"ImageObject\",\"inLanguage\":\"es\",\"@id\":\"https:\\\/\\\/secure.gravatar.com\\\/avatar\\\/f6d8782c11d12b2d4ad3fbb6931aeab5309937a4d6cd2fc9cfaa28a6396a5aec?s=96&d=mm&r=g\",\"url\":\"https:\\\/\\\/secure.gravatar.com\\\/avatar\\\/f6d8782c11d12b2d4ad3fbb6931aeab5309937a4d6cd2fc9cfaa28a6396a5aec?s=96&d=mm&r=g\",\"contentUrl\":\"https:\\\/\\\/secure.gravatar.com\\\/avatar\\\/f6d8782c11d12b2d4ad3fbb6931aeab5309937a4d6cd2fc9cfaa28a6396a5aec?s=96&d=mm&r=g\",\"caption\":\"Redacci\u00f3n\"},\"url\":\"https:\\\/\\\/fuentesfidedignas.com.mx\\\/index.php\\\/author\\\/redaccion\\\/\"}]}<\/script>\n<!-- \/ Yoast SEO plugin. -->","yoast_head_json":{"title":"Hay hartazgo por Morena y es un peligro para Sinaloa: Osorio Chong y Ruiz Massieu - Fuentes Fidedignas","robots":{"index":"index","follow":"follow","max-snippet":"max-snippet:-1","max-image-preview":"max-image-preview:large","max-video-preview":"max-video-preview:-1"},"canonical":"https:\/\/fuentesfidedignas.com.mx\/index.php\/2021\/05\/18\/hay-hartazgo-por-morena-y-es-un-peligro-para-sinaloa-osorio-chong-y-ruiz-massieu\/","og_locale":"es_MX","og_type":"article","og_title":"Hay hartazgo por Morena y es un peligro para Sinaloa: Osorio Chong y Ruiz Massieu - Fuentes Fidedignas","og_description":"Es una amenaza para los sinaloenses que el candidato de Morena promueva que llegar\u00e1 la 4T a Sinaloa, se\u00f1alaron los senadores Culiac\u00e1n, Sin.- En la elecci\u00f3n del pr\u00f3ximo 6 de junio la sociedad definir\u00e1 si se le pone un alto a la din\u00e1mica de regresi\u00f3n, estancamiento econ\u00f3mico, incompetencia y la destrucci\u00f3n que vive el pa\u00eds [&hellip;]","og_url":"https:\/\/fuentesfidedignas.com.mx\/index.php\/2021\/05\/18\/hay-hartazgo-por-morena-y-es-un-peligro-para-sinaloa-osorio-chong-y-ruiz-massieu\/","og_site_name":"Fuentes Fidedignas","article_publisher":"https:\/\/www.facebook.com\/Fuentes-Fidedignas-368234489921644","article_published_time":"2021-05-18T20:09:17+00:00","article_modified_time":"2021-05-19T14:01:29+00:00","og_image":[{"width":1280,"height":852,"url":"https:\/\/fuentesfidedignas.com.mx\/wp-content\/uploads\/2021\/05\/IMG-20210518-WA0029.jpg","type":"image\/jpeg"}],"author":"Redacci\u00f3n","twitter_card":"summary_large_image","twitter_creator":"@fidedignas","twitter_site":"@fidedignas","twitter_misc":{"Escrito por":"Redacci\u00f3n","Tiempo de lectura":"3 minutos"},"schema":{"@context":"https:\/\/schema.org","@graph":[{"@type":"Article","@id":"https:\/\/fuentesfidedignas.com.mx\/index.php\/2021\/05\/18\/hay-hartazgo-por-morena-y-es-un-peligro-para-sinaloa-osorio-chong-y-ruiz-massieu\/#article","isPartOf":{"@id":"https:\/\/fuentesfidedignas.com.mx\/index.php\/2021\/05\/18\/hay-hartazgo-por-morena-y-es-un-peligro-para-sinaloa-osorio-chong-y-ruiz-massieu\/"},"author":{"name":"Redacci\u00f3n","@id":"https:\/\/fuentesfidedignas.com.mx\/#\/schema\/person\/331be9283d37198e2acd5750279085b0"},"headline":"Hay hartazgo por Morena y es un peligro para Sinaloa: Osorio Chong y Ruiz Massieu","datePublished":"2021-05-18T20:09:17+00:00","dateModified":"2021-05-19T14:01:29+00:00","mainEntityOfPage":{"@id":"https:\/\/fuentesfidedignas.com.mx\/index.php\/2021\/05\/18\/hay-hartazgo-por-morena-y-es-un-peligro-para-sinaloa-osorio-chong-y-ruiz-massieu\/"},"wordCount":671,"commentCount":0,"publisher":{"@id":"https:\/\/fuentesfidedignas.com.mx\/#organization"},"image":{"@id":"https:\/\/fuentesfidedignas.com.mx\/index.php\/2021\/05\/18\/hay-hartazgo-por-morena-y-es-un-peligro-para-sinaloa-osorio-chong-y-ruiz-massieu\/#primaryimage"},"thumbnailUrl":"https:\/\/fuentesfidedignas.com.mx\/wp-content\/uploads\/2021\/05\/IMG-20210518-WA0029.jpg","keywords":["Coalici\u00f3n PRIPANPRD","Elecciones 2021","Mario Zamora","sinaloa","Va por Sinaloa"],"articleSection":["NOTICIAS LOCALES"],"inLanguage":"es","potentialAction":[{"@type":"CommentAction","name":"Comment","target":["https:\/\/fuentesfidedignas.com.mx\/index.php\/2021\/05\/18\/hay-hartazgo-por-morena-y-es-un-peligro-para-sinaloa-osorio-chong-y-ruiz-massieu\/#respond"]}]},{"@type":"WebPage","@id":"https:\/\/fuentesfidedignas.com.mx\/index.php\/2021\/05\/18\/hay-hartazgo-por-morena-y-es-un-peligro-para-sinaloa-osorio-chong-y-ruiz-massieu\/","url":"https:\/\/fuentesfidedignas.com.mx\/index.php\/2021\/05\/18\/hay-hartazgo-por-morena-y-es-un-peligro-para-sinaloa-osorio-chong-y-ruiz-massieu\/","name":"Hay hartazgo por Morena y es un peligro para Sinaloa: Osorio Chong y Ruiz Massieu - Fuentes Fidedignas","isPartOf":{"@id":"https:\/\/fuentesfidedignas.com.mx\/#website"},"primaryImageOfPage":{"@id":"https:\/\/fuentesfidedignas.com.mx\/index.php\/2021\/05\/18\/hay-hartazgo-por-morena-y-es-un-peligro-para-sinaloa-osorio-chong-y-ruiz-massieu\/#primaryimage"},"image":{"@id":"https:\/\/fuentesfidedignas.com.mx\/index.php\/2021\/05\/18\/hay-hartazgo-por-morena-y-es-un-peligro-para-sinaloa-osorio-chong-y-ruiz-massieu\/#primaryimage"},"thumbnailUrl":"https:\/\/fuentesfidedignas.com.mx\/wp-content\/uploads\/2021\/05\/IMG-20210518-WA0029.jpg","datePublished":"2021-05-18T20:09:17+00:00","dateModified":"2021-05-19T14:01:29+00:00","breadcrumb":{"@id":"https:\/\/fuentesfidedignas.com.mx\/index.php\/2021\/05\/18\/hay-hartazgo-por-morena-y-es-un-peligro-para-sinaloa-osorio-chong-y-ruiz-massieu\/#breadcrumb"},"inLanguage":"es","potentialAction":[{"@type":"ReadAction","target":["https:\/\/fuentesfidedignas.com.mx\/index.php\/2021\/05\/18\/hay-hartazgo-por-morena-y-es-un-peligro-para-sinaloa-osorio-chong-y-ruiz-massieu\/"]}]},{"@type":"ImageObject","inLanguage":"es","@id":"https:\/\/fuentesfidedignas.com.mx\/index.php\/2021\/05\/18\/hay-hartazgo-por-morena-y-es-un-peligro-para-sinaloa-osorio-chong-y-ruiz-massieu\/#primaryimage","url":"https:\/\/fuentesfidedignas.com.mx\/wp-content\/uploads\/2021\/05\/IMG-20210518-WA0029.jpg","contentUrl":"https:\/\/fuentesfidedignas.com.mx\/wp-content\/uploads\/2021\/05\/IMG-20210518-WA0029.jpg","width":1280,"height":852},{"@type":"BreadcrumbList","@id":"https:\/\/fuentesfidedignas.com.mx\/index.php\/2021\/05\/18\/hay-hartazgo-por-morena-y-es-un-peligro-para-sinaloa-osorio-chong-y-ruiz-massieu\/#breadcrumb","itemListElement":[{"@type":"ListItem","position":1,"name":"Inicio","item":"https:\/\/fuentesfidedignas.com.mx\/"},{"@type":"ListItem","position":2,"name":"Hay hartazgo por Morena y es un peligro para Sinaloa: Osorio Chong y Ruiz Massieu"}]},{"@type":"WebSite","@id":"https:\/\/fuentesfidedignas.com.mx\/#website","url":"https:\/\/fuentesfidedignas.com.mx\/","name":"Fuentes Fidedignas","description":"Otro sitio realizado con WordPress","publisher":{"@id":"https:\/\/fuentesfidedignas.com.mx\/#organization"},"potentialAction":[{"@type":"SearchAction","target":{"@type":"EntryPoint","urlTemplate":"https:\/\/fuentesfidedignas.com.mx\/?s={search_term_string}"},"query-input":{"@type":"PropertyValueSpecification","valueRequired":true,"valueName":"search_term_string"}}],"inLanguage":"es"},{"@type":"Organization","@id":"https:\/\/fuentesfidedignas.com.mx\/#organization","name":"Fuentes Fidedignas","url":"https:\/\/fuentesfidedignas.com.mx\/","logo":{"@type":"ImageObject","inLanguage":"es","@id":"https:\/\/fuentesfidedignas.com.mx\/#\/schema\/logo\/image\/","url":"https:\/\/fuentesfidedignas.com.mx\/wp-content\/uploads\/2021\/04\/logo-retina.png","contentUrl":"https:\/\/fuentesfidedignas.com.mx\/wp-content\/uploads\/2021\/04\/logo-retina.png","width":280,"height":51,"caption":"Fuentes Fidedignas"},"image":{"@id":"https:\/\/fuentesfidedignas.com.mx\/#\/schema\/logo\/image\/"},"sameAs":["https:\/\/www.facebook.com\/Fuentes-Fidedignas-368234489921644","https:\/\/x.com\/fidedignas"]},{"@type":"Person","@id":"https:\/\/fuentesfidedignas.com.mx\/#\/schema\/person\/331be9283d37198e2acd5750279085b0","name":"Redacci\u00f3n","image":{"@type":"ImageObject","inLanguage":"es","@id":"https:\/\/secure.gravatar.com\/avatar\/f6d8782c11d12b2d4ad3fbb6931aeab5309937a4d6cd2fc9cfaa28a6396a5aec?s=96&d=mm&r=g","url":"https:\/\/secure.gravatar.com\/avatar\/f6d8782c11d12b2d4ad3fbb6931aeab5309937a4d6cd2fc9cfaa28a6396a5aec?s=96&d=mm&r=g","contentUrl":"https:\/\/secure.gravatar.com\/avatar\/f6d8782c11d12b2d4ad3fbb6931aeab5309937a4d6cd2fc9cfaa28a6396a5aec?s=96&d=mm&r=g","caption":"Redacci\u00f3n"},"url":"https:\/\/fuentesfidedignas.com.mx\/index.php\/author\/redaccion\/"}]}},"_links":{"self":[{"href":"https:\/\/fuentesfidedignas.com.mx\/index.php\/wp-json\/wp\/v2\/posts\/2362","targetHints":{"allow":["GET"]}}],"collection":[{"href":"https:\/\/fuentesfidedignas.com.mx\/index.php\/wp-json\/wp\/v2\/posts"}],"about":[{"href":"https:\/\/fuentesfidedignas.com.mx\/index.php\/wp-json\/wp\/v2\/types\/post"}],"author":[{"embeddable":true,"href":"https:\/\/fuentesfidedignas.com.mx\/index.php\/wp-json\/wp\/v2\/users\/4"}],"replies":[{"embeddable":true,"href":"https:\/\/fuentesfidedignas.com.mx\/index.php\/wp-json\/wp\/v2\/comments?post=2362"}],"version-history":[{"count":1,"href":"https:\/\/fuentesfidedignas.com.mx\/index.php\/wp-json\/wp\/v2\/posts\/2362\/revisions"}],"predecessor-version":[{"id":2365,"href":"https:\/\/fuentesfidedignas.com.mx\/index.php\/wp-json\/wp\/v2\/posts\/2362\/revisions\/2365"}],"wp:featuredmedia":[{"embeddable":true,"href":"https:\/\/fuentesfidedignas.com.mx\/index.php\/wp-json\/wp\/v2\/media\/2364"}],"wp:attachment":[{"href":"https:\/\/fuentesfidedignas.com.mx\/index.php\/wp-json\/wp\/v2\/media?parent=2362"}],"wp:term":[{"taxonomy":"category","embeddable":true,"href":"https:\/\/fuentesfidedignas.com.mx\/index.php\/wp-json\/wp\/v2\/categories?post=2362"},{"taxonomy":"post_tag","embeddable":true,"href":"https:\/\/fuentesfidedignas.com.mx\/index.php\/wp-json\/wp\/v2\/tags?post=2362"}],"curies":[{"name":"wp","href":"https:\/\/api.w.org\/{rel}","templated":true}]}}