{"id":2359,"date":"2021-05-18T12:59:07","date_gmt":"2021-05-18T19:59:07","guid":{"rendered":"https:\/\/fuentesfidedignas.com.mx\/?p=2359"},"modified":"2021-05-18T12:59:10","modified_gmt":"2021-05-18T19:59:10","slug":"presenta-jesus-ibarra-su-3de3-invita-a-candidatos-del-distrito-14-a-hacer-lo-propio","status":"publish","type":"post","link":"https:\/\/fuentesfidedignas.com.mx\/index.php\/2021\/05\/18\/presenta-jesus-ibarra-su-3de3-invita-a-candidatos-del-distrito-14-a-hacer-lo-propio\/","title":{"rendered":"Presenta Jes\u00fas Ibarra su 3de3; invita a candidatos del Distrito 14 a hacer lo propio"},"content":{"rendered":"\n<p><strong>\u00a0<em>El candidato de MORENA-PAS al Distrito XIV, recalc\u00f3 que, de llegar al Congreso, buscar\u00e1 que la 3de3 sea obligatorio para todos aquellos que quieren ser candidatos o candidatas<\/em><\/strong><\/p>\n\n\n\n<p>Culiac\u00e1n, Sin.- Jes\u00fas Ibarra Ramos, candidato a Diputado local del Distrito XIV por MORENA-PAS, refrend\u00f3 su compromiso con la transparencia y rendici\u00f3n de cuentas al presentar su declaraci\u00f3n 3de3, que incluye la declaraci\u00f3n fiscal, patrimonial y de intereses. Como impulsor de la transparencia y rendici\u00f3n de cuentas, Ibarra Ramos, destac\u00f3 que, sin importar que la sociedad y organismos exijan a los candidatos y candidatas a transparentar de d\u00f3nde viene el dinero y cu\u00e1nto tiene, \u00e9l siempre ha estado a favor de que la sociedad conozca m\u00e1s sobre qui\u00e9n es y de d\u00f3nde viene. La declaraci\u00f3n es p\u00fablica y se puede consultar en <a href=\"http:\/\/3de3.coparmexsinaloa.org\">http:\/\/3de3.coparmexsinaloa.org<\/a> que habilit\u00f3 Coparmex Sinaloa.\u00a0\u00a0<\/p>\n\n\n\n<p>\u201cYa present\u00e9 la 3de3 que nos han pedido hacer como candidatos, la cual siempre he sido un impulsor de la transparencia desde la primera vez que compet\u00ed. Estuve en el Congreso y as\u00ed lo propuse para que los candidatos tuvieran que presentar su 3de3, aqu\u00ed est\u00e1. Invito a los dem\u00e1s que lo hagan para que la gente sepa que nosotros estamos en orden, es lo que la ciudadan\u00eda est\u00e1 exigiendo que es rendici\u00f3n de cuentas\u201d, puntualiz\u00f3 el candidato de MORENA-PAS.&nbsp;<\/p>\n\n\n\n<p>La declaraci\u00f3n 3de3 de Jes\u00fas Ibarra, qued\u00f3 publicada en el portal de <a href=\"http:\/\/3de3.coparmexsinaloa.org\">http:\/\/3de3.coparmexsinaloa.org<\/a> este lunes 17 de mayo.&nbsp;<\/p>\n\n\n\n<p>Jes\u00fas Ibarra, lanz\u00f3 el reto a los candidatos y candidatas del Distrito XIV, para que suban a la plataforma su declaraci\u00f3n 3de3 y que la ciudadan\u00eda conozca m\u00e1s sobre qui\u00e9nes son las personas que buscan un puesto p\u00fablico como legisladores.&nbsp;<\/p>\n\n\n\n<p>\u201cAqu\u00ed en el Distrito XIV, me gustar\u00eda invitar a los dem\u00e1s, a los que hagan falta o a los que no la hayan presentado, que hagan lo correspondiente para poder estar informando a la ciudadan\u00eda\u201d, recalc\u00f3 el candidato a Diputado local de MORENA-PAS.<\/p>\n\n\n\n<p>Explic\u00f3 que en este documento se ha incluido su declaraci\u00f3n patrimonial, fiscal y de intereses, adem\u00e1s de incluir la de no violencia de g\u00e9nero. En este apartado se incluye si existe alguna investigaci\u00f3n o denuncia en su contra por violencia de g\u00e9nero. Ibarra Ramos, explic\u00f3 que en MORENA para acceder a una candidatura se debe llenar un formato de no violencia, requisito que cumpli\u00f3 en tiempo y forma.&nbsp;<\/p>\n\n\n\n<p>De llegar al Congreso, reiter\u00f3 que una de sus propuestas es y ser\u00e1 la transparencia y rendici\u00f3n de cuentas, es por ello que propone que el Legislativo sea medido y evaluado. Adem\u00e1s, dijo que buscar\u00e1 que la 3de3 sea obligaci\u00f3n para todos los candidatos y candidatas.&nbsp;<\/p>\n\n\n\n<p>\u201cLas m\u00edas siempre han sido p\u00fablicas y son p\u00fablicas y voy a continuar. Vamos a empujar los que estamos en esto tendr\u00edamos o no tendremos porque no presentar algo p\u00fablico. Al Ibarra y nuestros candidatos la gente nos quiere, por presentar esto, no vamos a correr riesgo, al contrario, vamos a demostrar a la gente, qui\u00e9nes somos y que es lo que tenemos\u201d, finaliz\u00f3 Jes\u00fas Ibarra.&nbsp;<\/p>\n","protected":false},"excerpt":{"rendered":"<p>\u00a0El candidato de MORENA-PAS al Distrito XIV, recalc\u00f3 que, de llegar al Congreso, buscar\u00e1 que la 3de3 sea obligatorio para todos aquellos que quieren ser candidatos o candidatas Culiac\u00e1n, Sin.- Jes\u00fas Ibarra Ramos, candidato a Diputado local del Distrito XIV por MORENA-PAS, refrend\u00f3 su compromiso con la transparencia y rendici\u00f3n de cuentas al presentar su [&hellip;]<\/p>\n","protected":false},"author":4,"featured_media":2360,"comment_status":"open","ping_status":"open","sticky":false,"template":"","format":"standard","meta":{"tdm_status":"","tdm_grid_status":"","footnotes":""},"categories":[38],"tags":[276,453,338],"class_list":{"0":"post-2359","1":"post","2":"type-post","3":"status-publish","4":"format-standard","5":"has-post-thumbnail","7":"category-noticias-locales","8":"tag-elecciones-2021","9":"tag-jesus-ibarra","10":"tag-morena-pas"},"yoast_head":"<!-- This site is optimized with the Yoast SEO plugin v27.5 - https:\/\/yoast.com\/product\/yoast-seo-wordpress\/ -->\n<title>Presenta Jes\u00fas Ibarra su 3de3; invita a candidatos del Distrito 14 a hacer lo propio - Fuentes Fidedignas<\/title>\n<meta name=\"robots\" content=\"index, follow, max-snippet:-1, max-image-preview:large, max-video-preview:-1\" \/>\n<link rel=\"canonical\" href=\"https:\/\/fuentesfidedignas.com.mx\/index.php\/2021\/05\/18\/presenta-jesus-ibarra-su-3de3-invita-a-candidatos-del-distrito-14-a-hacer-lo-propio\/\" \/>\n<meta property=\"og:locale\" content=\"es_MX\" \/>\n<meta property=\"og:type\" content=\"article\" \/>\n<meta property=\"og:title\" content=\"Presenta Jes\u00fas Ibarra su 3de3; invita a candidatos del Distrito 14 a hacer lo propio - Fuentes Fidedignas\" \/>\n<meta property=\"og:description\" content=\"\u00a0El candidato de MORENA-PAS al Distrito XIV, recalc\u00f3 que, de llegar al Congreso, buscar\u00e1 que la 3de3 sea obligatorio para todos aquellos que quieren ser candidatos o candidatas Culiac\u00e1n, Sin.- Jes\u00fas Ibarra Ramos, candidato a Diputado local del Distrito XIV por MORENA-PAS, refrend\u00f3 su compromiso con la transparencia y rendici\u00f3n de cuentas al presentar su [&hellip;]\" \/>\n<meta property=\"og:url\" content=\"https:\/\/fuentesfidedignas.com.mx\/index.php\/2021\/05\/18\/presenta-jesus-ibarra-su-3de3-invita-a-candidatos-del-distrito-14-a-hacer-lo-propio\/\" \/>\n<meta property=\"og:site_name\" content=\"Fuentes Fidedignas\" \/>\n<meta property=\"article:publisher\" content=\"https:\/\/www.facebook.com\/Fuentes-Fidedignas-368234489921644\" \/>\n<meta property=\"article:published_time\" content=\"2021-05-18T19:59:07+00:00\" \/>\n<meta property=\"article:modified_time\" content=\"2021-05-18T19:59:10+00:00\" \/>\n<meta property=\"og:image\" content=\"https:\/\/fuentesfidedignas.com.mx\/wp-content\/uploads\/2021\/05\/IMG-20210518-WA0024.jpg\" \/>\n\t<meta property=\"og:image:width\" content=\"1600\" \/>\n\t<meta property=\"og:image:height\" content=\"1200\" \/>\n\t<meta property=\"og:image:type\" content=\"image\/jpeg\" \/>\n<meta name=\"author\" content=\"Redacci\u00f3n\" \/>\n<meta name=\"twitter:card\" content=\"summary_large_image\" \/>\n<meta name=\"twitter:creator\" content=\"@fidedignas\" \/>\n<meta name=\"twitter:site\" content=\"@fidedignas\" \/>\n<meta name=\"twitter:label1\" content=\"Escrito por\" \/>\n\t<meta name=\"twitter:data1\" content=\"Redacci\u00f3n\" \/>\n\t<meta name=\"twitter:label2\" content=\"Tiempo de lectura\" \/>\n\t<meta name=\"twitter:data2\" content=\"3 minutos\" \/>\n<script type=\"application\/ld+json\" class=\"yoast-schema-graph\">{\"@context\":\"https:\\\/\\\/schema.org\",\"@graph\":[{\"@type\":\"Article\",\"@id\":\"https:\\\/\\\/fuentesfidedignas.com.mx\\\/index.php\\\/2021\\\/05\\\/18\\\/presenta-jesus-ibarra-su-3de3-invita-a-candidatos-del-distrito-14-a-hacer-lo-propio\\\/#article\",\"isPartOf\":{\"@id\":\"https:\\\/\\\/fuentesfidedignas.com.mx\\\/index.php\\\/2021\\\/05\\\/18\\\/presenta-jesus-ibarra-su-3de3-invita-a-candidatos-del-distrito-14-a-hacer-lo-propio\\\/\"},\"author\":{\"name\":\"Redacci\u00f3n\",\"@id\":\"https:\\\/\\\/fuentesfidedignas.com.mx\\\/#\\\/schema\\\/person\\\/331be9283d37198e2acd5750279085b0\"},\"headline\":\"Presenta Jes\u00fas Ibarra su 3de3; invita a candidatos del Distrito 14 a hacer lo propio\",\"datePublished\":\"2021-05-18T19:59:07+00:00\",\"dateModified\":\"2021-05-18T19:59:10+00:00\",\"mainEntityOfPage\":{\"@id\":\"https:\\\/\\\/fuentesfidedignas.com.mx\\\/index.php\\\/2021\\\/05\\\/18\\\/presenta-jesus-ibarra-su-3de3-invita-a-candidatos-del-distrito-14-a-hacer-lo-propio\\\/\"},\"wordCount\":565,\"commentCount\":0,\"publisher\":{\"@id\":\"https:\\\/\\\/fuentesfidedignas.com.mx\\\/#organization\"},\"image\":{\"@id\":\"https:\\\/\\\/fuentesfidedignas.com.mx\\\/index.php\\\/2021\\\/05\\\/18\\\/presenta-jesus-ibarra-su-3de3-invita-a-candidatos-del-distrito-14-a-hacer-lo-propio\\\/#primaryimage\"},\"thumbnailUrl\":\"https:\\\/\\\/fuentesfidedignas.com.mx\\\/wp-content\\\/uploads\\\/2021\\\/05\\\/IMG-20210518-WA0024.jpg\",\"keywords\":[\"Elecciones 2021\",\"Jes\u00fas Ibarra\",\"Morena-PAS\"],\"articleSection\":[\"NOTICIAS LOCALES\"],\"inLanguage\":\"es\",\"potentialAction\":[{\"@type\":\"CommentAction\",\"name\":\"Comment\",\"target\":[\"https:\\\/\\\/fuentesfidedignas.com.mx\\\/index.php\\\/2021\\\/05\\\/18\\\/presenta-jesus-ibarra-su-3de3-invita-a-candidatos-del-distrito-14-a-hacer-lo-propio\\\/#respond\"]}]},{\"@type\":\"WebPage\",\"@id\":\"https:\\\/\\\/fuentesfidedignas.com.mx\\\/index.php\\\/2021\\\/05\\\/18\\\/presenta-jesus-ibarra-su-3de3-invita-a-candidatos-del-distrito-14-a-hacer-lo-propio\\\/\",\"url\":\"https:\\\/\\\/fuentesfidedignas.com.mx\\\/index.php\\\/2021\\\/05\\\/18\\\/presenta-jesus-ibarra-su-3de3-invita-a-candidatos-del-distrito-14-a-hacer-lo-propio\\\/\",\"name\":\"Presenta Jes\u00fas Ibarra su 3de3; invita a candidatos del Distrito 14 a hacer lo propio - Fuentes Fidedignas\",\"isPartOf\":{\"@id\":\"https:\\\/\\\/fuentesfidedignas.com.mx\\\/#website\"},\"primaryImageOfPage\":{\"@id\":\"https:\\\/\\\/fuentesfidedignas.com.mx\\\/index.php\\\/2021\\\/05\\\/18\\\/presenta-jesus-ibarra-su-3de3-invita-a-candidatos-del-distrito-14-a-hacer-lo-propio\\\/#primaryimage\"},\"image\":{\"@id\":\"https:\\\/\\\/fuentesfidedignas.com.mx\\\/index.php\\\/2021\\\/05\\\/18\\\/presenta-jesus-ibarra-su-3de3-invita-a-candidatos-del-distrito-14-a-hacer-lo-propio\\\/#primaryimage\"},\"thumbnailUrl\":\"https:\\\/\\\/fuentesfidedignas.com.mx\\\/wp-content\\\/uploads\\\/2021\\\/05\\\/IMG-20210518-WA0024.jpg\",\"datePublished\":\"2021-05-18T19:59:07+00:00\",\"dateModified\":\"2021-05-18T19:59:10+00:00\",\"breadcrumb\":{\"@id\":\"https:\\\/\\\/fuentesfidedignas.com.mx\\\/index.php\\\/2021\\\/05\\\/18\\\/presenta-jesus-ibarra-su-3de3-invita-a-candidatos-del-distrito-14-a-hacer-lo-propio\\\/#breadcrumb\"},\"inLanguage\":\"es\",\"potentialAction\":[{\"@type\":\"ReadAction\",\"target\":[\"https:\\\/\\\/fuentesfidedignas.com.mx\\\/index.php\\\/2021\\\/05\\\/18\\\/presenta-jesus-ibarra-su-3de3-invita-a-candidatos-del-distrito-14-a-hacer-lo-propio\\\/\"]}]},{\"@type\":\"ImageObject\",\"inLanguage\":\"es\",\"@id\":\"https:\\\/\\\/fuentesfidedignas.com.mx\\\/index.php\\\/2021\\\/05\\\/18\\\/presenta-jesus-ibarra-su-3de3-invita-a-candidatos-del-distrito-14-a-hacer-lo-propio\\\/#primaryimage\",\"url\":\"https:\\\/\\\/fuentesfidedignas.com.mx\\\/wp-content\\\/uploads\\\/2021\\\/05\\\/IMG-20210518-WA0024.jpg\",\"contentUrl\":\"https:\\\/\\\/fuentesfidedignas.com.mx\\\/wp-content\\\/uploads\\\/2021\\\/05\\\/IMG-20210518-WA0024.jpg\",\"width\":1600,\"height\":1200},{\"@type\":\"BreadcrumbList\",\"@id\":\"https:\\\/\\\/fuentesfidedignas.com.mx\\\/index.php\\\/2021\\\/05\\\/18\\\/presenta-jesus-ibarra-su-3de3-invita-a-candidatos-del-distrito-14-a-hacer-lo-propio\\\/#breadcrumb\",\"itemListElement\":[{\"@type\":\"ListItem\",\"position\":1,\"name\":\"Inicio\",\"item\":\"https:\\\/\\\/fuentesfidedignas.com.mx\\\/\"},{\"@type\":\"ListItem\",\"position\":2,\"name\":\"Presenta Jes\u00fas Ibarra su 3de3; invita a candidatos del Distrito 14 a hacer lo propio\"}]},{\"@type\":\"WebSite\",\"@id\":\"https:\\\/\\\/fuentesfidedignas.com.mx\\\/#website\",\"url\":\"https:\\\/\\\/fuentesfidedignas.com.mx\\\/\",\"name\":\"Fuentes Fidedignas\",\"description\":\"Otro sitio realizado con WordPress\",\"publisher\":{\"@id\":\"https:\\\/\\\/fuentesfidedignas.com.mx\\\/#organization\"},\"potentialAction\":[{\"@type\":\"SearchAction\",\"target\":{\"@type\":\"EntryPoint\",\"urlTemplate\":\"https:\\\/\\\/fuentesfidedignas.com.mx\\\/?s={search_term_string}\"},\"query-input\":{\"@type\":\"PropertyValueSpecification\",\"valueRequired\":true,\"valueName\":\"search_term_string\"}}],\"inLanguage\":\"es\"},{\"@type\":\"Organization\",\"@id\":\"https:\\\/\\\/fuentesfidedignas.com.mx\\\/#organization\",\"name\":\"Fuentes Fidedignas\",\"url\":\"https:\\\/\\\/fuentesfidedignas.com.mx\\\/\",\"logo\":{\"@type\":\"ImageObject\",\"inLanguage\":\"es\",\"@id\":\"https:\\\/\\\/fuentesfidedignas.com.mx\\\/#\\\/schema\\\/logo\\\/image\\\/\",\"url\":\"https:\\\/\\\/fuentesfidedignas.com.mx\\\/wp-content\\\/uploads\\\/2021\\\/04\\\/logo-retina.png\",\"contentUrl\":\"https:\\\/\\\/fuentesfidedignas.com.mx\\\/wp-content\\\/uploads\\\/2021\\\/04\\\/logo-retina.png\",\"width\":280,\"height\":51,\"caption\":\"Fuentes Fidedignas\"},\"image\":{\"@id\":\"https:\\\/\\\/fuentesfidedignas.com.mx\\\/#\\\/schema\\\/logo\\\/image\\\/\"},\"sameAs\":[\"https:\\\/\\\/www.facebook.com\\\/Fuentes-Fidedignas-368234489921644\",\"https:\\\/\\\/x.com\\\/fidedignas\"]},{\"@type\":\"Person\",\"@id\":\"https:\\\/\\\/fuentesfidedignas.com.mx\\\/#\\\/schema\\\/person\\\/331be9283d37198e2acd5750279085b0\",\"name\":\"Redacci\u00f3n\",\"image\":{\"@type\":\"ImageObject\",\"inLanguage\":\"es\",\"@id\":\"https:\\\/\\\/secure.gravatar.com\\\/avatar\\\/f6d8782c11d12b2d4ad3fbb6931aeab5309937a4d6cd2fc9cfaa28a6396a5aec?s=96&d=mm&r=g\",\"url\":\"https:\\\/\\\/secure.gravatar.com\\\/avatar\\\/f6d8782c11d12b2d4ad3fbb6931aeab5309937a4d6cd2fc9cfaa28a6396a5aec?s=96&d=mm&r=g\",\"contentUrl\":\"https:\\\/\\\/secure.gravatar.com\\\/avatar\\\/f6d8782c11d12b2d4ad3fbb6931aeab5309937a4d6cd2fc9cfaa28a6396a5aec?s=96&d=mm&r=g\",\"caption\":\"Redacci\u00f3n\"},\"url\":\"https:\\\/\\\/fuentesfidedignas.com.mx\\\/index.php\\\/author\\\/redaccion\\\/\"}]}<\/script>\n<!-- \/ Yoast SEO plugin. -->","yoast_head_json":{"title":"Presenta Jes\u00fas Ibarra su 3de3; invita a candidatos del Distrito 14 a hacer lo propio - Fuentes Fidedignas","robots":{"index":"index","follow":"follow","max-snippet":"max-snippet:-1","max-image-preview":"max-image-preview:large","max-video-preview":"max-video-preview:-1"},"canonical":"https:\/\/fuentesfidedignas.com.mx\/index.php\/2021\/05\/18\/presenta-jesus-ibarra-su-3de3-invita-a-candidatos-del-distrito-14-a-hacer-lo-propio\/","og_locale":"es_MX","og_type":"article","og_title":"Presenta Jes\u00fas Ibarra su 3de3; invita a candidatos del Distrito 14 a hacer lo propio - Fuentes Fidedignas","og_description":"\u00a0El candidato de MORENA-PAS al Distrito XIV, recalc\u00f3 que, de llegar al Congreso, buscar\u00e1 que la 3de3 sea obligatorio para todos aquellos que quieren ser candidatos o candidatas Culiac\u00e1n, Sin.- Jes\u00fas Ibarra Ramos, candidato a Diputado local del Distrito XIV por MORENA-PAS, refrend\u00f3 su compromiso con la transparencia y rendici\u00f3n de cuentas al presentar su [&hellip;]","og_url":"https:\/\/fuentesfidedignas.com.mx\/index.php\/2021\/05\/18\/presenta-jesus-ibarra-su-3de3-invita-a-candidatos-del-distrito-14-a-hacer-lo-propio\/","og_site_name":"Fuentes Fidedignas","article_publisher":"https:\/\/www.facebook.com\/Fuentes-Fidedignas-368234489921644","article_published_time":"2021-05-18T19:59:07+00:00","article_modified_time":"2021-05-18T19:59:10+00:00","og_image":[{"width":1600,"height":1200,"url":"https:\/\/fuentesfidedignas.com.mx\/wp-content\/uploads\/2021\/05\/IMG-20210518-WA0024.jpg","type":"image\/jpeg"}],"author":"Redacci\u00f3n","twitter_card":"summary_large_image","twitter_creator":"@fidedignas","twitter_site":"@fidedignas","twitter_misc":{"Escrito por":"Redacci\u00f3n","Tiempo de lectura":"3 minutos"},"schema":{"@context":"https:\/\/schema.org","@graph":[{"@type":"Article","@id":"https:\/\/fuentesfidedignas.com.mx\/index.php\/2021\/05\/18\/presenta-jesus-ibarra-su-3de3-invita-a-candidatos-del-distrito-14-a-hacer-lo-propio\/#article","isPartOf":{"@id":"https:\/\/fuentesfidedignas.com.mx\/index.php\/2021\/05\/18\/presenta-jesus-ibarra-su-3de3-invita-a-candidatos-del-distrito-14-a-hacer-lo-propio\/"},"author":{"name":"Redacci\u00f3n","@id":"https:\/\/fuentesfidedignas.com.mx\/#\/schema\/person\/331be9283d37198e2acd5750279085b0"},"headline":"Presenta Jes\u00fas Ibarra su 3de3; invita a candidatos del Distrito 14 a hacer lo propio","datePublished":"2021-05-18T19:59:07+00:00","dateModified":"2021-05-18T19:59:10+00:00","mainEntityOfPage":{"@id":"https:\/\/fuentesfidedignas.com.mx\/index.php\/2021\/05\/18\/presenta-jesus-ibarra-su-3de3-invita-a-candidatos-del-distrito-14-a-hacer-lo-propio\/"},"wordCount":565,"commentCount":0,"publisher":{"@id":"https:\/\/fuentesfidedignas.com.mx\/#organization"},"image":{"@id":"https:\/\/fuentesfidedignas.com.mx\/index.php\/2021\/05\/18\/presenta-jesus-ibarra-su-3de3-invita-a-candidatos-del-distrito-14-a-hacer-lo-propio\/#primaryimage"},"thumbnailUrl":"https:\/\/fuentesfidedignas.com.mx\/wp-content\/uploads\/2021\/05\/IMG-20210518-WA0024.jpg","keywords":["Elecciones 2021","Jes\u00fas Ibarra","Morena-PAS"],"articleSection":["NOTICIAS LOCALES"],"inLanguage":"es","potentialAction":[{"@type":"CommentAction","name":"Comment","target":["https:\/\/fuentesfidedignas.com.mx\/index.php\/2021\/05\/18\/presenta-jesus-ibarra-su-3de3-invita-a-candidatos-del-distrito-14-a-hacer-lo-propio\/#respond"]}]},{"@type":"WebPage","@id":"https:\/\/fuentesfidedignas.com.mx\/index.php\/2021\/05\/18\/presenta-jesus-ibarra-su-3de3-invita-a-candidatos-del-distrito-14-a-hacer-lo-propio\/","url":"https:\/\/fuentesfidedignas.com.mx\/index.php\/2021\/05\/18\/presenta-jesus-ibarra-su-3de3-invita-a-candidatos-del-distrito-14-a-hacer-lo-propio\/","name":"Presenta Jes\u00fas Ibarra su 3de3; invita a candidatos del Distrito 14 a hacer lo propio - Fuentes Fidedignas","isPartOf":{"@id":"https:\/\/fuentesfidedignas.com.mx\/#website"},"primaryImageOfPage":{"@id":"https:\/\/fuentesfidedignas.com.mx\/index.php\/2021\/05\/18\/presenta-jesus-ibarra-su-3de3-invita-a-candidatos-del-distrito-14-a-hacer-lo-propio\/#primaryimage"},"image":{"@id":"https:\/\/fuentesfidedignas.com.mx\/index.php\/2021\/05\/18\/presenta-jesus-ibarra-su-3de3-invita-a-candidatos-del-distrito-14-a-hacer-lo-propio\/#primaryimage"},"thumbnailUrl":"https:\/\/fuentesfidedignas.com.mx\/wp-content\/uploads\/2021\/05\/IMG-20210518-WA0024.jpg","datePublished":"2021-05-18T19:59:07+00:00","dateModified":"2021-05-18T19:59:10+00:00","breadcrumb":{"@id":"https:\/\/fuentesfidedignas.com.mx\/index.php\/2021\/05\/18\/presenta-jesus-ibarra-su-3de3-invita-a-candidatos-del-distrito-14-a-hacer-lo-propio\/#breadcrumb"},"inLanguage":"es","potentialAction":[{"@type":"ReadAction","target":["https:\/\/fuentesfidedignas.com.mx\/index.php\/2021\/05\/18\/presenta-jesus-ibarra-su-3de3-invita-a-candidatos-del-distrito-14-a-hacer-lo-propio\/"]}]},{"@type":"ImageObject","inLanguage":"es","@id":"https:\/\/fuentesfidedignas.com.mx\/index.php\/2021\/05\/18\/presenta-jesus-ibarra-su-3de3-invita-a-candidatos-del-distrito-14-a-hacer-lo-propio\/#primaryimage","url":"https:\/\/fuentesfidedignas.com.mx\/wp-content\/uploads\/2021\/05\/IMG-20210518-WA0024.jpg","contentUrl":"https:\/\/fuentesfidedignas.com.mx\/wp-content\/uploads\/2021\/05\/IMG-20210518-WA0024.jpg","width":1600,"height":1200},{"@type":"BreadcrumbList","@id":"https:\/\/fuentesfidedignas.com.mx\/index.php\/2021\/05\/18\/presenta-jesus-ibarra-su-3de3-invita-a-candidatos-del-distrito-14-a-hacer-lo-propio\/#breadcrumb","itemListElement":[{"@type":"ListItem","position":1,"name":"Inicio","item":"https:\/\/fuentesfidedignas.com.mx\/"},{"@type":"ListItem","position":2,"name":"Presenta Jes\u00fas Ibarra su 3de3; invita a candidatos del Distrito 14 a hacer lo propio"}]},{"@type":"WebSite","@id":"https:\/\/fuentesfidedignas.com.mx\/#website","url":"https:\/\/fuentesfidedignas.com.mx\/","name":"Fuentes Fidedignas","description":"Otro sitio realizado con WordPress","publisher":{"@id":"https:\/\/fuentesfidedignas.com.mx\/#organization"},"potentialAction":[{"@type":"SearchAction","target":{"@type":"EntryPoint","urlTemplate":"https:\/\/fuentesfidedignas.com.mx\/?s={search_term_string}"},"query-input":{"@type":"PropertyValueSpecification","valueRequired":true,"valueName":"search_term_string"}}],"inLanguage":"es"},{"@type":"Organization","@id":"https:\/\/fuentesfidedignas.com.mx\/#organization","name":"Fuentes Fidedignas","url":"https:\/\/fuentesfidedignas.com.mx\/","logo":{"@type":"ImageObject","inLanguage":"es","@id":"https:\/\/fuentesfidedignas.com.mx\/#\/schema\/logo\/image\/","url":"https:\/\/fuentesfidedignas.com.mx\/wp-content\/uploads\/2021\/04\/logo-retina.png","contentUrl":"https:\/\/fuentesfidedignas.com.mx\/wp-content\/uploads\/2021\/04\/logo-retina.png","width":280,"height":51,"caption":"Fuentes Fidedignas"},"image":{"@id":"https:\/\/fuentesfidedignas.com.mx\/#\/schema\/logo\/image\/"},"sameAs":["https:\/\/www.facebook.com\/Fuentes-Fidedignas-368234489921644","https:\/\/x.com\/fidedignas"]},{"@type":"Person","@id":"https:\/\/fuentesfidedignas.com.mx\/#\/schema\/person\/331be9283d37198e2acd5750279085b0","name":"Redacci\u00f3n","image":{"@type":"ImageObject","inLanguage":"es","@id":"https:\/\/secure.gravatar.com\/avatar\/f6d8782c11d12b2d4ad3fbb6931aeab5309937a4d6cd2fc9cfaa28a6396a5aec?s=96&d=mm&r=g","url":"https:\/\/secure.gravatar.com\/avatar\/f6d8782c11d12b2d4ad3fbb6931aeab5309937a4d6cd2fc9cfaa28a6396a5aec?s=96&d=mm&r=g","contentUrl":"https:\/\/secure.gravatar.com\/avatar\/f6d8782c11d12b2d4ad3fbb6931aeab5309937a4d6cd2fc9cfaa28a6396a5aec?s=96&d=mm&r=g","caption":"Redacci\u00f3n"},"url":"https:\/\/fuentesfidedignas.com.mx\/index.php\/author\/redaccion\/"}]}},"_links":{"self":[{"href":"https:\/\/fuentesfidedignas.com.mx\/index.php\/wp-json\/wp\/v2\/posts\/2359","targetHints":{"allow":["GET"]}}],"collection":[{"href":"https:\/\/fuentesfidedignas.com.mx\/index.php\/wp-json\/wp\/v2\/posts"}],"about":[{"href":"https:\/\/fuentesfidedignas.com.mx\/index.php\/wp-json\/wp\/v2\/types\/post"}],"author":[{"embeddable":true,"href":"https:\/\/fuentesfidedignas.com.mx\/index.php\/wp-json\/wp\/v2\/users\/4"}],"replies":[{"embeddable":true,"href":"https:\/\/fuentesfidedignas.com.mx\/index.php\/wp-json\/wp\/v2\/comments?post=2359"}],"version-history":[{"count":1,"href":"https:\/\/fuentesfidedignas.com.mx\/index.php\/wp-json\/wp\/v2\/posts\/2359\/revisions"}],"predecessor-version":[{"id":2361,"href":"https:\/\/fuentesfidedignas.com.mx\/index.php\/wp-json\/wp\/v2\/posts\/2359\/revisions\/2361"}],"wp:featuredmedia":[{"embeddable":true,"href":"https:\/\/fuentesfidedignas.com.mx\/index.php\/wp-json\/wp\/v2\/media\/2360"}],"wp:attachment":[{"href":"https:\/\/fuentesfidedignas.com.mx\/index.php\/wp-json\/wp\/v2\/media?parent=2359"}],"wp:term":[{"taxonomy":"category","embeddable":true,"href":"https:\/\/fuentesfidedignas.com.mx\/index.php\/wp-json\/wp\/v2\/categories?post=2359"},{"taxonomy":"post_tag","embeddable":true,"href":"https:\/\/fuentesfidedignas.com.mx\/index.php\/wp-json\/wp\/v2\/tags?post=2359"}],"curies":[{"name":"wp","href":"https:\/\/api.w.org\/{rel}","templated":true}]}}