{"id":23587,"date":"2022-02-08T14:22:35","date_gmt":"2022-02-08T21:22:35","guid":{"rendered":"https:\/\/fuentesfidedignas.com.mx\/?p=23587"},"modified":"2022-02-08T14:23:08","modified_gmt":"2022-02-08T21:23:08","slug":"suprema-corte-determina-que-estados-si-pueden-obligar-el-uso-de-cubrebocas","status":"publish","type":"post","link":"https:\/\/fuentesfidedignas.com.mx\/index.php\/2022\/02\/08\/suprema-corte-determina-que-estados-si-pueden-obligar-el-uso-de-cubrebocas\/","title":{"rendered":"Suprema Corte determina que estados s\u00ed pueden obligar el uso de cubrebocas"},"content":{"rendered":"\n<p><strong><em>La Suprema Corte determin\u00f3 que los estados s\u00ed pueden obligar el uso de cubrebocas durante la emergencia sanitaria, pero debatir\u00e1 las sanciones<\/em><\/strong><\/p>\n\n\n\n<p>Ciudad de M\u00e9xico. La Suprema Corte de Justicia de la Naci\u00f3n (SCJN) determin\u00f3 que los gobiernos estatales s\u00ed pueden obligar a sus habitantes a utilizar el cubrebocas mientras se est\u00e9 en emergencia sanitaria.<\/p>\n\n\n\n<p>En sesi\u00f3n los ministros del Pleno de la SCJN discutieron la Ley Estatal de Salud de Nuevo Le\u00f3n que establece el uso obligatorio de cubrebocas durante cualquier contingencia sanitaria.<\/p>\n\n\n\n<p>Tras la publicaci\u00f3n de la Ley la Comisi\u00f3n Nacional de Derechos Humanos (CNDH) present\u00f3 una acci\u00f3n de inconstitucionalidad por considerar que los congresos estatales no est\u00e1n facultados para legislar sobre temas de salubridad, que son competencia de la federaci\u00f3n.<\/p>\n\n\n\n<p>Los ministros de la Suprema Corte concluyeron que los estados s\u00ed pueden legislar en la materia, sin embargo, continuar\u00e1n el debate sobre las sanciones por incumplir el uso de cubrebocas.<\/p>\n","protected":false},"excerpt":{"rendered":"<p>La Suprema Corte determin\u00f3 que los estados s\u00ed pueden obligar el uso de cubrebocas durante la emergencia sanitaria, pero debatir\u00e1 las sanciones Ciudad de M\u00e9xico. La Suprema Corte de Justicia de la Naci\u00f3n (SCJN) determin\u00f3 que los gobiernos estatales s\u00ed pueden obligar a sus habitantes a utilizar el cubrebocas mientras se est\u00e9 en emergencia sanitaria. [&hellip;]<\/p>\n","protected":false},"author":39,"featured_media":23589,"comment_status":"open","ping_status":"open","sticky":false,"template":"","format":"standard","meta":{"tdm_status":"","tdm_grid_status":"","footnotes":""},"categories":[39],"tags":[],"class_list":{"0":"post-23587","1":"post","2":"type-post","3":"status-publish","4":"format-standard","5":"has-post-thumbnail","7":"category-noticias-nacionales"},"yoast_head":"<!-- This site is optimized with the Yoast SEO plugin v27.5 - https:\/\/yoast.com\/product\/yoast-seo-wordpress\/ -->\n<title>Suprema Corte determina que estados s\u00ed pueden obligar el uso de cubrebocas - Fuentes Fidedignas<\/title>\n<meta name=\"robots\" content=\"index, follow, max-snippet:-1, max-image-preview:large, max-video-preview:-1\" \/>\n<link rel=\"canonical\" href=\"https:\/\/fuentesfidedignas.com.mx\/index.php\/2022\/02\/08\/suprema-corte-determina-que-estados-si-pueden-obligar-el-uso-de-cubrebocas\/\" \/>\n<meta property=\"og:locale\" content=\"es_MX\" \/>\n<meta property=\"og:type\" content=\"article\" \/>\n<meta property=\"og:title\" content=\"Suprema Corte determina que estados s\u00ed pueden obligar el uso de cubrebocas - Fuentes Fidedignas\" \/>\n<meta property=\"og:description\" content=\"La Suprema Corte determin\u00f3 que los estados s\u00ed pueden obligar el uso de cubrebocas durante la emergencia sanitaria, pero debatir\u00e1 las sanciones Ciudad de M\u00e9xico. La Suprema Corte de Justicia de la Naci\u00f3n (SCJN) determin\u00f3 que los gobiernos estatales s\u00ed pueden obligar a sus habitantes a utilizar el cubrebocas mientras se est\u00e9 en emergencia sanitaria. [&hellip;]\" \/>\n<meta property=\"og:url\" content=\"https:\/\/fuentesfidedignas.com.mx\/index.php\/2022\/02\/08\/suprema-corte-determina-que-estados-si-pueden-obligar-el-uso-de-cubrebocas\/\" \/>\n<meta property=\"og:site_name\" content=\"Fuentes Fidedignas\" \/>\n<meta property=\"article:publisher\" content=\"https:\/\/www.facebook.com\/Fuentes-Fidedignas-368234489921644\" \/>\n<meta property=\"article:published_time\" content=\"2022-02-08T21:22:35+00:00\" \/>\n<meta property=\"article:modified_time\" content=\"2022-02-08T21:23:08+00:00\" \/>\n<meta property=\"og:image\" content=\"https:\/\/fuentesfidedignas.com.mx\/wp-content\/uploads\/2022\/02\/mexicanos-durante-pandemia-de-covid-19-1024x576.jpg\" \/>\n\t<meta property=\"og:image:width\" content=\"1024\" \/>\n\t<meta property=\"og:image:height\" content=\"576\" \/>\n\t<meta property=\"og:image:type\" content=\"image\/jpeg\" \/>\n<meta name=\"author\" content=\"El Universal\" \/>\n<meta name=\"twitter:card\" content=\"summary_large_image\" \/>\n<meta name=\"twitter:creator\" content=\"@fidedignas\" \/>\n<meta name=\"twitter:site\" content=\"@fidedignas\" \/>\n<meta name=\"twitter:label1\" content=\"Escrito por\" \/>\n\t<meta name=\"twitter:data1\" content=\"El Universal\" \/>\n\t<meta name=\"twitter:label2\" content=\"Tiempo de lectura\" \/>\n\t<meta name=\"twitter:data2\" content=\"1 minuto\" \/>\n<script type=\"application\/ld+json\" class=\"yoast-schema-graph\">{\"@context\":\"https:\\\/\\\/schema.org\",\"@graph\":[{\"@type\":\"Article\",\"@id\":\"https:\\\/\\\/fuentesfidedignas.com.mx\\\/index.php\\\/2022\\\/02\\\/08\\\/suprema-corte-determina-que-estados-si-pueden-obligar-el-uso-de-cubrebocas\\\/#article\",\"isPartOf\":{\"@id\":\"https:\\\/\\\/fuentesfidedignas.com.mx\\\/index.php\\\/2022\\\/02\\\/08\\\/suprema-corte-determina-que-estados-si-pueden-obligar-el-uso-de-cubrebocas\\\/\"},\"author\":{\"name\":\"El Universal\",\"@id\":\"https:\\\/\\\/fuentesfidedignas.com.mx\\\/#\\\/schema\\\/person\\\/fee3882e65fd0510d292c43a346d35d7\"},\"headline\":\"Suprema Corte determina que estados s\u00ed pueden obligar el uso de cubrebocas\",\"datePublished\":\"2022-02-08T21:22:35+00:00\",\"dateModified\":\"2022-02-08T21:23:08+00:00\",\"mainEntityOfPage\":{\"@id\":\"https:\\\/\\\/fuentesfidedignas.com.mx\\\/index.php\\\/2022\\\/02\\\/08\\\/suprema-corte-determina-que-estados-si-pueden-obligar-el-uso-de-cubrebocas\\\/\"},\"wordCount\":175,\"commentCount\":0,\"publisher\":{\"@id\":\"https:\\\/\\\/fuentesfidedignas.com.mx\\\/#organization\"},\"image\":{\"@id\":\"https:\\\/\\\/fuentesfidedignas.com.mx\\\/index.php\\\/2022\\\/02\\\/08\\\/suprema-corte-determina-que-estados-si-pueden-obligar-el-uso-de-cubrebocas\\\/#primaryimage\"},\"thumbnailUrl\":\"https:\\\/\\\/fuentesfidedignas.com.mx\\\/wp-content\\\/uploads\\\/2022\\\/02\\\/mexicanos-durante-pandemia-de-covid-19.jpg\",\"articleSection\":[\"NOTICIAS NACIONALES\"],\"inLanguage\":\"es\",\"potentialAction\":[{\"@type\":\"CommentAction\",\"name\":\"Comment\",\"target\":[\"https:\\\/\\\/fuentesfidedignas.com.mx\\\/index.php\\\/2022\\\/02\\\/08\\\/suprema-corte-determina-que-estados-si-pueden-obligar-el-uso-de-cubrebocas\\\/#respond\"]}]},{\"@type\":\"WebPage\",\"@id\":\"https:\\\/\\\/fuentesfidedignas.com.mx\\\/index.php\\\/2022\\\/02\\\/08\\\/suprema-corte-determina-que-estados-si-pueden-obligar-el-uso-de-cubrebocas\\\/\",\"url\":\"https:\\\/\\\/fuentesfidedignas.com.mx\\\/index.php\\\/2022\\\/02\\\/08\\\/suprema-corte-determina-que-estados-si-pueden-obligar-el-uso-de-cubrebocas\\\/\",\"name\":\"Suprema Corte determina que estados s\u00ed pueden obligar el uso de cubrebocas - Fuentes Fidedignas\",\"isPartOf\":{\"@id\":\"https:\\\/\\\/fuentesfidedignas.com.mx\\\/#website\"},\"primaryImageOfPage\":{\"@id\":\"https:\\\/\\\/fuentesfidedignas.com.mx\\\/index.php\\\/2022\\\/02\\\/08\\\/suprema-corte-determina-que-estados-si-pueden-obligar-el-uso-de-cubrebocas\\\/#primaryimage\"},\"image\":{\"@id\":\"https:\\\/\\\/fuentesfidedignas.com.mx\\\/index.php\\\/2022\\\/02\\\/08\\\/suprema-corte-determina-que-estados-si-pueden-obligar-el-uso-de-cubrebocas\\\/#primaryimage\"},\"thumbnailUrl\":\"https:\\\/\\\/fuentesfidedignas.com.mx\\\/wp-content\\\/uploads\\\/2022\\\/02\\\/mexicanos-durante-pandemia-de-covid-19.jpg\",\"datePublished\":\"2022-02-08T21:22:35+00:00\",\"dateModified\":\"2022-02-08T21:23:08+00:00\",\"breadcrumb\":{\"@id\":\"https:\\\/\\\/fuentesfidedignas.com.mx\\\/index.php\\\/2022\\\/02\\\/08\\\/suprema-corte-determina-que-estados-si-pueden-obligar-el-uso-de-cubrebocas\\\/#breadcrumb\"},\"inLanguage\":\"es\",\"potentialAction\":[{\"@type\":\"ReadAction\",\"target\":[\"https:\\\/\\\/fuentesfidedignas.com.mx\\\/index.php\\\/2022\\\/02\\\/08\\\/suprema-corte-determina-que-estados-si-pueden-obligar-el-uso-de-cubrebocas\\\/\"]}]},{\"@type\":\"ImageObject\",\"inLanguage\":\"es\",\"@id\":\"https:\\\/\\\/fuentesfidedignas.com.mx\\\/index.php\\\/2022\\\/02\\\/08\\\/suprema-corte-determina-que-estados-si-pueden-obligar-el-uso-de-cubrebocas\\\/#primaryimage\",\"url\":\"https:\\\/\\\/fuentesfidedignas.com.mx\\\/wp-content\\\/uploads\\\/2022\\\/02\\\/mexicanos-durante-pandemia-de-covid-19.jpg\",\"contentUrl\":\"https:\\\/\\\/fuentesfidedignas.com.mx\\\/wp-content\\\/uploads\\\/2022\\\/02\\\/mexicanos-durante-pandemia-de-covid-19.jpg\",\"width\":1920,\"height\":1080},{\"@type\":\"BreadcrumbList\",\"@id\":\"https:\\\/\\\/fuentesfidedignas.com.mx\\\/index.php\\\/2022\\\/02\\\/08\\\/suprema-corte-determina-que-estados-si-pueden-obligar-el-uso-de-cubrebocas\\\/#breadcrumb\",\"itemListElement\":[{\"@type\":\"ListItem\",\"position\":1,\"name\":\"Inicio\",\"item\":\"https:\\\/\\\/fuentesfidedignas.com.mx\\\/\"},{\"@type\":\"ListItem\",\"position\":2,\"name\":\"Suprema Corte determina que estados s\u00ed pueden obligar el uso de cubrebocas\"}]},{\"@type\":\"WebSite\",\"@id\":\"https:\\\/\\\/fuentesfidedignas.com.mx\\\/#website\",\"url\":\"https:\\\/\\\/fuentesfidedignas.com.mx\\\/\",\"name\":\"Fuentes Fidedignas\",\"description\":\"Otro sitio realizado con WordPress\",\"publisher\":{\"@id\":\"https:\\\/\\\/fuentesfidedignas.com.mx\\\/#organization\"},\"potentialAction\":[{\"@type\":\"SearchAction\",\"target\":{\"@type\":\"EntryPoint\",\"urlTemplate\":\"https:\\\/\\\/fuentesfidedignas.com.mx\\\/?s={search_term_string}\"},\"query-input\":{\"@type\":\"PropertyValueSpecification\",\"valueRequired\":true,\"valueName\":\"search_term_string\"}}],\"inLanguage\":\"es\"},{\"@type\":\"Organization\",\"@id\":\"https:\\\/\\\/fuentesfidedignas.com.mx\\\/#organization\",\"name\":\"Fuentes Fidedignas\",\"url\":\"https:\\\/\\\/fuentesfidedignas.com.mx\\\/\",\"logo\":{\"@type\":\"ImageObject\",\"inLanguage\":\"es\",\"@id\":\"https:\\\/\\\/fuentesfidedignas.com.mx\\\/#\\\/schema\\\/logo\\\/image\\\/\",\"url\":\"https:\\\/\\\/fuentesfidedignas.com.mx\\\/wp-content\\\/uploads\\\/2021\\\/04\\\/logo-retina.png\",\"contentUrl\":\"https:\\\/\\\/fuentesfidedignas.com.mx\\\/wp-content\\\/uploads\\\/2021\\\/04\\\/logo-retina.png\",\"width\":280,\"height\":51,\"caption\":\"Fuentes Fidedignas\"},\"image\":{\"@id\":\"https:\\\/\\\/fuentesfidedignas.com.mx\\\/#\\\/schema\\\/logo\\\/image\\\/\"},\"sameAs\":[\"https:\\\/\\\/www.facebook.com\\\/Fuentes-Fidedignas-368234489921644\",\"https:\\\/\\\/x.com\\\/fidedignas\"]},{\"@type\":\"Person\",\"@id\":\"https:\\\/\\\/fuentesfidedignas.com.mx\\\/#\\\/schema\\\/person\\\/fee3882e65fd0510d292c43a346d35d7\",\"name\":\"El Universal\",\"image\":{\"@type\":\"ImageObject\",\"inLanguage\":\"es\",\"@id\":\"https:\\\/\\\/secure.gravatar.com\\\/avatar\\\/1ebc94d82b6c3c081781f73e5b76a0d0c1ac7bf8e57426f18802246eeaa2747c?s=96&d=mm&r=g\",\"url\":\"https:\\\/\\\/secure.gravatar.com\\\/avatar\\\/1ebc94d82b6c3c081781f73e5b76a0d0c1ac7bf8e57426f18802246eeaa2747c?s=96&d=mm&r=g\",\"contentUrl\":\"https:\\\/\\\/secure.gravatar.com\\\/avatar\\\/1ebc94d82b6c3c081781f73e5b76a0d0c1ac7bf8e57426f18802246eeaa2747c?s=96&d=mm&r=g\",\"caption\":\"El Universal\"},\"url\":\"https:\\\/\\\/fuentesfidedignas.com.mx\\\/index.php\\\/author\\\/el-universal\\\/\"}]}<\/script>\n<!-- \/ Yoast SEO plugin. -->","yoast_head_json":{"title":"Suprema Corte determina que estados s\u00ed pueden obligar el uso de cubrebocas - Fuentes Fidedignas","robots":{"index":"index","follow":"follow","max-snippet":"max-snippet:-1","max-image-preview":"max-image-preview:large","max-video-preview":"max-video-preview:-1"},"canonical":"https:\/\/fuentesfidedignas.com.mx\/index.php\/2022\/02\/08\/suprema-corte-determina-que-estados-si-pueden-obligar-el-uso-de-cubrebocas\/","og_locale":"es_MX","og_type":"article","og_title":"Suprema Corte determina que estados s\u00ed pueden obligar el uso de cubrebocas - Fuentes Fidedignas","og_description":"La Suprema Corte determin\u00f3 que los estados s\u00ed pueden obligar el uso de cubrebocas durante la emergencia sanitaria, pero debatir\u00e1 las sanciones Ciudad de M\u00e9xico. La Suprema Corte de Justicia de la Naci\u00f3n (SCJN) determin\u00f3 que los gobiernos estatales s\u00ed pueden obligar a sus habitantes a utilizar el cubrebocas mientras se est\u00e9 en emergencia sanitaria. [&hellip;]","og_url":"https:\/\/fuentesfidedignas.com.mx\/index.php\/2022\/02\/08\/suprema-corte-determina-que-estados-si-pueden-obligar-el-uso-de-cubrebocas\/","og_site_name":"Fuentes Fidedignas","article_publisher":"https:\/\/www.facebook.com\/Fuentes-Fidedignas-368234489921644","article_published_time":"2022-02-08T21:22:35+00:00","article_modified_time":"2022-02-08T21:23:08+00:00","og_image":[{"width":1024,"height":576,"url":"https:\/\/fuentesfidedignas.com.mx\/wp-content\/uploads\/2022\/02\/mexicanos-durante-pandemia-de-covid-19-1024x576.jpg","type":"image\/jpeg"}],"author":"El Universal","twitter_card":"summary_large_image","twitter_creator":"@fidedignas","twitter_site":"@fidedignas","twitter_misc":{"Escrito por":"El Universal","Tiempo de lectura":"1 minuto"},"schema":{"@context":"https:\/\/schema.org","@graph":[{"@type":"Article","@id":"https:\/\/fuentesfidedignas.com.mx\/index.php\/2022\/02\/08\/suprema-corte-determina-que-estados-si-pueden-obligar-el-uso-de-cubrebocas\/#article","isPartOf":{"@id":"https:\/\/fuentesfidedignas.com.mx\/index.php\/2022\/02\/08\/suprema-corte-determina-que-estados-si-pueden-obligar-el-uso-de-cubrebocas\/"},"author":{"name":"El Universal","@id":"https:\/\/fuentesfidedignas.com.mx\/#\/schema\/person\/fee3882e65fd0510d292c43a346d35d7"},"headline":"Suprema Corte determina que estados s\u00ed pueden obligar el uso de cubrebocas","datePublished":"2022-02-08T21:22:35+00:00","dateModified":"2022-02-08T21:23:08+00:00","mainEntityOfPage":{"@id":"https:\/\/fuentesfidedignas.com.mx\/index.php\/2022\/02\/08\/suprema-corte-determina-que-estados-si-pueden-obligar-el-uso-de-cubrebocas\/"},"wordCount":175,"commentCount":0,"publisher":{"@id":"https:\/\/fuentesfidedignas.com.mx\/#organization"},"image":{"@id":"https:\/\/fuentesfidedignas.com.mx\/index.php\/2022\/02\/08\/suprema-corte-determina-que-estados-si-pueden-obligar-el-uso-de-cubrebocas\/#primaryimage"},"thumbnailUrl":"https:\/\/fuentesfidedignas.com.mx\/wp-content\/uploads\/2022\/02\/mexicanos-durante-pandemia-de-covid-19.jpg","articleSection":["NOTICIAS NACIONALES"],"inLanguage":"es","potentialAction":[{"@type":"CommentAction","name":"Comment","target":["https:\/\/fuentesfidedignas.com.mx\/index.php\/2022\/02\/08\/suprema-corte-determina-que-estados-si-pueden-obligar-el-uso-de-cubrebocas\/#respond"]}]},{"@type":"WebPage","@id":"https:\/\/fuentesfidedignas.com.mx\/index.php\/2022\/02\/08\/suprema-corte-determina-que-estados-si-pueden-obligar-el-uso-de-cubrebocas\/","url":"https:\/\/fuentesfidedignas.com.mx\/index.php\/2022\/02\/08\/suprema-corte-determina-que-estados-si-pueden-obligar-el-uso-de-cubrebocas\/","name":"Suprema Corte determina que estados s\u00ed pueden obligar el uso de cubrebocas - Fuentes Fidedignas","isPartOf":{"@id":"https:\/\/fuentesfidedignas.com.mx\/#website"},"primaryImageOfPage":{"@id":"https:\/\/fuentesfidedignas.com.mx\/index.php\/2022\/02\/08\/suprema-corte-determina-que-estados-si-pueden-obligar-el-uso-de-cubrebocas\/#primaryimage"},"image":{"@id":"https:\/\/fuentesfidedignas.com.mx\/index.php\/2022\/02\/08\/suprema-corte-determina-que-estados-si-pueden-obligar-el-uso-de-cubrebocas\/#primaryimage"},"thumbnailUrl":"https:\/\/fuentesfidedignas.com.mx\/wp-content\/uploads\/2022\/02\/mexicanos-durante-pandemia-de-covid-19.jpg","datePublished":"2022-02-08T21:22:35+00:00","dateModified":"2022-02-08T21:23:08+00:00","breadcrumb":{"@id":"https:\/\/fuentesfidedignas.com.mx\/index.php\/2022\/02\/08\/suprema-corte-determina-que-estados-si-pueden-obligar-el-uso-de-cubrebocas\/#breadcrumb"},"inLanguage":"es","potentialAction":[{"@type":"ReadAction","target":["https:\/\/fuentesfidedignas.com.mx\/index.php\/2022\/02\/08\/suprema-corte-determina-que-estados-si-pueden-obligar-el-uso-de-cubrebocas\/"]}]},{"@type":"ImageObject","inLanguage":"es","@id":"https:\/\/fuentesfidedignas.com.mx\/index.php\/2022\/02\/08\/suprema-corte-determina-que-estados-si-pueden-obligar-el-uso-de-cubrebocas\/#primaryimage","url":"https:\/\/fuentesfidedignas.com.mx\/wp-content\/uploads\/2022\/02\/mexicanos-durante-pandemia-de-covid-19.jpg","contentUrl":"https:\/\/fuentesfidedignas.com.mx\/wp-content\/uploads\/2022\/02\/mexicanos-durante-pandemia-de-covid-19.jpg","width":1920,"height":1080},{"@type":"BreadcrumbList","@id":"https:\/\/fuentesfidedignas.com.mx\/index.php\/2022\/02\/08\/suprema-corte-determina-que-estados-si-pueden-obligar-el-uso-de-cubrebocas\/#breadcrumb","itemListElement":[{"@type":"ListItem","position":1,"name":"Inicio","item":"https:\/\/fuentesfidedignas.com.mx\/"},{"@type":"ListItem","position":2,"name":"Suprema Corte determina que estados s\u00ed pueden obligar el uso de cubrebocas"}]},{"@type":"WebSite","@id":"https:\/\/fuentesfidedignas.com.mx\/#website","url":"https:\/\/fuentesfidedignas.com.mx\/","name":"Fuentes Fidedignas","description":"Otro sitio realizado con WordPress","publisher":{"@id":"https:\/\/fuentesfidedignas.com.mx\/#organization"},"potentialAction":[{"@type":"SearchAction","target":{"@type":"EntryPoint","urlTemplate":"https:\/\/fuentesfidedignas.com.mx\/?s={search_term_string}"},"query-input":{"@type":"PropertyValueSpecification","valueRequired":true,"valueName":"search_term_string"}}],"inLanguage":"es"},{"@type":"Organization","@id":"https:\/\/fuentesfidedignas.com.mx\/#organization","name":"Fuentes Fidedignas","url":"https:\/\/fuentesfidedignas.com.mx\/","logo":{"@type":"ImageObject","inLanguage":"es","@id":"https:\/\/fuentesfidedignas.com.mx\/#\/schema\/logo\/image\/","url":"https:\/\/fuentesfidedignas.com.mx\/wp-content\/uploads\/2021\/04\/logo-retina.png","contentUrl":"https:\/\/fuentesfidedignas.com.mx\/wp-content\/uploads\/2021\/04\/logo-retina.png","width":280,"height":51,"caption":"Fuentes Fidedignas"},"image":{"@id":"https:\/\/fuentesfidedignas.com.mx\/#\/schema\/logo\/image\/"},"sameAs":["https:\/\/www.facebook.com\/Fuentes-Fidedignas-368234489921644","https:\/\/x.com\/fidedignas"]},{"@type":"Person","@id":"https:\/\/fuentesfidedignas.com.mx\/#\/schema\/person\/fee3882e65fd0510d292c43a346d35d7","name":"El Universal","image":{"@type":"ImageObject","inLanguage":"es","@id":"https:\/\/secure.gravatar.com\/avatar\/1ebc94d82b6c3c081781f73e5b76a0d0c1ac7bf8e57426f18802246eeaa2747c?s=96&d=mm&r=g","url":"https:\/\/secure.gravatar.com\/avatar\/1ebc94d82b6c3c081781f73e5b76a0d0c1ac7bf8e57426f18802246eeaa2747c?s=96&d=mm&r=g","contentUrl":"https:\/\/secure.gravatar.com\/avatar\/1ebc94d82b6c3c081781f73e5b76a0d0c1ac7bf8e57426f18802246eeaa2747c?s=96&d=mm&r=g","caption":"El Universal"},"url":"https:\/\/fuentesfidedignas.com.mx\/index.php\/author\/el-universal\/"}]}},"_links":{"self":[{"href":"https:\/\/fuentesfidedignas.com.mx\/index.php\/wp-json\/wp\/v2\/posts\/23587","targetHints":{"allow":["GET"]}}],"collection":[{"href":"https:\/\/fuentesfidedignas.com.mx\/index.php\/wp-json\/wp\/v2\/posts"}],"about":[{"href":"https:\/\/fuentesfidedignas.com.mx\/index.php\/wp-json\/wp\/v2\/types\/post"}],"author":[{"embeddable":true,"href":"https:\/\/fuentesfidedignas.com.mx\/index.php\/wp-json\/wp\/v2\/users\/39"}],"replies":[{"embeddable":true,"href":"https:\/\/fuentesfidedignas.com.mx\/index.php\/wp-json\/wp\/v2\/comments?post=23587"}],"version-history":[{"count":1,"href":"https:\/\/fuentesfidedignas.com.mx\/index.php\/wp-json\/wp\/v2\/posts\/23587\/revisions"}],"predecessor-version":[{"id":23588,"href":"https:\/\/fuentesfidedignas.com.mx\/index.php\/wp-json\/wp\/v2\/posts\/23587\/revisions\/23588"}],"wp:featuredmedia":[{"embeddable":true,"href":"https:\/\/fuentesfidedignas.com.mx\/index.php\/wp-json\/wp\/v2\/media\/23589"}],"wp:attachment":[{"href":"https:\/\/fuentesfidedignas.com.mx\/index.php\/wp-json\/wp\/v2\/media?parent=23587"}],"wp:term":[{"taxonomy":"category","embeddable":true,"href":"https:\/\/fuentesfidedignas.com.mx\/index.php\/wp-json\/wp\/v2\/categories?post=23587"},{"taxonomy":"post_tag","embeddable":true,"href":"https:\/\/fuentesfidedignas.com.mx\/index.php\/wp-json\/wp\/v2\/tags?post=23587"}],"curies":[{"name":"wp","href":"https:\/\/api.w.org\/{rel}","templated":true}]}}