{"id":23574,"date":"2022-02-08T13:26:51","date_gmt":"2022-02-08T20:26:51","guid":{"rendered":"https:\/\/fuentesfidedignas.com.mx\/?p=23574"},"modified":"2022-02-08T13:42:42","modified_gmt":"2022-02-08T20:42:42","slug":"escuelas-agotan-espacios-en-segunda-etapa-de-preinscripciones-en-linea","status":"publish","type":"post","link":"https:\/\/fuentesfidedignas.com.mx\/index.php\/2022\/02\/08\/escuelas-agotan-espacios-en-segunda-etapa-de-preinscripciones-en-linea\/","title":{"rendered":"Escuelas agotan espacios en segunda etapa de Preinscripciones en L\u00ednea"},"content":{"rendered":"\n<p><br>\u2022 <strong><em>Al corte de las 12:00 horas, 56 escuelas de educaci\u00f3n b\u00e1sica agotaron sus espacios<\/em><\/strong><\/p>\n\n\n\n<p>Culiac\u00e1n, Sin.- Poco m\u00e1s de 30 mil registros de alumnos de nuevo ingreso a educaci\u00f3n b\u00e1sica, se realizaron durante las primeras horas de la segunda etapa de las Preinscripciones en L\u00ednea, y 56 escuelas de todo el estado agotaron sus cupos, dio a conocer la subsecretaria de Planeaci\u00f3n Educativa, Catalina Esparza Navarrete.<\/p>\n\n\n\n<p>Mencion\u00f3 que esta etapa de Cercan\u00eda, comprendida del 8 al 11 de febrero, va dirigida a aquellos alumnos que vivan cerca del plantel educativo (preescolar, primaria o secundaria), o la escuela est\u00e9 cerca del centro de trabajo del padre, madre o tutor.<\/p>\n\n\n\n<p>Esparza Navarrete destac\u00f3 que ha tenido muy buena demanda este d\u00eda, pues en la primera hora de apertura de la plataforma ya se contaba con 20 mil 519 preinscripciones.<\/p>\n\n\n\n<p>Al corte de las 12 horas se registraron 30 mil 047 preinscripciones, de las cuales un mil 063 son para primero de preescolar; 7 mil 773 para segundo de preescolar; 7 mil 724 para alumnos de nuevo ingreso a primaria, es decir, primer grado y, 13 mil 487 para primero de secundaria.<\/p>\n\n\n\n<p>En la primera etapa se preinscribieron un total de 11 mil 401 alumnos, y sumados con los de esta segunda etapa al corte de las 12 horas, va un total de 41 mil 448 preinscripciones.<\/p>\n\n\n\n<p>La subsecretaria de Planeaci\u00f3n Educativa hizo un llamado a la poblaci\u00f3n a que registren en la escuela a sus hijos e hijas, \u201cque ning\u00fan ni\u00f1o se quede fuera, tenemos espacio para todos los alumnos y decirles que en el sistema educativo estatal todas las escuelas estamos en b\u00fasqueda de la calidad\u201d.<\/p>\n\n\n\n<p>La plataforma preinscripcionessinaloa.gob.mx se encuentra disponible para que el padre, madre o tutor realice en l\u00ednea el tr\u00e1mite y en caso de registrarse alguna inconformidad o incidencia, el centro de atenci\u00f3n telef\u00f3nica 667 846 4240 tiene un horario de atenci\u00f3n de lunes a viernes de 8:00 a 15:00 horas o bien, en las unidades de apoyo que en los 18 municipios; en Culiac\u00e1n la tenci\u00f3n se brinda en las oficinas de la SEPyC en horario de oficina.<\/p>\n","protected":false},"excerpt":{"rendered":"<p>\u2022 Al corte de las 12:00 horas, 56 escuelas de educaci\u00f3n b\u00e1sica agotaron sus espacios Culiac\u00e1n, Sin.- Poco m\u00e1s de 30 mil registros de alumnos de nuevo ingreso a educaci\u00f3n b\u00e1sica, se realizaron durante las primeras horas de la segunda etapa de las Preinscripciones en L\u00ednea, y 56 escuelas de todo el estado agotaron sus [&hellip;]<\/p>\n","protected":false},"author":4,"featured_media":23579,"comment_status":"open","ping_status":"open","sticky":false,"template":"","format":"standard","meta":{"tdm_status":"","tdm_grid_status":"","footnotes":""},"categories":[37],"tags":[],"class_list":{"0":"post-23574","1":"post","2":"type-post","3":"status-publish","4":"format-standard","5":"has-post-thumbnail","7":"category-nota-principal"},"yoast_head":"<!-- This site is optimized with the Yoast SEO plugin v27.5 - https:\/\/yoast.com\/product\/yoast-seo-wordpress\/ -->\n<title>Escuelas agotan espacios en segunda etapa de Preinscripciones en L\u00ednea - Fuentes Fidedignas<\/title>\n<meta name=\"robots\" content=\"index, follow, max-snippet:-1, max-image-preview:large, max-video-preview:-1\" \/>\n<link rel=\"canonical\" href=\"https:\/\/fuentesfidedignas.com.mx\/index.php\/2022\/02\/08\/escuelas-agotan-espacios-en-segunda-etapa-de-preinscripciones-en-linea\/\" \/>\n<meta property=\"og:locale\" content=\"es_MX\" \/>\n<meta property=\"og:type\" content=\"article\" \/>\n<meta property=\"og:title\" content=\"Escuelas agotan espacios en segunda etapa de Preinscripciones en L\u00ednea - Fuentes Fidedignas\" \/>\n<meta property=\"og:description\" content=\"\u2022 Al corte de las 12:00 horas, 56 escuelas de educaci\u00f3n b\u00e1sica agotaron sus espacios Culiac\u00e1n, Sin.- Poco m\u00e1s de 30 mil registros de alumnos de nuevo ingreso a educaci\u00f3n b\u00e1sica, se realizaron durante las primeras horas de la segunda etapa de las Preinscripciones en L\u00ednea, y 56 escuelas de todo el estado agotaron sus [&hellip;]\" \/>\n<meta property=\"og:url\" content=\"https:\/\/fuentesfidedignas.com.mx\/index.php\/2022\/02\/08\/escuelas-agotan-espacios-en-segunda-etapa-de-preinscripciones-en-linea\/\" \/>\n<meta property=\"og:site_name\" content=\"Fuentes Fidedignas\" \/>\n<meta property=\"article:publisher\" content=\"https:\/\/www.facebook.com\/Fuentes-Fidedignas-368234489921644\" \/>\n<meta property=\"article:published_time\" content=\"2022-02-08T20:26:51+00:00\" \/>\n<meta property=\"article:modified_time\" content=\"2022-02-08T20:42:42+00:00\" \/>\n<meta property=\"og:image\" content=\"https:\/\/fuentesfidedignas.com.mx\/wp-content\/uploads\/2022\/02\/IMG-20220208-WA0022.jpg\" \/>\n\t<meta property=\"og:image:width\" content=\"1024\" \/>\n\t<meta property=\"og:image:height\" content=\"682\" \/>\n\t<meta property=\"og:image:type\" content=\"image\/jpeg\" \/>\n<meta name=\"author\" content=\"Redacci\u00f3n\" \/>\n<meta name=\"twitter:card\" content=\"summary_large_image\" \/>\n<meta name=\"twitter:creator\" content=\"@fidedignas\" \/>\n<meta name=\"twitter:site\" content=\"@fidedignas\" \/>\n<meta name=\"twitter:label1\" content=\"Escrito por\" \/>\n\t<meta name=\"twitter:data1\" content=\"Redacci\u00f3n\" \/>\n\t<meta name=\"twitter:label2\" content=\"Tiempo de lectura\" \/>\n\t<meta name=\"twitter:data2\" content=\"2 minutos\" \/>\n<script type=\"application\/ld+json\" class=\"yoast-schema-graph\">{\"@context\":\"https:\\\/\\\/schema.org\",\"@graph\":[{\"@type\":\"Article\",\"@id\":\"https:\\\/\\\/fuentesfidedignas.com.mx\\\/index.php\\\/2022\\\/02\\\/08\\\/escuelas-agotan-espacios-en-segunda-etapa-de-preinscripciones-en-linea\\\/#article\",\"isPartOf\":{\"@id\":\"https:\\\/\\\/fuentesfidedignas.com.mx\\\/index.php\\\/2022\\\/02\\\/08\\\/escuelas-agotan-espacios-en-segunda-etapa-de-preinscripciones-en-linea\\\/\"},\"author\":{\"name\":\"Redacci\u00f3n\",\"@id\":\"https:\\\/\\\/fuentesfidedignas.com.mx\\\/#\\\/schema\\\/person\\\/331be9283d37198e2acd5750279085b0\"},\"headline\":\"Escuelas agotan espacios en segunda etapa de Preinscripciones en L\u00ednea\",\"datePublished\":\"2022-02-08T20:26:51+00:00\",\"dateModified\":\"2022-02-08T20:42:42+00:00\",\"mainEntityOfPage\":{\"@id\":\"https:\\\/\\\/fuentesfidedignas.com.mx\\\/index.php\\\/2022\\\/02\\\/08\\\/escuelas-agotan-espacios-en-segunda-etapa-de-preinscripciones-en-linea\\\/\"},\"wordCount\":359,\"commentCount\":0,\"publisher\":{\"@id\":\"https:\\\/\\\/fuentesfidedignas.com.mx\\\/#organization\"},\"image\":{\"@id\":\"https:\\\/\\\/fuentesfidedignas.com.mx\\\/index.php\\\/2022\\\/02\\\/08\\\/escuelas-agotan-espacios-en-segunda-etapa-de-preinscripciones-en-linea\\\/#primaryimage\"},\"thumbnailUrl\":\"https:\\\/\\\/fuentesfidedignas.com.mx\\\/wp-content\\\/uploads\\\/2022\\\/02\\\/IMG-20220208-WA0022.jpg\",\"articleSection\":[\"NOTA PRINCIPAL\"],\"inLanguage\":\"es\",\"potentialAction\":[{\"@type\":\"CommentAction\",\"name\":\"Comment\",\"target\":[\"https:\\\/\\\/fuentesfidedignas.com.mx\\\/index.php\\\/2022\\\/02\\\/08\\\/escuelas-agotan-espacios-en-segunda-etapa-de-preinscripciones-en-linea\\\/#respond\"]}]},{\"@type\":\"WebPage\",\"@id\":\"https:\\\/\\\/fuentesfidedignas.com.mx\\\/index.php\\\/2022\\\/02\\\/08\\\/escuelas-agotan-espacios-en-segunda-etapa-de-preinscripciones-en-linea\\\/\",\"url\":\"https:\\\/\\\/fuentesfidedignas.com.mx\\\/index.php\\\/2022\\\/02\\\/08\\\/escuelas-agotan-espacios-en-segunda-etapa-de-preinscripciones-en-linea\\\/\",\"name\":\"Escuelas agotan espacios en segunda etapa de Preinscripciones en L\u00ednea - Fuentes Fidedignas\",\"isPartOf\":{\"@id\":\"https:\\\/\\\/fuentesfidedignas.com.mx\\\/#website\"},\"primaryImageOfPage\":{\"@id\":\"https:\\\/\\\/fuentesfidedignas.com.mx\\\/index.php\\\/2022\\\/02\\\/08\\\/escuelas-agotan-espacios-en-segunda-etapa-de-preinscripciones-en-linea\\\/#primaryimage\"},\"image\":{\"@id\":\"https:\\\/\\\/fuentesfidedignas.com.mx\\\/index.php\\\/2022\\\/02\\\/08\\\/escuelas-agotan-espacios-en-segunda-etapa-de-preinscripciones-en-linea\\\/#primaryimage\"},\"thumbnailUrl\":\"https:\\\/\\\/fuentesfidedignas.com.mx\\\/wp-content\\\/uploads\\\/2022\\\/02\\\/IMG-20220208-WA0022.jpg\",\"datePublished\":\"2022-02-08T20:26:51+00:00\",\"dateModified\":\"2022-02-08T20:42:42+00:00\",\"breadcrumb\":{\"@id\":\"https:\\\/\\\/fuentesfidedignas.com.mx\\\/index.php\\\/2022\\\/02\\\/08\\\/escuelas-agotan-espacios-en-segunda-etapa-de-preinscripciones-en-linea\\\/#breadcrumb\"},\"inLanguage\":\"es\",\"potentialAction\":[{\"@type\":\"ReadAction\",\"target\":[\"https:\\\/\\\/fuentesfidedignas.com.mx\\\/index.php\\\/2022\\\/02\\\/08\\\/escuelas-agotan-espacios-en-segunda-etapa-de-preinscripciones-en-linea\\\/\"]}]},{\"@type\":\"ImageObject\",\"inLanguage\":\"es\",\"@id\":\"https:\\\/\\\/fuentesfidedignas.com.mx\\\/index.php\\\/2022\\\/02\\\/08\\\/escuelas-agotan-espacios-en-segunda-etapa-de-preinscripciones-en-linea\\\/#primaryimage\",\"url\":\"https:\\\/\\\/fuentesfidedignas.com.mx\\\/wp-content\\\/uploads\\\/2022\\\/02\\\/IMG-20220208-WA0022.jpg\",\"contentUrl\":\"https:\\\/\\\/fuentesfidedignas.com.mx\\\/wp-content\\\/uploads\\\/2022\\\/02\\\/IMG-20220208-WA0022.jpg\",\"width\":1024,\"height\":682},{\"@type\":\"BreadcrumbList\",\"@id\":\"https:\\\/\\\/fuentesfidedignas.com.mx\\\/index.php\\\/2022\\\/02\\\/08\\\/escuelas-agotan-espacios-en-segunda-etapa-de-preinscripciones-en-linea\\\/#breadcrumb\",\"itemListElement\":[{\"@type\":\"ListItem\",\"position\":1,\"name\":\"Inicio\",\"item\":\"https:\\\/\\\/fuentesfidedignas.com.mx\\\/\"},{\"@type\":\"ListItem\",\"position\":2,\"name\":\"Escuelas agotan espacios en segunda etapa de Preinscripciones en L\u00ednea\"}]},{\"@type\":\"WebSite\",\"@id\":\"https:\\\/\\\/fuentesfidedignas.com.mx\\\/#website\",\"url\":\"https:\\\/\\\/fuentesfidedignas.com.mx\\\/\",\"name\":\"Fuentes Fidedignas\",\"description\":\"Otro sitio realizado con WordPress\",\"publisher\":{\"@id\":\"https:\\\/\\\/fuentesfidedignas.com.mx\\\/#organization\"},\"potentialAction\":[{\"@type\":\"SearchAction\",\"target\":{\"@type\":\"EntryPoint\",\"urlTemplate\":\"https:\\\/\\\/fuentesfidedignas.com.mx\\\/?s={search_term_string}\"},\"query-input\":{\"@type\":\"PropertyValueSpecification\",\"valueRequired\":true,\"valueName\":\"search_term_string\"}}],\"inLanguage\":\"es\"},{\"@type\":\"Organization\",\"@id\":\"https:\\\/\\\/fuentesfidedignas.com.mx\\\/#organization\",\"name\":\"Fuentes Fidedignas\",\"url\":\"https:\\\/\\\/fuentesfidedignas.com.mx\\\/\",\"logo\":{\"@type\":\"ImageObject\",\"inLanguage\":\"es\",\"@id\":\"https:\\\/\\\/fuentesfidedignas.com.mx\\\/#\\\/schema\\\/logo\\\/image\\\/\",\"url\":\"https:\\\/\\\/fuentesfidedignas.com.mx\\\/wp-content\\\/uploads\\\/2021\\\/04\\\/logo-retina.png\",\"contentUrl\":\"https:\\\/\\\/fuentesfidedignas.com.mx\\\/wp-content\\\/uploads\\\/2021\\\/04\\\/logo-retina.png\",\"width\":280,\"height\":51,\"caption\":\"Fuentes Fidedignas\"},\"image\":{\"@id\":\"https:\\\/\\\/fuentesfidedignas.com.mx\\\/#\\\/schema\\\/logo\\\/image\\\/\"},\"sameAs\":[\"https:\\\/\\\/www.facebook.com\\\/Fuentes-Fidedignas-368234489921644\",\"https:\\\/\\\/x.com\\\/fidedignas\"]},{\"@type\":\"Person\",\"@id\":\"https:\\\/\\\/fuentesfidedignas.com.mx\\\/#\\\/schema\\\/person\\\/331be9283d37198e2acd5750279085b0\",\"name\":\"Redacci\u00f3n\",\"image\":{\"@type\":\"ImageObject\",\"inLanguage\":\"es\",\"@id\":\"https:\\\/\\\/secure.gravatar.com\\\/avatar\\\/f6d8782c11d12b2d4ad3fbb6931aeab5309937a4d6cd2fc9cfaa28a6396a5aec?s=96&d=mm&r=g\",\"url\":\"https:\\\/\\\/secure.gravatar.com\\\/avatar\\\/f6d8782c11d12b2d4ad3fbb6931aeab5309937a4d6cd2fc9cfaa28a6396a5aec?s=96&d=mm&r=g\",\"contentUrl\":\"https:\\\/\\\/secure.gravatar.com\\\/avatar\\\/f6d8782c11d12b2d4ad3fbb6931aeab5309937a4d6cd2fc9cfaa28a6396a5aec?s=96&d=mm&r=g\",\"caption\":\"Redacci\u00f3n\"},\"url\":\"https:\\\/\\\/fuentesfidedignas.com.mx\\\/index.php\\\/author\\\/redaccion\\\/\"}]}<\/script>\n<!-- \/ Yoast SEO plugin. -->","yoast_head_json":{"title":"Escuelas agotan espacios en segunda etapa de Preinscripciones en L\u00ednea - Fuentes Fidedignas","robots":{"index":"index","follow":"follow","max-snippet":"max-snippet:-1","max-image-preview":"max-image-preview:large","max-video-preview":"max-video-preview:-1"},"canonical":"https:\/\/fuentesfidedignas.com.mx\/index.php\/2022\/02\/08\/escuelas-agotan-espacios-en-segunda-etapa-de-preinscripciones-en-linea\/","og_locale":"es_MX","og_type":"article","og_title":"Escuelas agotan espacios en segunda etapa de Preinscripciones en L\u00ednea - Fuentes Fidedignas","og_description":"\u2022 Al corte de las 12:00 horas, 56 escuelas de educaci\u00f3n b\u00e1sica agotaron sus espacios Culiac\u00e1n, Sin.- Poco m\u00e1s de 30 mil registros de alumnos de nuevo ingreso a educaci\u00f3n b\u00e1sica, se realizaron durante las primeras horas de la segunda etapa de las Preinscripciones en L\u00ednea, y 56 escuelas de todo el estado agotaron sus [&hellip;]","og_url":"https:\/\/fuentesfidedignas.com.mx\/index.php\/2022\/02\/08\/escuelas-agotan-espacios-en-segunda-etapa-de-preinscripciones-en-linea\/","og_site_name":"Fuentes Fidedignas","article_publisher":"https:\/\/www.facebook.com\/Fuentes-Fidedignas-368234489921644","article_published_time":"2022-02-08T20:26:51+00:00","article_modified_time":"2022-02-08T20:42:42+00:00","og_image":[{"width":1024,"height":682,"url":"https:\/\/fuentesfidedignas.com.mx\/wp-content\/uploads\/2022\/02\/IMG-20220208-WA0022.jpg","type":"image\/jpeg"}],"author":"Redacci\u00f3n","twitter_card":"summary_large_image","twitter_creator":"@fidedignas","twitter_site":"@fidedignas","twitter_misc":{"Escrito por":"Redacci\u00f3n","Tiempo de lectura":"2 minutos"},"schema":{"@context":"https:\/\/schema.org","@graph":[{"@type":"Article","@id":"https:\/\/fuentesfidedignas.com.mx\/index.php\/2022\/02\/08\/escuelas-agotan-espacios-en-segunda-etapa-de-preinscripciones-en-linea\/#article","isPartOf":{"@id":"https:\/\/fuentesfidedignas.com.mx\/index.php\/2022\/02\/08\/escuelas-agotan-espacios-en-segunda-etapa-de-preinscripciones-en-linea\/"},"author":{"name":"Redacci\u00f3n","@id":"https:\/\/fuentesfidedignas.com.mx\/#\/schema\/person\/331be9283d37198e2acd5750279085b0"},"headline":"Escuelas agotan espacios en segunda etapa de Preinscripciones en L\u00ednea","datePublished":"2022-02-08T20:26:51+00:00","dateModified":"2022-02-08T20:42:42+00:00","mainEntityOfPage":{"@id":"https:\/\/fuentesfidedignas.com.mx\/index.php\/2022\/02\/08\/escuelas-agotan-espacios-en-segunda-etapa-de-preinscripciones-en-linea\/"},"wordCount":359,"commentCount":0,"publisher":{"@id":"https:\/\/fuentesfidedignas.com.mx\/#organization"},"image":{"@id":"https:\/\/fuentesfidedignas.com.mx\/index.php\/2022\/02\/08\/escuelas-agotan-espacios-en-segunda-etapa-de-preinscripciones-en-linea\/#primaryimage"},"thumbnailUrl":"https:\/\/fuentesfidedignas.com.mx\/wp-content\/uploads\/2022\/02\/IMG-20220208-WA0022.jpg","articleSection":["NOTA PRINCIPAL"],"inLanguage":"es","potentialAction":[{"@type":"CommentAction","name":"Comment","target":["https:\/\/fuentesfidedignas.com.mx\/index.php\/2022\/02\/08\/escuelas-agotan-espacios-en-segunda-etapa-de-preinscripciones-en-linea\/#respond"]}]},{"@type":"WebPage","@id":"https:\/\/fuentesfidedignas.com.mx\/index.php\/2022\/02\/08\/escuelas-agotan-espacios-en-segunda-etapa-de-preinscripciones-en-linea\/","url":"https:\/\/fuentesfidedignas.com.mx\/index.php\/2022\/02\/08\/escuelas-agotan-espacios-en-segunda-etapa-de-preinscripciones-en-linea\/","name":"Escuelas agotan espacios en segunda etapa de Preinscripciones en L\u00ednea - Fuentes Fidedignas","isPartOf":{"@id":"https:\/\/fuentesfidedignas.com.mx\/#website"},"primaryImageOfPage":{"@id":"https:\/\/fuentesfidedignas.com.mx\/index.php\/2022\/02\/08\/escuelas-agotan-espacios-en-segunda-etapa-de-preinscripciones-en-linea\/#primaryimage"},"image":{"@id":"https:\/\/fuentesfidedignas.com.mx\/index.php\/2022\/02\/08\/escuelas-agotan-espacios-en-segunda-etapa-de-preinscripciones-en-linea\/#primaryimage"},"thumbnailUrl":"https:\/\/fuentesfidedignas.com.mx\/wp-content\/uploads\/2022\/02\/IMG-20220208-WA0022.jpg","datePublished":"2022-02-08T20:26:51+00:00","dateModified":"2022-02-08T20:42:42+00:00","breadcrumb":{"@id":"https:\/\/fuentesfidedignas.com.mx\/index.php\/2022\/02\/08\/escuelas-agotan-espacios-en-segunda-etapa-de-preinscripciones-en-linea\/#breadcrumb"},"inLanguage":"es","potentialAction":[{"@type":"ReadAction","target":["https:\/\/fuentesfidedignas.com.mx\/index.php\/2022\/02\/08\/escuelas-agotan-espacios-en-segunda-etapa-de-preinscripciones-en-linea\/"]}]},{"@type":"ImageObject","inLanguage":"es","@id":"https:\/\/fuentesfidedignas.com.mx\/index.php\/2022\/02\/08\/escuelas-agotan-espacios-en-segunda-etapa-de-preinscripciones-en-linea\/#primaryimage","url":"https:\/\/fuentesfidedignas.com.mx\/wp-content\/uploads\/2022\/02\/IMG-20220208-WA0022.jpg","contentUrl":"https:\/\/fuentesfidedignas.com.mx\/wp-content\/uploads\/2022\/02\/IMG-20220208-WA0022.jpg","width":1024,"height":682},{"@type":"BreadcrumbList","@id":"https:\/\/fuentesfidedignas.com.mx\/index.php\/2022\/02\/08\/escuelas-agotan-espacios-en-segunda-etapa-de-preinscripciones-en-linea\/#breadcrumb","itemListElement":[{"@type":"ListItem","position":1,"name":"Inicio","item":"https:\/\/fuentesfidedignas.com.mx\/"},{"@type":"ListItem","position":2,"name":"Escuelas agotan espacios en segunda etapa de Preinscripciones en L\u00ednea"}]},{"@type":"WebSite","@id":"https:\/\/fuentesfidedignas.com.mx\/#website","url":"https:\/\/fuentesfidedignas.com.mx\/","name":"Fuentes Fidedignas","description":"Otro sitio realizado con WordPress","publisher":{"@id":"https:\/\/fuentesfidedignas.com.mx\/#organization"},"potentialAction":[{"@type":"SearchAction","target":{"@type":"EntryPoint","urlTemplate":"https:\/\/fuentesfidedignas.com.mx\/?s={search_term_string}"},"query-input":{"@type":"PropertyValueSpecification","valueRequired":true,"valueName":"search_term_string"}}],"inLanguage":"es"},{"@type":"Organization","@id":"https:\/\/fuentesfidedignas.com.mx\/#organization","name":"Fuentes Fidedignas","url":"https:\/\/fuentesfidedignas.com.mx\/","logo":{"@type":"ImageObject","inLanguage":"es","@id":"https:\/\/fuentesfidedignas.com.mx\/#\/schema\/logo\/image\/","url":"https:\/\/fuentesfidedignas.com.mx\/wp-content\/uploads\/2021\/04\/logo-retina.png","contentUrl":"https:\/\/fuentesfidedignas.com.mx\/wp-content\/uploads\/2021\/04\/logo-retina.png","width":280,"height":51,"caption":"Fuentes Fidedignas"},"image":{"@id":"https:\/\/fuentesfidedignas.com.mx\/#\/schema\/logo\/image\/"},"sameAs":["https:\/\/www.facebook.com\/Fuentes-Fidedignas-368234489921644","https:\/\/x.com\/fidedignas"]},{"@type":"Person","@id":"https:\/\/fuentesfidedignas.com.mx\/#\/schema\/person\/331be9283d37198e2acd5750279085b0","name":"Redacci\u00f3n","image":{"@type":"ImageObject","inLanguage":"es","@id":"https:\/\/secure.gravatar.com\/avatar\/f6d8782c11d12b2d4ad3fbb6931aeab5309937a4d6cd2fc9cfaa28a6396a5aec?s=96&d=mm&r=g","url":"https:\/\/secure.gravatar.com\/avatar\/f6d8782c11d12b2d4ad3fbb6931aeab5309937a4d6cd2fc9cfaa28a6396a5aec?s=96&d=mm&r=g","contentUrl":"https:\/\/secure.gravatar.com\/avatar\/f6d8782c11d12b2d4ad3fbb6931aeab5309937a4d6cd2fc9cfaa28a6396a5aec?s=96&d=mm&r=g","caption":"Redacci\u00f3n"},"url":"https:\/\/fuentesfidedignas.com.mx\/index.php\/author\/redaccion\/"}]}},"_links":{"self":[{"href":"https:\/\/fuentesfidedignas.com.mx\/index.php\/wp-json\/wp\/v2\/posts\/23574","targetHints":{"allow":["GET"]}}],"collection":[{"href":"https:\/\/fuentesfidedignas.com.mx\/index.php\/wp-json\/wp\/v2\/posts"}],"about":[{"href":"https:\/\/fuentesfidedignas.com.mx\/index.php\/wp-json\/wp\/v2\/types\/post"}],"author":[{"embeddable":true,"href":"https:\/\/fuentesfidedignas.com.mx\/index.php\/wp-json\/wp\/v2\/users\/4"}],"replies":[{"embeddable":true,"href":"https:\/\/fuentesfidedignas.com.mx\/index.php\/wp-json\/wp\/v2\/comments?post=23574"}],"version-history":[{"count":3,"href":"https:\/\/fuentesfidedignas.com.mx\/index.php\/wp-json\/wp\/v2\/posts\/23574\/revisions"}],"predecessor-version":[{"id":23580,"href":"https:\/\/fuentesfidedignas.com.mx\/index.php\/wp-json\/wp\/v2\/posts\/23574\/revisions\/23580"}],"wp:featuredmedia":[{"embeddable":true,"href":"https:\/\/fuentesfidedignas.com.mx\/index.php\/wp-json\/wp\/v2\/media\/23579"}],"wp:attachment":[{"href":"https:\/\/fuentesfidedignas.com.mx\/index.php\/wp-json\/wp\/v2\/media?parent=23574"}],"wp:term":[{"taxonomy":"category","embeddable":true,"href":"https:\/\/fuentesfidedignas.com.mx\/index.php\/wp-json\/wp\/v2\/categories?post=23574"},{"taxonomy":"post_tag","embeddable":true,"href":"https:\/\/fuentesfidedignas.com.mx\/index.php\/wp-json\/wp\/v2\/tags?post=23574"}],"curies":[{"name":"wp","href":"https:\/\/api.w.org\/{rel}","templated":true}]}}