{"id":23568,"date":"2022-02-08T11:57:42","date_gmt":"2022-02-08T18:57:42","guid":{"rendered":"https:\/\/fuentesfidedignas.com.mx\/?p=23568"},"modified":"2022-02-08T11:57:44","modified_gmt":"2022-02-08T18:57:44","slug":"pan-amaga-con-cancelar-mesas-de-dialogo-sobre-reforma-energetica-ante-cambios-de-fecha-de-segob","status":"publish","type":"post","link":"https:\/\/fuentesfidedignas.com.mx\/index.php\/2022\/02\/08\/pan-amaga-con-cancelar-mesas-de-dialogo-sobre-reforma-energetica-ante-cambios-de-fecha-de-segob\/","title":{"rendered":"PAN amaga con cancelar mesas de di\u00e1logo sobre reforma energ\u00e9tica ante cambios de fecha de Segob"},"content":{"rendered":"\n<p><strong><em>Marco Cort\u00e9s dijo que duda de la apertura de AMLO para dialogar con la oposici\u00f3n, pues en dos ocasiones Segob ha cancelado mesas con el PAN.<\/em><\/strong><\/p>\n\n\n\n<p>Ciudad de M\u00e9xico.- Luego que en dos ocasiones la Secretar\u00eda de Gobernaci\u00f3n pospusiera al PAN las mesas de di\u00e1logo sobre la reforma energ\u00e9tica y la pol\u00edtica, el dirigente del partido pol\u00edtico, Marko Cortes, se\u00f1al\u00f3 que si la dependencia lo hace de nuevo, las dar\u00e1n por canceladas.<\/p>\n\n\n\n<p>\u201cPareciera que para el gobierno federal no es real su intenci\u00f3n de dialogar con la oposici\u00f3n. Ya van dos ocasiones que el propio gobierno cambia las fechas previamente acordadas para tener la instalaci\u00f3n de las 7 mesas tem\u00e1ticas que se informaron. Ahora estamos atentos que podamos tener una nueva fecha, pero hemos dicho que de posponerse esta nueva fecha, el PAN dar\u00eda por cancelados estos di\u00e1logos, porque ser\u00eda una falta de respeto a los mexicanos\u201d, dijo el panista.<\/p>\n\n\n\n<p>En conferencia al hablar sobre un posible una acto de corrupci\u00f3n en Guadalajara, el panista coment\u00f3 que probablemente el gobierno federal no tiene inter\u00e9s de dialogar pero el partido no claudicar\u00e1 en sus ideas de no apoyar\u00e1n la reforma el\u00e9ctrica de Andr\u00e9s Manuel L\u00f3pez Obrador si est\u00e1 no es modificada.<\/p>\n\n\n\n<p>\u201cNo hay fecha nueva para la instalaci\u00f3n de las mesas que acordamos con el gobierno federal. Estamos en la espera que podamos acordar una nueva (\u2026)Tambi\u00e9n estaremos de manera permanente esperando a que haya una nueva fecha\u201d, enfatiz\u00f3.<\/p>\n\n\n\n<p>En un principio estos encuentros comenzar\u00edan el 24 de enero, despu\u00e9s se postergaron para el 31 de ese mes, pero tambi\u00e9n se cancelaron.<\/p>\n\n\n\n<p>Las siete meses de di\u00e1logo son para tratar temas planteados por el PAN, como las reformas el\u00e9ctrica y pol\u00edtico-electoral, as\u00ed como la desaparici\u00f3n del decreto en el que se establece que las obras del gobierno sean consideradas asuntos de seguridad nacional.<\/p>\n","protected":false},"excerpt":{"rendered":"<p>Marco Cort\u00e9s dijo que duda de la apertura de AMLO para dialogar con la oposici\u00f3n, pues en dos ocasiones Segob ha cancelado mesas con el PAN. Ciudad de M\u00e9xico.- Luego que en dos ocasiones la Secretar\u00eda de Gobernaci\u00f3n pospusiera al PAN las mesas de di\u00e1logo sobre la reforma energ\u00e9tica y la pol\u00edtica, el dirigente del [&hellip;]<\/p>\n","protected":false},"author":5,"featured_media":23569,"comment_status":"open","ping_status":"open","sticky":false,"template":"","format":"standard","meta":{"tdm_status":"","tdm_grid_status":"","footnotes":""},"categories":[39],"tags":[],"class_list":{"0":"post-23568","1":"post","2":"type-post","3":"status-publish","4":"format-standard","5":"has-post-thumbnail","7":"category-noticias-nacionales"},"yoast_head":"<!-- This site is optimized with the Yoast SEO plugin v27.5 - https:\/\/yoast.com\/product\/yoast-seo-wordpress\/ -->\n<title>PAN amaga con cancelar mesas de di\u00e1logo sobre reforma energ\u00e9tica ante cambios de fecha de Segob - Fuentes Fidedignas<\/title>\n<meta name=\"robots\" content=\"index, follow, max-snippet:-1, max-image-preview:large, max-video-preview:-1\" \/>\n<link rel=\"canonical\" href=\"https:\/\/fuentesfidedignas.com.mx\/index.php\/2022\/02\/08\/pan-amaga-con-cancelar-mesas-de-dialogo-sobre-reforma-energetica-ante-cambios-de-fecha-de-segob\/\" \/>\n<meta property=\"og:locale\" content=\"es_MX\" \/>\n<meta property=\"og:type\" content=\"article\" \/>\n<meta property=\"og:title\" content=\"PAN amaga con cancelar mesas de di\u00e1logo sobre reforma energ\u00e9tica ante cambios de fecha de Segob - Fuentes Fidedignas\" \/>\n<meta property=\"og:description\" content=\"Marco Cort\u00e9s dijo que duda de la apertura de AMLO para dialogar con la oposici\u00f3n, pues en dos ocasiones Segob ha cancelado mesas con el PAN. Ciudad de M\u00e9xico.- Luego que en dos ocasiones la Secretar\u00eda de Gobernaci\u00f3n pospusiera al PAN las mesas de di\u00e1logo sobre la reforma energ\u00e9tica y la pol\u00edtica, el dirigente del [&hellip;]\" \/>\n<meta property=\"og:url\" content=\"https:\/\/fuentesfidedignas.com.mx\/index.php\/2022\/02\/08\/pan-amaga-con-cancelar-mesas-de-dialogo-sobre-reforma-energetica-ante-cambios-de-fecha-de-segob\/\" \/>\n<meta property=\"og:site_name\" content=\"Fuentes Fidedignas\" \/>\n<meta property=\"article:publisher\" content=\"https:\/\/www.facebook.com\/Fuentes-Fidedignas-368234489921644\" \/>\n<meta property=\"article:published_time\" content=\"2022-02-08T18:57:42+00:00\" \/>\n<meta property=\"article:modified_time\" content=\"2022-02-08T18:57:44+00:00\" \/>\n<meta property=\"og:image\" content=\"https:\/\/fuentesfidedignas.com.mx\/wp-content\/uploads\/2022\/02\/pan-marko-cortes-640x360-2.jpg\" \/>\n\t<meta property=\"og:image:width\" content=\"640\" \/>\n\t<meta property=\"og:image:height\" content=\"360\" \/>\n\t<meta property=\"og:image:type\" content=\"image\/jpeg\" \/>\n<meta name=\"author\" content=\"Forbes\" \/>\n<meta name=\"twitter:card\" content=\"summary_large_image\" \/>\n<meta name=\"twitter:creator\" content=\"@fidedignas\" \/>\n<meta name=\"twitter:site\" content=\"@fidedignas\" \/>\n<meta name=\"twitter:label1\" content=\"Escrito por\" \/>\n\t<meta name=\"twitter:data1\" content=\"Forbes\" \/>\n\t<meta name=\"twitter:label2\" content=\"Tiempo de lectura\" \/>\n\t<meta name=\"twitter:data2\" content=\"2 minutos\" \/>\n<script type=\"application\/ld+json\" class=\"yoast-schema-graph\">{\"@context\":\"https:\\\/\\\/schema.org\",\"@graph\":[{\"@type\":\"Article\",\"@id\":\"https:\\\/\\\/fuentesfidedignas.com.mx\\\/index.php\\\/2022\\\/02\\\/08\\\/pan-amaga-con-cancelar-mesas-de-dialogo-sobre-reforma-energetica-ante-cambios-de-fecha-de-segob\\\/#article\",\"isPartOf\":{\"@id\":\"https:\\\/\\\/fuentesfidedignas.com.mx\\\/index.php\\\/2022\\\/02\\\/08\\\/pan-amaga-con-cancelar-mesas-de-dialogo-sobre-reforma-energetica-ante-cambios-de-fecha-de-segob\\\/\"},\"author\":{\"name\":\"Forbes\",\"@id\":\"https:\\\/\\\/fuentesfidedignas.com.mx\\\/#\\\/schema\\\/person\\\/5623d53fe2e579d825b1679734abcc44\"},\"headline\":\"PAN amaga con cancelar mesas de di\u00e1logo sobre reforma energ\u00e9tica ante cambios de fecha de Segob\",\"datePublished\":\"2022-02-08T18:57:42+00:00\",\"dateModified\":\"2022-02-08T18:57:44+00:00\",\"mainEntityOfPage\":{\"@id\":\"https:\\\/\\\/fuentesfidedignas.com.mx\\\/index.php\\\/2022\\\/02\\\/08\\\/pan-amaga-con-cancelar-mesas-de-dialogo-sobre-reforma-energetica-ante-cambios-de-fecha-de-segob\\\/\"},\"wordCount\":351,\"commentCount\":0,\"publisher\":{\"@id\":\"https:\\\/\\\/fuentesfidedignas.com.mx\\\/#organization\"},\"image\":{\"@id\":\"https:\\\/\\\/fuentesfidedignas.com.mx\\\/index.php\\\/2022\\\/02\\\/08\\\/pan-amaga-con-cancelar-mesas-de-dialogo-sobre-reforma-energetica-ante-cambios-de-fecha-de-segob\\\/#primaryimage\"},\"thumbnailUrl\":\"https:\\\/\\\/fuentesfidedignas.com.mx\\\/wp-content\\\/uploads\\\/2022\\\/02\\\/pan-marko-cortes-640x360-2.jpg\",\"articleSection\":[\"NOTICIAS NACIONALES\"],\"inLanguage\":\"es\",\"potentialAction\":[{\"@type\":\"CommentAction\",\"name\":\"Comment\",\"target\":[\"https:\\\/\\\/fuentesfidedignas.com.mx\\\/index.php\\\/2022\\\/02\\\/08\\\/pan-amaga-con-cancelar-mesas-de-dialogo-sobre-reforma-energetica-ante-cambios-de-fecha-de-segob\\\/#respond\"]}]},{\"@type\":\"WebPage\",\"@id\":\"https:\\\/\\\/fuentesfidedignas.com.mx\\\/index.php\\\/2022\\\/02\\\/08\\\/pan-amaga-con-cancelar-mesas-de-dialogo-sobre-reforma-energetica-ante-cambios-de-fecha-de-segob\\\/\",\"url\":\"https:\\\/\\\/fuentesfidedignas.com.mx\\\/index.php\\\/2022\\\/02\\\/08\\\/pan-amaga-con-cancelar-mesas-de-dialogo-sobre-reforma-energetica-ante-cambios-de-fecha-de-segob\\\/\",\"name\":\"PAN amaga con cancelar mesas de di\u00e1logo sobre reforma energ\u00e9tica ante cambios de fecha de Segob - Fuentes Fidedignas\",\"isPartOf\":{\"@id\":\"https:\\\/\\\/fuentesfidedignas.com.mx\\\/#website\"},\"primaryImageOfPage\":{\"@id\":\"https:\\\/\\\/fuentesfidedignas.com.mx\\\/index.php\\\/2022\\\/02\\\/08\\\/pan-amaga-con-cancelar-mesas-de-dialogo-sobre-reforma-energetica-ante-cambios-de-fecha-de-segob\\\/#primaryimage\"},\"image\":{\"@id\":\"https:\\\/\\\/fuentesfidedignas.com.mx\\\/index.php\\\/2022\\\/02\\\/08\\\/pan-amaga-con-cancelar-mesas-de-dialogo-sobre-reforma-energetica-ante-cambios-de-fecha-de-segob\\\/#primaryimage\"},\"thumbnailUrl\":\"https:\\\/\\\/fuentesfidedignas.com.mx\\\/wp-content\\\/uploads\\\/2022\\\/02\\\/pan-marko-cortes-640x360-2.jpg\",\"datePublished\":\"2022-02-08T18:57:42+00:00\",\"dateModified\":\"2022-02-08T18:57:44+00:00\",\"breadcrumb\":{\"@id\":\"https:\\\/\\\/fuentesfidedignas.com.mx\\\/index.php\\\/2022\\\/02\\\/08\\\/pan-amaga-con-cancelar-mesas-de-dialogo-sobre-reforma-energetica-ante-cambios-de-fecha-de-segob\\\/#breadcrumb\"},\"inLanguage\":\"es\",\"potentialAction\":[{\"@type\":\"ReadAction\",\"target\":[\"https:\\\/\\\/fuentesfidedignas.com.mx\\\/index.php\\\/2022\\\/02\\\/08\\\/pan-amaga-con-cancelar-mesas-de-dialogo-sobre-reforma-energetica-ante-cambios-de-fecha-de-segob\\\/\"]}]},{\"@type\":\"ImageObject\",\"inLanguage\":\"es\",\"@id\":\"https:\\\/\\\/fuentesfidedignas.com.mx\\\/index.php\\\/2022\\\/02\\\/08\\\/pan-amaga-con-cancelar-mesas-de-dialogo-sobre-reforma-energetica-ante-cambios-de-fecha-de-segob\\\/#primaryimage\",\"url\":\"https:\\\/\\\/fuentesfidedignas.com.mx\\\/wp-content\\\/uploads\\\/2022\\\/02\\\/pan-marko-cortes-640x360-2.jpg\",\"contentUrl\":\"https:\\\/\\\/fuentesfidedignas.com.mx\\\/wp-content\\\/uploads\\\/2022\\\/02\\\/pan-marko-cortes-640x360-2.jpg\",\"width\":640,\"height\":360},{\"@type\":\"BreadcrumbList\",\"@id\":\"https:\\\/\\\/fuentesfidedignas.com.mx\\\/index.php\\\/2022\\\/02\\\/08\\\/pan-amaga-con-cancelar-mesas-de-dialogo-sobre-reforma-energetica-ante-cambios-de-fecha-de-segob\\\/#breadcrumb\",\"itemListElement\":[{\"@type\":\"ListItem\",\"position\":1,\"name\":\"Inicio\",\"item\":\"https:\\\/\\\/fuentesfidedignas.com.mx\\\/\"},{\"@type\":\"ListItem\",\"position\":2,\"name\":\"PAN amaga con cancelar mesas de di\u00e1logo sobre reforma energ\u00e9tica ante cambios de fecha de Segob\"}]},{\"@type\":\"WebSite\",\"@id\":\"https:\\\/\\\/fuentesfidedignas.com.mx\\\/#website\",\"url\":\"https:\\\/\\\/fuentesfidedignas.com.mx\\\/\",\"name\":\"Fuentes Fidedignas\",\"description\":\"Otro sitio realizado con WordPress\",\"publisher\":{\"@id\":\"https:\\\/\\\/fuentesfidedignas.com.mx\\\/#organization\"},\"potentialAction\":[{\"@type\":\"SearchAction\",\"target\":{\"@type\":\"EntryPoint\",\"urlTemplate\":\"https:\\\/\\\/fuentesfidedignas.com.mx\\\/?s={search_term_string}\"},\"query-input\":{\"@type\":\"PropertyValueSpecification\",\"valueRequired\":true,\"valueName\":\"search_term_string\"}}],\"inLanguage\":\"es\"},{\"@type\":\"Organization\",\"@id\":\"https:\\\/\\\/fuentesfidedignas.com.mx\\\/#organization\",\"name\":\"Fuentes Fidedignas\",\"url\":\"https:\\\/\\\/fuentesfidedignas.com.mx\\\/\",\"logo\":{\"@type\":\"ImageObject\",\"inLanguage\":\"es\",\"@id\":\"https:\\\/\\\/fuentesfidedignas.com.mx\\\/#\\\/schema\\\/logo\\\/image\\\/\",\"url\":\"https:\\\/\\\/fuentesfidedignas.com.mx\\\/wp-content\\\/uploads\\\/2021\\\/04\\\/logo-retina.png\",\"contentUrl\":\"https:\\\/\\\/fuentesfidedignas.com.mx\\\/wp-content\\\/uploads\\\/2021\\\/04\\\/logo-retina.png\",\"width\":280,\"height\":51,\"caption\":\"Fuentes Fidedignas\"},\"image\":{\"@id\":\"https:\\\/\\\/fuentesfidedignas.com.mx\\\/#\\\/schema\\\/logo\\\/image\\\/\"},\"sameAs\":[\"https:\\\/\\\/www.facebook.com\\\/Fuentes-Fidedignas-368234489921644\",\"https:\\\/\\\/x.com\\\/fidedignas\"]},{\"@type\":\"Person\",\"@id\":\"https:\\\/\\\/fuentesfidedignas.com.mx\\\/#\\\/schema\\\/person\\\/5623d53fe2e579d825b1679734abcc44\",\"name\":\"Forbes\",\"image\":{\"@type\":\"ImageObject\",\"inLanguage\":\"es\",\"@id\":\"https:\\\/\\\/secure.gravatar.com\\\/avatar\\\/87ce3dd4e41e60c22a79c758614f01a6bc2469255fc936ec7b15efb9bb5cb66f?s=96&d=mm&r=g\",\"url\":\"https:\\\/\\\/secure.gravatar.com\\\/avatar\\\/87ce3dd4e41e60c22a79c758614f01a6bc2469255fc936ec7b15efb9bb5cb66f?s=96&d=mm&r=g\",\"contentUrl\":\"https:\\\/\\\/secure.gravatar.com\\\/avatar\\\/87ce3dd4e41e60c22a79c758614f01a6bc2469255fc936ec7b15efb9bb5cb66f?s=96&d=mm&r=g\",\"caption\":\"Forbes\"},\"url\":\"https:\\\/\\\/fuentesfidedignas.com.mx\\\/index.php\\\/author\\\/forbes\\\/\"}]}<\/script>\n<!-- \/ Yoast SEO plugin. -->","yoast_head_json":{"title":"PAN amaga con cancelar mesas de di\u00e1logo sobre reforma energ\u00e9tica ante cambios de fecha de Segob - Fuentes Fidedignas","robots":{"index":"index","follow":"follow","max-snippet":"max-snippet:-1","max-image-preview":"max-image-preview:large","max-video-preview":"max-video-preview:-1"},"canonical":"https:\/\/fuentesfidedignas.com.mx\/index.php\/2022\/02\/08\/pan-amaga-con-cancelar-mesas-de-dialogo-sobre-reforma-energetica-ante-cambios-de-fecha-de-segob\/","og_locale":"es_MX","og_type":"article","og_title":"PAN amaga con cancelar mesas de di\u00e1logo sobre reforma energ\u00e9tica ante cambios de fecha de Segob - Fuentes Fidedignas","og_description":"Marco Cort\u00e9s dijo que duda de la apertura de AMLO para dialogar con la oposici\u00f3n, pues en dos ocasiones Segob ha cancelado mesas con el PAN. Ciudad de M\u00e9xico.- Luego que en dos ocasiones la Secretar\u00eda de Gobernaci\u00f3n pospusiera al PAN las mesas de di\u00e1logo sobre la reforma energ\u00e9tica y la pol\u00edtica, el dirigente del [&hellip;]","og_url":"https:\/\/fuentesfidedignas.com.mx\/index.php\/2022\/02\/08\/pan-amaga-con-cancelar-mesas-de-dialogo-sobre-reforma-energetica-ante-cambios-de-fecha-de-segob\/","og_site_name":"Fuentes Fidedignas","article_publisher":"https:\/\/www.facebook.com\/Fuentes-Fidedignas-368234489921644","article_published_time":"2022-02-08T18:57:42+00:00","article_modified_time":"2022-02-08T18:57:44+00:00","og_image":[{"width":640,"height":360,"url":"https:\/\/fuentesfidedignas.com.mx\/wp-content\/uploads\/2022\/02\/pan-marko-cortes-640x360-2.jpg","type":"image\/jpeg"}],"author":"Forbes","twitter_card":"summary_large_image","twitter_creator":"@fidedignas","twitter_site":"@fidedignas","twitter_misc":{"Escrito por":"Forbes","Tiempo de lectura":"2 minutos"},"schema":{"@context":"https:\/\/schema.org","@graph":[{"@type":"Article","@id":"https:\/\/fuentesfidedignas.com.mx\/index.php\/2022\/02\/08\/pan-amaga-con-cancelar-mesas-de-dialogo-sobre-reforma-energetica-ante-cambios-de-fecha-de-segob\/#article","isPartOf":{"@id":"https:\/\/fuentesfidedignas.com.mx\/index.php\/2022\/02\/08\/pan-amaga-con-cancelar-mesas-de-dialogo-sobre-reforma-energetica-ante-cambios-de-fecha-de-segob\/"},"author":{"name":"Forbes","@id":"https:\/\/fuentesfidedignas.com.mx\/#\/schema\/person\/5623d53fe2e579d825b1679734abcc44"},"headline":"PAN amaga con cancelar mesas de di\u00e1logo sobre reforma energ\u00e9tica ante cambios de fecha de Segob","datePublished":"2022-02-08T18:57:42+00:00","dateModified":"2022-02-08T18:57:44+00:00","mainEntityOfPage":{"@id":"https:\/\/fuentesfidedignas.com.mx\/index.php\/2022\/02\/08\/pan-amaga-con-cancelar-mesas-de-dialogo-sobre-reforma-energetica-ante-cambios-de-fecha-de-segob\/"},"wordCount":351,"commentCount":0,"publisher":{"@id":"https:\/\/fuentesfidedignas.com.mx\/#organization"},"image":{"@id":"https:\/\/fuentesfidedignas.com.mx\/index.php\/2022\/02\/08\/pan-amaga-con-cancelar-mesas-de-dialogo-sobre-reforma-energetica-ante-cambios-de-fecha-de-segob\/#primaryimage"},"thumbnailUrl":"https:\/\/fuentesfidedignas.com.mx\/wp-content\/uploads\/2022\/02\/pan-marko-cortes-640x360-2.jpg","articleSection":["NOTICIAS NACIONALES"],"inLanguage":"es","potentialAction":[{"@type":"CommentAction","name":"Comment","target":["https:\/\/fuentesfidedignas.com.mx\/index.php\/2022\/02\/08\/pan-amaga-con-cancelar-mesas-de-dialogo-sobre-reforma-energetica-ante-cambios-de-fecha-de-segob\/#respond"]}]},{"@type":"WebPage","@id":"https:\/\/fuentesfidedignas.com.mx\/index.php\/2022\/02\/08\/pan-amaga-con-cancelar-mesas-de-dialogo-sobre-reforma-energetica-ante-cambios-de-fecha-de-segob\/","url":"https:\/\/fuentesfidedignas.com.mx\/index.php\/2022\/02\/08\/pan-amaga-con-cancelar-mesas-de-dialogo-sobre-reforma-energetica-ante-cambios-de-fecha-de-segob\/","name":"PAN amaga con cancelar mesas de di\u00e1logo sobre reforma energ\u00e9tica ante cambios de fecha de Segob - Fuentes Fidedignas","isPartOf":{"@id":"https:\/\/fuentesfidedignas.com.mx\/#website"},"primaryImageOfPage":{"@id":"https:\/\/fuentesfidedignas.com.mx\/index.php\/2022\/02\/08\/pan-amaga-con-cancelar-mesas-de-dialogo-sobre-reforma-energetica-ante-cambios-de-fecha-de-segob\/#primaryimage"},"image":{"@id":"https:\/\/fuentesfidedignas.com.mx\/index.php\/2022\/02\/08\/pan-amaga-con-cancelar-mesas-de-dialogo-sobre-reforma-energetica-ante-cambios-de-fecha-de-segob\/#primaryimage"},"thumbnailUrl":"https:\/\/fuentesfidedignas.com.mx\/wp-content\/uploads\/2022\/02\/pan-marko-cortes-640x360-2.jpg","datePublished":"2022-02-08T18:57:42+00:00","dateModified":"2022-02-08T18:57:44+00:00","breadcrumb":{"@id":"https:\/\/fuentesfidedignas.com.mx\/index.php\/2022\/02\/08\/pan-amaga-con-cancelar-mesas-de-dialogo-sobre-reforma-energetica-ante-cambios-de-fecha-de-segob\/#breadcrumb"},"inLanguage":"es","potentialAction":[{"@type":"ReadAction","target":["https:\/\/fuentesfidedignas.com.mx\/index.php\/2022\/02\/08\/pan-amaga-con-cancelar-mesas-de-dialogo-sobre-reforma-energetica-ante-cambios-de-fecha-de-segob\/"]}]},{"@type":"ImageObject","inLanguage":"es","@id":"https:\/\/fuentesfidedignas.com.mx\/index.php\/2022\/02\/08\/pan-amaga-con-cancelar-mesas-de-dialogo-sobre-reforma-energetica-ante-cambios-de-fecha-de-segob\/#primaryimage","url":"https:\/\/fuentesfidedignas.com.mx\/wp-content\/uploads\/2022\/02\/pan-marko-cortes-640x360-2.jpg","contentUrl":"https:\/\/fuentesfidedignas.com.mx\/wp-content\/uploads\/2022\/02\/pan-marko-cortes-640x360-2.jpg","width":640,"height":360},{"@type":"BreadcrumbList","@id":"https:\/\/fuentesfidedignas.com.mx\/index.php\/2022\/02\/08\/pan-amaga-con-cancelar-mesas-de-dialogo-sobre-reforma-energetica-ante-cambios-de-fecha-de-segob\/#breadcrumb","itemListElement":[{"@type":"ListItem","position":1,"name":"Inicio","item":"https:\/\/fuentesfidedignas.com.mx\/"},{"@type":"ListItem","position":2,"name":"PAN amaga con cancelar mesas de di\u00e1logo sobre reforma energ\u00e9tica ante cambios de fecha de Segob"}]},{"@type":"WebSite","@id":"https:\/\/fuentesfidedignas.com.mx\/#website","url":"https:\/\/fuentesfidedignas.com.mx\/","name":"Fuentes Fidedignas","description":"Otro sitio realizado con WordPress","publisher":{"@id":"https:\/\/fuentesfidedignas.com.mx\/#organization"},"potentialAction":[{"@type":"SearchAction","target":{"@type":"EntryPoint","urlTemplate":"https:\/\/fuentesfidedignas.com.mx\/?s={search_term_string}"},"query-input":{"@type":"PropertyValueSpecification","valueRequired":true,"valueName":"search_term_string"}}],"inLanguage":"es"},{"@type":"Organization","@id":"https:\/\/fuentesfidedignas.com.mx\/#organization","name":"Fuentes Fidedignas","url":"https:\/\/fuentesfidedignas.com.mx\/","logo":{"@type":"ImageObject","inLanguage":"es","@id":"https:\/\/fuentesfidedignas.com.mx\/#\/schema\/logo\/image\/","url":"https:\/\/fuentesfidedignas.com.mx\/wp-content\/uploads\/2021\/04\/logo-retina.png","contentUrl":"https:\/\/fuentesfidedignas.com.mx\/wp-content\/uploads\/2021\/04\/logo-retina.png","width":280,"height":51,"caption":"Fuentes Fidedignas"},"image":{"@id":"https:\/\/fuentesfidedignas.com.mx\/#\/schema\/logo\/image\/"},"sameAs":["https:\/\/www.facebook.com\/Fuentes-Fidedignas-368234489921644","https:\/\/x.com\/fidedignas"]},{"@type":"Person","@id":"https:\/\/fuentesfidedignas.com.mx\/#\/schema\/person\/5623d53fe2e579d825b1679734abcc44","name":"Forbes","image":{"@type":"ImageObject","inLanguage":"es","@id":"https:\/\/secure.gravatar.com\/avatar\/87ce3dd4e41e60c22a79c758614f01a6bc2469255fc936ec7b15efb9bb5cb66f?s=96&d=mm&r=g","url":"https:\/\/secure.gravatar.com\/avatar\/87ce3dd4e41e60c22a79c758614f01a6bc2469255fc936ec7b15efb9bb5cb66f?s=96&d=mm&r=g","contentUrl":"https:\/\/secure.gravatar.com\/avatar\/87ce3dd4e41e60c22a79c758614f01a6bc2469255fc936ec7b15efb9bb5cb66f?s=96&d=mm&r=g","caption":"Forbes"},"url":"https:\/\/fuentesfidedignas.com.mx\/index.php\/author\/forbes\/"}]}},"_links":{"self":[{"href":"https:\/\/fuentesfidedignas.com.mx\/index.php\/wp-json\/wp\/v2\/posts\/23568","targetHints":{"allow":["GET"]}}],"collection":[{"href":"https:\/\/fuentesfidedignas.com.mx\/index.php\/wp-json\/wp\/v2\/posts"}],"about":[{"href":"https:\/\/fuentesfidedignas.com.mx\/index.php\/wp-json\/wp\/v2\/types\/post"}],"author":[{"embeddable":true,"href":"https:\/\/fuentesfidedignas.com.mx\/index.php\/wp-json\/wp\/v2\/users\/5"}],"replies":[{"embeddable":true,"href":"https:\/\/fuentesfidedignas.com.mx\/index.php\/wp-json\/wp\/v2\/comments?post=23568"}],"version-history":[{"count":1,"href":"https:\/\/fuentesfidedignas.com.mx\/index.php\/wp-json\/wp\/v2\/posts\/23568\/revisions"}],"predecessor-version":[{"id":23570,"href":"https:\/\/fuentesfidedignas.com.mx\/index.php\/wp-json\/wp\/v2\/posts\/23568\/revisions\/23570"}],"wp:featuredmedia":[{"embeddable":true,"href":"https:\/\/fuentesfidedignas.com.mx\/index.php\/wp-json\/wp\/v2\/media\/23569"}],"wp:attachment":[{"href":"https:\/\/fuentesfidedignas.com.mx\/index.php\/wp-json\/wp\/v2\/media?parent=23568"}],"wp:term":[{"taxonomy":"category","embeddable":true,"href":"https:\/\/fuentesfidedignas.com.mx\/index.php\/wp-json\/wp\/v2\/categories?post=23568"},{"taxonomy":"post_tag","embeddable":true,"href":"https:\/\/fuentesfidedignas.com.mx\/index.php\/wp-json\/wp\/v2\/tags?post=23568"}],"curies":[{"name":"wp","href":"https:\/\/api.w.org\/{rel}","templated":true}]}}