{"id":23488,"date":"2022-02-07T10:07:07","date_gmt":"2022-02-07T17:07:07","guid":{"rendered":"https:\/\/fuentesfidedignas.com.mx\/?p=23488"},"modified":"2022-02-07T10:07:08","modified_gmt":"2022-02-07T17:07:08","slug":"capturaron-a-presunto-asesino-de-marco-ernesto-islas-hijo-de-periodista-en-tijuana","status":"publish","type":"post","link":"https:\/\/fuentesfidedignas.com.mx\/index.php\/2022\/02\/07\/capturaron-a-presunto-asesino-de-marco-ernesto-islas-hijo-de-periodista-en-tijuana\/","title":{"rendered":"Capturaron a presunto asesino de Marco Ernesto Islas, hijo de periodista en Tijuana"},"content":{"rendered":"\n<p><strong><em>Jocssar Fidel<\/em><\/strong><em><strong> \u201cN\u201d fue detenido en las inmediaciones de la avenida Lomas Verdes, lugar donde habr\u00eda cometido el crimen apenas algunas horas antes<\/strong><\/em><\/p>\n\n\n\n<p>Tijuana.- La Fiscal\u00eda General del Estado (FGE) de Baja California\u00a0captur\u00f3 a Jocssar Fidel \u201cN\u201d, presunto asesino de Marco Ernesto Islas, hijo del periodista Marco Antonio Islas Parra.<\/p>\n\n\n\n<p>De acuerdo con la informaci\u00f3n proporcionada por la dependencia estatal luego de las primeras investigaciones, se aclar\u00f3 que\u00a0los familiares de la v\u00edctima confirmaron que no se dedicaba a ninguna tardea relacionada con la comunicaci\u00f3n\u00a0ni con el gremio period\u00edstico.<\/p>\n\n\n\n<p>\u201cEn seguimiento a la informaci\u00f3n surgida despu\u00e9s de la privaci\u00f3n de la vida, y referente a que la v\u00edctima era representante de un medio de comunicaci\u00f3n y ejerc\u00eda como periodista; el personal de la Fiscal\u00eda General del Estado entrevist\u00f3 a familiares del occiso, quienes\u00a0declararon que \u00e9ste no llevaba a cabo ninguna tarea relacionada con las labores informativas ni el gremio period\u00edstico\u201d, se\u00f1al\u00f3 el comunicado.<\/p>\n\n\n\n<p>Asimismo, la Fiscal\u00eda detall\u00f3 que la aprehensi\u00f3n del posible homicida, de 25 a\u00f1os de edad,\u00a0se realiz\u00f3 en las inmediaciones de la avenida Lomas Verdes, ubicada en el fraccionamiento Lomas Verdes, lugar\u00a0donde cometi\u00f3 el crimen apenas algunas horas antes.<\/p>\n\n\n\n<p>De manera extraoficial, se dio a conocer que\u00a0Jocssar Fidel \u201cN\u201d ten\u00eda en su poder un mensaje de advertencia acerca del asesinato de Islas Flores, pero esta versi\u00f3n no ha podido ser confirmada por las autoridades.<img decoding=\"async\" height=\"1280\" width=\"1707\" srcset=\"https:\/\/www.infobae.com\/new-resizer\/g__sdLV3nEqf2tTF3vx5KV78A5s=\/420x315\/filters:format(webp):quality(85)\/cloudfront-us-east-1.images.arcpublishing.com\/infobae\/MJRMSHSINRB23OZICHW743TIOY.jpeg 420w,https:\/\/www.infobae.com\/new-resizer\/iBn5JdGtknW-mo4Q_AR46Ydae_8=\/768x576\/filters:format(webp):quality(85)\/cloudfront-us-east-1.images.arcpublishing.com\/infobae\/MJRMSHSINRB23OZICHW743TIOY.jpeg 768w,https:\/\/www.infobae.com\/new-resizer\/wtsbdI-ia-6f2x6K4-yoshLtohU=\/992x744\/filters:format(webp):quality(85)\/cloudfront-us-east-1.images.arcpublishing.com\/infobae\/MJRMSHSINRB23OZICHW743TIOY.jpeg 992w,https:\/\/www.infobae.com\/new-resizer\/Dh7WVsRNMaHa6ksDpfcqQYY4Z5s=\/1200x900\/filters:format(webp):quality(85)\/cloudfront-us-east-1.images.arcpublishing.com\/infobae\/MJRMSHSINRB23OZICHW743TIOY.jpeg 1200w,https:\/\/www.infobae.com\/new-resizer\/8PDu2SHUoQR1BuRT_vAlhieDwx4=\/1440x1080\/filters:format(webp):quality(85)\/cloudfront-us-east-1.images.arcpublishing.com\/infobae\/MJRMSHSINRB23OZICHW743TIOY.jpeg 1440w\" src=\"https:\/\/www.infobae.com\/new-resizer\/g__sdLV3nEqf2tTF3vx5KV78A5s=\/420x315\/filters:format(webp):quality(85)\/cloudfront-us-east-1.images.arcpublishing.com\/infobae\/MJRMSHSINRB23OZICHW743TIOY.jpeg%20420w\" alt=\"Marco Ernesto se convirti\u00f3 en el tercer comunicador asesinado en Baja California (Foto: Cuartoscuro)\"><em>Marco Ernesto se convirti\u00f3 en el tercer comunicador asesinado en Baja California (Foto: Cuartoscuro)<\/em><\/p>\n\n\n\n<p>El comunicado enfatiz\u00f3 sobre\u00a0los trabajos que la dependencia estatal est\u00e1 realizando para brindar seguridad a todos los bajacalifornianos independientemente de su profesi\u00f3n, \u201cas\u00ed como brindar la protecci\u00f3n y facilidades necesarias para que los representantes de los medios de comunicaci\u00f3n ejerzan su labor de manera libre y segura\u201d, sentenci\u00f3.<\/p>\n\n\n\n<p>Cabe se\u00f1alar que el asesinato de Marco Ernesto Islas fue comunicado por su padre, Marco Antonio Islas, por medio de sus redes sociales durante las primeras horas de este domingo 6 de febrero. \u201cHace unos minutos ejecutaron de cuatro balazos a mi hijo Marcos Ernesto, afuera de mi casa\u201d, asimismo, comunic\u00f3 que los atacantes habr\u00edan dejado una narcomanta en el lugar de los hechos.<\/p>\n\n\n\n<p>El contenido de \u00e9sta no fue revelado, pero trascendi\u00f3 que ten\u00eda que ver con la llegada de la\u00a0\u201cnueva administraci\u00f3n\u201d de la delincuencia organizada\u00a0en la zona; hasta el momento, no se tiene informaci\u00f3n que conecte al crimen con un grupo delictivo espec\u00edfico, aunque encajar\u00eda con la versi\u00f3n circulada sobre la captura del victimario, quien presuntamente ten\u00eda un mensaje contra Islas Flores.<\/p>\n\n\n\n<p>Marco Ernesto fund\u00f3 un portal period\u00edstico llamado\u00a0<em>Notiredesmx<\/em>, en el cual colaboraba junto con su padres. Sin embargo,\u00a0desde hace casi tres a\u00f1os que dej\u00f3 de operar. Su principal funci\u00f3n dentro de este portal informativo era el manejo de las redes sociales y la gesti\u00f3n del sitio web.<img decoding=\"async\" height=\"1280\" width=\"1920\" srcset=\"https:\/\/www.infobae.com\/new-resizer\/a8uV3N-TlUBoiaNlQCOFDTr40TE=\/420x280\/filters:format(webp):quality(85)\/cloudfront-us-east-1.images.arcpublishing.com\/infobae\/IH4WSVY5JNEYDDIDZAXRCZRUQQ.jpeg 420w,https:\/\/www.infobae.com\/new-resizer\/0jAWX-WjR1QHz0IGgkl3vYbhTF4=\/768x512\/filters:format(webp):quality(85)\/cloudfront-us-east-1.images.arcpublishing.com\/infobae\/IH4WSVY5JNEYDDIDZAXRCZRUQQ.jpeg 768w,https:\/\/www.infobae.com\/new-resizer\/o5RUE2aFiSWOVZms6AsqjTlFUQk=\/992x661\/filters:format(webp):quality(85)\/cloudfront-us-east-1.images.arcpublishing.com\/infobae\/IH4WSVY5JNEYDDIDZAXRCZRUQQ.jpeg 992w,https:\/\/www.infobae.com\/new-resizer\/0ZDAFB1svok13esP2Q9vah_EucQ=\/1200x800\/filters:format(webp):quality(85)\/cloudfront-us-east-1.images.arcpublishing.com\/infobae\/IH4WSVY5JNEYDDIDZAXRCZRUQQ.jpeg 1200w,https:\/\/www.infobae.com\/new-resizer\/n8kB7oEKLPkAOZdatSghalxH_uc=\/1440x960\/filters:format(webp):quality(85)\/cloudfront-us-east-1.images.arcpublishing.com\/infobae\/IH4WSVY5JNEYDDIDZAXRCZRUQQ.jpeg 1440w\" src=\"https:\/\/www.infobae.com\/new-resizer\/a8uV3N-TlUBoiaNlQCOFDTr40TE=\/420x280\/filters:format(webp):quality(85)\/cloudfront-us-east-1.images.arcpublishing.com\/infobae\/IH4WSVY5JNEYDDIDZAXRCZRUQQ.jpeg%20420w\" alt=\"En lo que va del 2022 se han registrado siete ataques armados contra periodistas en M\u00e9xico (Foto: Cuartoscuro)\"><em>En lo que va del 2022 se han registrado siete ataques armados contra periodistas en M\u00e9xico (Foto: Cuartoscuro)<\/em><\/p>\n\n\n\n<p>Su pap\u00e1, reportero desde 1990, no era su \u00fanico familiar dedicado al periodismo, pues tambi\u00e9n se dio a conocer que era sobrino del periodista\u00a0V\u00edctor Islas, conocido como<em>\u00a0El Buffalo<\/em>..<\/p>\n\n\n\n<p>La v\u00edctima habr\u00eda\u00a0perdido la vida tras un ataque armado realizado a las afueras de su domicilio\u00a0ubicado en la\u00a0colonia Delegaci\u00f3n S\u00e1nchez Taboada, en Tijuana; lugar al cual sicarios habr\u00edan disparado contra el hombre de 31 a\u00f1os.<\/p>\n\n\n\n<p>En lo que va del 2022 se han registrado siete ataques armados en contra de periodistas, de los cuales tres se han gestado en Baja California. Lourdes Maldonado y Margarito Mart\u00ednez fueron los primeros dos. Ambos fueron asesinados.<\/p>\n\n\n\n<p>Adem\u00e1s de ellos, tambi\u00e9n se ha registrado la muerte de\u00a0Jos\u00e9 Luis Gamboa en Veracruz y Roberto Toledo en Michoac\u00e1n. Entre los intentos de asesinato, se suman dos m\u00e1s: el de\u00a0Nezahualc\u00f3yotl Cordero\u00a0a las afueras de su domicilio, en la ciudad de\u00a0Canc\u00fan, Quintana Roo; y el de<a href=\"https:\/\/www.infobae.com\/america\/mexico\/2022\/01\/20\/yucatan-intentaron-asesinar-al-periodista-jaime-vargas-chable\/\" target=\"_blank\" rel=\"noreferrer noopener nofollow\">\u00a0Jaime Vargas Chabl\u00e9,\u00a0director del sitio\u00a0<em>web<\/em>\u00a0de noticias\u00a0<em>El Tiz\u00f3n<\/em><\/a> en M\u00e9rida, Yucat\u00e1n.<\/p>\n","protected":false},"excerpt":{"rendered":"<p>Jocssar Fidel \u201cN\u201d fue detenido en las inmediaciones de la avenida Lomas Verdes, lugar donde habr\u00eda cometido el crimen apenas algunas horas antes Tijuana.- La Fiscal\u00eda General del Estado (FGE) de Baja California\u00a0captur\u00f3 a Jocssar Fidel \u201cN\u201d, presunto asesino de Marco Ernesto Islas, hijo del periodista Marco Antonio Islas Parra. De acuerdo con la informaci\u00f3n [&hellip;]<\/p>\n","protected":false},"author":41,"featured_media":23489,"comment_status":"open","ping_status":"open","sticky":false,"template":"","format":"standard","meta":{"tdm_status":"","tdm_grid_status":"","footnotes":""},"categories":[37],"tags":[],"class_list":{"0":"post-23488","1":"post","2":"type-post","3":"status-publish","4":"format-standard","5":"has-post-thumbnail","7":"category-nota-principal"},"yoast_head":"<!-- This site is optimized with the Yoast SEO plugin v27.5 - https:\/\/yoast.com\/product\/yoast-seo-wordpress\/ -->\n<title>Capturaron a presunto asesino de Marco Ernesto Islas, hijo de periodista en Tijuana - Fuentes Fidedignas<\/title>\n<meta name=\"robots\" content=\"index, follow, max-snippet:-1, max-image-preview:large, max-video-preview:-1\" \/>\n<link rel=\"canonical\" href=\"https:\/\/fuentesfidedignas.com.mx\/index.php\/2022\/02\/07\/capturaron-a-presunto-asesino-de-marco-ernesto-islas-hijo-de-periodista-en-tijuana\/\" \/>\n<meta property=\"og:locale\" content=\"es_MX\" \/>\n<meta property=\"og:type\" content=\"article\" \/>\n<meta property=\"og:title\" content=\"Capturaron a presunto asesino de Marco Ernesto Islas, hijo de periodista en Tijuana - Fuentes Fidedignas\" \/>\n<meta property=\"og:description\" content=\"Jocssar Fidel \u201cN\u201d fue detenido en las inmediaciones de la avenida Lomas Verdes, lugar donde habr\u00eda cometido el crimen apenas algunas horas antes Tijuana.- La Fiscal\u00eda General del Estado (FGE) de Baja California\u00a0captur\u00f3 a Jocssar Fidel \u201cN\u201d, presunto asesino de Marco Ernesto Islas, hijo del periodista Marco Antonio Islas Parra. De acuerdo con la informaci\u00f3n [&hellip;]\" \/>\n<meta property=\"og:url\" content=\"https:\/\/fuentesfidedignas.com.mx\/index.php\/2022\/02\/07\/capturaron-a-presunto-asesino-de-marco-ernesto-islas-hijo-de-periodista-en-tijuana\/\" \/>\n<meta property=\"og:site_name\" content=\"Fuentes Fidedignas\" \/>\n<meta property=\"article:publisher\" content=\"https:\/\/www.facebook.com\/Fuentes-Fidedignas-368234489921644\" \/>\n<meta property=\"article:published_time\" content=\"2022-02-07T17:07:07+00:00\" \/>\n<meta property=\"article:modified_time\" content=\"2022-02-07T17:07:08+00:00\" \/>\n<meta property=\"og:image\" content=\"https:\/\/fuentesfidedignas.com.mx\/wp-content\/uploads\/2022\/02\/PeRIODISTA_TJN.jpg\" \/>\n\t<meta property=\"og:image:width\" content=\"939\" \/>\n\t<meta property=\"og:image:height\" content=\"571\" \/>\n\t<meta property=\"og:image:type\" content=\"image\/jpeg\" \/>\n<meta name=\"author\" content=\"Infobae\" \/>\n<meta name=\"twitter:card\" content=\"summary_large_image\" \/>\n<meta name=\"twitter:creator\" content=\"@fidedignas\" \/>\n<meta name=\"twitter:site\" content=\"@fidedignas\" \/>\n<meta name=\"twitter:label1\" content=\"Escrito por\" \/>\n\t<meta name=\"twitter:data1\" content=\"Infobae\" \/>\n\t<meta name=\"twitter:label2\" content=\"Tiempo de lectura\" \/>\n\t<meta name=\"twitter:data2\" content=\"4 minutos\" \/>\n<script type=\"application\/ld+json\" class=\"yoast-schema-graph\">{\"@context\":\"https:\\\/\\\/schema.org\",\"@graph\":[{\"@type\":\"Article\",\"@id\":\"https:\\\/\\\/fuentesfidedignas.com.mx\\\/index.php\\\/2022\\\/02\\\/07\\\/capturaron-a-presunto-asesino-de-marco-ernesto-islas-hijo-de-periodista-en-tijuana\\\/#article\",\"isPartOf\":{\"@id\":\"https:\\\/\\\/fuentesfidedignas.com.mx\\\/index.php\\\/2022\\\/02\\\/07\\\/capturaron-a-presunto-asesino-de-marco-ernesto-islas-hijo-de-periodista-en-tijuana\\\/\"},\"author\":{\"name\":\"Infobae\",\"@id\":\"https:\\\/\\\/fuentesfidedignas.com.mx\\\/#\\\/schema\\\/person\\\/8575896a7c1067d352f6c1cd6582c389\"},\"headline\":\"Capturaron a presunto asesino de Marco Ernesto Islas, hijo de periodista en Tijuana\",\"datePublished\":\"2022-02-07T17:07:07+00:00\",\"dateModified\":\"2022-02-07T17:07:08+00:00\",\"mainEntityOfPage\":{\"@id\":\"https:\\\/\\\/fuentesfidedignas.com.mx\\\/index.php\\\/2022\\\/02\\\/07\\\/capturaron-a-presunto-asesino-de-marco-ernesto-islas-hijo-de-periodista-en-tijuana\\\/\"},\"wordCount\":719,\"commentCount\":0,\"publisher\":{\"@id\":\"https:\\\/\\\/fuentesfidedignas.com.mx\\\/#organization\"},\"image\":{\"@id\":\"https:\\\/\\\/fuentesfidedignas.com.mx\\\/index.php\\\/2022\\\/02\\\/07\\\/capturaron-a-presunto-asesino-de-marco-ernesto-islas-hijo-de-periodista-en-tijuana\\\/#primaryimage\"},\"thumbnailUrl\":\"https:\\\/\\\/fuentesfidedignas.com.mx\\\/wp-content\\\/uploads\\\/2022\\\/02\\\/PeRIODISTA_TJN.jpg\",\"articleSection\":[\"NOTA PRINCIPAL\"],\"inLanguage\":\"es\",\"potentialAction\":[{\"@type\":\"CommentAction\",\"name\":\"Comment\",\"target\":[\"https:\\\/\\\/fuentesfidedignas.com.mx\\\/index.php\\\/2022\\\/02\\\/07\\\/capturaron-a-presunto-asesino-de-marco-ernesto-islas-hijo-de-periodista-en-tijuana\\\/#respond\"]}]},{\"@type\":\"WebPage\",\"@id\":\"https:\\\/\\\/fuentesfidedignas.com.mx\\\/index.php\\\/2022\\\/02\\\/07\\\/capturaron-a-presunto-asesino-de-marco-ernesto-islas-hijo-de-periodista-en-tijuana\\\/\",\"url\":\"https:\\\/\\\/fuentesfidedignas.com.mx\\\/index.php\\\/2022\\\/02\\\/07\\\/capturaron-a-presunto-asesino-de-marco-ernesto-islas-hijo-de-periodista-en-tijuana\\\/\",\"name\":\"Capturaron a presunto asesino de Marco Ernesto Islas, hijo de periodista en Tijuana - Fuentes Fidedignas\",\"isPartOf\":{\"@id\":\"https:\\\/\\\/fuentesfidedignas.com.mx\\\/#website\"},\"primaryImageOfPage\":{\"@id\":\"https:\\\/\\\/fuentesfidedignas.com.mx\\\/index.php\\\/2022\\\/02\\\/07\\\/capturaron-a-presunto-asesino-de-marco-ernesto-islas-hijo-de-periodista-en-tijuana\\\/#primaryimage\"},\"image\":{\"@id\":\"https:\\\/\\\/fuentesfidedignas.com.mx\\\/index.php\\\/2022\\\/02\\\/07\\\/capturaron-a-presunto-asesino-de-marco-ernesto-islas-hijo-de-periodista-en-tijuana\\\/#primaryimage\"},\"thumbnailUrl\":\"https:\\\/\\\/fuentesfidedignas.com.mx\\\/wp-content\\\/uploads\\\/2022\\\/02\\\/PeRIODISTA_TJN.jpg\",\"datePublished\":\"2022-02-07T17:07:07+00:00\",\"dateModified\":\"2022-02-07T17:07:08+00:00\",\"breadcrumb\":{\"@id\":\"https:\\\/\\\/fuentesfidedignas.com.mx\\\/index.php\\\/2022\\\/02\\\/07\\\/capturaron-a-presunto-asesino-de-marco-ernesto-islas-hijo-de-periodista-en-tijuana\\\/#breadcrumb\"},\"inLanguage\":\"es\",\"potentialAction\":[{\"@type\":\"ReadAction\",\"target\":[\"https:\\\/\\\/fuentesfidedignas.com.mx\\\/index.php\\\/2022\\\/02\\\/07\\\/capturaron-a-presunto-asesino-de-marco-ernesto-islas-hijo-de-periodista-en-tijuana\\\/\"]}]},{\"@type\":\"ImageObject\",\"inLanguage\":\"es\",\"@id\":\"https:\\\/\\\/fuentesfidedignas.com.mx\\\/index.php\\\/2022\\\/02\\\/07\\\/capturaron-a-presunto-asesino-de-marco-ernesto-islas-hijo-de-periodista-en-tijuana\\\/#primaryimage\",\"url\":\"https:\\\/\\\/fuentesfidedignas.com.mx\\\/wp-content\\\/uploads\\\/2022\\\/02\\\/PeRIODISTA_TJN.jpg\",\"contentUrl\":\"https:\\\/\\\/fuentesfidedignas.com.mx\\\/wp-content\\\/uploads\\\/2022\\\/02\\\/PeRIODISTA_TJN.jpg\",\"width\":939,\"height\":571},{\"@type\":\"BreadcrumbList\",\"@id\":\"https:\\\/\\\/fuentesfidedignas.com.mx\\\/index.php\\\/2022\\\/02\\\/07\\\/capturaron-a-presunto-asesino-de-marco-ernesto-islas-hijo-de-periodista-en-tijuana\\\/#breadcrumb\",\"itemListElement\":[{\"@type\":\"ListItem\",\"position\":1,\"name\":\"Inicio\",\"item\":\"https:\\\/\\\/fuentesfidedignas.com.mx\\\/\"},{\"@type\":\"ListItem\",\"position\":2,\"name\":\"Capturaron a presunto asesino de Marco Ernesto Islas, hijo de periodista en Tijuana\"}]},{\"@type\":\"WebSite\",\"@id\":\"https:\\\/\\\/fuentesfidedignas.com.mx\\\/#website\",\"url\":\"https:\\\/\\\/fuentesfidedignas.com.mx\\\/\",\"name\":\"Fuentes Fidedignas\",\"description\":\"Otro sitio realizado con WordPress\",\"publisher\":{\"@id\":\"https:\\\/\\\/fuentesfidedignas.com.mx\\\/#organization\"},\"potentialAction\":[{\"@type\":\"SearchAction\",\"target\":{\"@type\":\"EntryPoint\",\"urlTemplate\":\"https:\\\/\\\/fuentesfidedignas.com.mx\\\/?s={search_term_string}\"},\"query-input\":{\"@type\":\"PropertyValueSpecification\",\"valueRequired\":true,\"valueName\":\"search_term_string\"}}],\"inLanguage\":\"es\"},{\"@type\":\"Organization\",\"@id\":\"https:\\\/\\\/fuentesfidedignas.com.mx\\\/#organization\",\"name\":\"Fuentes Fidedignas\",\"url\":\"https:\\\/\\\/fuentesfidedignas.com.mx\\\/\",\"logo\":{\"@type\":\"ImageObject\",\"inLanguage\":\"es\",\"@id\":\"https:\\\/\\\/fuentesfidedignas.com.mx\\\/#\\\/schema\\\/logo\\\/image\\\/\",\"url\":\"https:\\\/\\\/fuentesfidedignas.com.mx\\\/wp-content\\\/uploads\\\/2021\\\/04\\\/logo-retina.png\",\"contentUrl\":\"https:\\\/\\\/fuentesfidedignas.com.mx\\\/wp-content\\\/uploads\\\/2021\\\/04\\\/logo-retina.png\",\"width\":280,\"height\":51,\"caption\":\"Fuentes Fidedignas\"},\"image\":{\"@id\":\"https:\\\/\\\/fuentesfidedignas.com.mx\\\/#\\\/schema\\\/logo\\\/image\\\/\"},\"sameAs\":[\"https:\\\/\\\/www.facebook.com\\\/Fuentes-Fidedignas-368234489921644\",\"https:\\\/\\\/x.com\\\/fidedignas\"]},{\"@type\":\"Person\",\"@id\":\"https:\\\/\\\/fuentesfidedignas.com.mx\\\/#\\\/schema\\\/person\\\/8575896a7c1067d352f6c1cd6582c389\",\"name\":\"Infobae\",\"image\":{\"@type\":\"ImageObject\",\"inLanguage\":\"es\",\"@id\":\"https:\\\/\\\/secure.gravatar.com\\\/avatar\\\/e4ec95706f8d1670343f6526fdcec45474bab17475a851434a64ca12b5acba1c?s=96&d=mm&r=g\",\"url\":\"https:\\\/\\\/secure.gravatar.com\\\/avatar\\\/e4ec95706f8d1670343f6526fdcec45474bab17475a851434a64ca12b5acba1c?s=96&d=mm&r=g\",\"contentUrl\":\"https:\\\/\\\/secure.gravatar.com\\\/avatar\\\/e4ec95706f8d1670343f6526fdcec45474bab17475a851434a64ca12b5acba1c?s=96&d=mm&r=g\",\"caption\":\"Infobae\"},\"url\":\"https:\\\/\\\/fuentesfidedignas.com.mx\\\/index.php\\\/author\\\/infobae\\\/\"}]}<\/script>\n<!-- \/ Yoast SEO plugin. -->","yoast_head_json":{"title":"Capturaron a presunto asesino de Marco Ernesto Islas, hijo de periodista en Tijuana - Fuentes Fidedignas","robots":{"index":"index","follow":"follow","max-snippet":"max-snippet:-1","max-image-preview":"max-image-preview:large","max-video-preview":"max-video-preview:-1"},"canonical":"https:\/\/fuentesfidedignas.com.mx\/index.php\/2022\/02\/07\/capturaron-a-presunto-asesino-de-marco-ernesto-islas-hijo-de-periodista-en-tijuana\/","og_locale":"es_MX","og_type":"article","og_title":"Capturaron a presunto asesino de Marco Ernesto Islas, hijo de periodista en Tijuana - Fuentes Fidedignas","og_description":"Jocssar Fidel \u201cN\u201d fue detenido en las inmediaciones de la avenida Lomas Verdes, lugar donde habr\u00eda cometido el crimen apenas algunas horas antes Tijuana.- La Fiscal\u00eda General del Estado (FGE) de Baja California\u00a0captur\u00f3 a Jocssar Fidel \u201cN\u201d, presunto asesino de Marco Ernesto Islas, hijo del periodista Marco Antonio Islas Parra. De acuerdo con la informaci\u00f3n [&hellip;]","og_url":"https:\/\/fuentesfidedignas.com.mx\/index.php\/2022\/02\/07\/capturaron-a-presunto-asesino-de-marco-ernesto-islas-hijo-de-periodista-en-tijuana\/","og_site_name":"Fuentes Fidedignas","article_publisher":"https:\/\/www.facebook.com\/Fuentes-Fidedignas-368234489921644","article_published_time":"2022-02-07T17:07:07+00:00","article_modified_time":"2022-02-07T17:07:08+00:00","og_image":[{"width":939,"height":571,"url":"https:\/\/fuentesfidedignas.com.mx\/wp-content\/uploads\/2022\/02\/PeRIODISTA_TJN.jpg","type":"image\/jpeg"}],"author":"Infobae","twitter_card":"summary_large_image","twitter_creator":"@fidedignas","twitter_site":"@fidedignas","twitter_misc":{"Escrito por":"Infobae","Tiempo de lectura":"4 minutos"},"schema":{"@context":"https:\/\/schema.org","@graph":[{"@type":"Article","@id":"https:\/\/fuentesfidedignas.com.mx\/index.php\/2022\/02\/07\/capturaron-a-presunto-asesino-de-marco-ernesto-islas-hijo-de-periodista-en-tijuana\/#article","isPartOf":{"@id":"https:\/\/fuentesfidedignas.com.mx\/index.php\/2022\/02\/07\/capturaron-a-presunto-asesino-de-marco-ernesto-islas-hijo-de-periodista-en-tijuana\/"},"author":{"name":"Infobae","@id":"https:\/\/fuentesfidedignas.com.mx\/#\/schema\/person\/8575896a7c1067d352f6c1cd6582c389"},"headline":"Capturaron a presunto asesino de Marco Ernesto Islas, hijo de periodista en Tijuana","datePublished":"2022-02-07T17:07:07+00:00","dateModified":"2022-02-07T17:07:08+00:00","mainEntityOfPage":{"@id":"https:\/\/fuentesfidedignas.com.mx\/index.php\/2022\/02\/07\/capturaron-a-presunto-asesino-de-marco-ernesto-islas-hijo-de-periodista-en-tijuana\/"},"wordCount":719,"commentCount":0,"publisher":{"@id":"https:\/\/fuentesfidedignas.com.mx\/#organization"},"image":{"@id":"https:\/\/fuentesfidedignas.com.mx\/index.php\/2022\/02\/07\/capturaron-a-presunto-asesino-de-marco-ernesto-islas-hijo-de-periodista-en-tijuana\/#primaryimage"},"thumbnailUrl":"https:\/\/fuentesfidedignas.com.mx\/wp-content\/uploads\/2022\/02\/PeRIODISTA_TJN.jpg","articleSection":["NOTA PRINCIPAL"],"inLanguage":"es","potentialAction":[{"@type":"CommentAction","name":"Comment","target":["https:\/\/fuentesfidedignas.com.mx\/index.php\/2022\/02\/07\/capturaron-a-presunto-asesino-de-marco-ernesto-islas-hijo-de-periodista-en-tijuana\/#respond"]}]},{"@type":"WebPage","@id":"https:\/\/fuentesfidedignas.com.mx\/index.php\/2022\/02\/07\/capturaron-a-presunto-asesino-de-marco-ernesto-islas-hijo-de-periodista-en-tijuana\/","url":"https:\/\/fuentesfidedignas.com.mx\/index.php\/2022\/02\/07\/capturaron-a-presunto-asesino-de-marco-ernesto-islas-hijo-de-periodista-en-tijuana\/","name":"Capturaron a presunto asesino de Marco Ernesto Islas, hijo de periodista en Tijuana - Fuentes Fidedignas","isPartOf":{"@id":"https:\/\/fuentesfidedignas.com.mx\/#website"},"primaryImageOfPage":{"@id":"https:\/\/fuentesfidedignas.com.mx\/index.php\/2022\/02\/07\/capturaron-a-presunto-asesino-de-marco-ernesto-islas-hijo-de-periodista-en-tijuana\/#primaryimage"},"image":{"@id":"https:\/\/fuentesfidedignas.com.mx\/index.php\/2022\/02\/07\/capturaron-a-presunto-asesino-de-marco-ernesto-islas-hijo-de-periodista-en-tijuana\/#primaryimage"},"thumbnailUrl":"https:\/\/fuentesfidedignas.com.mx\/wp-content\/uploads\/2022\/02\/PeRIODISTA_TJN.jpg","datePublished":"2022-02-07T17:07:07+00:00","dateModified":"2022-02-07T17:07:08+00:00","breadcrumb":{"@id":"https:\/\/fuentesfidedignas.com.mx\/index.php\/2022\/02\/07\/capturaron-a-presunto-asesino-de-marco-ernesto-islas-hijo-de-periodista-en-tijuana\/#breadcrumb"},"inLanguage":"es","potentialAction":[{"@type":"ReadAction","target":["https:\/\/fuentesfidedignas.com.mx\/index.php\/2022\/02\/07\/capturaron-a-presunto-asesino-de-marco-ernesto-islas-hijo-de-periodista-en-tijuana\/"]}]},{"@type":"ImageObject","inLanguage":"es","@id":"https:\/\/fuentesfidedignas.com.mx\/index.php\/2022\/02\/07\/capturaron-a-presunto-asesino-de-marco-ernesto-islas-hijo-de-periodista-en-tijuana\/#primaryimage","url":"https:\/\/fuentesfidedignas.com.mx\/wp-content\/uploads\/2022\/02\/PeRIODISTA_TJN.jpg","contentUrl":"https:\/\/fuentesfidedignas.com.mx\/wp-content\/uploads\/2022\/02\/PeRIODISTA_TJN.jpg","width":939,"height":571},{"@type":"BreadcrumbList","@id":"https:\/\/fuentesfidedignas.com.mx\/index.php\/2022\/02\/07\/capturaron-a-presunto-asesino-de-marco-ernesto-islas-hijo-de-periodista-en-tijuana\/#breadcrumb","itemListElement":[{"@type":"ListItem","position":1,"name":"Inicio","item":"https:\/\/fuentesfidedignas.com.mx\/"},{"@type":"ListItem","position":2,"name":"Capturaron a presunto asesino de Marco Ernesto Islas, hijo de periodista en Tijuana"}]},{"@type":"WebSite","@id":"https:\/\/fuentesfidedignas.com.mx\/#website","url":"https:\/\/fuentesfidedignas.com.mx\/","name":"Fuentes Fidedignas","description":"Otro sitio realizado con WordPress","publisher":{"@id":"https:\/\/fuentesfidedignas.com.mx\/#organization"},"potentialAction":[{"@type":"SearchAction","target":{"@type":"EntryPoint","urlTemplate":"https:\/\/fuentesfidedignas.com.mx\/?s={search_term_string}"},"query-input":{"@type":"PropertyValueSpecification","valueRequired":true,"valueName":"search_term_string"}}],"inLanguage":"es"},{"@type":"Organization","@id":"https:\/\/fuentesfidedignas.com.mx\/#organization","name":"Fuentes Fidedignas","url":"https:\/\/fuentesfidedignas.com.mx\/","logo":{"@type":"ImageObject","inLanguage":"es","@id":"https:\/\/fuentesfidedignas.com.mx\/#\/schema\/logo\/image\/","url":"https:\/\/fuentesfidedignas.com.mx\/wp-content\/uploads\/2021\/04\/logo-retina.png","contentUrl":"https:\/\/fuentesfidedignas.com.mx\/wp-content\/uploads\/2021\/04\/logo-retina.png","width":280,"height":51,"caption":"Fuentes Fidedignas"},"image":{"@id":"https:\/\/fuentesfidedignas.com.mx\/#\/schema\/logo\/image\/"},"sameAs":["https:\/\/www.facebook.com\/Fuentes-Fidedignas-368234489921644","https:\/\/x.com\/fidedignas"]},{"@type":"Person","@id":"https:\/\/fuentesfidedignas.com.mx\/#\/schema\/person\/8575896a7c1067d352f6c1cd6582c389","name":"Infobae","image":{"@type":"ImageObject","inLanguage":"es","@id":"https:\/\/secure.gravatar.com\/avatar\/e4ec95706f8d1670343f6526fdcec45474bab17475a851434a64ca12b5acba1c?s=96&d=mm&r=g","url":"https:\/\/secure.gravatar.com\/avatar\/e4ec95706f8d1670343f6526fdcec45474bab17475a851434a64ca12b5acba1c?s=96&d=mm&r=g","contentUrl":"https:\/\/secure.gravatar.com\/avatar\/e4ec95706f8d1670343f6526fdcec45474bab17475a851434a64ca12b5acba1c?s=96&d=mm&r=g","caption":"Infobae"},"url":"https:\/\/fuentesfidedignas.com.mx\/index.php\/author\/infobae\/"}]}},"_links":{"self":[{"href":"https:\/\/fuentesfidedignas.com.mx\/index.php\/wp-json\/wp\/v2\/posts\/23488","targetHints":{"allow":["GET"]}}],"collection":[{"href":"https:\/\/fuentesfidedignas.com.mx\/index.php\/wp-json\/wp\/v2\/posts"}],"about":[{"href":"https:\/\/fuentesfidedignas.com.mx\/index.php\/wp-json\/wp\/v2\/types\/post"}],"author":[{"embeddable":true,"href":"https:\/\/fuentesfidedignas.com.mx\/index.php\/wp-json\/wp\/v2\/users\/41"}],"replies":[{"embeddable":true,"href":"https:\/\/fuentesfidedignas.com.mx\/index.php\/wp-json\/wp\/v2\/comments?post=23488"}],"version-history":[{"count":1,"href":"https:\/\/fuentesfidedignas.com.mx\/index.php\/wp-json\/wp\/v2\/posts\/23488\/revisions"}],"predecessor-version":[{"id":23490,"href":"https:\/\/fuentesfidedignas.com.mx\/index.php\/wp-json\/wp\/v2\/posts\/23488\/revisions\/23490"}],"wp:featuredmedia":[{"embeddable":true,"href":"https:\/\/fuentesfidedignas.com.mx\/index.php\/wp-json\/wp\/v2\/media\/23489"}],"wp:attachment":[{"href":"https:\/\/fuentesfidedignas.com.mx\/index.php\/wp-json\/wp\/v2\/media?parent=23488"}],"wp:term":[{"taxonomy":"category","embeddable":true,"href":"https:\/\/fuentesfidedignas.com.mx\/index.php\/wp-json\/wp\/v2\/categories?post=23488"},{"taxonomy":"post_tag","embeddable":true,"href":"https:\/\/fuentesfidedignas.com.mx\/index.php\/wp-json\/wp\/v2\/tags?post=23488"}],"curies":[{"name":"wp","href":"https:\/\/api.w.org\/{rel}","templated":true}]}}