{"id":23433,"date":"2022-02-05T17:57:47","date_gmt":"2022-02-06T00:57:47","guid":{"rendered":"https:\/\/fuentesfidedignas.com.mx\/?p=23433"},"modified":"2022-02-05T18:06:49","modified_gmt":"2022-02-06T01:06:49","slug":"en-mexico-61-menores-murieron-por-covid-19-durante-enero","status":"publish","type":"post","link":"https:\/\/fuentesfidedignas.com.mx\/index.php\/2022\/02\/05\/en-mexico-61-menores-murieron-por-covid-19-durante-enero\/","title":{"rendered":"En M\u00e9xico, 61 menores murieron por Covid-19 durante enero"},"content":{"rendered":"\n<p><strong><em>Las entidades con un mayor n\u00famero de defunciones de menores a causa de COVID-19 son Baja California Sur, Puebla y Nuevo Le\u00f3n<\/em><\/strong><\/p>\n\n\n\n<p>Ciudad de M\u00e9xico.  De acuerdo con el reporte del Sistema Nacional de Protecci\u00f3n de Ni\u00f1as, Ni\u00f1os y Adolescentes (Sipinna), en enero de 2022, 61 ni\u00f1as, ni\u00f1os y adolescentes murieron a causa del COVID-19.<\/p>\n\n\n\n<p>El reporte indica que en los primeros nueve d\u00edas de enero hubo dos muertes por COVID-19; en la semana del 16 de enero se reportaron ocho muertes; en la del 23 de enero, 34; y hacia el final del mes, en total, sumaron 61 muertes de menores de entre los 0 a los 17 a\u00f1os.<\/p>\n\n\n\n<p>Tan solo en el grupo poblacional de 12 a 17 a\u00f1os hubo 27 muertes en enero, lo que representan un incremento de 57 por ciento respecto al mismo mes de 2021.<\/p>\n\n\n\n<p>De abril de 2020 al 30 de enero de 2022, se reportan 295 mil casos positivos de COVID-19 y 88 mil defunciones, la mayor\u00eda de ellos relacionados con complicaciones derivadas de neumon\u00eda.<\/p>\n\n\n\n<p>Los estados que tiene las cifras m\u00e1s altas por contagios de menores por cada 100 mil habitantes son Tabasco con 15 por ciento, Ciudad de M\u00e9xico con 10 por ciento y Baja California Sur con 4.4 por ciento.<\/p>\n\n\n\n<p>En tanto, las entidades con un mayor n\u00famero de defunciones de menores son Baja California Sur, Puebla y Nuevo Le\u00f3n.<\/p>\n\n\n\n<p>Pese este incremento en el n\u00famero de contagios y de muertes en menores, el Gobierno de M\u00e9xico insiste en no incluir a los menores en el Plan Nacional de Vacunaci\u00f3n contra el COVID-19.<\/p>\n\n\n\n<p>El programa de vacunaci\u00f3n a nivel nacional solo contempla a menores de entre 15 a 17 a\u00f1os y a partir de los 12 a\u00f1os \u00fanicamente cuando se comprueba alguna comorbilidad.<\/p>\n\n\n\n<p>De acuerdo con datos de la Secretar\u00eda de Salud, M\u00e9xico suma 5 millones 106 mil 48 casos y 308 mil 829 muertes por COVID-19.<\/p>\n\n\n\n<p>En las \u00faltimas 24 horas, el pa\u00eds registr\u00f3 37 mil 63 contagios y 688 defunciones por el coronavirus SARS-CoV-2.<\/p>\n","protected":false},"excerpt":{"rendered":"<p>Las entidades con un mayor n\u00famero de defunciones de menores a causa de COVID-19 son Baja California Sur, Puebla y Nuevo Le\u00f3n Ciudad de M\u00e9xico. De acuerdo con el reporte del Sistema Nacional de Protecci\u00f3n de Ni\u00f1as, Ni\u00f1os y Adolescentes (Sipinna), en enero de 2022, 61 ni\u00f1as, ni\u00f1os y adolescentes murieron a causa del COVID-19. [&hellip;]<\/p>\n","protected":false},"author":47,"featured_media":23435,"comment_status":"open","ping_status":"open","sticky":false,"template":"","format":"standard","meta":{"tdm_status":"","tdm_grid_status":"","footnotes":""},"categories":[37],"tags":[],"class_list":{"0":"post-23433","1":"post","2":"type-post","3":"status-publish","4":"format-standard","5":"has-post-thumbnail","7":"category-nota-principal"},"yoast_head":"<!-- This site is optimized with the Yoast SEO plugin v27.5 - https:\/\/yoast.com\/product\/yoast-seo-wordpress\/ -->\n<title>En M\u00e9xico, 61 menores murieron por Covid-19 durante enero - Fuentes Fidedignas<\/title>\n<meta name=\"robots\" content=\"index, follow, max-snippet:-1, max-image-preview:large, max-video-preview:-1\" \/>\n<link rel=\"canonical\" href=\"https:\/\/fuentesfidedignas.com.mx\/index.php\/2022\/02\/05\/en-mexico-61-menores-murieron-por-covid-19-durante-enero\/\" \/>\n<meta property=\"og:locale\" content=\"es_MX\" \/>\n<meta property=\"og:type\" content=\"article\" \/>\n<meta property=\"og:title\" content=\"En M\u00e9xico, 61 menores murieron por Covid-19 durante enero - Fuentes Fidedignas\" \/>\n<meta property=\"og:description\" content=\"Las entidades con un mayor n\u00famero de defunciones de menores a causa de COVID-19 son Baja California Sur, Puebla y Nuevo Le\u00f3n Ciudad de M\u00e9xico. De acuerdo con el reporte del Sistema Nacional de Protecci\u00f3n de Ni\u00f1as, Ni\u00f1os y Adolescentes (Sipinna), en enero de 2022, 61 ni\u00f1as, ni\u00f1os y adolescentes murieron a causa del COVID-19. [&hellip;]\" \/>\n<meta property=\"og:url\" content=\"https:\/\/fuentesfidedignas.com.mx\/index.php\/2022\/02\/05\/en-mexico-61-menores-murieron-por-covid-19-durante-enero\/\" \/>\n<meta property=\"og:site_name\" content=\"Fuentes Fidedignas\" \/>\n<meta property=\"article:publisher\" content=\"https:\/\/www.facebook.com\/Fuentes-Fidedignas-368234489921644\" \/>\n<meta property=\"article:published_time\" content=\"2022-02-06T00:57:47+00:00\" \/>\n<meta property=\"article:modified_time\" content=\"2022-02-06T01:06:49+00:00\" \/>\n<meta property=\"og:image\" content=\"https:\/\/fuentesfidedignas.com.mx\/wp-content\/uploads\/2022\/02\/nina-menor-prueba-covid-cdmx-menores.jpg\" \/>\n\t<meta property=\"og:image:width\" content=\"1000\" \/>\n\t<meta property=\"og:image:height\" content=\"563\" \/>\n\t<meta property=\"og:image:type\" content=\"image\/jpeg\" \/>\n<meta name=\"author\" content=\"L\u00f3pez D\u00f3riga\" \/>\n<meta name=\"twitter:card\" content=\"summary_large_image\" \/>\n<meta name=\"twitter:creator\" content=\"@fidedignas\" \/>\n<meta name=\"twitter:site\" content=\"@fidedignas\" \/>\n<meta name=\"twitter:label1\" content=\"Escrito por\" \/>\n\t<meta name=\"twitter:data1\" content=\"L\u00f3pez D\u00f3riga\" \/>\n\t<meta name=\"twitter:label2\" content=\"Tiempo de lectura\" \/>\n\t<meta name=\"twitter:data2\" content=\"2 minutos\" \/>\n<script type=\"application\/ld+json\" class=\"yoast-schema-graph\">{\"@context\":\"https:\\\/\\\/schema.org\",\"@graph\":[{\"@type\":\"Article\",\"@id\":\"https:\\\/\\\/fuentesfidedignas.com.mx\\\/index.php\\\/2022\\\/02\\\/05\\\/en-mexico-61-menores-murieron-por-covid-19-durante-enero\\\/#article\",\"isPartOf\":{\"@id\":\"https:\\\/\\\/fuentesfidedignas.com.mx\\\/index.php\\\/2022\\\/02\\\/05\\\/en-mexico-61-menores-murieron-por-covid-19-durante-enero\\\/\"},\"author\":{\"name\":\"L\u00f3pez D\u00f3riga\",\"@id\":\"https:\\\/\\\/fuentesfidedignas.com.mx\\\/#\\\/schema\\\/person\\\/67d852f0557c8509146a4b9ddebd543a\"},\"headline\":\"En M\u00e9xico, 61 menores murieron por Covid-19 durante enero\",\"datePublished\":\"2022-02-06T00:57:47+00:00\",\"dateModified\":\"2022-02-06T01:06:49+00:00\",\"mainEntityOfPage\":{\"@id\":\"https:\\\/\\\/fuentesfidedignas.com.mx\\\/index.php\\\/2022\\\/02\\\/05\\\/en-mexico-61-menores-murieron-por-covid-19-durante-enero\\\/\"},\"wordCount\":338,\"commentCount\":0,\"publisher\":{\"@id\":\"https:\\\/\\\/fuentesfidedignas.com.mx\\\/#organization\"},\"image\":{\"@id\":\"https:\\\/\\\/fuentesfidedignas.com.mx\\\/index.php\\\/2022\\\/02\\\/05\\\/en-mexico-61-menores-murieron-por-covid-19-durante-enero\\\/#primaryimage\"},\"thumbnailUrl\":\"https:\\\/\\\/fuentesfidedignas.com.mx\\\/wp-content\\\/uploads\\\/2022\\\/02\\\/nina-menor-prueba-covid-cdmx-menores.jpg\",\"articleSection\":[\"NOTA PRINCIPAL\"],\"inLanguage\":\"es\",\"potentialAction\":[{\"@type\":\"CommentAction\",\"name\":\"Comment\",\"target\":[\"https:\\\/\\\/fuentesfidedignas.com.mx\\\/index.php\\\/2022\\\/02\\\/05\\\/en-mexico-61-menores-murieron-por-covid-19-durante-enero\\\/#respond\"]}]},{\"@type\":\"WebPage\",\"@id\":\"https:\\\/\\\/fuentesfidedignas.com.mx\\\/index.php\\\/2022\\\/02\\\/05\\\/en-mexico-61-menores-murieron-por-covid-19-durante-enero\\\/\",\"url\":\"https:\\\/\\\/fuentesfidedignas.com.mx\\\/index.php\\\/2022\\\/02\\\/05\\\/en-mexico-61-menores-murieron-por-covid-19-durante-enero\\\/\",\"name\":\"En M\u00e9xico, 61 menores murieron por Covid-19 durante enero - Fuentes Fidedignas\",\"isPartOf\":{\"@id\":\"https:\\\/\\\/fuentesfidedignas.com.mx\\\/#website\"},\"primaryImageOfPage\":{\"@id\":\"https:\\\/\\\/fuentesfidedignas.com.mx\\\/index.php\\\/2022\\\/02\\\/05\\\/en-mexico-61-menores-murieron-por-covid-19-durante-enero\\\/#primaryimage\"},\"image\":{\"@id\":\"https:\\\/\\\/fuentesfidedignas.com.mx\\\/index.php\\\/2022\\\/02\\\/05\\\/en-mexico-61-menores-murieron-por-covid-19-durante-enero\\\/#primaryimage\"},\"thumbnailUrl\":\"https:\\\/\\\/fuentesfidedignas.com.mx\\\/wp-content\\\/uploads\\\/2022\\\/02\\\/nina-menor-prueba-covid-cdmx-menores.jpg\",\"datePublished\":\"2022-02-06T00:57:47+00:00\",\"dateModified\":\"2022-02-06T01:06:49+00:00\",\"breadcrumb\":{\"@id\":\"https:\\\/\\\/fuentesfidedignas.com.mx\\\/index.php\\\/2022\\\/02\\\/05\\\/en-mexico-61-menores-murieron-por-covid-19-durante-enero\\\/#breadcrumb\"},\"inLanguage\":\"es\",\"potentialAction\":[{\"@type\":\"ReadAction\",\"target\":[\"https:\\\/\\\/fuentesfidedignas.com.mx\\\/index.php\\\/2022\\\/02\\\/05\\\/en-mexico-61-menores-murieron-por-covid-19-durante-enero\\\/\"]}]},{\"@type\":\"ImageObject\",\"inLanguage\":\"es\",\"@id\":\"https:\\\/\\\/fuentesfidedignas.com.mx\\\/index.php\\\/2022\\\/02\\\/05\\\/en-mexico-61-menores-murieron-por-covid-19-durante-enero\\\/#primaryimage\",\"url\":\"https:\\\/\\\/fuentesfidedignas.com.mx\\\/wp-content\\\/uploads\\\/2022\\\/02\\\/nina-menor-prueba-covid-cdmx-menores.jpg\",\"contentUrl\":\"https:\\\/\\\/fuentesfidedignas.com.mx\\\/wp-content\\\/uploads\\\/2022\\\/02\\\/nina-menor-prueba-covid-cdmx-menores.jpg\",\"width\":1000,\"height\":563},{\"@type\":\"BreadcrumbList\",\"@id\":\"https:\\\/\\\/fuentesfidedignas.com.mx\\\/index.php\\\/2022\\\/02\\\/05\\\/en-mexico-61-menores-murieron-por-covid-19-durante-enero\\\/#breadcrumb\",\"itemListElement\":[{\"@type\":\"ListItem\",\"position\":1,\"name\":\"Inicio\",\"item\":\"https:\\\/\\\/fuentesfidedignas.com.mx\\\/\"},{\"@type\":\"ListItem\",\"position\":2,\"name\":\"En M\u00e9xico, 61 menores murieron por Covid-19 durante enero\"}]},{\"@type\":\"WebSite\",\"@id\":\"https:\\\/\\\/fuentesfidedignas.com.mx\\\/#website\",\"url\":\"https:\\\/\\\/fuentesfidedignas.com.mx\\\/\",\"name\":\"Fuentes Fidedignas\",\"description\":\"Otro sitio realizado con WordPress\",\"publisher\":{\"@id\":\"https:\\\/\\\/fuentesfidedignas.com.mx\\\/#organization\"},\"potentialAction\":[{\"@type\":\"SearchAction\",\"target\":{\"@type\":\"EntryPoint\",\"urlTemplate\":\"https:\\\/\\\/fuentesfidedignas.com.mx\\\/?s={search_term_string}\"},\"query-input\":{\"@type\":\"PropertyValueSpecification\",\"valueRequired\":true,\"valueName\":\"search_term_string\"}}],\"inLanguage\":\"es\"},{\"@type\":\"Organization\",\"@id\":\"https:\\\/\\\/fuentesfidedignas.com.mx\\\/#organization\",\"name\":\"Fuentes Fidedignas\",\"url\":\"https:\\\/\\\/fuentesfidedignas.com.mx\\\/\",\"logo\":{\"@type\":\"ImageObject\",\"inLanguage\":\"es\",\"@id\":\"https:\\\/\\\/fuentesfidedignas.com.mx\\\/#\\\/schema\\\/logo\\\/image\\\/\",\"url\":\"https:\\\/\\\/fuentesfidedignas.com.mx\\\/wp-content\\\/uploads\\\/2021\\\/04\\\/logo-retina.png\",\"contentUrl\":\"https:\\\/\\\/fuentesfidedignas.com.mx\\\/wp-content\\\/uploads\\\/2021\\\/04\\\/logo-retina.png\",\"width\":280,\"height\":51,\"caption\":\"Fuentes Fidedignas\"},\"image\":{\"@id\":\"https:\\\/\\\/fuentesfidedignas.com.mx\\\/#\\\/schema\\\/logo\\\/image\\\/\"},\"sameAs\":[\"https:\\\/\\\/www.facebook.com\\\/Fuentes-Fidedignas-368234489921644\",\"https:\\\/\\\/x.com\\\/fidedignas\"]},{\"@type\":\"Person\",\"@id\":\"https:\\\/\\\/fuentesfidedignas.com.mx\\\/#\\\/schema\\\/person\\\/67d852f0557c8509146a4b9ddebd543a\",\"name\":\"L\u00f3pez D\u00f3riga\",\"image\":{\"@type\":\"ImageObject\",\"inLanguage\":\"es\",\"@id\":\"https:\\\/\\\/secure.gravatar.com\\\/avatar\\\/e525b06574ca18b33cded59dfe5778d6c823b9513154eff47da551b0551bdd1e?s=96&d=mm&r=g\",\"url\":\"https:\\\/\\\/secure.gravatar.com\\\/avatar\\\/e525b06574ca18b33cded59dfe5778d6c823b9513154eff47da551b0551bdd1e?s=96&d=mm&r=g\",\"contentUrl\":\"https:\\\/\\\/secure.gravatar.com\\\/avatar\\\/e525b06574ca18b33cded59dfe5778d6c823b9513154eff47da551b0551bdd1e?s=96&d=mm&r=g\",\"caption\":\"L\u00f3pez D\u00f3riga\"},\"url\":\"https:\\\/\\\/fuentesfidedignas.com.mx\\\/index.php\\\/author\\\/doriga\\\/\"}]}<\/script>\n<!-- \/ Yoast SEO plugin. -->","yoast_head_json":{"title":"En M\u00e9xico, 61 menores murieron por Covid-19 durante enero - Fuentes Fidedignas","robots":{"index":"index","follow":"follow","max-snippet":"max-snippet:-1","max-image-preview":"max-image-preview:large","max-video-preview":"max-video-preview:-1"},"canonical":"https:\/\/fuentesfidedignas.com.mx\/index.php\/2022\/02\/05\/en-mexico-61-menores-murieron-por-covid-19-durante-enero\/","og_locale":"es_MX","og_type":"article","og_title":"En M\u00e9xico, 61 menores murieron por Covid-19 durante enero - Fuentes Fidedignas","og_description":"Las entidades con un mayor n\u00famero de defunciones de menores a causa de COVID-19 son Baja California Sur, Puebla y Nuevo Le\u00f3n Ciudad de M\u00e9xico. De acuerdo con el reporte del Sistema Nacional de Protecci\u00f3n de Ni\u00f1as, Ni\u00f1os y Adolescentes (Sipinna), en enero de 2022, 61 ni\u00f1as, ni\u00f1os y adolescentes murieron a causa del COVID-19. [&hellip;]","og_url":"https:\/\/fuentesfidedignas.com.mx\/index.php\/2022\/02\/05\/en-mexico-61-menores-murieron-por-covid-19-durante-enero\/","og_site_name":"Fuentes Fidedignas","article_publisher":"https:\/\/www.facebook.com\/Fuentes-Fidedignas-368234489921644","article_published_time":"2022-02-06T00:57:47+00:00","article_modified_time":"2022-02-06T01:06:49+00:00","og_image":[{"width":1000,"height":563,"url":"https:\/\/fuentesfidedignas.com.mx\/wp-content\/uploads\/2022\/02\/nina-menor-prueba-covid-cdmx-menores.jpg","type":"image\/jpeg"}],"author":"L\u00f3pez D\u00f3riga","twitter_card":"summary_large_image","twitter_creator":"@fidedignas","twitter_site":"@fidedignas","twitter_misc":{"Escrito por":"L\u00f3pez D\u00f3riga","Tiempo de lectura":"2 minutos"},"schema":{"@context":"https:\/\/schema.org","@graph":[{"@type":"Article","@id":"https:\/\/fuentesfidedignas.com.mx\/index.php\/2022\/02\/05\/en-mexico-61-menores-murieron-por-covid-19-durante-enero\/#article","isPartOf":{"@id":"https:\/\/fuentesfidedignas.com.mx\/index.php\/2022\/02\/05\/en-mexico-61-menores-murieron-por-covid-19-durante-enero\/"},"author":{"name":"L\u00f3pez D\u00f3riga","@id":"https:\/\/fuentesfidedignas.com.mx\/#\/schema\/person\/67d852f0557c8509146a4b9ddebd543a"},"headline":"En M\u00e9xico, 61 menores murieron por Covid-19 durante enero","datePublished":"2022-02-06T00:57:47+00:00","dateModified":"2022-02-06T01:06:49+00:00","mainEntityOfPage":{"@id":"https:\/\/fuentesfidedignas.com.mx\/index.php\/2022\/02\/05\/en-mexico-61-menores-murieron-por-covid-19-durante-enero\/"},"wordCount":338,"commentCount":0,"publisher":{"@id":"https:\/\/fuentesfidedignas.com.mx\/#organization"},"image":{"@id":"https:\/\/fuentesfidedignas.com.mx\/index.php\/2022\/02\/05\/en-mexico-61-menores-murieron-por-covid-19-durante-enero\/#primaryimage"},"thumbnailUrl":"https:\/\/fuentesfidedignas.com.mx\/wp-content\/uploads\/2022\/02\/nina-menor-prueba-covid-cdmx-menores.jpg","articleSection":["NOTA PRINCIPAL"],"inLanguage":"es","potentialAction":[{"@type":"CommentAction","name":"Comment","target":["https:\/\/fuentesfidedignas.com.mx\/index.php\/2022\/02\/05\/en-mexico-61-menores-murieron-por-covid-19-durante-enero\/#respond"]}]},{"@type":"WebPage","@id":"https:\/\/fuentesfidedignas.com.mx\/index.php\/2022\/02\/05\/en-mexico-61-menores-murieron-por-covid-19-durante-enero\/","url":"https:\/\/fuentesfidedignas.com.mx\/index.php\/2022\/02\/05\/en-mexico-61-menores-murieron-por-covid-19-durante-enero\/","name":"En M\u00e9xico, 61 menores murieron por Covid-19 durante enero - Fuentes Fidedignas","isPartOf":{"@id":"https:\/\/fuentesfidedignas.com.mx\/#website"},"primaryImageOfPage":{"@id":"https:\/\/fuentesfidedignas.com.mx\/index.php\/2022\/02\/05\/en-mexico-61-menores-murieron-por-covid-19-durante-enero\/#primaryimage"},"image":{"@id":"https:\/\/fuentesfidedignas.com.mx\/index.php\/2022\/02\/05\/en-mexico-61-menores-murieron-por-covid-19-durante-enero\/#primaryimage"},"thumbnailUrl":"https:\/\/fuentesfidedignas.com.mx\/wp-content\/uploads\/2022\/02\/nina-menor-prueba-covid-cdmx-menores.jpg","datePublished":"2022-02-06T00:57:47+00:00","dateModified":"2022-02-06T01:06:49+00:00","breadcrumb":{"@id":"https:\/\/fuentesfidedignas.com.mx\/index.php\/2022\/02\/05\/en-mexico-61-menores-murieron-por-covid-19-durante-enero\/#breadcrumb"},"inLanguage":"es","potentialAction":[{"@type":"ReadAction","target":["https:\/\/fuentesfidedignas.com.mx\/index.php\/2022\/02\/05\/en-mexico-61-menores-murieron-por-covid-19-durante-enero\/"]}]},{"@type":"ImageObject","inLanguage":"es","@id":"https:\/\/fuentesfidedignas.com.mx\/index.php\/2022\/02\/05\/en-mexico-61-menores-murieron-por-covid-19-durante-enero\/#primaryimage","url":"https:\/\/fuentesfidedignas.com.mx\/wp-content\/uploads\/2022\/02\/nina-menor-prueba-covid-cdmx-menores.jpg","contentUrl":"https:\/\/fuentesfidedignas.com.mx\/wp-content\/uploads\/2022\/02\/nina-menor-prueba-covid-cdmx-menores.jpg","width":1000,"height":563},{"@type":"BreadcrumbList","@id":"https:\/\/fuentesfidedignas.com.mx\/index.php\/2022\/02\/05\/en-mexico-61-menores-murieron-por-covid-19-durante-enero\/#breadcrumb","itemListElement":[{"@type":"ListItem","position":1,"name":"Inicio","item":"https:\/\/fuentesfidedignas.com.mx\/"},{"@type":"ListItem","position":2,"name":"En M\u00e9xico, 61 menores murieron por Covid-19 durante enero"}]},{"@type":"WebSite","@id":"https:\/\/fuentesfidedignas.com.mx\/#website","url":"https:\/\/fuentesfidedignas.com.mx\/","name":"Fuentes Fidedignas","description":"Otro sitio realizado con WordPress","publisher":{"@id":"https:\/\/fuentesfidedignas.com.mx\/#organization"},"potentialAction":[{"@type":"SearchAction","target":{"@type":"EntryPoint","urlTemplate":"https:\/\/fuentesfidedignas.com.mx\/?s={search_term_string}"},"query-input":{"@type":"PropertyValueSpecification","valueRequired":true,"valueName":"search_term_string"}}],"inLanguage":"es"},{"@type":"Organization","@id":"https:\/\/fuentesfidedignas.com.mx\/#organization","name":"Fuentes Fidedignas","url":"https:\/\/fuentesfidedignas.com.mx\/","logo":{"@type":"ImageObject","inLanguage":"es","@id":"https:\/\/fuentesfidedignas.com.mx\/#\/schema\/logo\/image\/","url":"https:\/\/fuentesfidedignas.com.mx\/wp-content\/uploads\/2021\/04\/logo-retina.png","contentUrl":"https:\/\/fuentesfidedignas.com.mx\/wp-content\/uploads\/2021\/04\/logo-retina.png","width":280,"height":51,"caption":"Fuentes Fidedignas"},"image":{"@id":"https:\/\/fuentesfidedignas.com.mx\/#\/schema\/logo\/image\/"},"sameAs":["https:\/\/www.facebook.com\/Fuentes-Fidedignas-368234489921644","https:\/\/x.com\/fidedignas"]},{"@type":"Person","@id":"https:\/\/fuentesfidedignas.com.mx\/#\/schema\/person\/67d852f0557c8509146a4b9ddebd543a","name":"L\u00f3pez D\u00f3riga","image":{"@type":"ImageObject","inLanguage":"es","@id":"https:\/\/secure.gravatar.com\/avatar\/e525b06574ca18b33cded59dfe5778d6c823b9513154eff47da551b0551bdd1e?s=96&d=mm&r=g","url":"https:\/\/secure.gravatar.com\/avatar\/e525b06574ca18b33cded59dfe5778d6c823b9513154eff47da551b0551bdd1e?s=96&d=mm&r=g","contentUrl":"https:\/\/secure.gravatar.com\/avatar\/e525b06574ca18b33cded59dfe5778d6c823b9513154eff47da551b0551bdd1e?s=96&d=mm&r=g","caption":"L\u00f3pez D\u00f3riga"},"url":"https:\/\/fuentesfidedignas.com.mx\/index.php\/author\/doriga\/"}]}},"_links":{"self":[{"href":"https:\/\/fuentesfidedignas.com.mx\/index.php\/wp-json\/wp\/v2\/posts\/23433","targetHints":{"allow":["GET"]}}],"collection":[{"href":"https:\/\/fuentesfidedignas.com.mx\/index.php\/wp-json\/wp\/v2\/posts"}],"about":[{"href":"https:\/\/fuentesfidedignas.com.mx\/index.php\/wp-json\/wp\/v2\/types\/post"}],"author":[{"embeddable":true,"href":"https:\/\/fuentesfidedignas.com.mx\/index.php\/wp-json\/wp\/v2\/users\/47"}],"replies":[{"embeddable":true,"href":"https:\/\/fuentesfidedignas.com.mx\/index.php\/wp-json\/wp\/v2\/comments?post=23433"}],"version-history":[{"count":1,"href":"https:\/\/fuentesfidedignas.com.mx\/index.php\/wp-json\/wp\/v2\/posts\/23433\/revisions"}],"predecessor-version":[{"id":23434,"href":"https:\/\/fuentesfidedignas.com.mx\/index.php\/wp-json\/wp\/v2\/posts\/23433\/revisions\/23434"}],"wp:featuredmedia":[{"embeddable":true,"href":"https:\/\/fuentesfidedignas.com.mx\/index.php\/wp-json\/wp\/v2\/media\/23435"}],"wp:attachment":[{"href":"https:\/\/fuentesfidedignas.com.mx\/index.php\/wp-json\/wp\/v2\/media?parent=23433"}],"wp:term":[{"taxonomy":"category","embeddable":true,"href":"https:\/\/fuentesfidedignas.com.mx\/index.php\/wp-json\/wp\/v2\/categories?post=23433"},{"taxonomy":"post_tag","embeddable":true,"href":"https:\/\/fuentesfidedignas.com.mx\/index.php\/wp-json\/wp\/v2\/tags?post=23433"}],"curies":[{"name":"wp","href":"https:\/\/api.w.org\/{rel}","templated":true}]}}