{"id":23396,"date":"2022-02-04T21:43:16","date_gmt":"2022-02-05T04:43:16","guid":{"rendered":"https:\/\/fuentesfidedignas.com.mx\/?p=23396"},"modified":"2022-02-05T12:01:29","modified_gmt":"2022-02-05T19:01:29","slug":"asi-queda-el-semaforo-covid-19-sinaloa-permanecera-en-color-naranja-dos-semanas-mas","status":"publish","type":"post","link":"https:\/\/fuentesfidedignas.com.mx\/index.php\/2022\/02\/04\/asi-queda-el-semaforo-covid-19-sinaloa-permanecera-en-color-naranja-dos-semanas-mas\/","title":{"rendered":"As\u00ed queda el sem\u00e1foro Covid-19: Sinaloa en naranja las pr\u00f3ximas dos semanas"},"content":{"rendered":"\n<p>El sem\u00e1foro Covid-19 se modific\u00f3 en M\u00e9xico. A partir del 7 y hasta el 20 de febrero, ninguno de los 32 estados del pa\u00eds estar\u00e1 en sem\u00e1foro de riesgo epidemiol\u00f3gico rojo (m\u00e1ximo riesgo de contagios), mientras que 15 estar\u00e1n en naranja (riesgo alto), 13 en amarillo (riesgo medio), entre ellos Ciudad de M\u00e9xico que report\u00f3 este viernes hospitalizaciones y casos positivos a la baja, y cuatro en verde (riesgo bajo).<\/p>\n\n\n\n<p>El sem\u00e1foro Covid marcar\u00e1 verde para Campeche, Chiapas, Tlaxcala y Veracruz. El amarillo ser\u00e1 para Baja California Sur, Ciudad de M\u00e9xico, Estado de M\u00e9xico, Guanajuato, Guerrero, Hidalgo, Michoac\u00e1n, Morelos, Oaxaca, Puebla, Quintana Roo, Tabasco y Yucat\u00e1n.<\/p>\n\n\n\n<p>En tanto el sem\u00e1foro Covid mantendr\u00e1 en naranja a Aguascalientes, Baja California, Chihuahua, Coahuila, Colima, Durango, Jalisco, Nayarit, Nuevo Le\u00f3n, Quer\u00e9taro, San Luis Potos\u00ed, Sinaloa, Sonora, Tamaulipas y Zacatecas.<\/p>\n\n\n\n<figure class=\"wp-block-image size-full\"><img decoding=\"async\" width=\"863\" height=\"577\" src=\"https:\/\/fuentesfidedignas.com.mx\/wp-content\/uploads\/2022\/02\/WhatsApp-Image-2022-02-04-at-6.53.40-PM-1.jpeg\" alt=\"\" class=\"wp-image-23397\" srcset=\"https:\/\/fuentesfidedignas.com.mx\/wp-content\/uploads\/2022\/02\/WhatsApp-Image-2022-02-04-at-6.53.40-PM-1.jpeg 863w, https:\/\/fuentesfidedignas.com.mx\/wp-content\/uploads\/2022\/02\/WhatsApp-Image-2022-02-04-at-6.53.40-PM-1-300x201.jpeg 300w, https:\/\/fuentesfidedignas.com.mx\/wp-content\/uploads\/2022\/02\/WhatsApp-Image-2022-02-04-at-6.53.40-PM-1-768x513.jpeg 768w\" sizes=\"(max-width: 863px) 100vw, 863px\" \/><\/figure>\n\n\n\n<p>Desde el 24 de enero el sem\u00e1foro Covid marc\u00f3 verde para 14 entidades, pero a partir del pr\u00f3ximo 7 de febrero ser\u00e1n solo 4: Tlaxcala, Veracruz, Chiapas y Campeche.<\/p>\n\n\n\n<p>Por la tarde el gobierno de la Ciudad de M\u00e9xico conf\u00edo en avanzar al verde del sem\u00e1foro Covid, luego de que report\u00f3 una tendencia a la baja en hospitalizaciones y casos positivos. Sin embargo, no le alcanz\u00f3 para regresar al verde, condici\u00f3n que perdi\u00f3 el pasado 24 de enero.<\/p>\n\n\n\n<p>M\u00e9xico registr\u00f3 este viernes 37,063 nuevos contagios de Covid-19 para llegar a un total de 5 millones 106,048 casos, adem\u00e1s de 688 muertes para totalizar 308,829 decesos, inform\u00f3 la Secretar\u00eda de Salud del gobierno federal.<\/p>\n\n\n\n<p>La ocupaci\u00f3n media de camas generales en hospitales mexicanos se sit\u00faa en un 44% y la de terapia intensiva en un 28%. El martes, el gobierno de M\u00e9xico asegur\u00f3 que \u201cya pas\u00f3 el punto m\u00e1ximo\u201d de la actual cuarta ola de Covid-19, la m\u00e1s alta en cifras de contagios, por lo que el pa\u00eds entr\u00f3 en una \u201cfase de descenso\u201d.<\/p>\n\n\n\n<p>\u201cSon varias se\u00f1ales que nos muestran que ya llegamos al punto acm\u00e9 y hemos pasado el punto m\u00e1ximo de esta cuarta ola de covid-19 en M\u00e9xico, dominada por la variante \u00f3micron, y ya nos encontramos en la fase de descenso\u201d, declar\u00f3 Hugo L\u00f3pez-Gatell, funcionario encargado de la pandemia en el pa\u00eds.<\/p>\n\n\n\n<p>Las autoridades tambi\u00e9n indicaron que dentro del programa de vacunaci\u00f3n se han administrado m\u00e1s de 168.53 millones de dosis, al sumar 853,239 durante la \u00faltima jornada. El gobierno de M\u00e9xico afirma que es el s\u00e9ptimo pa\u00eds que m\u00e1s dosis ha aplicado en n\u00fameros absolutos.<\/p>\n\n\n\n<p>De los 126 millones de habitantes, 83.81 millones de mexicanos han recibido al menos una dosis de la vacuna, con lo que 89% de la poblaci\u00f3n de 18 a\u00f1os y m\u00e1s han recibido al menos una dosis. En tanto, 77.47 millones han completado su esquema de vacunaci\u00f3n.<\/p>\n\n\n\n<p>La semana pasada, el presidente de M\u00e9xico, Andr\u00e9s Manuel L\u00f3pez Obrador, asegur\u00f3 que el pa\u00eds tiene reservas de 30 millones de vacunas contra Covid-19 para este 2022.<\/p>\n\n\n\n<p>Desde finales de diciembre de 2020 han llegado a M\u00e9xico 201.3 millones de dosis vacunas de las estadounidenses Pfizer, Johnson &amp; Johnson y Moderna, la brit\u00e1nica AstraZeneca, la rusa Sputnik V y las chinas CanSino y Sinovac.<\/p>\n\n\n\n<p>El martes, el canciller Marcelo Ebrard anunci\u00f3 que en febrero M\u00e9xico recibir\u00e1 del mecanismo Covax, de la Organizaci\u00f3n Mundial de la Salud (OMS), 15 millones de dosis de AstraZeneca, el f\u00e1rmaco que el pa\u00eds utiliza para suministrar los refuerzos.<\/p>\n","protected":false},"excerpt":{"rendered":"<p>El sem\u00e1foro Covid-19 se modific\u00f3 en M\u00e9xico. A partir del 7 y hasta el 20 de febrero, ninguno de los 32 estados del pa\u00eds estar\u00e1 en sem\u00e1foro de riesgo epidemiol\u00f3gico rojo (m\u00e1ximo riesgo de contagios), mientras que 15 estar\u00e1n en naranja (riesgo alto), 13 en amarillo (riesgo medio), entre ellos Ciudad de M\u00e9xico que report\u00f3 [&hellip;]<\/p>\n","protected":false},"author":5,"featured_media":23399,"comment_status":"open","ping_status":"open","sticky":false,"template":"","format":"standard","meta":{"tdm_status":"","tdm_grid_status":"","footnotes":""},"categories":[37],"tags":[],"class_list":{"0":"post-23396","1":"post","2":"type-post","3":"status-publish","4":"format-standard","5":"has-post-thumbnail","7":"category-nota-principal"},"yoast_head":"<!-- This site is optimized with the Yoast SEO plugin v27.5 - https:\/\/yoast.com\/product\/yoast-seo-wordpress\/ -->\n<title>As\u00ed queda el sem\u00e1foro Covid-19: Sinaloa en naranja las pr\u00f3ximas dos semanas - Fuentes Fidedignas<\/title>\n<meta name=\"robots\" content=\"index, follow, max-snippet:-1, max-image-preview:large, max-video-preview:-1\" \/>\n<link rel=\"canonical\" href=\"https:\/\/fuentesfidedignas.com.mx\/index.php\/2022\/02\/04\/asi-queda-el-semaforo-covid-19-sinaloa-permanecera-en-color-naranja-dos-semanas-mas\/\" \/>\n<meta property=\"og:locale\" content=\"es_MX\" \/>\n<meta property=\"og:type\" content=\"article\" \/>\n<meta property=\"og:title\" content=\"As\u00ed queda el sem\u00e1foro Covid-19: Sinaloa en naranja las pr\u00f3ximas dos semanas - Fuentes Fidedignas\" \/>\n<meta property=\"og:description\" content=\"El sem\u00e1foro Covid-19 se modific\u00f3 en M\u00e9xico. A partir del 7 y hasta el 20 de febrero, ninguno de los 32 estados del pa\u00eds estar\u00e1 en sem\u00e1foro de riesgo epidemiol\u00f3gico rojo (m\u00e1ximo riesgo de contagios), mientras que 15 estar\u00e1n en naranja (riesgo alto), 13 en amarillo (riesgo medio), entre ellos Ciudad de M\u00e9xico que report\u00f3 [&hellip;]\" \/>\n<meta property=\"og:url\" content=\"https:\/\/fuentesfidedignas.com.mx\/index.php\/2022\/02\/04\/asi-queda-el-semaforo-covid-19-sinaloa-permanecera-en-color-naranja-dos-semanas-mas\/\" \/>\n<meta property=\"og:site_name\" content=\"Fuentes Fidedignas\" \/>\n<meta property=\"article:publisher\" content=\"https:\/\/www.facebook.com\/Fuentes-Fidedignas-368234489921644\" \/>\n<meta property=\"article:published_time\" content=\"2022-02-05T04:43:16+00:00\" \/>\n<meta property=\"article:modified_time\" content=\"2022-02-05T19:01:29+00:00\" \/>\n<meta property=\"og:image\" content=\"https:\/\/fuentesfidedignas.com.mx\/wp-content\/uploads\/2022\/02\/CONTAGIOS-COVID-e1642085795660-1024x576-1.jpg\" \/>\n\t<meta property=\"og:image:width\" content=\"1024\" \/>\n\t<meta property=\"og:image:height\" content=\"576\" \/>\n\t<meta property=\"og:image:type\" content=\"image\/jpeg\" \/>\n<meta name=\"author\" content=\"Forbes\" \/>\n<meta name=\"twitter:card\" content=\"summary_large_image\" \/>\n<meta name=\"twitter:creator\" content=\"@fidedignas\" \/>\n<meta name=\"twitter:site\" content=\"@fidedignas\" \/>\n<meta name=\"twitter:label1\" content=\"Escrito por\" \/>\n\t<meta name=\"twitter:data1\" content=\"Forbes\" \/>\n\t<meta name=\"twitter:label2\" content=\"Tiempo de lectura\" \/>\n\t<meta name=\"twitter:data2\" content=\"3 minutos\" \/>\n<script type=\"application\/ld+json\" class=\"yoast-schema-graph\">{\"@context\":\"https:\\\/\\\/schema.org\",\"@graph\":[{\"@type\":\"Article\",\"@id\":\"https:\\\/\\\/fuentesfidedignas.com.mx\\\/index.php\\\/2022\\\/02\\\/04\\\/asi-queda-el-semaforo-covid-19-sinaloa-permanecera-en-color-naranja-dos-semanas-mas\\\/#article\",\"isPartOf\":{\"@id\":\"https:\\\/\\\/fuentesfidedignas.com.mx\\\/index.php\\\/2022\\\/02\\\/04\\\/asi-queda-el-semaforo-covid-19-sinaloa-permanecera-en-color-naranja-dos-semanas-mas\\\/\"},\"author\":{\"name\":\"Forbes\",\"@id\":\"https:\\\/\\\/fuentesfidedignas.com.mx\\\/#\\\/schema\\\/person\\\/5623d53fe2e579d825b1679734abcc44\"},\"headline\":\"As\u00ed queda el sem\u00e1foro Covid-19: Sinaloa en naranja las pr\u00f3ximas dos semanas\",\"datePublished\":\"2022-02-05T04:43:16+00:00\",\"dateModified\":\"2022-02-05T19:01:29+00:00\",\"mainEntityOfPage\":{\"@id\":\"https:\\\/\\\/fuentesfidedignas.com.mx\\\/index.php\\\/2022\\\/02\\\/04\\\/asi-queda-el-semaforo-covid-19-sinaloa-permanecera-en-color-naranja-dos-semanas-mas\\\/\"},\"wordCount\":597,\"commentCount\":0,\"publisher\":{\"@id\":\"https:\\\/\\\/fuentesfidedignas.com.mx\\\/#organization\"},\"image\":{\"@id\":\"https:\\\/\\\/fuentesfidedignas.com.mx\\\/index.php\\\/2022\\\/02\\\/04\\\/asi-queda-el-semaforo-covid-19-sinaloa-permanecera-en-color-naranja-dos-semanas-mas\\\/#primaryimage\"},\"thumbnailUrl\":\"https:\\\/\\\/fuentesfidedignas.com.mx\\\/wp-content\\\/uploads\\\/2022\\\/02\\\/CONTAGIOS-COVID-e1642085795660-1024x576-1.jpg\",\"articleSection\":[\"NOTA PRINCIPAL\"],\"inLanguage\":\"es\",\"potentialAction\":[{\"@type\":\"CommentAction\",\"name\":\"Comment\",\"target\":[\"https:\\\/\\\/fuentesfidedignas.com.mx\\\/index.php\\\/2022\\\/02\\\/04\\\/asi-queda-el-semaforo-covid-19-sinaloa-permanecera-en-color-naranja-dos-semanas-mas\\\/#respond\"]}]},{\"@type\":\"WebPage\",\"@id\":\"https:\\\/\\\/fuentesfidedignas.com.mx\\\/index.php\\\/2022\\\/02\\\/04\\\/asi-queda-el-semaforo-covid-19-sinaloa-permanecera-en-color-naranja-dos-semanas-mas\\\/\",\"url\":\"https:\\\/\\\/fuentesfidedignas.com.mx\\\/index.php\\\/2022\\\/02\\\/04\\\/asi-queda-el-semaforo-covid-19-sinaloa-permanecera-en-color-naranja-dos-semanas-mas\\\/\",\"name\":\"As\u00ed queda el sem\u00e1foro Covid-19: Sinaloa en naranja las pr\u00f3ximas dos semanas - Fuentes Fidedignas\",\"isPartOf\":{\"@id\":\"https:\\\/\\\/fuentesfidedignas.com.mx\\\/#website\"},\"primaryImageOfPage\":{\"@id\":\"https:\\\/\\\/fuentesfidedignas.com.mx\\\/index.php\\\/2022\\\/02\\\/04\\\/asi-queda-el-semaforo-covid-19-sinaloa-permanecera-en-color-naranja-dos-semanas-mas\\\/#primaryimage\"},\"image\":{\"@id\":\"https:\\\/\\\/fuentesfidedignas.com.mx\\\/index.php\\\/2022\\\/02\\\/04\\\/asi-queda-el-semaforo-covid-19-sinaloa-permanecera-en-color-naranja-dos-semanas-mas\\\/#primaryimage\"},\"thumbnailUrl\":\"https:\\\/\\\/fuentesfidedignas.com.mx\\\/wp-content\\\/uploads\\\/2022\\\/02\\\/CONTAGIOS-COVID-e1642085795660-1024x576-1.jpg\",\"datePublished\":\"2022-02-05T04:43:16+00:00\",\"dateModified\":\"2022-02-05T19:01:29+00:00\",\"breadcrumb\":{\"@id\":\"https:\\\/\\\/fuentesfidedignas.com.mx\\\/index.php\\\/2022\\\/02\\\/04\\\/asi-queda-el-semaforo-covid-19-sinaloa-permanecera-en-color-naranja-dos-semanas-mas\\\/#breadcrumb\"},\"inLanguage\":\"es\",\"potentialAction\":[{\"@type\":\"ReadAction\",\"target\":[\"https:\\\/\\\/fuentesfidedignas.com.mx\\\/index.php\\\/2022\\\/02\\\/04\\\/asi-queda-el-semaforo-covid-19-sinaloa-permanecera-en-color-naranja-dos-semanas-mas\\\/\"]}]},{\"@type\":\"ImageObject\",\"inLanguage\":\"es\",\"@id\":\"https:\\\/\\\/fuentesfidedignas.com.mx\\\/index.php\\\/2022\\\/02\\\/04\\\/asi-queda-el-semaforo-covid-19-sinaloa-permanecera-en-color-naranja-dos-semanas-mas\\\/#primaryimage\",\"url\":\"https:\\\/\\\/fuentesfidedignas.com.mx\\\/wp-content\\\/uploads\\\/2022\\\/02\\\/CONTAGIOS-COVID-e1642085795660-1024x576-1.jpg\",\"contentUrl\":\"https:\\\/\\\/fuentesfidedignas.com.mx\\\/wp-content\\\/uploads\\\/2022\\\/02\\\/CONTAGIOS-COVID-e1642085795660-1024x576-1.jpg\",\"width\":1024,\"height\":576},{\"@type\":\"BreadcrumbList\",\"@id\":\"https:\\\/\\\/fuentesfidedignas.com.mx\\\/index.php\\\/2022\\\/02\\\/04\\\/asi-queda-el-semaforo-covid-19-sinaloa-permanecera-en-color-naranja-dos-semanas-mas\\\/#breadcrumb\",\"itemListElement\":[{\"@type\":\"ListItem\",\"position\":1,\"name\":\"Inicio\",\"item\":\"https:\\\/\\\/fuentesfidedignas.com.mx\\\/\"},{\"@type\":\"ListItem\",\"position\":2,\"name\":\"As\u00ed queda el sem\u00e1foro Covid-19: Sinaloa en naranja las pr\u00f3ximas dos semanas\"}]},{\"@type\":\"WebSite\",\"@id\":\"https:\\\/\\\/fuentesfidedignas.com.mx\\\/#website\",\"url\":\"https:\\\/\\\/fuentesfidedignas.com.mx\\\/\",\"name\":\"Fuentes Fidedignas\",\"description\":\"Otro sitio realizado con WordPress\",\"publisher\":{\"@id\":\"https:\\\/\\\/fuentesfidedignas.com.mx\\\/#organization\"},\"potentialAction\":[{\"@type\":\"SearchAction\",\"target\":{\"@type\":\"EntryPoint\",\"urlTemplate\":\"https:\\\/\\\/fuentesfidedignas.com.mx\\\/?s={search_term_string}\"},\"query-input\":{\"@type\":\"PropertyValueSpecification\",\"valueRequired\":true,\"valueName\":\"search_term_string\"}}],\"inLanguage\":\"es\"},{\"@type\":\"Organization\",\"@id\":\"https:\\\/\\\/fuentesfidedignas.com.mx\\\/#organization\",\"name\":\"Fuentes Fidedignas\",\"url\":\"https:\\\/\\\/fuentesfidedignas.com.mx\\\/\",\"logo\":{\"@type\":\"ImageObject\",\"inLanguage\":\"es\",\"@id\":\"https:\\\/\\\/fuentesfidedignas.com.mx\\\/#\\\/schema\\\/logo\\\/image\\\/\",\"url\":\"https:\\\/\\\/fuentesfidedignas.com.mx\\\/wp-content\\\/uploads\\\/2021\\\/04\\\/logo-retina.png\",\"contentUrl\":\"https:\\\/\\\/fuentesfidedignas.com.mx\\\/wp-content\\\/uploads\\\/2021\\\/04\\\/logo-retina.png\",\"width\":280,\"height\":51,\"caption\":\"Fuentes Fidedignas\"},\"image\":{\"@id\":\"https:\\\/\\\/fuentesfidedignas.com.mx\\\/#\\\/schema\\\/logo\\\/image\\\/\"},\"sameAs\":[\"https:\\\/\\\/www.facebook.com\\\/Fuentes-Fidedignas-368234489921644\",\"https:\\\/\\\/x.com\\\/fidedignas\"]},{\"@type\":\"Person\",\"@id\":\"https:\\\/\\\/fuentesfidedignas.com.mx\\\/#\\\/schema\\\/person\\\/5623d53fe2e579d825b1679734abcc44\",\"name\":\"Forbes\",\"image\":{\"@type\":\"ImageObject\",\"inLanguage\":\"es\",\"@id\":\"https:\\\/\\\/secure.gravatar.com\\\/avatar\\\/87ce3dd4e41e60c22a79c758614f01a6bc2469255fc936ec7b15efb9bb5cb66f?s=96&d=mm&r=g\",\"url\":\"https:\\\/\\\/secure.gravatar.com\\\/avatar\\\/87ce3dd4e41e60c22a79c758614f01a6bc2469255fc936ec7b15efb9bb5cb66f?s=96&d=mm&r=g\",\"contentUrl\":\"https:\\\/\\\/secure.gravatar.com\\\/avatar\\\/87ce3dd4e41e60c22a79c758614f01a6bc2469255fc936ec7b15efb9bb5cb66f?s=96&d=mm&r=g\",\"caption\":\"Forbes\"},\"url\":\"https:\\\/\\\/fuentesfidedignas.com.mx\\\/index.php\\\/author\\\/forbes\\\/\"}]}<\/script>\n<!-- \/ Yoast SEO plugin. -->","yoast_head_json":{"title":"As\u00ed queda el sem\u00e1foro Covid-19: Sinaloa en naranja las pr\u00f3ximas dos semanas - Fuentes Fidedignas","robots":{"index":"index","follow":"follow","max-snippet":"max-snippet:-1","max-image-preview":"max-image-preview:large","max-video-preview":"max-video-preview:-1"},"canonical":"https:\/\/fuentesfidedignas.com.mx\/index.php\/2022\/02\/04\/asi-queda-el-semaforo-covid-19-sinaloa-permanecera-en-color-naranja-dos-semanas-mas\/","og_locale":"es_MX","og_type":"article","og_title":"As\u00ed queda el sem\u00e1foro Covid-19: Sinaloa en naranja las pr\u00f3ximas dos semanas - Fuentes Fidedignas","og_description":"El sem\u00e1foro Covid-19 se modific\u00f3 en M\u00e9xico. A partir del 7 y hasta el 20 de febrero, ninguno de los 32 estados del pa\u00eds estar\u00e1 en sem\u00e1foro de riesgo epidemiol\u00f3gico rojo (m\u00e1ximo riesgo de contagios), mientras que 15 estar\u00e1n en naranja (riesgo alto), 13 en amarillo (riesgo medio), entre ellos Ciudad de M\u00e9xico que report\u00f3 [&hellip;]","og_url":"https:\/\/fuentesfidedignas.com.mx\/index.php\/2022\/02\/04\/asi-queda-el-semaforo-covid-19-sinaloa-permanecera-en-color-naranja-dos-semanas-mas\/","og_site_name":"Fuentes Fidedignas","article_publisher":"https:\/\/www.facebook.com\/Fuentes-Fidedignas-368234489921644","article_published_time":"2022-02-05T04:43:16+00:00","article_modified_time":"2022-02-05T19:01:29+00:00","og_image":[{"width":1024,"height":576,"url":"https:\/\/fuentesfidedignas.com.mx\/wp-content\/uploads\/2022\/02\/CONTAGIOS-COVID-e1642085795660-1024x576-1.jpg","type":"image\/jpeg"}],"author":"Forbes","twitter_card":"summary_large_image","twitter_creator":"@fidedignas","twitter_site":"@fidedignas","twitter_misc":{"Escrito por":"Forbes","Tiempo de lectura":"3 minutos"},"schema":{"@context":"https:\/\/schema.org","@graph":[{"@type":"Article","@id":"https:\/\/fuentesfidedignas.com.mx\/index.php\/2022\/02\/04\/asi-queda-el-semaforo-covid-19-sinaloa-permanecera-en-color-naranja-dos-semanas-mas\/#article","isPartOf":{"@id":"https:\/\/fuentesfidedignas.com.mx\/index.php\/2022\/02\/04\/asi-queda-el-semaforo-covid-19-sinaloa-permanecera-en-color-naranja-dos-semanas-mas\/"},"author":{"name":"Forbes","@id":"https:\/\/fuentesfidedignas.com.mx\/#\/schema\/person\/5623d53fe2e579d825b1679734abcc44"},"headline":"As\u00ed queda el sem\u00e1foro Covid-19: Sinaloa en naranja las pr\u00f3ximas dos semanas","datePublished":"2022-02-05T04:43:16+00:00","dateModified":"2022-02-05T19:01:29+00:00","mainEntityOfPage":{"@id":"https:\/\/fuentesfidedignas.com.mx\/index.php\/2022\/02\/04\/asi-queda-el-semaforo-covid-19-sinaloa-permanecera-en-color-naranja-dos-semanas-mas\/"},"wordCount":597,"commentCount":0,"publisher":{"@id":"https:\/\/fuentesfidedignas.com.mx\/#organization"},"image":{"@id":"https:\/\/fuentesfidedignas.com.mx\/index.php\/2022\/02\/04\/asi-queda-el-semaforo-covid-19-sinaloa-permanecera-en-color-naranja-dos-semanas-mas\/#primaryimage"},"thumbnailUrl":"https:\/\/fuentesfidedignas.com.mx\/wp-content\/uploads\/2022\/02\/CONTAGIOS-COVID-e1642085795660-1024x576-1.jpg","articleSection":["NOTA PRINCIPAL"],"inLanguage":"es","potentialAction":[{"@type":"CommentAction","name":"Comment","target":["https:\/\/fuentesfidedignas.com.mx\/index.php\/2022\/02\/04\/asi-queda-el-semaforo-covid-19-sinaloa-permanecera-en-color-naranja-dos-semanas-mas\/#respond"]}]},{"@type":"WebPage","@id":"https:\/\/fuentesfidedignas.com.mx\/index.php\/2022\/02\/04\/asi-queda-el-semaforo-covid-19-sinaloa-permanecera-en-color-naranja-dos-semanas-mas\/","url":"https:\/\/fuentesfidedignas.com.mx\/index.php\/2022\/02\/04\/asi-queda-el-semaforo-covid-19-sinaloa-permanecera-en-color-naranja-dos-semanas-mas\/","name":"As\u00ed queda el sem\u00e1foro Covid-19: Sinaloa en naranja las pr\u00f3ximas dos semanas - Fuentes Fidedignas","isPartOf":{"@id":"https:\/\/fuentesfidedignas.com.mx\/#website"},"primaryImageOfPage":{"@id":"https:\/\/fuentesfidedignas.com.mx\/index.php\/2022\/02\/04\/asi-queda-el-semaforo-covid-19-sinaloa-permanecera-en-color-naranja-dos-semanas-mas\/#primaryimage"},"image":{"@id":"https:\/\/fuentesfidedignas.com.mx\/index.php\/2022\/02\/04\/asi-queda-el-semaforo-covid-19-sinaloa-permanecera-en-color-naranja-dos-semanas-mas\/#primaryimage"},"thumbnailUrl":"https:\/\/fuentesfidedignas.com.mx\/wp-content\/uploads\/2022\/02\/CONTAGIOS-COVID-e1642085795660-1024x576-1.jpg","datePublished":"2022-02-05T04:43:16+00:00","dateModified":"2022-02-05T19:01:29+00:00","breadcrumb":{"@id":"https:\/\/fuentesfidedignas.com.mx\/index.php\/2022\/02\/04\/asi-queda-el-semaforo-covid-19-sinaloa-permanecera-en-color-naranja-dos-semanas-mas\/#breadcrumb"},"inLanguage":"es","potentialAction":[{"@type":"ReadAction","target":["https:\/\/fuentesfidedignas.com.mx\/index.php\/2022\/02\/04\/asi-queda-el-semaforo-covid-19-sinaloa-permanecera-en-color-naranja-dos-semanas-mas\/"]}]},{"@type":"ImageObject","inLanguage":"es","@id":"https:\/\/fuentesfidedignas.com.mx\/index.php\/2022\/02\/04\/asi-queda-el-semaforo-covid-19-sinaloa-permanecera-en-color-naranja-dos-semanas-mas\/#primaryimage","url":"https:\/\/fuentesfidedignas.com.mx\/wp-content\/uploads\/2022\/02\/CONTAGIOS-COVID-e1642085795660-1024x576-1.jpg","contentUrl":"https:\/\/fuentesfidedignas.com.mx\/wp-content\/uploads\/2022\/02\/CONTAGIOS-COVID-e1642085795660-1024x576-1.jpg","width":1024,"height":576},{"@type":"BreadcrumbList","@id":"https:\/\/fuentesfidedignas.com.mx\/index.php\/2022\/02\/04\/asi-queda-el-semaforo-covid-19-sinaloa-permanecera-en-color-naranja-dos-semanas-mas\/#breadcrumb","itemListElement":[{"@type":"ListItem","position":1,"name":"Inicio","item":"https:\/\/fuentesfidedignas.com.mx\/"},{"@type":"ListItem","position":2,"name":"As\u00ed queda el sem\u00e1foro Covid-19: Sinaloa en naranja las pr\u00f3ximas dos semanas"}]},{"@type":"WebSite","@id":"https:\/\/fuentesfidedignas.com.mx\/#website","url":"https:\/\/fuentesfidedignas.com.mx\/","name":"Fuentes Fidedignas","description":"Otro sitio realizado con WordPress","publisher":{"@id":"https:\/\/fuentesfidedignas.com.mx\/#organization"},"potentialAction":[{"@type":"SearchAction","target":{"@type":"EntryPoint","urlTemplate":"https:\/\/fuentesfidedignas.com.mx\/?s={search_term_string}"},"query-input":{"@type":"PropertyValueSpecification","valueRequired":true,"valueName":"search_term_string"}}],"inLanguage":"es"},{"@type":"Organization","@id":"https:\/\/fuentesfidedignas.com.mx\/#organization","name":"Fuentes Fidedignas","url":"https:\/\/fuentesfidedignas.com.mx\/","logo":{"@type":"ImageObject","inLanguage":"es","@id":"https:\/\/fuentesfidedignas.com.mx\/#\/schema\/logo\/image\/","url":"https:\/\/fuentesfidedignas.com.mx\/wp-content\/uploads\/2021\/04\/logo-retina.png","contentUrl":"https:\/\/fuentesfidedignas.com.mx\/wp-content\/uploads\/2021\/04\/logo-retina.png","width":280,"height":51,"caption":"Fuentes Fidedignas"},"image":{"@id":"https:\/\/fuentesfidedignas.com.mx\/#\/schema\/logo\/image\/"},"sameAs":["https:\/\/www.facebook.com\/Fuentes-Fidedignas-368234489921644","https:\/\/x.com\/fidedignas"]},{"@type":"Person","@id":"https:\/\/fuentesfidedignas.com.mx\/#\/schema\/person\/5623d53fe2e579d825b1679734abcc44","name":"Forbes","image":{"@type":"ImageObject","inLanguage":"es","@id":"https:\/\/secure.gravatar.com\/avatar\/87ce3dd4e41e60c22a79c758614f01a6bc2469255fc936ec7b15efb9bb5cb66f?s=96&d=mm&r=g","url":"https:\/\/secure.gravatar.com\/avatar\/87ce3dd4e41e60c22a79c758614f01a6bc2469255fc936ec7b15efb9bb5cb66f?s=96&d=mm&r=g","contentUrl":"https:\/\/secure.gravatar.com\/avatar\/87ce3dd4e41e60c22a79c758614f01a6bc2469255fc936ec7b15efb9bb5cb66f?s=96&d=mm&r=g","caption":"Forbes"},"url":"https:\/\/fuentesfidedignas.com.mx\/index.php\/author\/forbes\/"}]}},"_links":{"self":[{"href":"https:\/\/fuentesfidedignas.com.mx\/index.php\/wp-json\/wp\/v2\/posts\/23396","targetHints":{"allow":["GET"]}}],"collection":[{"href":"https:\/\/fuentesfidedignas.com.mx\/index.php\/wp-json\/wp\/v2\/posts"}],"about":[{"href":"https:\/\/fuentesfidedignas.com.mx\/index.php\/wp-json\/wp\/v2\/types\/post"}],"author":[{"embeddable":true,"href":"https:\/\/fuentesfidedignas.com.mx\/index.php\/wp-json\/wp\/v2\/users\/5"}],"replies":[{"embeddable":true,"href":"https:\/\/fuentesfidedignas.com.mx\/index.php\/wp-json\/wp\/v2\/comments?post=23396"}],"version-history":[{"count":2,"href":"https:\/\/fuentesfidedignas.com.mx\/index.php\/wp-json\/wp\/v2\/posts\/23396\/revisions"}],"predecessor-version":[{"id":23420,"href":"https:\/\/fuentesfidedignas.com.mx\/index.php\/wp-json\/wp\/v2\/posts\/23396\/revisions\/23420"}],"wp:featuredmedia":[{"embeddable":true,"href":"https:\/\/fuentesfidedignas.com.mx\/index.php\/wp-json\/wp\/v2\/media\/23399"}],"wp:attachment":[{"href":"https:\/\/fuentesfidedignas.com.mx\/index.php\/wp-json\/wp\/v2\/media?parent=23396"}],"wp:term":[{"taxonomy":"category","embeddable":true,"href":"https:\/\/fuentesfidedignas.com.mx\/index.php\/wp-json\/wp\/v2\/categories?post=23396"},{"taxonomy":"post_tag","embeddable":true,"href":"https:\/\/fuentesfidedignas.com.mx\/index.php\/wp-json\/wp\/v2\/tags?post=23396"}],"curies":[{"name":"wp","href":"https:\/\/api.w.org\/{rel}","templated":true}]}}