{"id":23303,"date":"2022-02-03T14:44:59","date_gmt":"2022-02-03T21:44:59","guid":{"rendered":"https:\/\/fuentesfidedignas.com.mx\/?p=23303"},"modified":"2022-02-03T14:45:19","modified_gmt":"2022-02-03T21:45:19","slug":"entra-en-operacion-el-primer-banco-del-bienestar-en-ahome","status":"publish","type":"post","link":"https:\/\/fuentesfidedignas.com.mx\/index.php\/2022\/02\/03\/entra-en-operacion-el-primer-banco-del-bienestar-en-ahome\/","title":{"rendered":"Entra en operaci\u00f3n el primer Banco del Bienestar en Ahome"},"content":{"rendered":"\n<p><br><strong><em>Gerardo Vargas Landeros, presidente municipal de Ahome explic\u00f3 que con este tipo de acciones el Presidente de M\u00e9xico, Andr\u00e9s Manuel L\u00f3pez Obrador, est\u00e1 m\u00e1s cerca de los grupos vulnerables<\/em><\/strong><\/p>\n\n\n\n<p>Ahome, Sin.- Con el objetivo de contar con un centro integrador que permita incorporar y atender a todas las personas que tienen alg\u00fan programa social, el Gobierno Federal realiza la construcci\u00f3n de las sucursales del Banco del Bienestar, que hasta el momento son m\u00e1s de mil instalaciones a lo largo del pa\u00eds y este jueves puso en operaci\u00f3n su filial en el municipio de Ahome, en esta sindicatura de Villa Gustavo D\u00edaz Ordaz (El Carrizo).<\/p>\n\n\n\n<p>El acto de inauguraci\u00f3n fue presidido por Gerardo Vargas Landeros, presidente municipal de Ahome y Juan Pimentel Valdez, coordinador de Atenci\u00f3n a Zonas Ind\u00edgena, as\u00ed tambi\u00e9n estuvieron presentes el personal que estar\u00e1 a cargo del Banco del Bienestar.<\/p>\n\n\n\n<p>En su mensaje, el alcalde de Ahome detall\u00f3 que el Gobierno Federal planea la construcci\u00f3n de aproximadamente 2 mil 700 sucursales este a\u00f1o, donde se dispersar\u00e1n 500 mil millones de pesos de programas sociales, como pensi\u00f3n a adultos mayores, becas a estudiantes, apoyos a sembradores, entre otros.<\/p>\n\n\n\n<p>\u201cSe dice f\u00e1cil pero hay que ver qu\u00e9 hay detr\u00e1s de todo esto, algo muy simple y muy sencillo, el se\u00f1or Presidente de la Rep\u00fablica, Andr\u00e9s Manuel L\u00f3pez Obrador, quiere estar de manera permanente con la gente m\u00e1s necesitada, con los grupos vulnerables\u201d, expres\u00f3.<\/p>\n\n\n\n<p>El presidente municipal de Ahome asever\u00f3 que con la Cuarta Transformaci\u00f3n los mexicanos tienen acceso a programas sociales, y en el caso de Sinaloa estos llegan de la mano del Gobernador, el doctor Rub\u00e9n Rocha Moya, as\u00ed como del Presidente L\u00f3pez Obrador.<\/p>\n\n\n\n<p>Agreg\u00f3 que se deben apoyar a estas instituciones para beneficio de los ahomenses y los mexicanos, por lo que hizo un llamado a la poblaci\u00f3n para que utilicen el Banco del Bienestar como cualquier otra instituci\u00f3n de este tipo.<\/p>\n\n\n\n<p>Por su parte, Juan Pimentel se dijo agradecido con el Presidente municipal, Gerardo Vargas Landeros, ya que tuvo disposici\u00f3n y apoy\u00f3 para que se pudiera construir el Banco del Bienestar en este municipio, programa que viene a saldar la deuda que tiene el gobierno con la sociedad en cuanto al rezago que se lleg\u00f3 a tener en el pa\u00eds.<\/p>\n\n\n\n<p>A\u00f1adi\u00f3 que esta instituci\u00f3n est\u00e1 para atender a la poblaci\u00f3n en general, por lo que no se necesita ser beneficiario de alg\u00fan programa social para poder tener una cuenta.<\/p>\n\n\n\n<p>Cabe mencionar que hoy tambi\u00e9n se ponen en marcha las sucursales de El Fuerte y Culiac\u00e1n, y la meta es de 60 sucursales en Sinaloa, 12 de ellas en Ahome, lo que sumar\u00e1 para convertir al Banco del Bienestar en el de mayor cobertura en el pa\u00eds.<\/p>\n","protected":false},"excerpt":{"rendered":"<p>Gerardo Vargas Landeros, presidente municipal de Ahome explic\u00f3 que con este tipo de acciones el Presidente de M\u00e9xico, Andr\u00e9s Manuel L\u00f3pez Obrador, est\u00e1 m\u00e1s cerca de los grupos vulnerables Ahome, Sin.- Con el objetivo de contar con un centro integrador que permita incorporar y atender a todas las personas que tienen alg\u00fan programa social, el [&hellip;]<\/p>\n","protected":false},"author":4,"featured_media":23305,"comment_status":"open","ping_status":"open","sticky":false,"template":"","format":"standard","meta":{"tdm_status":"","tdm_grid_status":"","footnotes":""},"categories":[38],"tags":[1715,1654,1092],"class_list":{"0":"post-23303","1":"post","2":"type-post","3":"status-publish","4":"format-standard","5":"has-post-thumbnail","7":"category-noticias-locales","8":"tag-ayuntamiento-de-ahome","9":"tag-gerardo-vargas-landeros","10":"tag-programas-del-bienestar"},"yoast_head":"<!-- This site is optimized with the Yoast SEO plugin v27.5 - https:\/\/yoast.com\/product\/yoast-seo-wordpress\/ -->\n<title>Entra en operaci\u00f3n el primer Banco del Bienestar en Ahome - Fuentes Fidedignas<\/title>\n<meta name=\"robots\" content=\"index, follow, max-snippet:-1, max-image-preview:large, max-video-preview:-1\" \/>\n<link rel=\"canonical\" href=\"https:\/\/fuentesfidedignas.com.mx\/index.php\/2022\/02\/03\/entra-en-operacion-el-primer-banco-del-bienestar-en-ahome\/\" \/>\n<meta property=\"og:locale\" content=\"es_MX\" \/>\n<meta property=\"og:type\" content=\"article\" \/>\n<meta property=\"og:title\" content=\"Entra en operaci\u00f3n el primer Banco del Bienestar en Ahome - Fuentes Fidedignas\" \/>\n<meta property=\"og:description\" content=\"Gerardo Vargas Landeros, presidente municipal de Ahome explic\u00f3 que con este tipo de acciones el Presidente de M\u00e9xico, Andr\u00e9s Manuel L\u00f3pez Obrador, est\u00e1 m\u00e1s cerca de los grupos vulnerables Ahome, Sin.- Con el objetivo de contar con un centro integrador que permita incorporar y atender a todas las personas que tienen alg\u00fan programa social, el [&hellip;]\" \/>\n<meta property=\"og:url\" content=\"https:\/\/fuentesfidedignas.com.mx\/index.php\/2022\/02\/03\/entra-en-operacion-el-primer-banco-del-bienestar-en-ahome\/\" \/>\n<meta property=\"og:site_name\" content=\"Fuentes Fidedignas\" \/>\n<meta property=\"article:publisher\" content=\"https:\/\/www.facebook.com\/Fuentes-Fidedignas-368234489921644\" \/>\n<meta property=\"article:published_time\" content=\"2022-02-03T21:44:59+00:00\" \/>\n<meta property=\"article:modified_time\" content=\"2022-02-03T21:45:19+00:00\" \/>\n<meta property=\"og:image\" content=\"https:\/\/fuentesfidedignas.com.mx\/wp-content\/uploads\/2022\/02\/IMG-20220203-WA0063.jpg\" \/>\n\t<meta property=\"og:image:width\" content=\"1599\" \/>\n\t<meta property=\"og:image:height\" content=\"1066\" \/>\n\t<meta property=\"og:image:type\" content=\"image\/jpeg\" \/>\n<meta name=\"author\" content=\"Redacci\u00f3n\" \/>\n<meta name=\"twitter:card\" content=\"summary_large_image\" \/>\n<meta name=\"twitter:creator\" content=\"@fidedignas\" \/>\n<meta name=\"twitter:site\" content=\"@fidedignas\" \/>\n<meta name=\"twitter:label1\" content=\"Escrito por\" \/>\n\t<meta name=\"twitter:data1\" content=\"Redacci\u00f3n\" \/>\n\t<meta name=\"twitter:label2\" content=\"Tiempo de lectura\" \/>\n\t<meta name=\"twitter:data2\" content=\"3 minutos\" \/>\n<script type=\"application\/ld+json\" class=\"yoast-schema-graph\">{\"@context\":\"https:\\\/\\\/schema.org\",\"@graph\":[{\"@type\":\"Article\",\"@id\":\"https:\\\/\\\/fuentesfidedignas.com.mx\\\/index.php\\\/2022\\\/02\\\/03\\\/entra-en-operacion-el-primer-banco-del-bienestar-en-ahome\\\/#article\",\"isPartOf\":{\"@id\":\"https:\\\/\\\/fuentesfidedignas.com.mx\\\/index.php\\\/2022\\\/02\\\/03\\\/entra-en-operacion-el-primer-banco-del-bienestar-en-ahome\\\/\"},\"author\":{\"name\":\"Redacci\u00f3n\",\"@id\":\"https:\\\/\\\/fuentesfidedignas.com.mx\\\/#\\\/schema\\\/person\\\/331be9283d37198e2acd5750279085b0\"},\"headline\":\"Entra en operaci\u00f3n el primer Banco del Bienestar en Ahome\",\"datePublished\":\"2022-02-03T21:44:59+00:00\",\"dateModified\":\"2022-02-03T21:45:19+00:00\",\"mainEntityOfPage\":{\"@id\":\"https:\\\/\\\/fuentesfidedignas.com.mx\\\/index.php\\\/2022\\\/02\\\/03\\\/entra-en-operacion-el-primer-banco-del-bienestar-en-ahome\\\/\"},\"wordCount\":495,\"commentCount\":0,\"publisher\":{\"@id\":\"https:\\\/\\\/fuentesfidedignas.com.mx\\\/#organization\"},\"image\":{\"@id\":\"https:\\\/\\\/fuentesfidedignas.com.mx\\\/index.php\\\/2022\\\/02\\\/03\\\/entra-en-operacion-el-primer-banco-del-bienestar-en-ahome\\\/#primaryimage\"},\"thumbnailUrl\":\"https:\\\/\\\/fuentesfidedignas.com.mx\\\/wp-content\\\/uploads\\\/2022\\\/02\\\/IMG-20220203-WA0063.jpg\",\"keywords\":[\"Ayuntamiento de Ahome\",\"Gerardo Vargas Landeros\",\"Programas del Bienestar\"],\"articleSection\":[\"NOTICIAS LOCALES\"],\"inLanguage\":\"es\",\"potentialAction\":[{\"@type\":\"CommentAction\",\"name\":\"Comment\",\"target\":[\"https:\\\/\\\/fuentesfidedignas.com.mx\\\/index.php\\\/2022\\\/02\\\/03\\\/entra-en-operacion-el-primer-banco-del-bienestar-en-ahome\\\/#respond\"]}]},{\"@type\":\"WebPage\",\"@id\":\"https:\\\/\\\/fuentesfidedignas.com.mx\\\/index.php\\\/2022\\\/02\\\/03\\\/entra-en-operacion-el-primer-banco-del-bienestar-en-ahome\\\/\",\"url\":\"https:\\\/\\\/fuentesfidedignas.com.mx\\\/index.php\\\/2022\\\/02\\\/03\\\/entra-en-operacion-el-primer-banco-del-bienestar-en-ahome\\\/\",\"name\":\"Entra en operaci\u00f3n el primer Banco del Bienestar en Ahome - Fuentes Fidedignas\",\"isPartOf\":{\"@id\":\"https:\\\/\\\/fuentesfidedignas.com.mx\\\/#website\"},\"primaryImageOfPage\":{\"@id\":\"https:\\\/\\\/fuentesfidedignas.com.mx\\\/index.php\\\/2022\\\/02\\\/03\\\/entra-en-operacion-el-primer-banco-del-bienestar-en-ahome\\\/#primaryimage\"},\"image\":{\"@id\":\"https:\\\/\\\/fuentesfidedignas.com.mx\\\/index.php\\\/2022\\\/02\\\/03\\\/entra-en-operacion-el-primer-banco-del-bienestar-en-ahome\\\/#primaryimage\"},\"thumbnailUrl\":\"https:\\\/\\\/fuentesfidedignas.com.mx\\\/wp-content\\\/uploads\\\/2022\\\/02\\\/IMG-20220203-WA0063.jpg\",\"datePublished\":\"2022-02-03T21:44:59+00:00\",\"dateModified\":\"2022-02-03T21:45:19+00:00\",\"breadcrumb\":{\"@id\":\"https:\\\/\\\/fuentesfidedignas.com.mx\\\/index.php\\\/2022\\\/02\\\/03\\\/entra-en-operacion-el-primer-banco-del-bienestar-en-ahome\\\/#breadcrumb\"},\"inLanguage\":\"es\",\"potentialAction\":[{\"@type\":\"ReadAction\",\"target\":[\"https:\\\/\\\/fuentesfidedignas.com.mx\\\/index.php\\\/2022\\\/02\\\/03\\\/entra-en-operacion-el-primer-banco-del-bienestar-en-ahome\\\/\"]}]},{\"@type\":\"ImageObject\",\"inLanguage\":\"es\",\"@id\":\"https:\\\/\\\/fuentesfidedignas.com.mx\\\/index.php\\\/2022\\\/02\\\/03\\\/entra-en-operacion-el-primer-banco-del-bienestar-en-ahome\\\/#primaryimage\",\"url\":\"https:\\\/\\\/fuentesfidedignas.com.mx\\\/wp-content\\\/uploads\\\/2022\\\/02\\\/IMG-20220203-WA0063.jpg\",\"contentUrl\":\"https:\\\/\\\/fuentesfidedignas.com.mx\\\/wp-content\\\/uploads\\\/2022\\\/02\\\/IMG-20220203-WA0063.jpg\",\"width\":1599,\"height\":1066},{\"@type\":\"BreadcrumbList\",\"@id\":\"https:\\\/\\\/fuentesfidedignas.com.mx\\\/index.php\\\/2022\\\/02\\\/03\\\/entra-en-operacion-el-primer-banco-del-bienestar-en-ahome\\\/#breadcrumb\",\"itemListElement\":[{\"@type\":\"ListItem\",\"position\":1,\"name\":\"Inicio\",\"item\":\"https:\\\/\\\/fuentesfidedignas.com.mx\\\/\"},{\"@type\":\"ListItem\",\"position\":2,\"name\":\"Entra en operaci\u00f3n el primer Banco del Bienestar en Ahome\"}]},{\"@type\":\"WebSite\",\"@id\":\"https:\\\/\\\/fuentesfidedignas.com.mx\\\/#website\",\"url\":\"https:\\\/\\\/fuentesfidedignas.com.mx\\\/\",\"name\":\"Fuentes Fidedignas\",\"description\":\"Otro sitio realizado con WordPress\",\"publisher\":{\"@id\":\"https:\\\/\\\/fuentesfidedignas.com.mx\\\/#organization\"},\"potentialAction\":[{\"@type\":\"SearchAction\",\"target\":{\"@type\":\"EntryPoint\",\"urlTemplate\":\"https:\\\/\\\/fuentesfidedignas.com.mx\\\/?s={search_term_string}\"},\"query-input\":{\"@type\":\"PropertyValueSpecification\",\"valueRequired\":true,\"valueName\":\"search_term_string\"}}],\"inLanguage\":\"es\"},{\"@type\":\"Organization\",\"@id\":\"https:\\\/\\\/fuentesfidedignas.com.mx\\\/#organization\",\"name\":\"Fuentes Fidedignas\",\"url\":\"https:\\\/\\\/fuentesfidedignas.com.mx\\\/\",\"logo\":{\"@type\":\"ImageObject\",\"inLanguage\":\"es\",\"@id\":\"https:\\\/\\\/fuentesfidedignas.com.mx\\\/#\\\/schema\\\/logo\\\/image\\\/\",\"url\":\"https:\\\/\\\/fuentesfidedignas.com.mx\\\/wp-content\\\/uploads\\\/2021\\\/04\\\/logo-retina.png\",\"contentUrl\":\"https:\\\/\\\/fuentesfidedignas.com.mx\\\/wp-content\\\/uploads\\\/2021\\\/04\\\/logo-retina.png\",\"width\":280,\"height\":51,\"caption\":\"Fuentes Fidedignas\"},\"image\":{\"@id\":\"https:\\\/\\\/fuentesfidedignas.com.mx\\\/#\\\/schema\\\/logo\\\/image\\\/\"},\"sameAs\":[\"https:\\\/\\\/www.facebook.com\\\/Fuentes-Fidedignas-368234489921644\",\"https:\\\/\\\/x.com\\\/fidedignas\"]},{\"@type\":\"Person\",\"@id\":\"https:\\\/\\\/fuentesfidedignas.com.mx\\\/#\\\/schema\\\/person\\\/331be9283d37198e2acd5750279085b0\",\"name\":\"Redacci\u00f3n\",\"image\":{\"@type\":\"ImageObject\",\"inLanguage\":\"es\",\"@id\":\"https:\\\/\\\/secure.gravatar.com\\\/avatar\\\/f6d8782c11d12b2d4ad3fbb6931aeab5309937a4d6cd2fc9cfaa28a6396a5aec?s=96&d=mm&r=g\",\"url\":\"https:\\\/\\\/secure.gravatar.com\\\/avatar\\\/f6d8782c11d12b2d4ad3fbb6931aeab5309937a4d6cd2fc9cfaa28a6396a5aec?s=96&d=mm&r=g\",\"contentUrl\":\"https:\\\/\\\/secure.gravatar.com\\\/avatar\\\/f6d8782c11d12b2d4ad3fbb6931aeab5309937a4d6cd2fc9cfaa28a6396a5aec?s=96&d=mm&r=g\",\"caption\":\"Redacci\u00f3n\"},\"url\":\"https:\\\/\\\/fuentesfidedignas.com.mx\\\/index.php\\\/author\\\/redaccion\\\/\"}]}<\/script>\n<!-- \/ Yoast SEO plugin. -->","yoast_head_json":{"title":"Entra en operaci\u00f3n el primer Banco del Bienestar en Ahome - Fuentes Fidedignas","robots":{"index":"index","follow":"follow","max-snippet":"max-snippet:-1","max-image-preview":"max-image-preview:large","max-video-preview":"max-video-preview:-1"},"canonical":"https:\/\/fuentesfidedignas.com.mx\/index.php\/2022\/02\/03\/entra-en-operacion-el-primer-banco-del-bienestar-en-ahome\/","og_locale":"es_MX","og_type":"article","og_title":"Entra en operaci\u00f3n el primer Banco del Bienestar en Ahome - Fuentes Fidedignas","og_description":"Gerardo Vargas Landeros, presidente municipal de Ahome explic\u00f3 que con este tipo de acciones el Presidente de M\u00e9xico, Andr\u00e9s Manuel L\u00f3pez Obrador, est\u00e1 m\u00e1s cerca de los grupos vulnerables Ahome, Sin.- Con el objetivo de contar con un centro integrador que permita incorporar y atender a todas las personas que tienen alg\u00fan programa social, el [&hellip;]","og_url":"https:\/\/fuentesfidedignas.com.mx\/index.php\/2022\/02\/03\/entra-en-operacion-el-primer-banco-del-bienestar-en-ahome\/","og_site_name":"Fuentes Fidedignas","article_publisher":"https:\/\/www.facebook.com\/Fuentes-Fidedignas-368234489921644","article_published_time":"2022-02-03T21:44:59+00:00","article_modified_time":"2022-02-03T21:45:19+00:00","og_image":[{"width":1599,"height":1066,"url":"https:\/\/fuentesfidedignas.com.mx\/wp-content\/uploads\/2022\/02\/IMG-20220203-WA0063.jpg","type":"image\/jpeg"}],"author":"Redacci\u00f3n","twitter_card":"summary_large_image","twitter_creator":"@fidedignas","twitter_site":"@fidedignas","twitter_misc":{"Escrito por":"Redacci\u00f3n","Tiempo de lectura":"3 minutos"},"schema":{"@context":"https:\/\/schema.org","@graph":[{"@type":"Article","@id":"https:\/\/fuentesfidedignas.com.mx\/index.php\/2022\/02\/03\/entra-en-operacion-el-primer-banco-del-bienestar-en-ahome\/#article","isPartOf":{"@id":"https:\/\/fuentesfidedignas.com.mx\/index.php\/2022\/02\/03\/entra-en-operacion-el-primer-banco-del-bienestar-en-ahome\/"},"author":{"name":"Redacci\u00f3n","@id":"https:\/\/fuentesfidedignas.com.mx\/#\/schema\/person\/331be9283d37198e2acd5750279085b0"},"headline":"Entra en operaci\u00f3n el primer Banco del Bienestar en Ahome","datePublished":"2022-02-03T21:44:59+00:00","dateModified":"2022-02-03T21:45:19+00:00","mainEntityOfPage":{"@id":"https:\/\/fuentesfidedignas.com.mx\/index.php\/2022\/02\/03\/entra-en-operacion-el-primer-banco-del-bienestar-en-ahome\/"},"wordCount":495,"commentCount":0,"publisher":{"@id":"https:\/\/fuentesfidedignas.com.mx\/#organization"},"image":{"@id":"https:\/\/fuentesfidedignas.com.mx\/index.php\/2022\/02\/03\/entra-en-operacion-el-primer-banco-del-bienestar-en-ahome\/#primaryimage"},"thumbnailUrl":"https:\/\/fuentesfidedignas.com.mx\/wp-content\/uploads\/2022\/02\/IMG-20220203-WA0063.jpg","keywords":["Ayuntamiento de Ahome","Gerardo Vargas Landeros","Programas del Bienestar"],"articleSection":["NOTICIAS LOCALES"],"inLanguage":"es","potentialAction":[{"@type":"CommentAction","name":"Comment","target":["https:\/\/fuentesfidedignas.com.mx\/index.php\/2022\/02\/03\/entra-en-operacion-el-primer-banco-del-bienestar-en-ahome\/#respond"]}]},{"@type":"WebPage","@id":"https:\/\/fuentesfidedignas.com.mx\/index.php\/2022\/02\/03\/entra-en-operacion-el-primer-banco-del-bienestar-en-ahome\/","url":"https:\/\/fuentesfidedignas.com.mx\/index.php\/2022\/02\/03\/entra-en-operacion-el-primer-banco-del-bienestar-en-ahome\/","name":"Entra en operaci\u00f3n el primer Banco del Bienestar en Ahome - Fuentes Fidedignas","isPartOf":{"@id":"https:\/\/fuentesfidedignas.com.mx\/#website"},"primaryImageOfPage":{"@id":"https:\/\/fuentesfidedignas.com.mx\/index.php\/2022\/02\/03\/entra-en-operacion-el-primer-banco-del-bienestar-en-ahome\/#primaryimage"},"image":{"@id":"https:\/\/fuentesfidedignas.com.mx\/index.php\/2022\/02\/03\/entra-en-operacion-el-primer-banco-del-bienestar-en-ahome\/#primaryimage"},"thumbnailUrl":"https:\/\/fuentesfidedignas.com.mx\/wp-content\/uploads\/2022\/02\/IMG-20220203-WA0063.jpg","datePublished":"2022-02-03T21:44:59+00:00","dateModified":"2022-02-03T21:45:19+00:00","breadcrumb":{"@id":"https:\/\/fuentesfidedignas.com.mx\/index.php\/2022\/02\/03\/entra-en-operacion-el-primer-banco-del-bienestar-en-ahome\/#breadcrumb"},"inLanguage":"es","potentialAction":[{"@type":"ReadAction","target":["https:\/\/fuentesfidedignas.com.mx\/index.php\/2022\/02\/03\/entra-en-operacion-el-primer-banco-del-bienestar-en-ahome\/"]}]},{"@type":"ImageObject","inLanguage":"es","@id":"https:\/\/fuentesfidedignas.com.mx\/index.php\/2022\/02\/03\/entra-en-operacion-el-primer-banco-del-bienestar-en-ahome\/#primaryimage","url":"https:\/\/fuentesfidedignas.com.mx\/wp-content\/uploads\/2022\/02\/IMG-20220203-WA0063.jpg","contentUrl":"https:\/\/fuentesfidedignas.com.mx\/wp-content\/uploads\/2022\/02\/IMG-20220203-WA0063.jpg","width":1599,"height":1066},{"@type":"BreadcrumbList","@id":"https:\/\/fuentesfidedignas.com.mx\/index.php\/2022\/02\/03\/entra-en-operacion-el-primer-banco-del-bienestar-en-ahome\/#breadcrumb","itemListElement":[{"@type":"ListItem","position":1,"name":"Inicio","item":"https:\/\/fuentesfidedignas.com.mx\/"},{"@type":"ListItem","position":2,"name":"Entra en operaci\u00f3n el primer Banco del Bienestar en Ahome"}]},{"@type":"WebSite","@id":"https:\/\/fuentesfidedignas.com.mx\/#website","url":"https:\/\/fuentesfidedignas.com.mx\/","name":"Fuentes Fidedignas","description":"Otro sitio realizado con WordPress","publisher":{"@id":"https:\/\/fuentesfidedignas.com.mx\/#organization"},"potentialAction":[{"@type":"SearchAction","target":{"@type":"EntryPoint","urlTemplate":"https:\/\/fuentesfidedignas.com.mx\/?s={search_term_string}"},"query-input":{"@type":"PropertyValueSpecification","valueRequired":true,"valueName":"search_term_string"}}],"inLanguage":"es"},{"@type":"Organization","@id":"https:\/\/fuentesfidedignas.com.mx\/#organization","name":"Fuentes Fidedignas","url":"https:\/\/fuentesfidedignas.com.mx\/","logo":{"@type":"ImageObject","inLanguage":"es","@id":"https:\/\/fuentesfidedignas.com.mx\/#\/schema\/logo\/image\/","url":"https:\/\/fuentesfidedignas.com.mx\/wp-content\/uploads\/2021\/04\/logo-retina.png","contentUrl":"https:\/\/fuentesfidedignas.com.mx\/wp-content\/uploads\/2021\/04\/logo-retina.png","width":280,"height":51,"caption":"Fuentes Fidedignas"},"image":{"@id":"https:\/\/fuentesfidedignas.com.mx\/#\/schema\/logo\/image\/"},"sameAs":["https:\/\/www.facebook.com\/Fuentes-Fidedignas-368234489921644","https:\/\/x.com\/fidedignas"]},{"@type":"Person","@id":"https:\/\/fuentesfidedignas.com.mx\/#\/schema\/person\/331be9283d37198e2acd5750279085b0","name":"Redacci\u00f3n","image":{"@type":"ImageObject","inLanguage":"es","@id":"https:\/\/secure.gravatar.com\/avatar\/f6d8782c11d12b2d4ad3fbb6931aeab5309937a4d6cd2fc9cfaa28a6396a5aec?s=96&d=mm&r=g","url":"https:\/\/secure.gravatar.com\/avatar\/f6d8782c11d12b2d4ad3fbb6931aeab5309937a4d6cd2fc9cfaa28a6396a5aec?s=96&d=mm&r=g","contentUrl":"https:\/\/secure.gravatar.com\/avatar\/f6d8782c11d12b2d4ad3fbb6931aeab5309937a4d6cd2fc9cfaa28a6396a5aec?s=96&d=mm&r=g","caption":"Redacci\u00f3n"},"url":"https:\/\/fuentesfidedignas.com.mx\/index.php\/author\/redaccion\/"}]}},"_links":{"self":[{"href":"https:\/\/fuentesfidedignas.com.mx\/index.php\/wp-json\/wp\/v2\/posts\/23303","targetHints":{"allow":["GET"]}}],"collection":[{"href":"https:\/\/fuentesfidedignas.com.mx\/index.php\/wp-json\/wp\/v2\/posts"}],"about":[{"href":"https:\/\/fuentesfidedignas.com.mx\/index.php\/wp-json\/wp\/v2\/types\/post"}],"author":[{"embeddable":true,"href":"https:\/\/fuentesfidedignas.com.mx\/index.php\/wp-json\/wp\/v2\/users\/4"}],"replies":[{"embeddable":true,"href":"https:\/\/fuentesfidedignas.com.mx\/index.php\/wp-json\/wp\/v2\/comments?post=23303"}],"version-history":[{"count":1,"href":"https:\/\/fuentesfidedignas.com.mx\/index.php\/wp-json\/wp\/v2\/posts\/23303\/revisions"}],"predecessor-version":[{"id":23304,"href":"https:\/\/fuentesfidedignas.com.mx\/index.php\/wp-json\/wp\/v2\/posts\/23303\/revisions\/23304"}],"wp:featuredmedia":[{"embeddable":true,"href":"https:\/\/fuentesfidedignas.com.mx\/index.php\/wp-json\/wp\/v2\/media\/23305"}],"wp:attachment":[{"href":"https:\/\/fuentesfidedignas.com.mx\/index.php\/wp-json\/wp\/v2\/media?parent=23303"}],"wp:term":[{"taxonomy":"category","embeddable":true,"href":"https:\/\/fuentesfidedignas.com.mx\/index.php\/wp-json\/wp\/v2\/categories?post=23303"},{"taxonomy":"post_tag","embeddable":true,"href":"https:\/\/fuentesfidedignas.com.mx\/index.php\/wp-json\/wp\/v2\/tags?post=23303"}],"curies":[{"name":"wp","href":"https:\/\/api.w.org\/{rel}","templated":true}]}}