{"id":23266,"date":"2022-02-03T06:22:39","date_gmt":"2022-02-03T13:22:39","guid":{"rendered":"https:\/\/fuentesfidedignas.com.mx\/?p=23266"},"modified":"2022-02-03T12:12:32","modified_gmt":"2022-02-03T19:12:32","slug":"la-dea-revelo-al-mayito-flaco-heredero-del-mayo-en-el-cartel-de-sinaloa","status":"publish","type":"post","link":"https:\/\/fuentesfidedignas.com.mx\/index.php\/2022\/02\/03\/la-dea-revelo-al-mayito-flaco-heredero-del-mayo-en-el-cartel-de-sinaloa\/","title":{"rendered":"La DEA revel\u00f3 al \u201cMayito Flaco\u201d, heredero del Mayo en el C\u00e1rtel de Sinaloa"},"content":{"rendered":"\n<p><em><strong>Las operaciones atribuidas a Ismael Zambada Sicairos fueron presentadas desde 2013 en la Corte del Distrito Sur de California, donde se acusa que comenz\u00f3 sus actividades a los 23 a\u00f1os con el tr\u00e1fico de metanfetaminas desde Asia<\/strong><\/em><\/p>\n\n\n\n<p>De&nbsp;Ismael Zambada Sicairos,&nbsp;el&nbsp;<em>Mayito Flaco<\/em>&nbsp;y\/o<em>&nbsp;Caballero<\/em>, no hab\u00edan trascendido im\u00e1genes y se ha mantenido en la sombra del&nbsp;C\u00e1rtel de Sinaloa&nbsp;que dirige su padre,&nbsp;Ismael Zambada Garc\u00eda,&nbsp;el&nbsp;<em>Mayo<\/em>, pero la Administraci\u00f3n del Control de Drogas (DEA) de&nbsp;Estados<a href=\"https:\/\/www.infobae.com\/america\/mexico\/2022\/02\/02\/como-contacto-el-gobierno-de-putin-al-cientifico-mexicano-acusado-de-espia-en-eeuu\/\" target=\"_blank\" rel=\"noreferrer noopener\"> <\/a>Unidos&nbsp;ya lo incluy\u00f3 en su lista de fugitivos, donde revel\u00f3 c\u00f3mo luce el supuesto heredero en el imperio criminal.<\/p>\n\n\n\n<p>Las acusaciones en contra del&nbsp;<em>Mayito<\/em>&nbsp;Flaco&nbsp;fueron p\u00fablicas en enero de&nbsp;2015, pero dos a\u00f1os antes hab\u00eda sido imputado junto con su hermano&nbsp;Ismael Zambada Imperial,&nbsp;el&nbsp;<em>Mayito Gordo<\/em>, as\u00ed como el jefe del c\u00e1rtel m\u00e1s establecido en M\u00e9xico. Tambi\u00e9n se incluy\u00f3 a otros 57 presuntos delincuentes, entre hijos de&nbsp;Joaqu\u00edn Guzm\u00e1n Loera,&nbsp;el<em>&nbsp;Chapo<\/em>, y de&nbsp;D\u00e1maso L\u00f3pez N\u00fa\u00f1ez,&nbsp;el&nbsp;<em>Licenciado<\/em>.<\/p>\n\n\n\n<p>De las fotograf\u00edas difundidas sobre el&nbsp;<em>MayitoGordo<\/em>, la&nbsp;DEA&nbsp;muestra una imagen similar en el&nbsp;<em>MayitoFlaco<\/em>. Aunque ambos se parecen, probablemente por su origen, tambi\u00e9n destacan rasgos que permiten identificarlos, como el uso del cabello. Sin embargo, el segundo sigue pr\u00f3fugo, mientras que el primero de ellos fue detenido en&nbsp;Culiac\u00e1n&nbsp;en 2014, acept\u00f3 la culpabilidad en la&nbsp;Corte de San Diego&nbsp;el a\u00f1o pasado y su sentencia est\u00e1 programada para abril de 2022.<\/p>\n\n\n\n<p>El color de pelo del<em>&nbsp;Mayito Flaco<\/em>&nbsp;es marr\u00f3n al igual que los ojos, aunque&nbsp;la imagen&nbsp;est\u00e1 en blanco y negro. Actualmente rondar\u00eda los 40 a\u00f1os, debido a que su a\u00f1o de nacimiento est\u00e1 registrado en&nbsp;1982. Y su \u00faltima direcci\u00f3n conocida ni siquiera lo ubica en&nbsp;Sinaloa, sino en alg\u00fan lugar del territorio mexicano. La fotograf\u00eda de la dependencia norteamericana lo representa como alguien fr\u00edo y serio. Justo despu\u00e9s del listado en que est\u00e1 su padre.<img decoding=\"async\" height=\"786\" width=\"1466\" srcset=\"https:\/\/www.infobae.com\/new-resizer\/nFji_9rm0h2OfE_upqHghtKbIPc=\/420x236\/filters:format(webp):quality(85)\/cloudfront-us-east-1.images.arcpublishing.com\/infobae\/NO7GIIJ72VAJ3LIXDPOIETWI5U.jpg 420w,https:\/\/www.infobae.com\/new-resizer\/CJCh_6oYIBzLF3c0SGLvdWZ93Ao=\/768x432\/filters:format(webp):quality(85)\/cloudfront-us-east-1.images.arcpublishing.com\/infobae\/NO7GIIJ72VAJ3LIXDPOIETWI5U.jpg 768w,https:\/\/www.infobae.com\/new-resizer\/xKzX2t2GHQza7VA4zR7psgaynhk=\/992x558\/filters:format(webp):quality(85)\/cloudfront-us-east-1.images.arcpublishing.com\/infobae\/NO7GIIJ72VAJ3LIXDPOIETWI5U.jpg 992w,https:\/\/www.infobae.com\/new-resizer\/w7Bt2TU2Sw_LyFW8Lt9CQLFvnKQ=\/1200x675\/filters:format(webp):quality(85)\/cloudfront-us-east-1.images.arcpublishing.com\/infobae\/NO7GIIJ72VAJ3LIXDPOIETWI5U.jpg 1200w,https:\/\/www.infobae.com\/new-resizer\/err80jmzLwaaFdfIv55OMZcdJmo=\/1440x810\/filters:format(webp):quality(85)\/cloudfront-us-east-1.images.arcpublishing.com\/infobae\/NO7GIIJ72VAJ3LIXDPOIETWI5U.jpg 1440w\" src=\"https:\/\/www.infobae.com\/new-resizer\/nFji_9rm0h2OfE_upqHghtKbIPc=\/420x236\/filters:format(webp):quality(85)\/cloudfront-us-east-1.images.arcpublishing.com\/infobae\/NO7GIIJ72VAJ3LIXDPOIETWI5U.jpg%20420w\" alt=\"Se trata del hijo del Mayo que sigue pr\u00f3fugo y se perfila como heredero natural en el C\u00e1rtel de Sinaloa (Foto: DEA\/Departamento de Justicia)\"><em>Se trata del hijo del Mayo que sigue pr\u00f3fugo y se perfila como heredero natural en el C\u00e1rtel de Sinaloa (Foto: DEA\/Departamento de Justicia)<\/em><\/p>\n\n\n\n<p>Seg\u00fan informes de la agencia estadounidense,&nbsp;Zambada Sicairos&nbsp;enfrenta cargos en el&nbsp;Distrito Sur de California&nbsp;por el intento y conspiraci\u00f3n de narc\u00f3ticos, de acuerdo a violaciones federales estipuladas en el T\u00edtulo 21 y C\u00f3digo \u00a7 846. La denuncia conocida fue presentada en septiembre de 2013, donde tambi\u00e9n figura&nbsp;Iv\u00e1n Archivaldo Guzm\u00e1n,&nbsp;el&nbsp;<em>Chapito<\/em>&nbsp;y\/o<em>&nbsp;Luis<\/em>.<\/p>\n\n\n\n<p>De acuerdo con la acusaci\u00f3n consultada por<em>&nbsp;Infobae M\u00e9xico<\/em>, el supuesto narcotraficante&nbsp;coordin\u00f3 el transporte de varias cantidades de kilogramos de metanfetaminas desde Asia a M\u00e9xico. Y una vez en este pa\u00eds, logr\u00f3 cruzar la droga por estados fronterizos hasta lo ancho del pa\u00eds estadounidense.<\/p>\n\n\n\n<p>\u201cProvoc\u00f3 adem\u00e1s que se recolectaran ganancias de drogas de clientes en los&nbsp;Estados Unidos&nbsp;y se lavaran y transfirieran de los Estados Unidos a M\u00e9xico y otros lugares para el beneficio de los miembros y asociados del&nbsp;Cartel de Sinaloa\u201d, se\u00f1ala el documento.<em><img decoding=\"async\" height=\"928\" width=\"742\" srcset=\"https:\/\/www.infobae.com\/new-resizer\/ZZPyx46CoNn7DxJ0fIow9bdErbA=\/420x560\/filters:format(webp):quality(85)\/cloudfront-us-east-1.images.arcpublishing.com\/infobae\/BT2BASRPKJAT5IGIV6T7F6IDDM.jpg 420w,https:\/\/www.infobae.com\/new-resizer\/GyHnheK7IMSu7p1FzjkAaMbmXVo=\/768x1024\/filters:format(webp):quality(85)\/cloudfront-us-east-1.images.arcpublishing.com\/infobae\/BT2BASRPKJAT5IGIV6T7F6IDDM.jpg 768w,https:\/\/www.infobae.com\/new-resizer\/-ck4urzRCvPmkLPfwS7bVfpBaCc=\/992x1323\/filters:format(webp):quality(85)\/cloudfront-us-east-1.images.arcpublishing.com\/infobae\/BT2BASRPKJAT5IGIV6T7F6IDDM.jpg 992w,https:\/\/www.infobae.com\/new-resizer\/-I1TSh7TphVXNvy7GmNbf9VrMbE=\/1200x1600\/filters:format(webp):quality(85)\/cloudfront-us-east-1.images.arcpublishing.com\/infobae\/BT2BASRPKJAT5IGIV6T7F6IDDM.jpg 1200w\" src=\"https:\/\/www.infobae.com\/new-resizer\/ZZPyx46CoNn7DxJ0fIow9bdErbA=\/420x560\/filters:format(webp):quality(85)\/cloudfront-us-east-1.images.arcpublishing.com\/infobae\/BT2BASRPKJAT5IGIV6T7F6IDDM.jpg%20420w\" alt=\"El tambi\u00e9n conocido como Caballero habr\u00eda comenzado operaciones en el narco desde 2005, cuando ten\u00eda 23 a\u00f1os  (Foto: DEA\/Departamento de Justicia) \">El tambi\u00e9n conocido como Caballero habr\u00eda comenzado operaciones en el narco desde 2005, cuando ten\u00eda 23 a\u00f1os (Foto: DEA\/Departamento de Justicia)<\/em><\/p>\n\n\n\n<p>El&nbsp;Departamento de Justicia&nbsp;ha indicado que el caso que involucra a esta decena de personajes, junto con el&nbsp;<em>Mayito Flaco<\/em>, ha dejado m\u00e1s de 100 acusados y comenz\u00f3 con indagatorias a finales de&nbsp;2011, enfocados en una peque\u00f1a c\u00e9lula de narcomenudistas en&nbsp;National City y Chula Vista.<\/p>\n\n\n\n<p>\u201cPronto se hizo evidente que las drogas estaban siendo suministradas por el Cartel de Sinaloa, y el caso se transform\u00f3 en una investigaci\u00f3n multinacional y multiestatal masiva que ha resultado en decenas de arrestos e incautaciones en San Diego, Los \u00c1ngeles, Riverside, los condados de Bernardino e Imperial a las grandes ciudades de San Francisco, Chicago, Nueva York y Detroit; los estados de Nevada, Texas, Carolina del Sur, Delaware, Pennsylvania, Minnesota, Kentucky, Georgia\u201d.<\/p>\n\n\n\n<p>Los cargos contemplan actividades il\u00edcitas desde mayo de 2005 y al menos, hasta julio de 2014. Lo mismo operaron en&nbsp;Canad\u00e1,&nbsp;Colombia,&nbsp;Ecuador,&nbsp;Venezuela,&nbsp;Costa Rica,&nbsp;Guatemala,&nbsp;Belice,&nbsp;Honduras,&nbsp;Filipinas,&nbsp;China&nbsp;y&nbsp;Gran Breta\u00f1a. Las metanfetaminas eran almacenadas en casas de seguridad en \u00e1reas de&nbsp;Tijuana&nbsp;y&nbsp;Mexicali.<em><img decoding=\"async\" height=\"674\" width=\"1154\" srcset=\"https:\/\/www.infobae.com\/new-resizer\/eZTv5AQihhVxhq5SKH2gEZqbozA=\/992x606\/filters:format(webp):quality(85)\/cloudfront-us-east-1.images.arcpublishing.com\/infobae\/CAVX2VCRVRA7PLCTPCR32DZ6A4.jpg 992w\" src=\"https:\/\/www.infobae.com\/new-resizer\/eZTv5AQihhVxhq5SKH2gEZqbozA=\/992x606\/filters:format(webp):quality(85)\/cloudfront-us-east-1.images.arcpublishing.com\/infobae\/CAVX2VCRVRA7PLCTPCR32DZ6A4.jpg%20992w\" alt=\"Zambada Sicairos aparece en la lista de la DEA debajo de su padre (Foto: DEA\/Departamento de Justicia) \">Zambada Sicairos aparece en la lista de la DEA debajo de su padre (Foto: DEA\/Departamento de Justicia)<\/em><\/p>\n\n\n\n<p>Para esto \u00faltimo se valieron de aviones de carga, aviones privados, submarinos y otras embarcaciones sumergibles y semisumergibles, portacontenedores, embarcaciones de suministro, lanchas r\u00e1pidas, embarcaciones pesqueras, autobuses, vagones de tren, remolques de tractores, camiones , autom\u00f3viles y transportistas interestatales y extranjeros privados y comerciales.<\/p>\n\n\n\n<p>Incluso, las indagatorias permitieron decomisar un avi\u00f3n Cessna Turbo 210 de 1982, dos autos&nbsp;Lamborghini, incluido uno del tipo Murci\u00e9lago; as\u00ed como otro auto&nbsp;Mercedes SLR McLaren&nbsp;y un&nbsp;Nissan 2014 14 GTR.<\/p>\n\n\n\n<p>El&nbsp;<em>Mayo&nbsp;<\/em>Zambada&nbsp;procre\u00f3 al&nbsp;<em>Mayito Flaco<\/em>&nbsp;con&nbsp;Norma Sicairos. Lo cual sum\u00f3 a otros nueve hijos identificados con tres mujeres m\u00e1s:&nbsp;Rosario Niebla,&nbsp;Margarita Imperial&nbsp;y&nbsp;Leticia Ortiz. Los registros se\u00f1alan que el m\u00e1ximo l\u00edder del&nbsp;C\u00e1rtel de Sinaloa&nbsp;esparci\u00f3 su descendencia en al menos 15 nietos y dos bisnietos.<img decoding=\"async\" height=\"892\" width=\"710\" srcset=\"https:\/\/www.infobae.com\/new-resizer\/DIpaZgjWmo5QidwxxlkOlnY-reY=\/420x560\/filters:format(webp):quality(85)\/cloudfront-us-east-1.images.arcpublishing.com\/infobae\/PAEEBA4AE5E3FHMHYOQYMLXSBI.jpg 420w,https:\/\/www.infobae.com\/new-resizer\/GpQU_alvJvS-F6-ya3xZYaWsWR8=\/768x1024\/filters:format(webp):quality(85)\/cloudfront-us-east-1.images.arcpublishing.com\/infobae\/PAEEBA4AE5E3FHMHYOQYMLXSBI.jpg 768w,https:\/\/www.infobae.com\/new-resizer\/0ZoPQECg3tPHhdciVWiPGwiqWyw=\/992x1323\/filters:format(webp):quality(85)\/cloudfront-us-east-1.images.arcpublishing.com\/infobae\/PAEEBA4AE5E3FHMHYOQYMLXSBI.jpg 992w,https:\/\/www.infobae.com\/new-resizer\/IQEloJeUbBPQFz0btFs1uYMYmUw=\/1200x1600\/filters:format(webp):quality(85)\/cloudfront-us-east-1.images.arcpublishing.com\/infobae\/PAEEBA4AE5E3FHMHYOQYMLXSBI.jpg 1200w\" src=\"https:\/\/www.infobae.com\/new-resizer\/DIpaZgjWmo5QidwxxlkOlnY-reY=\/420x560\/filters:format(webp):quality(85)\/cloudfront-us-east-1.images.arcpublishing.com\/infobae\/PAEEBA4AE5E3FHMHYOQYMLXSBI.jpg%20420w\" alt=\"Las acusaciones en que est\u00e1 el Mayito Flaco incluyen al menos a 60 conspiradores  (Foto: DEA\/Departamento de Justicia)\">Las acusaciones en que est\u00e1 el Mayito Flaco incluyen al menos a 60 conspiradores (Foto: DEA\/Departamento de Justicia)<\/p>\n\n\n\n<p>Del tambi\u00e9n conocido como <em>Caballero<\/em>&nbsp;no han trascendido reportes en&nbsp;M\u00e9xico. Se desconocen sus alcances dentro de la organizaci\u00f3n que dirige su padre, pero es el \u00fanico perfilado para suceder en el mando de la organizaci\u00f3n, mientras se mantenga pr\u00f3fugo. Sin embargo, s\u00ed se han difundido videos en redes de supuestos sicarios a sus \u00f3rdenes.<\/p>\n","protected":false},"excerpt":{"rendered":"<p>Las operaciones atribuidas a Ismael Zambada Sicairos fueron presentadas desde 2013 en la Corte del Distrito Sur de California, donde se acusa que comenz\u00f3 sus actividades a los 23 a\u00f1os con el tr\u00e1fico de metanfetaminas desde Asia De&nbsp;Ismael Zambada Sicairos,&nbsp;el&nbsp;Mayito Flaco&nbsp;y\/o&nbsp;Caballero, no hab\u00edan trascendido im\u00e1genes y se ha mantenido en la sombra del&nbsp;C\u00e1rtel de Sinaloa&nbsp;que [&hellip;]<\/p>\n","protected":false},"author":41,"featured_media":23267,"comment_status":"open","ping_status":"open","sticky":false,"template":"","format":"standard","meta":{"tdm_status":"","tdm_grid_status":"","footnotes":""},"categories":[37],"tags":[383,2251,1938],"class_list":{"0":"post-23266","1":"post","2":"type-post","3":"status-publish","4":"format-standard","5":"has-post-thumbnail","7":"category-nota-principal","8":"tag-cartel-de-sinaloa-2","9":"tag-dea","10":"tag-ismael-zambada"},"yoast_head":"<!-- This site is optimized with the Yoast SEO plugin v27.4 - https:\/\/yoast.com\/product\/yoast-seo-wordpress\/ -->\n<title>La DEA revel\u00f3 al \u201cMayito Flaco\u201d, heredero del Mayo en el C\u00e1rtel de Sinaloa - Fuentes Fidedignas<\/title>\n<meta name=\"robots\" content=\"index, follow, max-snippet:-1, max-image-preview:large, max-video-preview:-1\" \/>\n<link rel=\"canonical\" href=\"https:\/\/fuentesfidedignas.com.mx\/index.php\/2022\/02\/03\/la-dea-revelo-al-mayito-flaco-heredero-del-mayo-en-el-cartel-de-sinaloa\/\" \/>\n<meta property=\"og:locale\" content=\"es_MX\" \/>\n<meta property=\"og:type\" content=\"article\" \/>\n<meta property=\"og:title\" content=\"La DEA revel\u00f3 al \u201cMayito Flaco\u201d, heredero del Mayo en el C\u00e1rtel de Sinaloa - Fuentes Fidedignas\" \/>\n<meta property=\"og:description\" content=\"Las operaciones atribuidas a Ismael Zambada Sicairos fueron presentadas desde 2013 en la Corte del Distrito Sur de California, donde se acusa que comenz\u00f3 sus actividades a los 23 a\u00f1os con el tr\u00e1fico de metanfetaminas desde Asia De&nbsp;Ismael Zambada Sicairos,&nbsp;el&nbsp;Mayito Flaco&nbsp;y\/o&nbsp;Caballero, no hab\u00edan trascendido im\u00e1genes y se ha mantenido en la sombra del&nbsp;C\u00e1rtel de Sinaloa&nbsp;que [&hellip;]\" \/>\n<meta property=\"og:url\" content=\"https:\/\/fuentesfidedignas.com.mx\/index.php\/2022\/02\/03\/la-dea-revelo-al-mayito-flaco-heredero-del-mayo-en-el-cartel-de-sinaloa\/\" \/>\n<meta property=\"og:site_name\" content=\"Fuentes Fidedignas\" \/>\n<meta property=\"article:publisher\" content=\"https:\/\/www.facebook.com\/Fuentes-Fidedignas-368234489921644\" \/>\n<meta property=\"article:published_time\" content=\"2022-02-03T13:22:39+00:00\" \/>\n<meta property=\"article:modified_time\" content=\"2022-02-03T19:12:32+00:00\" \/>\n<meta property=\"og:image\" content=\"https:\/\/fuentesfidedignas.com.mx\/wp-content\/uploads\/2022\/02\/MAYITO.jpg\" \/>\n\t<meta property=\"og:image:width\" content=\"943\" \/>\n\t<meta property=\"og:image:height\" content=\"531\" \/>\n\t<meta property=\"og:image:type\" content=\"image\/jpeg\" \/>\n<meta name=\"author\" content=\"Infobae\" \/>\n<meta name=\"twitter:card\" content=\"summary_large_image\" \/>\n<meta name=\"twitter:creator\" content=\"@fidedignas\" \/>\n<meta name=\"twitter:site\" content=\"@fidedignas\" \/>\n<meta name=\"twitter:label1\" content=\"Escrito por\" \/>\n\t<meta name=\"twitter:data1\" content=\"Infobae\" \/>\n\t<meta name=\"twitter:label2\" content=\"Tiempo de lectura\" \/>\n\t<meta name=\"twitter:data2\" content=\"5 minutos\" \/>\n<script type=\"application\/ld+json\" class=\"yoast-schema-graph\">{\"@context\":\"https:\\\/\\\/schema.org\",\"@graph\":[{\"@type\":\"Article\",\"@id\":\"https:\\\/\\\/fuentesfidedignas.com.mx\\\/index.php\\\/2022\\\/02\\\/03\\\/la-dea-revelo-al-mayito-flaco-heredero-del-mayo-en-el-cartel-de-sinaloa\\\/#article\",\"isPartOf\":{\"@id\":\"https:\\\/\\\/fuentesfidedignas.com.mx\\\/index.php\\\/2022\\\/02\\\/03\\\/la-dea-revelo-al-mayito-flaco-heredero-del-mayo-en-el-cartel-de-sinaloa\\\/\"},\"author\":{\"name\":\"Infobae\",\"@id\":\"https:\\\/\\\/fuentesfidedignas.com.mx\\\/#\\\/schema\\\/person\\\/8575896a7c1067d352f6c1cd6582c389\"},\"headline\":\"La DEA revel\u00f3 al \u201cMayito Flaco\u201d, heredero del Mayo en el C\u00e1rtel de Sinaloa\",\"datePublished\":\"2022-02-03T13:22:39+00:00\",\"dateModified\":\"2022-02-03T19:12:32+00:00\",\"mainEntityOfPage\":{\"@id\":\"https:\\\/\\\/fuentesfidedignas.com.mx\\\/index.php\\\/2022\\\/02\\\/03\\\/la-dea-revelo-al-mayito-flaco-heredero-del-mayo-en-el-cartel-de-sinaloa\\\/\"},\"wordCount\":1054,\"commentCount\":0,\"publisher\":{\"@id\":\"https:\\\/\\\/fuentesfidedignas.com.mx\\\/#organization\"},\"image\":{\"@id\":\"https:\\\/\\\/fuentesfidedignas.com.mx\\\/index.php\\\/2022\\\/02\\\/03\\\/la-dea-revelo-al-mayito-flaco-heredero-del-mayo-en-el-cartel-de-sinaloa\\\/#primaryimage\"},\"thumbnailUrl\":\"https:\\\/\\\/fuentesfidedignas.com.mx\\\/wp-content\\\/uploads\\\/2022\\\/02\\\/MAYITO.jpg\",\"keywords\":[\"c\u00e1rtel de Sinaloa\",\"DEA\",\"Ismael Zambada\"],\"articleSection\":[\"NOTA PRINCIPAL\"],\"inLanguage\":\"es\",\"potentialAction\":[{\"@type\":\"CommentAction\",\"name\":\"Comment\",\"target\":[\"https:\\\/\\\/fuentesfidedignas.com.mx\\\/index.php\\\/2022\\\/02\\\/03\\\/la-dea-revelo-al-mayito-flaco-heredero-del-mayo-en-el-cartel-de-sinaloa\\\/#respond\"]}]},{\"@type\":\"WebPage\",\"@id\":\"https:\\\/\\\/fuentesfidedignas.com.mx\\\/index.php\\\/2022\\\/02\\\/03\\\/la-dea-revelo-al-mayito-flaco-heredero-del-mayo-en-el-cartel-de-sinaloa\\\/\",\"url\":\"https:\\\/\\\/fuentesfidedignas.com.mx\\\/index.php\\\/2022\\\/02\\\/03\\\/la-dea-revelo-al-mayito-flaco-heredero-del-mayo-en-el-cartel-de-sinaloa\\\/\",\"name\":\"La DEA revel\u00f3 al \u201cMayito Flaco\u201d, heredero del Mayo en el C\u00e1rtel de Sinaloa - Fuentes Fidedignas\",\"isPartOf\":{\"@id\":\"https:\\\/\\\/fuentesfidedignas.com.mx\\\/#website\"},\"primaryImageOfPage\":{\"@id\":\"https:\\\/\\\/fuentesfidedignas.com.mx\\\/index.php\\\/2022\\\/02\\\/03\\\/la-dea-revelo-al-mayito-flaco-heredero-del-mayo-en-el-cartel-de-sinaloa\\\/#primaryimage\"},\"image\":{\"@id\":\"https:\\\/\\\/fuentesfidedignas.com.mx\\\/index.php\\\/2022\\\/02\\\/03\\\/la-dea-revelo-al-mayito-flaco-heredero-del-mayo-en-el-cartel-de-sinaloa\\\/#primaryimage\"},\"thumbnailUrl\":\"https:\\\/\\\/fuentesfidedignas.com.mx\\\/wp-content\\\/uploads\\\/2022\\\/02\\\/MAYITO.jpg\",\"datePublished\":\"2022-02-03T13:22:39+00:00\",\"dateModified\":\"2022-02-03T19:12:32+00:00\",\"breadcrumb\":{\"@id\":\"https:\\\/\\\/fuentesfidedignas.com.mx\\\/index.php\\\/2022\\\/02\\\/03\\\/la-dea-revelo-al-mayito-flaco-heredero-del-mayo-en-el-cartel-de-sinaloa\\\/#breadcrumb\"},\"inLanguage\":\"es\",\"potentialAction\":[{\"@type\":\"ReadAction\",\"target\":[\"https:\\\/\\\/fuentesfidedignas.com.mx\\\/index.php\\\/2022\\\/02\\\/03\\\/la-dea-revelo-al-mayito-flaco-heredero-del-mayo-en-el-cartel-de-sinaloa\\\/\"]}]},{\"@type\":\"ImageObject\",\"inLanguage\":\"es\",\"@id\":\"https:\\\/\\\/fuentesfidedignas.com.mx\\\/index.php\\\/2022\\\/02\\\/03\\\/la-dea-revelo-al-mayito-flaco-heredero-del-mayo-en-el-cartel-de-sinaloa\\\/#primaryimage\",\"url\":\"https:\\\/\\\/fuentesfidedignas.com.mx\\\/wp-content\\\/uploads\\\/2022\\\/02\\\/MAYITO.jpg\",\"contentUrl\":\"https:\\\/\\\/fuentesfidedignas.com.mx\\\/wp-content\\\/uploads\\\/2022\\\/02\\\/MAYITO.jpg\",\"width\":943,\"height\":531},{\"@type\":\"BreadcrumbList\",\"@id\":\"https:\\\/\\\/fuentesfidedignas.com.mx\\\/index.php\\\/2022\\\/02\\\/03\\\/la-dea-revelo-al-mayito-flaco-heredero-del-mayo-en-el-cartel-de-sinaloa\\\/#breadcrumb\",\"itemListElement\":[{\"@type\":\"ListItem\",\"position\":1,\"name\":\"Inicio\",\"item\":\"https:\\\/\\\/fuentesfidedignas.com.mx\\\/\"},{\"@type\":\"ListItem\",\"position\":2,\"name\":\"La DEA revel\u00f3 al \u201cMayito Flaco\u201d, heredero del Mayo en el C\u00e1rtel de Sinaloa\"}]},{\"@type\":\"WebSite\",\"@id\":\"https:\\\/\\\/fuentesfidedignas.com.mx\\\/#website\",\"url\":\"https:\\\/\\\/fuentesfidedignas.com.mx\\\/\",\"name\":\"Fuentes Fidedignas\",\"description\":\"Otro sitio realizado con WordPress\",\"publisher\":{\"@id\":\"https:\\\/\\\/fuentesfidedignas.com.mx\\\/#organization\"},\"potentialAction\":[{\"@type\":\"SearchAction\",\"target\":{\"@type\":\"EntryPoint\",\"urlTemplate\":\"https:\\\/\\\/fuentesfidedignas.com.mx\\\/?s={search_term_string}\"},\"query-input\":{\"@type\":\"PropertyValueSpecification\",\"valueRequired\":true,\"valueName\":\"search_term_string\"}}],\"inLanguage\":\"es\"},{\"@type\":\"Organization\",\"@id\":\"https:\\\/\\\/fuentesfidedignas.com.mx\\\/#organization\",\"name\":\"Fuentes Fidedignas\",\"url\":\"https:\\\/\\\/fuentesfidedignas.com.mx\\\/\",\"logo\":{\"@type\":\"ImageObject\",\"inLanguage\":\"es\",\"@id\":\"https:\\\/\\\/fuentesfidedignas.com.mx\\\/#\\\/schema\\\/logo\\\/image\\\/\",\"url\":\"https:\\\/\\\/fuentesfidedignas.com.mx\\\/wp-content\\\/uploads\\\/2021\\\/04\\\/logo-retina.png\",\"contentUrl\":\"https:\\\/\\\/fuentesfidedignas.com.mx\\\/wp-content\\\/uploads\\\/2021\\\/04\\\/logo-retina.png\",\"width\":280,\"height\":51,\"caption\":\"Fuentes Fidedignas\"},\"image\":{\"@id\":\"https:\\\/\\\/fuentesfidedignas.com.mx\\\/#\\\/schema\\\/logo\\\/image\\\/\"},\"sameAs\":[\"https:\\\/\\\/www.facebook.com\\\/Fuentes-Fidedignas-368234489921644\",\"https:\\\/\\\/x.com\\\/fidedignas\"]},{\"@type\":\"Person\",\"@id\":\"https:\\\/\\\/fuentesfidedignas.com.mx\\\/#\\\/schema\\\/person\\\/8575896a7c1067d352f6c1cd6582c389\",\"name\":\"Infobae\",\"image\":{\"@type\":\"ImageObject\",\"inLanguage\":\"es\",\"@id\":\"https:\\\/\\\/secure.gravatar.com\\\/avatar\\\/e4ec95706f8d1670343f6526fdcec45474bab17475a851434a64ca12b5acba1c?s=96&d=mm&r=g\",\"url\":\"https:\\\/\\\/secure.gravatar.com\\\/avatar\\\/e4ec95706f8d1670343f6526fdcec45474bab17475a851434a64ca12b5acba1c?s=96&d=mm&r=g\",\"contentUrl\":\"https:\\\/\\\/secure.gravatar.com\\\/avatar\\\/e4ec95706f8d1670343f6526fdcec45474bab17475a851434a64ca12b5acba1c?s=96&d=mm&r=g\",\"caption\":\"Infobae\"},\"url\":\"https:\\\/\\\/fuentesfidedignas.com.mx\\\/index.php\\\/author\\\/infobae\\\/\"}]}<\/script>\n<!-- \/ Yoast SEO plugin. -->","yoast_head_json":{"title":"La DEA revel\u00f3 al \u201cMayito Flaco\u201d, heredero del Mayo en el C\u00e1rtel de Sinaloa - Fuentes Fidedignas","robots":{"index":"index","follow":"follow","max-snippet":"max-snippet:-1","max-image-preview":"max-image-preview:large","max-video-preview":"max-video-preview:-1"},"canonical":"https:\/\/fuentesfidedignas.com.mx\/index.php\/2022\/02\/03\/la-dea-revelo-al-mayito-flaco-heredero-del-mayo-en-el-cartel-de-sinaloa\/","og_locale":"es_MX","og_type":"article","og_title":"La DEA revel\u00f3 al \u201cMayito Flaco\u201d, heredero del Mayo en el C\u00e1rtel de Sinaloa - Fuentes Fidedignas","og_description":"Las operaciones atribuidas a Ismael Zambada Sicairos fueron presentadas desde 2013 en la Corte del Distrito Sur de California, donde se acusa que comenz\u00f3 sus actividades a los 23 a\u00f1os con el tr\u00e1fico de metanfetaminas desde Asia De&nbsp;Ismael Zambada Sicairos,&nbsp;el&nbsp;Mayito Flaco&nbsp;y\/o&nbsp;Caballero, no hab\u00edan trascendido im\u00e1genes y se ha mantenido en la sombra del&nbsp;C\u00e1rtel de Sinaloa&nbsp;que [&hellip;]","og_url":"https:\/\/fuentesfidedignas.com.mx\/index.php\/2022\/02\/03\/la-dea-revelo-al-mayito-flaco-heredero-del-mayo-en-el-cartel-de-sinaloa\/","og_site_name":"Fuentes Fidedignas","article_publisher":"https:\/\/www.facebook.com\/Fuentes-Fidedignas-368234489921644","article_published_time":"2022-02-03T13:22:39+00:00","article_modified_time":"2022-02-03T19:12:32+00:00","og_image":[{"width":943,"height":531,"url":"https:\/\/fuentesfidedignas.com.mx\/wp-content\/uploads\/2022\/02\/MAYITO.jpg","type":"image\/jpeg"}],"author":"Infobae","twitter_card":"summary_large_image","twitter_creator":"@fidedignas","twitter_site":"@fidedignas","twitter_misc":{"Escrito por":"Infobae","Tiempo de lectura":"5 minutos"},"schema":{"@context":"https:\/\/schema.org","@graph":[{"@type":"Article","@id":"https:\/\/fuentesfidedignas.com.mx\/index.php\/2022\/02\/03\/la-dea-revelo-al-mayito-flaco-heredero-del-mayo-en-el-cartel-de-sinaloa\/#article","isPartOf":{"@id":"https:\/\/fuentesfidedignas.com.mx\/index.php\/2022\/02\/03\/la-dea-revelo-al-mayito-flaco-heredero-del-mayo-en-el-cartel-de-sinaloa\/"},"author":{"name":"Infobae","@id":"https:\/\/fuentesfidedignas.com.mx\/#\/schema\/person\/8575896a7c1067d352f6c1cd6582c389"},"headline":"La DEA revel\u00f3 al \u201cMayito Flaco\u201d, heredero del Mayo en el C\u00e1rtel de Sinaloa","datePublished":"2022-02-03T13:22:39+00:00","dateModified":"2022-02-03T19:12:32+00:00","mainEntityOfPage":{"@id":"https:\/\/fuentesfidedignas.com.mx\/index.php\/2022\/02\/03\/la-dea-revelo-al-mayito-flaco-heredero-del-mayo-en-el-cartel-de-sinaloa\/"},"wordCount":1054,"commentCount":0,"publisher":{"@id":"https:\/\/fuentesfidedignas.com.mx\/#organization"},"image":{"@id":"https:\/\/fuentesfidedignas.com.mx\/index.php\/2022\/02\/03\/la-dea-revelo-al-mayito-flaco-heredero-del-mayo-en-el-cartel-de-sinaloa\/#primaryimage"},"thumbnailUrl":"https:\/\/fuentesfidedignas.com.mx\/wp-content\/uploads\/2022\/02\/MAYITO.jpg","keywords":["c\u00e1rtel de Sinaloa","DEA","Ismael Zambada"],"articleSection":["NOTA PRINCIPAL"],"inLanguage":"es","potentialAction":[{"@type":"CommentAction","name":"Comment","target":["https:\/\/fuentesfidedignas.com.mx\/index.php\/2022\/02\/03\/la-dea-revelo-al-mayito-flaco-heredero-del-mayo-en-el-cartel-de-sinaloa\/#respond"]}]},{"@type":"WebPage","@id":"https:\/\/fuentesfidedignas.com.mx\/index.php\/2022\/02\/03\/la-dea-revelo-al-mayito-flaco-heredero-del-mayo-en-el-cartel-de-sinaloa\/","url":"https:\/\/fuentesfidedignas.com.mx\/index.php\/2022\/02\/03\/la-dea-revelo-al-mayito-flaco-heredero-del-mayo-en-el-cartel-de-sinaloa\/","name":"La DEA revel\u00f3 al \u201cMayito Flaco\u201d, heredero del Mayo en el C\u00e1rtel de Sinaloa - Fuentes Fidedignas","isPartOf":{"@id":"https:\/\/fuentesfidedignas.com.mx\/#website"},"primaryImageOfPage":{"@id":"https:\/\/fuentesfidedignas.com.mx\/index.php\/2022\/02\/03\/la-dea-revelo-al-mayito-flaco-heredero-del-mayo-en-el-cartel-de-sinaloa\/#primaryimage"},"image":{"@id":"https:\/\/fuentesfidedignas.com.mx\/index.php\/2022\/02\/03\/la-dea-revelo-al-mayito-flaco-heredero-del-mayo-en-el-cartel-de-sinaloa\/#primaryimage"},"thumbnailUrl":"https:\/\/fuentesfidedignas.com.mx\/wp-content\/uploads\/2022\/02\/MAYITO.jpg","datePublished":"2022-02-03T13:22:39+00:00","dateModified":"2022-02-03T19:12:32+00:00","breadcrumb":{"@id":"https:\/\/fuentesfidedignas.com.mx\/index.php\/2022\/02\/03\/la-dea-revelo-al-mayito-flaco-heredero-del-mayo-en-el-cartel-de-sinaloa\/#breadcrumb"},"inLanguage":"es","potentialAction":[{"@type":"ReadAction","target":["https:\/\/fuentesfidedignas.com.mx\/index.php\/2022\/02\/03\/la-dea-revelo-al-mayito-flaco-heredero-del-mayo-en-el-cartel-de-sinaloa\/"]}]},{"@type":"ImageObject","inLanguage":"es","@id":"https:\/\/fuentesfidedignas.com.mx\/index.php\/2022\/02\/03\/la-dea-revelo-al-mayito-flaco-heredero-del-mayo-en-el-cartel-de-sinaloa\/#primaryimage","url":"https:\/\/fuentesfidedignas.com.mx\/wp-content\/uploads\/2022\/02\/MAYITO.jpg","contentUrl":"https:\/\/fuentesfidedignas.com.mx\/wp-content\/uploads\/2022\/02\/MAYITO.jpg","width":943,"height":531},{"@type":"BreadcrumbList","@id":"https:\/\/fuentesfidedignas.com.mx\/index.php\/2022\/02\/03\/la-dea-revelo-al-mayito-flaco-heredero-del-mayo-en-el-cartel-de-sinaloa\/#breadcrumb","itemListElement":[{"@type":"ListItem","position":1,"name":"Inicio","item":"https:\/\/fuentesfidedignas.com.mx\/"},{"@type":"ListItem","position":2,"name":"La DEA revel\u00f3 al \u201cMayito Flaco\u201d, heredero del Mayo en el C\u00e1rtel de Sinaloa"}]},{"@type":"WebSite","@id":"https:\/\/fuentesfidedignas.com.mx\/#website","url":"https:\/\/fuentesfidedignas.com.mx\/","name":"Fuentes Fidedignas","description":"Otro sitio realizado con WordPress","publisher":{"@id":"https:\/\/fuentesfidedignas.com.mx\/#organization"},"potentialAction":[{"@type":"SearchAction","target":{"@type":"EntryPoint","urlTemplate":"https:\/\/fuentesfidedignas.com.mx\/?s={search_term_string}"},"query-input":{"@type":"PropertyValueSpecification","valueRequired":true,"valueName":"search_term_string"}}],"inLanguage":"es"},{"@type":"Organization","@id":"https:\/\/fuentesfidedignas.com.mx\/#organization","name":"Fuentes Fidedignas","url":"https:\/\/fuentesfidedignas.com.mx\/","logo":{"@type":"ImageObject","inLanguage":"es","@id":"https:\/\/fuentesfidedignas.com.mx\/#\/schema\/logo\/image\/","url":"https:\/\/fuentesfidedignas.com.mx\/wp-content\/uploads\/2021\/04\/logo-retina.png","contentUrl":"https:\/\/fuentesfidedignas.com.mx\/wp-content\/uploads\/2021\/04\/logo-retina.png","width":280,"height":51,"caption":"Fuentes Fidedignas"},"image":{"@id":"https:\/\/fuentesfidedignas.com.mx\/#\/schema\/logo\/image\/"},"sameAs":["https:\/\/www.facebook.com\/Fuentes-Fidedignas-368234489921644","https:\/\/x.com\/fidedignas"]},{"@type":"Person","@id":"https:\/\/fuentesfidedignas.com.mx\/#\/schema\/person\/8575896a7c1067d352f6c1cd6582c389","name":"Infobae","image":{"@type":"ImageObject","inLanguage":"es","@id":"https:\/\/secure.gravatar.com\/avatar\/e4ec95706f8d1670343f6526fdcec45474bab17475a851434a64ca12b5acba1c?s=96&d=mm&r=g","url":"https:\/\/secure.gravatar.com\/avatar\/e4ec95706f8d1670343f6526fdcec45474bab17475a851434a64ca12b5acba1c?s=96&d=mm&r=g","contentUrl":"https:\/\/secure.gravatar.com\/avatar\/e4ec95706f8d1670343f6526fdcec45474bab17475a851434a64ca12b5acba1c?s=96&d=mm&r=g","caption":"Infobae"},"url":"https:\/\/fuentesfidedignas.com.mx\/index.php\/author\/infobae\/"}]}},"_links":{"self":[{"href":"https:\/\/fuentesfidedignas.com.mx\/index.php\/wp-json\/wp\/v2\/posts\/23266","targetHints":{"allow":["GET"]}}],"collection":[{"href":"https:\/\/fuentesfidedignas.com.mx\/index.php\/wp-json\/wp\/v2\/posts"}],"about":[{"href":"https:\/\/fuentesfidedignas.com.mx\/index.php\/wp-json\/wp\/v2\/types\/post"}],"author":[{"embeddable":true,"href":"https:\/\/fuentesfidedignas.com.mx\/index.php\/wp-json\/wp\/v2\/users\/41"}],"replies":[{"embeddable":true,"href":"https:\/\/fuentesfidedignas.com.mx\/index.php\/wp-json\/wp\/v2\/comments?post=23266"}],"version-history":[{"count":2,"href":"https:\/\/fuentesfidedignas.com.mx\/index.php\/wp-json\/wp\/v2\/posts\/23266\/revisions"}],"predecessor-version":[{"id":23292,"href":"https:\/\/fuentesfidedignas.com.mx\/index.php\/wp-json\/wp\/v2\/posts\/23266\/revisions\/23292"}],"wp:featuredmedia":[{"embeddable":true,"href":"https:\/\/fuentesfidedignas.com.mx\/index.php\/wp-json\/wp\/v2\/media\/23267"}],"wp:attachment":[{"href":"https:\/\/fuentesfidedignas.com.mx\/index.php\/wp-json\/wp\/v2\/media?parent=23266"}],"wp:term":[{"taxonomy":"category","embeddable":true,"href":"https:\/\/fuentesfidedignas.com.mx\/index.php\/wp-json\/wp\/v2\/categories?post=23266"},{"taxonomy":"post_tag","embeddable":true,"href":"https:\/\/fuentesfidedignas.com.mx\/index.php\/wp-json\/wp\/v2\/tags?post=23266"}],"curies":[{"name":"wp","href":"https:\/\/api.w.org\/{rel}","templated":true}]}}