{"id":23187,"date":"2022-02-02T07:33:13","date_gmt":"2022-02-02T14:33:13","guid":{"rendered":"https:\/\/fuentesfidedignas.com.mx\/?p=23187"},"modified":"2022-02-02T07:33:14","modified_gmt":"2022-02-02T14:33:14","slug":"amlo-preve-que-la-economia-en-mexico-crezca-5-en-2022-descarta-recesion","status":"publish","type":"post","link":"https:\/\/fuentesfidedignas.com.mx\/index.php\/2022\/02\/02\/amlo-preve-que-la-economia-en-mexico-crezca-5-en-2022-descarta-recesion\/","title":{"rendered":"AMLO prev\u00e9 que la econom\u00eda en M\u00e9xico crezca 5% en 2022; descarta recesi\u00f3n"},"content":{"rendered":"\n<p><strong><em>AMLO se\u00f1ala ser optimista, por lo que consider\u00f3 que el crecimiento econ\u00f3mico del pa\u00eds ser\u00e1 de 5% este a\u00f1o<\/em><\/strong><\/p>\n\n\n\n<p>Ciudad de M\u00e9xico.- El presidente Andr\u00e9s Manuel L\u00f3pez Obrador dijo ser optimista y que en 2022 M\u00e9xico tendr\u00e1 un crecimiento econ\u00f3mico de 5%, adem\u00e1s, previ\u00f3 que para los dos siguientes a\u00f1os que le quedan a su administraci\u00f3n, ser\u00e1 el mismo porcentaje.<\/p>\n\n\n\n<p>\u201cDe 5% (de crecimiento) para que se enojen, porque los expertos y especialistas han dado cuando mucho 2.5% (crecimiento), yo planteo 5%. Tengo informaci\u00f3n y adem\u00e1s soy optimista, quiero que nos vaya bien. imag\u00ednense un gobernante pesimista, no, 5%. De una vez les digo 5% para el 2023, y 5% para el 2024, y mi ideal es que a pesar de la pandemia obtengamos en el sexenio en promedio anual m\u00e1s de 2%. Ahora van a decir los expertos ya lo perdimos\u201d, dijo en conferencia.<\/p>\n\n\n\n<p>En su conferencia matutina, el mandatario descart\u00f3 que el pa\u00eds haya entrado en recesi\u00f3n t\u00e9cnica pese a la contracci\u00f3n del PIB en los dos \u00faltimos trimestres del a\u00f1o pasado y destac\u00f3 que enero fue uno de los meses donde se crearon m\u00e1s empleos en los \u00faltimos 20 a\u00f1os, con 140 mil registros al Instituto Mexicano del Seguro Social (IMSS).<\/p>\n\n\n\n<p>\u201cHablo de que no hay recesi\u00f3n, por eso sostengo de que no aplica su f\u00f3rmula de que si dos trimestres est\u00e1n a bajo de cero, ya con eso decreta la recesi\u00f3n. Creo que (la f\u00f3rmula) se las ense\u00f1aron en el ITAM\u201d, ironiz\u00f3 el mandatario federal.<\/p>\n\n\n\n<p>En la Encuesta de Expectativas Econ\u00f3micas que realiza el Banco de M\u00e9xico, los especialistas bajaron su pron\u00f3stico de crecimiento del PIB para 2022 a 2.20% desde 2.77% de diciembre, y para 2023 se redujo de 2.15% a 2.10%.<\/p>\n","protected":false},"excerpt":{"rendered":"<p>AMLO se\u00f1ala ser optimista, por lo que consider\u00f3 que el crecimiento econ\u00f3mico del pa\u00eds ser\u00e1 de 5% este a\u00f1o Ciudad de M\u00e9xico.- El presidente Andr\u00e9s Manuel L\u00f3pez Obrador dijo ser optimista y que en 2022 M\u00e9xico tendr\u00e1 un crecimiento econ\u00f3mico de 5%, adem\u00e1s, previ\u00f3 que para los dos siguientes a\u00f1os que le quedan a su [&hellip;]<\/p>\n","protected":false},"author":5,"featured_media":23188,"comment_status":"open","ping_status":"open","sticky":false,"template":"","format":"standard","meta":{"tdm_status":"","tdm_grid_status":"","footnotes":""},"categories":[39],"tags":[247,297,485,2332],"class_list":{"0":"post-23187","1":"post","2":"type-post","3":"status-publish","4":"format-standard","5":"has-post-thumbnail","7":"category-noticias-nacionales","8":"tag-amlo","9":"tag-andres-manuel-lopez-obrador","10":"tag-economia","11":"tag-recesion"},"yoast_head":"<!-- This site is optimized with the Yoast SEO plugin v27.5 - https:\/\/yoast.com\/product\/yoast-seo-wordpress\/ -->\n<title>AMLO prev\u00e9 que la econom\u00eda en M\u00e9xico crezca 5% en 2022; descarta recesi\u00f3n - Fuentes Fidedignas<\/title>\n<meta name=\"robots\" content=\"index, follow, max-snippet:-1, max-image-preview:large, max-video-preview:-1\" \/>\n<link rel=\"canonical\" href=\"https:\/\/fuentesfidedignas.com.mx\/index.php\/2022\/02\/02\/amlo-preve-que-la-economia-en-mexico-crezca-5-en-2022-descarta-recesion\/\" \/>\n<meta property=\"og:locale\" content=\"es_MX\" \/>\n<meta property=\"og:type\" content=\"article\" \/>\n<meta property=\"og:title\" content=\"AMLO prev\u00e9 que la econom\u00eda en M\u00e9xico crezca 5% en 2022; descarta recesi\u00f3n - Fuentes Fidedignas\" \/>\n<meta property=\"og:description\" content=\"AMLO se\u00f1ala ser optimista, por lo que consider\u00f3 que el crecimiento econ\u00f3mico del pa\u00eds ser\u00e1 de 5% este a\u00f1o Ciudad de M\u00e9xico.- El presidente Andr\u00e9s Manuel L\u00f3pez Obrador dijo ser optimista y que en 2022 M\u00e9xico tendr\u00e1 un crecimiento econ\u00f3mico de 5%, adem\u00e1s, previ\u00f3 que para los dos siguientes a\u00f1os que le quedan a su [&hellip;]\" \/>\n<meta property=\"og:url\" content=\"https:\/\/fuentesfidedignas.com.mx\/index.php\/2022\/02\/02\/amlo-preve-que-la-economia-en-mexico-crezca-5-en-2022-descarta-recesion\/\" \/>\n<meta property=\"og:site_name\" content=\"Fuentes Fidedignas\" \/>\n<meta property=\"article:publisher\" content=\"https:\/\/www.facebook.com\/Fuentes-Fidedignas-368234489921644\" \/>\n<meta property=\"article:published_time\" content=\"2022-02-02T14:33:13+00:00\" \/>\n<meta property=\"article:modified_time\" content=\"2022-02-02T14:33:14+00:00\" \/>\n<meta property=\"og:image\" content=\"https:\/\/fuentesfidedignas.com.mx\/wp-content\/uploads\/2022\/02\/AMLO_020222.jpg\" \/>\n\t<meta property=\"og:image:width\" content=\"640\" \/>\n\t<meta property=\"og:image:height\" content=\"360\" \/>\n\t<meta property=\"og:image:type\" content=\"image\/jpeg\" \/>\n<meta name=\"author\" content=\"Forbes\" \/>\n<meta name=\"twitter:card\" content=\"summary_large_image\" \/>\n<meta name=\"twitter:creator\" content=\"@fidedignas\" \/>\n<meta name=\"twitter:site\" content=\"@fidedignas\" \/>\n<meta name=\"twitter:label1\" content=\"Escrito por\" \/>\n\t<meta name=\"twitter:data1\" content=\"Forbes\" \/>\n\t<meta name=\"twitter:label2\" content=\"Tiempo de lectura\" \/>\n\t<meta name=\"twitter:data2\" content=\"2 minutos\" \/>\n<script type=\"application\/ld+json\" class=\"yoast-schema-graph\">{\"@context\":\"https:\\\/\\\/schema.org\",\"@graph\":[{\"@type\":\"Article\",\"@id\":\"https:\\\/\\\/fuentesfidedignas.com.mx\\\/index.php\\\/2022\\\/02\\\/02\\\/amlo-preve-que-la-economia-en-mexico-crezca-5-en-2022-descarta-recesion\\\/#article\",\"isPartOf\":{\"@id\":\"https:\\\/\\\/fuentesfidedignas.com.mx\\\/index.php\\\/2022\\\/02\\\/02\\\/amlo-preve-que-la-economia-en-mexico-crezca-5-en-2022-descarta-recesion\\\/\"},\"author\":{\"name\":\"Forbes\",\"@id\":\"https:\\\/\\\/fuentesfidedignas.com.mx\\\/#\\\/schema\\\/person\\\/5623d53fe2e579d825b1679734abcc44\"},\"headline\":\"AMLO prev\u00e9 que la econom\u00eda en M\u00e9xico crezca 5% en 2022; descarta recesi\u00f3n\",\"datePublished\":\"2022-02-02T14:33:13+00:00\",\"dateModified\":\"2022-02-02T14:33:14+00:00\",\"mainEntityOfPage\":{\"@id\":\"https:\\\/\\\/fuentesfidedignas.com.mx\\\/index.php\\\/2022\\\/02\\\/02\\\/amlo-preve-que-la-economia-en-mexico-crezca-5-en-2022-descarta-recesion\\\/\"},\"wordCount\":314,\"commentCount\":0,\"publisher\":{\"@id\":\"https:\\\/\\\/fuentesfidedignas.com.mx\\\/#organization\"},\"image\":{\"@id\":\"https:\\\/\\\/fuentesfidedignas.com.mx\\\/index.php\\\/2022\\\/02\\\/02\\\/amlo-preve-que-la-economia-en-mexico-crezca-5-en-2022-descarta-recesion\\\/#primaryimage\"},\"thumbnailUrl\":\"https:\\\/\\\/fuentesfidedignas.com.mx\\\/wp-content\\\/uploads\\\/2022\\\/02\\\/AMLO_020222.jpg\",\"keywords\":[\"AMLO\",\"Andr\u00e9s Manuel L\u00f3pez Obrador\",\"Econom\u00eda\",\"Recesi\u00f3n\"],\"articleSection\":[\"NOTICIAS NACIONALES\"],\"inLanguage\":\"es\",\"potentialAction\":[{\"@type\":\"CommentAction\",\"name\":\"Comment\",\"target\":[\"https:\\\/\\\/fuentesfidedignas.com.mx\\\/index.php\\\/2022\\\/02\\\/02\\\/amlo-preve-que-la-economia-en-mexico-crezca-5-en-2022-descarta-recesion\\\/#respond\"]}]},{\"@type\":\"WebPage\",\"@id\":\"https:\\\/\\\/fuentesfidedignas.com.mx\\\/index.php\\\/2022\\\/02\\\/02\\\/amlo-preve-que-la-economia-en-mexico-crezca-5-en-2022-descarta-recesion\\\/\",\"url\":\"https:\\\/\\\/fuentesfidedignas.com.mx\\\/index.php\\\/2022\\\/02\\\/02\\\/amlo-preve-que-la-economia-en-mexico-crezca-5-en-2022-descarta-recesion\\\/\",\"name\":\"AMLO prev\u00e9 que la econom\u00eda en M\u00e9xico crezca 5% en 2022; descarta recesi\u00f3n - Fuentes Fidedignas\",\"isPartOf\":{\"@id\":\"https:\\\/\\\/fuentesfidedignas.com.mx\\\/#website\"},\"primaryImageOfPage\":{\"@id\":\"https:\\\/\\\/fuentesfidedignas.com.mx\\\/index.php\\\/2022\\\/02\\\/02\\\/amlo-preve-que-la-economia-en-mexico-crezca-5-en-2022-descarta-recesion\\\/#primaryimage\"},\"image\":{\"@id\":\"https:\\\/\\\/fuentesfidedignas.com.mx\\\/index.php\\\/2022\\\/02\\\/02\\\/amlo-preve-que-la-economia-en-mexico-crezca-5-en-2022-descarta-recesion\\\/#primaryimage\"},\"thumbnailUrl\":\"https:\\\/\\\/fuentesfidedignas.com.mx\\\/wp-content\\\/uploads\\\/2022\\\/02\\\/AMLO_020222.jpg\",\"datePublished\":\"2022-02-02T14:33:13+00:00\",\"dateModified\":\"2022-02-02T14:33:14+00:00\",\"breadcrumb\":{\"@id\":\"https:\\\/\\\/fuentesfidedignas.com.mx\\\/index.php\\\/2022\\\/02\\\/02\\\/amlo-preve-que-la-economia-en-mexico-crezca-5-en-2022-descarta-recesion\\\/#breadcrumb\"},\"inLanguage\":\"es\",\"potentialAction\":[{\"@type\":\"ReadAction\",\"target\":[\"https:\\\/\\\/fuentesfidedignas.com.mx\\\/index.php\\\/2022\\\/02\\\/02\\\/amlo-preve-que-la-economia-en-mexico-crezca-5-en-2022-descarta-recesion\\\/\"]}]},{\"@type\":\"ImageObject\",\"inLanguage\":\"es\",\"@id\":\"https:\\\/\\\/fuentesfidedignas.com.mx\\\/index.php\\\/2022\\\/02\\\/02\\\/amlo-preve-que-la-economia-en-mexico-crezca-5-en-2022-descarta-recesion\\\/#primaryimage\",\"url\":\"https:\\\/\\\/fuentesfidedignas.com.mx\\\/wp-content\\\/uploads\\\/2022\\\/02\\\/AMLO_020222.jpg\",\"contentUrl\":\"https:\\\/\\\/fuentesfidedignas.com.mx\\\/wp-content\\\/uploads\\\/2022\\\/02\\\/AMLO_020222.jpg\",\"width\":640,\"height\":360},{\"@type\":\"BreadcrumbList\",\"@id\":\"https:\\\/\\\/fuentesfidedignas.com.mx\\\/index.php\\\/2022\\\/02\\\/02\\\/amlo-preve-que-la-economia-en-mexico-crezca-5-en-2022-descarta-recesion\\\/#breadcrumb\",\"itemListElement\":[{\"@type\":\"ListItem\",\"position\":1,\"name\":\"Inicio\",\"item\":\"https:\\\/\\\/fuentesfidedignas.com.mx\\\/\"},{\"@type\":\"ListItem\",\"position\":2,\"name\":\"AMLO prev\u00e9 que la econom\u00eda en M\u00e9xico crezca 5% en 2022; descarta recesi\u00f3n\"}]},{\"@type\":\"WebSite\",\"@id\":\"https:\\\/\\\/fuentesfidedignas.com.mx\\\/#website\",\"url\":\"https:\\\/\\\/fuentesfidedignas.com.mx\\\/\",\"name\":\"Fuentes Fidedignas\",\"description\":\"Otro sitio realizado con WordPress\",\"publisher\":{\"@id\":\"https:\\\/\\\/fuentesfidedignas.com.mx\\\/#organization\"},\"potentialAction\":[{\"@type\":\"SearchAction\",\"target\":{\"@type\":\"EntryPoint\",\"urlTemplate\":\"https:\\\/\\\/fuentesfidedignas.com.mx\\\/?s={search_term_string}\"},\"query-input\":{\"@type\":\"PropertyValueSpecification\",\"valueRequired\":true,\"valueName\":\"search_term_string\"}}],\"inLanguage\":\"es\"},{\"@type\":\"Organization\",\"@id\":\"https:\\\/\\\/fuentesfidedignas.com.mx\\\/#organization\",\"name\":\"Fuentes Fidedignas\",\"url\":\"https:\\\/\\\/fuentesfidedignas.com.mx\\\/\",\"logo\":{\"@type\":\"ImageObject\",\"inLanguage\":\"es\",\"@id\":\"https:\\\/\\\/fuentesfidedignas.com.mx\\\/#\\\/schema\\\/logo\\\/image\\\/\",\"url\":\"https:\\\/\\\/fuentesfidedignas.com.mx\\\/wp-content\\\/uploads\\\/2021\\\/04\\\/logo-retina.png\",\"contentUrl\":\"https:\\\/\\\/fuentesfidedignas.com.mx\\\/wp-content\\\/uploads\\\/2021\\\/04\\\/logo-retina.png\",\"width\":280,\"height\":51,\"caption\":\"Fuentes Fidedignas\"},\"image\":{\"@id\":\"https:\\\/\\\/fuentesfidedignas.com.mx\\\/#\\\/schema\\\/logo\\\/image\\\/\"},\"sameAs\":[\"https:\\\/\\\/www.facebook.com\\\/Fuentes-Fidedignas-368234489921644\",\"https:\\\/\\\/x.com\\\/fidedignas\"]},{\"@type\":\"Person\",\"@id\":\"https:\\\/\\\/fuentesfidedignas.com.mx\\\/#\\\/schema\\\/person\\\/5623d53fe2e579d825b1679734abcc44\",\"name\":\"Forbes\",\"image\":{\"@type\":\"ImageObject\",\"inLanguage\":\"es\",\"@id\":\"https:\\\/\\\/secure.gravatar.com\\\/avatar\\\/87ce3dd4e41e60c22a79c758614f01a6bc2469255fc936ec7b15efb9bb5cb66f?s=96&d=mm&r=g\",\"url\":\"https:\\\/\\\/secure.gravatar.com\\\/avatar\\\/87ce3dd4e41e60c22a79c758614f01a6bc2469255fc936ec7b15efb9bb5cb66f?s=96&d=mm&r=g\",\"contentUrl\":\"https:\\\/\\\/secure.gravatar.com\\\/avatar\\\/87ce3dd4e41e60c22a79c758614f01a6bc2469255fc936ec7b15efb9bb5cb66f?s=96&d=mm&r=g\",\"caption\":\"Forbes\"},\"url\":\"https:\\\/\\\/fuentesfidedignas.com.mx\\\/index.php\\\/author\\\/forbes\\\/\"}]}<\/script>\n<!-- \/ Yoast SEO plugin. -->","yoast_head_json":{"title":"AMLO prev\u00e9 que la econom\u00eda en M\u00e9xico crezca 5% en 2022; descarta recesi\u00f3n - Fuentes Fidedignas","robots":{"index":"index","follow":"follow","max-snippet":"max-snippet:-1","max-image-preview":"max-image-preview:large","max-video-preview":"max-video-preview:-1"},"canonical":"https:\/\/fuentesfidedignas.com.mx\/index.php\/2022\/02\/02\/amlo-preve-que-la-economia-en-mexico-crezca-5-en-2022-descarta-recesion\/","og_locale":"es_MX","og_type":"article","og_title":"AMLO prev\u00e9 que la econom\u00eda en M\u00e9xico crezca 5% en 2022; descarta recesi\u00f3n - Fuentes Fidedignas","og_description":"AMLO se\u00f1ala ser optimista, por lo que consider\u00f3 que el crecimiento econ\u00f3mico del pa\u00eds ser\u00e1 de 5% este a\u00f1o Ciudad de M\u00e9xico.- El presidente Andr\u00e9s Manuel L\u00f3pez Obrador dijo ser optimista y que en 2022 M\u00e9xico tendr\u00e1 un crecimiento econ\u00f3mico de 5%, adem\u00e1s, previ\u00f3 que para los dos siguientes a\u00f1os que le quedan a su [&hellip;]","og_url":"https:\/\/fuentesfidedignas.com.mx\/index.php\/2022\/02\/02\/amlo-preve-que-la-economia-en-mexico-crezca-5-en-2022-descarta-recesion\/","og_site_name":"Fuentes Fidedignas","article_publisher":"https:\/\/www.facebook.com\/Fuentes-Fidedignas-368234489921644","article_published_time":"2022-02-02T14:33:13+00:00","article_modified_time":"2022-02-02T14:33:14+00:00","og_image":[{"width":640,"height":360,"url":"https:\/\/fuentesfidedignas.com.mx\/wp-content\/uploads\/2022\/02\/AMLO_020222.jpg","type":"image\/jpeg"}],"author":"Forbes","twitter_card":"summary_large_image","twitter_creator":"@fidedignas","twitter_site":"@fidedignas","twitter_misc":{"Escrito por":"Forbes","Tiempo de lectura":"2 minutos"},"schema":{"@context":"https:\/\/schema.org","@graph":[{"@type":"Article","@id":"https:\/\/fuentesfidedignas.com.mx\/index.php\/2022\/02\/02\/amlo-preve-que-la-economia-en-mexico-crezca-5-en-2022-descarta-recesion\/#article","isPartOf":{"@id":"https:\/\/fuentesfidedignas.com.mx\/index.php\/2022\/02\/02\/amlo-preve-que-la-economia-en-mexico-crezca-5-en-2022-descarta-recesion\/"},"author":{"name":"Forbes","@id":"https:\/\/fuentesfidedignas.com.mx\/#\/schema\/person\/5623d53fe2e579d825b1679734abcc44"},"headline":"AMLO prev\u00e9 que la econom\u00eda en M\u00e9xico crezca 5% en 2022; descarta recesi\u00f3n","datePublished":"2022-02-02T14:33:13+00:00","dateModified":"2022-02-02T14:33:14+00:00","mainEntityOfPage":{"@id":"https:\/\/fuentesfidedignas.com.mx\/index.php\/2022\/02\/02\/amlo-preve-que-la-economia-en-mexico-crezca-5-en-2022-descarta-recesion\/"},"wordCount":314,"commentCount":0,"publisher":{"@id":"https:\/\/fuentesfidedignas.com.mx\/#organization"},"image":{"@id":"https:\/\/fuentesfidedignas.com.mx\/index.php\/2022\/02\/02\/amlo-preve-que-la-economia-en-mexico-crezca-5-en-2022-descarta-recesion\/#primaryimage"},"thumbnailUrl":"https:\/\/fuentesfidedignas.com.mx\/wp-content\/uploads\/2022\/02\/AMLO_020222.jpg","keywords":["AMLO","Andr\u00e9s Manuel L\u00f3pez Obrador","Econom\u00eda","Recesi\u00f3n"],"articleSection":["NOTICIAS NACIONALES"],"inLanguage":"es","potentialAction":[{"@type":"CommentAction","name":"Comment","target":["https:\/\/fuentesfidedignas.com.mx\/index.php\/2022\/02\/02\/amlo-preve-que-la-economia-en-mexico-crezca-5-en-2022-descarta-recesion\/#respond"]}]},{"@type":"WebPage","@id":"https:\/\/fuentesfidedignas.com.mx\/index.php\/2022\/02\/02\/amlo-preve-que-la-economia-en-mexico-crezca-5-en-2022-descarta-recesion\/","url":"https:\/\/fuentesfidedignas.com.mx\/index.php\/2022\/02\/02\/amlo-preve-que-la-economia-en-mexico-crezca-5-en-2022-descarta-recesion\/","name":"AMLO prev\u00e9 que la econom\u00eda en M\u00e9xico crezca 5% en 2022; descarta recesi\u00f3n - Fuentes Fidedignas","isPartOf":{"@id":"https:\/\/fuentesfidedignas.com.mx\/#website"},"primaryImageOfPage":{"@id":"https:\/\/fuentesfidedignas.com.mx\/index.php\/2022\/02\/02\/amlo-preve-que-la-economia-en-mexico-crezca-5-en-2022-descarta-recesion\/#primaryimage"},"image":{"@id":"https:\/\/fuentesfidedignas.com.mx\/index.php\/2022\/02\/02\/amlo-preve-que-la-economia-en-mexico-crezca-5-en-2022-descarta-recesion\/#primaryimage"},"thumbnailUrl":"https:\/\/fuentesfidedignas.com.mx\/wp-content\/uploads\/2022\/02\/AMLO_020222.jpg","datePublished":"2022-02-02T14:33:13+00:00","dateModified":"2022-02-02T14:33:14+00:00","breadcrumb":{"@id":"https:\/\/fuentesfidedignas.com.mx\/index.php\/2022\/02\/02\/amlo-preve-que-la-economia-en-mexico-crezca-5-en-2022-descarta-recesion\/#breadcrumb"},"inLanguage":"es","potentialAction":[{"@type":"ReadAction","target":["https:\/\/fuentesfidedignas.com.mx\/index.php\/2022\/02\/02\/amlo-preve-que-la-economia-en-mexico-crezca-5-en-2022-descarta-recesion\/"]}]},{"@type":"ImageObject","inLanguage":"es","@id":"https:\/\/fuentesfidedignas.com.mx\/index.php\/2022\/02\/02\/amlo-preve-que-la-economia-en-mexico-crezca-5-en-2022-descarta-recesion\/#primaryimage","url":"https:\/\/fuentesfidedignas.com.mx\/wp-content\/uploads\/2022\/02\/AMLO_020222.jpg","contentUrl":"https:\/\/fuentesfidedignas.com.mx\/wp-content\/uploads\/2022\/02\/AMLO_020222.jpg","width":640,"height":360},{"@type":"BreadcrumbList","@id":"https:\/\/fuentesfidedignas.com.mx\/index.php\/2022\/02\/02\/amlo-preve-que-la-economia-en-mexico-crezca-5-en-2022-descarta-recesion\/#breadcrumb","itemListElement":[{"@type":"ListItem","position":1,"name":"Inicio","item":"https:\/\/fuentesfidedignas.com.mx\/"},{"@type":"ListItem","position":2,"name":"AMLO prev\u00e9 que la econom\u00eda en M\u00e9xico crezca 5% en 2022; descarta recesi\u00f3n"}]},{"@type":"WebSite","@id":"https:\/\/fuentesfidedignas.com.mx\/#website","url":"https:\/\/fuentesfidedignas.com.mx\/","name":"Fuentes Fidedignas","description":"Otro sitio realizado con WordPress","publisher":{"@id":"https:\/\/fuentesfidedignas.com.mx\/#organization"},"potentialAction":[{"@type":"SearchAction","target":{"@type":"EntryPoint","urlTemplate":"https:\/\/fuentesfidedignas.com.mx\/?s={search_term_string}"},"query-input":{"@type":"PropertyValueSpecification","valueRequired":true,"valueName":"search_term_string"}}],"inLanguage":"es"},{"@type":"Organization","@id":"https:\/\/fuentesfidedignas.com.mx\/#organization","name":"Fuentes Fidedignas","url":"https:\/\/fuentesfidedignas.com.mx\/","logo":{"@type":"ImageObject","inLanguage":"es","@id":"https:\/\/fuentesfidedignas.com.mx\/#\/schema\/logo\/image\/","url":"https:\/\/fuentesfidedignas.com.mx\/wp-content\/uploads\/2021\/04\/logo-retina.png","contentUrl":"https:\/\/fuentesfidedignas.com.mx\/wp-content\/uploads\/2021\/04\/logo-retina.png","width":280,"height":51,"caption":"Fuentes Fidedignas"},"image":{"@id":"https:\/\/fuentesfidedignas.com.mx\/#\/schema\/logo\/image\/"},"sameAs":["https:\/\/www.facebook.com\/Fuentes-Fidedignas-368234489921644","https:\/\/x.com\/fidedignas"]},{"@type":"Person","@id":"https:\/\/fuentesfidedignas.com.mx\/#\/schema\/person\/5623d53fe2e579d825b1679734abcc44","name":"Forbes","image":{"@type":"ImageObject","inLanguage":"es","@id":"https:\/\/secure.gravatar.com\/avatar\/87ce3dd4e41e60c22a79c758614f01a6bc2469255fc936ec7b15efb9bb5cb66f?s=96&d=mm&r=g","url":"https:\/\/secure.gravatar.com\/avatar\/87ce3dd4e41e60c22a79c758614f01a6bc2469255fc936ec7b15efb9bb5cb66f?s=96&d=mm&r=g","contentUrl":"https:\/\/secure.gravatar.com\/avatar\/87ce3dd4e41e60c22a79c758614f01a6bc2469255fc936ec7b15efb9bb5cb66f?s=96&d=mm&r=g","caption":"Forbes"},"url":"https:\/\/fuentesfidedignas.com.mx\/index.php\/author\/forbes\/"}]}},"_links":{"self":[{"href":"https:\/\/fuentesfidedignas.com.mx\/index.php\/wp-json\/wp\/v2\/posts\/23187","targetHints":{"allow":["GET"]}}],"collection":[{"href":"https:\/\/fuentesfidedignas.com.mx\/index.php\/wp-json\/wp\/v2\/posts"}],"about":[{"href":"https:\/\/fuentesfidedignas.com.mx\/index.php\/wp-json\/wp\/v2\/types\/post"}],"author":[{"embeddable":true,"href":"https:\/\/fuentesfidedignas.com.mx\/index.php\/wp-json\/wp\/v2\/users\/5"}],"replies":[{"embeddable":true,"href":"https:\/\/fuentesfidedignas.com.mx\/index.php\/wp-json\/wp\/v2\/comments?post=23187"}],"version-history":[{"count":1,"href":"https:\/\/fuentesfidedignas.com.mx\/index.php\/wp-json\/wp\/v2\/posts\/23187\/revisions"}],"predecessor-version":[{"id":23189,"href":"https:\/\/fuentesfidedignas.com.mx\/index.php\/wp-json\/wp\/v2\/posts\/23187\/revisions\/23189"}],"wp:featuredmedia":[{"embeddable":true,"href":"https:\/\/fuentesfidedignas.com.mx\/index.php\/wp-json\/wp\/v2\/media\/23188"}],"wp:attachment":[{"href":"https:\/\/fuentesfidedignas.com.mx\/index.php\/wp-json\/wp\/v2\/media?parent=23187"}],"wp:term":[{"taxonomy":"category","embeddable":true,"href":"https:\/\/fuentesfidedignas.com.mx\/index.php\/wp-json\/wp\/v2\/categories?post=23187"},{"taxonomy":"post_tag","embeddable":true,"href":"https:\/\/fuentesfidedignas.com.mx\/index.php\/wp-json\/wp\/v2\/tags?post=23187"}],"curies":[{"name":"wp","href":"https:\/\/api.w.org\/{rel}","templated":true}]}}