{"id":23104,"date":"2022-02-01T10:44:31","date_gmt":"2022-02-01T17:44:31","guid":{"rendered":"https:\/\/fuentesfidedignas.com.mx\/?p=23104"},"modified":"2022-02-01T10:44:32","modified_gmt":"2022-02-01T17:44:32","slug":"subvariante-ba-2-de-omicron-podria-tener-la-misma-gravedad-que-ba-1-oms","status":"publish","type":"post","link":"https:\/\/fuentesfidedignas.com.mx\/index.php\/2022\/02\/01\/subvariante-ba-2-de-omicron-podria-tener-la-misma-gravedad-que-ba-1-oms\/","title":{"rendered":"Subvariante BA.2 de \u00d3micron podr\u00eda tener la misma gravedad que BA.1: OMS"},"content":{"rendered":"\n<p><strong><em>Las vacunas tambi\u00e9n siguen proporcionando una protecci\u00f3n similar contra las diferentes formas de \u00d3micron, dijo el Dr. Boris Pavlin, del Equipo de Respuesta Covid-19 de la OMS.<\/em><\/strong><\/p>\n\n\n\n<p>Ciudad de M\u00e9xico.- La forma emergente BA.2 de la variante \u00d3micron del coronavirus no parece ser m\u00e1s grave que la forma original BA.1, dijo el martes un responsable de la Organizaci\u00f3n Mundial de la Salud.<\/p>\n\n\n\n<p>Las vacunas tambi\u00e9n siguen proporcionando una protecci\u00f3n similar contra las diferentes formas de \u00d3micron, dijo el Dr. Boris Pavlin, del Equipo de Respuesta Covid-19 de la OMS.<\/p>\n\n\n\n<p>Los comentarios llegan en el momento en que la subvariante BA.2 empieza a sustituir en pa\u00edses como Dinamarca a la subvariante \u201coriginal\u201d de \u00d3micron, que es m\u00e1s com\u00fan.<\/p>\n","protected":false},"excerpt":{"rendered":"<p>Las vacunas tambi\u00e9n siguen proporcionando una protecci\u00f3n similar contra las diferentes formas de \u00d3micron, dijo el Dr. Boris Pavlin, del Equipo de Respuesta Covid-19 de la OMS. Ciudad de M\u00e9xico.- La forma emergente BA.2 de la variante \u00d3micron del coronavirus no parece ser m\u00e1s grave que la forma original BA.1, dijo el martes un responsable [&hellip;]<\/p>\n","protected":false},"author":5,"featured_media":23105,"comment_status":"open","ping_status":"open","sticky":false,"template":"","format":"standard","meta":{"tdm_status":"","tdm_grid_status":"","footnotes":""},"categories":[39],"tags":[332,59,416,407],"class_list":{"0":"post-23104","1":"post","2":"type-post","3":"status-publish","4":"format-standard","5":"has-post-thumbnail","7":"category-noticias-nacionales","8":"tag-coronavirus","9":"tag-covid-19","10":"tag-sars-cov-2","11":"tag-vacuna-anticovid"},"yoast_head":"<!-- This site is optimized with the Yoast SEO plugin v27.5 - https:\/\/yoast.com\/product\/yoast-seo-wordpress\/ -->\n<title>Subvariante BA.2 de \u00d3micron podr\u00eda tener la misma gravedad que BA.1: OMS - Fuentes Fidedignas<\/title>\n<meta name=\"robots\" content=\"index, follow, max-snippet:-1, max-image-preview:large, max-video-preview:-1\" \/>\n<link rel=\"canonical\" href=\"https:\/\/fuentesfidedignas.com.mx\/index.php\/2022\/02\/01\/subvariante-ba-2-de-omicron-podria-tener-la-misma-gravedad-que-ba-1-oms\/\" \/>\n<meta property=\"og:locale\" content=\"es_MX\" \/>\n<meta property=\"og:type\" content=\"article\" \/>\n<meta property=\"og:title\" content=\"Subvariante BA.2 de \u00d3micron podr\u00eda tener la misma gravedad que BA.1: OMS - Fuentes Fidedignas\" \/>\n<meta property=\"og:description\" content=\"Las vacunas tambi\u00e9n siguen proporcionando una protecci\u00f3n similar contra las diferentes formas de \u00d3micron, dijo el Dr. Boris Pavlin, del Equipo de Respuesta Covid-19 de la OMS. Ciudad de M\u00e9xico.- La forma emergente BA.2 de la variante \u00d3micron del coronavirus no parece ser m\u00e1s grave que la forma original BA.1, dijo el martes un responsable [&hellip;]\" \/>\n<meta property=\"og:url\" content=\"https:\/\/fuentesfidedignas.com.mx\/index.php\/2022\/02\/01\/subvariante-ba-2-de-omicron-podria-tener-la-misma-gravedad-que-ba-1-oms\/\" \/>\n<meta property=\"og:site_name\" content=\"Fuentes Fidedignas\" \/>\n<meta property=\"article:publisher\" content=\"https:\/\/www.facebook.com\/Fuentes-Fidedignas-368234489921644\" \/>\n<meta property=\"article:published_time\" content=\"2022-02-01T17:44:31+00:00\" \/>\n<meta property=\"article:modified_time\" content=\"2022-02-01T17:44:32+00:00\" \/>\n<meta property=\"og:image\" content=\"https:\/\/fuentesfidedignas.com.mx\/wp-content\/uploads\/2022\/02\/covid-omicron-coronavirus.jpg-1.jpg\" \/>\n\t<meta property=\"og:image:width\" content=\"1280\" \/>\n\t<meta property=\"og:image:height\" content=\"720\" \/>\n\t<meta property=\"og:image:type\" content=\"image\/jpeg\" \/>\n<meta name=\"author\" content=\"Forbes\" \/>\n<meta name=\"twitter:card\" content=\"summary_large_image\" \/>\n<meta name=\"twitter:creator\" content=\"@fidedignas\" \/>\n<meta name=\"twitter:site\" content=\"@fidedignas\" \/>\n<meta name=\"twitter:label1\" content=\"Escrito por\" \/>\n\t<meta name=\"twitter:data1\" content=\"Forbes\" \/>\n\t<meta name=\"twitter:label2\" content=\"Tiempo de lectura\" \/>\n\t<meta name=\"twitter:data2\" content=\"1 minuto\" \/>\n<script type=\"application\/ld+json\" class=\"yoast-schema-graph\">{\"@context\":\"https:\\\/\\\/schema.org\",\"@graph\":[{\"@type\":\"Article\",\"@id\":\"https:\\\/\\\/fuentesfidedignas.com.mx\\\/index.php\\\/2022\\\/02\\\/01\\\/subvariante-ba-2-de-omicron-podria-tener-la-misma-gravedad-que-ba-1-oms\\\/#article\",\"isPartOf\":{\"@id\":\"https:\\\/\\\/fuentesfidedignas.com.mx\\\/index.php\\\/2022\\\/02\\\/01\\\/subvariante-ba-2-de-omicron-podria-tener-la-misma-gravedad-que-ba-1-oms\\\/\"},\"author\":{\"name\":\"Forbes\",\"@id\":\"https:\\\/\\\/fuentesfidedignas.com.mx\\\/#\\\/schema\\\/person\\\/5623d53fe2e579d825b1679734abcc44\"},\"headline\":\"Subvariante BA.2 de \u00d3micron podr\u00eda tener la misma gravedad que BA.1: OMS\",\"datePublished\":\"2022-02-01T17:44:31+00:00\",\"dateModified\":\"2022-02-01T17:44:32+00:00\",\"mainEntityOfPage\":{\"@id\":\"https:\\\/\\\/fuentesfidedignas.com.mx\\\/index.php\\\/2022\\\/02\\\/01\\\/subvariante-ba-2-de-omicron-podria-tener-la-misma-gravedad-que-ba-1-oms\\\/\"},\"wordCount\":141,\"commentCount\":0,\"publisher\":{\"@id\":\"https:\\\/\\\/fuentesfidedignas.com.mx\\\/#organization\"},\"image\":{\"@id\":\"https:\\\/\\\/fuentesfidedignas.com.mx\\\/index.php\\\/2022\\\/02\\\/01\\\/subvariante-ba-2-de-omicron-podria-tener-la-misma-gravedad-que-ba-1-oms\\\/#primaryimage\"},\"thumbnailUrl\":\"https:\\\/\\\/fuentesfidedignas.com.mx\\\/wp-content\\\/uploads\\\/2022\\\/02\\\/covid-omicron-coronavirus.jpg-1.jpg\",\"keywords\":[\"Coronavirus\",\"Covid-19\",\"SARS-CoV-2\",\"Vacuna anticovid\"],\"articleSection\":[\"NOTICIAS NACIONALES\"],\"inLanguage\":\"es\",\"potentialAction\":[{\"@type\":\"CommentAction\",\"name\":\"Comment\",\"target\":[\"https:\\\/\\\/fuentesfidedignas.com.mx\\\/index.php\\\/2022\\\/02\\\/01\\\/subvariante-ba-2-de-omicron-podria-tener-la-misma-gravedad-que-ba-1-oms\\\/#respond\"]}]},{\"@type\":\"WebPage\",\"@id\":\"https:\\\/\\\/fuentesfidedignas.com.mx\\\/index.php\\\/2022\\\/02\\\/01\\\/subvariante-ba-2-de-omicron-podria-tener-la-misma-gravedad-que-ba-1-oms\\\/\",\"url\":\"https:\\\/\\\/fuentesfidedignas.com.mx\\\/index.php\\\/2022\\\/02\\\/01\\\/subvariante-ba-2-de-omicron-podria-tener-la-misma-gravedad-que-ba-1-oms\\\/\",\"name\":\"Subvariante BA.2 de \u00d3micron podr\u00eda tener la misma gravedad que BA.1: OMS - Fuentes Fidedignas\",\"isPartOf\":{\"@id\":\"https:\\\/\\\/fuentesfidedignas.com.mx\\\/#website\"},\"primaryImageOfPage\":{\"@id\":\"https:\\\/\\\/fuentesfidedignas.com.mx\\\/index.php\\\/2022\\\/02\\\/01\\\/subvariante-ba-2-de-omicron-podria-tener-la-misma-gravedad-que-ba-1-oms\\\/#primaryimage\"},\"image\":{\"@id\":\"https:\\\/\\\/fuentesfidedignas.com.mx\\\/index.php\\\/2022\\\/02\\\/01\\\/subvariante-ba-2-de-omicron-podria-tener-la-misma-gravedad-que-ba-1-oms\\\/#primaryimage\"},\"thumbnailUrl\":\"https:\\\/\\\/fuentesfidedignas.com.mx\\\/wp-content\\\/uploads\\\/2022\\\/02\\\/covid-omicron-coronavirus.jpg-1.jpg\",\"datePublished\":\"2022-02-01T17:44:31+00:00\",\"dateModified\":\"2022-02-01T17:44:32+00:00\",\"breadcrumb\":{\"@id\":\"https:\\\/\\\/fuentesfidedignas.com.mx\\\/index.php\\\/2022\\\/02\\\/01\\\/subvariante-ba-2-de-omicron-podria-tener-la-misma-gravedad-que-ba-1-oms\\\/#breadcrumb\"},\"inLanguage\":\"es\",\"potentialAction\":[{\"@type\":\"ReadAction\",\"target\":[\"https:\\\/\\\/fuentesfidedignas.com.mx\\\/index.php\\\/2022\\\/02\\\/01\\\/subvariante-ba-2-de-omicron-podria-tener-la-misma-gravedad-que-ba-1-oms\\\/\"]}]},{\"@type\":\"ImageObject\",\"inLanguage\":\"es\",\"@id\":\"https:\\\/\\\/fuentesfidedignas.com.mx\\\/index.php\\\/2022\\\/02\\\/01\\\/subvariante-ba-2-de-omicron-podria-tener-la-misma-gravedad-que-ba-1-oms\\\/#primaryimage\",\"url\":\"https:\\\/\\\/fuentesfidedignas.com.mx\\\/wp-content\\\/uploads\\\/2022\\\/02\\\/covid-omicron-coronavirus.jpg-1.jpg\",\"contentUrl\":\"https:\\\/\\\/fuentesfidedignas.com.mx\\\/wp-content\\\/uploads\\\/2022\\\/02\\\/covid-omicron-coronavirus.jpg-1.jpg\",\"width\":1280,\"height\":720},{\"@type\":\"BreadcrumbList\",\"@id\":\"https:\\\/\\\/fuentesfidedignas.com.mx\\\/index.php\\\/2022\\\/02\\\/01\\\/subvariante-ba-2-de-omicron-podria-tener-la-misma-gravedad-que-ba-1-oms\\\/#breadcrumb\",\"itemListElement\":[{\"@type\":\"ListItem\",\"position\":1,\"name\":\"Inicio\",\"item\":\"https:\\\/\\\/fuentesfidedignas.com.mx\\\/\"},{\"@type\":\"ListItem\",\"position\":2,\"name\":\"Subvariante BA.2 de \u00d3micron podr\u00eda tener la misma gravedad que BA.1: OMS\"}]},{\"@type\":\"WebSite\",\"@id\":\"https:\\\/\\\/fuentesfidedignas.com.mx\\\/#website\",\"url\":\"https:\\\/\\\/fuentesfidedignas.com.mx\\\/\",\"name\":\"Fuentes Fidedignas\",\"description\":\"Otro sitio realizado con WordPress\",\"publisher\":{\"@id\":\"https:\\\/\\\/fuentesfidedignas.com.mx\\\/#organization\"},\"potentialAction\":[{\"@type\":\"SearchAction\",\"target\":{\"@type\":\"EntryPoint\",\"urlTemplate\":\"https:\\\/\\\/fuentesfidedignas.com.mx\\\/?s={search_term_string}\"},\"query-input\":{\"@type\":\"PropertyValueSpecification\",\"valueRequired\":true,\"valueName\":\"search_term_string\"}}],\"inLanguage\":\"es\"},{\"@type\":\"Organization\",\"@id\":\"https:\\\/\\\/fuentesfidedignas.com.mx\\\/#organization\",\"name\":\"Fuentes Fidedignas\",\"url\":\"https:\\\/\\\/fuentesfidedignas.com.mx\\\/\",\"logo\":{\"@type\":\"ImageObject\",\"inLanguage\":\"es\",\"@id\":\"https:\\\/\\\/fuentesfidedignas.com.mx\\\/#\\\/schema\\\/logo\\\/image\\\/\",\"url\":\"https:\\\/\\\/fuentesfidedignas.com.mx\\\/wp-content\\\/uploads\\\/2021\\\/04\\\/logo-retina.png\",\"contentUrl\":\"https:\\\/\\\/fuentesfidedignas.com.mx\\\/wp-content\\\/uploads\\\/2021\\\/04\\\/logo-retina.png\",\"width\":280,\"height\":51,\"caption\":\"Fuentes Fidedignas\"},\"image\":{\"@id\":\"https:\\\/\\\/fuentesfidedignas.com.mx\\\/#\\\/schema\\\/logo\\\/image\\\/\"},\"sameAs\":[\"https:\\\/\\\/www.facebook.com\\\/Fuentes-Fidedignas-368234489921644\",\"https:\\\/\\\/x.com\\\/fidedignas\"]},{\"@type\":\"Person\",\"@id\":\"https:\\\/\\\/fuentesfidedignas.com.mx\\\/#\\\/schema\\\/person\\\/5623d53fe2e579d825b1679734abcc44\",\"name\":\"Forbes\",\"image\":{\"@type\":\"ImageObject\",\"inLanguage\":\"es\",\"@id\":\"https:\\\/\\\/secure.gravatar.com\\\/avatar\\\/87ce3dd4e41e60c22a79c758614f01a6bc2469255fc936ec7b15efb9bb5cb66f?s=96&d=mm&r=g\",\"url\":\"https:\\\/\\\/secure.gravatar.com\\\/avatar\\\/87ce3dd4e41e60c22a79c758614f01a6bc2469255fc936ec7b15efb9bb5cb66f?s=96&d=mm&r=g\",\"contentUrl\":\"https:\\\/\\\/secure.gravatar.com\\\/avatar\\\/87ce3dd4e41e60c22a79c758614f01a6bc2469255fc936ec7b15efb9bb5cb66f?s=96&d=mm&r=g\",\"caption\":\"Forbes\"},\"url\":\"https:\\\/\\\/fuentesfidedignas.com.mx\\\/index.php\\\/author\\\/forbes\\\/\"}]}<\/script>\n<!-- \/ Yoast SEO plugin. -->","yoast_head_json":{"title":"Subvariante BA.2 de \u00d3micron podr\u00eda tener la misma gravedad que BA.1: OMS - Fuentes Fidedignas","robots":{"index":"index","follow":"follow","max-snippet":"max-snippet:-1","max-image-preview":"max-image-preview:large","max-video-preview":"max-video-preview:-1"},"canonical":"https:\/\/fuentesfidedignas.com.mx\/index.php\/2022\/02\/01\/subvariante-ba-2-de-omicron-podria-tener-la-misma-gravedad-que-ba-1-oms\/","og_locale":"es_MX","og_type":"article","og_title":"Subvariante BA.2 de \u00d3micron podr\u00eda tener la misma gravedad que BA.1: OMS - Fuentes Fidedignas","og_description":"Las vacunas tambi\u00e9n siguen proporcionando una protecci\u00f3n similar contra las diferentes formas de \u00d3micron, dijo el Dr. Boris Pavlin, del Equipo de Respuesta Covid-19 de la OMS. Ciudad de M\u00e9xico.- La forma emergente BA.2 de la variante \u00d3micron del coronavirus no parece ser m\u00e1s grave que la forma original BA.1, dijo el martes un responsable [&hellip;]","og_url":"https:\/\/fuentesfidedignas.com.mx\/index.php\/2022\/02\/01\/subvariante-ba-2-de-omicron-podria-tener-la-misma-gravedad-que-ba-1-oms\/","og_site_name":"Fuentes Fidedignas","article_publisher":"https:\/\/www.facebook.com\/Fuentes-Fidedignas-368234489921644","article_published_time":"2022-02-01T17:44:31+00:00","article_modified_time":"2022-02-01T17:44:32+00:00","og_image":[{"width":1280,"height":720,"url":"https:\/\/fuentesfidedignas.com.mx\/wp-content\/uploads\/2022\/02\/covid-omicron-coronavirus.jpg-1.jpg","type":"image\/jpeg"}],"author":"Forbes","twitter_card":"summary_large_image","twitter_creator":"@fidedignas","twitter_site":"@fidedignas","twitter_misc":{"Escrito por":"Forbes","Tiempo de lectura":"1 minuto"},"schema":{"@context":"https:\/\/schema.org","@graph":[{"@type":"Article","@id":"https:\/\/fuentesfidedignas.com.mx\/index.php\/2022\/02\/01\/subvariante-ba-2-de-omicron-podria-tener-la-misma-gravedad-que-ba-1-oms\/#article","isPartOf":{"@id":"https:\/\/fuentesfidedignas.com.mx\/index.php\/2022\/02\/01\/subvariante-ba-2-de-omicron-podria-tener-la-misma-gravedad-que-ba-1-oms\/"},"author":{"name":"Forbes","@id":"https:\/\/fuentesfidedignas.com.mx\/#\/schema\/person\/5623d53fe2e579d825b1679734abcc44"},"headline":"Subvariante BA.2 de \u00d3micron podr\u00eda tener la misma gravedad que BA.1: OMS","datePublished":"2022-02-01T17:44:31+00:00","dateModified":"2022-02-01T17:44:32+00:00","mainEntityOfPage":{"@id":"https:\/\/fuentesfidedignas.com.mx\/index.php\/2022\/02\/01\/subvariante-ba-2-de-omicron-podria-tener-la-misma-gravedad-que-ba-1-oms\/"},"wordCount":141,"commentCount":0,"publisher":{"@id":"https:\/\/fuentesfidedignas.com.mx\/#organization"},"image":{"@id":"https:\/\/fuentesfidedignas.com.mx\/index.php\/2022\/02\/01\/subvariante-ba-2-de-omicron-podria-tener-la-misma-gravedad-que-ba-1-oms\/#primaryimage"},"thumbnailUrl":"https:\/\/fuentesfidedignas.com.mx\/wp-content\/uploads\/2022\/02\/covid-omicron-coronavirus.jpg-1.jpg","keywords":["Coronavirus","Covid-19","SARS-CoV-2","Vacuna anticovid"],"articleSection":["NOTICIAS NACIONALES"],"inLanguage":"es","potentialAction":[{"@type":"CommentAction","name":"Comment","target":["https:\/\/fuentesfidedignas.com.mx\/index.php\/2022\/02\/01\/subvariante-ba-2-de-omicron-podria-tener-la-misma-gravedad-que-ba-1-oms\/#respond"]}]},{"@type":"WebPage","@id":"https:\/\/fuentesfidedignas.com.mx\/index.php\/2022\/02\/01\/subvariante-ba-2-de-omicron-podria-tener-la-misma-gravedad-que-ba-1-oms\/","url":"https:\/\/fuentesfidedignas.com.mx\/index.php\/2022\/02\/01\/subvariante-ba-2-de-omicron-podria-tener-la-misma-gravedad-que-ba-1-oms\/","name":"Subvariante BA.2 de \u00d3micron podr\u00eda tener la misma gravedad que BA.1: OMS - Fuentes Fidedignas","isPartOf":{"@id":"https:\/\/fuentesfidedignas.com.mx\/#website"},"primaryImageOfPage":{"@id":"https:\/\/fuentesfidedignas.com.mx\/index.php\/2022\/02\/01\/subvariante-ba-2-de-omicron-podria-tener-la-misma-gravedad-que-ba-1-oms\/#primaryimage"},"image":{"@id":"https:\/\/fuentesfidedignas.com.mx\/index.php\/2022\/02\/01\/subvariante-ba-2-de-omicron-podria-tener-la-misma-gravedad-que-ba-1-oms\/#primaryimage"},"thumbnailUrl":"https:\/\/fuentesfidedignas.com.mx\/wp-content\/uploads\/2022\/02\/covid-omicron-coronavirus.jpg-1.jpg","datePublished":"2022-02-01T17:44:31+00:00","dateModified":"2022-02-01T17:44:32+00:00","breadcrumb":{"@id":"https:\/\/fuentesfidedignas.com.mx\/index.php\/2022\/02\/01\/subvariante-ba-2-de-omicron-podria-tener-la-misma-gravedad-que-ba-1-oms\/#breadcrumb"},"inLanguage":"es","potentialAction":[{"@type":"ReadAction","target":["https:\/\/fuentesfidedignas.com.mx\/index.php\/2022\/02\/01\/subvariante-ba-2-de-omicron-podria-tener-la-misma-gravedad-que-ba-1-oms\/"]}]},{"@type":"ImageObject","inLanguage":"es","@id":"https:\/\/fuentesfidedignas.com.mx\/index.php\/2022\/02\/01\/subvariante-ba-2-de-omicron-podria-tener-la-misma-gravedad-que-ba-1-oms\/#primaryimage","url":"https:\/\/fuentesfidedignas.com.mx\/wp-content\/uploads\/2022\/02\/covid-omicron-coronavirus.jpg-1.jpg","contentUrl":"https:\/\/fuentesfidedignas.com.mx\/wp-content\/uploads\/2022\/02\/covid-omicron-coronavirus.jpg-1.jpg","width":1280,"height":720},{"@type":"BreadcrumbList","@id":"https:\/\/fuentesfidedignas.com.mx\/index.php\/2022\/02\/01\/subvariante-ba-2-de-omicron-podria-tener-la-misma-gravedad-que-ba-1-oms\/#breadcrumb","itemListElement":[{"@type":"ListItem","position":1,"name":"Inicio","item":"https:\/\/fuentesfidedignas.com.mx\/"},{"@type":"ListItem","position":2,"name":"Subvariante BA.2 de \u00d3micron podr\u00eda tener la misma gravedad que BA.1: OMS"}]},{"@type":"WebSite","@id":"https:\/\/fuentesfidedignas.com.mx\/#website","url":"https:\/\/fuentesfidedignas.com.mx\/","name":"Fuentes Fidedignas","description":"Otro sitio realizado con WordPress","publisher":{"@id":"https:\/\/fuentesfidedignas.com.mx\/#organization"},"potentialAction":[{"@type":"SearchAction","target":{"@type":"EntryPoint","urlTemplate":"https:\/\/fuentesfidedignas.com.mx\/?s={search_term_string}"},"query-input":{"@type":"PropertyValueSpecification","valueRequired":true,"valueName":"search_term_string"}}],"inLanguage":"es"},{"@type":"Organization","@id":"https:\/\/fuentesfidedignas.com.mx\/#organization","name":"Fuentes Fidedignas","url":"https:\/\/fuentesfidedignas.com.mx\/","logo":{"@type":"ImageObject","inLanguage":"es","@id":"https:\/\/fuentesfidedignas.com.mx\/#\/schema\/logo\/image\/","url":"https:\/\/fuentesfidedignas.com.mx\/wp-content\/uploads\/2021\/04\/logo-retina.png","contentUrl":"https:\/\/fuentesfidedignas.com.mx\/wp-content\/uploads\/2021\/04\/logo-retina.png","width":280,"height":51,"caption":"Fuentes Fidedignas"},"image":{"@id":"https:\/\/fuentesfidedignas.com.mx\/#\/schema\/logo\/image\/"},"sameAs":["https:\/\/www.facebook.com\/Fuentes-Fidedignas-368234489921644","https:\/\/x.com\/fidedignas"]},{"@type":"Person","@id":"https:\/\/fuentesfidedignas.com.mx\/#\/schema\/person\/5623d53fe2e579d825b1679734abcc44","name":"Forbes","image":{"@type":"ImageObject","inLanguage":"es","@id":"https:\/\/secure.gravatar.com\/avatar\/87ce3dd4e41e60c22a79c758614f01a6bc2469255fc936ec7b15efb9bb5cb66f?s=96&d=mm&r=g","url":"https:\/\/secure.gravatar.com\/avatar\/87ce3dd4e41e60c22a79c758614f01a6bc2469255fc936ec7b15efb9bb5cb66f?s=96&d=mm&r=g","contentUrl":"https:\/\/secure.gravatar.com\/avatar\/87ce3dd4e41e60c22a79c758614f01a6bc2469255fc936ec7b15efb9bb5cb66f?s=96&d=mm&r=g","caption":"Forbes"},"url":"https:\/\/fuentesfidedignas.com.mx\/index.php\/author\/forbes\/"}]}},"_links":{"self":[{"href":"https:\/\/fuentesfidedignas.com.mx\/index.php\/wp-json\/wp\/v2\/posts\/23104","targetHints":{"allow":["GET"]}}],"collection":[{"href":"https:\/\/fuentesfidedignas.com.mx\/index.php\/wp-json\/wp\/v2\/posts"}],"about":[{"href":"https:\/\/fuentesfidedignas.com.mx\/index.php\/wp-json\/wp\/v2\/types\/post"}],"author":[{"embeddable":true,"href":"https:\/\/fuentesfidedignas.com.mx\/index.php\/wp-json\/wp\/v2\/users\/5"}],"replies":[{"embeddable":true,"href":"https:\/\/fuentesfidedignas.com.mx\/index.php\/wp-json\/wp\/v2\/comments?post=23104"}],"version-history":[{"count":1,"href":"https:\/\/fuentesfidedignas.com.mx\/index.php\/wp-json\/wp\/v2\/posts\/23104\/revisions"}],"predecessor-version":[{"id":23106,"href":"https:\/\/fuentesfidedignas.com.mx\/index.php\/wp-json\/wp\/v2\/posts\/23104\/revisions\/23106"}],"wp:featuredmedia":[{"embeddable":true,"href":"https:\/\/fuentesfidedignas.com.mx\/index.php\/wp-json\/wp\/v2\/media\/23105"}],"wp:attachment":[{"href":"https:\/\/fuentesfidedignas.com.mx\/index.php\/wp-json\/wp\/v2\/media?parent=23104"}],"wp:term":[{"taxonomy":"category","embeddable":true,"href":"https:\/\/fuentesfidedignas.com.mx\/index.php\/wp-json\/wp\/v2\/categories?post=23104"},{"taxonomy":"post_tag","embeddable":true,"href":"https:\/\/fuentesfidedignas.com.mx\/index.php\/wp-json\/wp\/v2\/tags?post=23104"}],"curies":[{"name":"wp","href":"https:\/\/api.w.org\/{rel}","templated":true}]}}