{"id":23101,"date":"2022-02-01T10:34:04","date_gmt":"2022-02-01T17:34:04","guid":{"rendered":"https:\/\/fuentesfidedignas.com.mx\/?p=23101"},"modified":"2022-02-01T10:34:06","modified_gmt":"2022-02-01T17:34:06","slug":"expulsion-de-quirino-ordaz-no-es-asunto-personal-alejandro-moreno","status":"publish","type":"post","link":"https:\/\/fuentesfidedignas.com.mx\/index.php\/2022\/02\/01\/expulsion-de-quirino-ordaz-no-es-asunto-personal-alejandro-moreno\/","title":{"rendered":"Expulsi\u00f3n de Quirino Ordaz no es asunto personal: Alejandro Moreno"},"content":{"rendered":"\n<p><em><strong>El l\u00edder nacional del PRI Alejandro Moreno dejo claro que no es un asunto personal la p<\/strong><\/em><strong><em>osible expulsi\u00f3n del ex gobernador de Sinaloa, Quirino Ordaz luego de ser propuesto como embajador de M\u00e9xico en Espa\u00f1a.<\/em><\/strong><\/p>\n\n\n\n<p>Ciudad de M\u00e9xico.- Luego de que el PRI anunci\u00f3 que podr\u00eda expulsar de sus filas al exgobernador de Sinaloa, Quirino Ordaz, por recibir el benepl\u00e1cito como embajador de M\u00e9xico en Espa\u00f1a, el presidente nacional del partido, Alejandro Moreno expres\u00f3 que no se trata de un asunto personal.<\/p>\n\n\n\n<p>En entrevista con Pascal Beltr\u00e1n del R\u00edo para Imagen Radio, el l\u00edder priista subray\u00f3 que Ordaz Coppel no estar\u00eda violando los estatutos del PRI, aunque explic\u00f3 que el Consejo Pol\u00edtico Nacional, rechaz\u00f3 la petici\u00f3n del ex gobernador de Sinaloa, sin embargo, este \u00faltimo decidi\u00f3 seguir con el nombramiento, lo que dej\u00f3 claro que dio la espalda a la militancia priista.<\/p>\n\n\n\n<p>\u201cEst\u00e1 claramente en el estatuto que, para colaborar con un gobierno de una posici\u00f3n pol\u00edtica diferente a la nuestro, es necesaria la autorizaci\u00f3n del Consejo Pol\u00edtico Nacional\u201d, manifest\u00f3.<\/p>\n\n\n\n<p>Alejandro Moreno dij\u00f3 que el Consejo Pol\u00edtico Nacional, deber\u00e1 proceder conforme al estatuto y enfatiz\u00f3 que no habr\u00e1 preferencias ni trato especial para nadie, como es el caso de la exgobernadora de Sonora, Claudia Pavlovich, propuesta como c\u00f3nsul en Barcelona, y Carlos Miguel Aysa Gonz\u00e1lez, exgobernador de Campeche, como embajador en Rep\u00fablica Dominicana.<\/p>\n\n\n\n<p>PUBLICIDAD<\/p>\n\n\n\n<p>El l\u00edder priista expuso que es necesario realizar un an\u00e1lisis del Servicio Exterior Mexicano a fin de que en esas posiciones sean para aquellos que han dedicado su vida al servicio profesional de carrera, como ocurre en otros pa\u00edses.<\/p>\n\n\n\n<p>\u201cHay gente en el Servicio Exterior Mexicano que tiene trayectoria, capacidad, que ha dado toda una vida, y cuando tu ves el manejo de la pol\u00edtica exterior de M\u00e9xico donde no hay presencia, donde no estamos insertos en esos temas m\u00e1s importantes para el pa\u00eds, las embajadas juegan un papel fundamental\u2026 lo importante es que se cumpla con los perfiles\u2026 lo que se necesita es tener una gran representaci\u00f3n en el Servicio Exterior Mexicano\u201d.<\/p>\n\n\n\n<p>Agreg\u00f3 que la bancada del PRI en el Senado ya alista a votaci\u00f3n para ratificar o no a los exgobernadores priistas en esas posiciones diplom\u00e1ticas, por lo que ya analizan los perfiles de las personas que representar\u00edan a M\u00e9xico en el exterior, siempre tomando en cuenta la determinaci\u00f3n de Consejo Pol\u00edtico Nacional.<\/p>\n","protected":false},"excerpt":{"rendered":"<p>El l\u00edder nacional del PRI Alejandro Moreno dejo claro que no es un asunto personal la posible expulsi\u00f3n del ex gobernador de Sinaloa, Quirino Ordaz luego de ser propuesto como embajador de M\u00e9xico en Espa\u00f1a. Ciudad de M\u00e9xico.- Luego de que el PRI anunci\u00f3 que podr\u00eda expulsar de sus filas al exgobernador de Sinaloa, Quirino [&hellip;]<\/p>\n","protected":false},"author":7,"featured_media":23102,"comment_status":"open","ping_status":"open","sticky":false,"template":"","format":"standard","meta":{"tdm_status":"","tdm_grid_status":"","footnotes":""},"categories":[37],"tags":[1210,799,212,1783],"class_list":{"0":"post-23101","1":"post","2":"type-post","3":"status-publish","4":"format-standard","5":"has-post-thumbnail","7":"category-nota-principal","8":"tag-alejandro-moreno","9":"tag-partido-revolucionario-institucional","10":"tag-pri","11":"tag-quirino-ordaz-coppel"},"yoast_head":"<!-- This site is optimized with the Yoast SEO plugin v27.5 - https:\/\/yoast.com\/product\/yoast-seo-wordpress\/ -->\n<title>Expulsi\u00f3n de Quirino Ordaz no es asunto personal: Alejandro Moreno - Fuentes Fidedignas<\/title>\n<meta name=\"robots\" content=\"index, follow, max-snippet:-1, max-image-preview:large, max-video-preview:-1\" \/>\n<link rel=\"canonical\" href=\"https:\/\/fuentesfidedignas.com.mx\/index.php\/2022\/02\/01\/expulsion-de-quirino-ordaz-no-es-asunto-personal-alejandro-moreno\/\" \/>\n<meta property=\"og:locale\" content=\"es_MX\" \/>\n<meta property=\"og:type\" content=\"article\" \/>\n<meta property=\"og:title\" content=\"Expulsi\u00f3n de Quirino Ordaz no es asunto personal: Alejandro Moreno - Fuentes Fidedignas\" \/>\n<meta property=\"og:description\" content=\"El l\u00edder nacional del PRI Alejandro Moreno dejo claro que no es un asunto personal la posible expulsi\u00f3n del ex gobernador de Sinaloa, Quirino Ordaz luego de ser propuesto como embajador de M\u00e9xico en Espa\u00f1a. Ciudad de M\u00e9xico.- Luego de que el PRI anunci\u00f3 que podr\u00eda expulsar de sus filas al exgobernador de Sinaloa, Quirino [&hellip;]\" \/>\n<meta property=\"og:url\" content=\"https:\/\/fuentesfidedignas.com.mx\/index.php\/2022\/02\/01\/expulsion-de-quirino-ordaz-no-es-asunto-personal-alejandro-moreno\/\" \/>\n<meta property=\"og:site_name\" content=\"Fuentes Fidedignas\" \/>\n<meta property=\"article:publisher\" content=\"https:\/\/www.facebook.com\/Fuentes-Fidedignas-368234489921644\" \/>\n<meta property=\"article:published_time\" content=\"2022-02-01T17:34:04+00:00\" \/>\n<meta property=\"article:modified_time\" content=\"2022-02-01T17:34:06+00:00\" \/>\n<meta property=\"og:image\" content=\"https:\/\/fuentesfidedignas.com.mx\/wp-content\/uploads\/2022\/02\/ALEX_MORENO.jpg\" \/>\n\t<meta property=\"og:image:width\" content=\"800\" \/>\n\t<meta property=\"og:image:height\" content=\"600\" \/>\n\t<meta property=\"og:image:type\" content=\"image\/jpeg\" \/>\n<meta name=\"author\" content=\"Exc\u00e9lsior\" \/>\n<meta name=\"twitter:card\" content=\"summary_large_image\" \/>\n<meta name=\"twitter:creator\" content=\"@fidedignas\" \/>\n<meta name=\"twitter:site\" content=\"@fidedignas\" \/>\n<meta name=\"twitter:label1\" content=\"Escrito por\" \/>\n\t<meta name=\"twitter:data1\" content=\"Exc\u00e9lsior\" \/>\n\t<meta name=\"twitter:label2\" content=\"Tiempo de lectura\" \/>\n\t<meta name=\"twitter:data2\" content=\"2 minutos\" \/>\n<script type=\"application\/ld+json\" class=\"yoast-schema-graph\">{\"@context\":\"https:\\\/\\\/schema.org\",\"@graph\":[{\"@type\":\"Article\",\"@id\":\"https:\\\/\\\/fuentesfidedignas.com.mx\\\/index.php\\\/2022\\\/02\\\/01\\\/expulsion-de-quirino-ordaz-no-es-asunto-personal-alejandro-moreno\\\/#article\",\"isPartOf\":{\"@id\":\"https:\\\/\\\/fuentesfidedignas.com.mx\\\/index.php\\\/2022\\\/02\\\/01\\\/expulsion-de-quirino-ordaz-no-es-asunto-personal-alejandro-moreno\\\/\"},\"author\":{\"name\":\"Exc\u00e9lsior\",\"@id\":\"https:\\\/\\\/fuentesfidedignas.com.mx\\\/#\\\/schema\\\/person\\\/ec4edd1fbf5efa3e44fce34fe2787780\"},\"headline\":\"Expulsi\u00f3n de Quirino Ordaz no es asunto personal: Alejandro Moreno\",\"datePublished\":\"2022-02-01T17:34:04+00:00\",\"dateModified\":\"2022-02-01T17:34:06+00:00\",\"mainEntityOfPage\":{\"@id\":\"https:\\\/\\\/fuentesfidedignas.com.mx\\\/index.php\\\/2022\\\/02\\\/01\\\/expulsion-de-quirino-ordaz-no-es-asunto-personal-alejandro-moreno\\\/\"},\"wordCount\":439,\"commentCount\":0,\"publisher\":{\"@id\":\"https:\\\/\\\/fuentesfidedignas.com.mx\\\/#organization\"},\"image\":{\"@id\":\"https:\\\/\\\/fuentesfidedignas.com.mx\\\/index.php\\\/2022\\\/02\\\/01\\\/expulsion-de-quirino-ordaz-no-es-asunto-personal-alejandro-moreno\\\/#primaryimage\"},\"thumbnailUrl\":\"https:\\\/\\\/fuentesfidedignas.com.mx\\\/wp-content\\\/uploads\\\/2022\\\/02\\\/ALEX_MORENO.jpg\",\"keywords\":[\"Alejandro Moreno\",\"Partido Revolucionario Institucional\",\"PRI\",\"Quirino Ordaz Coppel\"],\"articleSection\":[\"NOTA PRINCIPAL\"],\"inLanguage\":\"es\",\"potentialAction\":[{\"@type\":\"CommentAction\",\"name\":\"Comment\",\"target\":[\"https:\\\/\\\/fuentesfidedignas.com.mx\\\/index.php\\\/2022\\\/02\\\/01\\\/expulsion-de-quirino-ordaz-no-es-asunto-personal-alejandro-moreno\\\/#respond\"]}]},{\"@type\":\"WebPage\",\"@id\":\"https:\\\/\\\/fuentesfidedignas.com.mx\\\/index.php\\\/2022\\\/02\\\/01\\\/expulsion-de-quirino-ordaz-no-es-asunto-personal-alejandro-moreno\\\/\",\"url\":\"https:\\\/\\\/fuentesfidedignas.com.mx\\\/index.php\\\/2022\\\/02\\\/01\\\/expulsion-de-quirino-ordaz-no-es-asunto-personal-alejandro-moreno\\\/\",\"name\":\"Expulsi\u00f3n de Quirino Ordaz no es asunto personal: Alejandro Moreno - Fuentes Fidedignas\",\"isPartOf\":{\"@id\":\"https:\\\/\\\/fuentesfidedignas.com.mx\\\/#website\"},\"primaryImageOfPage\":{\"@id\":\"https:\\\/\\\/fuentesfidedignas.com.mx\\\/index.php\\\/2022\\\/02\\\/01\\\/expulsion-de-quirino-ordaz-no-es-asunto-personal-alejandro-moreno\\\/#primaryimage\"},\"image\":{\"@id\":\"https:\\\/\\\/fuentesfidedignas.com.mx\\\/index.php\\\/2022\\\/02\\\/01\\\/expulsion-de-quirino-ordaz-no-es-asunto-personal-alejandro-moreno\\\/#primaryimage\"},\"thumbnailUrl\":\"https:\\\/\\\/fuentesfidedignas.com.mx\\\/wp-content\\\/uploads\\\/2022\\\/02\\\/ALEX_MORENO.jpg\",\"datePublished\":\"2022-02-01T17:34:04+00:00\",\"dateModified\":\"2022-02-01T17:34:06+00:00\",\"breadcrumb\":{\"@id\":\"https:\\\/\\\/fuentesfidedignas.com.mx\\\/index.php\\\/2022\\\/02\\\/01\\\/expulsion-de-quirino-ordaz-no-es-asunto-personal-alejandro-moreno\\\/#breadcrumb\"},\"inLanguage\":\"es\",\"potentialAction\":[{\"@type\":\"ReadAction\",\"target\":[\"https:\\\/\\\/fuentesfidedignas.com.mx\\\/index.php\\\/2022\\\/02\\\/01\\\/expulsion-de-quirino-ordaz-no-es-asunto-personal-alejandro-moreno\\\/\"]}]},{\"@type\":\"ImageObject\",\"inLanguage\":\"es\",\"@id\":\"https:\\\/\\\/fuentesfidedignas.com.mx\\\/index.php\\\/2022\\\/02\\\/01\\\/expulsion-de-quirino-ordaz-no-es-asunto-personal-alejandro-moreno\\\/#primaryimage\",\"url\":\"https:\\\/\\\/fuentesfidedignas.com.mx\\\/wp-content\\\/uploads\\\/2022\\\/02\\\/ALEX_MORENO.jpg\",\"contentUrl\":\"https:\\\/\\\/fuentesfidedignas.com.mx\\\/wp-content\\\/uploads\\\/2022\\\/02\\\/ALEX_MORENO.jpg\",\"width\":800,\"height\":600},{\"@type\":\"BreadcrumbList\",\"@id\":\"https:\\\/\\\/fuentesfidedignas.com.mx\\\/index.php\\\/2022\\\/02\\\/01\\\/expulsion-de-quirino-ordaz-no-es-asunto-personal-alejandro-moreno\\\/#breadcrumb\",\"itemListElement\":[{\"@type\":\"ListItem\",\"position\":1,\"name\":\"Inicio\",\"item\":\"https:\\\/\\\/fuentesfidedignas.com.mx\\\/\"},{\"@type\":\"ListItem\",\"position\":2,\"name\":\"Expulsi\u00f3n de Quirino Ordaz no es asunto personal: Alejandro Moreno\"}]},{\"@type\":\"WebSite\",\"@id\":\"https:\\\/\\\/fuentesfidedignas.com.mx\\\/#website\",\"url\":\"https:\\\/\\\/fuentesfidedignas.com.mx\\\/\",\"name\":\"Fuentes Fidedignas\",\"description\":\"Otro sitio realizado con WordPress\",\"publisher\":{\"@id\":\"https:\\\/\\\/fuentesfidedignas.com.mx\\\/#organization\"},\"potentialAction\":[{\"@type\":\"SearchAction\",\"target\":{\"@type\":\"EntryPoint\",\"urlTemplate\":\"https:\\\/\\\/fuentesfidedignas.com.mx\\\/?s={search_term_string}\"},\"query-input\":{\"@type\":\"PropertyValueSpecification\",\"valueRequired\":true,\"valueName\":\"search_term_string\"}}],\"inLanguage\":\"es\"},{\"@type\":\"Organization\",\"@id\":\"https:\\\/\\\/fuentesfidedignas.com.mx\\\/#organization\",\"name\":\"Fuentes Fidedignas\",\"url\":\"https:\\\/\\\/fuentesfidedignas.com.mx\\\/\",\"logo\":{\"@type\":\"ImageObject\",\"inLanguage\":\"es\",\"@id\":\"https:\\\/\\\/fuentesfidedignas.com.mx\\\/#\\\/schema\\\/logo\\\/image\\\/\",\"url\":\"https:\\\/\\\/fuentesfidedignas.com.mx\\\/wp-content\\\/uploads\\\/2021\\\/04\\\/logo-retina.png\",\"contentUrl\":\"https:\\\/\\\/fuentesfidedignas.com.mx\\\/wp-content\\\/uploads\\\/2021\\\/04\\\/logo-retina.png\",\"width\":280,\"height\":51,\"caption\":\"Fuentes Fidedignas\"},\"image\":{\"@id\":\"https:\\\/\\\/fuentesfidedignas.com.mx\\\/#\\\/schema\\\/logo\\\/image\\\/\"},\"sameAs\":[\"https:\\\/\\\/www.facebook.com\\\/Fuentes-Fidedignas-368234489921644\",\"https:\\\/\\\/x.com\\\/fidedignas\"]},{\"@type\":\"Person\",\"@id\":\"https:\\\/\\\/fuentesfidedignas.com.mx\\\/#\\\/schema\\\/person\\\/ec4edd1fbf5efa3e44fce34fe2787780\",\"name\":\"Exc\u00e9lsior\",\"image\":{\"@type\":\"ImageObject\",\"inLanguage\":\"es\",\"@id\":\"https:\\\/\\\/secure.gravatar.com\\\/avatar\\\/4b7ee9206b48be08447852b3f0814dbc7c0f3b51541b164f1464a2725614020b?s=96&d=mm&r=g\",\"url\":\"https:\\\/\\\/secure.gravatar.com\\\/avatar\\\/4b7ee9206b48be08447852b3f0814dbc7c0f3b51541b164f1464a2725614020b?s=96&d=mm&r=g\",\"contentUrl\":\"https:\\\/\\\/secure.gravatar.com\\\/avatar\\\/4b7ee9206b48be08447852b3f0814dbc7c0f3b51541b164f1464a2725614020b?s=96&d=mm&r=g\",\"caption\":\"Exc\u00e9lsior\"},\"url\":\"https:\\\/\\\/fuentesfidedignas.com.mx\\\/index.php\\\/author\\\/excelsior\\\/\"}]}<\/script>\n<!-- \/ Yoast SEO plugin. -->","yoast_head_json":{"title":"Expulsi\u00f3n de Quirino Ordaz no es asunto personal: Alejandro Moreno - Fuentes Fidedignas","robots":{"index":"index","follow":"follow","max-snippet":"max-snippet:-1","max-image-preview":"max-image-preview:large","max-video-preview":"max-video-preview:-1"},"canonical":"https:\/\/fuentesfidedignas.com.mx\/index.php\/2022\/02\/01\/expulsion-de-quirino-ordaz-no-es-asunto-personal-alejandro-moreno\/","og_locale":"es_MX","og_type":"article","og_title":"Expulsi\u00f3n de Quirino Ordaz no es asunto personal: Alejandro Moreno - Fuentes Fidedignas","og_description":"El l\u00edder nacional del PRI Alejandro Moreno dejo claro que no es un asunto personal la posible expulsi\u00f3n del ex gobernador de Sinaloa, Quirino Ordaz luego de ser propuesto como embajador de M\u00e9xico en Espa\u00f1a. Ciudad de M\u00e9xico.- Luego de que el PRI anunci\u00f3 que podr\u00eda expulsar de sus filas al exgobernador de Sinaloa, Quirino [&hellip;]","og_url":"https:\/\/fuentesfidedignas.com.mx\/index.php\/2022\/02\/01\/expulsion-de-quirino-ordaz-no-es-asunto-personal-alejandro-moreno\/","og_site_name":"Fuentes Fidedignas","article_publisher":"https:\/\/www.facebook.com\/Fuentes-Fidedignas-368234489921644","article_published_time":"2022-02-01T17:34:04+00:00","article_modified_time":"2022-02-01T17:34:06+00:00","og_image":[{"width":800,"height":600,"url":"https:\/\/fuentesfidedignas.com.mx\/wp-content\/uploads\/2022\/02\/ALEX_MORENO.jpg","type":"image\/jpeg"}],"author":"Exc\u00e9lsior","twitter_card":"summary_large_image","twitter_creator":"@fidedignas","twitter_site":"@fidedignas","twitter_misc":{"Escrito por":"Exc\u00e9lsior","Tiempo de lectura":"2 minutos"},"schema":{"@context":"https:\/\/schema.org","@graph":[{"@type":"Article","@id":"https:\/\/fuentesfidedignas.com.mx\/index.php\/2022\/02\/01\/expulsion-de-quirino-ordaz-no-es-asunto-personal-alejandro-moreno\/#article","isPartOf":{"@id":"https:\/\/fuentesfidedignas.com.mx\/index.php\/2022\/02\/01\/expulsion-de-quirino-ordaz-no-es-asunto-personal-alejandro-moreno\/"},"author":{"name":"Exc\u00e9lsior","@id":"https:\/\/fuentesfidedignas.com.mx\/#\/schema\/person\/ec4edd1fbf5efa3e44fce34fe2787780"},"headline":"Expulsi\u00f3n de Quirino Ordaz no es asunto personal: Alejandro Moreno","datePublished":"2022-02-01T17:34:04+00:00","dateModified":"2022-02-01T17:34:06+00:00","mainEntityOfPage":{"@id":"https:\/\/fuentesfidedignas.com.mx\/index.php\/2022\/02\/01\/expulsion-de-quirino-ordaz-no-es-asunto-personal-alejandro-moreno\/"},"wordCount":439,"commentCount":0,"publisher":{"@id":"https:\/\/fuentesfidedignas.com.mx\/#organization"},"image":{"@id":"https:\/\/fuentesfidedignas.com.mx\/index.php\/2022\/02\/01\/expulsion-de-quirino-ordaz-no-es-asunto-personal-alejandro-moreno\/#primaryimage"},"thumbnailUrl":"https:\/\/fuentesfidedignas.com.mx\/wp-content\/uploads\/2022\/02\/ALEX_MORENO.jpg","keywords":["Alejandro Moreno","Partido Revolucionario Institucional","PRI","Quirino Ordaz Coppel"],"articleSection":["NOTA PRINCIPAL"],"inLanguage":"es","potentialAction":[{"@type":"CommentAction","name":"Comment","target":["https:\/\/fuentesfidedignas.com.mx\/index.php\/2022\/02\/01\/expulsion-de-quirino-ordaz-no-es-asunto-personal-alejandro-moreno\/#respond"]}]},{"@type":"WebPage","@id":"https:\/\/fuentesfidedignas.com.mx\/index.php\/2022\/02\/01\/expulsion-de-quirino-ordaz-no-es-asunto-personal-alejandro-moreno\/","url":"https:\/\/fuentesfidedignas.com.mx\/index.php\/2022\/02\/01\/expulsion-de-quirino-ordaz-no-es-asunto-personal-alejandro-moreno\/","name":"Expulsi\u00f3n de Quirino Ordaz no es asunto personal: Alejandro Moreno - Fuentes Fidedignas","isPartOf":{"@id":"https:\/\/fuentesfidedignas.com.mx\/#website"},"primaryImageOfPage":{"@id":"https:\/\/fuentesfidedignas.com.mx\/index.php\/2022\/02\/01\/expulsion-de-quirino-ordaz-no-es-asunto-personal-alejandro-moreno\/#primaryimage"},"image":{"@id":"https:\/\/fuentesfidedignas.com.mx\/index.php\/2022\/02\/01\/expulsion-de-quirino-ordaz-no-es-asunto-personal-alejandro-moreno\/#primaryimage"},"thumbnailUrl":"https:\/\/fuentesfidedignas.com.mx\/wp-content\/uploads\/2022\/02\/ALEX_MORENO.jpg","datePublished":"2022-02-01T17:34:04+00:00","dateModified":"2022-02-01T17:34:06+00:00","breadcrumb":{"@id":"https:\/\/fuentesfidedignas.com.mx\/index.php\/2022\/02\/01\/expulsion-de-quirino-ordaz-no-es-asunto-personal-alejandro-moreno\/#breadcrumb"},"inLanguage":"es","potentialAction":[{"@type":"ReadAction","target":["https:\/\/fuentesfidedignas.com.mx\/index.php\/2022\/02\/01\/expulsion-de-quirino-ordaz-no-es-asunto-personal-alejandro-moreno\/"]}]},{"@type":"ImageObject","inLanguage":"es","@id":"https:\/\/fuentesfidedignas.com.mx\/index.php\/2022\/02\/01\/expulsion-de-quirino-ordaz-no-es-asunto-personal-alejandro-moreno\/#primaryimage","url":"https:\/\/fuentesfidedignas.com.mx\/wp-content\/uploads\/2022\/02\/ALEX_MORENO.jpg","contentUrl":"https:\/\/fuentesfidedignas.com.mx\/wp-content\/uploads\/2022\/02\/ALEX_MORENO.jpg","width":800,"height":600},{"@type":"BreadcrumbList","@id":"https:\/\/fuentesfidedignas.com.mx\/index.php\/2022\/02\/01\/expulsion-de-quirino-ordaz-no-es-asunto-personal-alejandro-moreno\/#breadcrumb","itemListElement":[{"@type":"ListItem","position":1,"name":"Inicio","item":"https:\/\/fuentesfidedignas.com.mx\/"},{"@type":"ListItem","position":2,"name":"Expulsi\u00f3n de Quirino Ordaz no es asunto personal: Alejandro Moreno"}]},{"@type":"WebSite","@id":"https:\/\/fuentesfidedignas.com.mx\/#website","url":"https:\/\/fuentesfidedignas.com.mx\/","name":"Fuentes Fidedignas","description":"Otro sitio realizado con WordPress","publisher":{"@id":"https:\/\/fuentesfidedignas.com.mx\/#organization"},"potentialAction":[{"@type":"SearchAction","target":{"@type":"EntryPoint","urlTemplate":"https:\/\/fuentesfidedignas.com.mx\/?s={search_term_string}"},"query-input":{"@type":"PropertyValueSpecification","valueRequired":true,"valueName":"search_term_string"}}],"inLanguage":"es"},{"@type":"Organization","@id":"https:\/\/fuentesfidedignas.com.mx\/#organization","name":"Fuentes Fidedignas","url":"https:\/\/fuentesfidedignas.com.mx\/","logo":{"@type":"ImageObject","inLanguage":"es","@id":"https:\/\/fuentesfidedignas.com.mx\/#\/schema\/logo\/image\/","url":"https:\/\/fuentesfidedignas.com.mx\/wp-content\/uploads\/2021\/04\/logo-retina.png","contentUrl":"https:\/\/fuentesfidedignas.com.mx\/wp-content\/uploads\/2021\/04\/logo-retina.png","width":280,"height":51,"caption":"Fuentes Fidedignas"},"image":{"@id":"https:\/\/fuentesfidedignas.com.mx\/#\/schema\/logo\/image\/"},"sameAs":["https:\/\/www.facebook.com\/Fuentes-Fidedignas-368234489921644","https:\/\/x.com\/fidedignas"]},{"@type":"Person","@id":"https:\/\/fuentesfidedignas.com.mx\/#\/schema\/person\/ec4edd1fbf5efa3e44fce34fe2787780","name":"Exc\u00e9lsior","image":{"@type":"ImageObject","inLanguage":"es","@id":"https:\/\/secure.gravatar.com\/avatar\/4b7ee9206b48be08447852b3f0814dbc7c0f3b51541b164f1464a2725614020b?s=96&d=mm&r=g","url":"https:\/\/secure.gravatar.com\/avatar\/4b7ee9206b48be08447852b3f0814dbc7c0f3b51541b164f1464a2725614020b?s=96&d=mm&r=g","contentUrl":"https:\/\/secure.gravatar.com\/avatar\/4b7ee9206b48be08447852b3f0814dbc7c0f3b51541b164f1464a2725614020b?s=96&d=mm&r=g","caption":"Exc\u00e9lsior"},"url":"https:\/\/fuentesfidedignas.com.mx\/index.php\/author\/excelsior\/"}]}},"_links":{"self":[{"href":"https:\/\/fuentesfidedignas.com.mx\/index.php\/wp-json\/wp\/v2\/posts\/23101","targetHints":{"allow":["GET"]}}],"collection":[{"href":"https:\/\/fuentesfidedignas.com.mx\/index.php\/wp-json\/wp\/v2\/posts"}],"about":[{"href":"https:\/\/fuentesfidedignas.com.mx\/index.php\/wp-json\/wp\/v2\/types\/post"}],"author":[{"embeddable":true,"href":"https:\/\/fuentesfidedignas.com.mx\/index.php\/wp-json\/wp\/v2\/users\/7"}],"replies":[{"embeddable":true,"href":"https:\/\/fuentesfidedignas.com.mx\/index.php\/wp-json\/wp\/v2\/comments?post=23101"}],"version-history":[{"count":1,"href":"https:\/\/fuentesfidedignas.com.mx\/index.php\/wp-json\/wp\/v2\/posts\/23101\/revisions"}],"predecessor-version":[{"id":23103,"href":"https:\/\/fuentesfidedignas.com.mx\/index.php\/wp-json\/wp\/v2\/posts\/23101\/revisions\/23103"}],"wp:featuredmedia":[{"embeddable":true,"href":"https:\/\/fuentesfidedignas.com.mx\/index.php\/wp-json\/wp\/v2\/media\/23102"}],"wp:attachment":[{"href":"https:\/\/fuentesfidedignas.com.mx\/index.php\/wp-json\/wp\/v2\/media?parent=23101"}],"wp:term":[{"taxonomy":"category","embeddable":true,"href":"https:\/\/fuentesfidedignas.com.mx\/index.php\/wp-json\/wp\/v2\/categories?post=23101"},{"taxonomy":"post_tag","embeddable":true,"href":"https:\/\/fuentesfidedignas.com.mx\/index.php\/wp-json\/wp\/v2\/tags?post=23101"}],"curies":[{"name":"wp","href":"https:\/\/api.w.org\/{rel}","templated":true}]}}