{"id":23073,"date":"2022-01-31T19:50:41","date_gmt":"2022-02-01T02:50:41","guid":{"rendered":"https:\/\/fuentesfidedignas.com.mx\/?p=23073"},"modified":"2022-01-31T19:51:09","modified_gmt":"2022-02-01T02:51:09","slug":"pico-de-la-cuarta-ola-de-covid-ya-paso-segun-cifras-oficiales","status":"publish","type":"post","link":"https:\/\/fuentesfidedignas.com.mx\/index.php\/2022\/01\/31\/pico-de-la-cuarta-ola-de-covid-ya-paso-segun-cifras-oficiales\/","title":{"rendered":"Pico de la cuarta ola de Covid ya pas\u00f3, seg\u00fan cifras oficiales"},"content":{"rendered":"\n<p><strong><em>La curva de la cuarta ola de Covid-19 muestra una bajada acelerada, como lo fue el ascenso de contagios; la hospitalizaci\u00f3n llega a 47% <\/em><\/strong><\/p>\n\n\n\n<p>Ciudad de M\u00e9xico. El pico de la cuarta ola de Covid-19, impulsada por la variante \u00d3micron del coronavirus, ya pas\u00f3 y los nuevos contagios van a la baja en el pa\u00eds, de acuerdo con las cifras de la Secretar\u00eda de Salud (Ssa). <\/p>\n\n\n\n<p>La dependencia se encuentra esta semana reportando los datos que recibe de hace dos semanas, del 16 al 22 de enero, y \u00e9stos revelan una disminuci\u00f3n de 30% con respecto a la semana previa, de esta forma, la epidemia de Covid en el pa\u00eds muestra un descenso acelerado, tal como lo fue el ascenso en la cuarta ola.<\/p>\n\n\n\n<figure class=\"wp-block-image\"><img decoding=\"async\" src=\"https:\/\/cdn.forbes.com.mx\/2022\/01\/curva-epidemica-31-ene.jpg\" alt=\"\" class=\"wp-image-937644\"\/><\/figure>\n\n\n\n<p>Casos de Covid-19 por semana epidemiol\u00f3gica. Gr\u00e1fica: Ssa.<\/p>\n\n\n\n<p>No obstante, las muertes, si bien no se comparan a las registradas en las olas anteriores, permanecen al alza y se acercan a 2 por cada 100,000 habitantes.<\/p>\n\n\n\n<figure class=\"wp-block-image\"><img decoding=\"async\" src=\"https:\/\/cdn.forbes.com.mx\/2022\/01\/curva-mortalidad-31-ene.jpg\" alt=\"\" class=\"wp-image-937647\"\/><figcaption>Gr\u00e1fica: Ssa.<\/figcaption><\/figure>\n\n\n\n<p>La Ssa report\u00f3 este lunes 12,521 nuevos contagios de Covid-19, con lo cual el pa\u00eds llega a un total de 4,942,590 casos, adem\u00e1s de 198 muertes, para totalizar 306,091 decesos.<\/p>\n\n\n\n<p>Los 13,926 contagios del domingo y los 12,521 de este lunes son las cifras m\u00e1s bajas de nuevos casos en los \u00faltimos 15 d\u00edas, luego de que se reportaran por encima de los 40,000 casos diarios.<\/p>\n\n\n\n<p>El 19 de enero anot\u00f3 un r\u00e9cord hist\u00f3rico de 60,552, adem\u00e1s de muertes diarias por encima de las 300.<\/p>\n\n\n\n<p>Sobre las cifras de este d\u00eda, se debe tener en cuenta que en los reportes de domingo y lunes las cifras bajan debido al procesamiento de informaci\u00f3n del fin de semana.<\/p>\n\n\n\n<p>Con estos datos, en n\u00fameros absolutos sin considerar tama\u00f1os de poblaci\u00f3n, M\u00e9xico es el decimocuarto pa\u00eds en el mundo en n\u00famero de contagios confirmados y es el quinto con m\u00e1s decesos por esta causa, por detr\u00e1s de Estados Unidos, Brasil, India y Rusia, seg\u00fan el recuento de la Universidad Johns Hopkins.<\/p>\n\n\n\n<p>La Ssa estima al d\u00eda de hoy 230,308 casos activos, por haber presentado s\u00edntomas durante los \u00faltimos 14 d\u00edas; adem\u00e1s, calcula que se han recuperado 4,070,755 personas.<\/p>\n\n\n\n<p>Los niveles de hospitalizaci\u00f3n tambi\u00e9n han subido en esta cuarta ola, aunque no a niveles de las olas anteriores. Hoy, la ocupaci\u00f3n nacional de camas generales se sit\u00faa en 47%, dos puntos porcentuales m\u00e1s que ayer, y las camas con ventilador se ubican en 29%, sin cambio con respecto a ayer.<\/p>\n\n\n\n<figure class=\"wp-block-image\"><img decoding=\"async\" src=\"https:\/\/cdn.forbes.com.mx\/2022\/01\/hospitalizaciones-31-ene.jpg\" alt=\"\" class=\"wp-image-937649\"\/><figcaption>Gr\u00e1fica: Ssa.<\/figcaption><\/figure>\n\n\n\n<p>La Secretar\u00eda de Salud tambi\u00e9n indic\u00f3 que dentro del programa de vacunaci\u00f3n se han administrado m\u00e1s de 165.75 millones de dosis, al sumar 140,365 durante la \u00faltima jornada.<\/p>\n\n\n\n<p>De los 126 millones de habitantes, 83.62 millones de mexicanos han recibido al menos una dosis de la vacuna, con lo que 89% de la poblaci\u00f3n de 18 a\u00f1os y m\u00e1s han recibido al menos una dosis.<\/p>\n\n\n\n<p>En tanto, 77.15 millones han completado su esquema de vacunaci\u00f3n.<\/p>\n","protected":false},"excerpt":{"rendered":"<p>La curva de la cuarta ola de Covid-19 muestra una bajada acelerada, como lo fue el ascenso de contagios; la hospitalizaci\u00f3n llega a 47% Ciudad de M\u00e9xico. El pico de la cuarta ola de Covid-19, impulsada por la variante \u00d3micron del coronavirus, ya pas\u00f3 y los nuevos contagios van a la baja en el pa\u00eds, [&hellip;]<\/p>\n","protected":false},"author":5,"featured_media":23075,"comment_status":"open","ping_status":"open","sticky":false,"template":"","format":"standard","meta":{"tdm_status":"","tdm_grid_status":"","footnotes":""},"categories":[39],"tags":[332,59,416],"class_list":{"0":"post-23073","1":"post","2":"type-post","3":"status-publish","4":"format-standard","5":"has-post-thumbnail","7":"category-noticias-nacionales","8":"tag-coronavirus","9":"tag-covid-19","10":"tag-sars-cov-2"},"yoast_head":"<!-- This site is optimized with the Yoast SEO plugin v27.5 - https:\/\/yoast.com\/product\/yoast-seo-wordpress\/ -->\n<title>Pico de la cuarta ola de Covid ya pas\u00f3, seg\u00fan cifras oficiales - Fuentes Fidedignas<\/title>\n<meta name=\"robots\" content=\"index, follow, max-snippet:-1, max-image-preview:large, max-video-preview:-1\" \/>\n<link rel=\"canonical\" href=\"https:\/\/fuentesfidedignas.com.mx\/index.php\/2022\/01\/31\/pico-de-la-cuarta-ola-de-covid-ya-paso-segun-cifras-oficiales\/\" \/>\n<meta property=\"og:locale\" content=\"es_MX\" \/>\n<meta property=\"og:type\" content=\"article\" \/>\n<meta property=\"og:title\" content=\"Pico de la cuarta ola de Covid ya pas\u00f3, seg\u00fan cifras oficiales - Fuentes Fidedignas\" \/>\n<meta property=\"og:description\" content=\"La curva de la cuarta ola de Covid-19 muestra una bajada acelerada, como lo fue el ascenso de contagios; la hospitalizaci\u00f3n llega a 47% Ciudad de M\u00e9xico. El pico de la cuarta ola de Covid-19, impulsada por la variante \u00d3micron del coronavirus, ya pas\u00f3 y los nuevos contagios van a la baja en el pa\u00eds, [&hellip;]\" \/>\n<meta property=\"og:url\" content=\"https:\/\/fuentesfidedignas.com.mx\/index.php\/2022\/01\/31\/pico-de-la-cuarta-ola-de-covid-ya-paso-segun-cifras-oficiales\/\" \/>\n<meta property=\"og:site_name\" content=\"Fuentes Fidedignas\" \/>\n<meta property=\"article:publisher\" content=\"https:\/\/www.facebook.com\/Fuentes-Fidedignas-368234489921644\" \/>\n<meta property=\"article:published_time\" content=\"2022-02-01T02:50:41+00:00\" \/>\n<meta property=\"article:modified_time\" content=\"2022-02-01T02:51:09+00:00\" \/>\n<meta property=\"og:image\" content=\"https:\/\/fuentesfidedignas.com.mx\/wp-content\/uploads\/2022\/01\/Pruebas-Covid-8-1024x576-1.jpg\" \/>\n\t<meta property=\"og:image:width\" content=\"1024\" \/>\n\t<meta property=\"og:image:height\" content=\"576\" \/>\n\t<meta property=\"og:image:type\" content=\"image\/jpeg\" \/>\n<meta name=\"author\" content=\"Forbes\" \/>\n<meta name=\"twitter:card\" content=\"summary_large_image\" \/>\n<meta name=\"twitter:creator\" content=\"@fidedignas\" \/>\n<meta name=\"twitter:site\" content=\"@fidedignas\" \/>\n<meta name=\"twitter:label1\" content=\"Escrito por\" \/>\n\t<meta name=\"twitter:data1\" content=\"Forbes\" \/>\n\t<meta name=\"twitter:label2\" content=\"Tiempo de lectura\" \/>\n\t<meta name=\"twitter:data2\" content=\"3 minutos\" \/>\n<script type=\"application\/ld+json\" class=\"yoast-schema-graph\">{\"@context\":\"https:\\\/\\\/schema.org\",\"@graph\":[{\"@type\":\"Article\",\"@id\":\"https:\\\/\\\/fuentesfidedignas.com.mx\\\/index.php\\\/2022\\\/01\\\/31\\\/pico-de-la-cuarta-ola-de-covid-ya-paso-segun-cifras-oficiales\\\/#article\",\"isPartOf\":{\"@id\":\"https:\\\/\\\/fuentesfidedignas.com.mx\\\/index.php\\\/2022\\\/01\\\/31\\\/pico-de-la-cuarta-ola-de-covid-ya-paso-segun-cifras-oficiales\\\/\"},\"author\":{\"name\":\"Forbes\",\"@id\":\"https:\\\/\\\/fuentesfidedignas.com.mx\\\/#\\\/schema\\\/person\\\/5623d53fe2e579d825b1679734abcc44\"},\"headline\":\"Pico de la cuarta ola de Covid ya pas\u00f3, seg\u00fan cifras oficiales\",\"datePublished\":\"2022-02-01T02:50:41+00:00\",\"dateModified\":\"2022-02-01T02:51:09+00:00\",\"mainEntityOfPage\":{\"@id\":\"https:\\\/\\\/fuentesfidedignas.com.mx\\\/index.php\\\/2022\\\/01\\\/31\\\/pico-de-la-cuarta-ola-de-covid-ya-paso-segun-cifras-oficiales\\\/\"},\"wordCount\":513,\"commentCount\":0,\"publisher\":{\"@id\":\"https:\\\/\\\/fuentesfidedignas.com.mx\\\/#organization\"},\"image\":{\"@id\":\"https:\\\/\\\/fuentesfidedignas.com.mx\\\/index.php\\\/2022\\\/01\\\/31\\\/pico-de-la-cuarta-ola-de-covid-ya-paso-segun-cifras-oficiales\\\/#primaryimage\"},\"thumbnailUrl\":\"https:\\\/\\\/fuentesfidedignas.com.mx\\\/wp-content\\\/uploads\\\/2022\\\/01\\\/Pruebas-Covid-8-1024x576-1.jpg\",\"keywords\":[\"Coronavirus\",\"Covid-19\",\"SARS-CoV-2\"],\"articleSection\":[\"NOTICIAS NACIONALES\"],\"inLanguage\":\"es\",\"potentialAction\":[{\"@type\":\"CommentAction\",\"name\":\"Comment\",\"target\":[\"https:\\\/\\\/fuentesfidedignas.com.mx\\\/index.php\\\/2022\\\/01\\\/31\\\/pico-de-la-cuarta-ola-de-covid-ya-paso-segun-cifras-oficiales\\\/#respond\"]}]},{\"@type\":\"WebPage\",\"@id\":\"https:\\\/\\\/fuentesfidedignas.com.mx\\\/index.php\\\/2022\\\/01\\\/31\\\/pico-de-la-cuarta-ola-de-covid-ya-paso-segun-cifras-oficiales\\\/\",\"url\":\"https:\\\/\\\/fuentesfidedignas.com.mx\\\/index.php\\\/2022\\\/01\\\/31\\\/pico-de-la-cuarta-ola-de-covid-ya-paso-segun-cifras-oficiales\\\/\",\"name\":\"Pico de la cuarta ola de Covid ya pas\u00f3, seg\u00fan cifras oficiales - Fuentes Fidedignas\",\"isPartOf\":{\"@id\":\"https:\\\/\\\/fuentesfidedignas.com.mx\\\/#website\"},\"primaryImageOfPage\":{\"@id\":\"https:\\\/\\\/fuentesfidedignas.com.mx\\\/index.php\\\/2022\\\/01\\\/31\\\/pico-de-la-cuarta-ola-de-covid-ya-paso-segun-cifras-oficiales\\\/#primaryimage\"},\"image\":{\"@id\":\"https:\\\/\\\/fuentesfidedignas.com.mx\\\/index.php\\\/2022\\\/01\\\/31\\\/pico-de-la-cuarta-ola-de-covid-ya-paso-segun-cifras-oficiales\\\/#primaryimage\"},\"thumbnailUrl\":\"https:\\\/\\\/fuentesfidedignas.com.mx\\\/wp-content\\\/uploads\\\/2022\\\/01\\\/Pruebas-Covid-8-1024x576-1.jpg\",\"datePublished\":\"2022-02-01T02:50:41+00:00\",\"dateModified\":\"2022-02-01T02:51:09+00:00\",\"breadcrumb\":{\"@id\":\"https:\\\/\\\/fuentesfidedignas.com.mx\\\/index.php\\\/2022\\\/01\\\/31\\\/pico-de-la-cuarta-ola-de-covid-ya-paso-segun-cifras-oficiales\\\/#breadcrumb\"},\"inLanguage\":\"es\",\"potentialAction\":[{\"@type\":\"ReadAction\",\"target\":[\"https:\\\/\\\/fuentesfidedignas.com.mx\\\/index.php\\\/2022\\\/01\\\/31\\\/pico-de-la-cuarta-ola-de-covid-ya-paso-segun-cifras-oficiales\\\/\"]}]},{\"@type\":\"ImageObject\",\"inLanguage\":\"es\",\"@id\":\"https:\\\/\\\/fuentesfidedignas.com.mx\\\/index.php\\\/2022\\\/01\\\/31\\\/pico-de-la-cuarta-ola-de-covid-ya-paso-segun-cifras-oficiales\\\/#primaryimage\",\"url\":\"https:\\\/\\\/fuentesfidedignas.com.mx\\\/wp-content\\\/uploads\\\/2022\\\/01\\\/Pruebas-Covid-8-1024x576-1.jpg\",\"contentUrl\":\"https:\\\/\\\/fuentesfidedignas.com.mx\\\/wp-content\\\/uploads\\\/2022\\\/01\\\/Pruebas-Covid-8-1024x576-1.jpg\",\"width\":1024,\"height\":576},{\"@type\":\"BreadcrumbList\",\"@id\":\"https:\\\/\\\/fuentesfidedignas.com.mx\\\/index.php\\\/2022\\\/01\\\/31\\\/pico-de-la-cuarta-ola-de-covid-ya-paso-segun-cifras-oficiales\\\/#breadcrumb\",\"itemListElement\":[{\"@type\":\"ListItem\",\"position\":1,\"name\":\"Inicio\",\"item\":\"https:\\\/\\\/fuentesfidedignas.com.mx\\\/\"},{\"@type\":\"ListItem\",\"position\":2,\"name\":\"Pico de la cuarta ola de Covid ya pas\u00f3, seg\u00fan cifras oficiales\"}]},{\"@type\":\"WebSite\",\"@id\":\"https:\\\/\\\/fuentesfidedignas.com.mx\\\/#website\",\"url\":\"https:\\\/\\\/fuentesfidedignas.com.mx\\\/\",\"name\":\"Fuentes Fidedignas\",\"description\":\"Otro sitio realizado con WordPress\",\"publisher\":{\"@id\":\"https:\\\/\\\/fuentesfidedignas.com.mx\\\/#organization\"},\"potentialAction\":[{\"@type\":\"SearchAction\",\"target\":{\"@type\":\"EntryPoint\",\"urlTemplate\":\"https:\\\/\\\/fuentesfidedignas.com.mx\\\/?s={search_term_string}\"},\"query-input\":{\"@type\":\"PropertyValueSpecification\",\"valueRequired\":true,\"valueName\":\"search_term_string\"}}],\"inLanguage\":\"es\"},{\"@type\":\"Organization\",\"@id\":\"https:\\\/\\\/fuentesfidedignas.com.mx\\\/#organization\",\"name\":\"Fuentes Fidedignas\",\"url\":\"https:\\\/\\\/fuentesfidedignas.com.mx\\\/\",\"logo\":{\"@type\":\"ImageObject\",\"inLanguage\":\"es\",\"@id\":\"https:\\\/\\\/fuentesfidedignas.com.mx\\\/#\\\/schema\\\/logo\\\/image\\\/\",\"url\":\"https:\\\/\\\/fuentesfidedignas.com.mx\\\/wp-content\\\/uploads\\\/2021\\\/04\\\/logo-retina.png\",\"contentUrl\":\"https:\\\/\\\/fuentesfidedignas.com.mx\\\/wp-content\\\/uploads\\\/2021\\\/04\\\/logo-retina.png\",\"width\":280,\"height\":51,\"caption\":\"Fuentes Fidedignas\"},\"image\":{\"@id\":\"https:\\\/\\\/fuentesfidedignas.com.mx\\\/#\\\/schema\\\/logo\\\/image\\\/\"},\"sameAs\":[\"https:\\\/\\\/www.facebook.com\\\/Fuentes-Fidedignas-368234489921644\",\"https:\\\/\\\/x.com\\\/fidedignas\"]},{\"@type\":\"Person\",\"@id\":\"https:\\\/\\\/fuentesfidedignas.com.mx\\\/#\\\/schema\\\/person\\\/5623d53fe2e579d825b1679734abcc44\",\"name\":\"Forbes\",\"image\":{\"@type\":\"ImageObject\",\"inLanguage\":\"es\",\"@id\":\"https:\\\/\\\/secure.gravatar.com\\\/avatar\\\/87ce3dd4e41e60c22a79c758614f01a6bc2469255fc936ec7b15efb9bb5cb66f?s=96&d=mm&r=g\",\"url\":\"https:\\\/\\\/secure.gravatar.com\\\/avatar\\\/87ce3dd4e41e60c22a79c758614f01a6bc2469255fc936ec7b15efb9bb5cb66f?s=96&d=mm&r=g\",\"contentUrl\":\"https:\\\/\\\/secure.gravatar.com\\\/avatar\\\/87ce3dd4e41e60c22a79c758614f01a6bc2469255fc936ec7b15efb9bb5cb66f?s=96&d=mm&r=g\",\"caption\":\"Forbes\"},\"url\":\"https:\\\/\\\/fuentesfidedignas.com.mx\\\/index.php\\\/author\\\/forbes\\\/\"}]}<\/script>\n<!-- \/ Yoast SEO plugin. -->","yoast_head_json":{"title":"Pico de la cuarta ola de Covid ya pas\u00f3, seg\u00fan cifras oficiales - Fuentes Fidedignas","robots":{"index":"index","follow":"follow","max-snippet":"max-snippet:-1","max-image-preview":"max-image-preview:large","max-video-preview":"max-video-preview:-1"},"canonical":"https:\/\/fuentesfidedignas.com.mx\/index.php\/2022\/01\/31\/pico-de-la-cuarta-ola-de-covid-ya-paso-segun-cifras-oficiales\/","og_locale":"es_MX","og_type":"article","og_title":"Pico de la cuarta ola de Covid ya pas\u00f3, seg\u00fan cifras oficiales - Fuentes Fidedignas","og_description":"La curva de la cuarta ola de Covid-19 muestra una bajada acelerada, como lo fue el ascenso de contagios; la hospitalizaci\u00f3n llega a 47% Ciudad de M\u00e9xico. El pico de la cuarta ola de Covid-19, impulsada por la variante \u00d3micron del coronavirus, ya pas\u00f3 y los nuevos contagios van a la baja en el pa\u00eds, [&hellip;]","og_url":"https:\/\/fuentesfidedignas.com.mx\/index.php\/2022\/01\/31\/pico-de-la-cuarta-ola-de-covid-ya-paso-segun-cifras-oficiales\/","og_site_name":"Fuentes Fidedignas","article_publisher":"https:\/\/www.facebook.com\/Fuentes-Fidedignas-368234489921644","article_published_time":"2022-02-01T02:50:41+00:00","article_modified_time":"2022-02-01T02:51:09+00:00","og_image":[{"width":1024,"height":576,"url":"https:\/\/fuentesfidedignas.com.mx\/wp-content\/uploads\/2022\/01\/Pruebas-Covid-8-1024x576-1.jpg","type":"image\/jpeg"}],"author":"Forbes","twitter_card":"summary_large_image","twitter_creator":"@fidedignas","twitter_site":"@fidedignas","twitter_misc":{"Escrito por":"Forbes","Tiempo de lectura":"3 minutos"},"schema":{"@context":"https:\/\/schema.org","@graph":[{"@type":"Article","@id":"https:\/\/fuentesfidedignas.com.mx\/index.php\/2022\/01\/31\/pico-de-la-cuarta-ola-de-covid-ya-paso-segun-cifras-oficiales\/#article","isPartOf":{"@id":"https:\/\/fuentesfidedignas.com.mx\/index.php\/2022\/01\/31\/pico-de-la-cuarta-ola-de-covid-ya-paso-segun-cifras-oficiales\/"},"author":{"name":"Forbes","@id":"https:\/\/fuentesfidedignas.com.mx\/#\/schema\/person\/5623d53fe2e579d825b1679734abcc44"},"headline":"Pico de la cuarta ola de Covid ya pas\u00f3, seg\u00fan cifras oficiales","datePublished":"2022-02-01T02:50:41+00:00","dateModified":"2022-02-01T02:51:09+00:00","mainEntityOfPage":{"@id":"https:\/\/fuentesfidedignas.com.mx\/index.php\/2022\/01\/31\/pico-de-la-cuarta-ola-de-covid-ya-paso-segun-cifras-oficiales\/"},"wordCount":513,"commentCount":0,"publisher":{"@id":"https:\/\/fuentesfidedignas.com.mx\/#organization"},"image":{"@id":"https:\/\/fuentesfidedignas.com.mx\/index.php\/2022\/01\/31\/pico-de-la-cuarta-ola-de-covid-ya-paso-segun-cifras-oficiales\/#primaryimage"},"thumbnailUrl":"https:\/\/fuentesfidedignas.com.mx\/wp-content\/uploads\/2022\/01\/Pruebas-Covid-8-1024x576-1.jpg","keywords":["Coronavirus","Covid-19","SARS-CoV-2"],"articleSection":["NOTICIAS NACIONALES"],"inLanguage":"es","potentialAction":[{"@type":"CommentAction","name":"Comment","target":["https:\/\/fuentesfidedignas.com.mx\/index.php\/2022\/01\/31\/pico-de-la-cuarta-ola-de-covid-ya-paso-segun-cifras-oficiales\/#respond"]}]},{"@type":"WebPage","@id":"https:\/\/fuentesfidedignas.com.mx\/index.php\/2022\/01\/31\/pico-de-la-cuarta-ola-de-covid-ya-paso-segun-cifras-oficiales\/","url":"https:\/\/fuentesfidedignas.com.mx\/index.php\/2022\/01\/31\/pico-de-la-cuarta-ola-de-covid-ya-paso-segun-cifras-oficiales\/","name":"Pico de la cuarta ola de Covid ya pas\u00f3, seg\u00fan cifras oficiales - Fuentes Fidedignas","isPartOf":{"@id":"https:\/\/fuentesfidedignas.com.mx\/#website"},"primaryImageOfPage":{"@id":"https:\/\/fuentesfidedignas.com.mx\/index.php\/2022\/01\/31\/pico-de-la-cuarta-ola-de-covid-ya-paso-segun-cifras-oficiales\/#primaryimage"},"image":{"@id":"https:\/\/fuentesfidedignas.com.mx\/index.php\/2022\/01\/31\/pico-de-la-cuarta-ola-de-covid-ya-paso-segun-cifras-oficiales\/#primaryimage"},"thumbnailUrl":"https:\/\/fuentesfidedignas.com.mx\/wp-content\/uploads\/2022\/01\/Pruebas-Covid-8-1024x576-1.jpg","datePublished":"2022-02-01T02:50:41+00:00","dateModified":"2022-02-01T02:51:09+00:00","breadcrumb":{"@id":"https:\/\/fuentesfidedignas.com.mx\/index.php\/2022\/01\/31\/pico-de-la-cuarta-ola-de-covid-ya-paso-segun-cifras-oficiales\/#breadcrumb"},"inLanguage":"es","potentialAction":[{"@type":"ReadAction","target":["https:\/\/fuentesfidedignas.com.mx\/index.php\/2022\/01\/31\/pico-de-la-cuarta-ola-de-covid-ya-paso-segun-cifras-oficiales\/"]}]},{"@type":"ImageObject","inLanguage":"es","@id":"https:\/\/fuentesfidedignas.com.mx\/index.php\/2022\/01\/31\/pico-de-la-cuarta-ola-de-covid-ya-paso-segun-cifras-oficiales\/#primaryimage","url":"https:\/\/fuentesfidedignas.com.mx\/wp-content\/uploads\/2022\/01\/Pruebas-Covid-8-1024x576-1.jpg","contentUrl":"https:\/\/fuentesfidedignas.com.mx\/wp-content\/uploads\/2022\/01\/Pruebas-Covid-8-1024x576-1.jpg","width":1024,"height":576},{"@type":"BreadcrumbList","@id":"https:\/\/fuentesfidedignas.com.mx\/index.php\/2022\/01\/31\/pico-de-la-cuarta-ola-de-covid-ya-paso-segun-cifras-oficiales\/#breadcrumb","itemListElement":[{"@type":"ListItem","position":1,"name":"Inicio","item":"https:\/\/fuentesfidedignas.com.mx\/"},{"@type":"ListItem","position":2,"name":"Pico de la cuarta ola de Covid ya pas\u00f3, seg\u00fan cifras oficiales"}]},{"@type":"WebSite","@id":"https:\/\/fuentesfidedignas.com.mx\/#website","url":"https:\/\/fuentesfidedignas.com.mx\/","name":"Fuentes Fidedignas","description":"Otro sitio realizado con WordPress","publisher":{"@id":"https:\/\/fuentesfidedignas.com.mx\/#organization"},"potentialAction":[{"@type":"SearchAction","target":{"@type":"EntryPoint","urlTemplate":"https:\/\/fuentesfidedignas.com.mx\/?s={search_term_string}"},"query-input":{"@type":"PropertyValueSpecification","valueRequired":true,"valueName":"search_term_string"}}],"inLanguage":"es"},{"@type":"Organization","@id":"https:\/\/fuentesfidedignas.com.mx\/#organization","name":"Fuentes Fidedignas","url":"https:\/\/fuentesfidedignas.com.mx\/","logo":{"@type":"ImageObject","inLanguage":"es","@id":"https:\/\/fuentesfidedignas.com.mx\/#\/schema\/logo\/image\/","url":"https:\/\/fuentesfidedignas.com.mx\/wp-content\/uploads\/2021\/04\/logo-retina.png","contentUrl":"https:\/\/fuentesfidedignas.com.mx\/wp-content\/uploads\/2021\/04\/logo-retina.png","width":280,"height":51,"caption":"Fuentes Fidedignas"},"image":{"@id":"https:\/\/fuentesfidedignas.com.mx\/#\/schema\/logo\/image\/"},"sameAs":["https:\/\/www.facebook.com\/Fuentes-Fidedignas-368234489921644","https:\/\/x.com\/fidedignas"]},{"@type":"Person","@id":"https:\/\/fuentesfidedignas.com.mx\/#\/schema\/person\/5623d53fe2e579d825b1679734abcc44","name":"Forbes","image":{"@type":"ImageObject","inLanguage":"es","@id":"https:\/\/secure.gravatar.com\/avatar\/87ce3dd4e41e60c22a79c758614f01a6bc2469255fc936ec7b15efb9bb5cb66f?s=96&d=mm&r=g","url":"https:\/\/secure.gravatar.com\/avatar\/87ce3dd4e41e60c22a79c758614f01a6bc2469255fc936ec7b15efb9bb5cb66f?s=96&d=mm&r=g","contentUrl":"https:\/\/secure.gravatar.com\/avatar\/87ce3dd4e41e60c22a79c758614f01a6bc2469255fc936ec7b15efb9bb5cb66f?s=96&d=mm&r=g","caption":"Forbes"},"url":"https:\/\/fuentesfidedignas.com.mx\/index.php\/author\/forbes\/"}]}},"_links":{"self":[{"href":"https:\/\/fuentesfidedignas.com.mx\/index.php\/wp-json\/wp\/v2\/posts\/23073","targetHints":{"allow":["GET"]}}],"collection":[{"href":"https:\/\/fuentesfidedignas.com.mx\/index.php\/wp-json\/wp\/v2\/posts"}],"about":[{"href":"https:\/\/fuentesfidedignas.com.mx\/index.php\/wp-json\/wp\/v2\/types\/post"}],"author":[{"embeddable":true,"href":"https:\/\/fuentesfidedignas.com.mx\/index.php\/wp-json\/wp\/v2\/users\/5"}],"replies":[{"embeddable":true,"href":"https:\/\/fuentesfidedignas.com.mx\/index.php\/wp-json\/wp\/v2\/comments?post=23073"}],"version-history":[{"count":1,"href":"https:\/\/fuentesfidedignas.com.mx\/index.php\/wp-json\/wp\/v2\/posts\/23073\/revisions"}],"predecessor-version":[{"id":23074,"href":"https:\/\/fuentesfidedignas.com.mx\/index.php\/wp-json\/wp\/v2\/posts\/23073\/revisions\/23074"}],"wp:featuredmedia":[{"embeddable":true,"href":"https:\/\/fuentesfidedignas.com.mx\/index.php\/wp-json\/wp\/v2\/media\/23075"}],"wp:attachment":[{"href":"https:\/\/fuentesfidedignas.com.mx\/index.php\/wp-json\/wp\/v2\/media?parent=23073"}],"wp:term":[{"taxonomy":"category","embeddable":true,"href":"https:\/\/fuentesfidedignas.com.mx\/index.php\/wp-json\/wp\/v2\/categories?post=23073"},{"taxonomy":"post_tag","embeddable":true,"href":"https:\/\/fuentesfidedignas.com.mx\/index.php\/wp-json\/wp\/v2\/tags?post=23073"}],"curies":[{"name":"wp","href":"https:\/\/api.w.org\/{rel}","templated":true}]}}