{"id":2304,"date":"2021-05-17T21:21:20","date_gmt":"2021-05-18T04:21:20","guid":{"rendered":"https:\/\/fuentesfidedignas.com.mx\/?p=2304"},"modified":"2021-05-18T09:04:46","modified_gmt":"2021-05-18T16:04:46","slug":"jovenes-tendran-acceso-a-creditos-becas-y-apoyo-en-tramite-de-titulacion-zamora","status":"publish","type":"post","link":"https:\/\/fuentesfidedignas.com.mx\/index.php\/2021\/05\/17\/jovenes-tendran-acceso-a-creditos-becas-y-apoyo-en-tramite-de-titulacion-zamora\/","title":{"rendered":"J\u00f3venes tendr\u00e1n acceso a cr\u00e9ditos, becas y apoyo en tr\u00e1mite de titulaci\u00f3n: Zamora"},"content":{"rendered":"\n<p><em><strong>Se reuni\u00f3 con vecinos de Culiac\u00e1n, donde prometi\u00f3 pavimento e internet gratuito para la escuela de la colonia Libertad<\/strong><\/em><\/p>\n\n\n\n<p>Culiac\u00e1n, Sin.- Los j\u00f3venes son los que en la pr\u00f3xima elecci\u00f3n decidir\u00e1n el futuro que quieren para M\u00e9xico y Sinaloa, el de la evoluci\u00f3n o el del retroceso, manifest\u00f3 el candidato a la gubernatura Mario Zamora Gast\u00e9lum, ante la presencia de cientos de j\u00f3venes ciudadanos de Culiac\u00e1n.<\/p>\n\n\n\n<p>El abanderado de la alianza \u201cVa por Sinaloa\u201d en compa\u00f1\u00eda de sus hijas Wendy y Ana Mar\u00eda Zamora Ibarra, se traslad\u00f3 al Parque Las Riberas, donde reiter\u00f3 que su gobierno ser\u00e1 como un amigo, que le d\u00e9 las herramientas a los j\u00f3venes para que salgan adelante.<\/p>\n\n\n\n<p>Detall\u00f3 que en su gobierno los j\u00f3venes tendr\u00e1n la oportunidad de contar con cr\u00e9ditos baratos, mejor acceso a la salud, becas para todo el que quiera estudiar en el pa\u00eds y en el extranjero, y ayudar\u00e1 a los estudiantes a que realicen su tr\u00e1mite de titulaci\u00f3n.<\/p>\n\n\n\n<p>\u201cEstamos abiertos a gobernar junto con ustedes, de la mano de ustedes, con las ideas de ustedes, porque a nadie le debe de importar m\u00e1s el presente para tener un futuro en Sinaloa que los que est\u00e1n aqu\u00ed\u201d, dijo.<\/p>\n\n\n\n<p>En este encuentro, tambi\u00e9n reiter\u00f3 su propuesta de crear un Centro de Emprendimiento, para que los j\u00f3venes puedan compartir sus proyectos y recibir capacitaci\u00f3n.<\/p>\n\n\n\n<p>Zamora Gast\u00e9lum, dijo que el pr\u00f3ximo 6 de junio puede ser la \u00faltima oportunidad de votar libremente, y solo hay dos opciones para gobernar Sinaloa, que son como la luz y en la oscuridad.<\/p>\n\n\n\n<p>\u201cEs tan f\u00e1cil decir qui\u00e9n en el presente puede construir el mejor futuro, y la respuesta eres t\u00fa, t\u00fa eres quien puede construir ese mejor futuro, y ese mejor futuro va a empezar el 6 de junio poniendo tu voto\u201d, explic\u00f3.<\/p>\n\n\n\n<p>\u201cSi ustedes se deciden a votar en favor tuyo, en favor de ustedes, vamos a ganar y vamos a ganar muy bien\u201d, se\u00f1al\u00f3 el pr\u00f3ximo gobernador del estado.<\/p>\n\n\n\n<p>En este encuentro, los j\u00f3venes compartieron lo que hacen en favor de la sociedad; acciones que tienen que ver con la cultura, el cuidado del medio ambiente y el esparcimiento social.<\/p>\n\n\n\n<p>Antes de arribar a este encuentro, Mario Zamora Gast\u00e9lum estuvo en la colonia Libertad, donde despu\u00e9s de saludar a los vecinos, hizo el compromiso de pavimentar las principales calles del sector e instalar internet gratuito en la escuela Benito Ju\u00e1rez.<\/p>\n\n\n\n<p>En los eventos lo acompa\u00f1aron la ex secretaria general del Partido Fuerza X M\u00e9xico, Gladys Obeso; la s\u00edndico procuradora por Morena de Culiac\u00e1n, Sandra Martos; adem\u00e1s de los dirigentes del PRI y PAN en Sinaloa, Jes\u00fas Vald\u00e9s Palazuelos y Juan Carlos Estrada Vega.<\/p>\n","protected":false},"excerpt":{"rendered":"<p>Se reuni\u00f3 con vecinos de Culiac\u00e1n, donde prometi\u00f3 pavimento e internet gratuito para la escuela de la colonia Libertad Culiac\u00e1n, Sin.- Los j\u00f3venes son los que en la pr\u00f3xima elecci\u00f3n decidir\u00e1n el futuro que quieren para M\u00e9xico y Sinaloa, el de la evoluci\u00f3n o el del retroceso, manifest\u00f3 el candidato a la gubernatura Mario Zamora [&hellip;]<\/p>\n","protected":false},"author":4,"featured_media":2305,"comment_status":"open","ping_status":"open","sticky":false,"template":"","format":"standard","meta":{"tdm_status":"","tdm_grid_status":"","footnotes":""},"categories":[38],"tags":[66,276,64,67],"class_list":{"0":"post-2304","1":"post","2":"type-post","3":"status-publish","4":"format-standard","5":"has-post-thumbnail","7":"category-noticias-locales","8":"tag-coalicion-pripanprd","9":"tag-elecciones-2021","10":"tag-mario-zamora","11":"tag-va-por-sinaloa"},"yoast_head":"<!-- This site is optimized with the Yoast SEO plugin v27.5 - https:\/\/yoast.com\/product\/yoast-seo-wordpress\/ -->\n<title>J\u00f3venes tendr\u00e1n acceso a cr\u00e9ditos, becas y apoyo en tr\u00e1mite de titulaci\u00f3n: Zamora - Fuentes Fidedignas<\/title>\n<meta name=\"robots\" content=\"index, follow, max-snippet:-1, max-image-preview:large, max-video-preview:-1\" \/>\n<link rel=\"canonical\" href=\"https:\/\/fuentesfidedignas.com.mx\/index.php\/2021\/05\/17\/jovenes-tendran-acceso-a-creditos-becas-y-apoyo-en-tramite-de-titulacion-zamora\/\" \/>\n<meta property=\"og:locale\" content=\"es_MX\" \/>\n<meta property=\"og:type\" content=\"article\" \/>\n<meta property=\"og:title\" content=\"J\u00f3venes tendr\u00e1n acceso a cr\u00e9ditos, becas y apoyo en tr\u00e1mite de titulaci\u00f3n: Zamora - Fuentes Fidedignas\" \/>\n<meta property=\"og:description\" content=\"Se reuni\u00f3 con vecinos de Culiac\u00e1n, donde prometi\u00f3 pavimento e internet gratuito para la escuela de la colonia Libertad Culiac\u00e1n, Sin.- Los j\u00f3venes son los que en la pr\u00f3xima elecci\u00f3n decidir\u00e1n el futuro que quieren para M\u00e9xico y Sinaloa, el de la evoluci\u00f3n o el del retroceso, manifest\u00f3 el candidato a la gubernatura Mario Zamora [&hellip;]\" \/>\n<meta property=\"og:url\" content=\"https:\/\/fuentesfidedignas.com.mx\/index.php\/2021\/05\/17\/jovenes-tendran-acceso-a-creditos-becas-y-apoyo-en-tramite-de-titulacion-zamora\/\" \/>\n<meta property=\"og:site_name\" content=\"Fuentes Fidedignas\" \/>\n<meta property=\"article:publisher\" content=\"https:\/\/www.facebook.com\/Fuentes-Fidedignas-368234489921644\" \/>\n<meta property=\"article:published_time\" content=\"2021-05-18T04:21:20+00:00\" \/>\n<meta property=\"article:modified_time\" content=\"2021-05-18T16:04:46+00:00\" \/>\n<meta property=\"og:image\" content=\"https:\/\/fuentesfidedignas.com.mx\/wp-content\/uploads\/2021\/05\/IMG-20210517-WA0035.jpg\" \/>\n\t<meta property=\"og:image:width\" content=\"1024\" \/>\n\t<meta property=\"og:image:height\" content=\"683\" \/>\n\t<meta property=\"og:image:type\" content=\"image\/jpeg\" \/>\n<meta name=\"author\" content=\"Redacci\u00f3n\" \/>\n<meta name=\"twitter:card\" content=\"summary_large_image\" \/>\n<meta name=\"twitter:creator\" content=\"@fidedignas\" \/>\n<meta name=\"twitter:site\" content=\"@fidedignas\" \/>\n<meta name=\"twitter:label1\" content=\"Escrito por\" \/>\n\t<meta name=\"twitter:data1\" content=\"Redacci\u00f3n\" \/>\n\t<meta name=\"twitter:label2\" content=\"Tiempo de lectura\" \/>\n\t<meta name=\"twitter:data2\" content=\"2 minutos\" \/>\n<script type=\"application\/ld+json\" class=\"yoast-schema-graph\">{\"@context\":\"https:\\\/\\\/schema.org\",\"@graph\":[{\"@type\":\"Article\",\"@id\":\"https:\\\/\\\/fuentesfidedignas.com.mx\\\/index.php\\\/2021\\\/05\\\/17\\\/jovenes-tendran-acceso-a-creditos-becas-y-apoyo-en-tramite-de-titulacion-zamora\\\/#article\",\"isPartOf\":{\"@id\":\"https:\\\/\\\/fuentesfidedignas.com.mx\\\/index.php\\\/2021\\\/05\\\/17\\\/jovenes-tendran-acceso-a-creditos-becas-y-apoyo-en-tramite-de-titulacion-zamora\\\/\"},\"author\":{\"name\":\"Redacci\u00f3n\",\"@id\":\"https:\\\/\\\/fuentesfidedignas.com.mx\\\/#\\\/schema\\\/person\\\/331be9283d37198e2acd5750279085b0\"},\"headline\":\"J\u00f3venes tendr\u00e1n acceso a cr\u00e9ditos, becas y apoyo en tr\u00e1mite de titulaci\u00f3n: Zamora\",\"datePublished\":\"2021-05-18T04:21:20+00:00\",\"dateModified\":\"2021-05-18T16:04:46+00:00\",\"mainEntityOfPage\":{\"@id\":\"https:\\\/\\\/fuentesfidedignas.com.mx\\\/index.php\\\/2021\\\/05\\\/17\\\/jovenes-tendran-acceso-a-creditos-becas-y-apoyo-en-tramite-de-titulacion-zamora\\\/\"},\"wordCount\":497,\"commentCount\":0,\"publisher\":{\"@id\":\"https:\\\/\\\/fuentesfidedignas.com.mx\\\/#organization\"},\"image\":{\"@id\":\"https:\\\/\\\/fuentesfidedignas.com.mx\\\/index.php\\\/2021\\\/05\\\/17\\\/jovenes-tendran-acceso-a-creditos-becas-y-apoyo-en-tramite-de-titulacion-zamora\\\/#primaryimage\"},\"thumbnailUrl\":\"https:\\\/\\\/fuentesfidedignas.com.mx\\\/wp-content\\\/uploads\\\/2021\\\/05\\\/IMG-20210517-WA0035.jpg\",\"keywords\":[\"Coalici\u00f3n PRIPANPRD\",\"Elecciones 2021\",\"Mario Zamora\",\"Va por Sinaloa\"],\"articleSection\":[\"NOTICIAS LOCALES\"],\"inLanguage\":\"es\",\"potentialAction\":[{\"@type\":\"CommentAction\",\"name\":\"Comment\",\"target\":[\"https:\\\/\\\/fuentesfidedignas.com.mx\\\/index.php\\\/2021\\\/05\\\/17\\\/jovenes-tendran-acceso-a-creditos-becas-y-apoyo-en-tramite-de-titulacion-zamora\\\/#respond\"]}]},{\"@type\":\"WebPage\",\"@id\":\"https:\\\/\\\/fuentesfidedignas.com.mx\\\/index.php\\\/2021\\\/05\\\/17\\\/jovenes-tendran-acceso-a-creditos-becas-y-apoyo-en-tramite-de-titulacion-zamora\\\/\",\"url\":\"https:\\\/\\\/fuentesfidedignas.com.mx\\\/index.php\\\/2021\\\/05\\\/17\\\/jovenes-tendran-acceso-a-creditos-becas-y-apoyo-en-tramite-de-titulacion-zamora\\\/\",\"name\":\"J\u00f3venes tendr\u00e1n acceso a cr\u00e9ditos, becas y apoyo en tr\u00e1mite de titulaci\u00f3n: Zamora - Fuentes Fidedignas\",\"isPartOf\":{\"@id\":\"https:\\\/\\\/fuentesfidedignas.com.mx\\\/#website\"},\"primaryImageOfPage\":{\"@id\":\"https:\\\/\\\/fuentesfidedignas.com.mx\\\/index.php\\\/2021\\\/05\\\/17\\\/jovenes-tendran-acceso-a-creditos-becas-y-apoyo-en-tramite-de-titulacion-zamora\\\/#primaryimage\"},\"image\":{\"@id\":\"https:\\\/\\\/fuentesfidedignas.com.mx\\\/index.php\\\/2021\\\/05\\\/17\\\/jovenes-tendran-acceso-a-creditos-becas-y-apoyo-en-tramite-de-titulacion-zamora\\\/#primaryimage\"},\"thumbnailUrl\":\"https:\\\/\\\/fuentesfidedignas.com.mx\\\/wp-content\\\/uploads\\\/2021\\\/05\\\/IMG-20210517-WA0035.jpg\",\"datePublished\":\"2021-05-18T04:21:20+00:00\",\"dateModified\":\"2021-05-18T16:04:46+00:00\",\"breadcrumb\":{\"@id\":\"https:\\\/\\\/fuentesfidedignas.com.mx\\\/index.php\\\/2021\\\/05\\\/17\\\/jovenes-tendran-acceso-a-creditos-becas-y-apoyo-en-tramite-de-titulacion-zamora\\\/#breadcrumb\"},\"inLanguage\":\"es\",\"potentialAction\":[{\"@type\":\"ReadAction\",\"target\":[\"https:\\\/\\\/fuentesfidedignas.com.mx\\\/index.php\\\/2021\\\/05\\\/17\\\/jovenes-tendran-acceso-a-creditos-becas-y-apoyo-en-tramite-de-titulacion-zamora\\\/\"]}]},{\"@type\":\"ImageObject\",\"inLanguage\":\"es\",\"@id\":\"https:\\\/\\\/fuentesfidedignas.com.mx\\\/index.php\\\/2021\\\/05\\\/17\\\/jovenes-tendran-acceso-a-creditos-becas-y-apoyo-en-tramite-de-titulacion-zamora\\\/#primaryimage\",\"url\":\"https:\\\/\\\/fuentesfidedignas.com.mx\\\/wp-content\\\/uploads\\\/2021\\\/05\\\/IMG-20210517-WA0035.jpg\",\"contentUrl\":\"https:\\\/\\\/fuentesfidedignas.com.mx\\\/wp-content\\\/uploads\\\/2021\\\/05\\\/IMG-20210517-WA0035.jpg\",\"width\":1024,\"height\":683},{\"@type\":\"BreadcrumbList\",\"@id\":\"https:\\\/\\\/fuentesfidedignas.com.mx\\\/index.php\\\/2021\\\/05\\\/17\\\/jovenes-tendran-acceso-a-creditos-becas-y-apoyo-en-tramite-de-titulacion-zamora\\\/#breadcrumb\",\"itemListElement\":[{\"@type\":\"ListItem\",\"position\":1,\"name\":\"Inicio\",\"item\":\"https:\\\/\\\/fuentesfidedignas.com.mx\\\/\"},{\"@type\":\"ListItem\",\"position\":2,\"name\":\"J\u00f3venes tendr\u00e1n acceso a cr\u00e9ditos, becas y apoyo en tr\u00e1mite de titulaci\u00f3n: Zamora\"}]},{\"@type\":\"WebSite\",\"@id\":\"https:\\\/\\\/fuentesfidedignas.com.mx\\\/#website\",\"url\":\"https:\\\/\\\/fuentesfidedignas.com.mx\\\/\",\"name\":\"Fuentes Fidedignas\",\"description\":\"Otro sitio realizado con WordPress\",\"publisher\":{\"@id\":\"https:\\\/\\\/fuentesfidedignas.com.mx\\\/#organization\"},\"potentialAction\":[{\"@type\":\"SearchAction\",\"target\":{\"@type\":\"EntryPoint\",\"urlTemplate\":\"https:\\\/\\\/fuentesfidedignas.com.mx\\\/?s={search_term_string}\"},\"query-input\":{\"@type\":\"PropertyValueSpecification\",\"valueRequired\":true,\"valueName\":\"search_term_string\"}}],\"inLanguage\":\"es\"},{\"@type\":\"Organization\",\"@id\":\"https:\\\/\\\/fuentesfidedignas.com.mx\\\/#organization\",\"name\":\"Fuentes Fidedignas\",\"url\":\"https:\\\/\\\/fuentesfidedignas.com.mx\\\/\",\"logo\":{\"@type\":\"ImageObject\",\"inLanguage\":\"es\",\"@id\":\"https:\\\/\\\/fuentesfidedignas.com.mx\\\/#\\\/schema\\\/logo\\\/image\\\/\",\"url\":\"https:\\\/\\\/fuentesfidedignas.com.mx\\\/wp-content\\\/uploads\\\/2021\\\/04\\\/logo-retina.png\",\"contentUrl\":\"https:\\\/\\\/fuentesfidedignas.com.mx\\\/wp-content\\\/uploads\\\/2021\\\/04\\\/logo-retina.png\",\"width\":280,\"height\":51,\"caption\":\"Fuentes Fidedignas\"},\"image\":{\"@id\":\"https:\\\/\\\/fuentesfidedignas.com.mx\\\/#\\\/schema\\\/logo\\\/image\\\/\"},\"sameAs\":[\"https:\\\/\\\/www.facebook.com\\\/Fuentes-Fidedignas-368234489921644\",\"https:\\\/\\\/x.com\\\/fidedignas\"]},{\"@type\":\"Person\",\"@id\":\"https:\\\/\\\/fuentesfidedignas.com.mx\\\/#\\\/schema\\\/person\\\/331be9283d37198e2acd5750279085b0\",\"name\":\"Redacci\u00f3n\",\"image\":{\"@type\":\"ImageObject\",\"inLanguage\":\"es\",\"@id\":\"https:\\\/\\\/secure.gravatar.com\\\/avatar\\\/f6d8782c11d12b2d4ad3fbb6931aeab5309937a4d6cd2fc9cfaa28a6396a5aec?s=96&d=mm&r=g\",\"url\":\"https:\\\/\\\/secure.gravatar.com\\\/avatar\\\/f6d8782c11d12b2d4ad3fbb6931aeab5309937a4d6cd2fc9cfaa28a6396a5aec?s=96&d=mm&r=g\",\"contentUrl\":\"https:\\\/\\\/secure.gravatar.com\\\/avatar\\\/f6d8782c11d12b2d4ad3fbb6931aeab5309937a4d6cd2fc9cfaa28a6396a5aec?s=96&d=mm&r=g\",\"caption\":\"Redacci\u00f3n\"},\"url\":\"https:\\\/\\\/fuentesfidedignas.com.mx\\\/index.php\\\/author\\\/redaccion\\\/\"}]}<\/script>\n<!-- \/ Yoast SEO plugin. -->","yoast_head_json":{"title":"J\u00f3venes tendr\u00e1n acceso a cr\u00e9ditos, becas y apoyo en tr\u00e1mite de titulaci\u00f3n: Zamora - Fuentes Fidedignas","robots":{"index":"index","follow":"follow","max-snippet":"max-snippet:-1","max-image-preview":"max-image-preview:large","max-video-preview":"max-video-preview:-1"},"canonical":"https:\/\/fuentesfidedignas.com.mx\/index.php\/2021\/05\/17\/jovenes-tendran-acceso-a-creditos-becas-y-apoyo-en-tramite-de-titulacion-zamora\/","og_locale":"es_MX","og_type":"article","og_title":"J\u00f3venes tendr\u00e1n acceso a cr\u00e9ditos, becas y apoyo en tr\u00e1mite de titulaci\u00f3n: Zamora - Fuentes Fidedignas","og_description":"Se reuni\u00f3 con vecinos de Culiac\u00e1n, donde prometi\u00f3 pavimento e internet gratuito para la escuela de la colonia Libertad Culiac\u00e1n, Sin.- Los j\u00f3venes son los que en la pr\u00f3xima elecci\u00f3n decidir\u00e1n el futuro que quieren para M\u00e9xico y Sinaloa, el de la evoluci\u00f3n o el del retroceso, manifest\u00f3 el candidato a la gubernatura Mario Zamora [&hellip;]","og_url":"https:\/\/fuentesfidedignas.com.mx\/index.php\/2021\/05\/17\/jovenes-tendran-acceso-a-creditos-becas-y-apoyo-en-tramite-de-titulacion-zamora\/","og_site_name":"Fuentes Fidedignas","article_publisher":"https:\/\/www.facebook.com\/Fuentes-Fidedignas-368234489921644","article_published_time":"2021-05-18T04:21:20+00:00","article_modified_time":"2021-05-18T16:04:46+00:00","og_image":[{"width":1024,"height":683,"url":"https:\/\/fuentesfidedignas.com.mx\/wp-content\/uploads\/2021\/05\/IMG-20210517-WA0035.jpg","type":"image\/jpeg"}],"author":"Redacci\u00f3n","twitter_card":"summary_large_image","twitter_creator":"@fidedignas","twitter_site":"@fidedignas","twitter_misc":{"Escrito por":"Redacci\u00f3n","Tiempo de lectura":"2 minutos"},"schema":{"@context":"https:\/\/schema.org","@graph":[{"@type":"Article","@id":"https:\/\/fuentesfidedignas.com.mx\/index.php\/2021\/05\/17\/jovenes-tendran-acceso-a-creditos-becas-y-apoyo-en-tramite-de-titulacion-zamora\/#article","isPartOf":{"@id":"https:\/\/fuentesfidedignas.com.mx\/index.php\/2021\/05\/17\/jovenes-tendran-acceso-a-creditos-becas-y-apoyo-en-tramite-de-titulacion-zamora\/"},"author":{"name":"Redacci\u00f3n","@id":"https:\/\/fuentesfidedignas.com.mx\/#\/schema\/person\/331be9283d37198e2acd5750279085b0"},"headline":"J\u00f3venes tendr\u00e1n acceso a cr\u00e9ditos, becas y apoyo en tr\u00e1mite de titulaci\u00f3n: Zamora","datePublished":"2021-05-18T04:21:20+00:00","dateModified":"2021-05-18T16:04:46+00:00","mainEntityOfPage":{"@id":"https:\/\/fuentesfidedignas.com.mx\/index.php\/2021\/05\/17\/jovenes-tendran-acceso-a-creditos-becas-y-apoyo-en-tramite-de-titulacion-zamora\/"},"wordCount":497,"commentCount":0,"publisher":{"@id":"https:\/\/fuentesfidedignas.com.mx\/#organization"},"image":{"@id":"https:\/\/fuentesfidedignas.com.mx\/index.php\/2021\/05\/17\/jovenes-tendran-acceso-a-creditos-becas-y-apoyo-en-tramite-de-titulacion-zamora\/#primaryimage"},"thumbnailUrl":"https:\/\/fuentesfidedignas.com.mx\/wp-content\/uploads\/2021\/05\/IMG-20210517-WA0035.jpg","keywords":["Coalici\u00f3n PRIPANPRD","Elecciones 2021","Mario Zamora","Va por Sinaloa"],"articleSection":["NOTICIAS LOCALES"],"inLanguage":"es","potentialAction":[{"@type":"CommentAction","name":"Comment","target":["https:\/\/fuentesfidedignas.com.mx\/index.php\/2021\/05\/17\/jovenes-tendran-acceso-a-creditos-becas-y-apoyo-en-tramite-de-titulacion-zamora\/#respond"]}]},{"@type":"WebPage","@id":"https:\/\/fuentesfidedignas.com.mx\/index.php\/2021\/05\/17\/jovenes-tendran-acceso-a-creditos-becas-y-apoyo-en-tramite-de-titulacion-zamora\/","url":"https:\/\/fuentesfidedignas.com.mx\/index.php\/2021\/05\/17\/jovenes-tendran-acceso-a-creditos-becas-y-apoyo-en-tramite-de-titulacion-zamora\/","name":"J\u00f3venes tendr\u00e1n acceso a cr\u00e9ditos, becas y apoyo en tr\u00e1mite de titulaci\u00f3n: Zamora - Fuentes Fidedignas","isPartOf":{"@id":"https:\/\/fuentesfidedignas.com.mx\/#website"},"primaryImageOfPage":{"@id":"https:\/\/fuentesfidedignas.com.mx\/index.php\/2021\/05\/17\/jovenes-tendran-acceso-a-creditos-becas-y-apoyo-en-tramite-de-titulacion-zamora\/#primaryimage"},"image":{"@id":"https:\/\/fuentesfidedignas.com.mx\/index.php\/2021\/05\/17\/jovenes-tendran-acceso-a-creditos-becas-y-apoyo-en-tramite-de-titulacion-zamora\/#primaryimage"},"thumbnailUrl":"https:\/\/fuentesfidedignas.com.mx\/wp-content\/uploads\/2021\/05\/IMG-20210517-WA0035.jpg","datePublished":"2021-05-18T04:21:20+00:00","dateModified":"2021-05-18T16:04:46+00:00","breadcrumb":{"@id":"https:\/\/fuentesfidedignas.com.mx\/index.php\/2021\/05\/17\/jovenes-tendran-acceso-a-creditos-becas-y-apoyo-en-tramite-de-titulacion-zamora\/#breadcrumb"},"inLanguage":"es","potentialAction":[{"@type":"ReadAction","target":["https:\/\/fuentesfidedignas.com.mx\/index.php\/2021\/05\/17\/jovenes-tendran-acceso-a-creditos-becas-y-apoyo-en-tramite-de-titulacion-zamora\/"]}]},{"@type":"ImageObject","inLanguage":"es","@id":"https:\/\/fuentesfidedignas.com.mx\/index.php\/2021\/05\/17\/jovenes-tendran-acceso-a-creditos-becas-y-apoyo-en-tramite-de-titulacion-zamora\/#primaryimage","url":"https:\/\/fuentesfidedignas.com.mx\/wp-content\/uploads\/2021\/05\/IMG-20210517-WA0035.jpg","contentUrl":"https:\/\/fuentesfidedignas.com.mx\/wp-content\/uploads\/2021\/05\/IMG-20210517-WA0035.jpg","width":1024,"height":683},{"@type":"BreadcrumbList","@id":"https:\/\/fuentesfidedignas.com.mx\/index.php\/2021\/05\/17\/jovenes-tendran-acceso-a-creditos-becas-y-apoyo-en-tramite-de-titulacion-zamora\/#breadcrumb","itemListElement":[{"@type":"ListItem","position":1,"name":"Inicio","item":"https:\/\/fuentesfidedignas.com.mx\/"},{"@type":"ListItem","position":2,"name":"J\u00f3venes tendr\u00e1n acceso a cr\u00e9ditos, becas y apoyo en tr\u00e1mite de titulaci\u00f3n: Zamora"}]},{"@type":"WebSite","@id":"https:\/\/fuentesfidedignas.com.mx\/#website","url":"https:\/\/fuentesfidedignas.com.mx\/","name":"Fuentes Fidedignas","description":"Otro sitio realizado con WordPress","publisher":{"@id":"https:\/\/fuentesfidedignas.com.mx\/#organization"},"potentialAction":[{"@type":"SearchAction","target":{"@type":"EntryPoint","urlTemplate":"https:\/\/fuentesfidedignas.com.mx\/?s={search_term_string}"},"query-input":{"@type":"PropertyValueSpecification","valueRequired":true,"valueName":"search_term_string"}}],"inLanguage":"es"},{"@type":"Organization","@id":"https:\/\/fuentesfidedignas.com.mx\/#organization","name":"Fuentes Fidedignas","url":"https:\/\/fuentesfidedignas.com.mx\/","logo":{"@type":"ImageObject","inLanguage":"es","@id":"https:\/\/fuentesfidedignas.com.mx\/#\/schema\/logo\/image\/","url":"https:\/\/fuentesfidedignas.com.mx\/wp-content\/uploads\/2021\/04\/logo-retina.png","contentUrl":"https:\/\/fuentesfidedignas.com.mx\/wp-content\/uploads\/2021\/04\/logo-retina.png","width":280,"height":51,"caption":"Fuentes Fidedignas"},"image":{"@id":"https:\/\/fuentesfidedignas.com.mx\/#\/schema\/logo\/image\/"},"sameAs":["https:\/\/www.facebook.com\/Fuentes-Fidedignas-368234489921644","https:\/\/x.com\/fidedignas"]},{"@type":"Person","@id":"https:\/\/fuentesfidedignas.com.mx\/#\/schema\/person\/331be9283d37198e2acd5750279085b0","name":"Redacci\u00f3n","image":{"@type":"ImageObject","inLanguage":"es","@id":"https:\/\/secure.gravatar.com\/avatar\/f6d8782c11d12b2d4ad3fbb6931aeab5309937a4d6cd2fc9cfaa28a6396a5aec?s=96&d=mm&r=g","url":"https:\/\/secure.gravatar.com\/avatar\/f6d8782c11d12b2d4ad3fbb6931aeab5309937a4d6cd2fc9cfaa28a6396a5aec?s=96&d=mm&r=g","contentUrl":"https:\/\/secure.gravatar.com\/avatar\/f6d8782c11d12b2d4ad3fbb6931aeab5309937a4d6cd2fc9cfaa28a6396a5aec?s=96&d=mm&r=g","caption":"Redacci\u00f3n"},"url":"https:\/\/fuentesfidedignas.com.mx\/index.php\/author\/redaccion\/"}]}},"_links":{"self":[{"href":"https:\/\/fuentesfidedignas.com.mx\/index.php\/wp-json\/wp\/v2\/posts\/2304","targetHints":{"allow":["GET"]}}],"collection":[{"href":"https:\/\/fuentesfidedignas.com.mx\/index.php\/wp-json\/wp\/v2\/posts"}],"about":[{"href":"https:\/\/fuentesfidedignas.com.mx\/index.php\/wp-json\/wp\/v2\/types\/post"}],"author":[{"embeddable":true,"href":"https:\/\/fuentesfidedignas.com.mx\/index.php\/wp-json\/wp\/v2\/users\/4"}],"replies":[{"embeddable":true,"href":"https:\/\/fuentesfidedignas.com.mx\/index.php\/wp-json\/wp\/v2\/comments?post=2304"}],"version-history":[{"count":1,"href":"https:\/\/fuentesfidedignas.com.mx\/index.php\/wp-json\/wp\/v2\/posts\/2304\/revisions"}],"predecessor-version":[{"id":2306,"href":"https:\/\/fuentesfidedignas.com.mx\/index.php\/wp-json\/wp\/v2\/posts\/2304\/revisions\/2306"}],"wp:featuredmedia":[{"embeddable":true,"href":"https:\/\/fuentesfidedignas.com.mx\/index.php\/wp-json\/wp\/v2\/media\/2305"}],"wp:attachment":[{"href":"https:\/\/fuentesfidedignas.com.mx\/index.php\/wp-json\/wp\/v2\/media?parent=2304"}],"wp:term":[{"taxonomy":"category","embeddable":true,"href":"https:\/\/fuentesfidedignas.com.mx\/index.php\/wp-json\/wp\/v2\/categories?post=2304"},{"taxonomy":"post_tag","embeddable":true,"href":"https:\/\/fuentesfidedignas.com.mx\/index.php\/wp-json\/wp\/v2\/tags?post=2304"}],"curies":[{"name":"wp","href":"https:\/\/api.w.org\/{rel}","templated":true}]}}