{"id":23035,"date":"2022-02-01T01:20:00","date_gmt":"2022-02-01T08:20:00","guid":{"rendered":"https:\/\/fuentesfidedignas.com.mx\/?p=23035"},"modified":"2022-01-31T13:22:52","modified_gmt":"2022-01-31T20:22:52","slug":"justo-en-el-corazon-por-estas-razones-deberias-dejar-de-dormir-con-tu-mascota","status":"publish","type":"post","link":"https:\/\/fuentesfidedignas.com.mx\/index.php\/2022\/02\/01\/justo-en-el-corazon-por-estas-razones-deberias-dejar-de-dormir-con-tu-mascota\/","title":{"rendered":"Justo en el coraz\u00f3n: Por estas razones deber\u00edas dejar de dormir con tu mascota"},"content":{"rendered":"\n<p><strong><em>El Instituto Europeo del Sue\u00f1o recomienda no dormir con mascotas. Te explicamos los motivos<\/em><\/strong><\/p>\n\n\n\n<p>Ese glorioso momento en el que termina tu d\u00eda, vas a dormir a tu cama y ya te espera tu perro o gato para so\u00f1ar juntos es felicidad pura, sin embargo, no todo es color de rosa. Estos peludos podr\u00edan transmitirte alguna enfermedad.<\/p>\n\n\n\n<p>De acuerdo con el Instituto Europeo del Sue\u00f1o, de las 250 enfermedades zoon\u00f3ticas que existen, poco m\u00e1s de 100 son consecuencia de convivir con perros y gatos.<\/p>\n\n\n\n<p>El Instituto explica que aunque tus mascotas est\u00e9n vacunadas, desparasitadas y visiten regularmente al veterinario, son portadoras de bacterias que albergan de forma natural.<\/p>\n\n\n\n<p>Algunas de las enfermedades que se transmiten con m\u00e1s frecuencia de animales dom\u00e9sticos a humanos son:<\/p>\n\n\n\n<ul class=\"wp-block-list\"><li>Anquilostoma o anemia tropical. Es una enfermedad parasitaria causada por los gusanos los gusanos Ancylostoma duodenale o Necator americanus. Provoca anemia, diarrea, malestar y fiebre.<\/li><li>Ti\u00f1a. Infecci\u00f3n en la piel causada por par\u00e1sitos similares al moho.<\/li><li>Resistencia a los antibi\u00f3ticos por infecciones con estafilococos.<\/li><li>Problemas respiratorios o de alergia.<\/li><\/ul>\n\n\n\n<p>\u2018\u2018Algunos de los argumentos cient\u00edficos que apoyan esta idea explican que lo que m\u00e1s afecta es la postura en la que duerme el perro, adem\u00e1s de la diferencia de temperatura entre los humanos y los animales, aunado a que algunas mascotas roncan o pueden causar ara\u00f1azos\u2019&#8217;, explica el Instituto.<\/p>\n","protected":false},"excerpt":{"rendered":"<p>El Instituto Europeo del Sue\u00f1o recomienda no dormir con mascotas. Te explicamos los motivos Ese glorioso momento en el que termina tu d\u00eda, vas a dormir a tu cama y ya te espera tu perro o gato para so\u00f1ar juntos es felicidad pura, sin embargo, no todo es color de rosa. Estos peludos podr\u00edan transmitirte [&hellip;]<\/p>\n","protected":false},"author":21,"featured_media":23037,"comment_status":"open","ping_status":"open","sticky":false,"template":"","format":"standard","meta":{"tdm_status":"","tdm_grid_status":"","footnotes":""},"categories":[32,36],"tags":[189,1009],"class_list":{"0":"post-23035","1":"post","2":"type-post","3":"status-publish","4":"format-standard","5":"has-post-thumbnail","7":"category-derechos-animales","8":"category-semanales","9":"tag-derechos-animales","10":"tag-mascotas"},"yoast_head":"<!-- This site is optimized with the Yoast SEO plugin v27.5 - https:\/\/yoast.com\/product\/yoast-seo-wordpress\/ -->\n<title>Justo en el coraz\u00f3n: Por estas razones deber\u00edas dejar de dormir con tu mascota - Fuentes Fidedignas<\/title>\n<meta name=\"robots\" content=\"index, follow, max-snippet:-1, max-image-preview:large, max-video-preview:-1\" \/>\n<link rel=\"canonical\" href=\"https:\/\/fuentesfidedignas.com.mx\/index.php\/2022\/02\/01\/justo-en-el-corazon-por-estas-razones-deberias-dejar-de-dormir-con-tu-mascota\/\" \/>\n<meta property=\"og:locale\" content=\"es_MX\" \/>\n<meta property=\"og:type\" content=\"article\" \/>\n<meta property=\"og:title\" content=\"Justo en el coraz\u00f3n: Por estas razones deber\u00edas dejar de dormir con tu mascota - Fuentes Fidedignas\" \/>\n<meta property=\"og:description\" content=\"El Instituto Europeo del Sue\u00f1o recomienda no dormir con mascotas. Te explicamos los motivos Ese glorioso momento en el que termina tu d\u00eda, vas a dormir a tu cama y ya te espera tu perro o gato para so\u00f1ar juntos es felicidad pura, sin embargo, no todo es color de rosa. Estos peludos podr\u00edan transmitirte [&hellip;]\" \/>\n<meta property=\"og:url\" content=\"https:\/\/fuentesfidedignas.com.mx\/index.php\/2022\/02\/01\/justo-en-el-corazon-por-estas-razones-deberias-dejar-de-dormir-con-tu-mascota\/\" \/>\n<meta property=\"og:site_name\" content=\"Fuentes Fidedignas\" \/>\n<meta property=\"article:publisher\" content=\"https:\/\/www.facebook.com\/Fuentes-Fidedignas-368234489921644\" \/>\n<meta property=\"article:published_time\" content=\"2022-02-01T08:20:00+00:00\" \/>\n<meta property=\"og:image\" content=\"https:\/\/fuentesfidedignas.com.mx\/wp-content\/uploads\/2022\/01\/V35A536Y5VCJTNZZ7X7UN4XGSA.jpeg\" \/>\n\t<meta property=\"og:image:width\" content=\"800\" \/>\n\t<meta property=\"og:image:height\" content=\"450\" \/>\n\t<meta property=\"og:image:type\" content=\"image\/jpeg\" \/>\n<meta name=\"author\" content=\"El Financiero\" \/>\n<meta name=\"twitter:card\" content=\"summary_large_image\" \/>\n<meta name=\"twitter:creator\" content=\"@fidedignas\" \/>\n<meta name=\"twitter:site\" content=\"@fidedignas\" \/>\n<meta name=\"twitter:label1\" content=\"Escrito por\" \/>\n\t<meta name=\"twitter:data1\" content=\"El Financiero\" \/>\n\t<meta name=\"twitter:label2\" content=\"Tiempo de lectura\" \/>\n\t<meta name=\"twitter:data2\" content=\"2 minutos\" \/>\n<script type=\"application\/ld+json\" class=\"yoast-schema-graph\">{\"@context\":\"https:\\\/\\\/schema.org\",\"@graph\":[{\"@type\":\"Article\",\"@id\":\"https:\\\/\\\/fuentesfidedignas.com.mx\\\/index.php\\\/2022\\\/02\\\/01\\\/justo-en-el-corazon-por-estas-razones-deberias-dejar-de-dormir-con-tu-mascota\\\/#article\",\"isPartOf\":{\"@id\":\"https:\\\/\\\/fuentesfidedignas.com.mx\\\/index.php\\\/2022\\\/02\\\/01\\\/justo-en-el-corazon-por-estas-razones-deberias-dejar-de-dormir-con-tu-mascota\\\/\"},\"author\":{\"name\":\"El Financiero\",\"@id\":\"https:\\\/\\\/fuentesfidedignas.com.mx\\\/#\\\/schema\\\/person\\\/494f7e0dce8dfaaec5b64f16615b78e9\"},\"headline\":\"Justo en el coraz\u00f3n: Por estas razones deber\u00edas dejar de dormir con tu mascota\",\"datePublished\":\"2022-02-01T08:20:00+00:00\",\"mainEntityOfPage\":{\"@id\":\"https:\\\/\\\/fuentesfidedignas.com.mx\\\/index.php\\\/2022\\\/02\\\/01\\\/justo-en-el-corazon-por-estas-razones-deberias-dejar-de-dormir-con-tu-mascota\\\/\"},\"wordCount\":254,\"commentCount\":0,\"publisher\":{\"@id\":\"https:\\\/\\\/fuentesfidedignas.com.mx\\\/#organization\"},\"image\":{\"@id\":\"https:\\\/\\\/fuentesfidedignas.com.mx\\\/index.php\\\/2022\\\/02\\\/01\\\/justo-en-el-corazon-por-estas-razones-deberias-dejar-de-dormir-con-tu-mascota\\\/#primaryimage\"},\"thumbnailUrl\":\"https:\\\/\\\/fuentesfidedignas.com.mx\\\/wp-content\\\/uploads\\\/2022\\\/01\\\/V35A536Y5VCJTNZZ7X7UN4XGSA.jpeg\",\"keywords\":[\"Derechos Animales\",\"Mascotas\"],\"articleSection\":[\"DERECHOS ANIMALES\",\"SEMANALES\"],\"inLanguage\":\"es\",\"potentialAction\":[{\"@type\":\"CommentAction\",\"name\":\"Comment\",\"target\":[\"https:\\\/\\\/fuentesfidedignas.com.mx\\\/index.php\\\/2022\\\/02\\\/01\\\/justo-en-el-corazon-por-estas-razones-deberias-dejar-de-dormir-con-tu-mascota\\\/#respond\"]}]},{\"@type\":\"WebPage\",\"@id\":\"https:\\\/\\\/fuentesfidedignas.com.mx\\\/index.php\\\/2022\\\/02\\\/01\\\/justo-en-el-corazon-por-estas-razones-deberias-dejar-de-dormir-con-tu-mascota\\\/\",\"url\":\"https:\\\/\\\/fuentesfidedignas.com.mx\\\/index.php\\\/2022\\\/02\\\/01\\\/justo-en-el-corazon-por-estas-razones-deberias-dejar-de-dormir-con-tu-mascota\\\/\",\"name\":\"Justo en el coraz\u00f3n: Por estas razones deber\u00edas dejar de dormir con tu mascota - Fuentes Fidedignas\",\"isPartOf\":{\"@id\":\"https:\\\/\\\/fuentesfidedignas.com.mx\\\/#website\"},\"primaryImageOfPage\":{\"@id\":\"https:\\\/\\\/fuentesfidedignas.com.mx\\\/index.php\\\/2022\\\/02\\\/01\\\/justo-en-el-corazon-por-estas-razones-deberias-dejar-de-dormir-con-tu-mascota\\\/#primaryimage\"},\"image\":{\"@id\":\"https:\\\/\\\/fuentesfidedignas.com.mx\\\/index.php\\\/2022\\\/02\\\/01\\\/justo-en-el-corazon-por-estas-razones-deberias-dejar-de-dormir-con-tu-mascota\\\/#primaryimage\"},\"thumbnailUrl\":\"https:\\\/\\\/fuentesfidedignas.com.mx\\\/wp-content\\\/uploads\\\/2022\\\/01\\\/V35A536Y5VCJTNZZ7X7UN4XGSA.jpeg\",\"datePublished\":\"2022-02-01T08:20:00+00:00\",\"breadcrumb\":{\"@id\":\"https:\\\/\\\/fuentesfidedignas.com.mx\\\/index.php\\\/2022\\\/02\\\/01\\\/justo-en-el-corazon-por-estas-razones-deberias-dejar-de-dormir-con-tu-mascota\\\/#breadcrumb\"},\"inLanguage\":\"es\",\"potentialAction\":[{\"@type\":\"ReadAction\",\"target\":[\"https:\\\/\\\/fuentesfidedignas.com.mx\\\/index.php\\\/2022\\\/02\\\/01\\\/justo-en-el-corazon-por-estas-razones-deberias-dejar-de-dormir-con-tu-mascota\\\/\"]}]},{\"@type\":\"ImageObject\",\"inLanguage\":\"es\",\"@id\":\"https:\\\/\\\/fuentesfidedignas.com.mx\\\/index.php\\\/2022\\\/02\\\/01\\\/justo-en-el-corazon-por-estas-razones-deberias-dejar-de-dormir-con-tu-mascota\\\/#primaryimage\",\"url\":\"https:\\\/\\\/fuentesfidedignas.com.mx\\\/wp-content\\\/uploads\\\/2022\\\/01\\\/V35A536Y5VCJTNZZ7X7UN4XGSA.jpeg\",\"contentUrl\":\"https:\\\/\\\/fuentesfidedignas.com.mx\\\/wp-content\\\/uploads\\\/2022\\\/01\\\/V35A536Y5VCJTNZZ7X7UN4XGSA.jpeg\",\"width\":800,\"height\":450},{\"@type\":\"BreadcrumbList\",\"@id\":\"https:\\\/\\\/fuentesfidedignas.com.mx\\\/index.php\\\/2022\\\/02\\\/01\\\/justo-en-el-corazon-por-estas-razones-deberias-dejar-de-dormir-con-tu-mascota\\\/#breadcrumb\",\"itemListElement\":[{\"@type\":\"ListItem\",\"position\":1,\"name\":\"Inicio\",\"item\":\"https:\\\/\\\/fuentesfidedignas.com.mx\\\/\"},{\"@type\":\"ListItem\",\"position\":2,\"name\":\"Justo en el coraz\u00f3n: Por estas razones deber\u00edas dejar de dormir con tu mascota\"}]},{\"@type\":\"WebSite\",\"@id\":\"https:\\\/\\\/fuentesfidedignas.com.mx\\\/#website\",\"url\":\"https:\\\/\\\/fuentesfidedignas.com.mx\\\/\",\"name\":\"Fuentes Fidedignas\",\"description\":\"Otro sitio realizado con WordPress\",\"publisher\":{\"@id\":\"https:\\\/\\\/fuentesfidedignas.com.mx\\\/#organization\"},\"potentialAction\":[{\"@type\":\"SearchAction\",\"target\":{\"@type\":\"EntryPoint\",\"urlTemplate\":\"https:\\\/\\\/fuentesfidedignas.com.mx\\\/?s={search_term_string}\"},\"query-input\":{\"@type\":\"PropertyValueSpecification\",\"valueRequired\":true,\"valueName\":\"search_term_string\"}}],\"inLanguage\":\"es\"},{\"@type\":\"Organization\",\"@id\":\"https:\\\/\\\/fuentesfidedignas.com.mx\\\/#organization\",\"name\":\"Fuentes Fidedignas\",\"url\":\"https:\\\/\\\/fuentesfidedignas.com.mx\\\/\",\"logo\":{\"@type\":\"ImageObject\",\"inLanguage\":\"es\",\"@id\":\"https:\\\/\\\/fuentesfidedignas.com.mx\\\/#\\\/schema\\\/logo\\\/image\\\/\",\"url\":\"https:\\\/\\\/fuentesfidedignas.com.mx\\\/wp-content\\\/uploads\\\/2021\\\/04\\\/logo-retina.png\",\"contentUrl\":\"https:\\\/\\\/fuentesfidedignas.com.mx\\\/wp-content\\\/uploads\\\/2021\\\/04\\\/logo-retina.png\",\"width\":280,\"height\":51,\"caption\":\"Fuentes Fidedignas\"},\"image\":{\"@id\":\"https:\\\/\\\/fuentesfidedignas.com.mx\\\/#\\\/schema\\\/logo\\\/image\\\/\"},\"sameAs\":[\"https:\\\/\\\/www.facebook.com\\\/Fuentes-Fidedignas-368234489921644\",\"https:\\\/\\\/x.com\\\/fidedignas\"]},{\"@type\":\"Person\",\"@id\":\"https:\\\/\\\/fuentesfidedignas.com.mx\\\/#\\\/schema\\\/person\\\/494f7e0dce8dfaaec5b64f16615b78e9\",\"name\":\"El Financiero\",\"image\":{\"@type\":\"ImageObject\",\"inLanguage\":\"es\",\"@id\":\"https:\\\/\\\/secure.gravatar.com\\\/avatar\\\/88c0f3f2079389318ef8dd35c22cb997212aa89646e357ba59b318db26ed91a9?s=96&d=mm&r=g\",\"url\":\"https:\\\/\\\/secure.gravatar.com\\\/avatar\\\/88c0f3f2079389318ef8dd35c22cb997212aa89646e357ba59b318db26ed91a9?s=96&d=mm&r=g\",\"contentUrl\":\"https:\\\/\\\/secure.gravatar.com\\\/avatar\\\/88c0f3f2079389318ef8dd35c22cb997212aa89646e357ba59b318db26ed91a9?s=96&d=mm&r=g\",\"caption\":\"El Financiero\"},\"url\":\"https:\\\/\\\/fuentesfidedignas.com.mx\\\/index.php\\\/author\\\/financiero\\\/\"}]}<\/script>\n<!-- \/ Yoast SEO plugin. -->","yoast_head_json":{"title":"Justo en el coraz\u00f3n: Por estas razones deber\u00edas dejar de dormir con tu mascota - Fuentes Fidedignas","robots":{"index":"index","follow":"follow","max-snippet":"max-snippet:-1","max-image-preview":"max-image-preview:large","max-video-preview":"max-video-preview:-1"},"canonical":"https:\/\/fuentesfidedignas.com.mx\/index.php\/2022\/02\/01\/justo-en-el-corazon-por-estas-razones-deberias-dejar-de-dormir-con-tu-mascota\/","og_locale":"es_MX","og_type":"article","og_title":"Justo en el coraz\u00f3n: Por estas razones deber\u00edas dejar de dormir con tu mascota - Fuentes Fidedignas","og_description":"El Instituto Europeo del Sue\u00f1o recomienda no dormir con mascotas. Te explicamos los motivos Ese glorioso momento en el que termina tu d\u00eda, vas a dormir a tu cama y ya te espera tu perro o gato para so\u00f1ar juntos es felicidad pura, sin embargo, no todo es color de rosa. Estos peludos podr\u00edan transmitirte [&hellip;]","og_url":"https:\/\/fuentesfidedignas.com.mx\/index.php\/2022\/02\/01\/justo-en-el-corazon-por-estas-razones-deberias-dejar-de-dormir-con-tu-mascota\/","og_site_name":"Fuentes Fidedignas","article_publisher":"https:\/\/www.facebook.com\/Fuentes-Fidedignas-368234489921644","article_published_time":"2022-02-01T08:20:00+00:00","og_image":[{"width":800,"height":450,"url":"https:\/\/fuentesfidedignas.com.mx\/wp-content\/uploads\/2022\/01\/V35A536Y5VCJTNZZ7X7UN4XGSA.jpeg","type":"image\/jpeg"}],"author":"El Financiero","twitter_card":"summary_large_image","twitter_creator":"@fidedignas","twitter_site":"@fidedignas","twitter_misc":{"Escrito por":"El Financiero","Tiempo de lectura":"2 minutos"},"schema":{"@context":"https:\/\/schema.org","@graph":[{"@type":"Article","@id":"https:\/\/fuentesfidedignas.com.mx\/index.php\/2022\/02\/01\/justo-en-el-corazon-por-estas-razones-deberias-dejar-de-dormir-con-tu-mascota\/#article","isPartOf":{"@id":"https:\/\/fuentesfidedignas.com.mx\/index.php\/2022\/02\/01\/justo-en-el-corazon-por-estas-razones-deberias-dejar-de-dormir-con-tu-mascota\/"},"author":{"name":"El Financiero","@id":"https:\/\/fuentesfidedignas.com.mx\/#\/schema\/person\/494f7e0dce8dfaaec5b64f16615b78e9"},"headline":"Justo en el coraz\u00f3n: Por estas razones deber\u00edas dejar de dormir con tu mascota","datePublished":"2022-02-01T08:20:00+00:00","mainEntityOfPage":{"@id":"https:\/\/fuentesfidedignas.com.mx\/index.php\/2022\/02\/01\/justo-en-el-corazon-por-estas-razones-deberias-dejar-de-dormir-con-tu-mascota\/"},"wordCount":254,"commentCount":0,"publisher":{"@id":"https:\/\/fuentesfidedignas.com.mx\/#organization"},"image":{"@id":"https:\/\/fuentesfidedignas.com.mx\/index.php\/2022\/02\/01\/justo-en-el-corazon-por-estas-razones-deberias-dejar-de-dormir-con-tu-mascota\/#primaryimage"},"thumbnailUrl":"https:\/\/fuentesfidedignas.com.mx\/wp-content\/uploads\/2022\/01\/V35A536Y5VCJTNZZ7X7UN4XGSA.jpeg","keywords":["Derechos Animales","Mascotas"],"articleSection":["DERECHOS ANIMALES","SEMANALES"],"inLanguage":"es","potentialAction":[{"@type":"CommentAction","name":"Comment","target":["https:\/\/fuentesfidedignas.com.mx\/index.php\/2022\/02\/01\/justo-en-el-corazon-por-estas-razones-deberias-dejar-de-dormir-con-tu-mascota\/#respond"]}]},{"@type":"WebPage","@id":"https:\/\/fuentesfidedignas.com.mx\/index.php\/2022\/02\/01\/justo-en-el-corazon-por-estas-razones-deberias-dejar-de-dormir-con-tu-mascota\/","url":"https:\/\/fuentesfidedignas.com.mx\/index.php\/2022\/02\/01\/justo-en-el-corazon-por-estas-razones-deberias-dejar-de-dormir-con-tu-mascota\/","name":"Justo en el coraz\u00f3n: Por estas razones deber\u00edas dejar de dormir con tu mascota - Fuentes Fidedignas","isPartOf":{"@id":"https:\/\/fuentesfidedignas.com.mx\/#website"},"primaryImageOfPage":{"@id":"https:\/\/fuentesfidedignas.com.mx\/index.php\/2022\/02\/01\/justo-en-el-corazon-por-estas-razones-deberias-dejar-de-dormir-con-tu-mascota\/#primaryimage"},"image":{"@id":"https:\/\/fuentesfidedignas.com.mx\/index.php\/2022\/02\/01\/justo-en-el-corazon-por-estas-razones-deberias-dejar-de-dormir-con-tu-mascota\/#primaryimage"},"thumbnailUrl":"https:\/\/fuentesfidedignas.com.mx\/wp-content\/uploads\/2022\/01\/V35A536Y5VCJTNZZ7X7UN4XGSA.jpeg","datePublished":"2022-02-01T08:20:00+00:00","breadcrumb":{"@id":"https:\/\/fuentesfidedignas.com.mx\/index.php\/2022\/02\/01\/justo-en-el-corazon-por-estas-razones-deberias-dejar-de-dormir-con-tu-mascota\/#breadcrumb"},"inLanguage":"es","potentialAction":[{"@type":"ReadAction","target":["https:\/\/fuentesfidedignas.com.mx\/index.php\/2022\/02\/01\/justo-en-el-corazon-por-estas-razones-deberias-dejar-de-dormir-con-tu-mascota\/"]}]},{"@type":"ImageObject","inLanguage":"es","@id":"https:\/\/fuentesfidedignas.com.mx\/index.php\/2022\/02\/01\/justo-en-el-corazon-por-estas-razones-deberias-dejar-de-dormir-con-tu-mascota\/#primaryimage","url":"https:\/\/fuentesfidedignas.com.mx\/wp-content\/uploads\/2022\/01\/V35A536Y5VCJTNZZ7X7UN4XGSA.jpeg","contentUrl":"https:\/\/fuentesfidedignas.com.mx\/wp-content\/uploads\/2022\/01\/V35A536Y5VCJTNZZ7X7UN4XGSA.jpeg","width":800,"height":450},{"@type":"BreadcrumbList","@id":"https:\/\/fuentesfidedignas.com.mx\/index.php\/2022\/02\/01\/justo-en-el-corazon-por-estas-razones-deberias-dejar-de-dormir-con-tu-mascota\/#breadcrumb","itemListElement":[{"@type":"ListItem","position":1,"name":"Inicio","item":"https:\/\/fuentesfidedignas.com.mx\/"},{"@type":"ListItem","position":2,"name":"Justo en el coraz\u00f3n: Por estas razones deber\u00edas dejar de dormir con tu mascota"}]},{"@type":"WebSite","@id":"https:\/\/fuentesfidedignas.com.mx\/#website","url":"https:\/\/fuentesfidedignas.com.mx\/","name":"Fuentes Fidedignas","description":"Otro sitio realizado con WordPress","publisher":{"@id":"https:\/\/fuentesfidedignas.com.mx\/#organization"},"potentialAction":[{"@type":"SearchAction","target":{"@type":"EntryPoint","urlTemplate":"https:\/\/fuentesfidedignas.com.mx\/?s={search_term_string}"},"query-input":{"@type":"PropertyValueSpecification","valueRequired":true,"valueName":"search_term_string"}}],"inLanguage":"es"},{"@type":"Organization","@id":"https:\/\/fuentesfidedignas.com.mx\/#organization","name":"Fuentes Fidedignas","url":"https:\/\/fuentesfidedignas.com.mx\/","logo":{"@type":"ImageObject","inLanguage":"es","@id":"https:\/\/fuentesfidedignas.com.mx\/#\/schema\/logo\/image\/","url":"https:\/\/fuentesfidedignas.com.mx\/wp-content\/uploads\/2021\/04\/logo-retina.png","contentUrl":"https:\/\/fuentesfidedignas.com.mx\/wp-content\/uploads\/2021\/04\/logo-retina.png","width":280,"height":51,"caption":"Fuentes Fidedignas"},"image":{"@id":"https:\/\/fuentesfidedignas.com.mx\/#\/schema\/logo\/image\/"},"sameAs":["https:\/\/www.facebook.com\/Fuentes-Fidedignas-368234489921644","https:\/\/x.com\/fidedignas"]},{"@type":"Person","@id":"https:\/\/fuentesfidedignas.com.mx\/#\/schema\/person\/494f7e0dce8dfaaec5b64f16615b78e9","name":"El Financiero","image":{"@type":"ImageObject","inLanguage":"es","@id":"https:\/\/secure.gravatar.com\/avatar\/88c0f3f2079389318ef8dd35c22cb997212aa89646e357ba59b318db26ed91a9?s=96&d=mm&r=g","url":"https:\/\/secure.gravatar.com\/avatar\/88c0f3f2079389318ef8dd35c22cb997212aa89646e357ba59b318db26ed91a9?s=96&d=mm&r=g","contentUrl":"https:\/\/secure.gravatar.com\/avatar\/88c0f3f2079389318ef8dd35c22cb997212aa89646e357ba59b318db26ed91a9?s=96&d=mm&r=g","caption":"El Financiero"},"url":"https:\/\/fuentesfidedignas.com.mx\/index.php\/author\/financiero\/"}]}},"_links":{"self":[{"href":"https:\/\/fuentesfidedignas.com.mx\/index.php\/wp-json\/wp\/v2\/posts\/23035","targetHints":{"allow":["GET"]}}],"collection":[{"href":"https:\/\/fuentesfidedignas.com.mx\/index.php\/wp-json\/wp\/v2\/posts"}],"about":[{"href":"https:\/\/fuentesfidedignas.com.mx\/index.php\/wp-json\/wp\/v2\/types\/post"}],"author":[{"embeddable":true,"href":"https:\/\/fuentesfidedignas.com.mx\/index.php\/wp-json\/wp\/v2\/users\/21"}],"replies":[{"embeddable":true,"href":"https:\/\/fuentesfidedignas.com.mx\/index.php\/wp-json\/wp\/v2\/comments?post=23035"}],"version-history":[{"count":1,"href":"https:\/\/fuentesfidedignas.com.mx\/index.php\/wp-json\/wp\/v2\/posts\/23035\/revisions"}],"predecessor-version":[{"id":23036,"href":"https:\/\/fuentesfidedignas.com.mx\/index.php\/wp-json\/wp\/v2\/posts\/23035\/revisions\/23036"}],"wp:featuredmedia":[{"embeddable":true,"href":"https:\/\/fuentesfidedignas.com.mx\/index.php\/wp-json\/wp\/v2\/media\/23037"}],"wp:attachment":[{"href":"https:\/\/fuentesfidedignas.com.mx\/index.php\/wp-json\/wp\/v2\/media?parent=23035"}],"wp:term":[{"taxonomy":"category","embeddable":true,"href":"https:\/\/fuentesfidedignas.com.mx\/index.php\/wp-json\/wp\/v2\/categories?post=23035"},{"taxonomy":"post_tag","embeddable":true,"href":"https:\/\/fuentesfidedignas.com.mx\/index.php\/wp-json\/wp\/v2\/tags?post=23035"}],"curies":[{"name":"wp","href":"https:\/\/api.w.org\/{rel}","templated":true}]}}