{"id":22955,"date":"2022-01-30T15:43:17","date_gmt":"2022-01-30T22:43:17","guid":{"rendered":"https:\/\/fuentesfidedignas.com.mx\/?p=22955"},"modified":"2022-01-31T12:06:37","modified_gmt":"2022-01-31T19:06:37","slug":"seguimos-trabajando-para-mejorar-la-calidad-del-agua-en-ahome-vargas-landeros","status":"publish","type":"post","link":"https:\/\/fuentesfidedignas.com.mx\/index.php\/2022\/01\/30\/seguimos-trabajando-para-mejorar-la-calidad-del-agua-en-ahome-vargas-landeros\/","title":{"rendered":"Seguimos trabajando para mejorar la calidad del agua en Ahome: Vargas Landeros"},"content":{"rendered":"\n<p><strong><em>A partir de este lunes 31 de enero, los ahomenses disfrutar\u00e1n de agua con mayor calidad<\/em><\/strong><\/p>\n\n\n\n<p>Ahome, Sin.- Cumpliendo su compromiso de culminar en 15 d\u00edas los trabajos de limpieza que se realizaron en el canal presedimentador de la planta Comisi\u00f3n R\u00edo Fuerte, Gerardo Vargas Landeros, presidente municipal de Ahome, subray\u00f3 que no se escatimar\u00e1 en el presupuesto para regresar la calidad de agua al municipio.<\/p>\n\n\n\n<p>Durante la tarde de este domingo, el alcalde de Ahome acudi\u00f3 a la planta potabilizadora que se ubica a faldas del Cerro de La Memoria, donde se dijo satisfecho por el trabajo que coordinadamente realizaron Jaime Romero Barrera, Secretario de Obras P\u00fablicas, Urbanismo y Ecolog\u00eda, y Ra\u00fal P\u00e9rez Miranda, Gerente General de la Junta de Agua Potable y Alcantarillado del Municipio de Ahome, acciones que consistieron en el vaciado del presedimentador, limpieza y desinfecci\u00f3n.<\/p>\n\n\n\n<figure class=\"wp-block-image size-large\"><img decoding=\"async\" width=\"1175\" height=\"853\" src=\"https:\/\/fuentesfidedignas.com.mx\/wp-content\/uploads\/2022\/01\/IMG-20220130-WA0019.jpg\" alt=\"\" class=\"wp-image-22958\" srcset=\"https:\/\/fuentesfidedignas.com.mx\/wp-content\/uploads\/2022\/01\/IMG-20220130-WA0019.jpg 1175w, https:\/\/fuentesfidedignas.com.mx\/wp-content\/uploads\/2022\/01\/IMG-20220130-WA0019-300x218.jpg 300w, https:\/\/fuentesfidedignas.com.mx\/wp-content\/uploads\/2022\/01\/IMG-20220130-WA0019-1024x743.jpg 1024w, https:\/\/fuentesfidedignas.com.mx\/wp-content\/uploads\/2022\/01\/IMG-20220130-WA0019-768x558.jpg 768w\" sizes=\"(max-width: 1175px) 100vw, 1175px\" \/><\/figure>\n\n\n\n<p>El d\u00eda de hoy, como ustedes pueden ver, el agua est\u00e1 de otro color a como estaba hace 15 d\u00edas, esta es agua cruda, no es agua con lodo, con fango, como estaba hace 15 d\u00edas, ya empieza el proceso normal de decir que vamos a potabilizar agua, no vamos a potabilizar lodo\u201d, destac\u00f3.<\/p>\n\n\n\n<p>Gerardo Vargas Landeros detall\u00f3 que el equipo que est\u00e1 en el lugar es maquinaria vieja, por lo que se necesita adquirir tecnolog\u00eda nueva, la cual es m\u00e1s eficiente y amigable con el medio ambiente, por lo que no se escatimar\u00e1 en el presupuesto para que la poblaci\u00f3n ahomense tenga la calidad de agua que se merece y que muy pronto se pueda volver a tomar el l\u00edquido vital de las llaves.<\/p>\n","protected":false},"excerpt":{"rendered":"<p>A partir de este lunes 31 de enero, los ahomenses disfrutar\u00e1n de agua con mayor calidad Ahome, Sin.- Cumpliendo su compromiso de culminar en 15 d\u00edas los trabajos de limpieza que se realizaron en el canal presedimentador de la planta Comisi\u00f3n R\u00edo Fuerte, Gerardo Vargas Landeros, presidente municipal de Ahome, subray\u00f3 que no se escatimar\u00e1 [&hellip;]<\/p>\n","protected":false},"author":4,"featured_media":22957,"comment_status":"open","ping_status":"open","sticky":false,"template":"","format":"standard","meta":{"tdm_status":"","tdm_grid_status":"","footnotes":""},"categories":[38],"tags":[1715,1654],"class_list":{"0":"post-22955","1":"post","2":"type-post","3":"status-publish","4":"format-standard","5":"has-post-thumbnail","7":"category-noticias-locales","8":"tag-ayuntamiento-de-ahome","9":"tag-gerardo-vargas-landeros"},"yoast_head":"<!-- This site is optimized with the Yoast SEO plugin v27.5 - https:\/\/yoast.com\/product\/yoast-seo-wordpress\/ -->\n<title>Seguimos trabajando para mejorar la calidad del agua en Ahome: Vargas Landeros - Fuentes Fidedignas<\/title>\n<meta name=\"robots\" content=\"index, follow, max-snippet:-1, max-image-preview:large, max-video-preview:-1\" \/>\n<link rel=\"canonical\" href=\"https:\/\/fuentesfidedignas.com.mx\/index.php\/2022\/01\/30\/seguimos-trabajando-para-mejorar-la-calidad-del-agua-en-ahome-vargas-landeros\/\" \/>\n<meta property=\"og:locale\" content=\"es_MX\" \/>\n<meta property=\"og:type\" content=\"article\" \/>\n<meta property=\"og:title\" content=\"Seguimos trabajando para mejorar la calidad del agua en Ahome: Vargas Landeros - Fuentes Fidedignas\" \/>\n<meta property=\"og:description\" content=\"A partir de este lunes 31 de enero, los ahomenses disfrutar\u00e1n de agua con mayor calidad Ahome, Sin.- Cumpliendo su compromiso de culminar en 15 d\u00edas los trabajos de limpieza que se realizaron en el canal presedimentador de la planta Comisi\u00f3n R\u00edo Fuerte, Gerardo Vargas Landeros, presidente municipal de Ahome, subray\u00f3 que no se escatimar\u00e1 [&hellip;]\" \/>\n<meta property=\"og:url\" content=\"https:\/\/fuentesfidedignas.com.mx\/index.php\/2022\/01\/30\/seguimos-trabajando-para-mejorar-la-calidad-del-agua-en-ahome-vargas-landeros\/\" \/>\n<meta property=\"og:site_name\" content=\"Fuentes Fidedignas\" \/>\n<meta property=\"article:publisher\" content=\"https:\/\/www.facebook.com\/Fuentes-Fidedignas-368234489921644\" \/>\n<meta property=\"article:published_time\" content=\"2022-01-30T22:43:17+00:00\" \/>\n<meta property=\"article:modified_time\" content=\"2022-01-31T19:06:37+00:00\" \/>\n<meta property=\"og:image\" content=\"https:\/\/fuentesfidedignas.com.mx\/wp-content\/uploads\/2022\/01\/IMG-20220130-WA0014.jpg\" \/>\n\t<meta property=\"og:image:width\" content=\"1280\" \/>\n\t<meta property=\"og:image:height\" content=\"853\" \/>\n\t<meta property=\"og:image:type\" content=\"image\/jpeg\" \/>\n<meta name=\"author\" content=\"Redacci\u00f3n\" \/>\n<meta name=\"twitter:card\" content=\"summary_large_image\" \/>\n<meta name=\"twitter:creator\" content=\"@fidedignas\" \/>\n<meta name=\"twitter:site\" content=\"@fidedignas\" \/>\n<meta name=\"twitter:label1\" content=\"Escrito por\" \/>\n\t<meta name=\"twitter:data1\" content=\"Redacci\u00f3n\" \/>\n\t<meta name=\"twitter:label2\" content=\"Tiempo de lectura\" \/>\n\t<meta name=\"twitter:data2\" content=\"2 minutos\" \/>\n<script type=\"application\/ld+json\" class=\"yoast-schema-graph\">{\"@context\":\"https:\\\/\\\/schema.org\",\"@graph\":[{\"@type\":\"Article\",\"@id\":\"https:\\\/\\\/fuentesfidedignas.com.mx\\\/index.php\\\/2022\\\/01\\\/30\\\/seguimos-trabajando-para-mejorar-la-calidad-del-agua-en-ahome-vargas-landeros\\\/#article\",\"isPartOf\":{\"@id\":\"https:\\\/\\\/fuentesfidedignas.com.mx\\\/index.php\\\/2022\\\/01\\\/30\\\/seguimos-trabajando-para-mejorar-la-calidad-del-agua-en-ahome-vargas-landeros\\\/\"},\"author\":{\"name\":\"Redacci\u00f3n\",\"@id\":\"https:\\\/\\\/fuentesfidedignas.com.mx\\\/#\\\/schema\\\/person\\\/331be9283d37198e2acd5750279085b0\"},\"headline\":\"Seguimos trabajando para mejorar la calidad del agua en Ahome: Vargas Landeros\",\"datePublished\":\"2022-01-30T22:43:17+00:00\",\"dateModified\":\"2022-01-31T19:06:37+00:00\",\"mainEntityOfPage\":{\"@id\":\"https:\\\/\\\/fuentesfidedignas.com.mx\\\/index.php\\\/2022\\\/01\\\/30\\\/seguimos-trabajando-para-mejorar-la-calidad-del-agua-en-ahome-vargas-landeros\\\/\"},\"wordCount\":290,\"commentCount\":0,\"publisher\":{\"@id\":\"https:\\\/\\\/fuentesfidedignas.com.mx\\\/#organization\"},\"image\":{\"@id\":\"https:\\\/\\\/fuentesfidedignas.com.mx\\\/index.php\\\/2022\\\/01\\\/30\\\/seguimos-trabajando-para-mejorar-la-calidad-del-agua-en-ahome-vargas-landeros\\\/#primaryimage\"},\"thumbnailUrl\":\"https:\\\/\\\/fuentesfidedignas.com.mx\\\/wp-content\\\/uploads\\\/2022\\\/01\\\/IMG-20220130-WA0014.jpg\",\"keywords\":[\"Ayuntamiento de Ahome\",\"Gerardo Vargas Landeros\"],\"articleSection\":[\"NOTICIAS LOCALES\"],\"inLanguage\":\"es\",\"potentialAction\":[{\"@type\":\"CommentAction\",\"name\":\"Comment\",\"target\":[\"https:\\\/\\\/fuentesfidedignas.com.mx\\\/index.php\\\/2022\\\/01\\\/30\\\/seguimos-trabajando-para-mejorar-la-calidad-del-agua-en-ahome-vargas-landeros\\\/#respond\"]}]},{\"@type\":\"WebPage\",\"@id\":\"https:\\\/\\\/fuentesfidedignas.com.mx\\\/index.php\\\/2022\\\/01\\\/30\\\/seguimos-trabajando-para-mejorar-la-calidad-del-agua-en-ahome-vargas-landeros\\\/\",\"url\":\"https:\\\/\\\/fuentesfidedignas.com.mx\\\/index.php\\\/2022\\\/01\\\/30\\\/seguimos-trabajando-para-mejorar-la-calidad-del-agua-en-ahome-vargas-landeros\\\/\",\"name\":\"Seguimos trabajando para mejorar la calidad del agua en Ahome: Vargas Landeros - Fuentes Fidedignas\",\"isPartOf\":{\"@id\":\"https:\\\/\\\/fuentesfidedignas.com.mx\\\/#website\"},\"primaryImageOfPage\":{\"@id\":\"https:\\\/\\\/fuentesfidedignas.com.mx\\\/index.php\\\/2022\\\/01\\\/30\\\/seguimos-trabajando-para-mejorar-la-calidad-del-agua-en-ahome-vargas-landeros\\\/#primaryimage\"},\"image\":{\"@id\":\"https:\\\/\\\/fuentesfidedignas.com.mx\\\/index.php\\\/2022\\\/01\\\/30\\\/seguimos-trabajando-para-mejorar-la-calidad-del-agua-en-ahome-vargas-landeros\\\/#primaryimage\"},\"thumbnailUrl\":\"https:\\\/\\\/fuentesfidedignas.com.mx\\\/wp-content\\\/uploads\\\/2022\\\/01\\\/IMG-20220130-WA0014.jpg\",\"datePublished\":\"2022-01-30T22:43:17+00:00\",\"dateModified\":\"2022-01-31T19:06:37+00:00\",\"breadcrumb\":{\"@id\":\"https:\\\/\\\/fuentesfidedignas.com.mx\\\/index.php\\\/2022\\\/01\\\/30\\\/seguimos-trabajando-para-mejorar-la-calidad-del-agua-en-ahome-vargas-landeros\\\/#breadcrumb\"},\"inLanguage\":\"es\",\"potentialAction\":[{\"@type\":\"ReadAction\",\"target\":[\"https:\\\/\\\/fuentesfidedignas.com.mx\\\/index.php\\\/2022\\\/01\\\/30\\\/seguimos-trabajando-para-mejorar-la-calidad-del-agua-en-ahome-vargas-landeros\\\/\"]}]},{\"@type\":\"ImageObject\",\"inLanguage\":\"es\",\"@id\":\"https:\\\/\\\/fuentesfidedignas.com.mx\\\/index.php\\\/2022\\\/01\\\/30\\\/seguimos-trabajando-para-mejorar-la-calidad-del-agua-en-ahome-vargas-landeros\\\/#primaryimage\",\"url\":\"https:\\\/\\\/fuentesfidedignas.com.mx\\\/wp-content\\\/uploads\\\/2022\\\/01\\\/IMG-20220130-WA0014.jpg\",\"contentUrl\":\"https:\\\/\\\/fuentesfidedignas.com.mx\\\/wp-content\\\/uploads\\\/2022\\\/01\\\/IMG-20220130-WA0014.jpg\",\"width\":1280,\"height\":853},{\"@type\":\"BreadcrumbList\",\"@id\":\"https:\\\/\\\/fuentesfidedignas.com.mx\\\/index.php\\\/2022\\\/01\\\/30\\\/seguimos-trabajando-para-mejorar-la-calidad-del-agua-en-ahome-vargas-landeros\\\/#breadcrumb\",\"itemListElement\":[{\"@type\":\"ListItem\",\"position\":1,\"name\":\"Inicio\",\"item\":\"https:\\\/\\\/fuentesfidedignas.com.mx\\\/\"},{\"@type\":\"ListItem\",\"position\":2,\"name\":\"Seguimos trabajando para mejorar la calidad del agua en Ahome: Vargas Landeros\"}]},{\"@type\":\"WebSite\",\"@id\":\"https:\\\/\\\/fuentesfidedignas.com.mx\\\/#website\",\"url\":\"https:\\\/\\\/fuentesfidedignas.com.mx\\\/\",\"name\":\"Fuentes Fidedignas\",\"description\":\"Otro sitio realizado con WordPress\",\"publisher\":{\"@id\":\"https:\\\/\\\/fuentesfidedignas.com.mx\\\/#organization\"},\"potentialAction\":[{\"@type\":\"SearchAction\",\"target\":{\"@type\":\"EntryPoint\",\"urlTemplate\":\"https:\\\/\\\/fuentesfidedignas.com.mx\\\/?s={search_term_string}\"},\"query-input\":{\"@type\":\"PropertyValueSpecification\",\"valueRequired\":true,\"valueName\":\"search_term_string\"}}],\"inLanguage\":\"es\"},{\"@type\":\"Organization\",\"@id\":\"https:\\\/\\\/fuentesfidedignas.com.mx\\\/#organization\",\"name\":\"Fuentes Fidedignas\",\"url\":\"https:\\\/\\\/fuentesfidedignas.com.mx\\\/\",\"logo\":{\"@type\":\"ImageObject\",\"inLanguage\":\"es\",\"@id\":\"https:\\\/\\\/fuentesfidedignas.com.mx\\\/#\\\/schema\\\/logo\\\/image\\\/\",\"url\":\"https:\\\/\\\/fuentesfidedignas.com.mx\\\/wp-content\\\/uploads\\\/2021\\\/04\\\/logo-retina.png\",\"contentUrl\":\"https:\\\/\\\/fuentesfidedignas.com.mx\\\/wp-content\\\/uploads\\\/2021\\\/04\\\/logo-retina.png\",\"width\":280,\"height\":51,\"caption\":\"Fuentes Fidedignas\"},\"image\":{\"@id\":\"https:\\\/\\\/fuentesfidedignas.com.mx\\\/#\\\/schema\\\/logo\\\/image\\\/\"},\"sameAs\":[\"https:\\\/\\\/www.facebook.com\\\/Fuentes-Fidedignas-368234489921644\",\"https:\\\/\\\/x.com\\\/fidedignas\"]},{\"@type\":\"Person\",\"@id\":\"https:\\\/\\\/fuentesfidedignas.com.mx\\\/#\\\/schema\\\/person\\\/331be9283d37198e2acd5750279085b0\",\"name\":\"Redacci\u00f3n\",\"image\":{\"@type\":\"ImageObject\",\"inLanguage\":\"es\",\"@id\":\"https:\\\/\\\/secure.gravatar.com\\\/avatar\\\/f6d8782c11d12b2d4ad3fbb6931aeab5309937a4d6cd2fc9cfaa28a6396a5aec?s=96&d=mm&r=g\",\"url\":\"https:\\\/\\\/secure.gravatar.com\\\/avatar\\\/f6d8782c11d12b2d4ad3fbb6931aeab5309937a4d6cd2fc9cfaa28a6396a5aec?s=96&d=mm&r=g\",\"contentUrl\":\"https:\\\/\\\/secure.gravatar.com\\\/avatar\\\/f6d8782c11d12b2d4ad3fbb6931aeab5309937a4d6cd2fc9cfaa28a6396a5aec?s=96&d=mm&r=g\",\"caption\":\"Redacci\u00f3n\"},\"url\":\"https:\\\/\\\/fuentesfidedignas.com.mx\\\/index.php\\\/author\\\/redaccion\\\/\"}]}<\/script>\n<!-- \/ Yoast SEO plugin. -->","yoast_head_json":{"title":"Seguimos trabajando para mejorar la calidad del agua en Ahome: Vargas Landeros - Fuentes Fidedignas","robots":{"index":"index","follow":"follow","max-snippet":"max-snippet:-1","max-image-preview":"max-image-preview:large","max-video-preview":"max-video-preview:-1"},"canonical":"https:\/\/fuentesfidedignas.com.mx\/index.php\/2022\/01\/30\/seguimos-trabajando-para-mejorar-la-calidad-del-agua-en-ahome-vargas-landeros\/","og_locale":"es_MX","og_type":"article","og_title":"Seguimos trabajando para mejorar la calidad del agua en Ahome: Vargas Landeros - Fuentes Fidedignas","og_description":"A partir de este lunes 31 de enero, los ahomenses disfrutar\u00e1n de agua con mayor calidad Ahome, Sin.- Cumpliendo su compromiso de culminar en 15 d\u00edas los trabajos de limpieza que se realizaron en el canal presedimentador de la planta Comisi\u00f3n R\u00edo Fuerte, Gerardo Vargas Landeros, presidente municipal de Ahome, subray\u00f3 que no se escatimar\u00e1 [&hellip;]","og_url":"https:\/\/fuentesfidedignas.com.mx\/index.php\/2022\/01\/30\/seguimos-trabajando-para-mejorar-la-calidad-del-agua-en-ahome-vargas-landeros\/","og_site_name":"Fuentes Fidedignas","article_publisher":"https:\/\/www.facebook.com\/Fuentes-Fidedignas-368234489921644","article_published_time":"2022-01-30T22:43:17+00:00","article_modified_time":"2022-01-31T19:06:37+00:00","og_image":[{"width":1280,"height":853,"url":"https:\/\/fuentesfidedignas.com.mx\/wp-content\/uploads\/2022\/01\/IMG-20220130-WA0014.jpg","type":"image\/jpeg"}],"author":"Redacci\u00f3n","twitter_card":"summary_large_image","twitter_creator":"@fidedignas","twitter_site":"@fidedignas","twitter_misc":{"Escrito por":"Redacci\u00f3n","Tiempo de lectura":"2 minutos"},"schema":{"@context":"https:\/\/schema.org","@graph":[{"@type":"Article","@id":"https:\/\/fuentesfidedignas.com.mx\/index.php\/2022\/01\/30\/seguimos-trabajando-para-mejorar-la-calidad-del-agua-en-ahome-vargas-landeros\/#article","isPartOf":{"@id":"https:\/\/fuentesfidedignas.com.mx\/index.php\/2022\/01\/30\/seguimos-trabajando-para-mejorar-la-calidad-del-agua-en-ahome-vargas-landeros\/"},"author":{"name":"Redacci\u00f3n","@id":"https:\/\/fuentesfidedignas.com.mx\/#\/schema\/person\/331be9283d37198e2acd5750279085b0"},"headline":"Seguimos trabajando para mejorar la calidad del agua en Ahome: Vargas Landeros","datePublished":"2022-01-30T22:43:17+00:00","dateModified":"2022-01-31T19:06:37+00:00","mainEntityOfPage":{"@id":"https:\/\/fuentesfidedignas.com.mx\/index.php\/2022\/01\/30\/seguimos-trabajando-para-mejorar-la-calidad-del-agua-en-ahome-vargas-landeros\/"},"wordCount":290,"commentCount":0,"publisher":{"@id":"https:\/\/fuentesfidedignas.com.mx\/#organization"},"image":{"@id":"https:\/\/fuentesfidedignas.com.mx\/index.php\/2022\/01\/30\/seguimos-trabajando-para-mejorar-la-calidad-del-agua-en-ahome-vargas-landeros\/#primaryimage"},"thumbnailUrl":"https:\/\/fuentesfidedignas.com.mx\/wp-content\/uploads\/2022\/01\/IMG-20220130-WA0014.jpg","keywords":["Ayuntamiento de Ahome","Gerardo Vargas Landeros"],"articleSection":["NOTICIAS LOCALES"],"inLanguage":"es","potentialAction":[{"@type":"CommentAction","name":"Comment","target":["https:\/\/fuentesfidedignas.com.mx\/index.php\/2022\/01\/30\/seguimos-trabajando-para-mejorar-la-calidad-del-agua-en-ahome-vargas-landeros\/#respond"]}]},{"@type":"WebPage","@id":"https:\/\/fuentesfidedignas.com.mx\/index.php\/2022\/01\/30\/seguimos-trabajando-para-mejorar-la-calidad-del-agua-en-ahome-vargas-landeros\/","url":"https:\/\/fuentesfidedignas.com.mx\/index.php\/2022\/01\/30\/seguimos-trabajando-para-mejorar-la-calidad-del-agua-en-ahome-vargas-landeros\/","name":"Seguimos trabajando para mejorar la calidad del agua en Ahome: Vargas Landeros - Fuentes Fidedignas","isPartOf":{"@id":"https:\/\/fuentesfidedignas.com.mx\/#website"},"primaryImageOfPage":{"@id":"https:\/\/fuentesfidedignas.com.mx\/index.php\/2022\/01\/30\/seguimos-trabajando-para-mejorar-la-calidad-del-agua-en-ahome-vargas-landeros\/#primaryimage"},"image":{"@id":"https:\/\/fuentesfidedignas.com.mx\/index.php\/2022\/01\/30\/seguimos-trabajando-para-mejorar-la-calidad-del-agua-en-ahome-vargas-landeros\/#primaryimage"},"thumbnailUrl":"https:\/\/fuentesfidedignas.com.mx\/wp-content\/uploads\/2022\/01\/IMG-20220130-WA0014.jpg","datePublished":"2022-01-30T22:43:17+00:00","dateModified":"2022-01-31T19:06:37+00:00","breadcrumb":{"@id":"https:\/\/fuentesfidedignas.com.mx\/index.php\/2022\/01\/30\/seguimos-trabajando-para-mejorar-la-calidad-del-agua-en-ahome-vargas-landeros\/#breadcrumb"},"inLanguage":"es","potentialAction":[{"@type":"ReadAction","target":["https:\/\/fuentesfidedignas.com.mx\/index.php\/2022\/01\/30\/seguimos-trabajando-para-mejorar-la-calidad-del-agua-en-ahome-vargas-landeros\/"]}]},{"@type":"ImageObject","inLanguage":"es","@id":"https:\/\/fuentesfidedignas.com.mx\/index.php\/2022\/01\/30\/seguimos-trabajando-para-mejorar-la-calidad-del-agua-en-ahome-vargas-landeros\/#primaryimage","url":"https:\/\/fuentesfidedignas.com.mx\/wp-content\/uploads\/2022\/01\/IMG-20220130-WA0014.jpg","contentUrl":"https:\/\/fuentesfidedignas.com.mx\/wp-content\/uploads\/2022\/01\/IMG-20220130-WA0014.jpg","width":1280,"height":853},{"@type":"BreadcrumbList","@id":"https:\/\/fuentesfidedignas.com.mx\/index.php\/2022\/01\/30\/seguimos-trabajando-para-mejorar-la-calidad-del-agua-en-ahome-vargas-landeros\/#breadcrumb","itemListElement":[{"@type":"ListItem","position":1,"name":"Inicio","item":"https:\/\/fuentesfidedignas.com.mx\/"},{"@type":"ListItem","position":2,"name":"Seguimos trabajando para mejorar la calidad del agua en Ahome: Vargas Landeros"}]},{"@type":"WebSite","@id":"https:\/\/fuentesfidedignas.com.mx\/#website","url":"https:\/\/fuentesfidedignas.com.mx\/","name":"Fuentes Fidedignas","description":"Otro sitio realizado con WordPress","publisher":{"@id":"https:\/\/fuentesfidedignas.com.mx\/#organization"},"potentialAction":[{"@type":"SearchAction","target":{"@type":"EntryPoint","urlTemplate":"https:\/\/fuentesfidedignas.com.mx\/?s={search_term_string}"},"query-input":{"@type":"PropertyValueSpecification","valueRequired":true,"valueName":"search_term_string"}}],"inLanguage":"es"},{"@type":"Organization","@id":"https:\/\/fuentesfidedignas.com.mx\/#organization","name":"Fuentes Fidedignas","url":"https:\/\/fuentesfidedignas.com.mx\/","logo":{"@type":"ImageObject","inLanguage":"es","@id":"https:\/\/fuentesfidedignas.com.mx\/#\/schema\/logo\/image\/","url":"https:\/\/fuentesfidedignas.com.mx\/wp-content\/uploads\/2021\/04\/logo-retina.png","contentUrl":"https:\/\/fuentesfidedignas.com.mx\/wp-content\/uploads\/2021\/04\/logo-retina.png","width":280,"height":51,"caption":"Fuentes Fidedignas"},"image":{"@id":"https:\/\/fuentesfidedignas.com.mx\/#\/schema\/logo\/image\/"},"sameAs":["https:\/\/www.facebook.com\/Fuentes-Fidedignas-368234489921644","https:\/\/x.com\/fidedignas"]},{"@type":"Person","@id":"https:\/\/fuentesfidedignas.com.mx\/#\/schema\/person\/331be9283d37198e2acd5750279085b0","name":"Redacci\u00f3n","image":{"@type":"ImageObject","inLanguage":"es","@id":"https:\/\/secure.gravatar.com\/avatar\/f6d8782c11d12b2d4ad3fbb6931aeab5309937a4d6cd2fc9cfaa28a6396a5aec?s=96&d=mm&r=g","url":"https:\/\/secure.gravatar.com\/avatar\/f6d8782c11d12b2d4ad3fbb6931aeab5309937a4d6cd2fc9cfaa28a6396a5aec?s=96&d=mm&r=g","contentUrl":"https:\/\/secure.gravatar.com\/avatar\/f6d8782c11d12b2d4ad3fbb6931aeab5309937a4d6cd2fc9cfaa28a6396a5aec?s=96&d=mm&r=g","caption":"Redacci\u00f3n"},"url":"https:\/\/fuentesfidedignas.com.mx\/index.php\/author\/redaccion\/"}]}},"_links":{"self":[{"href":"https:\/\/fuentesfidedignas.com.mx\/index.php\/wp-json\/wp\/v2\/posts\/22955","targetHints":{"allow":["GET"]}}],"collection":[{"href":"https:\/\/fuentesfidedignas.com.mx\/index.php\/wp-json\/wp\/v2\/posts"}],"about":[{"href":"https:\/\/fuentesfidedignas.com.mx\/index.php\/wp-json\/wp\/v2\/types\/post"}],"author":[{"embeddable":true,"href":"https:\/\/fuentesfidedignas.com.mx\/index.php\/wp-json\/wp\/v2\/users\/4"}],"replies":[{"embeddable":true,"href":"https:\/\/fuentesfidedignas.com.mx\/index.php\/wp-json\/wp\/v2\/comments?post=22955"}],"version-history":[{"count":2,"href":"https:\/\/fuentesfidedignas.com.mx\/index.php\/wp-json\/wp\/v2\/posts\/22955\/revisions"}],"predecessor-version":[{"id":22959,"href":"https:\/\/fuentesfidedignas.com.mx\/index.php\/wp-json\/wp\/v2\/posts\/22955\/revisions\/22959"}],"wp:featuredmedia":[{"embeddable":true,"href":"https:\/\/fuentesfidedignas.com.mx\/index.php\/wp-json\/wp\/v2\/media\/22957"}],"wp:attachment":[{"href":"https:\/\/fuentesfidedignas.com.mx\/index.php\/wp-json\/wp\/v2\/media?parent=22955"}],"wp:term":[{"taxonomy":"category","embeddable":true,"href":"https:\/\/fuentesfidedignas.com.mx\/index.php\/wp-json\/wp\/v2\/categories?post=22955"},{"taxonomy":"post_tag","embeddable":true,"href":"https:\/\/fuentesfidedignas.com.mx\/index.php\/wp-json\/wp\/v2\/tags?post=22955"}],"curies":[{"name":"wp","href":"https:\/\/api.w.org\/{rel}","templated":true}]}}