{"id":22950,"date":"2022-01-30T14:20:21","date_gmt":"2022-01-30T21:20:21","guid":{"rendered":"https:\/\/fuentesfidedignas.com.mx\/?p=22950"},"modified":"2022-01-30T14:21:10","modified_gmt":"2022-01-30T21:21:10","slug":"entregan-certificados-de-basica-a-jornaleros-migrantes-de-villa-juarez","status":"publish","type":"post","link":"https:\/\/fuentesfidedignas.com.mx\/index.php\/2022\/01\/30\/entregan-certificados-de-basica-a-jornaleros-migrantes-de-villa-juarez\/","title":{"rendered":"Entregan certificados de b\u00e1sica a jornaleros migrantes de Villa Ju\u00e1rez"},"content":{"rendered":"\n<ul class=\"wp-block-list\"><li><strong><em>Adem\u00e1s de abatir el rezago educativo, la educaci\u00f3n transforma al pa\u00eds: Dom\u00ednguez Nava<\/em><\/strong><\/li><\/ul>\n\n\n\n<p>Navolato, Sin.- En el marco del programa Transformando Comunidades, impulsado por el gobernador Rub\u00e9n Rocha Moya, este domingo se realiz\u00f3 el primer evento de entrega de Certificados de primaria y secundaria a jornaleros migrantes, as\u00ed como el arranque de la incorporaci\u00f3n intensiva de los servicios educativos del Instituto Sinaloense para la Educaci\u00f3n de los J\u00f3venes y Adultos en la sindicatura de Villa Ju\u00e1rez, en donde se anunci\u00f3 la implementaci\u00f3n del servicio de preparatoria abierta por parte del ISEJA a partir del segundo semestre del a\u00f1o.<\/p>\n\n\n\n<pre class=\"wp-block-code\"><code>La secretaria de Educaci\u00f3n  P\u00fablica y Cultura, Graciela Dom\u00ednguez Nava, de la mano de la presidenta municipal de Navolato, Margoth Urrea P\u00e9rez, destac\u00f3 que el ISEJA es una gran oportunidad para humanizar la educaci\u00f3n, pues no es sencillo para quienes no tuvieron el acceso a las aulas en su tiempo, hacerlo al presentarse otras dificultades en su vida diaria, como el resolver el sustento en su casa, su alimentaci\u00f3n, su salud y a su vez estudiar.<\/code><\/pre>\n\n\n\n<p>Enfatiz\u00f3 que adem\u00e1s de abatir el rezago educativo a trav\u00e9s del ISEJA, se trabaja en la transformaci\u00f3n como colectividad en muchos aspectos como el desarrollo humano y el bienestar, pero sobretodo en la felicidad del individuo.<\/p>\n\n\n\n<pre class=\"wp-block-code\"><code>\u201cPor eso no es casual que la Cuarta Transformaci\u00f3n, encabezada el presidente Andr\u00e9s Manuel L\u00f3pez Obrador, y en el estado por Rub\u00e9n Rocha Moya, ha dejado muy claro que primero los pobres, y por eso no es casual que el gobernador Rub\u00e9n Rocha Moya ha anunciado y se est\u00e1 trabajando ya, en el programa de Trasformemos Comunidades, y esas comunidades tienen que ser las olvidadas por d\u00e9cadas. Villa Ju\u00e1rez  es uno de los centros donde estaremos trabajando y ustedes ya se han dado cuenta que se han hecho distintas actividades, porque queremos hacer una transformaci\u00f3n integral\u201d, detall\u00f3 Dom\u00ednguez Nava.\nPor su parte, el director general del Instituto Sinaloense para la educaci\u00f3n de j\u00f3venes y adultos, Rub\u00e9n Miranda L\u00f3pez, durante la entrega de 10 certificados de primaria y 27 de secundaria a jornaleros agr\u00edcolas migrantes, enfatiz\u00f3 que en coordinaci\u00f3n con la SEPyC y el DIF Sinaloa atender\u00e1n a las comunidades con mayor vulnerabilidad.<\/code><\/pre>\n\n\n\n<p>Mencion\u00f3 que bajo el humanismo que el presidente Andr\u00e9s Manuel L\u00f3pez Obrador plantea desde el gobierno federal, el ISEJA implementar\u00e1 10 indicadores en sus programas, para medir c\u00f3mo llegan las personas a nuestro servicio educativo y c\u00f3mo salen al concluir su nivel.<\/p>\n\n\n\n<p>Anunci\u00f3 adem\u00e1s el arranque de un plan piloto con 100 alumnos de preparatoria abierta en Culiac\u00e1n, para el segundo semestre de este 2022.<\/p>\n\n\n\n<figure class=\"wp-block-image size-large\"><img decoding=\"async\" width=\"1280\" height=\"853\" src=\"https:\/\/fuentesfidedignas.com.mx\/wp-content\/uploads\/2022\/01\/IMG-20220130-WA0004.jpg\" alt=\"\" class=\"wp-image-22953\" srcset=\"https:\/\/fuentesfidedignas.com.mx\/wp-content\/uploads\/2022\/01\/IMG-20220130-WA0004.jpg 1280w, https:\/\/fuentesfidedignas.com.mx\/wp-content\/uploads\/2022\/01\/IMG-20220130-WA0004-300x200.jpg 300w, https:\/\/fuentesfidedignas.com.mx\/wp-content\/uploads\/2022\/01\/IMG-20220130-WA0004-1024x682.jpg 1024w, https:\/\/fuentesfidedignas.com.mx\/wp-content\/uploads\/2022\/01\/IMG-20220130-WA0004-768x512.jpg 768w\" sizes=\"(max-width: 1280px) 100vw, 1280px\" \/><\/figure>\n\n\n\n<p>\u201cQueremos que sea muy flexible y con un acompa\u00f1amiento que d\u00e9 una seguridad en el educando de que est\u00e1 realmente aprendiendo, que se est \u00e1 retroaliment ando, el modelo educativo va a ser muy vivencial, basado en el modelo de educaci\u00f3n para la vida y el trabajo, que es el que trabajamos para secundaria\u201d, se\u00f1al\u00f3 Miranda L\u00f3pez.<\/p>\n\n\n\n<p>A nombre de los alumnos que culminaron sus estudios de secundaria, el se\u00f1or Jaime Pacheco Jos\u00e9, de 40 a\u00f1os de edad, y originario de la comunidad de Almolonga, Oaxaca, se dijo emocionado, \u201cme siento contento, porque esto es un logro, s\u00ed se puede\u201d, expres\u00f3.<\/p>\n\n\n\n<p>Se entregaron reconocimientos tanto a campos agr\u00edcolas como a organismos de la sociedad civil que brindaron las condiciones de estudio para sus trabajadores como Fundaci\u00f3n C\u00e1rdenas, International Greenhouse Produce, Save The Children Sinaloa y a la Promotora Agroindustrial de Tamazula.<\/p>\n","protected":false},"excerpt":{"rendered":"<p>Adem\u00e1s de abatir el rezago educativo, la educaci\u00f3n transforma al pa\u00eds: Dom\u00ednguez Nava Navolato, Sin.- En el marco del programa Transformando Comunidades, impulsado por el gobernador Rub\u00e9n Rocha Moya, este domingo se realiz\u00f3 el primer evento de entrega de Certificados de primaria y secundaria a jornaleros migrantes, as\u00ed como el arranque de la incorporaci\u00f3n intensiva [&hellip;]<\/p>\n","protected":false},"author":4,"featured_media":22952,"comment_status":"open","ping_status":"open","sticky":false,"template":"","format":"standard","meta":{"tdm_status":"","tdm_grid_status":"","footnotes":""},"categories":[38],"tags":[452,324],"class_list":{"0":"post-22950","1":"post","2":"type-post","3":"status-publish","4":"format-standard","5":"has-post-thumbnail","7":"category-noticias-locales","8":"tag-secretaria-de-educacion-publica","9":"tag-sepyc"},"yoast_head":"<!-- This site is optimized with the Yoast SEO plugin v27.4 - https:\/\/yoast.com\/product\/yoast-seo-wordpress\/ -->\n<title>Entregan certificados de b\u00e1sica a jornaleros migrantes de Villa Ju\u00e1rez - Fuentes Fidedignas<\/title>\n<meta name=\"robots\" content=\"index, follow, max-snippet:-1, max-image-preview:large, max-video-preview:-1\" \/>\n<link rel=\"canonical\" href=\"https:\/\/fuentesfidedignas.com.mx\/index.php\/2022\/01\/30\/entregan-certificados-de-basica-a-jornaleros-migrantes-de-villa-juarez\/\" \/>\n<meta property=\"og:locale\" content=\"es_MX\" \/>\n<meta property=\"og:type\" content=\"article\" \/>\n<meta property=\"og:title\" content=\"Entregan certificados de b\u00e1sica a jornaleros migrantes de Villa Ju\u00e1rez - Fuentes Fidedignas\" \/>\n<meta property=\"og:description\" content=\"Adem\u00e1s de abatir el rezago educativo, la educaci\u00f3n transforma al pa\u00eds: Dom\u00ednguez Nava Navolato, Sin.- En el marco del programa Transformando Comunidades, impulsado por el gobernador Rub\u00e9n Rocha Moya, este domingo se realiz\u00f3 el primer evento de entrega de Certificados de primaria y secundaria a jornaleros migrantes, as\u00ed como el arranque de la incorporaci\u00f3n intensiva [&hellip;]\" \/>\n<meta property=\"og:url\" content=\"https:\/\/fuentesfidedignas.com.mx\/index.php\/2022\/01\/30\/entregan-certificados-de-basica-a-jornaleros-migrantes-de-villa-juarez\/\" \/>\n<meta property=\"og:site_name\" content=\"Fuentes Fidedignas\" \/>\n<meta property=\"article:publisher\" content=\"https:\/\/www.facebook.com\/Fuentes-Fidedignas-368234489921644\" \/>\n<meta property=\"article:published_time\" content=\"2022-01-30T21:20:21+00:00\" \/>\n<meta property=\"article:modified_time\" content=\"2022-01-30T21:21:10+00:00\" \/>\n<meta property=\"og:image\" content=\"https:\/\/fuentesfidedignas.com.mx\/wp-content\/uploads\/2022\/01\/IMG-20220130-WA0008.jpg\" \/>\n\t<meta property=\"og:image:width\" content=\"1280\" \/>\n\t<meta property=\"og:image:height\" content=\"960\" \/>\n\t<meta property=\"og:image:type\" content=\"image\/jpeg\" \/>\n<meta name=\"author\" content=\"Redacci\u00f3n\" \/>\n<meta name=\"twitter:card\" content=\"summary_large_image\" \/>\n<meta name=\"twitter:creator\" content=\"@fidedignas\" \/>\n<meta name=\"twitter:site\" content=\"@fidedignas\" \/>\n<meta name=\"twitter:label1\" content=\"Escrito por\" \/>\n\t<meta name=\"twitter:data1\" content=\"Redacci\u00f3n\" \/>\n\t<meta name=\"twitter:label2\" content=\"Tiempo de lectura\" \/>\n\t<meta name=\"twitter:data2\" content=\"3 minutos\" \/>\n<script type=\"application\/ld+json\" class=\"yoast-schema-graph\">{\"@context\":\"https:\\\/\\\/schema.org\",\"@graph\":[{\"@type\":\"Article\",\"@id\":\"https:\\\/\\\/fuentesfidedignas.com.mx\\\/index.php\\\/2022\\\/01\\\/30\\\/entregan-certificados-de-basica-a-jornaleros-migrantes-de-villa-juarez\\\/#article\",\"isPartOf\":{\"@id\":\"https:\\\/\\\/fuentesfidedignas.com.mx\\\/index.php\\\/2022\\\/01\\\/30\\\/entregan-certificados-de-basica-a-jornaleros-migrantes-de-villa-juarez\\\/\"},\"author\":{\"name\":\"Redacci\u00f3n\",\"@id\":\"https:\\\/\\\/fuentesfidedignas.com.mx\\\/#\\\/schema\\\/person\\\/331be9283d37198e2acd5750279085b0\"},\"headline\":\"Entregan certificados de b\u00e1sica a jornaleros migrantes de Villa Ju\u00e1rez\",\"datePublished\":\"2022-01-30T21:20:21+00:00\",\"dateModified\":\"2022-01-30T21:21:10+00:00\",\"mainEntityOfPage\":{\"@id\":\"https:\\\/\\\/fuentesfidedignas.com.mx\\\/index.php\\\/2022\\\/01\\\/30\\\/entregan-certificados-de-basica-a-jornaleros-migrantes-de-villa-juarez\\\/\"},\"wordCount\":377,\"commentCount\":0,\"publisher\":{\"@id\":\"https:\\\/\\\/fuentesfidedignas.com.mx\\\/#organization\"},\"image\":{\"@id\":\"https:\\\/\\\/fuentesfidedignas.com.mx\\\/index.php\\\/2022\\\/01\\\/30\\\/entregan-certificados-de-basica-a-jornaleros-migrantes-de-villa-juarez\\\/#primaryimage\"},\"thumbnailUrl\":\"https:\\\/\\\/fuentesfidedignas.com.mx\\\/wp-content\\\/uploads\\\/2022\\\/01\\\/IMG-20220130-WA0008.jpg\",\"keywords\":[\"Secretar\u00eda de Educaci\u00f3n P\u00fablica\",\"SEPyC\"],\"articleSection\":[\"NOTICIAS LOCALES\"],\"inLanguage\":\"es\",\"potentialAction\":[{\"@type\":\"CommentAction\",\"name\":\"Comment\",\"target\":[\"https:\\\/\\\/fuentesfidedignas.com.mx\\\/index.php\\\/2022\\\/01\\\/30\\\/entregan-certificados-de-basica-a-jornaleros-migrantes-de-villa-juarez\\\/#respond\"]}]},{\"@type\":\"WebPage\",\"@id\":\"https:\\\/\\\/fuentesfidedignas.com.mx\\\/index.php\\\/2022\\\/01\\\/30\\\/entregan-certificados-de-basica-a-jornaleros-migrantes-de-villa-juarez\\\/\",\"url\":\"https:\\\/\\\/fuentesfidedignas.com.mx\\\/index.php\\\/2022\\\/01\\\/30\\\/entregan-certificados-de-basica-a-jornaleros-migrantes-de-villa-juarez\\\/\",\"name\":\"Entregan certificados de b\u00e1sica a jornaleros migrantes de Villa Ju\u00e1rez - Fuentes Fidedignas\",\"isPartOf\":{\"@id\":\"https:\\\/\\\/fuentesfidedignas.com.mx\\\/#website\"},\"primaryImageOfPage\":{\"@id\":\"https:\\\/\\\/fuentesfidedignas.com.mx\\\/index.php\\\/2022\\\/01\\\/30\\\/entregan-certificados-de-basica-a-jornaleros-migrantes-de-villa-juarez\\\/#primaryimage\"},\"image\":{\"@id\":\"https:\\\/\\\/fuentesfidedignas.com.mx\\\/index.php\\\/2022\\\/01\\\/30\\\/entregan-certificados-de-basica-a-jornaleros-migrantes-de-villa-juarez\\\/#primaryimage\"},\"thumbnailUrl\":\"https:\\\/\\\/fuentesfidedignas.com.mx\\\/wp-content\\\/uploads\\\/2022\\\/01\\\/IMG-20220130-WA0008.jpg\",\"datePublished\":\"2022-01-30T21:20:21+00:00\",\"dateModified\":\"2022-01-30T21:21:10+00:00\",\"breadcrumb\":{\"@id\":\"https:\\\/\\\/fuentesfidedignas.com.mx\\\/index.php\\\/2022\\\/01\\\/30\\\/entregan-certificados-de-basica-a-jornaleros-migrantes-de-villa-juarez\\\/#breadcrumb\"},\"inLanguage\":\"es\",\"potentialAction\":[{\"@type\":\"ReadAction\",\"target\":[\"https:\\\/\\\/fuentesfidedignas.com.mx\\\/index.php\\\/2022\\\/01\\\/30\\\/entregan-certificados-de-basica-a-jornaleros-migrantes-de-villa-juarez\\\/\"]}]},{\"@type\":\"ImageObject\",\"inLanguage\":\"es\",\"@id\":\"https:\\\/\\\/fuentesfidedignas.com.mx\\\/index.php\\\/2022\\\/01\\\/30\\\/entregan-certificados-de-basica-a-jornaleros-migrantes-de-villa-juarez\\\/#primaryimage\",\"url\":\"https:\\\/\\\/fuentesfidedignas.com.mx\\\/wp-content\\\/uploads\\\/2022\\\/01\\\/IMG-20220130-WA0008.jpg\",\"contentUrl\":\"https:\\\/\\\/fuentesfidedignas.com.mx\\\/wp-content\\\/uploads\\\/2022\\\/01\\\/IMG-20220130-WA0008.jpg\",\"width\":1280,\"height\":960},{\"@type\":\"BreadcrumbList\",\"@id\":\"https:\\\/\\\/fuentesfidedignas.com.mx\\\/index.php\\\/2022\\\/01\\\/30\\\/entregan-certificados-de-basica-a-jornaleros-migrantes-de-villa-juarez\\\/#breadcrumb\",\"itemListElement\":[{\"@type\":\"ListItem\",\"position\":1,\"name\":\"Inicio\",\"item\":\"https:\\\/\\\/fuentesfidedignas.com.mx\\\/\"},{\"@type\":\"ListItem\",\"position\":2,\"name\":\"Entregan certificados de b\u00e1sica a jornaleros migrantes de Villa Ju\u00e1rez\"}]},{\"@type\":\"WebSite\",\"@id\":\"https:\\\/\\\/fuentesfidedignas.com.mx\\\/#website\",\"url\":\"https:\\\/\\\/fuentesfidedignas.com.mx\\\/\",\"name\":\"Fuentes Fidedignas\",\"description\":\"Otro sitio realizado con WordPress\",\"publisher\":{\"@id\":\"https:\\\/\\\/fuentesfidedignas.com.mx\\\/#organization\"},\"potentialAction\":[{\"@type\":\"SearchAction\",\"target\":{\"@type\":\"EntryPoint\",\"urlTemplate\":\"https:\\\/\\\/fuentesfidedignas.com.mx\\\/?s={search_term_string}\"},\"query-input\":{\"@type\":\"PropertyValueSpecification\",\"valueRequired\":true,\"valueName\":\"search_term_string\"}}],\"inLanguage\":\"es\"},{\"@type\":\"Organization\",\"@id\":\"https:\\\/\\\/fuentesfidedignas.com.mx\\\/#organization\",\"name\":\"Fuentes Fidedignas\",\"url\":\"https:\\\/\\\/fuentesfidedignas.com.mx\\\/\",\"logo\":{\"@type\":\"ImageObject\",\"inLanguage\":\"es\",\"@id\":\"https:\\\/\\\/fuentesfidedignas.com.mx\\\/#\\\/schema\\\/logo\\\/image\\\/\",\"url\":\"https:\\\/\\\/fuentesfidedignas.com.mx\\\/wp-content\\\/uploads\\\/2021\\\/04\\\/logo-retina.png\",\"contentUrl\":\"https:\\\/\\\/fuentesfidedignas.com.mx\\\/wp-content\\\/uploads\\\/2021\\\/04\\\/logo-retina.png\",\"width\":280,\"height\":51,\"caption\":\"Fuentes Fidedignas\"},\"image\":{\"@id\":\"https:\\\/\\\/fuentesfidedignas.com.mx\\\/#\\\/schema\\\/logo\\\/image\\\/\"},\"sameAs\":[\"https:\\\/\\\/www.facebook.com\\\/Fuentes-Fidedignas-368234489921644\",\"https:\\\/\\\/x.com\\\/fidedignas\"]},{\"@type\":\"Person\",\"@id\":\"https:\\\/\\\/fuentesfidedignas.com.mx\\\/#\\\/schema\\\/person\\\/331be9283d37198e2acd5750279085b0\",\"name\":\"Redacci\u00f3n\",\"image\":{\"@type\":\"ImageObject\",\"inLanguage\":\"es\",\"@id\":\"https:\\\/\\\/secure.gravatar.com\\\/avatar\\\/f6d8782c11d12b2d4ad3fbb6931aeab5309937a4d6cd2fc9cfaa28a6396a5aec?s=96&d=mm&r=g\",\"url\":\"https:\\\/\\\/secure.gravatar.com\\\/avatar\\\/f6d8782c11d12b2d4ad3fbb6931aeab5309937a4d6cd2fc9cfaa28a6396a5aec?s=96&d=mm&r=g\",\"contentUrl\":\"https:\\\/\\\/secure.gravatar.com\\\/avatar\\\/f6d8782c11d12b2d4ad3fbb6931aeab5309937a4d6cd2fc9cfaa28a6396a5aec?s=96&d=mm&r=g\",\"caption\":\"Redacci\u00f3n\"},\"url\":\"https:\\\/\\\/fuentesfidedignas.com.mx\\\/index.php\\\/author\\\/redaccion\\\/\"}]}<\/script>\n<!-- \/ Yoast SEO plugin. -->","yoast_head_json":{"title":"Entregan certificados de b\u00e1sica a jornaleros migrantes de Villa Ju\u00e1rez - Fuentes Fidedignas","robots":{"index":"index","follow":"follow","max-snippet":"max-snippet:-1","max-image-preview":"max-image-preview:large","max-video-preview":"max-video-preview:-1"},"canonical":"https:\/\/fuentesfidedignas.com.mx\/index.php\/2022\/01\/30\/entregan-certificados-de-basica-a-jornaleros-migrantes-de-villa-juarez\/","og_locale":"es_MX","og_type":"article","og_title":"Entregan certificados de b\u00e1sica a jornaleros migrantes de Villa Ju\u00e1rez - Fuentes Fidedignas","og_description":"Adem\u00e1s de abatir el rezago educativo, la educaci\u00f3n transforma al pa\u00eds: Dom\u00ednguez Nava Navolato, Sin.- En el marco del programa Transformando Comunidades, impulsado por el gobernador Rub\u00e9n Rocha Moya, este domingo se realiz\u00f3 el primer evento de entrega de Certificados de primaria y secundaria a jornaleros migrantes, as\u00ed como el arranque de la incorporaci\u00f3n intensiva [&hellip;]","og_url":"https:\/\/fuentesfidedignas.com.mx\/index.php\/2022\/01\/30\/entregan-certificados-de-basica-a-jornaleros-migrantes-de-villa-juarez\/","og_site_name":"Fuentes Fidedignas","article_publisher":"https:\/\/www.facebook.com\/Fuentes-Fidedignas-368234489921644","article_published_time":"2022-01-30T21:20:21+00:00","article_modified_time":"2022-01-30T21:21:10+00:00","og_image":[{"width":1280,"height":960,"url":"https:\/\/fuentesfidedignas.com.mx\/wp-content\/uploads\/2022\/01\/IMG-20220130-WA0008.jpg","type":"image\/jpeg"}],"author":"Redacci\u00f3n","twitter_card":"summary_large_image","twitter_creator":"@fidedignas","twitter_site":"@fidedignas","twitter_misc":{"Escrito por":"Redacci\u00f3n","Tiempo de lectura":"3 minutos"},"schema":{"@context":"https:\/\/schema.org","@graph":[{"@type":"Article","@id":"https:\/\/fuentesfidedignas.com.mx\/index.php\/2022\/01\/30\/entregan-certificados-de-basica-a-jornaleros-migrantes-de-villa-juarez\/#article","isPartOf":{"@id":"https:\/\/fuentesfidedignas.com.mx\/index.php\/2022\/01\/30\/entregan-certificados-de-basica-a-jornaleros-migrantes-de-villa-juarez\/"},"author":{"name":"Redacci\u00f3n","@id":"https:\/\/fuentesfidedignas.com.mx\/#\/schema\/person\/331be9283d37198e2acd5750279085b0"},"headline":"Entregan certificados de b\u00e1sica a jornaleros migrantes de Villa Ju\u00e1rez","datePublished":"2022-01-30T21:20:21+00:00","dateModified":"2022-01-30T21:21:10+00:00","mainEntityOfPage":{"@id":"https:\/\/fuentesfidedignas.com.mx\/index.php\/2022\/01\/30\/entregan-certificados-de-basica-a-jornaleros-migrantes-de-villa-juarez\/"},"wordCount":377,"commentCount":0,"publisher":{"@id":"https:\/\/fuentesfidedignas.com.mx\/#organization"},"image":{"@id":"https:\/\/fuentesfidedignas.com.mx\/index.php\/2022\/01\/30\/entregan-certificados-de-basica-a-jornaleros-migrantes-de-villa-juarez\/#primaryimage"},"thumbnailUrl":"https:\/\/fuentesfidedignas.com.mx\/wp-content\/uploads\/2022\/01\/IMG-20220130-WA0008.jpg","keywords":["Secretar\u00eda de Educaci\u00f3n P\u00fablica","SEPyC"],"articleSection":["NOTICIAS LOCALES"],"inLanguage":"es","potentialAction":[{"@type":"CommentAction","name":"Comment","target":["https:\/\/fuentesfidedignas.com.mx\/index.php\/2022\/01\/30\/entregan-certificados-de-basica-a-jornaleros-migrantes-de-villa-juarez\/#respond"]}]},{"@type":"WebPage","@id":"https:\/\/fuentesfidedignas.com.mx\/index.php\/2022\/01\/30\/entregan-certificados-de-basica-a-jornaleros-migrantes-de-villa-juarez\/","url":"https:\/\/fuentesfidedignas.com.mx\/index.php\/2022\/01\/30\/entregan-certificados-de-basica-a-jornaleros-migrantes-de-villa-juarez\/","name":"Entregan certificados de b\u00e1sica a jornaleros migrantes de Villa Ju\u00e1rez - Fuentes Fidedignas","isPartOf":{"@id":"https:\/\/fuentesfidedignas.com.mx\/#website"},"primaryImageOfPage":{"@id":"https:\/\/fuentesfidedignas.com.mx\/index.php\/2022\/01\/30\/entregan-certificados-de-basica-a-jornaleros-migrantes-de-villa-juarez\/#primaryimage"},"image":{"@id":"https:\/\/fuentesfidedignas.com.mx\/index.php\/2022\/01\/30\/entregan-certificados-de-basica-a-jornaleros-migrantes-de-villa-juarez\/#primaryimage"},"thumbnailUrl":"https:\/\/fuentesfidedignas.com.mx\/wp-content\/uploads\/2022\/01\/IMG-20220130-WA0008.jpg","datePublished":"2022-01-30T21:20:21+00:00","dateModified":"2022-01-30T21:21:10+00:00","breadcrumb":{"@id":"https:\/\/fuentesfidedignas.com.mx\/index.php\/2022\/01\/30\/entregan-certificados-de-basica-a-jornaleros-migrantes-de-villa-juarez\/#breadcrumb"},"inLanguage":"es","potentialAction":[{"@type":"ReadAction","target":["https:\/\/fuentesfidedignas.com.mx\/index.php\/2022\/01\/30\/entregan-certificados-de-basica-a-jornaleros-migrantes-de-villa-juarez\/"]}]},{"@type":"ImageObject","inLanguage":"es","@id":"https:\/\/fuentesfidedignas.com.mx\/index.php\/2022\/01\/30\/entregan-certificados-de-basica-a-jornaleros-migrantes-de-villa-juarez\/#primaryimage","url":"https:\/\/fuentesfidedignas.com.mx\/wp-content\/uploads\/2022\/01\/IMG-20220130-WA0008.jpg","contentUrl":"https:\/\/fuentesfidedignas.com.mx\/wp-content\/uploads\/2022\/01\/IMG-20220130-WA0008.jpg","width":1280,"height":960},{"@type":"BreadcrumbList","@id":"https:\/\/fuentesfidedignas.com.mx\/index.php\/2022\/01\/30\/entregan-certificados-de-basica-a-jornaleros-migrantes-de-villa-juarez\/#breadcrumb","itemListElement":[{"@type":"ListItem","position":1,"name":"Inicio","item":"https:\/\/fuentesfidedignas.com.mx\/"},{"@type":"ListItem","position":2,"name":"Entregan certificados de b\u00e1sica a jornaleros migrantes de Villa Ju\u00e1rez"}]},{"@type":"WebSite","@id":"https:\/\/fuentesfidedignas.com.mx\/#website","url":"https:\/\/fuentesfidedignas.com.mx\/","name":"Fuentes Fidedignas","description":"Otro sitio realizado con WordPress","publisher":{"@id":"https:\/\/fuentesfidedignas.com.mx\/#organization"},"potentialAction":[{"@type":"SearchAction","target":{"@type":"EntryPoint","urlTemplate":"https:\/\/fuentesfidedignas.com.mx\/?s={search_term_string}"},"query-input":{"@type":"PropertyValueSpecification","valueRequired":true,"valueName":"search_term_string"}}],"inLanguage":"es"},{"@type":"Organization","@id":"https:\/\/fuentesfidedignas.com.mx\/#organization","name":"Fuentes Fidedignas","url":"https:\/\/fuentesfidedignas.com.mx\/","logo":{"@type":"ImageObject","inLanguage":"es","@id":"https:\/\/fuentesfidedignas.com.mx\/#\/schema\/logo\/image\/","url":"https:\/\/fuentesfidedignas.com.mx\/wp-content\/uploads\/2021\/04\/logo-retina.png","contentUrl":"https:\/\/fuentesfidedignas.com.mx\/wp-content\/uploads\/2021\/04\/logo-retina.png","width":280,"height":51,"caption":"Fuentes Fidedignas"},"image":{"@id":"https:\/\/fuentesfidedignas.com.mx\/#\/schema\/logo\/image\/"},"sameAs":["https:\/\/www.facebook.com\/Fuentes-Fidedignas-368234489921644","https:\/\/x.com\/fidedignas"]},{"@type":"Person","@id":"https:\/\/fuentesfidedignas.com.mx\/#\/schema\/person\/331be9283d37198e2acd5750279085b0","name":"Redacci\u00f3n","image":{"@type":"ImageObject","inLanguage":"es","@id":"https:\/\/secure.gravatar.com\/avatar\/f6d8782c11d12b2d4ad3fbb6931aeab5309937a4d6cd2fc9cfaa28a6396a5aec?s=96&d=mm&r=g","url":"https:\/\/secure.gravatar.com\/avatar\/f6d8782c11d12b2d4ad3fbb6931aeab5309937a4d6cd2fc9cfaa28a6396a5aec?s=96&d=mm&r=g","contentUrl":"https:\/\/secure.gravatar.com\/avatar\/f6d8782c11d12b2d4ad3fbb6931aeab5309937a4d6cd2fc9cfaa28a6396a5aec?s=96&d=mm&r=g","caption":"Redacci\u00f3n"},"url":"https:\/\/fuentesfidedignas.com.mx\/index.php\/author\/redaccion\/"}]}},"_links":{"self":[{"href":"https:\/\/fuentesfidedignas.com.mx\/index.php\/wp-json\/wp\/v2\/posts\/22950","targetHints":{"allow":["GET"]}}],"collection":[{"href":"https:\/\/fuentesfidedignas.com.mx\/index.php\/wp-json\/wp\/v2\/posts"}],"about":[{"href":"https:\/\/fuentesfidedignas.com.mx\/index.php\/wp-json\/wp\/v2\/types\/post"}],"author":[{"embeddable":true,"href":"https:\/\/fuentesfidedignas.com.mx\/index.php\/wp-json\/wp\/v2\/users\/4"}],"replies":[{"embeddable":true,"href":"https:\/\/fuentesfidedignas.com.mx\/index.php\/wp-json\/wp\/v2\/comments?post=22950"}],"version-history":[{"count":2,"href":"https:\/\/fuentesfidedignas.com.mx\/index.php\/wp-json\/wp\/v2\/posts\/22950\/revisions"}],"predecessor-version":[{"id":22954,"href":"https:\/\/fuentesfidedignas.com.mx\/index.php\/wp-json\/wp\/v2\/posts\/22950\/revisions\/22954"}],"wp:featuredmedia":[{"embeddable":true,"href":"https:\/\/fuentesfidedignas.com.mx\/index.php\/wp-json\/wp\/v2\/media\/22952"}],"wp:attachment":[{"href":"https:\/\/fuentesfidedignas.com.mx\/index.php\/wp-json\/wp\/v2\/media?parent=22950"}],"wp:term":[{"taxonomy":"category","embeddable":true,"href":"https:\/\/fuentesfidedignas.com.mx\/index.php\/wp-json\/wp\/v2\/categories?post=22950"},{"taxonomy":"post_tag","embeddable":true,"href":"https:\/\/fuentesfidedignas.com.mx\/index.php\/wp-json\/wp\/v2\/tags?post=22950"}],"curies":[{"name":"wp","href":"https:\/\/api.w.org\/{rel}","templated":true}]}}