{"id":2294,"date":"2021-05-17T18:19:54","date_gmt":"2021-05-18T01:19:54","guid":{"rendered":"https:\/\/fuentesfidedignas.com.mx\/?p=2294"},"modified":"2021-05-17T18:19:56","modified_gmt":"2021-05-18T01:19:56","slug":"mexico-acumula-220-mil-489-muertes-por-covid-19","status":"publish","type":"post","link":"https:\/\/fuentesfidedignas.com.mx\/index.php\/2021\/05\/17\/mexico-acumula-220-mil-489-muertes-por-covid-19\/","title":{"rendered":"M\u00e9xico acumula 220 mil 489 muertes por Covid-19"},"content":{"rendered":"\n<p><strong><em>En el pa\u00eds hay 2 millones 382 mil 745 casos confirmados; 822 m\u00e1s que el d\u00eda anterior<\/em><\/strong><\/p>\n\n\n\n<p>Ciudad de M\u00e9xico. Al corte de este lunes 17 de mayo, M\u00e9xico acumul\u00f3 220 mil 489 muertes por Covid-19, esto es, 56 fallecimientos m\u00e1s que el d\u00eda anterior, informaron autoridades sanitarias durante la conferencia vespertina sobre coronavirus en el pa\u00eds.<\/p>\n\n\n\n<p>Sin embargo, de acuerdo a la plataforma del Instituto Nacional de Salud P\u00fablica, se registran 220 mil 493 muertes, cuatro fallecimientos m\u00e1s a los mencionados durante el informe t\u00e9cnico.<\/p>\n\n\n\n<p>Asimismo, se detall\u00f3 que en el pa\u00eds hay 2 millones 382 mil 745 casos confirmados; 822 m\u00e1s que el d\u00eda anterior.<\/p>\n\n\n\n<p>Con estas cifras, M\u00e9xico ocupa el decimoquinto lugar mundial en n\u00famero de contagios y el cuarto puesto como el pa\u00eds con m\u00e1s decesos por la pandemia, detr\u00e1s de Estados Unidos, Brasil y la India, seg\u00fan la Universidad estadounidense Johns Hopkins.<\/p>\n\n\n\n<p>Respecto a los detalles del plan de vacunaci\u00f3n, el subsecretario de Prevenci\u00f3n y Promoci\u00f3n de la Salud, Hugo L\u00f3pez-Gatell, explic\u00f3 que al corte de las 21:00 horas del domingo, a nivel nacional fueron aplicadas 133 mil 422 dosis de la vacuna contra Covid-19.<\/p>\n\n\n\n<p>Inform\u00f3 adem\u00e1s, que desde el inicio de la estrategia nacional de vacunaci\u00f3n se han aplicado en total 23 millones 301 mil 884 dosis. Asimismo, se detall\u00f3 que 10 millones 652 mil 500 personas ya cuentan con su esquema completo contra el virus.<\/p>\n\n\n\n<p><strong>Pandemia, lejos de su final<\/strong><\/p>\n\n\n\n<p><br>Los casos semanales de Covid-19 en el mundo bajaron en los \u00faltimos siete d\u00edas con respecto a la semana anterior, una tendencia que se inici\u00f3 ya a principios de mayo, aunque &#8220;la pandemia est\u00e1 lejos de su final&#8221;, asegur\u00f3 hoy el director general de la Organizaci\u00f3n Mundial de la Salud (OMS).<\/p>\n\n\n\n<p>&#8220;Hay una enorme desconexi\u00f3n entre pa\u00edses con altas tasas de vacunaci\u00f3n, en los que la mentalidad ya es de que la pandemia ha terminado, y otros que experimentan enormes olas de infecci\u00f3n&#8221;, advirti\u00f3 el m\u00e1ximo responsable de la OMS, Tedros Adhanom Ghebreyesus, en rueda de prensa.<\/p>\n","protected":false},"excerpt":{"rendered":"<p>En el pa\u00eds hay 2 millones 382 mil 745 casos confirmados; 822 m\u00e1s que el d\u00eda anterior Ciudad de M\u00e9xico. Al corte de este lunes 17 de mayo, M\u00e9xico acumul\u00f3 220 mil 489 muertes por Covid-19, esto es, 56 fallecimientos m\u00e1s que el d\u00eda anterior, informaron autoridades sanitarias durante la conferencia vespertina sobre coronavirus en [&hellip;]<\/p>\n","protected":false},"author":39,"featured_media":2295,"comment_status":"open","ping_status":"open","sticky":false,"template":"","format":"standard","meta":{"tdm_status":"","tdm_grid_status":"","footnotes":""},"categories":[39],"tags":[59,311,190],"class_list":{"0":"post-2294","1":"post","2":"type-post","3":"status-publish","4":"format-standard","5":"has-post-thumbnail","7":"category-noticias-nacionales","8":"tag-covid-19","9":"tag-mexico","10":"tag-noticias-nacionales"},"yoast_head":"<!-- This site is optimized with the Yoast SEO plugin v27.4 - https:\/\/yoast.com\/product\/yoast-seo-wordpress\/ -->\n<title>M\u00e9xico acumula 220 mil 489 muertes por Covid-19 - Fuentes Fidedignas<\/title>\n<meta name=\"robots\" content=\"index, follow, max-snippet:-1, max-image-preview:large, max-video-preview:-1\" \/>\n<link rel=\"canonical\" href=\"https:\/\/fuentesfidedignas.com.mx\/index.php\/2021\/05\/17\/mexico-acumula-220-mil-489-muertes-por-covid-19\/\" \/>\n<meta property=\"og:locale\" content=\"es_MX\" \/>\n<meta property=\"og:type\" content=\"article\" \/>\n<meta property=\"og:title\" content=\"M\u00e9xico acumula 220 mil 489 muertes por Covid-19 - Fuentes Fidedignas\" \/>\n<meta property=\"og:description\" content=\"En el pa\u00eds hay 2 millones 382 mil 745 casos confirmados; 822 m\u00e1s que el d\u00eda anterior Ciudad de M\u00e9xico. Al corte de este lunes 17 de mayo, M\u00e9xico acumul\u00f3 220 mil 489 muertes por Covid-19, esto es, 56 fallecimientos m\u00e1s que el d\u00eda anterior, informaron autoridades sanitarias durante la conferencia vespertina sobre coronavirus en [&hellip;]\" \/>\n<meta property=\"og:url\" content=\"https:\/\/fuentesfidedignas.com.mx\/index.php\/2021\/05\/17\/mexico-acumula-220-mil-489-muertes-por-covid-19\/\" \/>\n<meta property=\"og:site_name\" content=\"Fuentes Fidedignas\" \/>\n<meta property=\"article:publisher\" content=\"https:\/\/www.facebook.com\/Fuentes-Fidedignas-368234489921644\" \/>\n<meta property=\"article:published_time\" content=\"2021-05-18T01:19:54+00:00\" \/>\n<meta property=\"article:modified_time\" content=\"2021-05-18T01:19:56+00:00\" \/>\n<meta property=\"og:image\" content=\"https:\/\/fuentesfidedignas.com.mx\/wp-content\/uploads\/2021\/05\/images-42.jpeg\" \/>\n\t<meta property=\"og:image:width\" content=\"640\" \/>\n\t<meta property=\"og:image:height\" content=\"360\" \/>\n\t<meta property=\"og:image:type\" content=\"image\/jpeg\" \/>\n<meta name=\"author\" content=\"El Universal\" \/>\n<meta name=\"twitter:card\" content=\"summary_large_image\" \/>\n<meta name=\"twitter:creator\" content=\"@fidedignas\" \/>\n<meta name=\"twitter:site\" content=\"@fidedignas\" \/>\n<meta name=\"twitter:label1\" content=\"Escrito por\" \/>\n\t<meta name=\"twitter:data1\" content=\"El Universal\" \/>\n\t<meta name=\"twitter:label2\" content=\"Tiempo de lectura\" \/>\n\t<meta name=\"twitter:data2\" content=\"2 minutos\" \/>\n<script type=\"application\/ld+json\" class=\"yoast-schema-graph\">{\"@context\":\"https:\\\/\\\/schema.org\",\"@graph\":[{\"@type\":\"Article\",\"@id\":\"https:\\\/\\\/fuentesfidedignas.com.mx\\\/index.php\\\/2021\\\/05\\\/17\\\/mexico-acumula-220-mil-489-muertes-por-covid-19\\\/#article\",\"isPartOf\":{\"@id\":\"https:\\\/\\\/fuentesfidedignas.com.mx\\\/index.php\\\/2021\\\/05\\\/17\\\/mexico-acumula-220-mil-489-muertes-por-covid-19\\\/\"},\"author\":{\"name\":\"El Universal\",\"@id\":\"https:\\\/\\\/fuentesfidedignas.com.mx\\\/#\\\/schema\\\/person\\\/fee3882e65fd0510d292c43a346d35d7\"},\"headline\":\"M\u00e9xico acumula 220 mil 489 muertes por Covid-19\",\"datePublished\":\"2021-05-18T01:19:54+00:00\",\"dateModified\":\"2021-05-18T01:19:56+00:00\",\"mainEntityOfPage\":{\"@id\":\"https:\\\/\\\/fuentesfidedignas.com.mx\\\/index.php\\\/2021\\\/05\\\/17\\\/mexico-acumula-220-mil-489-muertes-por-covid-19\\\/\"},\"wordCount\":351,\"commentCount\":0,\"publisher\":{\"@id\":\"https:\\\/\\\/fuentesfidedignas.com.mx\\\/#organization\"},\"image\":{\"@id\":\"https:\\\/\\\/fuentesfidedignas.com.mx\\\/index.php\\\/2021\\\/05\\\/17\\\/mexico-acumula-220-mil-489-muertes-por-covid-19\\\/#primaryimage\"},\"thumbnailUrl\":\"https:\\\/\\\/fuentesfidedignas.com.mx\\\/wp-content\\\/uploads\\\/2021\\\/05\\\/images-42.jpeg\",\"keywords\":[\"Covid-19\",\"M\u00e9xico\",\"Noticias Nacionales\"],\"articleSection\":[\"NOTICIAS NACIONALES\"],\"inLanguage\":\"es\",\"potentialAction\":[{\"@type\":\"CommentAction\",\"name\":\"Comment\",\"target\":[\"https:\\\/\\\/fuentesfidedignas.com.mx\\\/index.php\\\/2021\\\/05\\\/17\\\/mexico-acumula-220-mil-489-muertes-por-covid-19\\\/#respond\"]}]},{\"@type\":\"WebPage\",\"@id\":\"https:\\\/\\\/fuentesfidedignas.com.mx\\\/index.php\\\/2021\\\/05\\\/17\\\/mexico-acumula-220-mil-489-muertes-por-covid-19\\\/\",\"url\":\"https:\\\/\\\/fuentesfidedignas.com.mx\\\/index.php\\\/2021\\\/05\\\/17\\\/mexico-acumula-220-mil-489-muertes-por-covid-19\\\/\",\"name\":\"M\u00e9xico acumula 220 mil 489 muertes por Covid-19 - Fuentes Fidedignas\",\"isPartOf\":{\"@id\":\"https:\\\/\\\/fuentesfidedignas.com.mx\\\/#website\"},\"primaryImageOfPage\":{\"@id\":\"https:\\\/\\\/fuentesfidedignas.com.mx\\\/index.php\\\/2021\\\/05\\\/17\\\/mexico-acumula-220-mil-489-muertes-por-covid-19\\\/#primaryimage\"},\"image\":{\"@id\":\"https:\\\/\\\/fuentesfidedignas.com.mx\\\/index.php\\\/2021\\\/05\\\/17\\\/mexico-acumula-220-mil-489-muertes-por-covid-19\\\/#primaryimage\"},\"thumbnailUrl\":\"https:\\\/\\\/fuentesfidedignas.com.mx\\\/wp-content\\\/uploads\\\/2021\\\/05\\\/images-42.jpeg\",\"datePublished\":\"2021-05-18T01:19:54+00:00\",\"dateModified\":\"2021-05-18T01:19:56+00:00\",\"breadcrumb\":{\"@id\":\"https:\\\/\\\/fuentesfidedignas.com.mx\\\/index.php\\\/2021\\\/05\\\/17\\\/mexico-acumula-220-mil-489-muertes-por-covid-19\\\/#breadcrumb\"},\"inLanguage\":\"es\",\"potentialAction\":[{\"@type\":\"ReadAction\",\"target\":[\"https:\\\/\\\/fuentesfidedignas.com.mx\\\/index.php\\\/2021\\\/05\\\/17\\\/mexico-acumula-220-mil-489-muertes-por-covid-19\\\/\"]}]},{\"@type\":\"ImageObject\",\"inLanguage\":\"es\",\"@id\":\"https:\\\/\\\/fuentesfidedignas.com.mx\\\/index.php\\\/2021\\\/05\\\/17\\\/mexico-acumula-220-mil-489-muertes-por-covid-19\\\/#primaryimage\",\"url\":\"https:\\\/\\\/fuentesfidedignas.com.mx\\\/wp-content\\\/uploads\\\/2021\\\/05\\\/images-42.jpeg\",\"contentUrl\":\"https:\\\/\\\/fuentesfidedignas.com.mx\\\/wp-content\\\/uploads\\\/2021\\\/05\\\/images-42.jpeg\",\"width\":640,\"height\":360},{\"@type\":\"BreadcrumbList\",\"@id\":\"https:\\\/\\\/fuentesfidedignas.com.mx\\\/index.php\\\/2021\\\/05\\\/17\\\/mexico-acumula-220-mil-489-muertes-por-covid-19\\\/#breadcrumb\",\"itemListElement\":[{\"@type\":\"ListItem\",\"position\":1,\"name\":\"Inicio\",\"item\":\"https:\\\/\\\/fuentesfidedignas.com.mx\\\/\"},{\"@type\":\"ListItem\",\"position\":2,\"name\":\"M\u00e9xico acumula 220 mil 489 muertes por Covid-19\"}]},{\"@type\":\"WebSite\",\"@id\":\"https:\\\/\\\/fuentesfidedignas.com.mx\\\/#website\",\"url\":\"https:\\\/\\\/fuentesfidedignas.com.mx\\\/\",\"name\":\"Fuentes Fidedignas\",\"description\":\"Otro sitio realizado con WordPress\",\"publisher\":{\"@id\":\"https:\\\/\\\/fuentesfidedignas.com.mx\\\/#organization\"},\"potentialAction\":[{\"@type\":\"SearchAction\",\"target\":{\"@type\":\"EntryPoint\",\"urlTemplate\":\"https:\\\/\\\/fuentesfidedignas.com.mx\\\/?s={search_term_string}\"},\"query-input\":{\"@type\":\"PropertyValueSpecification\",\"valueRequired\":true,\"valueName\":\"search_term_string\"}}],\"inLanguage\":\"es\"},{\"@type\":\"Organization\",\"@id\":\"https:\\\/\\\/fuentesfidedignas.com.mx\\\/#organization\",\"name\":\"Fuentes Fidedignas\",\"url\":\"https:\\\/\\\/fuentesfidedignas.com.mx\\\/\",\"logo\":{\"@type\":\"ImageObject\",\"inLanguage\":\"es\",\"@id\":\"https:\\\/\\\/fuentesfidedignas.com.mx\\\/#\\\/schema\\\/logo\\\/image\\\/\",\"url\":\"https:\\\/\\\/fuentesfidedignas.com.mx\\\/wp-content\\\/uploads\\\/2021\\\/04\\\/logo-retina.png\",\"contentUrl\":\"https:\\\/\\\/fuentesfidedignas.com.mx\\\/wp-content\\\/uploads\\\/2021\\\/04\\\/logo-retina.png\",\"width\":280,\"height\":51,\"caption\":\"Fuentes Fidedignas\"},\"image\":{\"@id\":\"https:\\\/\\\/fuentesfidedignas.com.mx\\\/#\\\/schema\\\/logo\\\/image\\\/\"},\"sameAs\":[\"https:\\\/\\\/www.facebook.com\\\/Fuentes-Fidedignas-368234489921644\",\"https:\\\/\\\/x.com\\\/fidedignas\"]},{\"@type\":\"Person\",\"@id\":\"https:\\\/\\\/fuentesfidedignas.com.mx\\\/#\\\/schema\\\/person\\\/fee3882e65fd0510d292c43a346d35d7\",\"name\":\"El Universal\",\"image\":{\"@type\":\"ImageObject\",\"inLanguage\":\"es\",\"@id\":\"https:\\\/\\\/secure.gravatar.com\\\/avatar\\\/1ebc94d82b6c3c081781f73e5b76a0d0c1ac7bf8e57426f18802246eeaa2747c?s=96&d=mm&r=g\",\"url\":\"https:\\\/\\\/secure.gravatar.com\\\/avatar\\\/1ebc94d82b6c3c081781f73e5b76a0d0c1ac7bf8e57426f18802246eeaa2747c?s=96&d=mm&r=g\",\"contentUrl\":\"https:\\\/\\\/secure.gravatar.com\\\/avatar\\\/1ebc94d82b6c3c081781f73e5b76a0d0c1ac7bf8e57426f18802246eeaa2747c?s=96&d=mm&r=g\",\"caption\":\"El Universal\"},\"url\":\"https:\\\/\\\/fuentesfidedignas.com.mx\\\/index.php\\\/author\\\/el-universal\\\/\"}]}<\/script>\n<!-- \/ Yoast SEO plugin. -->","yoast_head_json":{"title":"M\u00e9xico acumula 220 mil 489 muertes por Covid-19 - Fuentes Fidedignas","robots":{"index":"index","follow":"follow","max-snippet":"max-snippet:-1","max-image-preview":"max-image-preview:large","max-video-preview":"max-video-preview:-1"},"canonical":"https:\/\/fuentesfidedignas.com.mx\/index.php\/2021\/05\/17\/mexico-acumula-220-mil-489-muertes-por-covid-19\/","og_locale":"es_MX","og_type":"article","og_title":"M\u00e9xico acumula 220 mil 489 muertes por Covid-19 - Fuentes Fidedignas","og_description":"En el pa\u00eds hay 2 millones 382 mil 745 casos confirmados; 822 m\u00e1s que el d\u00eda anterior Ciudad de M\u00e9xico. Al corte de este lunes 17 de mayo, M\u00e9xico acumul\u00f3 220 mil 489 muertes por Covid-19, esto es, 56 fallecimientos m\u00e1s que el d\u00eda anterior, informaron autoridades sanitarias durante la conferencia vespertina sobre coronavirus en [&hellip;]","og_url":"https:\/\/fuentesfidedignas.com.mx\/index.php\/2021\/05\/17\/mexico-acumula-220-mil-489-muertes-por-covid-19\/","og_site_name":"Fuentes Fidedignas","article_publisher":"https:\/\/www.facebook.com\/Fuentes-Fidedignas-368234489921644","article_published_time":"2021-05-18T01:19:54+00:00","article_modified_time":"2021-05-18T01:19:56+00:00","og_image":[{"width":640,"height":360,"url":"https:\/\/fuentesfidedignas.com.mx\/wp-content\/uploads\/2021\/05\/images-42.jpeg","type":"image\/jpeg"}],"author":"El Universal","twitter_card":"summary_large_image","twitter_creator":"@fidedignas","twitter_site":"@fidedignas","twitter_misc":{"Escrito por":"El Universal","Tiempo de lectura":"2 minutos"},"schema":{"@context":"https:\/\/schema.org","@graph":[{"@type":"Article","@id":"https:\/\/fuentesfidedignas.com.mx\/index.php\/2021\/05\/17\/mexico-acumula-220-mil-489-muertes-por-covid-19\/#article","isPartOf":{"@id":"https:\/\/fuentesfidedignas.com.mx\/index.php\/2021\/05\/17\/mexico-acumula-220-mil-489-muertes-por-covid-19\/"},"author":{"name":"El Universal","@id":"https:\/\/fuentesfidedignas.com.mx\/#\/schema\/person\/fee3882e65fd0510d292c43a346d35d7"},"headline":"M\u00e9xico acumula 220 mil 489 muertes por Covid-19","datePublished":"2021-05-18T01:19:54+00:00","dateModified":"2021-05-18T01:19:56+00:00","mainEntityOfPage":{"@id":"https:\/\/fuentesfidedignas.com.mx\/index.php\/2021\/05\/17\/mexico-acumula-220-mil-489-muertes-por-covid-19\/"},"wordCount":351,"commentCount":0,"publisher":{"@id":"https:\/\/fuentesfidedignas.com.mx\/#organization"},"image":{"@id":"https:\/\/fuentesfidedignas.com.mx\/index.php\/2021\/05\/17\/mexico-acumula-220-mil-489-muertes-por-covid-19\/#primaryimage"},"thumbnailUrl":"https:\/\/fuentesfidedignas.com.mx\/wp-content\/uploads\/2021\/05\/images-42.jpeg","keywords":["Covid-19","M\u00e9xico","Noticias Nacionales"],"articleSection":["NOTICIAS NACIONALES"],"inLanguage":"es","potentialAction":[{"@type":"CommentAction","name":"Comment","target":["https:\/\/fuentesfidedignas.com.mx\/index.php\/2021\/05\/17\/mexico-acumula-220-mil-489-muertes-por-covid-19\/#respond"]}]},{"@type":"WebPage","@id":"https:\/\/fuentesfidedignas.com.mx\/index.php\/2021\/05\/17\/mexico-acumula-220-mil-489-muertes-por-covid-19\/","url":"https:\/\/fuentesfidedignas.com.mx\/index.php\/2021\/05\/17\/mexico-acumula-220-mil-489-muertes-por-covid-19\/","name":"M\u00e9xico acumula 220 mil 489 muertes por Covid-19 - Fuentes Fidedignas","isPartOf":{"@id":"https:\/\/fuentesfidedignas.com.mx\/#website"},"primaryImageOfPage":{"@id":"https:\/\/fuentesfidedignas.com.mx\/index.php\/2021\/05\/17\/mexico-acumula-220-mil-489-muertes-por-covid-19\/#primaryimage"},"image":{"@id":"https:\/\/fuentesfidedignas.com.mx\/index.php\/2021\/05\/17\/mexico-acumula-220-mil-489-muertes-por-covid-19\/#primaryimage"},"thumbnailUrl":"https:\/\/fuentesfidedignas.com.mx\/wp-content\/uploads\/2021\/05\/images-42.jpeg","datePublished":"2021-05-18T01:19:54+00:00","dateModified":"2021-05-18T01:19:56+00:00","breadcrumb":{"@id":"https:\/\/fuentesfidedignas.com.mx\/index.php\/2021\/05\/17\/mexico-acumula-220-mil-489-muertes-por-covid-19\/#breadcrumb"},"inLanguage":"es","potentialAction":[{"@type":"ReadAction","target":["https:\/\/fuentesfidedignas.com.mx\/index.php\/2021\/05\/17\/mexico-acumula-220-mil-489-muertes-por-covid-19\/"]}]},{"@type":"ImageObject","inLanguage":"es","@id":"https:\/\/fuentesfidedignas.com.mx\/index.php\/2021\/05\/17\/mexico-acumula-220-mil-489-muertes-por-covid-19\/#primaryimage","url":"https:\/\/fuentesfidedignas.com.mx\/wp-content\/uploads\/2021\/05\/images-42.jpeg","contentUrl":"https:\/\/fuentesfidedignas.com.mx\/wp-content\/uploads\/2021\/05\/images-42.jpeg","width":640,"height":360},{"@type":"BreadcrumbList","@id":"https:\/\/fuentesfidedignas.com.mx\/index.php\/2021\/05\/17\/mexico-acumula-220-mil-489-muertes-por-covid-19\/#breadcrumb","itemListElement":[{"@type":"ListItem","position":1,"name":"Inicio","item":"https:\/\/fuentesfidedignas.com.mx\/"},{"@type":"ListItem","position":2,"name":"M\u00e9xico acumula 220 mil 489 muertes por Covid-19"}]},{"@type":"WebSite","@id":"https:\/\/fuentesfidedignas.com.mx\/#website","url":"https:\/\/fuentesfidedignas.com.mx\/","name":"Fuentes Fidedignas","description":"Otro sitio realizado con WordPress","publisher":{"@id":"https:\/\/fuentesfidedignas.com.mx\/#organization"},"potentialAction":[{"@type":"SearchAction","target":{"@type":"EntryPoint","urlTemplate":"https:\/\/fuentesfidedignas.com.mx\/?s={search_term_string}"},"query-input":{"@type":"PropertyValueSpecification","valueRequired":true,"valueName":"search_term_string"}}],"inLanguage":"es"},{"@type":"Organization","@id":"https:\/\/fuentesfidedignas.com.mx\/#organization","name":"Fuentes Fidedignas","url":"https:\/\/fuentesfidedignas.com.mx\/","logo":{"@type":"ImageObject","inLanguage":"es","@id":"https:\/\/fuentesfidedignas.com.mx\/#\/schema\/logo\/image\/","url":"https:\/\/fuentesfidedignas.com.mx\/wp-content\/uploads\/2021\/04\/logo-retina.png","contentUrl":"https:\/\/fuentesfidedignas.com.mx\/wp-content\/uploads\/2021\/04\/logo-retina.png","width":280,"height":51,"caption":"Fuentes Fidedignas"},"image":{"@id":"https:\/\/fuentesfidedignas.com.mx\/#\/schema\/logo\/image\/"},"sameAs":["https:\/\/www.facebook.com\/Fuentes-Fidedignas-368234489921644","https:\/\/x.com\/fidedignas"]},{"@type":"Person","@id":"https:\/\/fuentesfidedignas.com.mx\/#\/schema\/person\/fee3882e65fd0510d292c43a346d35d7","name":"El Universal","image":{"@type":"ImageObject","inLanguage":"es","@id":"https:\/\/secure.gravatar.com\/avatar\/1ebc94d82b6c3c081781f73e5b76a0d0c1ac7bf8e57426f18802246eeaa2747c?s=96&d=mm&r=g","url":"https:\/\/secure.gravatar.com\/avatar\/1ebc94d82b6c3c081781f73e5b76a0d0c1ac7bf8e57426f18802246eeaa2747c?s=96&d=mm&r=g","contentUrl":"https:\/\/secure.gravatar.com\/avatar\/1ebc94d82b6c3c081781f73e5b76a0d0c1ac7bf8e57426f18802246eeaa2747c?s=96&d=mm&r=g","caption":"El Universal"},"url":"https:\/\/fuentesfidedignas.com.mx\/index.php\/author\/el-universal\/"}]}},"_links":{"self":[{"href":"https:\/\/fuentesfidedignas.com.mx\/index.php\/wp-json\/wp\/v2\/posts\/2294","targetHints":{"allow":["GET"]}}],"collection":[{"href":"https:\/\/fuentesfidedignas.com.mx\/index.php\/wp-json\/wp\/v2\/posts"}],"about":[{"href":"https:\/\/fuentesfidedignas.com.mx\/index.php\/wp-json\/wp\/v2\/types\/post"}],"author":[{"embeddable":true,"href":"https:\/\/fuentesfidedignas.com.mx\/index.php\/wp-json\/wp\/v2\/users\/39"}],"replies":[{"embeddable":true,"href":"https:\/\/fuentesfidedignas.com.mx\/index.php\/wp-json\/wp\/v2\/comments?post=2294"}],"version-history":[{"count":1,"href":"https:\/\/fuentesfidedignas.com.mx\/index.php\/wp-json\/wp\/v2\/posts\/2294\/revisions"}],"predecessor-version":[{"id":2296,"href":"https:\/\/fuentesfidedignas.com.mx\/index.php\/wp-json\/wp\/v2\/posts\/2294\/revisions\/2296"}],"wp:featuredmedia":[{"embeddable":true,"href":"https:\/\/fuentesfidedignas.com.mx\/index.php\/wp-json\/wp\/v2\/media\/2295"}],"wp:attachment":[{"href":"https:\/\/fuentesfidedignas.com.mx\/index.php\/wp-json\/wp\/v2\/media?parent=2294"}],"wp:term":[{"taxonomy":"category","embeddable":true,"href":"https:\/\/fuentesfidedignas.com.mx\/index.php\/wp-json\/wp\/v2\/categories?post=2294"},{"taxonomy":"post_tag","embeddable":true,"href":"https:\/\/fuentesfidedignas.com.mx\/index.php\/wp-json\/wp\/v2\/tags?post=2294"}],"curies":[{"name":"wp","href":"https:\/\/api.w.org\/{rel}","templated":true}]}}