{"id":22937,"date":"2022-01-30T09:37:07","date_gmt":"2022-01-30T16:37:07","guid":{"rendered":"https:\/\/fuentesfidedignas.com.mx\/?p=22937"},"modified":"2022-01-30T09:37:34","modified_gmt":"2022-01-30T16:37:34","slug":"nadal-gana-en-australia-y-conquista-su-vigesimo-primer-grand-slam","status":"publish","type":"post","link":"https:\/\/fuentesfidedignas.com.mx\/index.php\/2022\/01\/30\/nadal-gana-en-australia-y-conquista-su-vigesimo-primer-grand-slam\/","title":{"rendered":"Nadal gana en Australia y conquista su vig\u00e9simo primer Grand Slam"},"content":{"rendered":"\n<p><strong><em>Rafael Nadal se convierte a sus 35 a\u00f1os en el \u00fanico poseedor del r\u00e9cord de t\u00edtulos en Grand Slam<\/em><\/strong> <\/p>\n\n\n\n<p>Australia. Rafael Nadal conquist\u00f3 este domingo 30 de enero de 2022 un hist\u00f3rico vig\u00e9simo primer Grand Slam al derrotar al ruso Daniil Medvedev en la final del Abierto de Australia 2-6, 6-7 (5\/7), 6-4, 6-4, 7-5 en 5 horas y 24 minutos. <\/p>\n\n\n\n<p>El espa\u00f1ol se convierte a sus 35 a\u00f1os en el \u00fanico poseedor del r\u00e9cord de t\u00edtulos en Grand Slam, que compart\u00eda hasta ahora con Roger Federer y Novak Djokovic.<\/p>\n\n\n\n<p>Nadal pasa a ser asimismo el segundo jugador en la era Open, el 4\u00ba en la historia, en haber conquistado al menos dos veces cada uno de los cuatro \u2018Grandes\u2019. Un \u00e9xito firmado por Djokovic el a\u00f1o pasado cuando conquist\u00f3 el Roland Garros por segunda vez.<\/p>\n\n\n\n<p>S\u00f3lo tres mujeres pueden presumir de m\u00e1s t\u00edtulos de Grand Slam: Margaret Court (24), Serena Williams (23), Steffi Graf (22).<\/p>\n\n\n\n<p>En t\u00e9rminos de partidos ganados, el Abierto de Australia es el segundo mejor \u2018Grande\u2019 para Nadal (detr\u00e1s de Roland Garros), pero el que menor n\u00famero de t\u00edtulos le hab\u00eda proporcionado.<\/p>\n\n\n\n<p>Ha ganado dos (2009 y 2022) en seis finales, mientras que Djokovic gan\u00f3 las 9 finales que jug\u00f3 en Melbourne.<\/p>\n\n\n\n<p>Ambos tenistas jugaron en 2012 la final m\u00e1s larga de torneos de Grand Slam, cuando el serbio se impuso en 5 horas y 53 minutos.<\/p>\n\n\n\n<p>Esta final en Melbourne entre Medvedev y Nadal supon\u00eda una revancha de la ganada por el tenista balear al ruso en el US Open en 2019. Con m\u00e1s experiencia en finales, Medvedev se llev\u00f3 los dos primeros sets, pero Nadal tir\u00f3 de coraje para apuntarse los tres siguientes y pasar a la posteridad.<\/p>\n","protected":false},"excerpt":{"rendered":"<p>Rafael Nadal se convierte a sus 35 a\u00f1os en el \u00fanico poseedor del r\u00e9cord de t\u00edtulos en Grand Slam Australia. Rafael Nadal conquist\u00f3 este domingo 30 de enero de 2022 un hist\u00f3rico vig\u00e9simo primer Grand Slam al derrotar al ruso Daniil Medvedev en la final del Abierto de Australia 2-6, 6-7 (5\/7), 6-4, 6-4, 7-5 [&hellip;]<\/p>\n","protected":false},"author":12,"featured_media":22939,"comment_status":"open","ping_status":"open","sticky":false,"template":"","format":"standard","meta":{"tdm_status":"","tdm_grid_status":"","footnotes":""},"categories":[39],"tags":[],"class_list":{"0":"post-22937","1":"post","2":"type-post","3":"status-publish","4":"format-standard","5":"has-post-thumbnail","7":"category-noticias-nacionales"},"yoast_head":"<!-- This site is optimized with the Yoast SEO plugin v27.5 - https:\/\/yoast.com\/product\/yoast-seo-wordpress\/ -->\n<title>Nadal gana en Australia y conquista su vig\u00e9simo primer Grand Slam - Fuentes Fidedignas<\/title>\n<meta name=\"robots\" content=\"index, follow, max-snippet:-1, max-image-preview:large, max-video-preview:-1\" \/>\n<link rel=\"canonical\" href=\"https:\/\/fuentesfidedignas.com.mx\/index.php\/2022\/01\/30\/nadal-gana-en-australia-y-conquista-su-vigesimo-primer-grand-slam\/\" \/>\n<meta property=\"og:locale\" content=\"es_MX\" \/>\n<meta property=\"og:type\" content=\"article\" \/>\n<meta property=\"og:title\" content=\"Nadal gana en Australia y conquista su vig\u00e9simo primer Grand Slam - Fuentes Fidedignas\" \/>\n<meta property=\"og:description\" content=\"Rafael Nadal se convierte a sus 35 a\u00f1os en el \u00fanico poseedor del r\u00e9cord de t\u00edtulos en Grand Slam Australia. Rafael Nadal conquist\u00f3 este domingo 30 de enero de 2022 un hist\u00f3rico vig\u00e9simo primer Grand Slam al derrotar al ruso Daniil Medvedev en la final del Abierto de Australia 2-6, 6-7 (5\/7), 6-4, 6-4, 7-5 [&hellip;]\" \/>\n<meta property=\"og:url\" content=\"https:\/\/fuentesfidedignas.com.mx\/index.php\/2022\/01\/30\/nadal-gana-en-australia-y-conquista-su-vigesimo-primer-grand-slam\/\" \/>\n<meta property=\"og:site_name\" content=\"Fuentes Fidedignas\" \/>\n<meta property=\"article:publisher\" content=\"https:\/\/www.facebook.com\/Fuentes-Fidedignas-368234489921644\" \/>\n<meta property=\"article:published_time\" content=\"2022-01-30T16:37:07+00:00\" \/>\n<meta property=\"article:modified_time\" content=\"2022-01-30T16:37:34+00:00\" \/>\n<meta property=\"og:image\" content=\"https:\/\/fuentesfidedignas.com.mx\/wp-content\/uploads\/2022\/01\/rafael-nadal.jpg\" \/>\n\t<meta property=\"og:image:width\" content=\"1280\" \/>\n\t<meta property=\"og:image:height\" content=\"720\" \/>\n\t<meta property=\"og:image:type\" content=\"image\/jpeg\" \/>\n<meta name=\"author\" content=\"AFP\" \/>\n<meta name=\"twitter:card\" content=\"summary_large_image\" \/>\n<meta name=\"twitter:creator\" content=\"@fidedignas\" \/>\n<meta name=\"twitter:site\" content=\"@fidedignas\" \/>\n<meta name=\"twitter:label1\" content=\"Escrito por\" \/>\n\t<meta name=\"twitter:data1\" content=\"AFP\" \/>\n\t<meta name=\"twitter:label2\" content=\"Tiempo de lectura\" \/>\n\t<meta name=\"twitter:data2\" content=\"2 minutos\" \/>\n<script type=\"application\/ld+json\" class=\"yoast-schema-graph\">{\"@context\":\"https:\\\/\\\/schema.org\",\"@graph\":[{\"@type\":\"Article\",\"@id\":\"https:\\\/\\\/fuentesfidedignas.com.mx\\\/index.php\\\/2022\\\/01\\\/30\\\/nadal-gana-en-australia-y-conquista-su-vigesimo-primer-grand-slam\\\/#article\",\"isPartOf\":{\"@id\":\"https:\\\/\\\/fuentesfidedignas.com.mx\\\/index.php\\\/2022\\\/01\\\/30\\\/nadal-gana-en-australia-y-conquista-su-vigesimo-primer-grand-slam\\\/\"},\"author\":{\"name\":\"AFP\",\"@id\":\"https:\\\/\\\/fuentesfidedignas.com.mx\\\/#\\\/schema\\\/person\\\/1827b38c6cf89e1d6cc7d78ca3fae732\"},\"headline\":\"Nadal gana en Australia y conquista su vig\u00e9simo primer Grand Slam\",\"datePublished\":\"2022-01-30T16:37:07+00:00\",\"dateModified\":\"2022-01-30T16:37:34+00:00\",\"mainEntityOfPage\":{\"@id\":\"https:\\\/\\\/fuentesfidedignas.com.mx\\\/index.php\\\/2022\\\/01\\\/30\\\/nadal-gana-en-australia-y-conquista-su-vigesimo-primer-grand-slam\\\/\"},\"wordCount\":300,\"commentCount\":0,\"publisher\":{\"@id\":\"https:\\\/\\\/fuentesfidedignas.com.mx\\\/#organization\"},\"image\":{\"@id\":\"https:\\\/\\\/fuentesfidedignas.com.mx\\\/index.php\\\/2022\\\/01\\\/30\\\/nadal-gana-en-australia-y-conquista-su-vigesimo-primer-grand-slam\\\/#primaryimage\"},\"thumbnailUrl\":\"https:\\\/\\\/fuentesfidedignas.com.mx\\\/wp-content\\\/uploads\\\/2022\\\/01\\\/rafael-nadal.jpg\",\"articleSection\":[\"NOTICIAS NACIONALES\"],\"inLanguage\":\"es\",\"potentialAction\":[{\"@type\":\"CommentAction\",\"name\":\"Comment\",\"target\":[\"https:\\\/\\\/fuentesfidedignas.com.mx\\\/index.php\\\/2022\\\/01\\\/30\\\/nadal-gana-en-australia-y-conquista-su-vigesimo-primer-grand-slam\\\/#respond\"]}]},{\"@type\":\"WebPage\",\"@id\":\"https:\\\/\\\/fuentesfidedignas.com.mx\\\/index.php\\\/2022\\\/01\\\/30\\\/nadal-gana-en-australia-y-conquista-su-vigesimo-primer-grand-slam\\\/\",\"url\":\"https:\\\/\\\/fuentesfidedignas.com.mx\\\/index.php\\\/2022\\\/01\\\/30\\\/nadal-gana-en-australia-y-conquista-su-vigesimo-primer-grand-slam\\\/\",\"name\":\"Nadal gana en Australia y conquista su vig\u00e9simo primer Grand Slam - Fuentes Fidedignas\",\"isPartOf\":{\"@id\":\"https:\\\/\\\/fuentesfidedignas.com.mx\\\/#website\"},\"primaryImageOfPage\":{\"@id\":\"https:\\\/\\\/fuentesfidedignas.com.mx\\\/index.php\\\/2022\\\/01\\\/30\\\/nadal-gana-en-australia-y-conquista-su-vigesimo-primer-grand-slam\\\/#primaryimage\"},\"image\":{\"@id\":\"https:\\\/\\\/fuentesfidedignas.com.mx\\\/index.php\\\/2022\\\/01\\\/30\\\/nadal-gana-en-australia-y-conquista-su-vigesimo-primer-grand-slam\\\/#primaryimage\"},\"thumbnailUrl\":\"https:\\\/\\\/fuentesfidedignas.com.mx\\\/wp-content\\\/uploads\\\/2022\\\/01\\\/rafael-nadal.jpg\",\"datePublished\":\"2022-01-30T16:37:07+00:00\",\"dateModified\":\"2022-01-30T16:37:34+00:00\",\"breadcrumb\":{\"@id\":\"https:\\\/\\\/fuentesfidedignas.com.mx\\\/index.php\\\/2022\\\/01\\\/30\\\/nadal-gana-en-australia-y-conquista-su-vigesimo-primer-grand-slam\\\/#breadcrumb\"},\"inLanguage\":\"es\",\"potentialAction\":[{\"@type\":\"ReadAction\",\"target\":[\"https:\\\/\\\/fuentesfidedignas.com.mx\\\/index.php\\\/2022\\\/01\\\/30\\\/nadal-gana-en-australia-y-conquista-su-vigesimo-primer-grand-slam\\\/\"]}]},{\"@type\":\"ImageObject\",\"inLanguage\":\"es\",\"@id\":\"https:\\\/\\\/fuentesfidedignas.com.mx\\\/index.php\\\/2022\\\/01\\\/30\\\/nadal-gana-en-australia-y-conquista-su-vigesimo-primer-grand-slam\\\/#primaryimage\",\"url\":\"https:\\\/\\\/fuentesfidedignas.com.mx\\\/wp-content\\\/uploads\\\/2022\\\/01\\\/rafael-nadal.jpg\",\"contentUrl\":\"https:\\\/\\\/fuentesfidedignas.com.mx\\\/wp-content\\\/uploads\\\/2022\\\/01\\\/rafael-nadal.jpg\",\"width\":1280,\"height\":720},{\"@type\":\"BreadcrumbList\",\"@id\":\"https:\\\/\\\/fuentesfidedignas.com.mx\\\/index.php\\\/2022\\\/01\\\/30\\\/nadal-gana-en-australia-y-conquista-su-vigesimo-primer-grand-slam\\\/#breadcrumb\",\"itemListElement\":[{\"@type\":\"ListItem\",\"position\":1,\"name\":\"Inicio\",\"item\":\"https:\\\/\\\/fuentesfidedignas.com.mx\\\/\"},{\"@type\":\"ListItem\",\"position\":2,\"name\":\"Nadal gana en Australia y conquista su vig\u00e9simo primer Grand Slam\"}]},{\"@type\":\"WebSite\",\"@id\":\"https:\\\/\\\/fuentesfidedignas.com.mx\\\/#website\",\"url\":\"https:\\\/\\\/fuentesfidedignas.com.mx\\\/\",\"name\":\"Fuentes Fidedignas\",\"description\":\"Otro sitio realizado con WordPress\",\"publisher\":{\"@id\":\"https:\\\/\\\/fuentesfidedignas.com.mx\\\/#organization\"},\"potentialAction\":[{\"@type\":\"SearchAction\",\"target\":{\"@type\":\"EntryPoint\",\"urlTemplate\":\"https:\\\/\\\/fuentesfidedignas.com.mx\\\/?s={search_term_string}\"},\"query-input\":{\"@type\":\"PropertyValueSpecification\",\"valueRequired\":true,\"valueName\":\"search_term_string\"}}],\"inLanguage\":\"es\"},{\"@type\":\"Organization\",\"@id\":\"https:\\\/\\\/fuentesfidedignas.com.mx\\\/#organization\",\"name\":\"Fuentes Fidedignas\",\"url\":\"https:\\\/\\\/fuentesfidedignas.com.mx\\\/\",\"logo\":{\"@type\":\"ImageObject\",\"inLanguage\":\"es\",\"@id\":\"https:\\\/\\\/fuentesfidedignas.com.mx\\\/#\\\/schema\\\/logo\\\/image\\\/\",\"url\":\"https:\\\/\\\/fuentesfidedignas.com.mx\\\/wp-content\\\/uploads\\\/2021\\\/04\\\/logo-retina.png\",\"contentUrl\":\"https:\\\/\\\/fuentesfidedignas.com.mx\\\/wp-content\\\/uploads\\\/2021\\\/04\\\/logo-retina.png\",\"width\":280,\"height\":51,\"caption\":\"Fuentes Fidedignas\"},\"image\":{\"@id\":\"https:\\\/\\\/fuentesfidedignas.com.mx\\\/#\\\/schema\\\/logo\\\/image\\\/\"},\"sameAs\":[\"https:\\\/\\\/www.facebook.com\\\/Fuentes-Fidedignas-368234489921644\",\"https:\\\/\\\/x.com\\\/fidedignas\"]},{\"@type\":\"Person\",\"@id\":\"https:\\\/\\\/fuentesfidedignas.com.mx\\\/#\\\/schema\\\/person\\\/1827b38c6cf89e1d6cc7d78ca3fae732\",\"name\":\"AFP\",\"image\":{\"@type\":\"ImageObject\",\"inLanguage\":\"es\",\"@id\":\"https:\\\/\\\/secure.gravatar.com\\\/avatar\\\/236827d2ee9bf15e1ea99e0c1cd1b467cffa55e324d177638d0f8de7950cbae6?s=96&d=mm&r=g\",\"url\":\"https:\\\/\\\/secure.gravatar.com\\\/avatar\\\/236827d2ee9bf15e1ea99e0c1cd1b467cffa55e324d177638d0f8de7950cbae6?s=96&d=mm&r=g\",\"contentUrl\":\"https:\\\/\\\/secure.gravatar.com\\\/avatar\\\/236827d2ee9bf15e1ea99e0c1cd1b467cffa55e324d177638d0f8de7950cbae6?s=96&d=mm&r=g\",\"caption\":\"AFP\"},\"url\":\"https:\\\/\\\/fuentesfidedignas.com.mx\\\/index.php\\\/author\\\/afp\\\/\"}]}<\/script>\n<!-- \/ Yoast SEO plugin. -->","yoast_head_json":{"title":"Nadal gana en Australia y conquista su vig\u00e9simo primer Grand Slam - Fuentes Fidedignas","robots":{"index":"index","follow":"follow","max-snippet":"max-snippet:-1","max-image-preview":"max-image-preview:large","max-video-preview":"max-video-preview:-1"},"canonical":"https:\/\/fuentesfidedignas.com.mx\/index.php\/2022\/01\/30\/nadal-gana-en-australia-y-conquista-su-vigesimo-primer-grand-slam\/","og_locale":"es_MX","og_type":"article","og_title":"Nadal gana en Australia y conquista su vig\u00e9simo primer Grand Slam - Fuentes Fidedignas","og_description":"Rafael Nadal se convierte a sus 35 a\u00f1os en el \u00fanico poseedor del r\u00e9cord de t\u00edtulos en Grand Slam Australia. Rafael Nadal conquist\u00f3 este domingo 30 de enero de 2022 un hist\u00f3rico vig\u00e9simo primer Grand Slam al derrotar al ruso Daniil Medvedev en la final del Abierto de Australia 2-6, 6-7 (5\/7), 6-4, 6-4, 7-5 [&hellip;]","og_url":"https:\/\/fuentesfidedignas.com.mx\/index.php\/2022\/01\/30\/nadal-gana-en-australia-y-conquista-su-vigesimo-primer-grand-slam\/","og_site_name":"Fuentes Fidedignas","article_publisher":"https:\/\/www.facebook.com\/Fuentes-Fidedignas-368234489921644","article_published_time":"2022-01-30T16:37:07+00:00","article_modified_time":"2022-01-30T16:37:34+00:00","og_image":[{"width":1280,"height":720,"url":"https:\/\/fuentesfidedignas.com.mx\/wp-content\/uploads\/2022\/01\/rafael-nadal.jpg","type":"image\/jpeg"}],"author":"AFP","twitter_card":"summary_large_image","twitter_creator":"@fidedignas","twitter_site":"@fidedignas","twitter_misc":{"Escrito por":"AFP","Tiempo de lectura":"2 minutos"},"schema":{"@context":"https:\/\/schema.org","@graph":[{"@type":"Article","@id":"https:\/\/fuentesfidedignas.com.mx\/index.php\/2022\/01\/30\/nadal-gana-en-australia-y-conquista-su-vigesimo-primer-grand-slam\/#article","isPartOf":{"@id":"https:\/\/fuentesfidedignas.com.mx\/index.php\/2022\/01\/30\/nadal-gana-en-australia-y-conquista-su-vigesimo-primer-grand-slam\/"},"author":{"name":"AFP","@id":"https:\/\/fuentesfidedignas.com.mx\/#\/schema\/person\/1827b38c6cf89e1d6cc7d78ca3fae732"},"headline":"Nadal gana en Australia y conquista su vig\u00e9simo primer Grand Slam","datePublished":"2022-01-30T16:37:07+00:00","dateModified":"2022-01-30T16:37:34+00:00","mainEntityOfPage":{"@id":"https:\/\/fuentesfidedignas.com.mx\/index.php\/2022\/01\/30\/nadal-gana-en-australia-y-conquista-su-vigesimo-primer-grand-slam\/"},"wordCount":300,"commentCount":0,"publisher":{"@id":"https:\/\/fuentesfidedignas.com.mx\/#organization"},"image":{"@id":"https:\/\/fuentesfidedignas.com.mx\/index.php\/2022\/01\/30\/nadal-gana-en-australia-y-conquista-su-vigesimo-primer-grand-slam\/#primaryimage"},"thumbnailUrl":"https:\/\/fuentesfidedignas.com.mx\/wp-content\/uploads\/2022\/01\/rafael-nadal.jpg","articleSection":["NOTICIAS NACIONALES"],"inLanguage":"es","potentialAction":[{"@type":"CommentAction","name":"Comment","target":["https:\/\/fuentesfidedignas.com.mx\/index.php\/2022\/01\/30\/nadal-gana-en-australia-y-conquista-su-vigesimo-primer-grand-slam\/#respond"]}]},{"@type":"WebPage","@id":"https:\/\/fuentesfidedignas.com.mx\/index.php\/2022\/01\/30\/nadal-gana-en-australia-y-conquista-su-vigesimo-primer-grand-slam\/","url":"https:\/\/fuentesfidedignas.com.mx\/index.php\/2022\/01\/30\/nadal-gana-en-australia-y-conquista-su-vigesimo-primer-grand-slam\/","name":"Nadal gana en Australia y conquista su vig\u00e9simo primer Grand Slam - Fuentes Fidedignas","isPartOf":{"@id":"https:\/\/fuentesfidedignas.com.mx\/#website"},"primaryImageOfPage":{"@id":"https:\/\/fuentesfidedignas.com.mx\/index.php\/2022\/01\/30\/nadal-gana-en-australia-y-conquista-su-vigesimo-primer-grand-slam\/#primaryimage"},"image":{"@id":"https:\/\/fuentesfidedignas.com.mx\/index.php\/2022\/01\/30\/nadal-gana-en-australia-y-conquista-su-vigesimo-primer-grand-slam\/#primaryimage"},"thumbnailUrl":"https:\/\/fuentesfidedignas.com.mx\/wp-content\/uploads\/2022\/01\/rafael-nadal.jpg","datePublished":"2022-01-30T16:37:07+00:00","dateModified":"2022-01-30T16:37:34+00:00","breadcrumb":{"@id":"https:\/\/fuentesfidedignas.com.mx\/index.php\/2022\/01\/30\/nadal-gana-en-australia-y-conquista-su-vigesimo-primer-grand-slam\/#breadcrumb"},"inLanguage":"es","potentialAction":[{"@type":"ReadAction","target":["https:\/\/fuentesfidedignas.com.mx\/index.php\/2022\/01\/30\/nadal-gana-en-australia-y-conquista-su-vigesimo-primer-grand-slam\/"]}]},{"@type":"ImageObject","inLanguage":"es","@id":"https:\/\/fuentesfidedignas.com.mx\/index.php\/2022\/01\/30\/nadal-gana-en-australia-y-conquista-su-vigesimo-primer-grand-slam\/#primaryimage","url":"https:\/\/fuentesfidedignas.com.mx\/wp-content\/uploads\/2022\/01\/rafael-nadal.jpg","contentUrl":"https:\/\/fuentesfidedignas.com.mx\/wp-content\/uploads\/2022\/01\/rafael-nadal.jpg","width":1280,"height":720},{"@type":"BreadcrumbList","@id":"https:\/\/fuentesfidedignas.com.mx\/index.php\/2022\/01\/30\/nadal-gana-en-australia-y-conquista-su-vigesimo-primer-grand-slam\/#breadcrumb","itemListElement":[{"@type":"ListItem","position":1,"name":"Inicio","item":"https:\/\/fuentesfidedignas.com.mx\/"},{"@type":"ListItem","position":2,"name":"Nadal gana en Australia y conquista su vig\u00e9simo primer Grand Slam"}]},{"@type":"WebSite","@id":"https:\/\/fuentesfidedignas.com.mx\/#website","url":"https:\/\/fuentesfidedignas.com.mx\/","name":"Fuentes Fidedignas","description":"Otro sitio realizado con WordPress","publisher":{"@id":"https:\/\/fuentesfidedignas.com.mx\/#organization"},"potentialAction":[{"@type":"SearchAction","target":{"@type":"EntryPoint","urlTemplate":"https:\/\/fuentesfidedignas.com.mx\/?s={search_term_string}"},"query-input":{"@type":"PropertyValueSpecification","valueRequired":true,"valueName":"search_term_string"}}],"inLanguage":"es"},{"@type":"Organization","@id":"https:\/\/fuentesfidedignas.com.mx\/#organization","name":"Fuentes Fidedignas","url":"https:\/\/fuentesfidedignas.com.mx\/","logo":{"@type":"ImageObject","inLanguage":"es","@id":"https:\/\/fuentesfidedignas.com.mx\/#\/schema\/logo\/image\/","url":"https:\/\/fuentesfidedignas.com.mx\/wp-content\/uploads\/2021\/04\/logo-retina.png","contentUrl":"https:\/\/fuentesfidedignas.com.mx\/wp-content\/uploads\/2021\/04\/logo-retina.png","width":280,"height":51,"caption":"Fuentes Fidedignas"},"image":{"@id":"https:\/\/fuentesfidedignas.com.mx\/#\/schema\/logo\/image\/"},"sameAs":["https:\/\/www.facebook.com\/Fuentes-Fidedignas-368234489921644","https:\/\/x.com\/fidedignas"]},{"@type":"Person","@id":"https:\/\/fuentesfidedignas.com.mx\/#\/schema\/person\/1827b38c6cf89e1d6cc7d78ca3fae732","name":"AFP","image":{"@type":"ImageObject","inLanguage":"es","@id":"https:\/\/secure.gravatar.com\/avatar\/236827d2ee9bf15e1ea99e0c1cd1b467cffa55e324d177638d0f8de7950cbae6?s=96&d=mm&r=g","url":"https:\/\/secure.gravatar.com\/avatar\/236827d2ee9bf15e1ea99e0c1cd1b467cffa55e324d177638d0f8de7950cbae6?s=96&d=mm&r=g","contentUrl":"https:\/\/secure.gravatar.com\/avatar\/236827d2ee9bf15e1ea99e0c1cd1b467cffa55e324d177638d0f8de7950cbae6?s=96&d=mm&r=g","caption":"AFP"},"url":"https:\/\/fuentesfidedignas.com.mx\/index.php\/author\/afp\/"}]}},"_links":{"self":[{"href":"https:\/\/fuentesfidedignas.com.mx\/index.php\/wp-json\/wp\/v2\/posts\/22937","targetHints":{"allow":["GET"]}}],"collection":[{"href":"https:\/\/fuentesfidedignas.com.mx\/index.php\/wp-json\/wp\/v2\/posts"}],"about":[{"href":"https:\/\/fuentesfidedignas.com.mx\/index.php\/wp-json\/wp\/v2\/types\/post"}],"author":[{"embeddable":true,"href":"https:\/\/fuentesfidedignas.com.mx\/index.php\/wp-json\/wp\/v2\/users\/12"}],"replies":[{"embeddable":true,"href":"https:\/\/fuentesfidedignas.com.mx\/index.php\/wp-json\/wp\/v2\/comments?post=22937"}],"version-history":[{"count":1,"href":"https:\/\/fuentesfidedignas.com.mx\/index.php\/wp-json\/wp\/v2\/posts\/22937\/revisions"}],"predecessor-version":[{"id":22938,"href":"https:\/\/fuentesfidedignas.com.mx\/index.php\/wp-json\/wp\/v2\/posts\/22937\/revisions\/22938"}],"wp:featuredmedia":[{"embeddable":true,"href":"https:\/\/fuentesfidedignas.com.mx\/index.php\/wp-json\/wp\/v2\/media\/22939"}],"wp:attachment":[{"href":"https:\/\/fuentesfidedignas.com.mx\/index.php\/wp-json\/wp\/v2\/media?parent=22937"}],"wp:term":[{"taxonomy":"category","embeddable":true,"href":"https:\/\/fuentesfidedignas.com.mx\/index.php\/wp-json\/wp\/v2\/categories?post=22937"},{"taxonomy":"post_tag","embeddable":true,"href":"https:\/\/fuentesfidedignas.com.mx\/index.php\/wp-json\/wp\/v2\/tags?post=22937"}],"curies":[{"name":"wp","href":"https:\/\/api.w.org\/{rel}","templated":true}]}}