{"id":22916,"date":"2022-01-29T16:06:58","date_gmt":"2022-01-29T23:06:58","guid":{"rendered":"https:\/\/fuentesfidedignas.com.mx\/?p=22916"},"modified":"2022-01-29T16:07:00","modified_gmt":"2022-01-29T23:07:00","slug":"convocan-a-la-juventud-ahomense-a-participar-en-el-primer-parlamento-estatal-juvenil-sinaloa-2022","status":"publish","type":"post","link":"https:\/\/fuentesfidedignas.com.mx\/index.php\/2022\/01\/29\/convocan-a-la-juventud-ahomense-a-participar-en-el-primer-parlamento-estatal-juvenil-sinaloa-2022\/","title":{"rendered":"Convocan a la juventud ahomense a participar en el primer Parlamento Estatal Juvenil Sinaloa 2022"},"content":{"rendered":"\n<p><strong><em>Gerardo Vargas Landeros y Diputados Locales, lanzaron la convocatoria que est\u00e1 vigente a partir de esta fecha y cierra el 8 de febrero.<\/em><\/strong><\/p>\n\n\n\n<p>Los Mochis, Ahome, Sin., a 29 de enero de 2022.- Se convoca a los j\u00f3venes ahomenses de 12 a 29 a\u00f1os a participar en el Primer Parlamento Juvenil del Estado de Sinaloa 2022, denominado \u201c7 de Abril\u201d, que se celebrar\u00e1 los d\u00edas 24, 25 y 26 de febrero en el H. Congreso del Estado de Sinaloa.<\/p>\n\n\n\n<p><br>Diputadas y Diputados de la Comisi\u00f3n de Juventud y Deporte del H. Congreso del Estado de Sinaloa y el presidente municipal de Ahome, Gerardo Vargas Landeros, lanzaron dicha convocatoria durante una conferencia de prensa efectuada en el palacio municipal.<\/p>\n\n\n\n<p><br>Los requisitos son tener edad de 12 a 29 a\u00f1os, CURP, acta de nacimiento, certificado de COVID negativo, presentar un video de 1 a 3 minutos que contenga el ensayo del tema a participar que deber\u00e1 enmarcarse dentro de los rubros de: Educaci\u00f3n y cultura; Juventud y deporte; Equidad g\u00e9nero y familia; Medio ambiente, y Participaci\u00f3n ciudadana y democracia. Las inscripciones son gratuitas y est\u00e1n abiertas a partir de esta fecha hasta el 8 de febrero que se cierre la convocatoria en el sitio de internet <a href=\"mailto:parlamentojuvenil2022@coingresosinalos.gob.mx\">parlamentojuvenil2022@coingresosinalos.gob.mx<\/a><\/p>\n\n\n\n<p><br>En su mensaje, Gerardo Vargas Landeros, presidente municipal de Ahome agradeci\u00f3 la presencia de los diputados y diputadas, as\u00ed como de 11 de los 12 regidores, e invit\u00f3 a los y las j\u00f3venes del municipio de Ahome a participar en la convocatoria para que vivan la experiencia de ser legisladores por 3 d\u00edas.<\/p>\n\n\n\n<p><br>Asimismo, se pronunci\u00f3 por la posibilidad de apoyar a los j\u00f3venes ahomenses que resulten elegidos para el Primer Parlamento Juvenil que estar\u00e1 integrado por 20 Diputados y 20 Diputadas.<\/p>\n\n\n\n<p><br>Correspondi\u00f3 a la Diputada Mar\u00eda Guadalupe C\u00e1zares, Presidenta de la Comisi\u00f3n de Juventud y deporte informar sobre las bases de la convocatoria y agradecer al alcalde de Ahome y a los regidores ahomenses por la recepci\u00f3n en el sal\u00f3n de cabildo de Palacio Municipal para presentar la convocatoria a los j\u00f3venes ahomenses a trav\u00e9s de los medios de comunicaci\u00f3n.<\/p>\n\n\n\n<p><br>De igual forma se expresaron las y los diputados que la acompa\u00f1aron en la conferencia de prensa Juana Minerva V\u00e1zquez, Deisy Judith Ayala, Cinthia Valenzuela, Nela Rosiely S\u00e1nchez y Cesar Guerrero, as\u00ed como el Director del Instituto de la Juventud del Estado de Sinaloa ISJU Sa\u00fal Meza.<\/p>\n\n\n\n<p><br>Para mayor informaci\u00f3n los j\u00f3venes interesados pueden revisar las bases de la convocatoria en el portal oficial <a href=\"https:\/\/www.congresosinaloa.gob.mx\/\">https:\/\/www.congresosinaloa.gob.mx<\/a><\/p>\n\n\n\n<p><strong>EL AYUNTAMIENTO DE AHOME ESCUCHA A LOS PUEBLOS IND\u00cdGENAS DE AHOME.<\/strong><\/p>\n\n\n\n<p><\/p>\n\n\n\n<p>Dentro de las actividades del presidente municipal se encuentra la reactivaci\u00f3n de las Ferias del Bienestar en Ahome, llevando los servicios con los que cuenta el Ayuntamiento a las comunidades de Mayocoba y La Florida, en donde destac\u00f3 los servicios no se regalan, pues es la atenci\u00f3n que pertenece a la ciudadan\u00eda.<\/p>\n\n\n\n<p>En este sentido, explic\u00f3 que en la Cuarta Transformaci\u00f3n se manda obedeciendo, por lo que este tipo de visitas se llevan a cabo con el objetivo de escuchar las necesidades de gente y atender cada una de ellas sin ning\u00fan costo.<\/p>\n\n\n\n<p>Durante estas visitas el alcalde recibi\u00f3 el reporte de que algunas viviendas no contaban con piso firme, conexiones de agua potable e incluso la falta de drenaje, por lo que gir\u00f3 la instrucci\u00f3n de que se atendieran estos casos y ten\u00edan que quedar resueltos para la pr\u00f3xima semana.<\/p>\n\n\n\n<p>En este evento, Gerardo Vargas Landeros estuvo acompa\u00f1ado de Silvina Valenzuela, encargada de la Direcci\u00f3n de Asuntos Ind\u00edgenas, quien aprovech\u00f3 para agradecer al presidente municipal que ya que est\u00e1 trabajando para proteger los derechos de los grupos ind\u00edgenas del municipio.<\/p>\n","protected":false},"excerpt":{"rendered":"<p>Gerardo Vargas Landeros y Diputados Locales, lanzaron la convocatoria que est\u00e1 vigente a partir de esta fecha y cierra el 8 de febrero. Los Mochis, Ahome, Sin., a 29 de enero de 2022.- Se convoca a los j\u00f3venes ahomenses de 12 a 29 a\u00f1os a participar en el Primer Parlamento Juvenil del Estado de Sinaloa [&hellip;]<\/p>\n","protected":false},"author":4,"featured_media":22917,"comment_status":"open","ping_status":"open","sticky":false,"template":"","format":"standard","meta":{"tdm_status":"","tdm_grid_status":"","footnotes":""},"categories":[38],"tags":[278,1715,1654],"class_list":{"0":"post-22916","1":"post","2":"type-post","3":"status-publish","4":"format-standard","5":"has-post-thumbnail","7":"category-noticias-locales","8":"tag-ahome","9":"tag-ayuntamiento-de-ahome","10":"tag-gerardo-vargas-landeros"},"yoast_head":"<!-- This site is optimized with the Yoast SEO plugin v27.5 - https:\/\/yoast.com\/product\/yoast-seo-wordpress\/ -->\n<title>Convocan a la juventud ahomense a participar en el primer Parlamento Estatal Juvenil Sinaloa 2022 - Fuentes Fidedignas<\/title>\n<meta name=\"robots\" content=\"index, follow, max-snippet:-1, max-image-preview:large, max-video-preview:-1\" \/>\n<link rel=\"canonical\" href=\"https:\/\/fuentesfidedignas.com.mx\/index.php\/2022\/01\/29\/convocan-a-la-juventud-ahomense-a-participar-en-el-primer-parlamento-estatal-juvenil-sinaloa-2022\/\" \/>\n<meta property=\"og:locale\" content=\"es_MX\" \/>\n<meta property=\"og:type\" content=\"article\" \/>\n<meta property=\"og:title\" content=\"Convocan a la juventud ahomense a participar en el primer Parlamento Estatal Juvenil Sinaloa 2022 - Fuentes Fidedignas\" \/>\n<meta property=\"og:description\" content=\"Gerardo Vargas Landeros y Diputados Locales, lanzaron la convocatoria que est\u00e1 vigente a partir de esta fecha y cierra el 8 de febrero. Los Mochis, Ahome, Sin., a 29 de enero de 2022.- Se convoca a los j\u00f3venes ahomenses de 12 a 29 a\u00f1os a participar en el Primer Parlamento Juvenil del Estado de Sinaloa [&hellip;]\" \/>\n<meta property=\"og:url\" content=\"https:\/\/fuentesfidedignas.com.mx\/index.php\/2022\/01\/29\/convocan-a-la-juventud-ahomense-a-participar-en-el-primer-parlamento-estatal-juvenil-sinaloa-2022\/\" \/>\n<meta property=\"og:site_name\" content=\"Fuentes Fidedignas\" \/>\n<meta property=\"article:publisher\" content=\"https:\/\/www.facebook.com\/Fuentes-Fidedignas-368234489921644\" \/>\n<meta property=\"article:published_time\" content=\"2022-01-29T23:06:58+00:00\" \/>\n<meta property=\"article:modified_time\" content=\"2022-01-29T23:07:00+00:00\" \/>\n<meta property=\"og:image\" content=\"https:\/\/fuentesfidedignas.com.mx\/wp-content\/uploads\/2022\/01\/WhatsApp-Image-2022-01-29-at-2.55.31-PM.jpeg\" \/>\n\t<meta property=\"og:image:width\" content=\"1280\" \/>\n\t<meta property=\"og:image:height\" content=\"872\" \/>\n\t<meta property=\"og:image:type\" content=\"image\/jpeg\" \/>\n<meta name=\"author\" content=\"Redacci\u00f3n\" \/>\n<meta name=\"twitter:card\" content=\"summary_large_image\" \/>\n<meta name=\"twitter:creator\" content=\"@fidedignas\" \/>\n<meta name=\"twitter:site\" content=\"@fidedignas\" \/>\n<meta name=\"twitter:label1\" content=\"Escrito por\" \/>\n\t<meta name=\"twitter:data1\" content=\"Redacci\u00f3n\" \/>\n\t<meta name=\"twitter:label2\" content=\"Tiempo de lectura\" \/>\n\t<meta name=\"twitter:data2\" content=\"3 minutos\" \/>\n<script type=\"application\/ld+json\" class=\"yoast-schema-graph\">{\"@context\":\"https:\\\/\\\/schema.org\",\"@graph\":[{\"@type\":\"Article\",\"@id\":\"https:\\\/\\\/fuentesfidedignas.com.mx\\\/index.php\\\/2022\\\/01\\\/29\\\/convocan-a-la-juventud-ahomense-a-participar-en-el-primer-parlamento-estatal-juvenil-sinaloa-2022\\\/#article\",\"isPartOf\":{\"@id\":\"https:\\\/\\\/fuentesfidedignas.com.mx\\\/index.php\\\/2022\\\/01\\\/29\\\/convocan-a-la-juventud-ahomense-a-participar-en-el-primer-parlamento-estatal-juvenil-sinaloa-2022\\\/\"},\"author\":{\"name\":\"Redacci\u00f3n\",\"@id\":\"https:\\\/\\\/fuentesfidedignas.com.mx\\\/#\\\/schema\\\/person\\\/331be9283d37198e2acd5750279085b0\"},\"headline\":\"Convocan a la juventud ahomense a participar en el primer Parlamento Estatal Juvenil Sinaloa 2022\",\"datePublished\":\"2022-01-29T23:06:58+00:00\",\"dateModified\":\"2022-01-29T23:07:00+00:00\",\"mainEntityOfPage\":{\"@id\":\"https:\\\/\\\/fuentesfidedignas.com.mx\\\/index.php\\\/2022\\\/01\\\/29\\\/convocan-a-la-juventud-ahomense-a-participar-en-el-primer-parlamento-estatal-juvenil-sinaloa-2022\\\/\"},\"wordCount\":644,\"commentCount\":0,\"publisher\":{\"@id\":\"https:\\\/\\\/fuentesfidedignas.com.mx\\\/#organization\"},\"image\":{\"@id\":\"https:\\\/\\\/fuentesfidedignas.com.mx\\\/index.php\\\/2022\\\/01\\\/29\\\/convocan-a-la-juventud-ahomense-a-participar-en-el-primer-parlamento-estatal-juvenil-sinaloa-2022\\\/#primaryimage\"},\"thumbnailUrl\":\"https:\\\/\\\/fuentesfidedignas.com.mx\\\/wp-content\\\/uploads\\\/2022\\\/01\\\/WhatsApp-Image-2022-01-29-at-2.55.31-PM.jpeg\",\"keywords\":[\"Ahome\",\"Ayuntamiento de Ahome\",\"Gerardo Vargas Landeros\"],\"articleSection\":[\"NOTICIAS LOCALES\"],\"inLanguage\":\"es\",\"potentialAction\":[{\"@type\":\"CommentAction\",\"name\":\"Comment\",\"target\":[\"https:\\\/\\\/fuentesfidedignas.com.mx\\\/index.php\\\/2022\\\/01\\\/29\\\/convocan-a-la-juventud-ahomense-a-participar-en-el-primer-parlamento-estatal-juvenil-sinaloa-2022\\\/#respond\"]}]},{\"@type\":\"WebPage\",\"@id\":\"https:\\\/\\\/fuentesfidedignas.com.mx\\\/index.php\\\/2022\\\/01\\\/29\\\/convocan-a-la-juventud-ahomense-a-participar-en-el-primer-parlamento-estatal-juvenil-sinaloa-2022\\\/\",\"url\":\"https:\\\/\\\/fuentesfidedignas.com.mx\\\/index.php\\\/2022\\\/01\\\/29\\\/convocan-a-la-juventud-ahomense-a-participar-en-el-primer-parlamento-estatal-juvenil-sinaloa-2022\\\/\",\"name\":\"Convocan a la juventud ahomense a participar en el primer Parlamento Estatal Juvenil Sinaloa 2022 - Fuentes Fidedignas\",\"isPartOf\":{\"@id\":\"https:\\\/\\\/fuentesfidedignas.com.mx\\\/#website\"},\"primaryImageOfPage\":{\"@id\":\"https:\\\/\\\/fuentesfidedignas.com.mx\\\/index.php\\\/2022\\\/01\\\/29\\\/convocan-a-la-juventud-ahomense-a-participar-en-el-primer-parlamento-estatal-juvenil-sinaloa-2022\\\/#primaryimage\"},\"image\":{\"@id\":\"https:\\\/\\\/fuentesfidedignas.com.mx\\\/index.php\\\/2022\\\/01\\\/29\\\/convocan-a-la-juventud-ahomense-a-participar-en-el-primer-parlamento-estatal-juvenil-sinaloa-2022\\\/#primaryimage\"},\"thumbnailUrl\":\"https:\\\/\\\/fuentesfidedignas.com.mx\\\/wp-content\\\/uploads\\\/2022\\\/01\\\/WhatsApp-Image-2022-01-29-at-2.55.31-PM.jpeg\",\"datePublished\":\"2022-01-29T23:06:58+00:00\",\"dateModified\":\"2022-01-29T23:07:00+00:00\",\"breadcrumb\":{\"@id\":\"https:\\\/\\\/fuentesfidedignas.com.mx\\\/index.php\\\/2022\\\/01\\\/29\\\/convocan-a-la-juventud-ahomense-a-participar-en-el-primer-parlamento-estatal-juvenil-sinaloa-2022\\\/#breadcrumb\"},\"inLanguage\":\"es\",\"potentialAction\":[{\"@type\":\"ReadAction\",\"target\":[\"https:\\\/\\\/fuentesfidedignas.com.mx\\\/index.php\\\/2022\\\/01\\\/29\\\/convocan-a-la-juventud-ahomense-a-participar-en-el-primer-parlamento-estatal-juvenil-sinaloa-2022\\\/\"]}]},{\"@type\":\"ImageObject\",\"inLanguage\":\"es\",\"@id\":\"https:\\\/\\\/fuentesfidedignas.com.mx\\\/index.php\\\/2022\\\/01\\\/29\\\/convocan-a-la-juventud-ahomense-a-participar-en-el-primer-parlamento-estatal-juvenil-sinaloa-2022\\\/#primaryimage\",\"url\":\"https:\\\/\\\/fuentesfidedignas.com.mx\\\/wp-content\\\/uploads\\\/2022\\\/01\\\/WhatsApp-Image-2022-01-29-at-2.55.31-PM.jpeg\",\"contentUrl\":\"https:\\\/\\\/fuentesfidedignas.com.mx\\\/wp-content\\\/uploads\\\/2022\\\/01\\\/WhatsApp-Image-2022-01-29-at-2.55.31-PM.jpeg\",\"width\":1280,\"height\":872},{\"@type\":\"BreadcrumbList\",\"@id\":\"https:\\\/\\\/fuentesfidedignas.com.mx\\\/index.php\\\/2022\\\/01\\\/29\\\/convocan-a-la-juventud-ahomense-a-participar-en-el-primer-parlamento-estatal-juvenil-sinaloa-2022\\\/#breadcrumb\",\"itemListElement\":[{\"@type\":\"ListItem\",\"position\":1,\"name\":\"Inicio\",\"item\":\"https:\\\/\\\/fuentesfidedignas.com.mx\\\/\"},{\"@type\":\"ListItem\",\"position\":2,\"name\":\"Convocan a la juventud ahomense a participar en el primer Parlamento Estatal Juvenil Sinaloa 2022\"}]},{\"@type\":\"WebSite\",\"@id\":\"https:\\\/\\\/fuentesfidedignas.com.mx\\\/#website\",\"url\":\"https:\\\/\\\/fuentesfidedignas.com.mx\\\/\",\"name\":\"Fuentes Fidedignas\",\"description\":\"Otro sitio realizado con WordPress\",\"publisher\":{\"@id\":\"https:\\\/\\\/fuentesfidedignas.com.mx\\\/#organization\"},\"potentialAction\":[{\"@type\":\"SearchAction\",\"target\":{\"@type\":\"EntryPoint\",\"urlTemplate\":\"https:\\\/\\\/fuentesfidedignas.com.mx\\\/?s={search_term_string}\"},\"query-input\":{\"@type\":\"PropertyValueSpecification\",\"valueRequired\":true,\"valueName\":\"search_term_string\"}}],\"inLanguage\":\"es\"},{\"@type\":\"Organization\",\"@id\":\"https:\\\/\\\/fuentesfidedignas.com.mx\\\/#organization\",\"name\":\"Fuentes Fidedignas\",\"url\":\"https:\\\/\\\/fuentesfidedignas.com.mx\\\/\",\"logo\":{\"@type\":\"ImageObject\",\"inLanguage\":\"es\",\"@id\":\"https:\\\/\\\/fuentesfidedignas.com.mx\\\/#\\\/schema\\\/logo\\\/image\\\/\",\"url\":\"https:\\\/\\\/fuentesfidedignas.com.mx\\\/wp-content\\\/uploads\\\/2021\\\/04\\\/logo-retina.png\",\"contentUrl\":\"https:\\\/\\\/fuentesfidedignas.com.mx\\\/wp-content\\\/uploads\\\/2021\\\/04\\\/logo-retina.png\",\"width\":280,\"height\":51,\"caption\":\"Fuentes Fidedignas\"},\"image\":{\"@id\":\"https:\\\/\\\/fuentesfidedignas.com.mx\\\/#\\\/schema\\\/logo\\\/image\\\/\"},\"sameAs\":[\"https:\\\/\\\/www.facebook.com\\\/Fuentes-Fidedignas-368234489921644\",\"https:\\\/\\\/x.com\\\/fidedignas\"]},{\"@type\":\"Person\",\"@id\":\"https:\\\/\\\/fuentesfidedignas.com.mx\\\/#\\\/schema\\\/person\\\/331be9283d37198e2acd5750279085b0\",\"name\":\"Redacci\u00f3n\",\"image\":{\"@type\":\"ImageObject\",\"inLanguage\":\"es\",\"@id\":\"https:\\\/\\\/secure.gravatar.com\\\/avatar\\\/f6d8782c11d12b2d4ad3fbb6931aeab5309937a4d6cd2fc9cfaa28a6396a5aec?s=96&d=mm&r=g\",\"url\":\"https:\\\/\\\/secure.gravatar.com\\\/avatar\\\/f6d8782c11d12b2d4ad3fbb6931aeab5309937a4d6cd2fc9cfaa28a6396a5aec?s=96&d=mm&r=g\",\"contentUrl\":\"https:\\\/\\\/secure.gravatar.com\\\/avatar\\\/f6d8782c11d12b2d4ad3fbb6931aeab5309937a4d6cd2fc9cfaa28a6396a5aec?s=96&d=mm&r=g\",\"caption\":\"Redacci\u00f3n\"},\"url\":\"https:\\\/\\\/fuentesfidedignas.com.mx\\\/index.php\\\/author\\\/redaccion\\\/\"}]}<\/script>\n<!-- \/ Yoast SEO plugin. -->","yoast_head_json":{"title":"Convocan a la juventud ahomense a participar en el primer Parlamento Estatal Juvenil Sinaloa 2022 - Fuentes Fidedignas","robots":{"index":"index","follow":"follow","max-snippet":"max-snippet:-1","max-image-preview":"max-image-preview:large","max-video-preview":"max-video-preview:-1"},"canonical":"https:\/\/fuentesfidedignas.com.mx\/index.php\/2022\/01\/29\/convocan-a-la-juventud-ahomense-a-participar-en-el-primer-parlamento-estatal-juvenil-sinaloa-2022\/","og_locale":"es_MX","og_type":"article","og_title":"Convocan a la juventud ahomense a participar en el primer Parlamento Estatal Juvenil Sinaloa 2022 - Fuentes Fidedignas","og_description":"Gerardo Vargas Landeros y Diputados Locales, lanzaron la convocatoria que est\u00e1 vigente a partir de esta fecha y cierra el 8 de febrero. Los Mochis, Ahome, Sin., a 29 de enero de 2022.- Se convoca a los j\u00f3venes ahomenses de 12 a 29 a\u00f1os a participar en el Primer Parlamento Juvenil del Estado de Sinaloa [&hellip;]","og_url":"https:\/\/fuentesfidedignas.com.mx\/index.php\/2022\/01\/29\/convocan-a-la-juventud-ahomense-a-participar-en-el-primer-parlamento-estatal-juvenil-sinaloa-2022\/","og_site_name":"Fuentes Fidedignas","article_publisher":"https:\/\/www.facebook.com\/Fuentes-Fidedignas-368234489921644","article_published_time":"2022-01-29T23:06:58+00:00","article_modified_time":"2022-01-29T23:07:00+00:00","og_image":[{"width":1280,"height":872,"url":"https:\/\/fuentesfidedignas.com.mx\/wp-content\/uploads\/2022\/01\/WhatsApp-Image-2022-01-29-at-2.55.31-PM.jpeg","type":"image\/jpeg"}],"author":"Redacci\u00f3n","twitter_card":"summary_large_image","twitter_creator":"@fidedignas","twitter_site":"@fidedignas","twitter_misc":{"Escrito por":"Redacci\u00f3n","Tiempo de lectura":"3 minutos"},"schema":{"@context":"https:\/\/schema.org","@graph":[{"@type":"Article","@id":"https:\/\/fuentesfidedignas.com.mx\/index.php\/2022\/01\/29\/convocan-a-la-juventud-ahomense-a-participar-en-el-primer-parlamento-estatal-juvenil-sinaloa-2022\/#article","isPartOf":{"@id":"https:\/\/fuentesfidedignas.com.mx\/index.php\/2022\/01\/29\/convocan-a-la-juventud-ahomense-a-participar-en-el-primer-parlamento-estatal-juvenil-sinaloa-2022\/"},"author":{"name":"Redacci\u00f3n","@id":"https:\/\/fuentesfidedignas.com.mx\/#\/schema\/person\/331be9283d37198e2acd5750279085b0"},"headline":"Convocan a la juventud ahomense a participar en el primer Parlamento Estatal Juvenil Sinaloa 2022","datePublished":"2022-01-29T23:06:58+00:00","dateModified":"2022-01-29T23:07:00+00:00","mainEntityOfPage":{"@id":"https:\/\/fuentesfidedignas.com.mx\/index.php\/2022\/01\/29\/convocan-a-la-juventud-ahomense-a-participar-en-el-primer-parlamento-estatal-juvenil-sinaloa-2022\/"},"wordCount":644,"commentCount":0,"publisher":{"@id":"https:\/\/fuentesfidedignas.com.mx\/#organization"},"image":{"@id":"https:\/\/fuentesfidedignas.com.mx\/index.php\/2022\/01\/29\/convocan-a-la-juventud-ahomense-a-participar-en-el-primer-parlamento-estatal-juvenil-sinaloa-2022\/#primaryimage"},"thumbnailUrl":"https:\/\/fuentesfidedignas.com.mx\/wp-content\/uploads\/2022\/01\/WhatsApp-Image-2022-01-29-at-2.55.31-PM.jpeg","keywords":["Ahome","Ayuntamiento de Ahome","Gerardo Vargas Landeros"],"articleSection":["NOTICIAS LOCALES"],"inLanguage":"es","potentialAction":[{"@type":"CommentAction","name":"Comment","target":["https:\/\/fuentesfidedignas.com.mx\/index.php\/2022\/01\/29\/convocan-a-la-juventud-ahomense-a-participar-en-el-primer-parlamento-estatal-juvenil-sinaloa-2022\/#respond"]}]},{"@type":"WebPage","@id":"https:\/\/fuentesfidedignas.com.mx\/index.php\/2022\/01\/29\/convocan-a-la-juventud-ahomense-a-participar-en-el-primer-parlamento-estatal-juvenil-sinaloa-2022\/","url":"https:\/\/fuentesfidedignas.com.mx\/index.php\/2022\/01\/29\/convocan-a-la-juventud-ahomense-a-participar-en-el-primer-parlamento-estatal-juvenil-sinaloa-2022\/","name":"Convocan a la juventud ahomense a participar en el primer Parlamento Estatal Juvenil Sinaloa 2022 - Fuentes Fidedignas","isPartOf":{"@id":"https:\/\/fuentesfidedignas.com.mx\/#website"},"primaryImageOfPage":{"@id":"https:\/\/fuentesfidedignas.com.mx\/index.php\/2022\/01\/29\/convocan-a-la-juventud-ahomense-a-participar-en-el-primer-parlamento-estatal-juvenil-sinaloa-2022\/#primaryimage"},"image":{"@id":"https:\/\/fuentesfidedignas.com.mx\/index.php\/2022\/01\/29\/convocan-a-la-juventud-ahomense-a-participar-en-el-primer-parlamento-estatal-juvenil-sinaloa-2022\/#primaryimage"},"thumbnailUrl":"https:\/\/fuentesfidedignas.com.mx\/wp-content\/uploads\/2022\/01\/WhatsApp-Image-2022-01-29-at-2.55.31-PM.jpeg","datePublished":"2022-01-29T23:06:58+00:00","dateModified":"2022-01-29T23:07:00+00:00","breadcrumb":{"@id":"https:\/\/fuentesfidedignas.com.mx\/index.php\/2022\/01\/29\/convocan-a-la-juventud-ahomense-a-participar-en-el-primer-parlamento-estatal-juvenil-sinaloa-2022\/#breadcrumb"},"inLanguage":"es","potentialAction":[{"@type":"ReadAction","target":["https:\/\/fuentesfidedignas.com.mx\/index.php\/2022\/01\/29\/convocan-a-la-juventud-ahomense-a-participar-en-el-primer-parlamento-estatal-juvenil-sinaloa-2022\/"]}]},{"@type":"ImageObject","inLanguage":"es","@id":"https:\/\/fuentesfidedignas.com.mx\/index.php\/2022\/01\/29\/convocan-a-la-juventud-ahomense-a-participar-en-el-primer-parlamento-estatal-juvenil-sinaloa-2022\/#primaryimage","url":"https:\/\/fuentesfidedignas.com.mx\/wp-content\/uploads\/2022\/01\/WhatsApp-Image-2022-01-29-at-2.55.31-PM.jpeg","contentUrl":"https:\/\/fuentesfidedignas.com.mx\/wp-content\/uploads\/2022\/01\/WhatsApp-Image-2022-01-29-at-2.55.31-PM.jpeg","width":1280,"height":872},{"@type":"BreadcrumbList","@id":"https:\/\/fuentesfidedignas.com.mx\/index.php\/2022\/01\/29\/convocan-a-la-juventud-ahomense-a-participar-en-el-primer-parlamento-estatal-juvenil-sinaloa-2022\/#breadcrumb","itemListElement":[{"@type":"ListItem","position":1,"name":"Inicio","item":"https:\/\/fuentesfidedignas.com.mx\/"},{"@type":"ListItem","position":2,"name":"Convocan a la juventud ahomense a participar en el primer Parlamento Estatal Juvenil Sinaloa 2022"}]},{"@type":"WebSite","@id":"https:\/\/fuentesfidedignas.com.mx\/#website","url":"https:\/\/fuentesfidedignas.com.mx\/","name":"Fuentes Fidedignas","description":"Otro sitio realizado con WordPress","publisher":{"@id":"https:\/\/fuentesfidedignas.com.mx\/#organization"},"potentialAction":[{"@type":"SearchAction","target":{"@type":"EntryPoint","urlTemplate":"https:\/\/fuentesfidedignas.com.mx\/?s={search_term_string}"},"query-input":{"@type":"PropertyValueSpecification","valueRequired":true,"valueName":"search_term_string"}}],"inLanguage":"es"},{"@type":"Organization","@id":"https:\/\/fuentesfidedignas.com.mx\/#organization","name":"Fuentes Fidedignas","url":"https:\/\/fuentesfidedignas.com.mx\/","logo":{"@type":"ImageObject","inLanguage":"es","@id":"https:\/\/fuentesfidedignas.com.mx\/#\/schema\/logo\/image\/","url":"https:\/\/fuentesfidedignas.com.mx\/wp-content\/uploads\/2021\/04\/logo-retina.png","contentUrl":"https:\/\/fuentesfidedignas.com.mx\/wp-content\/uploads\/2021\/04\/logo-retina.png","width":280,"height":51,"caption":"Fuentes Fidedignas"},"image":{"@id":"https:\/\/fuentesfidedignas.com.mx\/#\/schema\/logo\/image\/"},"sameAs":["https:\/\/www.facebook.com\/Fuentes-Fidedignas-368234489921644","https:\/\/x.com\/fidedignas"]},{"@type":"Person","@id":"https:\/\/fuentesfidedignas.com.mx\/#\/schema\/person\/331be9283d37198e2acd5750279085b0","name":"Redacci\u00f3n","image":{"@type":"ImageObject","inLanguage":"es","@id":"https:\/\/secure.gravatar.com\/avatar\/f6d8782c11d12b2d4ad3fbb6931aeab5309937a4d6cd2fc9cfaa28a6396a5aec?s=96&d=mm&r=g","url":"https:\/\/secure.gravatar.com\/avatar\/f6d8782c11d12b2d4ad3fbb6931aeab5309937a4d6cd2fc9cfaa28a6396a5aec?s=96&d=mm&r=g","contentUrl":"https:\/\/secure.gravatar.com\/avatar\/f6d8782c11d12b2d4ad3fbb6931aeab5309937a4d6cd2fc9cfaa28a6396a5aec?s=96&d=mm&r=g","caption":"Redacci\u00f3n"},"url":"https:\/\/fuentesfidedignas.com.mx\/index.php\/author\/redaccion\/"}]}},"_links":{"self":[{"href":"https:\/\/fuentesfidedignas.com.mx\/index.php\/wp-json\/wp\/v2\/posts\/22916","targetHints":{"allow":["GET"]}}],"collection":[{"href":"https:\/\/fuentesfidedignas.com.mx\/index.php\/wp-json\/wp\/v2\/posts"}],"about":[{"href":"https:\/\/fuentesfidedignas.com.mx\/index.php\/wp-json\/wp\/v2\/types\/post"}],"author":[{"embeddable":true,"href":"https:\/\/fuentesfidedignas.com.mx\/index.php\/wp-json\/wp\/v2\/users\/4"}],"replies":[{"embeddable":true,"href":"https:\/\/fuentesfidedignas.com.mx\/index.php\/wp-json\/wp\/v2\/comments?post=22916"}],"version-history":[{"count":1,"href":"https:\/\/fuentesfidedignas.com.mx\/index.php\/wp-json\/wp\/v2\/posts\/22916\/revisions"}],"predecessor-version":[{"id":22918,"href":"https:\/\/fuentesfidedignas.com.mx\/index.php\/wp-json\/wp\/v2\/posts\/22916\/revisions\/22918"}],"wp:featuredmedia":[{"embeddable":true,"href":"https:\/\/fuentesfidedignas.com.mx\/index.php\/wp-json\/wp\/v2\/media\/22917"}],"wp:attachment":[{"href":"https:\/\/fuentesfidedignas.com.mx\/index.php\/wp-json\/wp\/v2\/media?parent=22916"}],"wp:term":[{"taxonomy":"category","embeddable":true,"href":"https:\/\/fuentesfidedignas.com.mx\/index.php\/wp-json\/wp\/v2\/categories?post=22916"},{"taxonomy":"post_tag","embeddable":true,"href":"https:\/\/fuentesfidedignas.com.mx\/index.php\/wp-json\/wp\/v2\/tags?post=22916"}],"curies":[{"name":"wp","href":"https:\/\/api.w.org\/{rel}","templated":true}]}}