{"id":2291,"date":"2021-05-17T17:29:43","date_gmt":"2021-05-18T00:29:43","guid":{"rendered":"https:\/\/fuentesfidedignas.com.mx\/?p=2291"},"modified":"2021-05-17T18:39:17","modified_gmt":"2021-05-18T01:39:17","slug":"sorpresa-en-sonora-bours-deja-candidatura-de-movimiento-ciudadano-y-se-une-a-gandara","status":"publish","type":"post","link":"https:\/\/fuentesfidedignas.com.mx\/index.php\/2021\/05\/17\/sorpresa-en-sonora-bours-deja-candidatura-de-movimiento-ciudadano-y-se-une-a-gandara\/","title":{"rendered":"\u00a1Sorpresa en Sonora! Bours deja candidatura a Movimiento Ciudadano y se une a G\u00e1ndara"},"content":{"rendered":"\n<p><strong><em>Por otra parte, Movimiento Ciudadano se deslind\u00f3 de la decisi\u00f3n de Bours y se\u00f1al\u00f3 que seguir\u00e1n como partido en la contienda<\/em><\/strong><\/p>\n\n\n\n<p><br>Sonora.- Ricardo Bours, abanderado de Movimiento Ciudadano al Gobierno de Sonora, anunci\u00f3 este lunes que apoyar\u00e1 la candidatura del priista Ernesto G\u00e1ndara.<\/p>\n\n\n\n<p>En un comunicado explic\u00f3 que, aunque no declinar\u00e1, s\u00ed har\u00e1 un llamado a la unidad para que todos los sonorenses apoyen a G\u00e1ndara.<\/p>\n\n\n\n<p>Por otra parte, Movimiento Ciudadano se deslind\u00f3 de la decisi\u00f3n de Bours y se\u00f1al\u00f3 que seguir\u00e1n como partido en la contienda.<\/p>\n\n\n\n<p>La decisi\u00f3n de Ricardo Bours de apoyar la candidatura de otro candidato, es una decisi\u00f3n personal que no compartimos ni apoyamos.<\/p>\n\n\n\n<p>\u201cMovimiento Ciudadano seguir\u00e1 en la contienda como una se\u00f1al de respeto a las y los ciudadanos que han confiado en nosotros\u201d, indic\u00f3 el partido.<\/p>\n\n\n\n<p>\u201cEl d\u00eda de ma\u00f1ana, la dirigencia nacional de Movimiento Ciudadano dar\u00e1 una rueda de prensa en la ciudad de Hermosillo para informar a detalle sobre las personas que seguir\u00e1n dando la batalla por Sonora\u201d.<\/p>\n","protected":false},"excerpt":{"rendered":"<p>Por otra parte, Movimiento Ciudadano se deslind\u00f3 de la decisi\u00f3n de Bours y se\u00f1al\u00f3 que seguir\u00e1n como partido en la contienda Sonora.- Ricardo Bours, abanderado de Movimiento Ciudadano al Gobierno de Sonora, anunci\u00f3 este lunes que apoyar\u00e1 la candidatura del priista Ernesto G\u00e1ndara. En un comunicado explic\u00f3 que, aunque no declinar\u00e1, s\u00ed har\u00e1 un llamado [&hellip;]<\/p>\n","protected":false},"author":21,"featured_media":2292,"comment_status":"open","ping_status":"open","sticky":false,"template":"","format":"standard","meta":{"tdm_status":"","tdm_grid_status":"","footnotes":""},"categories":[39],"tags":[276,388],"class_list":{"0":"post-2291","1":"post","2":"type-post","3":"status-publish","4":"format-standard","5":"has-post-thumbnail","7":"category-noticias-nacionales","8":"tag-elecciones-2021","9":"tag-sonora"},"yoast_head":"<!-- This site is optimized with the Yoast SEO plugin v27.5 - https:\/\/yoast.com\/product\/yoast-seo-wordpress\/ -->\n<title>\u00a1Sorpresa en Sonora! Bours deja candidatura a Movimiento Ciudadano y se une a G\u00e1ndara - Fuentes Fidedignas<\/title>\n<meta name=\"robots\" content=\"index, follow, max-snippet:-1, max-image-preview:large, max-video-preview:-1\" \/>\n<link rel=\"canonical\" href=\"https:\/\/fuentesfidedignas.com.mx\/index.php\/2021\/05\/17\/sorpresa-en-sonora-bours-deja-candidatura-de-movimiento-ciudadano-y-se-une-a-gandara\/\" \/>\n<meta property=\"og:locale\" content=\"es_MX\" \/>\n<meta property=\"og:type\" content=\"article\" \/>\n<meta property=\"og:title\" content=\"\u00a1Sorpresa en Sonora! Bours deja candidatura a Movimiento Ciudadano y se une a G\u00e1ndara - Fuentes Fidedignas\" \/>\n<meta property=\"og:description\" content=\"Por otra parte, Movimiento Ciudadano se deslind\u00f3 de la decisi\u00f3n de Bours y se\u00f1al\u00f3 que seguir\u00e1n como partido en la contienda Sonora.- Ricardo Bours, abanderado de Movimiento Ciudadano al Gobierno de Sonora, anunci\u00f3 este lunes que apoyar\u00e1 la candidatura del priista Ernesto G\u00e1ndara. En un comunicado explic\u00f3 que, aunque no declinar\u00e1, s\u00ed har\u00e1 un llamado [&hellip;]\" \/>\n<meta property=\"og:url\" content=\"https:\/\/fuentesfidedignas.com.mx\/index.php\/2021\/05\/17\/sorpresa-en-sonora-bours-deja-candidatura-de-movimiento-ciudadano-y-se-une-a-gandara\/\" \/>\n<meta property=\"og:site_name\" content=\"Fuentes Fidedignas\" \/>\n<meta property=\"article:publisher\" content=\"https:\/\/www.facebook.com\/Fuentes-Fidedignas-368234489921644\" \/>\n<meta property=\"article:published_time\" content=\"2021-05-18T00:29:43+00:00\" \/>\n<meta property=\"article:modified_time\" content=\"2021-05-18T01:39:17+00:00\" \/>\n<meta property=\"og:image\" content=\"https:\/\/fuentesfidedignas.com.mx\/wp-content\/uploads\/2021\/05\/images-41.jpeg\" \/>\n\t<meta property=\"og:image:width\" content=\"706\" \/>\n\t<meta property=\"og:image:height\" content=\"435\" \/>\n\t<meta property=\"og:image:type\" content=\"image\/jpeg\" \/>\n<meta name=\"author\" content=\"El Financiero\" \/>\n<meta name=\"twitter:card\" content=\"summary_large_image\" \/>\n<meta name=\"twitter:creator\" content=\"@fidedignas\" \/>\n<meta name=\"twitter:site\" content=\"@fidedignas\" \/>\n<meta name=\"twitter:label1\" content=\"Escrito por\" \/>\n\t<meta name=\"twitter:data1\" content=\"El Financiero\" \/>\n\t<meta name=\"twitter:label2\" content=\"Tiempo de lectura\" \/>\n\t<meta name=\"twitter:data2\" content=\"1 minuto\" \/>\n<script type=\"application\/ld+json\" class=\"yoast-schema-graph\">{\"@context\":\"https:\\\/\\\/schema.org\",\"@graph\":[{\"@type\":\"Article\",\"@id\":\"https:\\\/\\\/fuentesfidedignas.com.mx\\\/index.php\\\/2021\\\/05\\\/17\\\/sorpresa-en-sonora-bours-deja-candidatura-de-movimiento-ciudadano-y-se-une-a-gandara\\\/#article\",\"isPartOf\":{\"@id\":\"https:\\\/\\\/fuentesfidedignas.com.mx\\\/index.php\\\/2021\\\/05\\\/17\\\/sorpresa-en-sonora-bours-deja-candidatura-de-movimiento-ciudadano-y-se-une-a-gandara\\\/\"},\"author\":{\"name\":\"El Financiero\",\"@id\":\"https:\\\/\\\/fuentesfidedignas.com.mx\\\/#\\\/schema\\\/person\\\/494f7e0dce8dfaaec5b64f16615b78e9\"},\"headline\":\"\u00a1Sorpresa en Sonora! Bours deja candidatura a Movimiento Ciudadano y se une a G\u00e1ndara\",\"datePublished\":\"2021-05-18T00:29:43+00:00\",\"dateModified\":\"2021-05-18T01:39:17+00:00\",\"mainEntityOfPage\":{\"@id\":\"https:\\\/\\\/fuentesfidedignas.com.mx\\\/index.php\\\/2021\\\/05\\\/17\\\/sorpresa-en-sonora-bours-deja-candidatura-de-movimiento-ciudadano-y-se-une-a-gandara\\\/\"},\"wordCount\":196,\"commentCount\":0,\"publisher\":{\"@id\":\"https:\\\/\\\/fuentesfidedignas.com.mx\\\/#organization\"},\"image\":{\"@id\":\"https:\\\/\\\/fuentesfidedignas.com.mx\\\/index.php\\\/2021\\\/05\\\/17\\\/sorpresa-en-sonora-bours-deja-candidatura-de-movimiento-ciudadano-y-se-une-a-gandara\\\/#primaryimage\"},\"thumbnailUrl\":\"https:\\\/\\\/fuentesfidedignas.com.mx\\\/wp-content\\\/uploads\\\/2021\\\/05\\\/images-41.jpeg\",\"keywords\":[\"Elecciones 2021\",\"Sonora\"],\"articleSection\":[\"NOTICIAS NACIONALES\"],\"inLanguage\":\"es\",\"potentialAction\":[{\"@type\":\"CommentAction\",\"name\":\"Comment\",\"target\":[\"https:\\\/\\\/fuentesfidedignas.com.mx\\\/index.php\\\/2021\\\/05\\\/17\\\/sorpresa-en-sonora-bours-deja-candidatura-de-movimiento-ciudadano-y-se-une-a-gandara\\\/#respond\"]}]},{\"@type\":\"WebPage\",\"@id\":\"https:\\\/\\\/fuentesfidedignas.com.mx\\\/index.php\\\/2021\\\/05\\\/17\\\/sorpresa-en-sonora-bours-deja-candidatura-de-movimiento-ciudadano-y-se-une-a-gandara\\\/\",\"url\":\"https:\\\/\\\/fuentesfidedignas.com.mx\\\/index.php\\\/2021\\\/05\\\/17\\\/sorpresa-en-sonora-bours-deja-candidatura-de-movimiento-ciudadano-y-se-une-a-gandara\\\/\",\"name\":\"\u00a1Sorpresa en Sonora! Bours deja candidatura a Movimiento Ciudadano y se une a G\u00e1ndara - Fuentes Fidedignas\",\"isPartOf\":{\"@id\":\"https:\\\/\\\/fuentesfidedignas.com.mx\\\/#website\"},\"primaryImageOfPage\":{\"@id\":\"https:\\\/\\\/fuentesfidedignas.com.mx\\\/index.php\\\/2021\\\/05\\\/17\\\/sorpresa-en-sonora-bours-deja-candidatura-de-movimiento-ciudadano-y-se-une-a-gandara\\\/#primaryimage\"},\"image\":{\"@id\":\"https:\\\/\\\/fuentesfidedignas.com.mx\\\/index.php\\\/2021\\\/05\\\/17\\\/sorpresa-en-sonora-bours-deja-candidatura-de-movimiento-ciudadano-y-se-une-a-gandara\\\/#primaryimage\"},\"thumbnailUrl\":\"https:\\\/\\\/fuentesfidedignas.com.mx\\\/wp-content\\\/uploads\\\/2021\\\/05\\\/images-41.jpeg\",\"datePublished\":\"2021-05-18T00:29:43+00:00\",\"dateModified\":\"2021-05-18T01:39:17+00:00\",\"breadcrumb\":{\"@id\":\"https:\\\/\\\/fuentesfidedignas.com.mx\\\/index.php\\\/2021\\\/05\\\/17\\\/sorpresa-en-sonora-bours-deja-candidatura-de-movimiento-ciudadano-y-se-une-a-gandara\\\/#breadcrumb\"},\"inLanguage\":\"es\",\"potentialAction\":[{\"@type\":\"ReadAction\",\"target\":[\"https:\\\/\\\/fuentesfidedignas.com.mx\\\/index.php\\\/2021\\\/05\\\/17\\\/sorpresa-en-sonora-bours-deja-candidatura-de-movimiento-ciudadano-y-se-une-a-gandara\\\/\"]}]},{\"@type\":\"ImageObject\",\"inLanguage\":\"es\",\"@id\":\"https:\\\/\\\/fuentesfidedignas.com.mx\\\/index.php\\\/2021\\\/05\\\/17\\\/sorpresa-en-sonora-bours-deja-candidatura-de-movimiento-ciudadano-y-se-une-a-gandara\\\/#primaryimage\",\"url\":\"https:\\\/\\\/fuentesfidedignas.com.mx\\\/wp-content\\\/uploads\\\/2021\\\/05\\\/images-41.jpeg\",\"contentUrl\":\"https:\\\/\\\/fuentesfidedignas.com.mx\\\/wp-content\\\/uploads\\\/2021\\\/05\\\/images-41.jpeg\",\"width\":706,\"height\":435},{\"@type\":\"BreadcrumbList\",\"@id\":\"https:\\\/\\\/fuentesfidedignas.com.mx\\\/index.php\\\/2021\\\/05\\\/17\\\/sorpresa-en-sonora-bours-deja-candidatura-de-movimiento-ciudadano-y-se-une-a-gandara\\\/#breadcrumb\",\"itemListElement\":[{\"@type\":\"ListItem\",\"position\":1,\"name\":\"Inicio\",\"item\":\"https:\\\/\\\/fuentesfidedignas.com.mx\\\/\"},{\"@type\":\"ListItem\",\"position\":2,\"name\":\"\u00a1Sorpresa en Sonora! Bours deja candidatura a Movimiento Ciudadano y se une a G\u00e1ndara\"}]},{\"@type\":\"WebSite\",\"@id\":\"https:\\\/\\\/fuentesfidedignas.com.mx\\\/#website\",\"url\":\"https:\\\/\\\/fuentesfidedignas.com.mx\\\/\",\"name\":\"Fuentes Fidedignas\",\"description\":\"Otro sitio realizado con WordPress\",\"publisher\":{\"@id\":\"https:\\\/\\\/fuentesfidedignas.com.mx\\\/#organization\"},\"potentialAction\":[{\"@type\":\"SearchAction\",\"target\":{\"@type\":\"EntryPoint\",\"urlTemplate\":\"https:\\\/\\\/fuentesfidedignas.com.mx\\\/?s={search_term_string}\"},\"query-input\":{\"@type\":\"PropertyValueSpecification\",\"valueRequired\":true,\"valueName\":\"search_term_string\"}}],\"inLanguage\":\"es\"},{\"@type\":\"Organization\",\"@id\":\"https:\\\/\\\/fuentesfidedignas.com.mx\\\/#organization\",\"name\":\"Fuentes Fidedignas\",\"url\":\"https:\\\/\\\/fuentesfidedignas.com.mx\\\/\",\"logo\":{\"@type\":\"ImageObject\",\"inLanguage\":\"es\",\"@id\":\"https:\\\/\\\/fuentesfidedignas.com.mx\\\/#\\\/schema\\\/logo\\\/image\\\/\",\"url\":\"https:\\\/\\\/fuentesfidedignas.com.mx\\\/wp-content\\\/uploads\\\/2021\\\/04\\\/logo-retina.png\",\"contentUrl\":\"https:\\\/\\\/fuentesfidedignas.com.mx\\\/wp-content\\\/uploads\\\/2021\\\/04\\\/logo-retina.png\",\"width\":280,\"height\":51,\"caption\":\"Fuentes Fidedignas\"},\"image\":{\"@id\":\"https:\\\/\\\/fuentesfidedignas.com.mx\\\/#\\\/schema\\\/logo\\\/image\\\/\"},\"sameAs\":[\"https:\\\/\\\/www.facebook.com\\\/Fuentes-Fidedignas-368234489921644\",\"https:\\\/\\\/x.com\\\/fidedignas\"]},{\"@type\":\"Person\",\"@id\":\"https:\\\/\\\/fuentesfidedignas.com.mx\\\/#\\\/schema\\\/person\\\/494f7e0dce8dfaaec5b64f16615b78e9\",\"name\":\"El Financiero\",\"image\":{\"@type\":\"ImageObject\",\"inLanguage\":\"es\",\"@id\":\"https:\\\/\\\/secure.gravatar.com\\\/avatar\\\/88c0f3f2079389318ef8dd35c22cb997212aa89646e357ba59b318db26ed91a9?s=96&d=mm&r=g\",\"url\":\"https:\\\/\\\/secure.gravatar.com\\\/avatar\\\/88c0f3f2079389318ef8dd35c22cb997212aa89646e357ba59b318db26ed91a9?s=96&d=mm&r=g\",\"contentUrl\":\"https:\\\/\\\/secure.gravatar.com\\\/avatar\\\/88c0f3f2079389318ef8dd35c22cb997212aa89646e357ba59b318db26ed91a9?s=96&d=mm&r=g\",\"caption\":\"El Financiero\"},\"url\":\"https:\\\/\\\/fuentesfidedignas.com.mx\\\/index.php\\\/author\\\/financiero\\\/\"}]}<\/script>\n<!-- \/ Yoast SEO plugin. -->","yoast_head_json":{"title":"\u00a1Sorpresa en Sonora! Bours deja candidatura a Movimiento Ciudadano y se une a G\u00e1ndara - Fuentes Fidedignas","robots":{"index":"index","follow":"follow","max-snippet":"max-snippet:-1","max-image-preview":"max-image-preview:large","max-video-preview":"max-video-preview:-1"},"canonical":"https:\/\/fuentesfidedignas.com.mx\/index.php\/2021\/05\/17\/sorpresa-en-sonora-bours-deja-candidatura-de-movimiento-ciudadano-y-se-une-a-gandara\/","og_locale":"es_MX","og_type":"article","og_title":"\u00a1Sorpresa en Sonora! Bours deja candidatura a Movimiento Ciudadano y se une a G\u00e1ndara - Fuentes Fidedignas","og_description":"Por otra parte, Movimiento Ciudadano se deslind\u00f3 de la decisi\u00f3n de Bours y se\u00f1al\u00f3 que seguir\u00e1n como partido en la contienda Sonora.- Ricardo Bours, abanderado de Movimiento Ciudadano al Gobierno de Sonora, anunci\u00f3 este lunes que apoyar\u00e1 la candidatura del priista Ernesto G\u00e1ndara. En un comunicado explic\u00f3 que, aunque no declinar\u00e1, s\u00ed har\u00e1 un llamado [&hellip;]","og_url":"https:\/\/fuentesfidedignas.com.mx\/index.php\/2021\/05\/17\/sorpresa-en-sonora-bours-deja-candidatura-de-movimiento-ciudadano-y-se-une-a-gandara\/","og_site_name":"Fuentes Fidedignas","article_publisher":"https:\/\/www.facebook.com\/Fuentes-Fidedignas-368234489921644","article_published_time":"2021-05-18T00:29:43+00:00","article_modified_time":"2021-05-18T01:39:17+00:00","og_image":[{"width":706,"height":435,"url":"https:\/\/fuentesfidedignas.com.mx\/wp-content\/uploads\/2021\/05\/images-41.jpeg","type":"image\/jpeg"}],"author":"El Financiero","twitter_card":"summary_large_image","twitter_creator":"@fidedignas","twitter_site":"@fidedignas","twitter_misc":{"Escrito por":"El Financiero","Tiempo de lectura":"1 minuto"},"schema":{"@context":"https:\/\/schema.org","@graph":[{"@type":"Article","@id":"https:\/\/fuentesfidedignas.com.mx\/index.php\/2021\/05\/17\/sorpresa-en-sonora-bours-deja-candidatura-de-movimiento-ciudadano-y-se-une-a-gandara\/#article","isPartOf":{"@id":"https:\/\/fuentesfidedignas.com.mx\/index.php\/2021\/05\/17\/sorpresa-en-sonora-bours-deja-candidatura-de-movimiento-ciudadano-y-se-une-a-gandara\/"},"author":{"name":"El Financiero","@id":"https:\/\/fuentesfidedignas.com.mx\/#\/schema\/person\/494f7e0dce8dfaaec5b64f16615b78e9"},"headline":"\u00a1Sorpresa en Sonora! Bours deja candidatura a Movimiento Ciudadano y se une a G\u00e1ndara","datePublished":"2021-05-18T00:29:43+00:00","dateModified":"2021-05-18T01:39:17+00:00","mainEntityOfPage":{"@id":"https:\/\/fuentesfidedignas.com.mx\/index.php\/2021\/05\/17\/sorpresa-en-sonora-bours-deja-candidatura-de-movimiento-ciudadano-y-se-une-a-gandara\/"},"wordCount":196,"commentCount":0,"publisher":{"@id":"https:\/\/fuentesfidedignas.com.mx\/#organization"},"image":{"@id":"https:\/\/fuentesfidedignas.com.mx\/index.php\/2021\/05\/17\/sorpresa-en-sonora-bours-deja-candidatura-de-movimiento-ciudadano-y-se-une-a-gandara\/#primaryimage"},"thumbnailUrl":"https:\/\/fuentesfidedignas.com.mx\/wp-content\/uploads\/2021\/05\/images-41.jpeg","keywords":["Elecciones 2021","Sonora"],"articleSection":["NOTICIAS NACIONALES"],"inLanguage":"es","potentialAction":[{"@type":"CommentAction","name":"Comment","target":["https:\/\/fuentesfidedignas.com.mx\/index.php\/2021\/05\/17\/sorpresa-en-sonora-bours-deja-candidatura-de-movimiento-ciudadano-y-se-une-a-gandara\/#respond"]}]},{"@type":"WebPage","@id":"https:\/\/fuentesfidedignas.com.mx\/index.php\/2021\/05\/17\/sorpresa-en-sonora-bours-deja-candidatura-de-movimiento-ciudadano-y-se-une-a-gandara\/","url":"https:\/\/fuentesfidedignas.com.mx\/index.php\/2021\/05\/17\/sorpresa-en-sonora-bours-deja-candidatura-de-movimiento-ciudadano-y-se-une-a-gandara\/","name":"\u00a1Sorpresa en Sonora! Bours deja candidatura a Movimiento Ciudadano y se une a G\u00e1ndara - Fuentes Fidedignas","isPartOf":{"@id":"https:\/\/fuentesfidedignas.com.mx\/#website"},"primaryImageOfPage":{"@id":"https:\/\/fuentesfidedignas.com.mx\/index.php\/2021\/05\/17\/sorpresa-en-sonora-bours-deja-candidatura-de-movimiento-ciudadano-y-se-une-a-gandara\/#primaryimage"},"image":{"@id":"https:\/\/fuentesfidedignas.com.mx\/index.php\/2021\/05\/17\/sorpresa-en-sonora-bours-deja-candidatura-de-movimiento-ciudadano-y-se-une-a-gandara\/#primaryimage"},"thumbnailUrl":"https:\/\/fuentesfidedignas.com.mx\/wp-content\/uploads\/2021\/05\/images-41.jpeg","datePublished":"2021-05-18T00:29:43+00:00","dateModified":"2021-05-18T01:39:17+00:00","breadcrumb":{"@id":"https:\/\/fuentesfidedignas.com.mx\/index.php\/2021\/05\/17\/sorpresa-en-sonora-bours-deja-candidatura-de-movimiento-ciudadano-y-se-une-a-gandara\/#breadcrumb"},"inLanguage":"es","potentialAction":[{"@type":"ReadAction","target":["https:\/\/fuentesfidedignas.com.mx\/index.php\/2021\/05\/17\/sorpresa-en-sonora-bours-deja-candidatura-de-movimiento-ciudadano-y-se-une-a-gandara\/"]}]},{"@type":"ImageObject","inLanguage":"es","@id":"https:\/\/fuentesfidedignas.com.mx\/index.php\/2021\/05\/17\/sorpresa-en-sonora-bours-deja-candidatura-de-movimiento-ciudadano-y-se-une-a-gandara\/#primaryimage","url":"https:\/\/fuentesfidedignas.com.mx\/wp-content\/uploads\/2021\/05\/images-41.jpeg","contentUrl":"https:\/\/fuentesfidedignas.com.mx\/wp-content\/uploads\/2021\/05\/images-41.jpeg","width":706,"height":435},{"@type":"BreadcrumbList","@id":"https:\/\/fuentesfidedignas.com.mx\/index.php\/2021\/05\/17\/sorpresa-en-sonora-bours-deja-candidatura-de-movimiento-ciudadano-y-se-une-a-gandara\/#breadcrumb","itemListElement":[{"@type":"ListItem","position":1,"name":"Inicio","item":"https:\/\/fuentesfidedignas.com.mx\/"},{"@type":"ListItem","position":2,"name":"\u00a1Sorpresa en Sonora! Bours deja candidatura a Movimiento Ciudadano y se une a G\u00e1ndara"}]},{"@type":"WebSite","@id":"https:\/\/fuentesfidedignas.com.mx\/#website","url":"https:\/\/fuentesfidedignas.com.mx\/","name":"Fuentes Fidedignas","description":"Otro sitio realizado con WordPress","publisher":{"@id":"https:\/\/fuentesfidedignas.com.mx\/#organization"},"potentialAction":[{"@type":"SearchAction","target":{"@type":"EntryPoint","urlTemplate":"https:\/\/fuentesfidedignas.com.mx\/?s={search_term_string}"},"query-input":{"@type":"PropertyValueSpecification","valueRequired":true,"valueName":"search_term_string"}}],"inLanguage":"es"},{"@type":"Organization","@id":"https:\/\/fuentesfidedignas.com.mx\/#organization","name":"Fuentes Fidedignas","url":"https:\/\/fuentesfidedignas.com.mx\/","logo":{"@type":"ImageObject","inLanguage":"es","@id":"https:\/\/fuentesfidedignas.com.mx\/#\/schema\/logo\/image\/","url":"https:\/\/fuentesfidedignas.com.mx\/wp-content\/uploads\/2021\/04\/logo-retina.png","contentUrl":"https:\/\/fuentesfidedignas.com.mx\/wp-content\/uploads\/2021\/04\/logo-retina.png","width":280,"height":51,"caption":"Fuentes Fidedignas"},"image":{"@id":"https:\/\/fuentesfidedignas.com.mx\/#\/schema\/logo\/image\/"},"sameAs":["https:\/\/www.facebook.com\/Fuentes-Fidedignas-368234489921644","https:\/\/x.com\/fidedignas"]},{"@type":"Person","@id":"https:\/\/fuentesfidedignas.com.mx\/#\/schema\/person\/494f7e0dce8dfaaec5b64f16615b78e9","name":"El Financiero","image":{"@type":"ImageObject","inLanguage":"es","@id":"https:\/\/secure.gravatar.com\/avatar\/88c0f3f2079389318ef8dd35c22cb997212aa89646e357ba59b318db26ed91a9?s=96&d=mm&r=g","url":"https:\/\/secure.gravatar.com\/avatar\/88c0f3f2079389318ef8dd35c22cb997212aa89646e357ba59b318db26ed91a9?s=96&d=mm&r=g","contentUrl":"https:\/\/secure.gravatar.com\/avatar\/88c0f3f2079389318ef8dd35c22cb997212aa89646e357ba59b318db26ed91a9?s=96&d=mm&r=g","caption":"El Financiero"},"url":"https:\/\/fuentesfidedignas.com.mx\/index.php\/author\/financiero\/"}]}},"_links":{"self":[{"href":"https:\/\/fuentesfidedignas.com.mx\/index.php\/wp-json\/wp\/v2\/posts\/2291","targetHints":{"allow":["GET"]}}],"collection":[{"href":"https:\/\/fuentesfidedignas.com.mx\/index.php\/wp-json\/wp\/v2\/posts"}],"about":[{"href":"https:\/\/fuentesfidedignas.com.mx\/index.php\/wp-json\/wp\/v2\/types\/post"}],"author":[{"embeddable":true,"href":"https:\/\/fuentesfidedignas.com.mx\/index.php\/wp-json\/wp\/v2\/users\/21"}],"replies":[{"embeddable":true,"href":"https:\/\/fuentesfidedignas.com.mx\/index.php\/wp-json\/wp\/v2\/comments?post=2291"}],"version-history":[{"count":2,"href":"https:\/\/fuentesfidedignas.com.mx\/index.php\/wp-json\/wp\/v2\/posts\/2291\/revisions"}],"predecessor-version":[{"id":2297,"href":"https:\/\/fuentesfidedignas.com.mx\/index.php\/wp-json\/wp\/v2\/posts\/2291\/revisions\/2297"}],"wp:featuredmedia":[{"embeddable":true,"href":"https:\/\/fuentesfidedignas.com.mx\/index.php\/wp-json\/wp\/v2\/media\/2292"}],"wp:attachment":[{"href":"https:\/\/fuentesfidedignas.com.mx\/index.php\/wp-json\/wp\/v2\/media?parent=2291"}],"wp:term":[{"taxonomy":"category","embeddable":true,"href":"https:\/\/fuentesfidedignas.com.mx\/index.php\/wp-json\/wp\/v2\/categories?post=2291"},{"taxonomy":"post_tag","embeddable":true,"href":"https:\/\/fuentesfidedignas.com.mx\/index.php\/wp-json\/wp\/v2\/tags?post=2291"}],"curies":[{"name":"wp","href":"https:\/\/api.w.org\/{rel}","templated":true}]}}