{"id":22895,"date":"2022-01-29T11:03:56","date_gmt":"2022-01-29T18:03:56","guid":{"rendered":"https:\/\/fuentesfidedignas.com.mx\/?p=22895"},"modified":"2022-01-29T11:04:46","modified_gmt":"2022-01-29T18:04:46","slug":"mi-nombramiento-como-embajador-en-espana-no-es-tema-de-partidos-ni-colores-quirino-ordaz","status":"publish","type":"post","link":"https:\/\/fuentesfidedignas.com.mx\/index.php\/2022\/01\/29\/mi-nombramiento-como-embajador-en-espana-no-es-tema-de-partidos-ni-colores-quirino-ordaz\/","title":{"rendered":"Mi nombramiento como embajador en Espa\u00f1a \u201cno es tema de partidos ni colores\u201d: Quirino Ordaz"},"content":{"rendered":"\n<p><strong><em>Se\u00f1al\u00f3 que en caso de que sea expulsado del PRI como militante por aceptar el cargo diplom\u00e1tico, ser\u00e1 algo que respetar\u00e1<\/em><\/strong><\/p>\n\n\n\n<p>Ciudad de M\u00e9xico.- Quirino Ordaz, exgobernador de Sinaloa y quien ya recibi\u00f3 el benepl\u00e1cito del Gobierno de Espa\u00f1a para ser el pr\u00f3ximo embajador de M\u00e9xico en aquel pa\u00eds, asegur\u00f3 que su nombramiento \u201cno es un tema de partidos ni colores\u201d sino un reconocimiento a los sinaloenses y una distinci\u00f3n personal que \u201clo honra\u201d.<\/p>\n\n\n\n<p>En entrevista con el informativo local Los Noticieristas, conducido por Luis Alberto D\u00edaz, Ordaz Coppel asegur\u00f3 que siempre tendr\u00e1 motivos de gratitud y reconocimiento con el Partido Revolucionario Institucional (PRI) por las oportunidades que le brind\u00f3 y en caso de que sea expulsado de sus filas como militante por aceptar el cargo diplom\u00e1tico, lo respetar\u00e1.<\/p>\n\n\n\n<p>\u201cEn el caso del Partido Revolucionario Institucional yo siempre estar\u00e9 reconocido y agradecido por la oportunidad que a m\u00ed se me dio\u201d, asegur\u00f3.<\/p>\n\n\n\n<p>\u201c(\u2026) Esto no es un tema de partidos, esto no es un tema de colores, pero creo que es una distinci\u00f3n personal y como tal lo asumo\u201d, destac\u00f3.<\/p>\n\n\n\n<p>Respecto a su ratificaci\u00f3n como embajador, Quirino Ordaz dijo que \u201ces un reconocimiento a los sinaloenses que un exgobernador vaya a representar a la Naci\u00f3n, es un honor, es una distinci\u00f3n que a m\u00ed me honra mucho y estar\u00e9 y estoy atento a la siguiente etapa\u201d (su ratificaci\u00f3n en el Senado de la Rep\u00fablica).<\/p>\n\n\n\n<p>El exgobernador sinaloense dijo que fue a trav\u00e9s de un mensaje de la Canciller\u00eda mexicana, como recibi\u00f3 el documento oficial del Reino de Espa\u00f1a en donde se da su benepl\u00e1cito para convertirse en embajador.<\/p>\n\n\n\n<p>Reconoci\u00f3 que fueron meses de muchos cuestionamientos sobre su postulaci\u00f3n, los cuales -dijo- no le causaron sobresaltos.<\/p>\n\n\n\n<p>El viernes 28 de enero, el canciller Marcelo Ebrard, inform\u00f3 que Espa\u00f1a hab\u00eda dado su benepl\u00e1cito al Gobierno mexicano para que Quirino Ordaz, fuera el nuevo embajador de nuestro pa\u00eds en el pa\u00eds europeo.<\/p>\n\n\n\n<p>A trav\u00e9s de su cuenta de Twitter, Ebrard Casaub\u00f3n mostr\u00f3 una fotograf\u00eda de la carta del Ministerio de Asuntos Exteriores, Uni\u00f3n Europea y Cooperaci\u00f3n, del Gobierno espa\u00f1ol.<\/p>\n\n\n\n<p>\u201cLes comparto, por instrucciones del Presidente L\u00f3pez Obrador, el benepl\u00e1cito otorgado a Quirino Ordaz como Embajador de nuestro pa\u00eds ante el Reino de Espa\u00f1a. Procedo a turnarlo a la Secretar\u00eda de Gobernaci\u00f3n para los efectos de ley\u201d, escribi\u00f3 Marcelo Ebrard.<\/p>\n\n\n\n<p>Cabe recordar que en octubre de 2021, el presidente Andr\u00e9s Manuel L\u00f3pez Obrador (AMLO) invit\u00f3 al exgobernador priista a representar a M\u00e9xico en Espa\u00f1a, lo cual gener\u00f3 una fuerte pol\u00e9mica, dentro y fuera del partido tricolor. El anuncio se dio tras la renuncia de Mar\u00eda Carmen O\u00f1ate Mu\u00f1oz al frente de la representaci\u00f3n diplom\u00e1tica mexicana en Madrid.<\/p>\n\n\n\n<p>El pasado 31 de octubre, el Consejo Pol\u00edtico Nacional (CPN) del Partido Revolucionario Institucional rechaz\u00f3 la solicitud de permiso de Ordaz Coppel, para convertirse en embajador de M\u00e9xico en Espa\u00f1a.<\/p>\n\n\n\n<p>El presidente del PRI, Alejandro Moreno asegur\u00f3 que Ordaz Coppel no podr\u00eda ejercer el cargo al que fue invitado por el jefe del Ejecutivo federal, y enfatiz\u00f3 que no se permitir\u00eda dividir a la alianza \u201cVa por M\u00e9xico\u201d o a su instituto pol\u00edtico.<\/p>\n\n\n\n<p>Pero en opini\u00f3n del polit\u00f3logo de la Universidad Nacional Aut\u00f3noma de M\u00e9xico (UNAM), Mario Alberto Huaracha, consider\u00f3 que Quirino Ordaz Coppel podr\u00eda renunciar al PRI \u201csin problema\u201d para poder convertirse en representante diplom\u00e1tico del gobierno de Andr\u00e9s Manuel L\u00f3pez Obrador.<\/p>\n\n\n\n<p>En entrevista con Infobae M\u00e9xico, el Doctor en Ciencias Pol\u00edticas dijo que las invitaciones a ciertos pol\u00edticos de oposici\u00f3n son una especie de \u201crecompensa\u201d tras los resultados electorales del pasado 6 de junio, y en el caso de Quirino Ordaz se trata de un \u201cpol\u00edtico pragm\u00e1tico\u201d que aunque milita en un partido, no significa que el partido lo haya \u201checho\u201d.<\/p>\n\n\n\n<p>En opini\u00f3n del especialista de la UNAM, las invitaciones del presidente Andr\u00e9s Manuel L\u00f3pez Obrador a pol\u00edticos de la oposici\u00f3n como Quirino Ordaz (PRI), Antonio Echevarr\u00eda (exgobernador de Nayarit por el Partido Acci\u00f3n Nacional, PAN), H\u00e9ctor Astudillo (exgobernador de Guerrero por el PRI ; son una especie de \u201cpago\u201d luego de que en esos tres estados (Sinaloa, Nayarit y Guerrero) gan\u00f3 el Movimiento de Regeneraci\u00f3n Nacional (Morena, partido del presidente), en las pasadas elecciones.<\/p>\n\n\n\n<p>La \u00faltima invitaci\u00f3n a un gobernador de oposici\u00f3n por parte del jefe del Ejecutivo federal, fue al mandatario estatal de Quintana Roo, Carlos Joaqu\u00edn Gonz\u00e1lez.<\/p>\n","protected":false},"excerpt":{"rendered":"<p>Se\u00f1al\u00f3 que en caso de que sea expulsado del PRI como militante por aceptar el cargo diplom\u00e1tico, ser\u00e1 algo que respetar\u00e1 Ciudad de M\u00e9xico.- Quirino Ordaz, exgobernador de Sinaloa y quien ya recibi\u00f3 el benepl\u00e1cito del Gobierno de Espa\u00f1a para ser el pr\u00f3ximo embajador de M\u00e9xico en aquel pa\u00eds, asegur\u00f3 que su nombramiento \u201cno es [&hellip;]<\/p>\n","protected":false},"author":41,"featured_media":22896,"comment_status":"open","ping_status":"open","sticky":false,"template":"","format":"standard","meta":{"tdm_status":"","tdm_grid_status":"","footnotes":""},"categories":[37],"tags":[],"class_list":{"0":"post-22895","1":"post","2":"type-post","3":"status-publish","4":"format-standard","5":"has-post-thumbnail","7":"category-nota-principal"},"yoast_head":"<!-- This site is optimized with the Yoast SEO plugin v27.5 - https:\/\/yoast.com\/product\/yoast-seo-wordpress\/ -->\n<title>Mi nombramiento como embajador en Espa\u00f1a \u201cno es tema de partidos ni colores\u201d: Quirino Ordaz - Fuentes Fidedignas<\/title>\n<meta name=\"robots\" content=\"index, follow, max-snippet:-1, max-image-preview:large, max-video-preview:-1\" \/>\n<link rel=\"canonical\" href=\"https:\/\/fuentesfidedignas.com.mx\/index.php\/2022\/01\/29\/mi-nombramiento-como-embajador-en-espana-no-es-tema-de-partidos-ni-colores-quirino-ordaz\/\" \/>\n<meta property=\"og:locale\" content=\"es_MX\" \/>\n<meta property=\"og:type\" content=\"article\" \/>\n<meta property=\"og:title\" content=\"Mi nombramiento como embajador en Espa\u00f1a \u201cno es tema de partidos ni colores\u201d: Quirino Ordaz - Fuentes Fidedignas\" \/>\n<meta property=\"og:description\" content=\"Se\u00f1al\u00f3 que en caso de que sea expulsado del PRI como militante por aceptar el cargo diplom\u00e1tico, ser\u00e1 algo que respetar\u00e1 Ciudad de M\u00e9xico.- Quirino Ordaz, exgobernador de Sinaloa y quien ya recibi\u00f3 el benepl\u00e1cito del Gobierno de Espa\u00f1a para ser el pr\u00f3ximo embajador de M\u00e9xico en aquel pa\u00eds, asegur\u00f3 que su nombramiento \u201cno es [&hellip;]\" \/>\n<meta property=\"og:url\" content=\"https:\/\/fuentesfidedignas.com.mx\/index.php\/2022\/01\/29\/mi-nombramiento-como-embajador-en-espana-no-es-tema-de-partidos-ni-colores-quirino-ordaz\/\" \/>\n<meta property=\"og:site_name\" content=\"Fuentes Fidedignas\" \/>\n<meta property=\"article:publisher\" content=\"https:\/\/www.facebook.com\/Fuentes-Fidedignas-368234489921644\" \/>\n<meta property=\"article:published_time\" content=\"2022-01-29T18:03:56+00:00\" \/>\n<meta property=\"article:modified_time\" content=\"2022-01-29T18:04:46+00:00\" \/>\n<meta property=\"og:image\" content=\"https:\/\/fuentesfidedignas.com.mx\/wp-content\/uploads\/2022\/01\/QUIRINO_ORDAZ.jpg\" \/>\n\t<meta property=\"og:image:width\" content=\"941\" \/>\n\t<meta property=\"og:image:height\" content=\"628\" \/>\n\t<meta property=\"og:image:type\" content=\"image\/jpeg\" \/>\n<meta name=\"author\" content=\"Infobae\" \/>\n<meta name=\"twitter:card\" content=\"summary_large_image\" \/>\n<meta name=\"twitter:creator\" content=\"@fidedignas\" \/>\n<meta name=\"twitter:site\" content=\"@fidedignas\" \/>\n<meta name=\"twitter:label1\" content=\"Escrito por\" \/>\n\t<meta name=\"twitter:data1\" content=\"Infobae\" \/>\n\t<meta name=\"twitter:label2\" content=\"Tiempo de lectura\" \/>\n\t<meta name=\"twitter:data2\" content=\"4 minutos\" \/>\n<script type=\"application\/ld+json\" class=\"yoast-schema-graph\">{\"@context\":\"https:\\\/\\\/schema.org\",\"@graph\":[{\"@type\":\"Article\",\"@id\":\"https:\\\/\\\/fuentesfidedignas.com.mx\\\/index.php\\\/2022\\\/01\\\/29\\\/mi-nombramiento-como-embajador-en-espana-no-es-tema-de-partidos-ni-colores-quirino-ordaz\\\/#article\",\"isPartOf\":{\"@id\":\"https:\\\/\\\/fuentesfidedignas.com.mx\\\/index.php\\\/2022\\\/01\\\/29\\\/mi-nombramiento-como-embajador-en-espana-no-es-tema-de-partidos-ni-colores-quirino-ordaz\\\/\"},\"author\":{\"name\":\"Infobae\",\"@id\":\"https:\\\/\\\/fuentesfidedignas.com.mx\\\/#\\\/schema\\\/person\\\/8575896a7c1067d352f6c1cd6582c389\"},\"headline\":\"Mi nombramiento como embajador en Espa\u00f1a \u201cno es tema de partidos ni colores\u201d: Quirino Ordaz\",\"datePublished\":\"2022-01-29T18:03:56+00:00\",\"dateModified\":\"2022-01-29T18:04:46+00:00\",\"mainEntityOfPage\":{\"@id\":\"https:\\\/\\\/fuentesfidedignas.com.mx\\\/index.php\\\/2022\\\/01\\\/29\\\/mi-nombramiento-como-embajador-en-espana-no-es-tema-de-partidos-ni-colores-quirino-ordaz\\\/\"},\"wordCount\":809,\"commentCount\":0,\"publisher\":{\"@id\":\"https:\\\/\\\/fuentesfidedignas.com.mx\\\/#organization\"},\"image\":{\"@id\":\"https:\\\/\\\/fuentesfidedignas.com.mx\\\/index.php\\\/2022\\\/01\\\/29\\\/mi-nombramiento-como-embajador-en-espana-no-es-tema-de-partidos-ni-colores-quirino-ordaz\\\/#primaryimage\"},\"thumbnailUrl\":\"https:\\\/\\\/fuentesfidedignas.com.mx\\\/wp-content\\\/uploads\\\/2022\\\/01\\\/QUIRINO_ORDAZ.jpg\",\"articleSection\":[\"NOTA PRINCIPAL\"],\"inLanguage\":\"es\",\"potentialAction\":[{\"@type\":\"CommentAction\",\"name\":\"Comment\",\"target\":[\"https:\\\/\\\/fuentesfidedignas.com.mx\\\/index.php\\\/2022\\\/01\\\/29\\\/mi-nombramiento-como-embajador-en-espana-no-es-tema-de-partidos-ni-colores-quirino-ordaz\\\/#respond\"]}]},{\"@type\":\"WebPage\",\"@id\":\"https:\\\/\\\/fuentesfidedignas.com.mx\\\/index.php\\\/2022\\\/01\\\/29\\\/mi-nombramiento-como-embajador-en-espana-no-es-tema-de-partidos-ni-colores-quirino-ordaz\\\/\",\"url\":\"https:\\\/\\\/fuentesfidedignas.com.mx\\\/index.php\\\/2022\\\/01\\\/29\\\/mi-nombramiento-como-embajador-en-espana-no-es-tema-de-partidos-ni-colores-quirino-ordaz\\\/\",\"name\":\"Mi nombramiento como embajador en Espa\u00f1a \u201cno es tema de partidos ni colores\u201d: Quirino Ordaz - Fuentes Fidedignas\",\"isPartOf\":{\"@id\":\"https:\\\/\\\/fuentesfidedignas.com.mx\\\/#website\"},\"primaryImageOfPage\":{\"@id\":\"https:\\\/\\\/fuentesfidedignas.com.mx\\\/index.php\\\/2022\\\/01\\\/29\\\/mi-nombramiento-como-embajador-en-espana-no-es-tema-de-partidos-ni-colores-quirino-ordaz\\\/#primaryimage\"},\"image\":{\"@id\":\"https:\\\/\\\/fuentesfidedignas.com.mx\\\/index.php\\\/2022\\\/01\\\/29\\\/mi-nombramiento-como-embajador-en-espana-no-es-tema-de-partidos-ni-colores-quirino-ordaz\\\/#primaryimage\"},\"thumbnailUrl\":\"https:\\\/\\\/fuentesfidedignas.com.mx\\\/wp-content\\\/uploads\\\/2022\\\/01\\\/QUIRINO_ORDAZ.jpg\",\"datePublished\":\"2022-01-29T18:03:56+00:00\",\"dateModified\":\"2022-01-29T18:04:46+00:00\",\"breadcrumb\":{\"@id\":\"https:\\\/\\\/fuentesfidedignas.com.mx\\\/index.php\\\/2022\\\/01\\\/29\\\/mi-nombramiento-como-embajador-en-espana-no-es-tema-de-partidos-ni-colores-quirino-ordaz\\\/#breadcrumb\"},\"inLanguage\":\"es\",\"potentialAction\":[{\"@type\":\"ReadAction\",\"target\":[\"https:\\\/\\\/fuentesfidedignas.com.mx\\\/index.php\\\/2022\\\/01\\\/29\\\/mi-nombramiento-como-embajador-en-espana-no-es-tema-de-partidos-ni-colores-quirino-ordaz\\\/\"]}]},{\"@type\":\"ImageObject\",\"inLanguage\":\"es\",\"@id\":\"https:\\\/\\\/fuentesfidedignas.com.mx\\\/index.php\\\/2022\\\/01\\\/29\\\/mi-nombramiento-como-embajador-en-espana-no-es-tema-de-partidos-ni-colores-quirino-ordaz\\\/#primaryimage\",\"url\":\"https:\\\/\\\/fuentesfidedignas.com.mx\\\/wp-content\\\/uploads\\\/2022\\\/01\\\/QUIRINO_ORDAZ.jpg\",\"contentUrl\":\"https:\\\/\\\/fuentesfidedignas.com.mx\\\/wp-content\\\/uploads\\\/2022\\\/01\\\/QUIRINO_ORDAZ.jpg\",\"width\":941,\"height\":628},{\"@type\":\"BreadcrumbList\",\"@id\":\"https:\\\/\\\/fuentesfidedignas.com.mx\\\/index.php\\\/2022\\\/01\\\/29\\\/mi-nombramiento-como-embajador-en-espana-no-es-tema-de-partidos-ni-colores-quirino-ordaz\\\/#breadcrumb\",\"itemListElement\":[{\"@type\":\"ListItem\",\"position\":1,\"name\":\"Inicio\",\"item\":\"https:\\\/\\\/fuentesfidedignas.com.mx\\\/\"},{\"@type\":\"ListItem\",\"position\":2,\"name\":\"Mi nombramiento como embajador en Espa\u00f1a \u201cno es tema de partidos ni colores\u201d: Quirino Ordaz\"}]},{\"@type\":\"WebSite\",\"@id\":\"https:\\\/\\\/fuentesfidedignas.com.mx\\\/#website\",\"url\":\"https:\\\/\\\/fuentesfidedignas.com.mx\\\/\",\"name\":\"Fuentes Fidedignas\",\"description\":\"Otro sitio realizado con WordPress\",\"publisher\":{\"@id\":\"https:\\\/\\\/fuentesfidedignas.com.mx\\\/#organization\"},\"potentialAction\":[{\"@type\":\"SearchAction\",\"target\":{\"@type\":\"EntryPoint\",\"urlTemplate\":\"https:\\\/\\\/fuentesfidedignas.com.mx\\\/?s={search_term_string}\"},\"query-input\":{\"@type\":\"PropertyValueSpecification\",\"valueRequired\":true,\"valueName\":\"search_term_string\"}}],\"inLanguage\":\"es\"},{\"@type\":\"Organization\",\"@id\":\"https:\\\/\\\/fuentesfidedignas.com.mx\\\/#organization\",\"name\":\"Fuentes Fidedignas\",\"url\":\"https:\\\/\\\/fuentesfidedignas.com.mx\\\/\",\"logo\":{\"@type\":\"ImageObject\",\"inLanguage\":\"es\",\"@id\":\"https:\\\/\\\/fuentesfidedignas.com.mx\\\/#\\\/schema\\\/logo\\\/image\\\/\",\"url\":\"https:\\\/\\\/fuentesfidedignas.com.mx\\\/wp-content\\\/uploads\\\/2021\\\/04\\\/logo-retina.png\",\"contentUrl\":\"https:\\\/\\\/fuentesfidedignas.com.mx\\\/wp-content\\\/uploads\\\/2021\\\/04\\\/logo-retina.png\",\"width\":280,\"height\":51,\"caption\":\"Fuentes Fidedignas\"},\"image\":{\"@id\":\"https:\\\/\\\/fuentesfidedignas.com.mx\\\/#\\\/schema\\\/logo\\\/image\\\/\"},\"sameAs\":[\"https:\\\/\\\/www.facebook.com\\\/Fuentes-Fidedignas-368234489921644\",\"https:\\\/\\\/x.com\\\/fidedignas\"]},{\"@type\":\"Person\",\"@id\":\"https:\\\/\\\/fuentesfidedignas.com.mx\\\/#\\\/schema\\\/person\\\/8575896a7c1067d352f6c1cd6582c389\",\"name\":\"Infobae\",\"image\":{\"@type\":\"ImageObject\",\"inLanguage\":\"es\",\"@id\":\"https:\\\/\\\/secure.gravatar.com\\\/avatar\\\/e4ec95706f8d1670343f6526fdcec45474bab17475a851434a64ca12b5acba1c?s=96&d=mm&r=g\",\"url\":\"https:\\\/\\\/secure.gravatar.com\\\/avatar\\\/e4ec95706f8d1670343f6526fdcec45474bab17475a851434a64ca12b5acba1c?s=96&d=mm&r=g\",\"contentUrl\":\"https:\\\/\\\/secure.gravatar.com\\\/avatar\\\/e4ec95706f8d1670343f6526fdcec45474bab17475a851434a64ca12b5acba1c?s=96&d=mm&r=g\",\"caption\":\"Infobae\"},\"url\":\"https:\\\/\\\/fuentesfidedignas.com.mx\\\/index.php\\\/author\\\/infobae\\\/\"}]}<\/script>\n<!-- \/ Yoast SEO plugin. -->","yoast_head_json":{"title":"Mi nombramiento como embajador en Espa\u00f1a \u201cno es tema de partidos ni colores\u201d: Quirino Ordaz - Fuentes Fidedignas","robots":{"index":"index","follow":"follow","max-snippet":"max-snippet:-1","max-image-preview":"max-image-preview:large","max-video-preview":"max-video-preview:-1"},"canonical":"https:\/\/fuentesfidedignas.com.mx\/index.php\/2022\/01\/29\/mi-nombramiento-como-embajador-en-espana-no-es-tema-de-partidos-ni-colores-quirino-ordaz\/","og_locale":"es_MX","og_type":"article","og_title":"Mi nombramiento como embajador en Espa\u00f1a \u201cno es tema de partidos ni colores\u201d: Quirino Ordaz - Fuentes Fidedignas","og_description":"Se\u00f1al\u00f3 que en caso de que sea expulsado del PRI como militante por aceptar el cargo diplom\u00e1tico, ser\u00e1 algo que respetar\u00e1 Ciudad de M\u00e9xico.- Quirino Ordaz, exgobernador de Sinaloa y quien ya recibi\u00f3 el benepl\u00e1cito del Gobierno de Espa\u00f1a para ser el pr\u00f3ximo embajador de M\u00e9xico en aquel pa\u00eds, asegur\u00f3 que su nombramiento \u201cno es [&hellip;]","og_url":"https:\/\/fuentesfidedignas.com.mx\/index.php\/2022\/01\/29\/mi-nombramiento-como-embajador-en-espana-no-es-tema-de-partidos-ni-colores-quirino-ordaz\/","og_site_name":"Fuentes Fidedignas","article_publisher":"https:\/\/www.facebook.com\/Fuentes-Fidedignas-368234489921644","article_published_time":"2022-01-29T18:03:56+00:00","article_modified_time":"2022-01-29T18:04:46+00:00","og_image":[{"width":941,"height":628,"url":"https:\/\/fuentesfidedignas.com.mx\/wp-content\/uploads\/2022\/01\/QUIRINO_ORDAZ.jpg","type":"image\/jpeg"}],"author":"Infobae","twitter_card":"summary_large_image","twitter_creator":"@fidedignas","twitter_site":"@fidedignas","twitter_misc":{"Escrito por":"Infobae","Tiempo de lectura":"4 minutos"},"schema":{"@context":"https:\/\/schema.org","@graph":[{"@type":"Article","@id":"https:\/\/fuentesfidedignas.com.mx\/index.php\/2022\/01\/29\/mi-nombramiento-como-embajador-en-espana-no-es-tema-de-partidos-ni-colores-quirino-ordaz\/#article","isPartOf":{"@id":"https:\/\/fuentesfidedignas.com.mx\/index.php\/2022\/01\/29\/mi-nombramiento-como-embajador-en-espana-no-es-tema-de-partidos-ni-colores-quirino-ordaz\/"},"author":{"name":"Infobae","@id":"https:\/\/fuentesfidedignas.com.mx\/#\/schema\/person\/8575896a7c1067d352f6c1cd6582c389"},"headline":"Mi nombramiento como embajador en Espa\u00f1a \u201cno es tema de partidos ni colores\u201d: Quirino Ordaz","datePublished":"2022-01-29T18:03:56+00:00","dateModified":"2022-01-29T18:04:46+00:00","mainEntityOfPage":{"@id":"https:\/\/fuentesfidedignas.com.mx\/index.php\/2022\/01\/29\/mi-nombramiento-como-embajador-en-espana-no-es-tema-de-partidos-ni-colores-quirino-ordaz\/"},"wordCount":809,"commentCount":0,"publisher":{"@id":"https:\/\/fuentesfidedignas.com.mx\/#organization"},"image":{"@id":"https:\/\/fuentesfidedignas.com.mx\/index.php\/2022\/01\/29\/mi-nombramiento-como-embajador-en-espana-no-es-tema-de-partidos-ni-colores-quirino-ordaz\/#primaryimage"},"thumbnailUrl":"https:\/\/fuentesfidedignas.com.mx\/wp-content\/uploads\/2022\/01\/QUIRINO_ORDAZ.jpg","articleSection":["NOTA PRINCIPAL"],"inLanguage":"es","potentialAction":[{"@type":"CommentAction","name":"Comment","target":["https:\/\/fuentesfidedignas.com.mx\/index.php\/2022\/01\/29\/mi-nombramiento-como-embajador-en-espana-no-es-tema-de-partidos-ni-colores-quirino-ordaz\/#respond"]}]},{"@type":"WebPage","@id":"https:\/\/fuentesfidedignas.com.mx\/index.php\/2022\/01\/29\/mi-nombramiento-como-embajador-en-espana-no-es-tema-de-partidos-ni-colores-quirino-ordaz\/","url":"https:\/\/fuentesfidedignas.com.mx\/index.php\/2022\/01\/29\/mi-nombramiento-como-embajador-en-espana-no-es-tema-de-partidos-ni-colores-quirino-ordaz\/","name":"Mi nombramiento como embajador en Espa\u00f1a \u201cno es tema de partidos ni colores\u201d: Quirino Ordaz - Fuentes Fidedignas","isPartOf":{"@id":"https:\/\/fuentesfidedignas.com.mx\/#website"},"primaryImageOfPage":{"@id":"https:\/\/fuentesfidedignas.com.mx\/index.php\/2022\/01\/29\/mi-nombramiento-como-embajador-en-espana-no-es-tema-de-partidos-ni-colores-quirino-ordaz\/#primaryimage"},"image":{"@id":"https:\/\/fuentesfidedignas.com.mx\/index.php\/2022\/01\/29\/mi-nombramiento-como-embajador-en-espana-no-es-tema-de-partidos-ni-colores-quirino-ordaz\/#primaryimage"},"thumbnailUrl":"https:\/\/fuentesfidedignas.com.mx\/wp-content\/uploads\/2022\/01\/QUIRINO_ORDAZ.jpg","datePublished":"2022-01-29T18:03:56+00:00","dateModified":"2022-01-29T18:04:46+00:00","breadcrumb":{"@id":"https:\/\/fuentesfidedignas.com.mx\/index.php\/2022\/01\/29\/mi-nombramiento-como-embajador-en-espana-no-es-tema-de-partidos-ni-colores-quirino-ordaz\/#breadcrumb"},"inLanguage":"es","potentialAction":[{"@type":"ReadAction","target":["https:\/\/fuentesfidedignas.com.mx\/index.php\/2022\/01\/29\/mi-nombramiento-como-embajador-en-espana-no-es-tema-de-partidos-ni-colores-quirino-ordaz\/"]}]},{"@type":"ImageObject","inLanguage":"es","@id":"https:\/\/fuentesfidedignas.com.mx\/index.php\/2022\/01\/29\/mi-nombramiento-como-embajador-en-espana-no-es-tema-de-partidos-ni-colores-quirino-ordaz\/#primaryimage","url":"https:\/\/fuentesfidedignas.com.mx\/wp-content\/uploads\/2022\/01\/QUIRINO_ORDAZ.jpg","contentUrl":"https:\/\/fuentesfidedignas.com.mx\/wp-content\/uploads\/2022\/01\/QUIRINO_ORDAZ.jpg","width":941,"height":628},{"@type":"BreadcrumbList","@id":"https:\/\/fuentesfidedignas.com.mx\/index.php\/2022\/01\/29\/mi-nombramiento-como-embajador-en-espana-no-es-tema-de-partidos-ni-colores-quirino-ordaz\/#breadcrumb","itemListElement":[{"@type":"ListItem","position":1,"name":"Inicio","item":"https:\/\/fuentesfidedignas.com.mx\/"},{"@type":"ListItem","position":2,"name":"Mi nombramiento como embajador en Espa\u00f1a \u201cno es tema de partidos ni colores\u201d: Quirino Ordaz"}]},{"@type":"WebSite","@id":"https:\/\/fuentesfidedignas.com.mx\/#website","url":"https:\/\/fuentesfidedignas.com.mx\/","name":"Fuentes Fidedignas","description":"Otro sitio realizado con WordPress","publisher":{"@id":"https:\/\/fuentesfidedignas.com.mx\/#organization"},"potentialAction":[{"@type":"SearchAction","target":{"@type":"EntryPoint","urlTemplate":"https:\/\/fuentesfidedignas.com.mx\/?s={search_term_string}"},"query-input":{"@type":"PropertyValueSpecification","valueRequired":true,"valueName":"search_term_string"}}],"inLanguage":"es"},{"@type":"Organization","@id":"https:\/\/fuentesfidedignas.com.mx\/#organization","name":"Fuentes Fidedignas","url":"https:\/\/fuentesfidedignas.com.mx\/","logo":{"@type":"ImageObject","inLanguage":"es","@id":"https:\/\/fuentesfidedignas.com.mx\/#\/schema\/logo\/image\/","url":"https:\/\/fuentesfidedignas.com.mx\/wp-content\/uploads\/2021\/04\/logo-retina.png","contentUrl":"https:\/\/fuentesfidedignas.com.mx\/wp-content\/uploads\/2021\/04\/logo-retina.png","width":280,"height":51,"caption":"Fuentes Fidedignas"},"image":{"@id":"https:\/\/fuentesfidedignas.com.mx\/#\/schema\/logo\/image\/"},"sameAs":["https:\/\/www.facebook.com\/Fuentes-Fidedignas-368234489921644","https:\/\/x.com\/fidedignas"]},{"@type":"Person","@id":"https:\/\/fuentesfidedignas.com.mx\/#\/schema\/person\/8575896a7c1067d352f6c1cd6582c389","name":"Infobae","image":{"@type":"ImageObject","inLanguage":"es","@id":"https:\/\/secure.gravatar.com\/avatar\/e4ec95706f8d1670343f6526fdcec45474bab17475a851434a64ca12b5acba1c?s=96&d=mm&r=g","url":"https:\/\/secure.gravatar.com\/avatar\/e4ec95706f8d1670343f6526fdcec45474bab17475a851434a64ca12b5acba1c?s=96&d=mm&r=g","contentUrl":"https:\/\/secure.gravatar.com\/avatar\/e4ec95706f8d1670343f6526fdcec45474bab17475a851434a64ca12b5acba1c?s=96&d=mm&r=g","caption":"Infobae"},"url":"https:\/\/fuentesfidedignas.com.mx\/index.php\/author\/infobae\/"}]}},"_links":{"self":[{"href":"https:\/\/fuentesfidedignas.com.mx\/index.php\/wp-json\/wp\/v2\/posts\/22895","targetHints":{"allow":["GET"]}}],"collection":[{"href":"https:\/\/fuentesfidedignas.com.mx\/index.php\/wp-json\/wp\/v2\/posts"}],"about":[{"href":"https:\/\/fuentesfidedignas.com.mx\/index.php\/wp-json\/wp\/v2\/types\/post"}],"author":[{"embeddable":true,"href":"https:\/\/fuentesfidedignas.com.mx\/index.php\/wp-json\/wp\/v2\/users\/41"}],"replies":[{"embeddable":true,"href":"https:\/\/fuentesfidedignas.com.mx\/index.php\/wp-json\/wp\/v2\/comments?post=22895"}],"version-history":[{"count":2,"href":"https:\/\/fuentesfidedignas.com.mx\/index.php\/wp-json\/wp\/v2\/posts\/22895\/revisions"}],"predecessor-version":[{"id":22898,"href":"https:\/\/fuentesfidedignas.com.mx\/index.php\/wp-json\/wp\/v2\/posts\/22895\/revisions\/22898"}],"wp:featuredmedia":[{"embeddable":true,"href":"https:\/\/fuentesfidedignas.com.mx\/index.php\/wp-json\/wp\/v2\/media\/22896"}],"wp:attachment":[{"href":"https:\/\/fuentesfidedignas.com.mx\/index.php\/wp-json\/wp\/v2\/media?parent=22895"}],"wp:term":[{"taxonomy":"category","embeddable":true,"href":"https:\/\/fuentesfidedignas.com.mx\/index.php\/wp-json\/wp\/v2\/categories?post=22895"},{"taxonomy":"post_tag","embeddable":true,"href":"https:\/\/fuentesfidedignas.com.mx\/index.php\/wp-json\/wp\/v2\/tags?post=22895"}],"curies":[{"name":"wp","href":"https:\/\/api.w.org\/{rel}","templated":true}]}}